{"id":172165,"date":"2012-02-29T16:42:00","date_gmt":"2012-02-29T16:42:00","guid":{"rendered":"https:\/\/www.webdo.tn\/fr\/blog\/avant-de-changer-lhymne-national-changeant-dabord-le-vieux-tahar-hmila\/172165\/"},"modified":"2012-02-29T16:42:00","modified_gmt":"2012-02-29T16:42:00","slug":"avant-de-changer-lhymne-national-changeant-dabord-le-vieux-tahar-hmila","status":"publish","type":"post","link":"https:\/\/www.webdo.tn\/fr\/actualite\/national\/avant-de-changer-lhymne-national-changeant-dabord-le-vieux-tahar-hmila\/172165\/","title":{"rendered":"Avant de changer l&rsquo;hymne national, changeons d&rsquo;abord le vieux Tahar Hmila\u00a0!"},"content":{"rendered":"<p>Au moment o\u00f9 ils devaient se consacrer \u00e0 l\u2019essentiel de leur mission et axer sur les questions pressantes qui pr\u00e9occupent le citoyen, certains d\u00e9put\u00e9s se permettent le luxe de proposer des projets qui n\u2019ont aucune raison d\u2019\u00eatre et ne servent \u00e0 rien sauf \u00e0 semer la brouille dans les esprits et faire perdre encore plus temps \u00e0 la Constituante qui n\u2019a pas l\u2019air d\u2019\u00eatre press\u00e9e. C\u2019est ainsi qu\u2019apr\u00e8s pr\u00e9sentation par Amor Chtioui, d\u00e9put\u00e9 CPR, d\u2019un projet d\u2019institution d\u2019une nouvelle cat\u00e9gorie d\u2019officiers publics, les notaires religieux (fort heureusement rejet\u00e9 par la majorit\u00e9), le d\u00e9put\u00e9 Tahar Hmila, du m\u00eame parti, a propos\u00e9 au cours de la s\u00e9ance d\u2019aujourd\u2019hui de changer l\u2019hymne national. Interrog\u00e9 par MosaiqueFM sur les mobiles de cette proposition, le d\u00e9put\u00e9, \u00e2g\u00e9 de 77, a fait savoir que l\u2019hymne actuel, qui a connu plusieurs versions apr\u00e8s l\u2019ind\u00e9pendance, est d\u00e9pass\u00e9 et qu\u2019il est temps de le remplacer par un nouvel hymne en phase avec la r\u00e9alit\u00e9 post-r\u00e9volutionnaire. L\u2019hymne envisag\u00e9 doit mettre l\u2019accent sur l\u2019avenir et le charme de la vie que sur le sacrifice et le martyr. <\/p>\n<p>C\u2019est la premi\u00e8re fois dans l\u2019histoire de la Tunisie qu\u2019un citoyen ose remettre en cause l\u2019hymne national qui repr\u00e9sente une \u0153uvre monumentale et qui a servi de stimulant pour rassembler le peuple pendant la lutte nationale et lors de la r\u00e9volution du 14 janvier. Ce monument n\u2019est ni une \u0153uvre musicale qui peut ne pas correspondre aux go\u00fbts de certains ni un tube \u00e0 consommer avec mod\u00e9ration et \u00e0 classer dans les oubliettes. Il repr\u00e9sente une partie inali\u00e9nable et int\u00e9grante de notre pass\u00e9 qui traduit des messages fort r\u00e9v\u00e9lateurs sur la force, la volont\u00e9 et le courage d\u2019un peuple capable de relever les d\u00e9fis, de vaincre la peur et d\u2019\u00e9radiquer les injustices. Il symbolise l\u2019attachement \u00e0 la patrie et \u00e0 son identit\u00e9.<\/p>\n<p>Y renoncer comme l\u2019a recommand\u00e9 GHOUNIM qui consid\u00e8re que l\u2019hymne national incarne la m\u00e9cr\u00e9ance et l\u2019insoumission \u00e0 la volont\u00e9 de Dieu est une mani\u00e8re de renoncer \u00e0 une partie de notre histoire glorieuse qui nous a permis de nous d\u00e9barrasser du joug du colonialisme et de conqu\u00e9rir notre dignit\u00e9 apr\u00e8s la r\u00e9volution du 14 janvier. <\/p>\n<p>Du reste, aucun pays au monde ne change son hymne national pour v\u00e9tust\u00e9. La Marseillaise qui a plus de deux si\u00e8cles fait encore et toujours la fiert\u00e9 des Fran\u00e7ais si bien que lorsqu\u2019elle a \u00e9t\u00e9 hu\u00e9e lors d\u2019une partie de football, les officiels sont intervenus pour condamner le non respect de leur patrie. Chez nous, Mr Hamila qui a vu le jour bien avant l&rsquo;adoption de l&rsquo;hymne national, trouve qu&rsquo;il ne fait plus l\u2019affaire, car il a trop vieilli.<\/p>\n","protected":false},"excerpt":{"rendered":"<p>Avant de changer l&rsquo;hymne national, changeons d&rsquo;abord le vieux Tahar Hmila\u00a0!<\/p>\n","protected":false},"author":3222,"featured_media":333732,"comment_status":"open","ping_status":"closed","sticky":false,"template":"","format":"standard","meta":{"footnotes":""},"categories":[44],"tags":[2600],"class_list":["post-172165","post","type-post","status-publish","format-standard","has-post-thumbnail","hentry","category-national","tag-guerre"],"yoast_head":"<!-- This site is optimized with the Yoast SEO Premium plugin v27.5 (Yoast SEO v27.5) - https:\/\/yoast.com\/product\/yoast-seo-premium-wordpress\/ -->\n<title>Avant de changer l&#039;hymne national, changeons d&#039;abord le vieux Tahar Hmila\u00a0!<\/title>\n<meta name=\"description\" content=\"Avant de changer l&#039;hymne national, changeons d&#039;abord le vieux Tahar Hmila\u00a0!\" \/>\n<link rel=\"canonical\" href=\"https:\/\/www.webdo.tn\/fr\/actualite\/national-45\/avant-de-changer-lhymne-national-changeant-dabord-le-vieux-tahar-hmila\/172165\/\" \/>\n<meta property=\"og:locale\" content=\"fr_FR\" \/>\n<meta property=\"og:type\" content=\"article\" \/>\n<meta property=\"og:title\" content=\"Avant de changer l&#039;hymne national, changeons d&#039;abord le vieux Tahar Hmila\u00a0!\" \/>\n<meta property=\"og:description\" content=\"Avant de changer l&#039;hymne national, changeons d&#039;abord le vieux Tahar Hmila\u00a0!\" \/>\n<meta property=\"og:url\" content=\"https:\/\/www.webdo.tn\/fr\/actualite\/national-45\/avant-de-changer-lhymne-national-changeant-dabord-le-vieux-tahar-hmila\/172165\/\" \/>\n<meta property=\"og:site_name\" content=\"webdo\" \/>\n<meta property=\"article:publisher\" content=\"https:\/\/www.facebook.com\/webdotn\" \/>\n<meta property=\"article:published_time\" content=\"2012-02-29T16:42:00+00:00\" \/>\n<meta property=\"og:image\" content=\"https:\/\/www.webdo.tn\/fr\/wp-content\/uploads\/2012\/02\/Tahar-Hmila.jpg\" \/>\n\t<meta property=\"og:image:width\" content=\"259\" \/>\n\t<meta property=\"og:image:height\" content=\"238\" \/>\n\t<meta property=\"og:image:type\" content=\"image\/jpeg\" \/>\n<meta name=\"author\" content=\"webdo.tn\" \/>\n<meta name=\"twitter:card\" content=\"summary_large_image\" \/>\n<meta name=\"twitter:creator\" content=\"@webdo_tn\" \/>\n<meta name=\"twitter:site\" content=\"@webdo_tn\" \/>\n<meta name=\"twitter:label1\" content=\"\u00c9crit par\" \/>\n\t<meta name=\"twitter:data1\" content=\"webdo.tn\" \/>\n\t<meta name=\"twitter:label2\" content=\"Dur\u00e9e de lecture estim\u00e9e\" \/>\n\t<meta name=\"twitter:data2\" content=\"2 minutes\" \/>\n<script type=\"application\/ld+json\" class=\"yoast-schema-graph\">{\"@context\":\"https:\\\/\\\/schema.org\",\"@graph\":[{\"@type\":\"NewsArticle\",\"@id\":\"https:\\\/\\\/www.webdo.tn\\\/fr\\\/actualite\\\/national-45\\\/avant-de-changer-lhymne-national-changeant-dabord-le-vieux-tahar-hmila\\\/172165\\\/#article\",\"isPartOf\":{\"@id\":\"https:\\\/\\\/www.webdo.tn\\\/fr\\\/actualite\\\/national-45\\\/avant-de-changer-lhymne-national-changeant-dabord-le-vieux-tahar-hmila\\\/172165\\\/\"},\"author\":{\"name\":\"webdo.tn\",\"@id\":\"https:\\\/\\\/www.webdo.tn\\\/fr\\\/#\\\/schema\\\/person\\\/9a9c6118d687c117df8ef3cc36a4d175\"},\"headline\":\"Avant de changer l&rsquo;hymne national, changeons d&rsquo;abord le vieux Tahar Hmila\u00a0!\",\"datePublished\":\"2012-02-29T16:42:00+00:00\",\"mainEntityOfPage\":{\"@id\":\"https:\\\/\\\/www.webdo.tn\\\/fr\\\/actualite\\\/national-45\\\/avant-de-changer-lhymne-national-changeant-dabord-le-vieux-tahar-hmila\\\/172165\\\/\"},\"wordCount\":510,\"commentCount\":0,\"publisher\":{\"@id\":\"https:\\\/\\\/www.webdo.tn\\\/fr\\\/#organization\"},\"image\":{\"@id\":\"https:\\\/\\\/www.webdo.tn\\\/fr\\\/actualite\\\/national-45\\\/avant-de-changer-lhymne-national-changeant-dabord-le-vieux-tahar-hmila\\\/172165\\\/#primaryimage\"},\"thumbnailUrl\":\"https:\\\/\\\/www.webdo.tn\\\/fr\\\/wp-content\\\/uploads\\\/2012\\\/02\\\/Tahar-Hmila.jpg\",\"keywords\":[\"guerre\"],\"articleSection\":[\"National\"],\"inLanguage\":\"fr-FR\"},{\"@type\":\"WebPage\",\"@id\":\"https:\\\/\\\/www.webdo.tn\\\/fr\\\/actualite\\\/national-45\\\/avant-de-changer-lhymne-national-changeant-dabord-le-vieux-tahar-hmila\\\/172165\\\/\",\"url\":\"https:\\\/\\\/www.webdo.tn\\\/fr\\\/actualite\\\/national-45\\\/avant-de-changer-lhymne-national-changeant-dabord-le-vieux-tahar-hmila\\\/172165\\\/\",\"name\":\"Avant de changer l'hymne national, changeons d'abord le vieux Tahar Hmila\u00a0!\",\"isPartOf\":{\"@id\":\"https:\\\/\\\/www.webdo.tn\\\/fr\\\/#website\"},\"primaryImageOfPage\":{\"@id\":\"https:\\\/\\\/www.webdo.tn\\\/fr\\\/actualite\\\/national-45\\\/avant-de-changer-lhymne-national-changeant-dabord-le-vieux-tahar-hmila\\\/172165\\\/#primaryimage\"},\"image\":{\"@id\":\"https:\\\/\\\/www.webdo.tn\\\/fr\\\/actualite\\\/national-45\\\/avant-de-changer-lhymne-national-changeant-dabord-le-vieux-tahar-hmila\\\/172165\\\/#primaryimage\"},\"thumbnailUrl\":\"https:\\\/\\\/www.webdo.tn\\\/fr\\\/wp-content\\\/uploads\\\/2012\\\/02\\\/Tahar-Hmila.jpg\",\"datePublished\":\"2012-02-29T16:42:00+00:00\",\"description\":\"Avant de changer l'hymne national, changeons d'abord le vieux Tahar Hmila\u00a0!\",\"breadcrumb\":{\"@id\":\"https:\\\/\\\/www.webdo.tn\\\/fr\\\/actualite\\\/national-45\\\/avant-de-changer-lhymne-national-changeant-dabord-le-vieux-tahar-hmila\\\/172165\\\/#breadcrumb\"},\"inLanguage\":\"fr-FR\",\"potentialAction\":[{\"@type\":\"ReadAction\",\"target\":[\"https:\\\/\\\/www.webdo.tn\\\/fr\\\/actualite\\\/national-45\\\/avant-de-changer-lhymne-national-changeant-dabord-le-vieux-tahar-hmila\\\/172165\\\/\"]}]},{\"@type\":\"ImageObject\",\"inLanguage\":\"fr-FR\",\"@id\":\"https:\\\/\\\/www.webdo.tn\\\/fr\\\/actualite\\\/national-45\\\/avant-de-changer-lhymne-national-changeant-dabord-le-vieux-tahar-hmila\\\/172165\\\/#primaryimage\",\"url\":\"https:\\\/\\\/www.webdo.tn\\\/fr\\\/wp-content\\\/uploads\\\/2012\\\/02\\\/Tahar-Hmila.jpg\",\"contentUrl\":\"https:\\\/\\\/www.webdo.tn\\\/fr\\\/wp-content\\\/uploads\\\/2012\\\/02\\\/Tahar-Hmila.jpg\",\"width\":259,\"height\":238,\"caption\":\"Avant de changer l'hymne national, changeons d'abord le vieux Tahar Hmila\u00a0!\"},{\"@type\":\"BreadcrumbList\",\"@id\":\"https:\\\/\\\/www.webdo.tn\\\/fr\\\/actualite\\\/national-45\\\/avant-de-changer-lhymne-national-changeant-dabord-le-vieux-tahar-hmila\\\/172165\\\/#breadcrumb\",\"itemListElement\":[{\"@type\":\"ListItem\",\"position\":1,\"name\":\"Accueil\",\"item\":\"https:\\\/\\\/www.webdo.tn\\\/fr\\\/\"},{\"@type\":\"ListItem\",\"position\":2,\"name\":\"Avant de changer l&rsquo;hymne national, changeons d&rsquo;abord le vieux Tahar Hmila\u00a0!\"}]},{\"@type\":\"WebSite\",\"@id\":\"https:\\\/\\\/www.webdo.tn\\\/fr\\\/#website\",\"url\":\"https:\\\/\\\/www.webdo.tn\\\/fr\\\/\",\"name\":\"webdo\",\"description\":\"Tunisie - News en Tunisie et \u00e0 l&#039;international sur Webdo.tn\",\"publisher\":{\"@id\":\"https:\\\/\\\/www.webdo.tn\\\/fr\\\/#organization\"},\"potentialAction\":[{\"@type\":\"SearchAction\",\"target\":{\"@type\":\"EntryPoint\",\"urlTemplate\":\"https:\\\/\\\/www.webdo.tn\\\/fr\\\/?s={search_term_string}\"},\"query-input\":{\"@type\":\"PropertyValueSpecification\",\"valueRequired\":true,\"valueName\":\"search_term_string\"}}],\"inLanguage\":\"fr-FR\"},{\"@type\":\"Organization\",\"@id\":\"https:\\\/\\\/www.webdo.tn\\\/fr\\\/#organization\",\"name\":\"Webdo\",\"alternateName\":\"Webdo.tn\",\"url\":\"https:\\\/\\\/www.webdo.tn\\\/fr\\\/\",\"logo\":{\"@type\":\"ImageObject\",\"inLanguage\":\"fr-FR\",\"@id\":\"https:\\\/\\\/www.webdo.tn\\\/fr\\\/#\\\/schema\\\/logo\\\/image\\\/\",\"url\":\"https:\\\/\\\/www.webdo.tn\\\/fr\\\/wp-content\\\/uploads\\\/2025\\\/06\\\/Webdo-Tunisie_168377.jpg\",\"contentUrl\":\"https:\\\/\\\/www.webdo.tn\\\/fr\\\/wp-content\\\/uploads\\\/2025\\\/06\\\/Webdo-Tunisie_168377.jpg\",\"width\":301,\"height\":301,\"caption\":\"Webdo\"},\"image\":{\"@id\":\"https:\\\/\\\/www.webdo.tn\\\/fr\\\/#\\\/schema\\\/logo\\\/image\\\/\"},\"sameAs\":[\"https:\\\/\\\/www.facebook.com\\\/webdotn\",\"https:\\\/\\\/x.com\\\/webdo_tn\"],\"description\":\"Webdo est un m\u00e9dia num\u00e9rique tunisien fond\u00e9 en 2010, sp\u00e9cialis\u00e9 dans l\u2019actualit\u00e9 nationale et internationale, l\u2019\u00e9conomie, la soci\u00e9t\u00e9 et les analyses politiques. Le site s\u2019adresse \u00e0 un large public francophone et couvre l\u2019information tunisienne en temps r\u00e9el.\",\"email\":\"redac@webdo.tn\",\"legalName\":\"YNJ SARL\",\"foundingDate\":\"2010-09-06\",\"numberOfEmployees\":{\"@type\":\"QuantitativeValue\",\"minValue\":\"11\",\"maxValue\":\"50\"}},{\"@type\":\"Person\",\"@id\":\"https:\\\/\\\/www.webdo.tn\\\/fr\\\/#\\\/schema\\\/person\\\/9a9c6118d687c117df8ef3cc36a4d175\",\"name\":\"webdo.tn\",\"image\":{\"@type\":\"ImageObject\",\"inLanguage\":\"fr-FR\",\"@id\":\"https:\\\/\\\/secure.gravatar.com\\\/avatar\\\/7ce1f28c0c3bbac99ff550b85ef8e44a6950c6ee24514fb6a5489e51d06f0298?s=96&d=mm&r=g\",\"url\":\"https:\\\/\\\/secure.gravatar.com\\\/avatar\\\/7ce1f28c0c3bbac99ff550b85ef8e44a6950c6ee24514fb6a5489e51d06f0298?s=96&d=mm&r=g\",\"contentUrl\":\"https:\\\/\\\/secure.gravatar.com\\\/avatar\\\/7ce1f28c0c3bbac99ff550b85ef8e44a6950c6ee24514fb6a5489e51d06f0298?s=96&d=mm&r=g\",\"caption\":\"webdo.tn\"},\"url\":\"https:\\\/\\\/www.webdo.tn\\\/fr\\\/actualite\\\/author\\\/webdotn\\\/\"}]}<\/script>\n<!-- \/ Yoast SEO Premium plugin. -->","yoast_head_json":{"title":"Avant de changer l'hymne national, changeons d'abord le vieux Tahar Hmila\u00a0!","description":"Avant de changer l'hymne national, changeons d'abord le vieux Tahar Hmila\u00a0!","canonical":"https:\/\/www.webdo.tn\/fr\/actualite\/national-45\/avant-de-changer-lhymne-national-changeant-dabord-le-vieux-tahar-hmila\/172165\/","og_locale":"fr_FR","og_type":"article","og_title":"Avant de changer l'hymne national, changeons d'abord le vieux Tahar Hmila\u00a0!","og_description":"Avant de changer l'hymne national, changeons d'abord le vieux Tahar Hmila\u00a0!","og_url":"https:\/\/www.webdo.tn\/fr\/actualite\/national-45\/avant-de-changer-lhymne-national-changeant-dabord-le-vieux-tahar-hmila\/172165\/","og_site_name":"webdo","article_publisher":"https:\/\/www.facebook.com\/webdotn","article_published_time":"2012-02-29T16:42:00+00:00","og_image":[{"width":259,"height":238,"url":"https:\/\/www.webdo.tn\/fr\/wp-content\/uploads\/2012\/02\/Tahar-Hmila.jpg","type":"image\/jpeg"}],"author":"webdo.tn","twitter_card":"summary_large_image","twitter_creator":"@webdo_tn","twitter_site":"@webdo_tn","twitter_misc":{"\u00c9crit par":"webdo.tn","Dur\u00e9e de lecture estim\u00e9e":"2 minutes"},"schema":{"@context":"https:\/\/schema.org","@graph":[{"@type":"NewsArticle","@id":"https:\/\/www.webdo.tn\/fr\/actualite\/national-45\/avant-de-changer-lhymne-national-changeant-dabord-le-vieux-tahar-hmila\/172165\/#article","isPartOf":{"@id":"https:\/\/www.webdo.tn\/fr\/actualite\/national-45\/avant-de-changer-lhymne-national-changeant-dabord-le-vieux-tahar-hmila\/172165\/"},"author":{"name":"webdo.tn","@id":"https:\/\/www.webdo.tn\/fr\/#\/schema\/person\/9a9c6118d687c117df8ef3cc36a4d175"},"headline":"Avant de changer l&rsquo;hymne national, changeons d&rsquo;abord le vieux Tahar Hmila\u00a0!","datePublished":"2012-02-29T16:42:00+00:00","mainEntityOfPage":{"@id":"https:\/\/www.webdo.tn\/fr\/actualite\/national-45\/avant-de-changer-lhymne-national-changeant-dabord-le-vieux-tahar-hmila\/172165\/"},"wordCount":510,"commentCount":0,"publisher":{"@id":"https:\/\/www.webdo.tn\/fr\/#organization"},"image":{"@id":"https:\/\/www.webdo.tn\/fr\/actualite\/national-45\/avant-de-changer-lhymne-national-changeant-dabord-le-vieux-tahar-hmila\/172165\/#primaryimage"},"thumbnailUrl":"https:\/\/www.webdo.tn\/fr\/wp-content\/uploads\/2012\/02\/Tahar-Hmila.jpg","keywords":["guerre"],"articleSection":["National"],"inLanguage":"fr-FR"},{"@type":"WebPage","@id":"https:\/\/www.webdo.tn\/fr\/actualite\/national-45\/avant-de-changer-lhymne-national-changeant-dabord-le-vieux-tahar-hmila\/172165\/","url":"https:\/\/www.webdo.tn\/fr\/actualite\/national-45\/avant-de-changer-lhymne-national-changeant-dabord-le-vieux-tahar-hmila\/172165\/","name":"Avant de changer l'hymne national, changeons d'abord le vieux Tahar Hmila\u00a0!","isPartOf":{"@id":"https:\/\/www.webdo.tn\/fr\/#website"},"primaryImageOfPage":{"@id":"https:\/\/www.webdo.tn\/fr\/actualite\/national-45\/avant-de-changer-lhymne-national-changeant-dabord-le-vieux-tahar-hmila\/172165\/#primaryimage"},"image":{"@id":"https:\/\/www.webdo.tn\/fr\/actualite\/national-45\/avant-de-changer-lhymne-national-changeant-dabord-le-vieux-tahar-hmila\/172165\/#primaryimage"},"thumbnailUrl":"https:\/\/www.webdo.tn\/fr\/wp-content\/uploads\/2012\/02\/Tahar-Hmila.jpg","datePublished":"2012-02-29T16:42:00+00:00","description":"Avant de changer l'hymne national, changeons d'abord le vieux Tahar Hmila\u00a0!","breadcrumb":{"@id":"https:\/\/www.webdo.tn\/fr\/actualite\/national-45\/avant-de-changer-lhymne-national-changeant-dabord-le-vieux-tahar-hmila\/172165\/#breadcrumb"},"inLanguage":"fr-FR","potentialAction":[{"@type":"ReadAction","target":["https:\/\/www.webdo.tn\/fr\/actualite\/national-45\/avant-de-changer-lhymne-national-changeant-dabord-le-vieux-tahar-hmila\/172165\/"]}]},{"@type":"ImageObject","inLanguage":"fr-FR","@id":"https:\/\/www.webdo.tn\/fr\/actualite\/national-45\/avant-de-changer-lhymne-national-changeant-dabord-le-vieux-tahar-hmila\/172165\/#primaryimage","url":"https:\/\/www.webdo.tn\/fr\/wp-content\/uploads\/2012\/02\/Tahar-Hmila.jpg","contentUrl":"https:\/\/www.webdo.tn\/fr\/wp-content\/uploads\/2012\/02\/Tahar-Hmila.jpg","width":259,"height":238,"caption":"Avant de changer l'hymne national, changeons d'abord le vieux Tahar Hmila\u00a0!"},{"@type":"BreadcrumbList","@id":"https:\/\/www.webdo.tn\/fr\/actualite\/national-45\/avant-de-changer-lhymne-national-changeant-dabord-le-vieux-tahar-hmila\/172165\/#breadcrumb","itemListElement":[{"@type":"ListItem","position":1,"name":"Accueil","item":"https:\/\/www.webdo.tn\/fr\/"},{"@type":"ListItem","position":2,"name":"Avant de changer l&rsquo;hymne national, changeons d&rsquo;abord le vieux Tahar Hmila\u00a0!"}]},{"@type":"WebSite","@id":"https:\/\/www.webdo.tn\/fr\/#website","url":"https:\/\/www.webdo.tn\/fr\/","name":"webdo","description":"Tunisie - News en Tunisie et \u00e0 l&#039;international sur Webdo.tn","publisher":{"@id":"https:\/\/www.webdo.tn\/fr\/#organization"},"potentialAction":[{"@type":"SearchAction","target":{"@type":"EntryPoint","urlTemplate":"https:\/\/www.webdo.tn\/fr\/?s={search_term_string}"},"query-input":{"@type":"PropertyValueSpecification","valueRequired":true,"valueName":"search_term_string"}}],"inLanguage":"fr-FR"},{"@type":"Organization","@id":"https:\/\/www.webdo.tn\/fr\/#organization","name":"Webdo","alternateName":"Webdo.tn","url":"https:\/\/www.webdo.tn\/fr\/","logo":{"@type":"ImageObject","inLanguage":"fr-FR","@id":"https:\/\/www.webdo.tn\/fr\/#\/schema\/logo\/image\/","url":"https:\/\/www.webdo.tn\/fr\/wp-content\/uploads\/2025\/06\/Webdo-Tunisie_168377.jpg","contentUrl":"https:\/\/www.webdo.tn\/fr\/wp-content\/uploads\/2025\/06\/Webdo-Tunisie_168377.jpg","width":301,"height":301,"caption":"Webdo"},"image":{"@id":"https:\/\/www.webdo.tn\/fr\/#\/schema\/logo\/image\/"},"sameAs":["https:\/\/www.facebook.com\/webdotn","https:\/\/x.com\/webdo_tn"],"description":"Webdo est un m\u00e9dia num\u00e9rique tunisien fond\u00e9 en 2010, sp\u00e9cialis\u00e9 dans l\u2019actualit\u00e9 nationale et internationale, l\u2019\u00e9conomie, la soci\u00e9t\u00e9 et les analyses politiques. Le site s\u2019adresse \u00e0 un large public francophone et couvre l\u2019information tunisienne en temps r\u00e9el.","email":"redac@webdo.tn","legalName":"YNJ SARL","foundingDate":"2010-09-06","numberOfEmployees":{"@type":"QuantitativeValue","minValue":"11","maxValue":"50"}},{"@type":"Person","@id":"https:\/\/www.webdo.tn\/fr\/#\/schema\/person\/9a9c6118d687c117df8ef3cc36a4d175","name":"webdo.tn","image":{"@type":"ImageObject","inLanguage":"fr-FR","@id":"https:\/\/secure.gravatar.com\/avatar\/7ce1f28c0c3bbac99ff550b85ef8e44a6950c6ee24514fb6a5489e51d06f0298?s=96&d=mm&r=g","url":"https:\/\/secure.gravatar.com\/avatar\/7ce1f28c0c3bbac99ff550b85ef8e44a6950c6ee24514fb6a5489e51d06f0298?s=96&d=mm&r=g","contentUrl":"https:\/\/secure.gravatar.com\/avatar\/7ce1f28c0c3bbac99ff550b85ef8e44a6950c6ee24514fb6a5489e51d06f0298?s=96&d=mm&r=g","caption":"webdo.tn"},"url":"https:\/\/www.webdo.tn\/fr\/actualite\/author\/webdotn\/"}]}},"_links":{"self":[{"href":"https:\/\/www.webdo.tn\/fr\/wp-json\/wp\/v2\/posts\/172165","targetHints":{"allow":["GET"]}}],"collection":[{"href":"https:\/\/www.webdo.tn\/fr\/wp-json\/wp\/v2\/posts"}],"about":[{"href":"https:\/\/www.webdo.tn\/fr\/wp-json\/wp\/v2\/types\/post"}],"author":[{"embeddable":true,"href":"https:\/\/www.webdo.tn\/fr\/wp-json\/wp\/v2\/users\/3222"}],"replies":[{"embeddable":true,"href":"https:\/\/www.webdo.tn\/fr\/wp-json\/wp\/v2\/comments?post=172165"}],"version-history":[{"count":0,"href":"https:\/\/www.webdo.tn\/fr\/wp-json\/wp\/v2\/posts\/172165\/revisions"}],"wp:featuredmedia":[{"embeddable":true,"href":"https:\/\/www.webdo.tn\/fr\/wp-json\/wp\/v2\/media\/333732"}],"wp:attachment":[{"href":"https:\/\/www.webdo.tn\/fr\/wp-json\/wp\/v2\/media?parent=172165"}],"wp:term":[{"taxonomy":"category","embeddable":true,"href":"https:\/\/www.webdo.tn\/fr\/wp-json\/wp\/v2\/categories?post=172165"},{"taxonomy":"post_tag","embeddable":true,"href":"https:\/\/www.webdo.tn\/fr\/wp-json\/wp\/v2\/tags?post=172165"}],"curies":[{"name":"wp","href":"https:\/\/api.w.org\/{rel}","templated":true}]}}