{"id":172164,"date":"2012-03-01T10:51:00","date_gmt":"2012-03-01T10:51:00","guid":{"rendered":"https:\/\/www.webdo.tn\/fr\/blog\/pour-la-liberte-de-la-presse-au-corps-a-corps-avec-la-securite-presidentielle\/172164\/"},"modified":"2012-03-01T10:51:00","modified_gmt":"2012-03-01T10:51:00","slug":"pour-la-liberte-de-la-presse-au-corps-a-corps-avec-la-securite-presidentielle","status":"publish","type":"post","link":"https:\/\/www.webdo.tn\/fr\/actualite\/national\/pour-la-liberte-de-la-presse-au-corps-a-corps-avec-la-securite-presidentielle\/172164\/","title":{"rendered":"Pour la libert\u00e9 de la presse, au corps-\u00e0-corps avec la s\u00e9curit\u00e9 pr\u00e9sidentielle"},"content":{"rendered":"<p>Au centre de cette photographie, en tenue claire, Abdelfattah Bela\u00efd. Ce photographe, dont les reportages ont fait en janvier 2011 les \u00ab unes \u00bb de la grande presse internationale est sur ce clich\u00e9 aux prises avec les agents de la s\u00e9curit\u00e9 pr\u00e9sidentielle.<\/p>\n<p>Ce clich\u00e9 pris sur le tarmac de l\u2019a\u00e9roport Tunis Carthage par Mohamed El Hammi repr\u00e9sente un corps-\u00e0-corps entre les gardes de la piste r\u00e9serv\u00e9e aux VIP et un photographe dans l\u2019exercice de ses fonctions.<\/p>\n<p>La photographie a \u00e9t\u00e9 prise lors de l\u2019une des visites de Mahmoud Abb\u00e9s en Tunisie et illustre bien le combat quotidien des journalistes pour aller au plus pr\u00e8s de l\u2019\u00e9v\u00e8nement.<\/p>\n<p>Abdelfattah Bela\u00efd et Mohamed El Hammi travaillent respectivement pour l\u2019agence AFP et l\u2019agence EPA ainsi que pour des quotidiens tunisiens comme La Presse ou Le Maghreb.<\/p>\n<p>Ils ont \u00e9t\u00e9 probablement les seuls photographes tunisiens \u00e0 couvrir la r\u00e9volution depuis ses premiers soubresauts \u00e0 Sidi Bouzid, Regueb et Menzel Bouza\u00efne. Prenant des risques \u00e9normes, ils avaient alors \u00e9t\u00e9 soutenus par les populations locales et \u00e9taient parvenus \u00e0 contourner la censure et exfiltrer leurs photos.<\/p>\n<p>Signe de leur pr\u00e9sence aux avant-postes, le photographe Lucas Dolega (EPA) est tomb\u00e9 sous les yeux de Mohamed El Hammi, le 14 janvier 2011 \u00e0 Tunis. Il\u00a0d\u00e9c\u00e9dera\u00a0le 17 janvier suite \u00e0 sa blessure \u00e0 la t\u00eate par un tir de bombe\u00a0lacrymog\u00e8ne.<\/p>\n<p>Les photos de Bela\u00efd et El Hammi ont ensuite \u00e9t\u00e9 reprises par tous les grands quotidiens internationaux.<\/p>\n<p>Les internautes s\u2019\u00e9taient aussi empar\u00e9s de leurs photos pour leur donner une diffusion populaire via Facebook et Twitter.<\/p>\n<p>Au final, les photos de ces deux reporters auront contribu\u00e9 \u00e0 la r\u00e9volution tunisienne, et ce, de mani\u00e8re \u00e9vidente.<\/p>\n<p>Deux remarques s\u2019imposent d\u00e8s lors.<\/p>\n<p>La premi\u00e8re saute aux yeux. La r\u00e9volution tunisienne a \u00e9t\u00e9 essentiellement couverte par des photographes tunisiens. Ce qui n\u2019est pas le cas des autres pays du printemps arabe.<\/p>\n<p>La seconde remarque concerne le statut des reporters photo. Malgr\u00e9 leur engagement et leur ind\u00e9niable efficacit\u00e9, ils n\u2019ont pas b\u00e9n\u00e9fici\u00e9 d\u2019une large reconnaissance.<\/p>\n<p>Gageons que ce dernier point sera \u00e0 l\u2019ordre du jour de la prochaine r\u00e9union sur la libert\u00e9 de la presse organis\u00e9e par l\u2019UNESCO \u00e0 Tunis en mai prochain.<\/p>\n<p>Car, sans aucun doute, ce sont les reporters photographes qui, en Tunisie, ont \u00e9t\u00e9 les premiers \u00e0 d\u00e9fricher les chemins de la libert\u00e9 de la presse.<\/p>\n<p>Hommage donc \u00e0 Bela\u00efd et El Hammi pour leur combat permanent. En attendant une reconnaissance plus nette de la part des institutions\u2026<\/p>\n<p>P.S : Le magazine L\u2019Express a consacr\u00e9 un num\u00e9ro sp\u00e9cial aux photographes de la r\u00e9volution tunisienne. Bela\u00efd et El Hammi y figurent en bonne place aux c\u00f4t\u00e9s de Zohra Bensemra (Reuters) ou Fred Dufour (AFP).<\/p>\n","protected":false},"excerpt":{"rendered":"<p>Pour la libert\u00e9 de la presse, au corps-\u00e0-corps avec la s\u00e9curit\u00e9 pr\u00e9sidentielle<\/p>\n","protected":false},"author":3222,"featured_media":374484,"comment_status":"open","ping_status":"closed","sticky":false,"template":"","format":"standard","meta":{"footnotes":""},"categories":[44],"tags":[2600],"class_list":["post-172164","post","type-post","status-publish","format-standard","has-post-thumbnail","hentry","category-national","tag-guerre"],"yoast_head":"<!-- This site is optimized with the Yoast SEO Premium plugin v27.5 (Yoast SEO v27.5) - https:\/\/yoast.com\/product\/yoast-seo-premium-wordpress\/ -->\n<title>Pour la libert\u00e9 de la presse, au corps-\u00e0-corps avec la s\u00e9curit\u00e9 pr\u00e9sidentielle<\/title>\n<meta name=\"description\" content=\"Pour la libert\u00e9 de la presse, au corps-\u00e0-corps avec la s\u00e9curit\u00e9 pr\u00e9sidentielle\" \/>\n<link rel=\"canonical\" href=\"https:\/\/www.webdo.tn\/fr\/actualite\/national-45\/pour-la-liberte-de-la-presse-au-corps-a-corps-avec-la-securite-presidentielle\/172164\/\" \/>\n<meta property=\"og:locale\" content=\"fr_FR\" \/>\n<meta property=\"og:type\" content=\"article\" \/>\n<meta property=\"og:title\" content=\"Pour la libert\u00e9 de la presse, au corps-\u00e0-corps avec la s\u00e9curit\u00e9 pr\u00e9sidentielle\" \/>\n<meta property=\"og:description\" content=\"Pour la libert\u00e9 de la presse, au corps-\u00e0-corps avec la s\u00e9curit\u00e9 pr\u00e9sidentielle\" \/>\n<meta property=\"og:url\" content=\"https:\/\/www.webdo.tn\/fr\/actualite\/national-45\/pour-la-liberte-de-la-presse-au-corps-a-corps-avec-la-securite-presidentielle\/172164\/\" \/>\n<meta property=\"og:site_name\" content=\"webdo\" \/>\n<meta property=\"article:publisher\" content=\"https:\/\/www.facebook.com\/webdotn\" \/>\n<meta property=\"article:published_time\" content=\"2012-03-01T10:51:00+00:00\" \/>\n<meta name=\"author\" content=\"webdo.tn\" \/>\n<meta name=\"twitter:card\" content=\"summary_large_image\" \/>\n<meta name=\"twitter:creator\" content=\"@webdo_tn\" \/>\n<meta name=\"twitter:site\" content=\"@webdo_tn\" \/>\n<meta name=\"twitter:label1\" content=\"\u00c9crit par\" \/>\n\t<meta name=\"twitter:data1\" content=\"webdo.tn\" \/>\n\t<meta name=\"twitter:label2\" content=\"Dur\u00e9e de lecture estim\u00e9e\" \/>\n\t<meta name=\"twitter:data2\" content=\"2 minutes\" \/>\n<script type=\"application\/ld+json\" class=\"yoast-schema-graph\">{\"@context\":\"https:\\\/\\\/schema.org\",\"@graph\":[{\"@type\":\"NewsArticle\",\"@id\":\"https:\\\/\\\/www.webdo.tn\\\/fr\\\/actualite\\\/national-45\\\/pour-la-liberte-de-la-presse-au-corps-a-corps-avec-la-securite-presidentielle\\\/172164\\\/#article\",\"isPartOf\":{\"@id\":\"https:\\\/\\\/www.webdo.tn\\\/fr\\\/actualite\\\/national-45\\\/pour-la-liberte-de-la-presse-au-corps-a-corps-avec-la-securite-presidentielle\\\/172164\\\/\"},\"author\":{\"name\":\"webdo.tn\",\"@id\":\"https:\\\/\\\/www.webdo.tn\\\/fr\\\/#\\\/schema\\\/person\\\/9a9c6118d687c117df8ef3cc36a4d175\"},\"headline\":\"Pour la libert\u00e9 de la presse, au corps-\u00e0-corps avec la s\u00e9curit\u00e9 pr\u00e9sidentielle\",\"datePublished\":\"2012-03-01T10:51:00+00:00\",\"mainEntityOfPage\":{\"@id\":\"https:\\\/\\\/www.webdo.tn\\\/fr\\\/actualite\\\/national-45\\\/pour-la-liberte-de-la-presse-au-corps-a-corps-avec-la-securite-presidentielle\\\/172164\\\/\"},\"wordCount\":495,\"commentCount\":0,\"publisher\":{\"@id\":\"https:\\\/\\\/www.webdo.tn\\\/fr\\\/#organization\"},\"image\":{\"@id\":\"https:\\\/\\\/www.webdo.tn\\\/fr\\\/actualite\\\/national-45\\\/pour-la-liberte-de-la-presse-au-corps-a-corps-avec-la-securite-presidentielle\\\/172164\\\/#primaryimage\"},\"thumbnailUrl\":\"https:\\\/\\\/www.webdo.tn\\\/fr\\\/wp-content\\\/uploads\\\/2025\\\/06\\\/Abdelfattah-Belaid-corps-a-corps-avec-les-gardes-de-la-piste-reservee-aux-VIP-lors-de-lune-des-visites-de-Mahmoud-Abbes-en-Tunisie-photo-Mohamed-El-Hammi_172164.jpg\",\"keywords\":[\"guerre\"],\"articleSection\":[\"National\"],\"inLanguage\":\"fr-FR\"},{\"@type\":\"WebPage\",\"@id\":\"https:\\\/\\\/www.webdo.tn\\\/fr\\\/actualite\\\/national-45\\\/pour-la-liberte-de-la-presse-au-corps-a-corps-avec-la-securite-presidentielle\\\/172164\\\/\",\"url\":\"https:\\\/\\\/www.webdo.tn\\\/fr\\\/actualite\\\/national-45\\\/pour-la-liberte-de-la-presse-au-corps-a-corps-avec-la-securite-presidentielle\\\/172164\\\/\",\"name\":\"Pour la libert\u00e9 de la presse, au corps-\u00e0-corps avec la s\u00e9curit\u00e9 pr\u00e9sidentielle\",\"isPartOf\":{\"@id\":\"https:\\\/\\\/www.webdo.tn\\\/fr\\\/#website\"},\"primaryImageOfPage\":{\"@id\":\"https:\\\/\\\/www.webdo.tn\\\/fr\\\/actualite\\\/national-45\\\/pour-la-liberte-de-la-presse-au-corps-a-corps-avec-la-securite-presidentielle\\\/172164\\\/#primaryimage\"},\"image\":{\"@id\":\"https:\\\/\\\/www.webdo.tn\\\/fr\\\/actualite\\\/national-45\\\/pour-la-liberte-de-la-presse-au-corps-a-corps-avec-la-securite-presidentielle\\\/172164\\\/#primaryimage\"},\"thumbnailUrl\":\"https:\\\/\\\/www.webdo.tn\\\/fr\\\/wp-content\\\/uploads\\\/2025\\\/06\\\/Abdelfattah-Belaid-corps-a-corps-avec-les-gardes-de-la-piste-reservee-aux-VIP-lors-de-lune-des-visites-de-Mahmoud-Abbes-en-Tunisie-photo-Mohamed-El-Hammi_172164.jpg\",\"datePublished\":\"2012-03-01T10:51:00+00:00\",\"description\":\"Pour la libert\u00e9 de la presse, au corps-\u00e0-corps avec la s\u00e9curit\u00e9 pr\u00e9sidentielle\",\"breadcrumb\":{\"@id\":\"https:\\\/\\\/www.webdo.tn\\\/fr\\\/actualite\\\/national-45\\\/pour-la-liberte-de-la-presse-au-corps-a-corps-avec-la-securite-presidentielle\\\/172164\\\/#breadcrumb\"},\"inLanguage\":\"fr-FR\",\"potentialAction\":[{\"@type\":\"ReadAction\",\"target\":[\"https:\\\/\\\/www.webdo.tn\\\/fr\\\/actualite\\\/national-45\\\/pour-la-liberte-de-la-presse-au-corps-a-corps-avec-la-securite-presidentielle\\\/172164\\\/\"]}]},{\"@type\":\"ImageObject\",\"inLanguage\":\"fr-FR\",\"@id\":\"https:\\\/\\\/www.webdo.tn\\\/fr\\\/actualite\\\/national-45\\\/pour-la-liberte-de-la-presse-au-corps-a-corps-avec-la-securite-presidentielle\\\/172164\\\/#primaryimage\",\"url\":\"https:\\\/\\\/www.webdo.tn\\\/fr\\\/wp-content\\\/uploads\\\/2025\\\/06\\\/Abdelfattah-Belaid-corps-a-corps-avec-les-gardes-de-la-piste-reservee-aux-VIP-lors-de-lune-des-visites-de-Mahmoud-Abbes-en-Tunisie-photo-Mohamed-El-Hammi_172164.jpg\",\"contentUrl\":\"https:\\\/\\\/www.webdo.tn\\\/fr\\\/wp-content\\\/uploads\\\/2025\\\/06\\\/Abdelfattah-Belaid-corps-a-corps-avec-les-gardes-de-la-piste-reservee-aux-VIP-lors-de-lune-des-visites-de-Mahmoud-Abbes-en-Tunisie-photo-Mohamed-El-Hammi_172164.jpg\",\"width\":485,\"height\":319,\"caption\":\"Pour la libert\u00e9 de la presse, au corps-\u00e0-corps avec la s\u00e9curit\u00e9 pr\u00e9sidentielle\"},{\"@type\":\"BreadcrumbList\",\"@id\":\"https:\\\/\\\/www.webdo.tn\\\/fr\\\/actualite\\\/national-45\\\/pour-la-liberte-de-la-presse-au-corps-a-corps-avec-la-securite-presidentielle\\\/172164\\\/#breadcrumb\",\"itemListElement\":[{\"@type\":\"ListItem\",\"position\":1,\"name\":\"Accueil\",\"item\":\"https:\\\/\\\/www.webdo.tn\\\/fr\\\/\"},{\"@type\":\"ListItem\",\"position\":2,\"name\":\"Pour la libert\u00e9 de la presse, au corps-\u00e0-corps avec la s\u00e9curit\u00e9 pr\u00e9sidentielle\"}]},{\"@type\":\"WebSite\",\"@id\":\"https:\\\/\\\/www.webdo.tn\\\/fr\\\/#website\",\"url\":\"https:\\\/\\\/www.webdo.tn\\\/fr\\\/\",\"name\":\"webdo\",\"description\":\"Tunisie - News en Tunisie et \u00e0 l&#039;international sur Webdo.tn\",\"publisher\":{\"@id\":\"https:\\\/\\\/www.webdo.tn\\\/fr\\\/#organization\"},\"potentialAction\":[{\"@type\":\"SearchAction\",\"target\":{\"@type\":\"EntryPoint\",\"urlTemplate\":\"https:\\\/\\\/www.webdo.tn\\\/fr\\\/?s={search_term_string}\"},\"query-input\":{\"@type\":\"PropertyValueSpecification\",\"valueRequired\":true,\"valueName\":\"search_term_string\"}}],\"inLanguage\":\"fr-FR\"},{\"@type\":\"Organization\",\"@id\":\"https:\\\/\\\/www.webdo.tn\\\/fr\\\/#organization\",\"name\":\"Webdo\",\"alternateName\":\"Webdo.tn\",\"url\":\"https:\\\/\\\/www.webdo.tn\\\/fr\\\/\",\"logo\":{\"@type\":\"ImageObject\",\"inLanguage\":\"fr-FR\",\"@id\":\"https:\\\/\\\/www.webdo.tn\\\/fr\\\/#\\\/schema\\\/logo\\\/image\\\/\",\"url\":\"https:\\\/\\\/www.webdo.tn\\\/fr\\\/wp-content\\\/uploads\\\/2025\\\/06\\\/Webdo-Tunisie_168377.jpg\",\"contentUrl\":\"https:\\\/\\\/www.webdo.tn\\\/fr\\\/wp-content\\\/uploads\\\/2025\\\/06\\\/Webdo-Tunisie_168377.jpg\",\"width\":301,\"height\":301,\"caption\":\"Webdo\"},\"image\":{\"@id\":\"https:\\\/\\\/www.webdo.tn\\\/fr\\\/#\\\/schema\\\/logo\\\/image\\\/\"},\"sameAs\":[\"https:\\\/\\\/www.facebook.com\\\/webdotn\",\"https:\\\/\\\/x.com\\\/webdo_tn\"],\"description\":\"Webdo est un m\u00e9dia num\u00e9rique tunisien fond\u00e9 en 2010, sp\u00e9cialis\u00e9 dans l\u2019actualit\u00e9 nationale et internationale, l\u2019\u00e9conomie, la soci\u00e9t\u00e9 et les analyses politiques. Le site s\u2019adresse \u00e0 un large public francophone et couvre l\u2019information tunisienne en temps r\u00e9el.\",\"email\":\"redac@webdo.tn\",\"legalName\":\"YNJ SARL\",\"foundingDate\":\"2010-09-06\",\"numberOfEmployees\":{\"@type\":\"QuantitativeValue\",\"minValue\":\"11\",\"maxValue\":\"50\"}},{\"@type\":\"Person\",\"@id\":\"https:\\\/\\\/www.webdo.tn\\\/fr\\\/#\\\/schema\\\/person\\\/9a9c6118d687c117df8ef3cc36a4d175\",\"name\":\"webdo.tn\",\"image\":{\"@type\":\"ImageObject\",\"inLanguage\":\"fr-FR\",\"@id\":\"https:\\\/\\\/secure.gravatar.com\\\/avatar\\\/7ce1f28c0c3bbac99ff550b85ef8e44a6950c6ee24514fb6a5489e51d06f0298?s=96&d=mm&r=g\",\"url\":\"https:\\\/\\\/secure.gravatar.com\\\/avatar\\\/7ce1f28c0c3bbac99ff550b85ef8e44a6950c6ee24514fb6a5489e51d06f0298?s=96&d=mm&r=g\",\"contentUrl\":\"https:\\\/\\\/secure.gravatar.com\\\/avatar\\\/7ce1f28c0c3bbac99ff550b85ef8e44a6950c6ee24514fb6a5489e51d06f0298?s=96&d=mm&r=g\",\"caption\":\"webdo.tn\"},\"url\":\"https:\\\/\\\/www.webdo.tn\\\/fr\\\/actualite\\\/author\\\/webdotn\\\/\"}]}<\/script>\n<!-- \/ Yoast SEO Premium plugin. -->","yoast_head_json":{"title":"Pour la libert\u00e9 de la presse, au corps-\u00e0-corps avec la s\u00e9curit\u00e9 pr\u00e9sidentielle","description":"Pour la libert\u00e9 de la presse, au corps-\u00e0-corps avec la s\u00e9curit\u00e9 pr\u00e9sidentielle","canonical":"https:\/\/www.webdo.tn\/fr\/actualite\/national-45\/pour-la-liberte-de-la-presse-au-corps-a-corps-avec-la-securite-presidentielle\/172164\/","og_locale":"fr_FR","og_type":"article","og_title":"Pour la libert\u00e9 de la presse, au corps-\u00e0-corps avec la s\u00e9curit\u00e9 pr\u00e9sidentielle","og_description":"Pour la libert\u00e9 de la presse, au corps-\u00e0-corps avec la s\u00e9curit\u00e9 pr\u00e9sidentielle","og_url":"https:\/\/www.webdo.tn\/fr\/actualite\/national-45\/pour-la-liberte-de-la-presse-au-corps-a-corps-avec-la-securite-presidentielle\/172164\/","og_site_name":"webdo","article_publisher":"https:\/\/www.facebook.com\/webdotn","article_published_time":"2012-03-01T10:51:00+00:00","author":"webdo.tn","twitter_card":"summary_large_image","twitter_creator":"@webdo_tn","twitter_site":"@webdo_tn","twitter_misc":{"\u00c9crit par":"webdo.tn","Dur\u00e9e de lecture estim\u00e9e":"2 minutes"},"schema":{"@context":"https:\/\/schema.org","@graph":[{"@type":"NewsArticle","@id":"https:\/\/www.webdo.tn\/fr\/actualite\/national-45\/pour-la-liberte-de-la-presse-au-corps-a-corps-avec-la-securite-presidentielle\/172164\/#article","isPartOf":{"@id":"https:\/\/www.webdo.tn\/fr\/actualite\/national-45\/pour-la-liberte-de-la-presse-au-corps-a-corps-avec-la-securite-presidentielle\/172164\/"},"author":{"name":"webdo.tn","@id":"https:\/\/www.webdo.tn\/fr\/#\/schema\/person\/9a9c6118d687c117df8ef3cc36a4d175"},"headline":"Pour la libert\u00e9 de la presse, au corps-\u00e0-corps avec la s\u00e9curit\u00e9 pr\u00e9sidentielle","datePublished":"2012-03-01T10:51:00+00:00","mainEntityOfPage":{"@id":"https:\/\/www.webdo.tn\/fr\/actualite\/national-45\/pour-la-liberte-de-la-presse-au-corps-a-corps-avec-la-securite-presidentielle\/172164\/"},"wordCount":495,"commentCount":0,"publisher":{"@id":"https:\/\/www.webdo.tn\/fr\/#organization"},"image":{"@id":"https:\/\/www.webdo.tn\/fr\/actualite\/national-45\/pour-la-liberte-de-la-presse-au-corps-a-corps-avec-la-securite-presidentielle\/172164\/#primaryimage"},"thumbnailUrl":"https:\/\/www.webdo.tn\/fr\/wp-content\/uploads\/2025\/06\/Abdelfattah-Belaid-corps-a-corps-avec-les-gardes-de-la-piste-reservee-aux-VIP-lors-de-lune-des-visites-de-Mahmoud-Abbes-en-Tunisie-photo-Mohamed-El-Hammi_172164.jpg","keywords":["guerre"],"articleSection":["National"],"inLanguage":"fr-FR"},{"@type":"WebPage","@id":"https:\/\/www.webdo.tn\/fr\/actualite\/national-45\/pour-la-liberte-de-la-presse-au-corps-a-corps-avec-la-securite-presidentielle\/172164\/","url":"https:\/\/www.webdo.tn\/fr\/actualite\/national-45\/pour-la-liberte-de-la-presse-au-corps-a-corps-avec-la-securite-presidentielle\/172164\/","name":"Pour la libert\u00e9 de la presse, au corps-\u00e0-corps avec la s\u00e9curit\u00e9 pr\u00e9sidentielle","isPartOf":{"@id":"https:\/\/www.webdo.tn\/fr\/#website"},"primaryImageOfPage":{"@id":"https:\/\/www.webdo.tn\/fr\/actualite\/national-45\/pour-la-liberte-de-la-presse-au-corps-a-corps-avec-la-securite-presidentielle\/172164\/#primaryimage"},"image":{"@id":"https:\/\/www.webdo.tn\/fr\/actualite\/national-45\/pour-la-liberte-de-la-presse-au-corps-a-corps-avec-la-securite-presidentielle\/172164\/#primaryimage"},"thumbnailUrl":"https:\/\/www.webdo.tn\/fr\/wp-content\/uploads\/2025\/06\/Abdelfattah-Belaid-corps-a-corps-avec-les-gardes-de-la-piste-reservee-aux-VIP-lors-de-lune-des-visites-de-Mahmoud-Abbes-en-Tunisie-photo-Mohamed-El-Hammi_172164.jpg","datePublished":"2012-03-01T10:51:00+00:00","description":"Pour la libert\u00e9 de la presse, au corps-\u00e0-corps avec la s\u00e9curit\u00e9 pr\u00e9sidentielle","breadcrumb":{"@id":"https:\/\/www.webdo.tn\/fr\/actualite\/national-45\/pour-la-liberte-de-la-presse-au-corps-a-corps-avec-la-securite-presidentielle\/172164\/#breadcrumb"},"inLanguage":"fr-FR","potentialAction":[{"@type":"ReadAction","target":["https:\/\/www.webdo.tn\/fr\/actualite\/national-45\/pour-la-liberte-de-la-presse-au-corps-a-corps-avec-la-securite-presidentielle\/172164\/"]}]},{"@type":"ImageObject","inLanguage":"fr-FR","@id":"https:\/\/www.webdo.tn\/fr\/actualite\/national-45\/pour-la-liberte-de-la-presse-au-corps-a-corps-avec-la-securite-presidentielle\/172164\/#primaryimage","url":"https:\/\/www.webdo.tn\/fr\/wp-content\/uploads\/2025\/06\/Abdelfattah-Belaid-corps-a-corps-avec-les-gardes-de-la-piste-reservee-aux-VIP-lors-de-lune-des-visites-de-Mahmoud-Abbes-en-Tunisie-photo-Mohamed-El-Hammi_172164.jpg","contentUrl":"https:\/\/www.webdo.tn\/fr\/wp-content\/uploads\/2025\/06\/Abdelfattah-Belaid-corps-a-corps-avec-les-gardes-de-la-piste-reservee-aux-VIP-lors-de-lune-des-visites-de-Mahmoud-Abbes-en-Tunisie-photo-Mohamed-El-Hammi_172164.jpg","width":485,"height":319,"caption":"Pour la libert\u00e9 de la presse, au corps-\u00e0-corps avec la s\u00e9curit\u00e9 pr\u00e9sidentielle"},{"@type":"BreadcrumbList","@id":"https:\/\/www.webdo.tn\/fr\/actualite\/national-45\/pour-la-liberte-de-la-presse-au-corps-a-corps-avec-la-securite-presidentielle\/172164\/#breadcrumb","itemListElement":[{"@type":"ListItem","position":1,"name":"Accueil","item":"https:\/\/www.webdo.tn\/fr\/"},{"@type":"ListItem","position":2,"name":"Pour la libert\u00e9 de la presse, au corps-\u00e0-corps avec la s\u00e9curit\u00e9 pr\u00e9sidentielle"}]},{"@type":"WebSite","@id":"https:\/\/www.webdo.tn\/fr\/#website","url":"https:\/\/www.webdo.tn\/fr\/","name":"webdo","description":"Tunisie - News en Tunisie et \u00e0 l&#039;international sur Webdo.tn","publisher":{"@id":"https:\/\/www.webdo.tn\/fr\/#organization"},"potentialAction":[{"@type":"SearchAction","target":{"@type":"EntryPoint","urlTemplate":"https:\/\/www.webdo.tn\/fr\/?s={search_term_string}"},"query-input":{"@type":"PropertyValueSpecification","valueRequired":true,"valueName":"search_term_string"}}],"inLanguage":"fr-FR"},{"@type":"Organization","@id":"https:\/\/www.webdo.tn\/fr\/#organization","name":"Webdo","alternateName":"Webdo.tn","url":"https:\/\/www.webdo.tn\/fr\/","logo":{"@type":"ImageObject","inLanguage":"fr-FR","@id":"https:\/\/www.webdo.tn\/fr\/#\/schema\/logo\/image\/","url":"https:\/\/www.webdo.tn\/fr\/wp-content\/uploads\/2025\/06\/Webdo-Tunisie_168377.jpg","contentUrl":"https:\/\/www.webdo.tn\/fr\/wp-content\/uploads\/2025\/06\/Webdo-Tunisie_168377.jpg","width":301,"height":301,"caption":"Webdo"},"image":{"@id":"https:\/\/www.webdo.tn\/fr\/#\/schema\/logo\/image\/"},"sameAs":["https:\/\/www.facebook.com\/webdotn","https:\/\/x.com\/webdo_tn"],"description":"Webdo est un m\u00e9dia num\u00e9rique tunisien fond\u00e9 en 2010, sp\u00e9cialis\u00e9 dans l\u2019actualit\u00e9 nationale et internationale, l\u2019\u00e9conomie, la soci\u00e9t\u00e9 et les analyses politiques. Le site s\u2019adresse \u00e0 un large public francophone et couvre l\u2019information tunisienne en temps r\u00e9el.","email":"redac@webdo.tn","legalName":"YNJ SARL","foundingDate":"2010-09-06","numberOfEmployees":{"@type":"QuantitativeValue","minValue":"11","maxValue":"50"}},{"@type":"Person","@id":"https:\/\/www.webdo.tn\/fr\/#\/schema\/person\/9a9c6118d687c117df8ef3cc36a4d175","name":"webdo.tn","image":{"@type":"ImageObject","inLanguage":"fr-FR","@id":"https:\/\/secure.gravatar.com\/avatar\/7ce1f28c0c3bbac99ff550b85ef8e44a6950c6ee24514fb6a5489e51d06f0298?s=96&d=mm&r=g","url":"https:\/\/secure.gravatar.com\/avatar\/7ce1f28c0c3bbac99ff550b85ef8e44a6950c6ee24514fb6a5489e51d06f0298?s=96&d=mm&r=g","contentUrl":"https:\/\/secure.gravatar.com\/avatar\/7ce1f28c0c3bbac99ff550b85ef8e44a6950c6ee24514fb6a5489e51d06f0298?s=96&d=mm&r=g","caption":"webdo.tn"},"url":"https:\/\/www.webdo.tn\/fr\/actualite\/author\/webdotn\/"}]}},"_links":{"self":[{"href":"https:\/\/www.webdo.tn\/fr\/wp-json\/wp\/v2\/posts\/172164","targetHints":{"allow":["GET"]}}],"collection":[{"href":"https:\/\/www.webdo.tn\/fr\/wp-json\/wp\/v2\/posts"}],"about":[{"href":"https:\/\/www.webdo.tn\/fr\/wp-json\/wp\/v2\/types\/post"}],"author":[{"embeddable":true,"href":"https:\/\/www.webdo.tn\/fr\/wp-json\/wp\/v2\/users\/3222"}],"replies":[{"embeddable":true,"href":"https:\/\/www.webdo.tn\/fr\/wp-json\/wp\/v2\/comments?post=172164"}],"version-history":[{"count":0,"href":"https:\/\/www.webdo.tn\/fr\/wp-json\/wp\/v2\/posts\/172164\/revisions"}],"wp:featuredmedia":[{"embeddable":true,"href":"https:\/\/www.webdo.tn\/fr\/wp-json\/wp\/v2\/media\/374484"}],"wp:attachment":[{"href":"https:\/\/www.webdo.tn\/fr\/wp-json\/wp\/v2\/media?parent=172164"}],"wp:term":[{"taxonomy":"category","embeddable":true,"href":"https:\/\/www.webdo.tn\/fr\/wp-json\/wp\/v2\/categories?post=172164"},{"taxonomy":"post_tag","embeddable":true,"href":"https:\/\/www.webdo.tn\/fr\/wp-json\/wp\/v2\/tags?post=172164"}],"curies":[{"name":"wp","href":"https:\/\/api.w.org\/{rel}","templated":true}]}}