{"id":172163,"date":"2012-03-01T11:49:00","date_gmt":"2012-03-01T11:49:00","guid":{"rendered":"https:\/\/www.webdo.tn\/fr\/blog\/marzouki-et-salafistes-face-a-face-pour-sauver-la-face\/172163\/"},"modified":"2012-03-01T11:49:00","modified_gmt":"2012-03-01T11:49:00","slug":"marzouki-et-salafistes-face-a-face-pour-sauver-la-face","status":"publish","type":"post","link":"https:\/\/www.webdo.tn\/fr\/actualite\/national\/marzouki-et-salafistes-face-a-face-pour-sauver-la-face\/172163\/","title":{"rendered":"Marzouki et salafistes : face-\u00e0-face pour sauver la face !"},"content":{"rendered":"<p>Apr\u00e8s les avoir rencontr\u00e9s \u00e0 Carthage suite \u00e0 l\u2019intervention de Abderraouf Ayedi, Secr\u00e9taire g\u00e9n\u00e9ral du CPR, leur avoir reconnu un droit de cit\u00e9 dans le paysage politique et les avoir presque rassur\u00e9 quant \u00e0 la l\u00e9galisation de leur parti, le Dr Moncef Marzouki pr\u00e9voit, pour bient\u00f4t, un face-\u00e0-face t\u00e9l\u00e9vis\u00e9 avec les salafistes, et ce, selon les d\u00e9claration, hier soir, du porte parole du pr\u00e9sident sur les ondes de Shems Fm.<\/p>\n<p>Cette autre trouvaille de la part du pr\u00e9sident de la R\u00e9publique provisoire ne peut \u00eatre que \u00abd\u00e9sar\u00e7onnante\u00bb \u00e0 l\u2019instar des pr\u00e9c\u00e9dentes d\u00e9clarations sur le sujet et sur bien d\u2019autres questions. G\u00e9n\u00e9ralement et en vertu de la pratique politique pr\u00e9valant dans la plupart des pays d\u00e9mocratiques, un face-\u00e0-face est accord\u00e9 \u00e0 un concurrent politique lors d\u2019une campagne \u00e9lectorale ou \u00e0 une figure pr\u00e9\u00e9minente de l\u2019opposition \u00e0 propos d\u2019une question br\u00fblante. Il s\u2019apparente \u00e0 un rituel politique o\u00f9 s\u2019affrontent des personnalit\u00e9s de premier ordre qui acceptent de se donner en spectacle et repr\u00e9sente un d\u00e9fi lanc\u00e9 aux comp\u00e9titeurs.<\/p>\n<p>Chez nous, cette logique a fonctionn\u00e9 en sens inverse. Le face-\u00e0-face avec le pr\u00e9sident sollicit\u00e9 par des repr\u00e9sentants de la gauche n\u2019a pas eu de suite. Hamma Hammami et Chokri Bel Aidi ne l&rsquo;ont-ils pas d\u00e9j\u00e0 annonc\u00e9 ! En effet, la gauche, suspect\u00e9e d\u2019avoir \u00e9t\u00e9 derri\u00e8re certains mouvements et de comploter contre le gouvernement, voudrait d\u00e9montrer qu\u2019elle n\u2019assume aucune responsabilit\u00e9 dans le chaos s\u00e9curitaire. Le refus de leur accorder le face-\u00e0-face a \u00e9t\u00e9 analys\u00e9 diff\u00e9remment selon la position de chacun sur l\u2019\u00e9chiquier politique national. Pour ceux qui l\u2019ont requis, le pr\u00e9sident, \u00e0 court d\u2019arguments et de preuves, craint ne pouvoir relever le d\u00e9fi qui lui est lanc\u00e9. Pour les proches de la pr\u00e9sidence, la gauche radicale cherche \u00e0 s\u2019enliser dans une pr\u00e9campagne \u00e9lectorale.<\/p>\n<p>Paradoxalement, les salafistes, qui repr\u00e9sentent une minorit\u00e9 et dont le poids n\u2019est pas d\u00e9terminant sur la sc\u00e8ne politique, ont \u00e9t\u00e9 plus chanceux. En leur proposant un face-\u00e0-face, le pr\u00e9sident de la R\u00e9publique a foment\u00e9, sans s\u2019en rendre compte, une nouvelle pol\u00e9mique sur les choix, le style de gouvernance et les relations de la Tro\u00efka avec les salafistes.<\/p>\n<p>Bon nombre de citoyens, qui voient mal le bout du tunnel, consid\u00e8rent que le mieux serait de se focaliser sur les probl\u00e8mes vitaux et les affaires d\u00e9licates et factuelles au lieu de perdre son temps dans des questions secondaires qui n\u2019ont vraiment pas de relation avec leurs v\u00e9ritables soucis.<\/p>\n<p>De surcro\u00eet, la position des deux parties est parfaitement connue. Le Dr Moncef Marzouki reproche aux salafistes le recours \u00e0 la violence et la \u00ab m\u00e9cr\u00e9anisation \u00bb, les appelle \u00e0 se joindre \u00e0 la soci\u00e9t\u00e9 civile et \u00e0 exercer leurs activit\u00e9s dans le cadre de la R\u00e9publique. Ceux-ci qui vont profiter encore une fois pour nous \u00e9difier sur le salafisme et l\u2019identit\u00e9 culturelle, rejettent les accusations de violence, les imputent \u00e0 des \u00e9l\u00e9ments de l\u2019ancien RCD et \u00e0 des fanatiques et r\u00e9clament leur droit de participer \u00e0 la vie politique.<\/p>\n<p>Dr Moncef Marzouki cherche-t-il \u00e0 se racheter et \u00e0 se justifier apr\u00e8s avoir qualifi\u00e9 de \u00ab microbes \u00bb les salafistes ? Rappelons, \u00e0 cet \u00e9gard, qu&rsquo;il a d\u00e9clar\u00e9 dans ses r\u00e9centes interviews aux m\u00e9dias que les personnes concern\u00e9es par ce qualificatif sont les personnes impliqu\u00e9es dans les actes terroristes et la violence politique. Leur faire face sera plus utile que le face-\u00e0-face.<\/p>\n","protected":false},"excerpt":{"rendered":"<p>Marzouki et salafistes : face-\u00e0-face pour sauver la face !<\/p>\n","protected":false},"author":3222,"featured_media":333733,"comment_status":"open","ping_status":"closed","sticky":false,"template":"","format":"standard","meta":{"footnotes":""},"categories":[44],"tags":[2600],"class_list":["post-172163","post","type-post","status-publish","format-standard","has-post-thumbnail","hentry","category-national","tag-guerre"],"yoast_head":"<!-- This site is optimized with the Yoast SEO Premium plugin v27.5 (Yoast SEO v27.5) - https:\/\/yoast.com\/product\/yoast-seo-premium-wordpress\/ -->\n<title>Marzouki et salafistes : face-\u00e0-face pour sauver la face !<\/title>\n<meta name=\"description\" content=\"Marzouki et salafistes : face-\u00e0-face pour sauver la face !\" \/>\n<link rel=\"canonical\" href=\"https:\/\/www.webdo.tn\/fr\/actualite\/national-45\/marzouki-et-salafistes-face-a-face-pour-sauver-la-face\/172163\/\" \/>\n<meta property=\"og:locale\" content=\"fr_FR\" \/>\n<meta property=\"og:type\" content=\"article\" \/>\n<meta property=\"og:title\" content=\"Marzouki et salafistes : face-\u00e0-face pour sauver la face !\" \/>\n<meta property=\"og:description\" content=\"Marzouki et salafistes : face-\u00e0-face pour sauver la face !\" \/>\n<meta property=\"og:url\" content=\"https:\/\/www.webdo.tn\/fr\/actualite\/national-45\/marzouki-et-salafistes-face-a-face-pour-sauver-la-face\/172163\/\" \/>\n<meta property=\"og:site_name\" content=\"webdo\" \/>\n<meta property=\"article:publisher\" content=\"https:\/\/www.facebook.com\/webdotn\" \/>\n<meta property=\"article:published_time\" content=\"2012-03-01T11:49:00+00:00\" \/>\n<meta property=\"og:image\" content=\"https:\/\/www.webdo.tn\/fr\/wp-content\/uploads\/2012\/03\/Moncef-Marzouki-photo-lejdd.fr_.jpg\" \/>\n\t<meta property=\"og:image:width\" content=\"300\" \/>\n\t<meta property=\"og:image:height\" content=\"192\" \/>\n\t<meta property=\"og:image:type\" content=\"image\/jpeg\" \/>\n<meta name=\"author\" content=\"webdo.tn\" \/>\n<meta name=\"twitter:card\" content=\"summary_large_image\" \/>\n<meta name=\"twitter:creator\" content=\"@webdo_tn\" \/>\n<meta name=\"twitter:site\" content=\"@webdo_tn\" \/>\n<meta name=\"twitter:label1\" content=\"\u00c9crit par\" \/>\n\t<meta name=\"twitter:data1\" content=\"webdo.tn\" \/>\n\t<meta name=\"twitter:label2\" content=\"Dur\u00e9e de lecture estim\u00e9e\" \/>\n\t<meta name=\"twitter:data2\" content=\"3 minutes\" \/>\n<script type=\"application\/ld+json\" class=\"yoast-schema-graph\">{\"@context\":\"https:\\\/\\\/schema.org\",\"@graph\":[{\"@type\":\"NewsArticle\",\"@id\":\"https:\\\/\\\/www.webdo.tn\\\/fr\\\/actualite\\\/national-45\\\/marzouki-et-salafistes-face-a-face-pour-sauver-la-face\\\/172163\\\/#article\",\"isPartOf\":{\"@id\":\"https:\\\/\\\/www.webdo.tn\\\/fr\\\/actualite\\\/national-45\\\/marzouki-et-salafistes-face-a-face-pour-sauver-la-face\\\/172163\\\/\"},\"author\":{\"name\":\"webdo.tn\",\"@id\":\"https:\\\/\\\/www.webdo.tn\\\/fr\\\/#\\\/schema\\\/person\\\/9a9c6118d687c117df8ef3cc36a4d175\"},\"headline\":\"Marzouki et salafistes : face-\u00e0-face pour sauver la face !\",\"datePublished\":\"2012-03-01T11:49:00+00:00\",\"mainEntityOfPage\":{\"@id\":\"https:\\\/\\\/www.webdo.tn\\\/fr\\\/actualite\\\/national-45\\\/marzouki-et-salafistes-face-a-face-pour-sauver-la-face\\\/172163\\\/\"},\"wordCount\":625,\"commentCount\":0,\"publisher\":{\"@id\":\"https:\\\/\\\/www.webdo.tn\\\/fr\\\/#organization\"},\"image\":{\"@id\":\"https:\\\/\\\/www.webdo.tn\\\/fr\\\/actualite\\\/national-45\\\/marzouki-et-salafistes-face-a-face-pour-sauver-la-face\\\/172163\\\/#primaryimage\"},\"thumbnailUrl\":\"https:\\\/\\\/www.webdo.tn\\\/fr\\\/wp-content\\\/uploads\\\/2012\\\/03\\\/Moncef-Marzouki-photo-lejdd.fr_.jpg\",\"keywords\":[\"guerre\"],\"articleSection\":[\"National\"],\"inLanguage\":\"fr-FR\"},{\"@type\":\"WebPage\",\"@id\":\"https:\\\/\\\/www.webdo.tn\\\/fr\\\/actualite\\\/national-45\\\/marzouki-et-salafistes-face-a-face-pour-sauver-la-face\\\/172163\\\/\",\"url\":\"https:\\\/\\\/www.webdo.tn\\\/fr\\\/actualite\\\/national-45\\\/marzouki-et-salafistes-face-a-face-pour-sauver-la-face\\\/172163\\\/\",\"name\":\"Marzouki et salafistes : face-\u00e0-face pour sauver la face !\",\"isPartOf\":{\"@id\":\"https:\\\/\\\/www.webdo.tn\\\/fr\\\/#website\"},\"primaryImageOfPage\":{\"@id\":\"https:\\\/\\\/www.webdo.tn\\\/fr\\\/actualite\\\/national-45\\\/marzouki-et-salafistes-face-a-face-pour-sauver-la-face\\\/172163\\\/#primaryimage\"},\"image\":{\"@id\":\"https:\\\/\\\/www.webdo.tn\\\/fr\\\/actualite\\\/national-45\\\/marzouki-et-salafistes-face-a-face-pour-sauver-la-face\\\/172163\\\/#primaryimage\"},\"thumbnailUrl\":\"https:\\\/\\\/www.webdo.tn\\\/fr\\\/wp-content\\\/uploads\\\/2012\\\/03\\\/Moncef-Marzouki-photo-lejdd.fr_.jpg\",\"datePublished\":\"2012-03-01T11:49:00+00:00\",\"description\":\"Marzouki et salafistes : face-\u00e0-face pour sauver la face !\",\"breadcrumb\":{\"@id\":\"https:\\\/\\\/www.webdo.tn\\\/fr\\\/actualite\\\/national-45\\\/marzouki-et-salafistes-face-a-face-pour-sauver-la-face\\\/172163\\\/#breadcrumb\"},\"inLanguage\":\"fr-FR\",\"potentialAction\":[{\"@type\":\"ReadAction\",\"target\":[\"https:\\\/\\\/www.webdo.tn\\\/fr\\\/actualite\\\/national-45\\\/marzouki-et-salafistes-face-a-face-pour-sauver-la-face\\\/172163\\\/\"]}]},{\"@type\":\"ImageObject\",\"inLanguage\":\"fr-FR\",\"@id\":\"https:\\\/\\\/www.webdo.tn\\\/fr\\\/actualite\\\/national-45\\\/marzouki-et-salafistes-face-a-face-pour-sauver-la-face\\\/172163\\\/#primaryimage\",\"url\":\"https:\\\/\\\/www.webdo.tn\\\/fr\\\/wp-content\\\/uploads\\\/2012\\\/03\\\/Moncef-Marzouki-photo-lejdd.fr_.jpg\",\"contentUrl\":\"https:\\\/\\\/www.webdo.tn\\\/fr\\\/wp-content\\\/uploads\\\/2012\\\/03\\\/Moncef-Marzouki-photo-lejdd.fr_.jpg\",\"width\":300,\"height\":192,\"caption\":\"Marzouki et salafistes : face-\u00e0-face pour sauver la face !\"},{\"@type\":\"BreadcrumbList\",\"@id\":\"https:\\\/\\\/www.webdo.tn\\\/fr\\\/actualite\\\/national-45\\\/marzouki-et-salafistes-face-a-face-pour-sauver-la-face\\\/172163\\\/#breadcrumb\",\"itemListElement\":[{\"@type\":\"ListItem\",\"position\":1,\"name\":\"Accueil\",\"item\":\"https:\\\/\\\/www.webdo.tn\\\/fr\\\/\"},{\"@type\":\"ListItem\",\"position\":2,\"name\":\"Marzouki et salafistes : face-\u00e0-face pour sauver la face !\"}]},{\"@type\":\"WebSite\",\"@id\":\"https:\\\/\\\/www.webdo.tn\\\/fr\\\/#website\",\"url\":\"https:\\\/\\\/www.webdo.tn\\\/fr\\\/\",\"name\":\"webdo\",\"description\":\"Tunisie - News en Tunisie et \u00e0 l&#039;international sur Webdo.tn\",\"publisher\":{\"@id\":\"https:\\\/\\\/www.webdo.tn\\\/fr\\\/#organization\"},\"potentialAction\":[{\"@type\":\"SearchAction\",\"target\":{\"@type\":\"EntryPoint\",\"urlTemplate\":\"https:\\\/\\\/www.webdo.tn\\\/fr\\\/?s={search_term_string}\"},\"query-input\":{\"@type\":\"PropertyValueSpecification\",\"valueRequired\":true,\"valueName\":\"search_term_string\"}}],\"inLanguage\":\"fr-FR\"},{\"@type\":\"Organization\",\"@id\":\"https:\\\/\\\/www.webdo.tn\\\/fr\\\/#organization\",\"name\":\"Webdo\",\"alternateName\":\"Webdo.tn\",\"url\":\"https:\\\/\\\/www.webdo.tn\\\/fr\\\/\",\"logo\":{\"@type\":\"ImageObject\",\"inLanguage\":\"fr-FR\",\"@id\":\"https:\\\/\\\/www.webdo.tn\\\/fr\\\/#\\\/schema\\\/logo\\\/image\\\/\",\"url\":\"https:\\\/\\\/www.webdo.tn\\\/fr\\\/wp-content\\\/uploads\\\/2025\\\/06\\\/Webdo-Tunisie_168377.jpg\",\"contentUrl\":\"https:\\\/\\\/www.webdo.tn\\\/fr\\\/wp-content\\\/uploads\\\/2025\\\/06\\\/Webdo-Tunisie_168377.jpg\",\"width\":301,\"height\":301,\"caption\":\"Webdo\"},\"image\":{\"@id\":\"https:\\\/\\\/www.webdo.tn\\\/fr\\\/#\\\/schema\\\/logo\\\/image\\\/\"},\"sameAs\":[\"https:\\\/\\\/www.facebook.com\\\/webdotn\",\"https:\\\/\\\/x.com\\\/webdo_tn\"],\"description\":\"Webdo est un m\u00e9dia num\u00e9rique tunisien fond\u00e9 en 2010, sp\u00e9cialis\u00e9 dans l\u2019actualit\u00e9 nationale et internationale, l\u2019\u00e9conomie, la soci\u00e9t\u00e9 et les analyses politiques. Le site s\u2019adresse \u00e0 un large public francophone et couvre l\u2019information tunisienne en temps r\u00e9el.\",\"email\":\"redac@webdo.tn\",\"legalName\":\"YNJ SARL\",\"foundingDate\":\"2010-09-06\",\"numberOfEmployees\":{\"@type\":\"QuantitativeValue\",\"minValue\":\"11\",\"maxValue\":\"50\"}},{\"@type\":\"Person\",\"@id\":\"https:\\\/\\\/www.webdo.tn\\\/fr\\\/#\\\/schema\\\/person\\\/9a9c6118d687c117df8ef3cc36a4d175\",\"name\":\"webdo.tn\",\"image\":{\"@type\":\"ImageObject\",\"inLanguage\":\"fr-FR\",\"@id\":\"https:\\\/\\\/secure.gravatar.com\\\/avatar\\\/7ce1f28c0c3bbac99ff550b85ef8e44a6950c6ee24514fb6a5489e51d06f0298?s=96&d=mm&r=g\",\"url\":\"https:\\\/\\\/secure.gravatar.com\\\/avatar\\\/7ce1f28c0c3bbac99ff550b85ef8e44a6950c6ee24514fb6a5489e51d06f0298?s=96&d=mm&r=g\",\"contentUrl\":\"https:\\\/\\\/secure.gravatar.com\\\/avatar\\\/7ce1f28c0c3bbac99ff550b85ef8e44a6950c6ee24514fb6a5489e51d06f0298?s=96&d=mm&r=g\",\"caption\":\"webdo.tn\"},\"url\":\"https:\\\/\\\/www.webdo.tn\\\/fr\\\/actualite\\\/author\\\/webdotn\\\/\"}]}<\/script>\n<!-- \/ Yoast SEO Premium plugin. -->","yoast_head_json":{"title":"Marzouki et salafistes : face-\u00e0-face pour sauver la face !","description":"Marzouki et salafistes : face-\u00e0-face pour sauver la face !","canonical":"https:\/\/www.webdo.tn\/fr\/actualite\/national-45\/marzouki-et-salafistes-face-a-face-pour-sauver-la-face\/172163\/","og_locale":"fr_FR","og_type":"article","og_title":"Marzouki et salafistes : face-\u00e0-face pour sauver la face !","og_description":"Marzouki et salafistes : face-\u00e0-face pour sauver la face !","og_url":"https:\/\/www.webdo.tn\/fr\/actualite\/national-45\/marzouki-et-salafistes-face-a-face-pour-sauver-la-face\/172163\/","og_site_name":"webdo","article_publisher":"https:\/\/www.facebook.com\/webdotn","article_published_time":"2012-03-01T11:49:00+00:00","og_image":[{"width":300,"height":192,"url":"https:\/\/www.webdo.tn\/fr\/wp-content\/uploads\/2012\/03\/Moncef-Marzouki-photo-lejdd.fr_.jpg","type":"image\/jpeg"}],"author":"webdo.tn","twitter_card":"summary_large_image","twitter_creator":"@webdo_tn","twitter_site":"@webdo_tn","twitter_misc":{"\u00c9crit par":"webdo.tn","Dur\u00e9e de lecture estim\u00e9e":"3 minutes"},"schema":{"@context":"https:\/\/schema.org","@graph":[{"@type":"NewsArticle","@id":"https:\/\/www.webdo.tn\/fr\/actualite\/national-45\/marzouki-et-salafistes-face-a-face-pour-sauver-la-face\/172163\/#article","isPartOf":{"@id":"https:\/\/www.webdo.tn\/fr\/actualite\/national-45\/marzouki-et-salafistes-face-a-face-pour-sauver-la-face\/172163\/"},"author":{"name":"webdo.tn","@id":"https:\/\/www.webdo.tn\/fr\/#\/schema\/person\/9a9c6118d687c117df8ef3cc36a4d175"},"headline":"Marzouki et salafistes : face-\u00e0-face pour sauver la face !","datePublished":"2012-03-01T11:49:00+00:00","mainEntityOfPage":{"@id":"https:\/\/www.webdo.tn\/fr\/actualite\/national-45\/marzouki-et-salafistes-face-a-face-pour-sauver-la-face\/172163\/"},"wordCount":625,"commentCount":0,"publisher":{"@id":"https:\/\/www.webdo.tn\/fr\/#organization"},"image":{"@id":"https:\/\/www.webdo.tn\/fr\/actualite\/national-45\/marzouki-et-salafistes-face-a-face-pour-sauver-la-face\/172163\/#primaryimage"},"thumbnailUrl":"https:\/\/www.webdo.tn\/fr\/wp-content\/uploads\/2012\/03\/Moncef-Marzouki-photo-lejdd.fr_.jpg","keywords":["guerre"],"articleSection":["National"],"inLanguage":"fr-FR"},{"@type":"WebPage","@id":"https:\/\/www.webdo.tn\/fr\/actualite\/national-45\/marzouki-et-salafistes-face-a-face-pour-sauver-la-face\/172163\/","url":"https:\/\/www.webdo.tn\/fr\/actualite\/national-45\/marzouki-et-salafistes-face-a-face-pour-sauver-la-face\/172163\/","name":"Marzouki et salafistes : face-\u00e0-face pour sauver la face !","isPartOf":{"@id":"https:\/\/www.webdo.tn\/fr\/#website"},"primaryImageOfPage":{"@id":"https:\/\/www.webdo.tn\/fr\/actualite\/national-45\/marzouki-et-salafistes-face-a-face-pour-sauver-la-face\/172163\/#primaryimage"},"image":{"@id":"https:\/\/www.webdo.tn\/fr\/actualite\/national-45\/marzouki-et-salafistes-face-a-face-pour-sauver-la-face\/172163\/#primaryimage"},"thumbnailUrl":"https:\/\/www.webdo.tn\/fr\/wp-content\/uploads\/2012\/03\/Moncef-Marzouki-photo-lejdd.fr_.jpg","datePublished":"2012-03-01T11:49:00+00:00","description":"Marzouki et salafistes : face-\u00e0-face pour sauver la face !","breadcrumb":{"@id":"https:\/\/www.webdo.tn\/fr\/actualite\/national-45\/marzouki-et-salafistes-face-a-face-pour-sauver-la-face\/172163\/#breadcrumb"},"inLanguage":"fr-FR","potentialAction":[{"@type":"ReadAction","target":["https:\/\/www.webdo.tn\/fr\/actualite\/national-45\/marzouki-et-salafistes-face-a-face-pour-sauver-la-face\/172163\/"]}]},{"@type":"ImageObject","inLanguage":"fr-FR","@id":"https:\/\/www.webdo.tn\/fr\/actualite\/national-45\/marzouki-et-salafistes-face-a-face-pour-sauver-la-face\/172163\/#primaryimage","url":"https:\/\/www.webdo.tn\/fr\/wp-content\/uploads\/2012\/03\/Moncef-Marzouki-photo-lejdd.fr_.jpg","contentUrl":"https:\/\/www.webdo.tn\/fr\/wp-content\/uploads\/2012\/03\/Moncef-Marzouki-photo-lejdd.fr_.jpg","width":300,"height":192,"caption":"Marzouki et salafistes : face-\u00e0-face pour sauver la face !"},{"@type":"BreadcrumbList","@id":"https:\/\/www.webdo.tn\/fr\/actualite\/national-45\/marzouki-et-salafistes-face-a-face-pour-sauver-la-face\/172163\/#breadcrumb","itemListElement":[{"@type":"ListItem","position":1,"name":"Accueil","item":"https:\/\/www.webdo.tn\/fr\/"},{"@type":"ListItem","position":2,"name":"Marzouki et salafistes : face-\u00e0-face pour sauver la face !"}]},{"@type":"WebSite","@id":"https:\/\/www.webdo.tn\/fr\/#website","url":"https:\/\/www.webdo.tn\/fr\/","name":"webdo","description":"Tunisie - News en Tunisie et \u00e0 l&#039;international sur Webdo.tn","publisher":{"@id":"https:\/\/www.webdo.tn\/fr\/#organization"},"potentialAction":[{"@type":"SearchAction","target":{"@type":"EntryPoint","urlTemplate":"https:\/\/www.webdo.tn\/fr\/?s={search_term_string}"},"query-input":{"@type":"PropertyValueSpecification","valueRequired":true,"valueName":"search_term_string"}}],"inLanguage":"fr-FR"},{"@type":"Organization","@id":"https:\/\/www.webdo.tn\/fr\/#organization","name":"Webdo","alternateName":"Webdo.tn","url":"https:\/\/www.webdo.tn\/fr\/","logo":{"@type":"ImageObject","inLanguage":"fr-FR","@id":"https:\/\/www.webdo.tn\/fr\/#\/schema\/logo\/image\/","url":"https:\/\/www.webdo.tn\/fr\/wp-content\/uploads\/2025\/06\/Webdo-Tunisie_168377.jpg","contentUrl":"https:\/\/www.webdo.tn\/fr\/wp-content\/uploads\/2025\/06\/Webdo-Tunisie_168377.jpg","width":301,"height":301,"caption":"Webdo"},"image":{"@id":"https:\/\/www.webdo.tn\/fr\/#\/schema\/logo\/image\/"},"sameAs":["https:\/\/www.facebook.com\/webdotn","https:\/\/x.com\/webdo_tn"],"description":"Webdo est un m\u00e9dia num\u00e9rique tunisien fond\u00e9 en 2010, sp\u00e9cialis\u00e9 dans l\u2019actualit\u00e9 nationale et internationale, l\u2019\u00e9conomie, la soci\u00e9t\u00e9 et les analyses politiques. Le site s\u2019adresse \u00e0 un large public francophone et couvre l\u2019information tunisienne en temps r\u00e9el.","email":"redac@webdo.tn","legalName":"YNJ SARL","foundingDate":"2010-09-06","numberOfEmployees":{"@type":"QuantitativeValue","minValue":"11","maxValue":"50"}},{"@type":"Person","@id":"https:\/\/www.webdo.tn\/fr\/#\/schema\/person\/9a9c6118d687c117df8ef3cc36a4d175","name":"webdo.tn","image":{"@type":"ImageObject","inLanguage":"fr-FR","@id":"https:\/\/secure.gravatar.com\/avatar\/7ce1f28c0c3bbac99ff550b85ef8e44a6950c6ee24514fb6a5489e51d06f0298?s=96&d=mm&r=g","url":"https:\/\/secure.gravatar.com\/avatar\/7ce1f28c0c3bbac99ff550b85ef8e44a6950c6ee24514fb6a5489e51d06f0298?s=96&d=mm&r=g","contentUrl":"https:\/\/secure.gravatar.com\/avatar\/7ce1f28c0c3bbac99ff550b85ef8e44a6950c6ee24514fb6a5489e51d06f0298?s=96&d=mm&r=g","caption":"webdo.tn"},"url":"https:\/\/www.webdo.tn\/fr\/actualite\/author\/webdotn\/"}]}},"_links":{"self":[{"href":"https:\/\/www.webdo.tn\/fr\/wp-json\/wp\/v2\/posts\/172163","targetHints":{"allow":["GET"]}}],"collection":[{"href":"https:\/\/www.webdo.tn\/fr\/wp-json\/wp\/v2\/posts"}],"about":[{"href":"https:\/\/www.webdo.tn\/fr\/wp-json\/wp\/v2\/types\/post"}],"author":[{"embeddable":true,"href":"https:\/\/www.webdo.tn\/fr\/wp-json\/wp\/v2\/users\/3222"}],"replies":[{"embeddable":true,"href":"https:\/\/www.webdo.tn\/fr\/wp-json\/wp\/v2\/comments?post=172163"}],"version-history":[{"count":0,"href":"https:\/\/www.webdo.tn\/fr\/wp-json\/wp\/v2\/posts\/172163\/revisions"}],"wp:featuredmedia":[{"embeddable":true,"href":"https:\/\/www.webdo.tn\/fr\/wp-json\/wp\/v2\/media\/333733"}],"wp:attachment":[{"href":"https:\/\/www.webdo.tn\/fr\/wp-json\/wp\/v2\/media?parent=172163"}],"wp:term":[{"taxonomy":"category","embeddable":true,"href":"https:\/\/www.webdo.tn\/fr\/wp-json\/wp\/v2\/categories?post=172163"},{"taxonomy":"post_tag","embeddable":true,"href":"https:\/\/www.webdo.tn\/fr\/wp-json\/wp\/v2\/tags?post=172163"}],"curies":[{"name":"wp","href":"https:\/\/api.w.org\/{rel}","templated":true}]}}