{"id":172162,"date":"2012-03-01T19:07:00","date_gmt":"2012-03-01T19:07:00","guid":{"rendered":"https:\/\/www.webdo.tn\/fr\/blog\/consumerisme-irrationnel-et-inflation\/172162\/"},"modified":"2012-03-01T19:07:00","modified_gmt":"2012-03-01T19:07:00","slug":"consumerisme-irrationnel-et-inflation","status":"publish","type":"post","link":"https:\/\/www.webdo.tn\/fr\/actualite\/national\/consumerisme-irrationnel-et-inflation\/172162\/","title":{"rendered":"Consum\u00e9risme irrationnel et inflation"},"content":{"rendered":"<p>De l&rsquo;inflation \u00e0 5,1 % ? Apr\u00e8s une ann\u00e9e de crise non stop, on ne pouvait pas aboutir \u00e0 autre chose. Un dinar en berne face \u00e0 toutes les devises de r\u00e9f\u00e9rence, un circuit de distribution ravag\u00e9, une permanence de sit-in(s) et un trafic frontalier incontr\u00f4lable, auxquels s&rsquo;additionnent des cataclysmes exceptionnels&#8230; Tout y \u00e9tait pour le r\u00e9sultat. Une inflation qui se r\u00e9pand sur quasiment tous les produits, surtout ceux de la grande consommation, domaine dont le taux d&rsquo;irritabilit\u00e9 est le plus critique surtout \u00e0 l&rsquo;\u00e9gard de la gouvernance politique.<\/p>\n<p>Viandes diverses y compris poulets, \u0153ufs, etc. ont r\u00e9percut\u00e9 le prix de l&rsquo;alimentation animale qui conna\u00eet actuellement une hausse sur le march\u00e9 mondial sans pr\u00e9c\u00e9dent, et a d\u00e9j\u00e0 contamin\u00e9 les prix des biens alimentaires. L&rsquo;impact sur nos produits a \u00e9t\u00e9 d&rsquo;autant plus fort que le dinar d\u00e9j\u00e0 timor\u00e9 ne vaut plus que 50 % face \u00e0 l&rsquo;euro alors qu&rsquo;il glisse face au dollar tandis que ses perspectives de parit\u00e9 sur les positions \u00e0 6 mois sont nettement \u00e0 la hausse de l&rsquo;euro sur le march\u00e9 interbancaire.<\/p>\n<p>Il est d&rsquo;autant plus normal que les prix s&rsquo;envolent que nous sommes en pleine mutation. Ce ph\u00e9nom\u00e8ne vient de conna\u00eetre une acc\u00e9l\u00e9ration brutale, \u00e0 vue d\u2019\u0153il. L&rsquo;INS informe que pour le mois de janvier l&rsquo;inflation a d\u2019ores et d\u00e9j\u00e0 d\u00e9pass\u00e9 le seuil de 5 %.<\/p>\n<p>Critiquer une fatalit\u00e9 ne servira \u00e0 rien. Mettez-vous \u00e0 leur place. Certes, ce ne sont pas toujours des sp\u00e9cialistes mais, \u00e0 vrai dire, les articulations administratives sont toujours de service. Et si d\u00e9cision il y a, elle sort des structures habitu\u00e9es \u00e0 g\u00e9rer de tels probl\u00e8mes avec plus ou moins de fortune. Sauf que cette fois l&rsquo;\u00e9quation est difficile \u00e0 r\u00e9soudre.<\/p>\n<p>Sur toute l\u2019ann\u00e9e 2011, l&rsquo;indice des prix de vente des producteurs aux grossistes avait d\u00e9j\u00e0 progress\u00e9 de 6,5 %. Certes, nous avons vu un peu partout que les affiches de promotion et les tickets des prix ont admis tout r\u00e9cemment quelques concessions, suite \u00e0 l&rsquo;appel du minist\u00e8re concern\u00e9. Mais cela n&rsquo;a pas dur\u00e9. La viande bovine qui a baiss\u00e9 \u00e0 12,5 DT le vendredi est revenue \u00e0 16-18 DT. Les tickets, ayant consenties des \u00ab\u00a0affaires\u00a0\u00bb le samedi, ont \u00e9t\u00e9 escamot\u00e9es le dimanche, etc. C&rsquo;est qu&rsquo;il faut prendre conscience que plus de 80 % des prix sont libres et que la brigade de contr\u00f4leurs que le minist\u00e8re du Commerce pourrait mobiliser, ne fera rien contre les forces naturelles du march\u00e9.<\/p>\n<p>Mettre la faute sur les circuits de distribution qu&rsquo;on accuse de tous les torts y compris celui de freiner le flux offreur ne para\u00eet pas justifi\u00e9. En gros, on estime que \u00ab\u00a0depuis l&rsquo;arriv\u00e9e des hypermarch\u00e9s qui s&rsquo;approvisionnent directement chez les producteurs, toute l\u2019ancienne architecture de distribution s&rsquo;est trouv\u00e9e disloqu\u00e9e\u00a0\u00bb.<\/p>\n<p>Sauf que depuis, les \u00ab\u00a0bergeries tranquilles\u00a0\u00bb d&rsquo;hier ont vol\u00e9 en \u00e9clats. C&rsquo;est que la configuration de la distribution a pris l&rsquo;image d&rsquo;une nouvelle architecture o\u00f9 \u00ab\u00a0acheter au plus bas et vendre au plus haut\u00a0\u00bb \u00e9tait la r\u00e9ponse logique au consum\u00e9risme qui naissait d\u00e9j\u00e0 en Tunisie. Il faut reconna\u00eetre cependant qu&rsquo;a court terme les prix avaient baiss\u00e9 et la consommation avait explos\u00e9 au point qu&rsquo;en allant dans un supermarch\u00e9 on ne sait pas pourquoi on y allait et ce qu&rsquo;on y achetait, ou que nous ne savons pas pourquoi on a tant achet\u00e9.<\/p>\n<p>Aujourd&rsquo;hui, les circuits de distribution ne se composent plus que de trois intervenants \u00e0 savoir producteurs-\u00ab\u00a0sup-hypermarch\u00e9s\u00a0\u00bb-consommateurs, qui, en revanche, peuvent se mettre d&rsquo;accord pour choisir le rythme et la cadence de la distribution. C&rsquo;est l\u00e0 que r\u00e9side le danger. Souvenez-vous de l&rsquo;eau en \u00e9t\u00e9 et du lait lors de Ramadan. Il a suffit que le minist\u00e8re envisage d&rsquo;en importer pour que les produits r\u00e9-abondent quasi automatiquement sur les \u00e9tals.<\/p>\n<p>Mais le ver est d\u00e9j\u00e0 dans la pomme. \u00ab\u00a0L\u2019\u00e9picier du coin qui constituait le maillon du d\u00e9taillant s\u2019approvisionne d\u00e9sormais directement et fait ses propres marges \u00e0 partir du prix de l\u2019hyper\u00a0\u00bb. Les statistiques nous permettent de constater l\u2019importante diff\u00e9rence de prix aux diff\u00e9rents stades de la nouvelle cha\u00eene de distribution. Jusqu&rsquo;\u00e0 ce \u00ab\u00a0Jerbi\u00a0\u00bb s&rsquo;approvisionnant chez les hyper et qui reste le plus cher en finale&#8230; A vrai dire, nous avons notre part de responsabilit\u00e9 dans cette inflation o\u00f9 il nous faut apprendre \u00e0 maitriser nos pulsions.<\/p>\n","protected":false},"excerpt":{"rendered":"<p>Consum\u00e9risme irrationnel et inflation<\/p>\n","protected":false},"author":3222,"featured_media":333734,"comment_status":"open","ping_status":"closed","sticky":false,"template":"","format":"standard","meta":{"footnotes":""},"categories":[44],"tags":[2600],"class_list":["post-172162","post","type-post","status-publish","format-standard","has-post-thumbnail","hentry","category-national","tag-guerre"],"yoast_head":"<!-- This site is optimized with the Yoast SEO Premium plugin v27.5 (Yoast SEO v27.5) - https:\/\/yoast.com\/product\/yoast-seo-premium-wordpress\/ -->\n<title>Consum\u00e9risme irrationnel et inflation<\/title>\n<meta name=\"description\" content=\"Consum\u00e9risme irrationnel et inflation\" \/>\n<link rel=\"canonical\" href=\"https:\/\/www.webdo.tn\/fr\/actualite\/national-45\/consumerisme-irrationnel-et-inflation\/172162\/\" \/>\n<meta property=\"og:locale\" content=\"fr_FR\" \/>\n<meta property=\"og:type\" content=\"article\" \/>\n<meta property=\"og:title\" content=\"Consum\u00e9risme irrationnel et inflation\" \/>\n<meta property=\"og:description\" content=\"Consum\u00e9risme irrationnel et inflation\" \/>\n<meta property=\"og:url\" content=\"https:\/\/www.webdo.tn\/fr\/actualite\/national-45\/consumerisme-irrationnel-et-inflation\/172162\/\" \/>\n<meta property=\"og:site_name\" content=\"webdo\" \/>\n<meta property=\"article:publisher\" content=\"https:\/\/www.facebook.com\/webdotn\" \/>\n<meta property=\"article:published_time\" content=\"2012-03-01T19:07:00+00:00\" \/>\n<meta property=\"og:image\" content=\"https:\/\/www.webdo.tn\/fr\/wp-content\/uploads\/2012\/03\/Marche-Central-de-Tunis-photo-esmaribous.unblog.fr_.jpg\" \/>\n\t<meta property=\"og:image:width\" content=\"259\" \/>\n\t<meta property=\"og:image:height\" content=\"194\" \/>\n\t<meta property=\"og:image:type\" content=\"image\/jpeg\" \/>\n<meta name=\"author\" content=\"webdo.tn\" \/>\n<meta name=\"twitter:card\" content=\"summary_large_image\" \/>\n<meta name=\"twitter:creator\" content=\"@webdo_tn\" \/>\n<meta name=\"twitter:site\" content=\"@webdo_tn\" \/>\n<meta name=\"twitter:label1\" content=\"\u00c9crit par\" \/>\n\t<meta name=\"twitter:data1\" content=\"webdo.tn\" \/>\n\t<meta name=\"twitter:label2\" content=\"Dur\u00e9e de lecture estim\u00e9e\" \/>\n\t<meta name=\"twitter:data2\" content=\"4 minutes\" \/>\n<script type=\"application\/ld+json\" class=\"yoast-schema-graph\">{\"@context\":\"https:\\\/\\\/schema.org\",\"@graph\":[{\"@type\":\"NewsArticle\",\"@id\":\"https:\\\/\\\/www.webdo.tn\\\/fr\\\/actualite\\\/national-45\\\/consumerisme-irrationnel-et-inflation\\\/172162\\\/#article\",\"isPartOf\":{\"@id\":\"https:\\\/\\\/www.webdo.tn\\\/fr\\\/actualite\\\/national-45\\\/consumerisme-irrationnel-et-inflation\\\/172162\\\/\"},\"author\":{\"name\":\"webdo.tn\",\"@id\":\"https:\\\/\\\/www.webdo.tn\\\/fr\\\/#\\\/schema\\\/person\\\/9a9c6118d687c117df8ef3cc36a4d175\"},\"headline\":\"Consum\u00e9risme irrationnel et inflation\",\"datePublished\":\"2012-03-01T19:07:00+00:00\",\"mainEntityOfPage\":{\"@id\":\"https:\\\/\\\/www.webdo.tn\\\/fr\\\/actualite\\\/national-45\\\/consumerisme-irrationnel-et-inflation\\\/172162\\\/\"},\"wordCount\":768,\"commentCount\":0,\"publisher\":{\"@id\":\"https:\\\/\\\/www.webdo.tn\\\/fr\\\/#organization\"},\"image\":{\"@id\":\"https:\\\/\\\/www.webdo.tn\\\/fr\\\/actualite\\\/national-45\\\/consumerisme-irrationnel-et-inflation\\\/172162\\\/#primaryimage\"},\"thumbnailUrl\":\"https:\\\/\\\/www.webdo.tn\\\/fr\\\/wp-content\\\/uploads\\\/2012\\\/03\\\/Marche-Central-de-Tunis-photo-esmaribous.unblog.fr_.jpg\",\"keywords\":[\"guerre\"],\"articleSection\":[\"National\"],\"inLanguage\":\"fr-FR\"},{\"@type\":\"WebPage\",\"@id\":\"https:\\\/\\\/www.webdo.tn\\\/fr\\\/actualite\\\/national-45\\\/consumerisme-irrationnel-et-inflation\\\/172162\\\/\",\"url\":\"https:\\\/\\\/www.webdo.tn\\\/fr\\\/actualite\\\/national-45\\\/consumerisme-irrationnel-et-inflation\\\/172162\\\/\",\"name\":\"Consum\u00e9risme irrationnel et inflation\",\"isPartOf\":{\"@id\":\"https:\\\/\\\/www.webdo.tn\\\/fr\\\/#website\"},\"primaryImageOfPage\":{\"@id\":\"https:\\\/\\\/www.webdo.tn\\\/fr\\\/actualite\\\/national-45\\\/consumerisme-irrationnel-et-inflation\\\/172162\\\/#primaryimage\"},\"image\":{\"@id\":\"https:\\\/\\\/www.webdo.tn\\\/fr\\\/actualite\\\/national-45\\\/consumerisme-irrationnel-et-inflation\\\/172162\\\/#primaryimage\"},\"thumbnailUrl\":\"https:\\\/\\\/www.webdo.tn\\\/fr\\\/wp-content\\\/uploads\\\/2012\\\/03\\\/Marche-Central-de-Tunis-photo-esmaribous.unblog.fr_.jpg\",\"datePublished\":\"2012-03-01T19:07:00+00:00\",\"description\":\"Consum\u00e9risme irrationnel et inflation\",\"breadcrumb\":{\"@id\":\"https:\\\/\\\/www.webdo.tn\\\/fr\\\/actualite\\\/national-45\\\/consumerisme-irrationnel-et-inflation\\\/172162\\\/#breadcrumb\"},\"inLanguage\":\"fr-FR\",\"potentialAction\":[{\"@type\":\"ReadAction\",\"target\":[\"https:\\\/\\\/www.webdo.tn\\\/fr\\\/actualite\\\/national-45\\\/consumerisme-irrationnel-et-inflation\\\/172162\\\/\"]}]},{\"@type\":\"ImageObject\",\"inLanguage\":\"fr-FR\",\"@id\":\"https:\\\/\\\/www.webdo.tn\\\/fr\\\/actualite\\\/national-45\\\/consumerisme-irrationnel-et-inflation\\\/172162\\\/#primaryimage\",\"url\":\"https:\\\/\\\/www.webdo.tn\\\/fr\\\/wp-content\\\/uploads\\\/2012\\\/03\\\/Marche-Central-de-Tunis-photo-esmaribous.unblog.fr_.jpg\",\"contentUrl\":\"https:\\\/\\\/www.webdo.tn\\\/fr\\\/wp-content\\\/uploads\\\/2012\\\/03\\\/Marche-Central-de-Tunis-photo-esmaribous.unblog.fr_.jpg\",\"width\":259,\"height\":194,\"caption\":\"Consum\u00e9risme irrationnel et inflation\"},{\"@type\":\"BreadcrumbList\",\"@id\":\"https:\\\/\\\/www.webdo.tn\\\/fr\\\/actualite\\\/national-45\\\/consumerisme-irrationnel-et-inflation\\\/172162\\\/#breadcrumb\",\"itemListElement\":[{\"@type\":\"ListItem\",\"position\":1,\"name\":\"Accueil\",\"item\":\"https:\\\/\\\/www.webdo.tn\\\/fr\\\/\"},{\"@type\":\"ListItem\",\"position\":2,\"name\":\"Consum\u00e9risme irrationnel et inflation\"}]},{\"@type\":\"WebSite\",\"@id\":\"https:\\\/\\\/www.webdo.tn\\\/fr\\\/#website\",\"url\":\"https:\\\/\\\/www.webdo.tn\\\/fr\\\/\",\"name\":\"webdo\",\"description\":\"Tunisie - News en Tunisie et \u00e0 l&#039;international sur Webdo.tn\",\"publisher\":{\"@id\":\"https:\\\/\\\/www.webdo.tn\\\/fr\\\/#organization\"},\"potentialAction\":[{\"@type\":\"SearchAction\",\"target\":{\"@type\":\"EntryPoint\",\"urlTemplate\":\"https:\\\/\\\/www.webdo.tn\\\/fr\\\/?s={search_term_string}\"},\"query-input\":{\"@type\":\"PropertyValueSpecification\",\"valueRequired\":true,\"valueName\":\"search_term_string\"}}],\"inLanguage\":\"fr-FR\"},{\"@type\":\"Organization\",\"@id\":\"https:\\\/\\\/www.webdo.tn\\\/fr\\\/#organization\",\"name\":\"Webdo\",\"alternateName\":\"Webdo.tn\",\"url\":\"https:\\\/\\\/www.webdo.tn\\\/fr\\\/\",\"logo\":{\"@type\":\"ImageObject\",\"inLanguage\":\"fr-FR\",\"@id\":\"https:\\\/\\\/www.webdo.tn\\\/fr\\\/#\\\/schema\\\/logo\\\/image\\\/\",\"url\":\"https:\\\/\\\/www.webdo.tn\\\/fr\\\/wp-content\\\/uploads\\\/2025\\\/06\\\/Webdo-Tunisie_168377.jpg\",\"contentUrl\":\"https:\\\/\\\/www.webdo.tn\\\/fr\\\/wp-content\\\/uploads\\\/2025\\\/06\\\/Webdo-Tunisie_168377.jpg\",\"width\":301,\"height\":301,\"caption\":\"Webdo\"},\"image\":{\"@id\":\"https:\\\/\\\/www.webdo.tn\\\/fr\\\/#\\\/schema\\\/logo\\\/image\\\/\"},\"sameAs\":[\"https:\\\/\\\/www.facebook.com\\\/webdotn\",\"https:\\\/\\\/x.com\\\/webdo_tn\"],\"description\":\"Webdo est un m\u00e9dia num\u00e9rique tunisien fond\u00e9 en 2010, sp\u00e9cialis\u00e9 dans l\u2019actualit\u00e9 nationale et internationale, l\u2019\u00e9conomie, la soci\u00e9t\u00e9 et les analyses politiques. Le site s\u2019adresse \u00e0 un large public francophone et couvre l\u2019information tunisienne en temps r\u00e9el.\",\"email\":\"redac@webdo.tn\",\"legalName\":\"YNJ SARL\",\"foundingDate\":\"2010-09-06\",\"numberOfEmployees\":{\"@type\":\"QuantitativeValue\",\"minValue\":\"11\",\"maxValue\":\"50\"}},{\"@type\":\"Person\",\"@id\":\"https:\\\/\\\/www.webdo.tn\\\/fr\\\/#\\\/schema\\\/person\\\/9a9c6118d687c117df8ef3cc36a4d175\",\"name\":\"webdo.tn\",\"image\":{\"@type\":\"ImageObject\",\"inLanguage\":\"fr-FR\",\"@id\":\"https:\\\/\\\/secure.gravatar.com\\\/avatar\\\/7ce1f28c0c3bbac99ff550b85ef8e44a6950c6ee24514fb6a5489e51d06f0298?s=96&d=mm&r=g\",\"url\":\"https:\\\/\\\/secure.gravatar.com\\\/avatar\\\/7ce1f28c0c3bbac99ff550b85ef8e44a6950c6ee24514fb6a5489e51d06f0298?s=96&d=mm&r=g\",\"contentUrl\":\"https:\\\/\\\/secure.gravatar.com\\\/avatar\\\/7ce1f28c0c3bbac99ff550b85ef8e44a6950c6ee24514fb6a5489e51d06f0298?s=96&d=mm&r=g\",\"caption\":\"webdo.tn\"},\"url\":\"https:\\\/\\\/www.webdo.tn\\\/fr\\\/actualite\\\/author\\\/webdotn\\\/\"}]}<\/script>\n<!-- \/ Yoast SEO Premium plugin. -->","yoast_head_json":{"title":"Consum\u00e9risme irrationnel et inflation","description":"Consum\u00e9risme irrationnel et inflation","canonical":"https:\/\/www.webdo.tn\/fr\/actualite\/national-45\/consumerisme-irrationnel-et-inflation\/172162\/","og_locale":"fr_FR","og_type":"article","og_title":"Consum\u00e9risme irrationnel et inflation","og_description":"Consum\u00e9risme irrationnel et inflation","og_url":"https:\/\/www.webdo.tn\/fr\/actualite\/national-45\/consumerisme-irrationnel-et-inflation\/172162\/","og_site_name":"webdo","article_publisher":"https:\/\/www.facebook.com\/webdotn","article_published_time":"2012-03-01T19:07:00+00:00","og_image":[{"width":259,"height":194,"url":"https:\/\/www.webdo.tn\/fr\/wp-content\/uploads\/2012\/03\/Marche-Central-de-Tunis-photo-esmaribous.unblog.fr_.jpg","type":"image\/jpeg"}],"author":"webdo.tn","twitter_card":"summary_large_image","twitter_creator":"@webdo_tn","twitter_site":"@webdo_tn","twitter_misc":{"\u00c9crit par":"webdo.tn","Dur\u00e9e de lecture estim\u00e9e":"4 minutes"},"schema":{"@context":"https:\/\/schema.org","@graph":[{"@type":"NewsArticle","@id":"https:\/\/www.webdo.tn\/fr\/actualite\/national-45\/consumerisme-irrationnel-et-inflation\/172162\/#article","isPartOf":{"@id":"https:\/\/www.webdo.tn\/fr\/actualite\/national-45\/consumerisme-irrationnel-et-inflation\/172162\/"},"author":{"name":"webdo.tn","@id":"https:\/\/www.webdo.tn\/fr\/#\/schema\/person\/9a9c6118d687c117df8ef3cc36a4d175"},"headline":"Consum\u00e9risme irrationnel et inflation","datePublished":"2012-03-01T19:07:00+00:00","mainEntityOfPage":{"@id":"https:\/\/www.webdo.tn\/fr\/actualite\/national-45\/consumerisme-irrationnel-et-inflation\/172162\/"},"wordCount":768,"commentCount":0,"publisher":{"@id":"https:\/\/www.webdo.tn\/fr\/#organization"},"image":{"@id":"https:\/\/www.webdo.tn\/fr\/actualite\/national-45\/consumerisme-irrationnel-et-inflation\/172162\/#primaryimage"},"thumbnailUrl":"https:\/\/www.webdo.tn\/fr\/wp-content\/uploads\/2012\/03\/Marche-Central-de-Tunis-photo-esmaribous.unblog.fr_.jpg","keywords":["guerre"],"articleSection":["National"],"inLanguage":"fr-FR"},{"@type":"WebPage","@id":"https:\/\/www.webdo.tn\/fr\/actualite\/national-45\/consumerisme-irrationnel-et-inflation\/172162\/","url":"https:\/\/www.webdo.tn\/fr\/actualite\/national-45\/consumerisme-irrationnel-et-inflation\/172162\/","name":"Consum\u00e9risme irrationnel et inflation","isPartOf":{"@id":"https:\/\/www.webdo.tn\/fr\/#website"},"primaryImageOfPage":{"@id":"https:\/\/www.webdo.tn\/fr\/actualite\/national-45\/consumerisme-irrationnel-et-inflation\/172162\/#primaryimage"},"image":{"@id":"https:\/\/www.webdo.tn\/fr\/actualite\/national-45\/consumerisme-irrationnel-et-inflation\/172162\/#primaryimage"},"thumbnailUrl":"https:\/\/www.webdo.tn\/fr\/wp-content\/uploads\/2012\/03\/Marche-Central-de-Tunis-photo-esmaribous.unblog.fr_.jpg","datePublished":"2012-03-01T19:07:00+00:00","description":"Consum\u00e9risme irrationnel et inflation","breadcrumb":{"@id":"https:\/\/www.webdo.tn\/fr\/actualite\/national-45\/consumerisme-irrationnel-et-inflation\/172162\/#breadcrumb"},"inLanguage":"fr-FR","potentialAction":[{"@type":"ReadAction","target":["https:\/\/www.webdo.tn\/fr\/actualite\/national-45\/consumerisme-irrationnel-et-inflation\/172162\/"]}]},{"@type":"ImageObject","inLanguage":"fr-FR","@id":"https:\/\/www.webdo.tn\/fr\/actualite\/national-45\/consumerisme-irrationnel-et-inflation\/172162\/#primaryimage","url":"https:\/\/www.webdo.tn\/fr\/wp-content\/uploads\/2012\/03\/Marche-Central-de-Tunis-photo-esmaribous.unblog.fr_.jpg","contentUrl":"https:\/\/www.webdo.tn\/fr\/wp-content\/uploads\/2012\/03\/Marche-Central-de-Tunis-photo-esmaribous.unblog.fr_.jpg","width":259,"height":194,"caption":"Consum\u00e9risme irrationnel et inflation"},{"@type":"BreadcrumbList","@id":"https:\/\/www.webdo.tn\/fr\/actualite\/national-45\/consumerisme-irrationnel-et-inflation\/172162\/#breadcrumb","itemListElement":[{"@type":"ListItem","position":1,"name":"Accueil","item":"https:\/\/www.webdo.tn\/fr\/"},{"@type":"ListItem","position":2,"name":"Consum\u00e9risme irrationnel et inflation"}]},{"@type":"WebSite","@id":"https:\/\/www.webdo.tn\/fr\/#website","url":"https:\/\/www.webdo.tn\/fr\/","name":"webdo","description":"Tunisie - News en Tunisie et \u00e0 l&#039;international sur Webdo.tn","publisher":{"@id":"https:\/\/www.webdo.tn\/fr\/#organization"},"potentialAction":[{"@type":"SearchAction","target":{"@type":"EntryPoint","urlTemplate":"https:\/\/www.webdo.tn\/fr\/?s={search_term_string}"},"query-input":{"@type":"PropertyValueSpecification","valueRequired":true,"valueName":"search_term_string"}}],"inLanguage":"fr-FR"},{"@type":"Organization","@id":"https:\/\/www.webdo.tn\/fr\/#organization","name":"Webdo","alternateName":"Webdo.tn","url":"https:\/\/www.webdo.tn\/fr\/","logo":{"@type":"ImageObject","inLanguage":"fr-FR","@id":"https:\/\/www.webdo.tn\/fr\/#\/schema\/logo\/image\/","url":"https:\/\/www.webdo.tn\/fr\/wp-content\/uploads\/2025\/06\/Webdo-Tunisie_168377.jpg","contentUrl":"https:\/\/www.webdo.tn\/fr\/wp-content\/uploads\/2025\/06\/Webdo-Tunisie_168377.jpg","width":301,"height":301,"caption":"Webdo"},"image":{"@id":"https:\/\/www.webdo.tn\/fr\/#\/schema\/logo\/image\/"},"sameAs":["https:\/\/www.facebook.com\/webdotn","https:\/\/x.com\/webdo_tn"],"description":"Webdo est un m\u00e9dia num\u00e9rique tunisien fond\u00e9 en 2010, sp\u00e9cialis\u00e9 dans l\u2019actualit\u00e9 nationale et internationale, l\u2019\u00e9conomie, la soci\u00e9t\u00e9 et les analyses politiques. Le site s\u2019adresse \u00e0 un large public francophone et couvre l\u2019information tunisienne en temps r\u00e9el.","email":"redac@webdo.tn","legalName":"YNJ SARL","foundingDate":"2010-09-06","numberOfEmployees":{"@type":"QuantitativeValue","minValue":"11","maxValue":"50"}},{"@type":"Person","@id":"https:\/\/www.webdo.tn\/fr\/#\/schema\/person\/9a9c6118d687c117df8ef3cc36a4d175","name":"webdo.tn","image":{"@type":"ImageObject","inLanguage":"fr-FR","@id":"https:\/\/secure.gravatar.com\/avatar\/7ce1f28c0c3bbac99ff550b85ef8e44a6950c6ee24514fb6a5489e51d06f0298?s=96&d=mm&r=g","url":"https:\/\/secure.gravatar.com\/avatar\/7ce1f28c0c3bbac99ff550b85ef8e44a6950c6ee24514fb6a5489e51d06f0298?s=96&d=mm&r=g","contentUrl":"https:\/\/secure.gravatar.com\/avatar\/7ce1f28c0c3bbac99ff550b85ef8e44a6950c6ee24514fb6a5489e51d06f0298?s=96&d=mm&r=g","caption":"webdo.tn"},"url":"https:\/\/www.webdo.tn\/fr\/actualite\/author\/webdotn\/"}]}},"_links":{"self":[{"href":"https:\/\/www.webdo.tn\/fr\/wp-json\/wp\/v2\/posts\/172162","targetHints":{"allow":["GET"]}}],"collection":[{"href":"https:\/\/www.webdo.tn\/fr\/wp-json\/wp\/v2\/posts"}],"about":[{"href":"https:\/\/www.webdo.tn\/fr\/wp-json\/wp\/v2\/types\/post"}],"author":[{"embeddable":true,"href":"https:\/\/www.webdo.tn\/fr\/wp-json\/wp\/v2\/users\/3222"}],"replies":[{"embeddable":true,"href":"https:\/\/www.webdo.tn\/fr\/wp-json\/wp\/v2\/comments?post=172162"}],"version-history":[{"count":0,"href":"https:\/\/www.webdo.tn\/fr\/wp-json\/wp\/v2\/posts\/172162\/revisions"}],"wp:featuredmedia":[{"embeddable":true,"href":"https:\/\/www.webdo.tn\/fr\/wp-json\/wp\/v2\/media\/333734"}],"wp:attachment":[{"href":"https:\/\/www.webdo.tn\/fr\/wp-json\/wp\/v2\/media?parent=172162"}],"wp:term":[{"taxonomy":"category","embeddable":true,"href":"https:\/\/www.webdo.tn\/fr\/wp-json\/wp\/v2\/categories?post=172162"},{"taxonomy":"post_tag","embeddable":true,"href":"https:\/\/www.webdo.tn\/fr\/wp-json\/wp\/v2\/tags?post=172162"}],"curies":[{"name":"wp","href":"https:\/\/api.w.org\/{rel}","templated":true}]}}