{"id":172161,"date":"2012-03-01T21:53:00","date_gmt":"2012-03-01T21:53:00","guid":{"rendered":"https:\/\/www.webdo.tn\/fr\/blog\/faculte-de-la-manouba-demain-reprise-des-cours-des-etudiants-devant-le-conseil-de-discipline\/172161\/"},"modified":"2012-03-01T21:53:00","modified_gmt":"2012-03-01T21:53:00","slug":"faculte-de-la-manouba-demain-reprise-des-cours-des-etudiants-devant-le-conseil-de-discipline","status":"publish","type":"post","link":"https:\/\/www.webdo.tn\/fr\/actualite\/national\/faculte-de-la-manouba-demain-reprise-des-cours-des-etudiants-devant-le-conseil-de-discipline\/172161\/","title":{"rendered":"Facult\u00e9 de La Manouba : demain reprise des cours, des \u00e9tudiants devant le conseil de discipline"},"content":{"rendered":"<p>Les cours sont suspendus \u00e0 la Facult\u00e9 des Lettres, des Arts et des Humanit\u00e9s de La Manouba depuis trois jours. La matin\u00e9e du mardi 28 f\u00e9vrier a \u00e9t\u00e9 particuli\u00e8rement perturb\u00e9e, suite \u00e0 l\u2019agression de deux enseignants du d\u00e9partement d\u2019arabe, et au saccagement des biens de l\u2019institution. C\u2019est le refus d\u2019une \u00e9tudiante portant le niqab \u00e0 assister au cours qui a \u00e9t\u00e9 \u00e0 l\u2019origine de la recrudescence de la violence. Les cours furent aussit\u00f4t suspendus pour laisser place aux concertations entre les professeurs et le syndicat de base de la FLAHM quant \u00e0 l\u2019examen d\u2019une situation devenue insoutenable.<\/p>\n<p>Aujourd\u2019hui, les communiqu\u00e9s concomitants du Minist\u00e8re de l\u2019Enseignement sup\u00e9rieur et du Pr\u00e9sident de l\u2019Universit\u00e9 de La Manouba condamnant les d\u00e9passements graves que viennent de perp\u00e9trer une minorit\u00e9 d\u2019\u00e9tudiants extr\u00e9mistes, et appelant au respect du r\u00e8glement int\u00e9rieur de la FLAHM, ont provoqu\u00e9 une r\u00e9union du syndicat de base et des enseignants. Les responsables syndicalistes ont exprim\u00e9 leur satisfaction quant \u00e0 la r\u00e9action du minist\u00e8re jug\u00e9e positive, tout en soulignant l\u2019engagement du corps enseignant \u00e0 faire r\u00e9ussir l\u2019ann\u00e9e universitaire. Ils ont annonc\u00e9 par l\u00e0 m\u00eame la reprise d\u00e8s demain 2 mars des cours pour l\u2019ensemble des \u00e9tudiants, tout en rappelant la demande aupr\u00e8s du ministre, relative aux dispositifs qui assurent la s\u00e9curit\u00e9 des composantes de l\u2019institution.<\/p>\n<p>Il est \u00e0 pr\u00e9ciser que cette date (2 mars 2011) correspond \u00e0 la pr\u00e9sentation des \u00e9tudiants agresseurs devant le conseil de discipline. Le risque du pourrissement d\u2019une situation d\u00e9j\u00e0 fragile et tendue n\u2019est pas exclu, c\u2019est ce qui explique l\u2019inqui\u00e9tude qui plane sur la FLAHM.<\/p>\n","protected":false},"excerpt":{"rendered":"<p>Facult\u00e9 de La Manouba : demain reprise des cours, des \u00e9tudiants devant le conseil de discipline<\/p>\n","protected":false},"author":3222,"featured_media":374688,"comment_status":"open","ping_status":"closed","sticky":false,"template":"","format":"standard","meta":{"footnotes":""},"categories":[44],"tags":[2600],"class_list":["post-172161","post","type-post","status-publish","format-standard","has-post-thumbnail","hentry","category-national","tag-guerre"],"yoast_head":"<!-- This site is optimized with the Yoast SEO Premium plugin v27.5 (Yoast SEO v27.5) - https:\/\/yoast.com\/product\/yoast-seo-premium-wordpress\/ -->\n<title>Facult\u00e9 de La Manouba : demain reprise des cours, des \u00e9tudiants devant le conseil de discipline<\/title>\n<meta name=\"description\" content=\"Facult\u00e9 de La Manouba : demain reprise des cours, des \u00e9tudiants devant le conseil de discipline\" \/>\n<link rel=\"canonical\" href=\"https:\/\/www.webdo.tn\/fr\/actualite\/national-45\/faculte-de-la-manouba-demain-reprise-des-cours-des-etudiants-devant-le-conseil-de-discipline\/172161\/\" \/>\n<meta property=\"og:locale\" content=\"fr_FR\" \/>\n<meta property=\"og:type\" content=\"article\" \/>\n<meta property=\"og:title\" content=\"Facult\u00e9 de La Manouba : demain reprise des cours, des \u00e9tudiants devant le conseil de discipline\" \/>\n<meta property=\"og:description\" content=\"Facult\u00e9 de La Manouba : demain reprise des cours, des \u00e9tudiants devant le conseil de discipline\" \/>\n<meta property=\"og:url\" content=\"https:\/\/www.webdo.tn\/fr\/actualite\/national-45\/faculte-de-la-manouba-demain-reprise-des-cours-des-etudiants-devant-le-conseil-de-discipline\/172161\/\" \/>\n<meta property=\"og:site_name\" content=\"webdo\" \/>\n<meta property=\"article:publisher\" content=\"https:\/\/www.facebook.com\/webdotn\" \/>\n<meta property=\"article:published_time\" content=\"2012-03-01T21:53:00+00:00\" \/>\n<meta name=\"author\" content=\"webdo.tn\" \/>\n<meta name=\"twitter:card\" content=\"summary_large_image\" \/>\n<meta name=\"twitter:creator\" content=\"@webdo_tn\" \/>\n<meta name=\"twitter:site\" content=\"@webdo_tn\" \/>\n<meta name=\"twitter:label1\" content=\"\u00c9crit par\" \/>\n\t<meta name=\"twitter:data1\" content=\"webdo.tn\" \/>\n\t<meta name=\"twitter:label2\" content=\"Dur\u00e9e de lecture estim\u00e9e\" \/>\n\t<meta name=\"twitter:data2\" content=\"1 minute\" \/>\n<script type=\"application\/ld+json\" class=\"yoast-schema-graph\">{\"@context\":\"https:\\\/\\\/schema.org\",\"@graph\":[{\"@type\":\"NewsArticle\",\"@id\":\"https:\\\/\\\/www.webdo.tn\\\/fr\\\/actualite\\\/national-45\\\/faculte-de-la-manouba-demain-reprise-des-cours-des-etudiants-devant-le-conseil-de-discipline\\\/172161\\\/#article\",\"isPartOf\":{\"@id\":\"https:\\\/\\\/www.webdo.tn\\\/fr\\\/actualite\\\/national-45\\\/faculte-de-la-manouba-demain-reprise-des-cours-des-etudiants-devant-le-conseil-de-discipline\\\/172161\\\/\"},\"author\":{\"name\":\"webdo.tn\",\"@id\":\"https:\\\/\\\/www.webdo.tn\\\/fr\\\/#\\\/schema\\\/person\\\/9a9c6118d687c117df8ef3cc36a4d175\"},\"headline\":\"Facult\u00e9 de La Manouba : demain reprise des cours, des \u00e9tudiants devant le conseil de discipline\",\"datePublished\":\"2012-03-01T21:53:00+00:00\",\"mainEntityOfPage\":{\"@id\":\"https:\\\/\\\/www.webdo.tn\\\/fr\\\/actualite\\\/national-45\\\/faculte-de-la-manouba-demain-reprise-des-cours-des-etudiants-devant-le-conseil-de-discipline\\\/172161\\\/\"},\"wordCount\":308,\"commentCount\":0,\"publisher\":{\"@id\":\"https:\\\/\\\/www.webdo.tn\\\/fr\\\/#organization\"},\"image\":{\"@id\":\"https:\\\/\\\/www.webdo.tn\\\/fr\\\/actualite\\\/national-45\\\/faculte-de-la-manouba-demain-reprise-des-cours-des-etudiants-devant-le-conseil-de-discipline\\\/172161\\\/#primaryimage\"},\"thumbnailUrl\":\"https:\\\/\\\/www.webdo.tn\\\/fr\\\/wp-content\\\/uploads\\\/2025\\\/06\\\/Faculte-des-lettres-des-arts-et-des-humanites-de-la-Manouba-photo-TAP1_172161.jpg\",\"keywords\":[\"guerre\"],\"articleSection\":[\"National\"],\"inLanguage\":\"fr-FR\"},{\"@type\":\"WebPage\",\"@id\":\"https:\\\/\\\/www.webdo.tn\\\/fr\\\/actualite\\\/national-45\\\/faculte-de-la-manouba-demain-reprise-des-cours-des-etudiants-devant-le-conseil-de-discipline\\\/172161\\\/\",\"url\":\"https:\\\/\\\/www.webdo.tn\\\/fr\\\/actualite\\\/national-45\\\/faculte-de-la-manouba-demain-reprise-des-cours-des-etudiants-devant-le-conseil-de-discipline\\\/172161\\\/\",\"name\":\"Facult\u00e9 de La Manouba : demain reprise des cours, des \u00e9tudiants devant le conseil de discipline\",\"isPartOf\":{\"@id\":\"https:\\\/\\\/www.webdo.tn\\\/fr\\\/#website\"},\"primaryImageOfPage\":{\"@id\":\"https:\\\/\\\/www.webdo.tn\\\/fr\\\/actualite\\\/national-45\\\/faculte-de-la-manouba-demain-reprise-des-cours-des-etudiants-devant-le-conseil-de-discipline\\\/172161\\\/#primaryimage\"},\"image\":{\"@id\":\"https:\\\/\\\/www.webdo.tn\\\/fr\\\/actualite\\\/national-45\\\/faculte-de-la-manouba-demain-reprise-des-cours-des-etudiants-devant-le-conseil-de-discipline\\\/172161\\\/#primaryimage\"},\"thumbnailUrl\":\"https:\\\/\\\/www.webdo.tn\\\/fr\\\/wp-content\\\/uploads\\\/2025\\\/06\\\/Faculte-des-lettres-des-arts-et-des-humanites-de-la-Manouba-photo-TAP1_172161.jpg\",\"datePublished\":\"2012-03-01T21:53:00+00:00\",\"description\":\"Facult\u00e9 de La Manouba : demain reprise des cours, des \u00e9tudiants devant le conseil de discipline\",\"breadcrumb\":{\"@id\":\"https:\\\/\\\/www.webdo.tn\\\/fr\\\/actualite\\\/national-45\\\/faculte-de-la-manouba-demain-reprise-des-cours-des-etudiants-devant-le-conseil-de-discipline\\\/172161\\\/#breadcrumb\"},\"inLanguage\":\"fr-FR\",\"potentialAction\":[{\"@type\":\"ReadAction\",\"target\":[\"https:\\\/\\\/www.webdo.tn\\\/fr\\\/actualite\\\/national-45\\\/faculte-de-la-manouba-demain-reprise-des-cours-des-etudiants-devant-le-conseil-de-discipline\\\/172161\\\/\"]}]},{\"@type\":\"ImageObject\",\"inLanguage\":\"fr-FR\",\"@id\":\"https:\\\/\\\/www.webdo.tn\\\/fr\\\/actualite\\\/national-45\\\/faculte-de-la-manouba-demain-reprise-des-cours-des-etudiants-devant-le-conseil-de-discipline\\\/172161\\\/#primaryimage\",\"url\":\"https:\\\/\\\/www.webdo.tn\\\/fr\\\/wp-content\\\/uploads\\\/2025\\\/06\\\/Faculte-des-lettres-des-arts-et-des-humanites-de-la-Manouba-photo-TAP1_172161.jpg\",\"contentUrl\":\"https:\\\/\\\/www.webdo.tn\\\/fr\\\/wp-content\\\/uploads\\\/2025\\\/06\\\/Faculte-des-lettres-des-arts-et-des-humanites-de-la-Manouba-photo-TAP1_172161.jpg\",\"width\":334,\"height\":263,\"caption\":\"Facult\u00e9 de La Manouba : demain reprise des cours, des \u00e9tudiants devant le conseil de discipline\"},{\"@type\":\"BreadcrumbList\",\"@id\":\"https:\\\/\\\/www.webdo.tn\\\/fr\\\/actualite\\\/national-45\\\/faculte-de-la-manouba-demain-reprise-des-cours-des-etudiants-devant-le-conseil-de-discipline\\\/172161\\\/#breadcrumb\",\"itemListElement\":[{\"@type\":\"ListItem\",\"position\":1,\"name\":\"Accueil\",\"item\":\"https:\\\/\\\/www.webdo.tn\\\/fr\\\/\"},{\"@type\":\"ListItem\",\"position\":2,\"name\":\"Facult\u00e9 de La Manouba : demain reprise des cours, des \u00e9tudiants devant le conseil de discipline\"}]},{\"@type\":\"WebSite\",\"@id\":\"https:\\\/\\\/www.webdo.tn\\\/fr\\\/#website\",\"url\":\"https:\\\/\\\/www.webdo.tn\\\/fr\\\/\",\"name\":\"webdo\",\"description\":\"Tunisie - News en Tunisie et \u00e0 l&#039;international sur Webdo.tn\",\"publisher\":{\"@id\":\"https:\\\/\\\/www.webdo.tn\\\/fr\\\/#organization\"},\"potentialAction\":[{\"@type\":\"SearchAction\",\"target\":{\"@type\":\"EntryPoint\",\"urlTemplate\":\"https:\\\/\\\/www.webdo.tn\\\/fr\\\/?s={search_term_string}\"},\"query-input\":{\"@type\":\"PropertyValueSpecification\",\"valueRequired\":true,\"valueName\":\"search_term_string\"}}],\"inLanguage\":\"fr-FR\"},{\"@type\":\"Organization\",\"@id\":\"https:\\\/\\\/www.webdo.tn\\\/fr\\\/#organization\",\"name\":\"Webdo\",\"alternateName\":\"Webdo.tn\",\"url\":\"https:\\\/\\\/www.webdo.tn\\\/fr\\\/\",\"logo\":{\"@type\":\"ImageObject\",\"inLanguage\":\"fr-FR\",\"@id\":\"https:\\\/\\\/www.webdo.tn\\\/fr\\\/#\\\/schema\\\/logo\\\/image\\\/\",\"url\":\"https:\\\/\\\/www.webdo.tn\\\/fr\\\/wp-content\\\/uploads\\\/2025\\\/06\\\/Webdo-Tunisie_168377.jpg\",\"contentUrl\":\"https:\\\/\\\/www.webdo.tn\\\/fr\\\/wp-content\\\/uploads\\\/2025\\\/06\\\/Webdo-Tunisie_168377.jpg\",\"width\":301,\"height\":301,\"caption\":\"Webdo\"},\"image\":{\"@id\":\"https:\\\/\\\/www.webdo.tn\\\/fr\\\/#\\\/schema\\\/logo\\\/image\\\/\"},\"sameAs\":[\"https:\\\/\\\/www.facebook.com\\\/webdotn\",\"https:\\\/\\\/x.com\\\/webdo_tn\"],\"description\":\"Webdo est un m\u00e9dia num\u00e9rique tunisien fond\u00e9 en 2010, sp\u00e9cialis\u00e9 dans l\u2019actualit\u00e9 nationale et internationale, l\u2019\u00e9conomie, la soci\u00e9t\u00e9 et les analyses politiques. Le site s\u2019adresse \u00e0 un large public francophone et couvre l\u2019information tunisienne en temps r\u00e9el.\",\"email\":\"redac@webdo.tn\",\"legalName\":\"YNJ SARL\",\"foundingDate\":\"2010-09-06\",\"numberOfEmployees\":{\"@type\":\"QuantitativeValue\",\"minValue\":\"11\",\"maxValue\":\"50\"}},{\"@type\":\"Person\",\"@id\":\"https:\\\/\\\/www.webdo.tn\\\/fr\\\/#\\\/schema\\\/person\\\/9a9c6118d687c117df8ef3cc36a4d175\",\"name\":\"webdo.tn\",\"image\":{\"@type\":\"ImageObject\",\"inLanguage\":\"fr-FR\",\"@id\":\"https:\\\/\\\/secure.gravatar.com\\\/avatar\\\/7ce1f28c0c3bbac99ff550b85ef8e44a6950c6ee24514fb6a5489e51d06f0298?s=96&d=mm&r=g\",\"url\":\"https:\\\/\\\/secure.gravatar.com\\\/avatar\\\/7ce1f28c0c3bbac99ff550b85ef8e44a6950c6ee24514fb6a5489e51d06f0298?s=96&d=mm&r=g\",\"contentUrl\":\"https:\\\/\\\/secure.gravatar.com\\\/avatar\\\/7ce1f28c0c3bbac99ff550b85ef8e44a6950c6ee24514fb6a5489e51d06f0298?s=96&d=mm&r=g\",\"caption\":\"webdo.tn\"},\"url\":\"https:\\\/\\\/www.webdo.tn\\\/fr\\\/actualite\\\/author\\\/webdotn\\\/\"}]}<\/script>\n<!-- \/ Yoast SEO Premium plugin. -->","yoast_head_json":{"title":"Facult\u00e9 de La Manouba : demain reprise des cours, des \u00e9tudiants devant le conseil de discipline","description":"Facult\u00e9 de La Manouba : demain reprise des cours, des \u00e9tudiants devant le conseil de discipline","canonical":"https:\/\/www.webdo.tn\/fr\/actualite\/national-45\/faculte-de-la-manouba-demain-reprise-des-cours-des-etudiants-devant-le-conseil-de-discipline\/172161\/","og_locale":"fr_FR","og_type":"article","og_title":"Facult\u00e9 de La Manouba : demain reprise des cours, des \u00e9tudiants devant le conseil de discipline","og_description":"Facult\u00e9 de La Manouba : demain reprise des cours, des \u00e9tudiants devant le conseil de discipline","og_url":"https:\/\/www.webdo.tn\/fr\/actualite\/national-45\/faculte-de-la-manouba-demain-reprise-des-cours-des-etudiants-devant-le-conseil-de-discipline\/172161\/","og_site_name":"webdo","article_publisher":"https:\/\/www.facebook.com\/webdotn","article_published_time":"2012-03-01T21:53:00+00:00","author":"webdo.tn","twitter_card":"summary_large_image","twitter_creator":"@webdo_tn","twitter_site":"@webdo_tn","twitter_misc":{"\u00c9crit par":"webdo.tn","Dur\u00e9e de lecture estim\u00e9e":"1 minute"},"schema":{"@context":"https:\/\/schema.org","@graph":[{"@type":"NewsArticle","@id":"https:\/\/www.webdo.tn\/fr\/actualite\/national-45\/faculte-de-la-manouba-demain-reprise-des-cours-des-etudiants-devant-le-conseil-de-discipline\/172161\/#article","isPartOf":{"@id":"https:\/\/www.webdo.tn\/fr\/actualite\/national-45\/faculte-de-la-manouba-demain-reprise-des-cours-des-etudiants-devant-le-conseil-de-discipline\/172161\/"},"author":{"name":"webdo.tn","@id":"https:\/\/www.webdo.tn\/fr\/#\/schema\/person\/9a9c6118d687c117df8ef3cc36a4d175"},"headline":"Facult\u00e9 de La Manouba : demain reprise des cours, des \u00e9tudiants devant le conseil de discipline","datePublished":"2012-03-01T21:53:00+00:00","mainEntityOfPage":{"@id":"https:\/\/www.webdo.tn\/fr\/actualite\/national-45\/faculte-de-la-manouba-demain-reprise-des-cours-des-etudiants-devant-le-conseil-de-discipline\/172161\/"},"wordCount":308,"commentCount":0,"publisher":{"@id":"https:\/\/www.webdo.tn\/fr\/#organization"},"image":{"@id":"https:\/\/www.webdo.tn\/fr\/actualite\/national-45\/faculte-de-la-manouba-demain-reprise-des-cours-des-etudiants-devant-le-conseil-de-discipline\/172161\/#primaryimage"},"thumbnailUrl":"https:\/\/www.webdo.tn\/fr\/wp-content\/uploads\/2025\/06\/Faculte-des-lettres-des-arts-et-des-humanites-de-la-Manouba-photo-TAP1_172161.jpg","keywords":["guerre"],"articleSection":["National"],"inLanguage":"fr-FR"},{"@type":"WebPage","@id":"https:\/\/www.webdo.tn\/fr\/actualite\/national-45\/faculte-de-la-manouba-demain-reprise-des-cours-des-etudiants-devant-le-conseil-de-discipline\/172161\/","url":"https:\/\/www.webdo.tn\/fr\/actualite\/national-45\/faculte-de-la-manouba-demain-reprise-des-cours-des-etudiants-devant-le-conseil-de-discipline\/172161\/","name":"Facult\u00e9 de La Manouba : demain reprise des cours, des \u00e9tudiants devant le conseil de discipline","isPartOf":{"@id":"https:\/\/www.webdo.tn\/fr\/#website"},"primaryImageOfPage":{"@id":"https:\/\/www.webdo.tn\/fr\/actualite\/national-45\/faculte-de-la-manouba-demain-reprise-des-cours-des-etudiants-devant-le-conseil-de-discipline\/172161\/#primaryimage"},"image":{"@id":"https:\/\/www.webdo.tn\/fr\/actualite\/national-45\/faculte-de-la-manouba-demain-reprise-des-cours-des-etudiants-devant-le-conseil-de-discipline\/172161\/#primaryimage"},"thumbnailUrl":"https:\/\/www.webdo.tn\/fr\/wp-content\/uploads\/2025\/06\/Faculte-des-lettres-des-arts-et-des-humanites-de-la-Manouba-photo-TAP1_172161.jpg","datePublished":"2012-03-01T21:53:00+00:00","description":"Facult\u00e9 de La Manouba : demain reprise des cours, des \u00e9tudiants devant le conseil de discipline","breadcrumb":{"@id":"https:\/\/www.webdo.tn\/fr\/actualite\/national-45\/faculte-de-la-manouba-demain-reprise-des-cours-des-etudiants-devant-le-conseil-de-discipline\/172161\/#breadcrumb"},"inLanguage":"fr-FR","potentialAction":[{"@type":"ReadAction","target":["https:\/\/www.webdo.tn\/fr\/actualite\/national-45\/faculte-de-la-manouba-demain-reprise-des-cours-des-etudiants-devant-le-conseil-de-discipline\/172161\/"]}]},{"@type":"ImageObject","inLanguage":"fr-FR","@id":"https:\/\/www.webdo.tn\/fr\/actualite\/national-45\/faculte-de-la-manouba-demain-reprise-des-cours-des-etudiants-devant-le-conseil-de-discipline\/172161\/#primaryimage","url":"https:\/\/www.webdo.tn\/fr\/wp-content\/uploads\/2025\/06\/Faculte-des-lettres-des-arts-et-des-humanites-de-la-Manouba-photo-TAP1_172161.jpg","contentUrl":"https:\/\/www.webdo.tn\/fr\/wp-content\/uploads\/2025\/06\/Faculte-des-lettres-des-arts-et-des-humanites-de-la-Manouba-photo-TAP1_172161.jpg","width":334,"height":263,"caption":"Facult\u00e9 de La Manouba : demain reprise des cours, des \u00e9tudiants devant le conseil de discipline"},{"@type":"BreadcrumbList","@id":"https:\/\/www.webdo.tn\/fr\/actualite\/national-45\/faculte-de-la-manouba-demain-reprise-des-cours-des-etudiants-devant-le-conseil-de-discipline\/172161\/#breadcrumb","itemListElement":[{"@type":"ListItem","position":1,"name":"Accueil","item":"https:\/\/www.webdo.tn\/fr\/"},{"@type":"ListItem","position":2,"name":"Facult\u00e9 de La Manouba : demain reprise des cours, des \u00e9tudiants devant le conseil de discipline"}]},{"@type":"WebSite","@id":"https:\/\/www.webdo.tn\/fr\/#website","url":"https:\/\/www.webdo.tn\/fr\/","name":"webdo","description":"Tunisie - News en Tunisie et \u00e0 l&#039;international sur Webdo.tn","publisher":{"@id":"https:\/\/www.webdo.tn\/fr\/#organization"},"potentialAction":[{"@type":"SearchAction","target":{"@type":"EntryPoint","urlTemplate":"https:\/\/www.webdo.tn\/fr\/?s={search_term_string}"},"query-input":{"@type":"PropertyValueSpecification","valueRequired":true,"valueName":"search_term_string"}}],"inLanguage":"fr-FR"},{"@type":"Organization","@id":"https:\/\/www.webdo.tn\/fr\/#organization","name":"Webdo","alternateName":"Webdo.tn","url":"https:\/\/www.webdo.tn\/fr\/","logo":{"@type":"ImageObject","inLanguage":"fr-FR","@id":"https:\/\/www.webdo.tn\/fr\/#\/schema\/logo\/image\/","url":"https:\/\/www.webdo.tn\/fr\/wp-content\/uploads\/2025\/06\/Webdo-Tunisie_168377.jpg","contentUrl":"https:\/\/www.webdo.tn\/fr\/wp-content\/uploads\/2025\/06\/Webdo-Tunisie_168377.jpg","width":301,"height":301,"caption":"Webdo"},"image":{"@id":"https:\/\/www.webdo.tn\/fr\/#\/schema\/logo\/image\/"},"sameAs":["https:\/\/www.facebook.com\/webdotn","https:\/\/x.com\/webdo_tn"],"description":"Webdo est un m\u00e9dia num\u00e9rique tunisien fond\u00e9 en 2010, sp\u00e9cialis\u00e9 dans l\u2019actualit\u00e9 nationale et internationale, l\u2019\u00e9conomie, la soci\u00e9t\u00e9 et les analyses politiques. Le site s\u2019adresse \u00e0 un large public francophone et couvre l\u2019information tunisienne en temps r\u00e9el.","email":"redac@webdo.tn","legalName":"YNJ SARL","foundingDate":"2010-09-06","numberOfEmployees":{"@type":"QuantitativeValue","minValue":"11","maxValue":"50"}},{"@type":"Person","@id":"https:\/\/www.webdo.tn\/fr\/#\/schema\/person\/9a9c6118d687c117df8ef3cc36a4d175","name":"webdo.tn","image":{"@type":"ImageObject","inLanguage":"fr-FR","@id":"https:\/\/secure.gravatar.com\/avatar\/7ce1f28c0c3bbac99ff550b85ef8e44a6950c6ee24514fb6a5489e51d06f0298?s=96&d=mm&r=g","url":"https:\/\/secure.gravatar.com\/avatar\/7ce1f28c0c3bbac99ff550b85ef8e44a6950c6ee24514fb6a5489e51d06f0298?s=96&d=mm&r=g","contentUrl":"https:\/\/secure.gravatar.com\/avatar\/7ce1f28c0c3bbac99ff550b85ef8e44a6950c6ee24514fb6a5489e51d06f0298?s=96&d=mm&r=g","caption":"webdo.tn"},"url":"https:\/\/www.webdo.tn\/fr\/actualite\/author\/webdotn\/"}]}},"_links":{"self":[{"href":"https:\/\/www.webdo.tn\/fr\/wp-json\/wp\/v2\/posts\/172161","targetHints":{"allow":["GET"]}}],"collection":[{"href":"https:\/\/www.webdo.tn\/fr\/wp-json\/wp\/v2\/posts"}],"about":[{"href":"https:\/\/www.webdo.tn\/fr\/wp-json\/wp\/v2\/types\/post"}],"author":[{"embeddable":true,"href":"https:\/\/www.webdo.tn\/fr\/wp-json\/wp\/v2\/users\/3222"}],"replies":[{"embeddable":true,"href":"https:\/\/www.webdo.tn\/fr\/wp-json\/wp\/v2\/comments?post=172161"}],"version-history":[{"count":0,"href":"https:\/\/www.webdo.tn\/fr\/wp-json\/wp\/v2\/posts\/172161\/revisions"}],"wp:featuredmedia":[{"embeddable":true,"href":"https:\/\/www.webdo.tn\/fr\/wp-json\/wp\/v2\/media\/374688"}],"wp:attachment":[{"href":"https:\/\/www.webdo.tn\/fr\/wp-json\/wp\/v2\/media?parent=172161"}],"wp:term":[{"taxonomy":"category","embeddable":true,"href":"https:\/\/www.webdo.tn\/fr\/wp-json\/wp\/v2\/categories?post=172161"},{"taxonomy":"post_tag","embeddable":true,"href":"https:\/\/www.webdo.tn\/fr\/wp-json\/wp\/v2\/tags?post=172161"}],"curies":[{"name":"wp","href":"https:\/\/api.w.org\/{rel}","templated":true}]}}