{"id":172160,"date":"2012-03-02T09:58:00","date_gmt":"2012-03-02T09:58:00","guid":{"rendered":"https:\/\/www.webdo.tn\/fr\/blog\/sous-ben-ali-ou-autres-diktat-latecoere-se-sent-bien-en-tunisien\/172160\/"},"modified":"2012-03-02T09:58:00","modified_gmt":"2012-03-02T09:58:00","slug":"sous-ben-ali-ou-autres-diktat-latecoere-se-sent-bien-en-tunisien","status":"publish","type":"post","link":"https:\/\/www.webdo.tn\/fr\/actualite\/national\/sous-ben-ali-ou-autres-diktat-latecoere-se-sent-bien-en-tunisien\/172160\/","title":{"rendered":"Sous Ben Ali ou autres diktat, Lateco\u00e8re se sent bien en Tunisie"},"content":{"rendered":"<p>Quand un investisseur \u00e9tranger souhaite investir ou d\u00e9localiser son affaire, g\u00e9n\u00e9ralement, il se r\u00e9f\u00e8re \u00e0 deux types de strat\u00e9gie. Il peut aborder un site d&rsquo;investissement en privil\u00e9giant le pays d&rsquo;accueil sur toute autre consid\u00e9ration. Le pays \u00e9tant choisi souvent en raison de sa proximit\u00e9 g\u00e9o\u00e9conomique, mais aussi de la qualit\u00e9 du dispositif r\u00e8glementaire voir du r\u00e9gime politique, \u00e9conomique et social. Ce n&rsquo;est qu&rsquo;ensuite qu&rsquo;il portera son attention sur le site \u00e0 proprement parler pour en examiner l&rsquo;infrastructure et autres facilit\u00e9s, y compris la disponibilit\u00e9 et la qualification de la main-d&rsquo;\u0153uvre. C&rsquo;est l&rsquo;approche du Top down, litt\u00e9ralement \u00ab\u00a0du haut vers le bas\u00a0\u00bb.<\/p>\n<p>Cette strat\u00e9gie connue comme \u00e9tant favoris\u00e9e par les investisseurs japonais, jouant les risques souverains, a permis l&rsquo;amorce du d\u00e9veloppement de beaucoup de pays \u00e9mergents. La Tunisie en a souvent profit\u00e9 et nous avons pu maintes fois sortir sur le march\u00e9 obligataire international pour emprunter au Japon du yen et ainsi r\u00e9aliser, sous leur bienveillante exp\u00e9rience et transferts technologiques, des projets comme le fameux pont de la Goulette-Rades.<\/p>\n<p>La deuxi\u00e8me approche d&rsquo;investissement, c&rsquo;est celle du Botom up. L&rsquo;investisseur veut d&rsquo;abord prendre connaissance du lieu sp\u00e9cifique d&rsquo;investissement (par exemple une zone industrielle donn\u00e9e) et v\u00e9rifier que toutes les garanties d&rsquo;investissement et de d\u00e9veloppement y sont r\u00e9unies en faveur de la r\u00e9alisation fructueuse de son projet. Ici le cadre du pays est une pr\u00e9occupation secondaire et l&rsquo;investissement peut se faire, m\u00eame dans un r\u00e9gime antid\u00e9mocratique pourvu que la stabilit\u00e9 soit garantie. Le Chili sous Pinochet en \u00e9tait le prototype et les Am\u00e9ricains y investissaient en masse.<\/p>\n<p>En choisissant de s&rsquo;implanter en Tunisie l&rsquo;\u00e9quipementier Lateco\u00e8re, principal fournisseur d&rsquo;Airbus avait trouv\u00e9 en Tunisie, voici une quinzaine d&rsquo;ann\u00e9es, un pays sous un pouvoir ne permettant pas tout \u00e0 fait de dire que la dictature y \u00e9tait naissante. Il faut en effet reconna\u00eetre que les conditions d&rsquo;attrait n&rsquo;\u00e9taient pas n\u00e9gligeables, alors que les zones industrielles se mettaient progressivement en place.<\/p>\n<p>Apr\u00e8s la R\u00e9volution, la situation a amorc\u00e9 une p\u00e9riode chaotique qui pouvait ne plus convenir \u00e0 certains investisseurs qui, n&rsquo;ayant que faire du pays, cherchaient d&rsquo;abord \u00e0 garantir leur appareil de production. Les moins attach\u00e9s ont pli\u00e9 bagages ou sont all\u00e9s ailleurs, n&rsquo;acceptant plus de s&rsquo;engager dans un contexte de sit-in \u00e0 r\u00e9p\u00e9tition.<\/p>\n<p>Il faut cependant savoir que la France, l&rsquo;Allemagne et l&rsquo;Italie repr\u00e9sentent \u00e0 eux seuls la quasi-totalit\u00e9 des IDE install\u00e9s ici. Or, malgr\u00e9 la transition que vit la Tunisie, ces trois pays ont globalement continu\u00e9 \u00e0 nous faire confiance et ont tendu la main \u00e0 toutes les gouvernances qui se sont succ\u00e9d\u00e9 \u00e0 la t\u00eate de la nouvelle r\u00e9publique, avec l&rsquo;id\u00e9e que la Tunisie, premier pays du Sud de la M\u00e9diterran\u00e9e \u00e0 aborder une exp\u00e9rience d\u00e9mocratique, a toutes les chances de jouer \u00e0 moyen et long terme, dans le contexte d&rsquo;un rapprochement euro-m\u00e9diterran\u00e9en un r\u00f4le de premier plan d&rsquo;int\u00e9gration des deux rives. Cette vision des choses, semble l&#8217;emporter sur celle \u00e0 court terme qui a fait s&rsquo;\u00e9vacuer les entreprises ne pouvant supporter un risque sup\u00e9rieur \u00e0 un certain degr\u00e9 de tol\u00e9rance.<\/p>\n<p>Re\u00e7u par Riadh Bettaieb, le ministre de l&rsquo;Investissement et de la Coop\u00e9ration internationale, Fran\u00e7ois Bertrand, pr\u00e9sident du directoire du groupe Lat\u00e9co\u00e8re, a confirm\u00e9 qu&rsquo;il n&rsquo;a aucune intention de r\u00e9duire son activit\u00e9 en Tunisie au profit du Mexique, quand bien m\u00eame il serait tr\u00e8s pr\u00e9occup\u00e9 par la situation, en particulier au niveau de l&rsquo;instabilit\u00e9 et des perturbations. F. Bertrand a m\u00eame confirm\u00e9 que son groupe veut continuer \u00e0 renforcer ses activit\u00e9s en Tunisie, qu&rsquo;il a recrut\u00e9 300 personnes l&rsquo;ann\u00e9e derni\u00e8re, dont il est tr\u00e8s fier, affirmant que les implantations en Am\u00e9rique latine n&rsquo;ont rien \u00e0 voir avec ce que son groupe fait pour le d\u00e9veloppement de ses activit\u00e9s en Tunisie, contrairement \u00e0 cette information qui a circul\u00e9 sur le web concernant \u00ab\u00a0une possible d\u00e9localisation au Mexique du groupe pr\u00e9sent en Tunisie depuis 14 ans. Le groupe qui emploie actuellement 900 Tunisiens envisage m\u00eame de recruter 200 autres Tunisiens courant 2012. Il faut savoir que le groupe, pr\u00e9sent chez nous depuis 1998, a implant\u00e9 deux sites de production dans la zone industrielle de Charguia et \u00e0 Fouchana.<\/p>\n","protected":false},"excerpt":{"rendered":"<p>Sous Ben Ali ou autres diktat, Lateco\u00e8re se sent bien en Tunisie<\/p>\n","protected":false},"author":3222,"featured_media":374687,"comment_status":"open","ping_status":"closed","sticky":false,"template":"","format":"standard","meta":{"footnotes":""},"categories":[44],"tags":[2600],"class_list":["post-172160","post","type-post","status-publish","format-standard","has-post-thumbnail","hentry","category-national","tag-guerre"],"yoast_head":"<!-- This site is optimized with the Yoast SEO Premium plugin v27.5 (Yoast SEO v27.5) - https:\/\/yoast.com\/product\/yoast-seo-premium-wordpress\/ -->\n<title>Sous Ben Ali ou autres diktat, Lateco\u00e8re se sent bien en Tunisie<\/title>\n<meta name=\"description\" content=\"Sous Ben Ali ou autres diktat, Lateco\u00e8re se sent bien en Tunisie\" \/>\n<link rel=\"canonical\" href=\"https:\/\/www.webdo.tn\/fr\/actualite\/national-45\/sous-ben-ali-ou-autres-diktat-latecoere-se-sent-bien-en-tunisien\/172160\/\" \/>\n<meta property=\"og:locale\" content=\"fr_FR\" \/>\n<meta property=\"og:type\" content=\"article\" \/>\n<meta property=\"og:title\" content=\"Sous Ben Ali ou autres diktat, Lateco\u00e8re se sent bien en Tunisie\" \/>\n<meta property=\"og:description\" content=\"Sous Ben Ali ou autres diktat, Lateco\u00e8re se sent bien en Tunisie\" \/>\n<meta property=\"og:url\" content=\"https:\/\/www.webdo.tn\/fr\/actualite\/national-45\/sous-ben-ali-ou-autres-diktat-latecoere-se-sent-bien-en-tunisien\/172160\/\" \/>\n<meta property=\"og:site_name\" content=\"webdo\" \/>\n<meta property=\"article:publisher\" content=\"https:\/\/www.facebook.com\/webdotn\" \/>\n<meta property=\"article:published_time\" content=\"2012-03-02T09:58:00+00:00\" \/>\n<meta name=\"author\" content=\"webdo.tn\" \/>\n<meta name=\"twitter:card\" content=\"summary_large_image\" \/>\n<meta name=\"twitter:creator\" content=\"@webdo_tn\" \/>\n<meta name=\"twitter:site\" content=\"@webdo_tn\" \/>\n<meta name=\"twitter:label1\" content=\"\u00c9crit par\" \/>\n\t<meta name=\"twitter:data1\" content=\"webdo.tn\" \/>\n\t<meta name=\"twitter:label2\" content=\"Dur\u00e9e de lecture estim\u00e9e\" \/>\n\t<meta name=\"twitter:data2\" content=\"4 minutes\" \/>\n<script type=\"application\/ld+json\" class=\"yoast-schema-graph\">{\"@context\":\"https:\\\/\\\/schema.org\",\"@graph\":[{\"@type\":\"NewsArticle\",\"@id\":\"https:\\\/\\\/www.webdo.tn\\\/fr\\\/actualite\\\/national-45\\\/sous-ben-ali-ou-autres-diktat-latecoere-se-sent-bien-en-tunisien\\\/172160\\\/#article\",\"isPartOf\":{\"@id\":\"https:\\\/\\\/www.webdo.tn\\\/fr\\\/actualite\\\/national-45\\\/sous-ben-ali-ou-autres-diktat-latecoere-se-sent-bien-en-tunisien\\\/172160\\\/\"},\"author\":{\"name\":\"webdo.tn\",\"@id\":\"https:\\\/\\\/www.webdo.tn\\\/fr\\\/#\\\/schema\\\/person\\\/9a9c6118d687c117df8ef3cc36a4d175\"},\"headline\":\"Sous Ben Ali ou autres diktat, Lateco\u00e8re se sent bien en Tunisie\",\"datePublished\":\"2012-03-02T09:58:00+00:00\",\"mainEntityOfPage\":{\"@id\":\"https:\\\/\\\/www.webdo.tn\\\/fr\\\/actualite\\\/national-45\\\/sous-ben-ali-ou-autres-diktat-latecoere-se-sent-bien-en-tunisien\\\/172160\\\/\"},\"wordCount\":782,\"commentCount\":0,\"publisher\":{\"@id\":\"https:\\\/\\\/www.webdo.tn\\\/fr\\\/#organization\"},\"image\":{\"@id\":\"https:\\\/\\\/www.webdo.tn\\\/fr\\\/actualite\\\/national-45\\\/sous-ben-ali-ou-autres-diktat-latecoere-se-sent-bien-en-tunisien\\\/172160\\\/#primaryimage\"},\"thumbnailUrl\":\"https:\\\/\\\/www.webdo.tn\\\/fr\\\/wp-content\\\/uploads\\\/2025\\\/06\\\/Latecoere_172160.jpg\",\"keywords\":[\"guerre\"],\"articleSection\":[\"National\"],\"inLanguage\":\"fr-FR\"},{\"@type\":\"WebPage\",\"@id\":\"https:\\\/\\\/www.webdo.tn\\\/fr\\\/actualite\\\/national-45\\\/sous-ben-ali-ou-autres-diktat-latecoere-se-sent-bien-en-tunisien\\\/172160\\\/\",\"url\":\"https:\\\/\\\/www.webdo.tn\\\/fr\\\/actualite\\\/national-45\\\/sous-ben-ali-ou-autres-diktat-latecoere-se-sent-bien-en-tunisien\\\/172160\\\/\",\"name\":\"Sous Ben Ali ou autres diktat, Lateco\u00e8re se sent bien en Tunisie\",\"isPartOf\":{\"@id\":\"https:\\\/\\\/www.webdo.tn\\\/fr\\\/#website\"},\"primaryImageOfPage\":{\"@id\":\"https:\\\/\\\/www.webdo.tn\\\/fr\\\/actualite\\\/national-45\\\/sous-ben-ali-ou-autres-diktat-latecoere-se-sent-bien-en-tunisien\\\/172160\\\/#primaryimage\"},\"image\":{\"@id\":\"https:\\\/\\\/www.webdo.tn\\\/fr\\\/actualite\\\/national-45\\\/sous-ben-ali-ou-autres-diktat-latecoere-se-sent-bien-en-tunisien\\\/172160\\\/#primaryimage\"},\"thumbnailUrl\":\"https:\\\/\\\/www.webdo.tn\\\/fr\\\/wp-content\\\/uploads\\\/2025\\\/06\\\/Latecoere_172160.jpg\",\"datePublished\":\"2012-03-02T09:58:00+00:00\",\"description\":\"Sous Ben Ali ou autres diktat, Lateco\u00e8re se sent bien en Tunisie\",\"breadcrumb\":{\"@id\":\"https:\\\/\\\/www.webdo.tn\\\/fr\\\/actualite\\\/national-45\\\/sous-ben-ali-ou-autres-diktat-latecoere-se-sent-bien-en-tunisien\\\/172160\\\/#breadcrumb\"},\"inLanguage\":\"fr-FR\",\"potentialAction\":[{\"@type\":\"ReadAction\",\"target\":[\"https:\\\/\\\/www.webdo.tn\\\/fr\\\/actualite\\\/national-45\\\/sous-ben-ali-ou-autres-diktat-latecoere-se-sent-bien-en-tunisien\\\/172160\\\/\"]}]},{\"@type\":\"ImageObject\",\"inLanguage\":\"fr-FR\",\"@id\":\"https:\\\/\\\/www.webdo.tn\\\/fr\\\/actualite\\\/national-45\\\/sous-ben-ali-ou-autres-diktat-latecoere-se-sent-bien-en-tunisien\\\/172160\\\/#primaryimage\",\"url\":\"https:\\\/\\\/www.webdo.tn\\\/fr\\\/wp-content\\\/uploads\\\/2025\\\/06\\\/Latecoere_172160.jpg\",\"contentUrl\":\"https:\\\/\\\/www.webdo.tn\\\/fr\\\/wp-content\\\/uploads\\\/2025\\\/06\\\/Latecoere_172160.jpg\",\"width\":150,\"height\":180,\"caption\":\"Sous Ben Ali ou autres diktat, Lateco\u00e8re se sent bien en Tunisie\"},{\"@type\":\"BreadcrumbList\",\"@id\":\"https:\\\/\\\/www.webdo.tn\\\/fr\\\/actualite\\\/national-45\\\/sous-ben-ali-ou-autres-diktat-latecoere-se-sent-bien-en-tunisien\\\/172160\\\/#breadcrumb\",\"itemListElement\":[{\"@type\":\"ListItem\",\"position\":1,\"name\":\"Accueil\",\"item\":\"https:\\\/\\\/www.webdo.tn\\\/fr\\\/\"},{\"@type\":\"ListItem\",\"position\":2,\"name\":\"Sous Ben Ali ou autres diktat, Lateco\u00e8re se sent bien en Tunisie\"}]},{\"@type\":\"WebSite\",\"@id\":\"https:\\\/\\\/www.webdo.tn\\\/fr\\\/#website\",\"url\":\"https:\\\/\\\/www.webdo.tn\\\/fr\\\/\",\"name\":\"webdo\",\"description\":\"Tunisie - News en Tunisie et \u00e0 l&#039;international sur Webdo.tn\",\"publisher\":{\"@id\":\"https:\\\/\\\/www.webdo.tn\\\/fr\\\/#organization\"},\"potentialAction\":[{\"@type\":\"SearchAction\",\"target\":{\"@type\":\"EntryPoint\",\"urlTemplate\":\"https:\\\/\\\/www.webdo.tn\\\/fr\\\/?s={search_term_string}\"},\"query-input\":{\"@type\":\"PropertyValueSpecification\",\"valueRequired\":true,\"valueName\":\"search_term_string\"}}],\"inLanguage\":\"fr-FR\"},{\"@type\":\"Organization\",\"@id\":\"https:\\\/\\\/www.webdo.tn\\\/fr\\\/#organization\",\"name\":\"Webdo\",\"alternateName\":\"Webdo.tn\",\"url\":\"https:\\\/\\\/www.webdo.tn\\\/fr\\\/\",\"logo\":{\"@type\":\"ImageObject\",\"inLanguage\":\"fr-FR\",\"@id\":\"https:\\\/\\\/www.webdo.tn\\\/fr\\\/#\\\/schema\\\/logo\\\/image\\\/\",\"url\":\"https:\\\/\\\/www.webdo.tn\\\/fr\\\/wp-content\\\/uploads\\\/2025\\\/06\\\/Webdo-Tunisie_168377.jpg\",\"contentUrl\":\"https:\\\/\\\/www.webdo.tn\\\/fr\\\/wp-content\\\/uploads\\\/2025\\\/06\\\/Webdo-Tunisie_168377.jpg\",\"width\":301,\"height\":301,\"caption\":\"Webdo\"},\"image\":{\"@id\":\"https:\\\/\\\/www.webdo.tn\\\/fr\\\/#\\\/schema\\\/logo\\\/image\\\/\"},\"sameAs\":[\"https:\\\/\\\/www.facebook.com\\\/webdotn\",\"https:\\\/\\\/x.com\\\/webdo_tn\"],\"description\":\"Webdo est un m\u00e9dia num\u00e9rique tunisien fond\u00e9 en 2010, sp\u00e9cialis\u00e9 dans l\u2019actualit\u00e9 nationale et internationale, l\u2019\u00e9conomie, la soci\u00e9t\u00e9 et les analyses politiques. Le site s\u2019adresse \u00e0 un large public francophone et couvre l\u2019information tunisienne en temps r\u00e9el.\",\"email\":\"redac@webdo.tn\",\"legalName\":\"YNJ SARL\",\"foundingDate\":\"2010-09-06\",\"numberOfEmployees\":{\"@type\":\"QuantitativeValue\",\"minValue\":\"11\",\"maxValue\":\"50\"}},{\"@type\":\"Person\",\"@id\":\"https:\\\/\\\/www.webdo.tn\\\/fr\\\/#\\\/schema\\\/person\\\/9a9c6118d687c117df8ef3cc36a4d175\",\"name\":\"webdo.tn\",\"image\":{\"@type\":\"ImageObject\",\"inLanguage\":\"fr-FR\",\"@id\":\"https:\\\/\\\/secure.gravatar.com\\\/avatar\\\/7ce1f28c0c3bbac99ff550b85ef8e44a6950c6ee24514fb6a5489e51d06f0298?s=96&d=mm&r=g\",\"url\":\"https:\\\/\\\/secure.gravatar.com\\\/avatar\\\/7ce1f28c0c3bbac99ff550b85ef8e44a6950c6ee24514fb6a5489e51d06f0298?s=96&d=mm&r=g\",\"contentUrl\":\"https:\\\/\\\/secure.gravatar.com\\\/avatar\\\/7ce1f28c0c3bbac99ff550b85ef8e44a6950c6ee24514fb6a5489e51d06f0298?s=96&d=mm&r=g\",\"caption\":\"webdo.tn\"},\"url\":\"https:\\\/\\\/www.webdo.tn\\\/fr\\\/actualite\\\/author\\\/webdotn\\\/\"}]}<\/script>\n<!-- \/ Yoast SEO Premium plugin. -->","yoast_head_json":{"title":"Sous Ben Ali ou autres diktat, Lateco\u00e8re se sent bien en Tunisie","description":"Sous Ben Ali ou autres diktat, Lateco\u00e8re se sent bien en Tunisie","canonical":"https:\/\/www.webdo.tn\/fr\/actualite\/national-45\/sous-ben-ali-ou-autres-diktat-latecoere-se-sent-bien-en-tunisien\/172160\/","og_locale":"fr_FR","og_type":"article","og_title":"Sous Ben Ali ou autres diktat, Lateco\u00e8re se sent bien en Tunisie","og_description":"Sous Ben Ali ou autres diktat, Lateco\u00e8re se sent bien en Tunisie","og_url":"https:\/\/www.webdo.tn\/fr\/actualite\/national-45\/sous-ben-ali-ou-autres-diktat-latecoere-se-sent-bien-en-tunisien\/172160\/","og_site_name":"webdo","article_publisher":"https:\/\/www.facebook.com\/webdotn","article_published_time":"2012-03-02T09:58:00+00:00","author":"webdo.tn","twitter_card":"summary_large_image","twitter_creator":"@webdo_tn","twitter_site":"@webdo_tn","twitter_misc":{"\u00c9crit par":"webdo.tn","Dur\u00e9e de lecture estim\u00e9e":"4 minutes"},"schema":{"@context":"https:\/\/schema.org","@graph":[{"@type":"NewsArticle","@id":"https:\/\/www.webdo.tn\/fr\/actualite\/national-45\/sous-ben-ali-ou-autres-diktat-latecoere-se-sent-bien-en-tunisien\/172160\/#article","isPartOf":{"@id":"https:\/\/www.webdo.tn\/fr\/actualite\/national-45\/sous-ben-ali-ou-autres-diktat-latecoere-se-sent-bien-en-tunisien\/172160\/"},"author":{"name":"webdo.tn","@id":"https:\/\/www.webdo.tn\/fr\/#\/schema\/person\/9a9c6118d687c117df8ef3cc36a4d175"},"headline":"Sous Ben Ali ou autres diktat, Lateco\u00e8re se sent bien en Tunisie","datePublished":"2012-03-02T09:58:00+00:00","mainEntityOfPage":{"@id":"https:\/\/www.webdo.tn\/fr\/actualite\/national-45\/sous-ben-ali-ou-autres-diktat-latecoere-se-sent-bien-en-tunisien\/172160\/"},"wordCount":782,"commentCount":0,"publisher":{"@id":"https:\/\/www.webdo.tn\/fr\/#organization"},"image":{"@id":"https:\/\/www.webdo.tn\/fr\/actualite\/national-45\/sous-ben-ali-ou-autres-diktat-latecoere-se-sent-bien-en-tunisien\/172160\/#primaryimage"},"thumbnailUrl":"https:\/\/www.webdo.tn\/fr\/wp-content\/uploads\/2025\/06\/Latecoere_172160.jpg","keywords":["guerre"],"articleSection":["National"],"inLanguage":"fr-FR"},{"@type":"WebPage","@id":"https:\/\/www.webdo.tn\/fr\/actualite\/national-45\/sous-ben-ali-ou-autres-diktat-latecoere-se-sent-bien-en-tunisien\/172160\/","url":"https:\/\/www.webdo.tn\/fr\/actualite\/national-45\/sous-ben-ali-ou-autres-diktat-latecoere-se-sent-bien-en-tunisien\/172160\/","name":"Sous Ben Ali ou autres diktat, Lateco\u00e8re se sent bien en Tunisie","isPartOf":{"@id":"https:\/\/www.webdo.tn\/fr\/#website"},"primaryImageOfPage":{"@id":"https:\/\/www.webdo.tn\/fr\/actualite\/national-45\/sous-ben-ali-ou-autres-diktat-latecoere-se-sent-bien-en-tunisien\/172160\/#primaryimage"},"image":{"@id":"https:\/\/www.webdo.tn\/fr\/actualite\/national-45\/sous-ben-ali-ou-autres-diktat-latecoere-se-sent-bien-en-tunisien\/172160\/#primaryimage"},"thumbnailUrl":"https:\/\/www.webdo.tn\/fr\/wp-content\/uploads\/2025\/06\/Latecoere_172160.jpg","datePublished":"2012-03-02T09:58:00+00:00","description":"Sous Ben Ali ou autres diktat, Lateco\u00e8re se sent bien en Tunisie","breadcrumb":{"@id":"https:\/\/www.webdo.tn\/fr\/actualite\/national-45\/sous-ben-ali-ou-autres-diktat-latecoere-se-sent-bien-en-tunisien\/172160\/#breadcrumb"},"inLanguage":"fr-FR","potentialAction":[{"@type":"ReadAction","target":["https:\/\/www.webdo.tn\/fr\/actualite\/national-45\/sous-ben-ali-ou-autres-diktat-latecoere-se-sent-bien-en-tunisien\/172160\/"]}]},{"@type":"ImageObject","inLanguage":"fr-FR","@id":"https:\/\/www.webdo.tn\/fr\/actualite\/national-45\/sous-ben-ali-ou-autres-diktat-latecoere-se-sent-bien-en-tunisien\/172160\/#primaryimage","url":"https:\/\/www.webdo.tn\/fr\/wp-content\/uploads\/2025\/06\/Latecoere_172160.jpg","contentUrl":"https:\/\/www.webdo.tn\/fr\/wp-content\/uploads\/2025\/06\/Latecoere_172160.jpg","width":150,"height":180,"caption":"Sous Ben Ali ou autres diktat, Lateco\u00e8re se sent bien en Tunisie"},{"@type":"BreadcrumbList","@id":"https:\/\/www.webdo.tn\/fr\/actualite\/national-45\/sous-ben-ali-ou-autres-diktat-latecoere-se-sent-bien-en-tunisien\/172160\/#breadcrumb","itemListElement":[{"@type":"ListItem","position":1,"name":"Accueil","item":"https:\/\/www.webdo.tn\/fr\/"},{"@type":"ListItem","position":2,"name":"Sous Ben Ali ou autres diktat, Lateco\u00e8re se sent bien en Tunisie"}]},{"@type":"WebSite","@id":"https:\/\/www.webdo.tn\/fr\/#website","url":"https:\/\/www.webdo.tn\/fr\/","name":"webdo","description":"Tunisie - News en Tunisie et \u00e0 l&#039;international sur Webdo.tn","publisher":{"@id":"https:\/\/www.webdo.tn\/fr\/#organization"},"potentialAction":[{"@type":"SearchAction","target":{"@type":"EntryPoint","urlTemplate":"https:\/\/www.webdo.tn\/fr\/?s={search_term_string}"},"query-input":{"@type":"PropertyValueSpecification","valueRequired":true,"valueName":"search_term_string"}}],"inLanguage":"fr-FR"},{"@type":"Organization","@id":"https:\/\/www.webdo.tn\/fr\/#organization","name":"Webdo","alternateName":"Webdo.tn","url":"https:\/\/www.webdo.tn\/fr\/","logo":{"@type":"ImageObject","inLanguage":"fr-FR","@id":"https:\/\/www.webdo.tn\/fr\/#\/schema\/logo\/image\/","url":"https:\/\/www.webdo.tn\/fr\/wp-content\/uploads\/2025\/06\/Webdo-Tunisie_168377.jpg","contentUrl":"https:\/\/www.webdo.tn\/fr\/wp-content\/uploads\/2025\/06\/Webdo-Tunisie_168377.jpg","width":301,"height":301,"caption":"Webdo"},"image":{"@id":"https:\/\/www.webdo.tn\/fr\/#\/schema\/logo\/image\/"},"sameAs":["https:\/\/www.facebook.com\/webdotn","https:\/\/x.com\/webdo_tn"],"description":"Webdo est un m\u00e9dia num\u00e9rique tunisien fond\u00e9 en 2010, sp\u00e9cialis\u00e9 dans l\u2019actualit\u00e9 nationale et internationale, l\u2019\u00e9conomie, la soci\u00e9t\u00e9 et les analyses politiques. Le site s\u2019adresse \u00e0 un large public francophone et couvre l\u2019information tunisienne en temps r\u00e9el.","email":"redac@webdo.tn","legalName":"YNJ SARL","foundingDate":"2010-09-06","numberOfEmployees":{"@type":"QuantitativeValue","minValue":"11","maxValue":"50"}},{"@type":"Person","@id":"https:\/\/www.webdo.tn\/fr\/#\/schema\/person\/9a9c6118d687c117df8ef3cc36a4d175","name":"webdo.tn","image":{"@type":"ImageObject","inLanguage":"fr-FR","@id":"https:\/\/secure.gravatar.com\/avatar\/7ce1f28c0c3bbac99ff550b85ef8e44a6950c6ee24514fb6a5489e51d06f0298?s=96&d=mm&r=g","url":"https:\/\/secure.gravatar.com\/avatar\/7ce1f28c0c3bbac99ff550b85ef8e44a6950c6ee24514fb6a5489e51d06f0298?s=96&d=mm&r=g","contentUrl":"https:\/\/secure.gravatar.com\/avatar\/7ce1f28c0c3bbac99ff550b85ef8e44a6950c6ee24514fb6a5489e51d06f0298?s=96&d=mm&r=g","caption":"webdo.tn"},"url":"https:\/\/www.webdo.tn\/fr\/actualite\/author\/webdotn\/"}]}},"_links":{"self":[{"href":"https:\/\/www.webdo.tn\/fr\/wp-json\/wp\/v2\/posts\/172160","targetHints":{"allow":["GET"]}}],"collection":[{"href":"https:\/\/www.webdo.tn\/fr\/wp-json\/wp\/v2\/posts"}],"about":[{"href":"https:\/\/www.webdo.tn\/fr\/wp-json\/wp\/v2\/types\/post"}],"author":[{"embeddable":true,"href":"https:\/\/www.webdo.tn\/fr\/wp-json\/wp\/v2\/users\/3222"}],"replies":[{"embeddable":true,"href":"https:\/\/www.webdo.tn\/fr\/wp-json\/wp\/v2\/comments?post=172160"}],"version-history":[{"count":0,"href":"https:\/\/www.webdo.tn\/fr\/wp-json\/wp\/v2\/posts\/172160\/revisions"}],"wp:featuredmedia":[{"embeddable":true,"href":"https:\/\/www.webdo.tn\/fr\/wp-json\/wp\/v2\/media\/374687"}],"wp:attachment":[{"href":"https:\/\/www.webdo.tn\/fr\/wp-json\/wp\/v2\/media?parent=172160"}],"wp:term":[{"taxonomy":"category","embeddable":true,"href":"https:\/\/www.webdo.tn\/fr\/wp-json\/wp\/v2\/categories?post=172160"},{"taxonomy":"post_tag","embeddable":true,"href":"https:\/\/www.webdo.tn\/fr\/wp-json\/wp\/v2\/tags?post=172160"}],"curies":[{"name":"wp","href":"https:\/\/api.w.org\/{rel}","templated":true}]}}