{"id":172158,"date":"2012-03-03T11:03:00","date_gmt":"2012-03-03T11:03:00","guid":{"rendered":"https:\/\/www.webdo.tn\/fr\/blog\/les-salafistes-devant-l-ambassade-americaine-mise-en-garde-au-nom-de-ben-laden\/172158\/"},"modified":"2012-03-03T11:03:00","modified_gmt":"2012-03-03T11:03:00","slug":"les-salafistes-devant-l-ambassade-americaine-mise-en-garde-au-nom-de-ben-laden","status":"publish","type":"post","link":"https:\/\/www.webdo.tn\/fr\/actualite\/national\/les-salafistes-devant-l-ambassade-americaine-mise-en-garde-au-nom-de-ben-laden\/172158\/","title":{"rendered":"Les salafistes devant l\u2019ambassade am\u00e9ricaine : mise en garde au nom de  BEN LADEN"},"content":{"rendered":"<p>Ils ont manifest\u00e9 devant l\u2019ambassade am\u00e9ricaine pour la\u00a0deuxi\u00e8me\u00a0fois. C\u2019\u00e9tait hier, apr\u00e8s la pri\u00e8re du vendredi, aux Berges du lac. Sur les lieux, des voitures de location, des taxis et  \u00e0 peu pr\u00e8s une centaine de salafistes et islamistes radicaux venus de plusieurs endroits, habill\u00e9s \u00e0 l\u2019afghane et brandissant  des drapeaux noirs et verts, symboles de la mouvance salafiste. Ils criaient d\u2019une seule voix \u00ab\u00a0 nous sommes tous Ben Laden\u00a0\u00bb. Le message qu\u2019ils voulaient transmettre peut \u00eatre compris de diff\u00e9rentes mani\u00e8res.<\/p>\n<p>Plusieurs arguments avanc\u00e9s, de \u00ablib\u00e9rez nos fr\u00e8res de Guantanamo\u00a0\u00bb \u00e0 la destruction par les soldats am\u00e9ricains d\u00e9ploy\u00e9s sur une base militaire afghane de livres de coran.<\/p>\n<p>Au-del\u00e0 de ces arguments, les salafistes, \u00e0 l\u2019instar de bien d\u2019autres formations politiques qui \u00e9taient absents de la sc\u00e8ne avant le 14 janvier, cherchent \u00e0 s\u2019approprier la r\u00e9volution des jeunes et des d\u00e9munis. Tout \u00e9v\u00e9nement  est une occasion de manifester et d\u2019afficher des positions politiques.<\/p>\n<p>Leur fa\u00e7on d\u2019agir n\u2019a rien d\u2019original. Ils recrutent leurs partisans dans les mosqu\u00e9es o\u00f9 se tiennent de v\u00e9ritables meetings politiques pour appeler au Jihad contre les crois\u00e9s et \u00e0 la lutte contre la m\u00e9cr\u00e9ance, et lancer des mots d\u2019ordre insurrectionnels. Ils organisent p\u00e9riodiquement des manifestations pour maintenir la pression sur la soci\u00e9t\u00e9 et les autorit\u00e9s dans le dessein ignoble de  pr\u00e9parer le terrain \u00e0 leur projet m\u00e9di\u00e9val.<\/p>\n<p>Leur manifestation d\u2019hier visait \u00e0 terroriser les Am\u00e9ricains. En apparence, leur slogan traduit une menace de venger les atteintes \u00e0 l\u2019Islam mais dans le fond, il repr\u00e9sente une mise en garde aux Am\u00e9ricains et aux Occidentaux d\u2019une fa\u00e7on g\u00e9n\u00e9rale. Il s\u2019agit, au fait, d\u2019une r\u00e9action suite aux d\u00e9clarations de bonnes intentions de la part du gouvernement de Jebali aux Am\u00e9ricains qui les accueille \u00e0 bras ouverts. De plus, rappelons le lien entre le gouvernement am\u00e9ricain et le chef spirituel du Parti ENNAHDHA, Ghannouchi. Ce dernier n&rsquo;\u00e9tait-il pas all\u00e9 leur rendre visite, \u00e0 Washington, avant les \u00e9lections du 23 octobre pour les rassurer au sujet des fr\u00e8res musulmans.<\/p>\n<p>Ainsi et \u00e0 c\u00f4t\u00e9 de l\u2019argument avanc\u00e9, le choix de la journ\u00e9e d\u2019hier pour manifester devant l\u2019ambassade am\u00e9ricaine n\u2019est pas fortuit. Une semaine auparavant, s\u2019est tenue la conf\u00e9rence des amis de la Syrie \u00e0 laquelle ont pris part des poids lourds de la politique am\u00e9ricaine: Hilary Clinton qui pr\u00e9conise la guerre contre la Syrie et le s\u00e9nateur Mac Ca\u00efn qui vient en Tunisie pour la deuxi\u00e8me fois. La premi\u00e8re fois \u00e9tait en juin 2011 \u00e0 la t\u00eate d\u2019une d\u00e9l\u00e9gation d\u2019hommes d\u2019affaires am\u00e9ricains.<\/p>\n<p>En marge de leur participation \u00e0 cette conf\u00e9rence,\u00a0ils ont eu des entretiens avec le pr\u00e9sident de la R\u00e9publique et le chef du gouvernement au cours desquels ils ont r\u00e9it\u00e9r\u00e9 leur soutien \u00e0 la r\u00e9volution et exprim\u00e9 leurs pr\u00e9dispositions \u00e0  aider la Tunisie \u00e0 sortir de l\u2019impasse.<\/p>\n<p>L\u2019aide que la Tunisie attend encore de l\u2019Europe, des pays du Golfe et des \u00c9tats-Unis d\u2019Am\u00e9rique , sera ind\u00e9niablement d\u2019un apport d\u00e9terminant pour la relance des activit\u00e9s \u00e9conomiques, la reprise des investissements, la r\u00e9alisation d\u2019un meilleur taux de croissance et la cr\u00e9ation d\u2019emplois et de richesses.<\/p>\n<p>Cette situation n\u2019arrange gu\u00e9re les adeptes de l\u2019extr\u00e9misme qu\u2019il s\u2019agisse de la gauche ou de la droite pour qui la pauvret\u00e9 et la mis\u00e8re sont des facteurs propices \u00e0 la mobilisation et la manipulation des esprits. Leur stratag\u00e8me est donc de torpiller toute action de coop\u00e9ration et d\u2019entraide et d\u2019emp\u00eacher tout retour \u00e0 la normale pour qu\u2019ils ne se privent pas de leur fonds de commerce politique.<\/p>\n<p>Un sc\u00e9nario qui n&rsquo;arrange gu\u00e8re le gouvernement de Jebali qui se retrouve cern\u00e9 par les opposants et ses propres partisans de l\u2019extr\u00eame, les barbus.<\/p>\n","protected":false},"excerpt":{"rendered":"<p>Les salafistes devant l\u2019ambassade am\u00e9ricaine : mise en garde au nom de  BEN LADEN<\/p>\n","protected":false},"author":3222,"featured_media":374691,"comment_status":"open","ping_status":"closed","sticky":false,"template":"","format":"standard","meta":{"footnotes":""},"categories":[44],"tags":[2600],"class_list":["post-172158","post","type-post","status-publish","format-standard","has-post-thumbnail","hentry","category-national","tag-guerre"],"yoast_head":"<!-- This site is optimized with the Yoast SEO Premium plugin v27.5 (Yoast SEO v27.5) - https:\/\/yoast.com\/product\/yoast-seo-premium-wordpress\/ -->\n<title>Les salafistes devant l\u2019ambassade am\u00e9ricaine : mise en garde au nom de BEN LADEN<\/title>\n<meta name=\"description\" content=\"Les salafistes devant l\u2019ambassade am\u00e9ricaine : mise en garde au nom de BEN LADEN\" \/>\n<link rel=\"canonical\" href=\"https:\/\/www.webdo.tn\/fr\/actualite\/national-45\/les-salafistes-devant-l-ambassade-americaine-mise-en-garde-au-nom-de-ben-laden\/172158\/\" \/>\n<meta property=\"og:locale\" content=\"fr_FR\" \/>\n<meta property=\"og:type\" content=\"article\" \/>\n<meta property=\"og:title\" content=\"Les salafistes devant l\u2019ambassade am\u00e9ricaine : mise en garde au nom de BEN LADEN\" \/>\n<meta property=\"og:description\" content=\"Les salafistes devant l\u2019ambassade am\u00e9ricaine : mise en garde au nom de BEN LADEN\" \/>\n<meta property=\"og:url\" content=\"https:\/\/www.webdo.tn\/fr\/actualite\/national-45\/les-salafistes-devant-l-ambassade-americaine-mise-en-garde-au-nom-de-ben-laden\/172158\/\" \/>\n<meta property=\"og:site_name\" content=\"webdo\" \/>\n<meta property=\"article:publisher\" content=\"https:\/\/www.facebook.com\/webdotn\" \/>\n<meta property=\"article:published_time\" content=\"2012-03-03T11:03:00+00:00\" \/>\n<meta name=\"author\" content=\"webdo.tn\" \/>\n<meta name=\"twitter:card\" content=\"summary_large_image\" \/>\n<meta name=\"twitter:creator\" content=\"@webdo_tn\" \/>\n<meta name=\"twitter:site\" content=\"@webdo_tn\" \/>\n<meta name=\"twitter:label1\" content=\"\u00c9crit par\" \/>\n\t<meta name=\"twitter:data1\" content=\"webdo.tn\" \/>\n\t<meta name=\"twitter:label2\" content=\"Dur\u00e9e de lecture estim\u00e9e\" \/>\n\t<meta name=\"twitter:data2\" content=\"3 minutes\" \/>\n<script type=\"application\/ld+json\" class=\"yoast-schema-graph\">{\"@context\":\"https:\\\/\\\/schema.org\",\"@graph\":[{\"@type\":\"NewsArticle\",\"@id\":\"https:\\\/\\\/www.webdo.tn\\\/fr\\\/actualite\\\/national-45\\\/les-salafistes-devant-l-ambassade-americaine-mise-en-garde-au-nom-de-ben-laden\\\/172158\\\/#article\",\"isPartOf\":{\"@id\":\"https:\\\/\\\/www.webdo.tn\\\/fr\\\/actualite\\\/national-45\\\/les-salafistes-devant-l-ambassade-americaine-mise-en-garde-au-nom-de-ben-laden\\\/172158\\\/\"},\"author\":{\"name\":\"webdo.tn\",\"@id\":\"https:\\\/\\\/www.webdo.tn\\\/fr\\\/#\\\/schema\\\/person\\\/9a9c6118d687c117df8ef3cc36a4d175\"},\"headline\":\"Les salafistes devant l\u2019ambassade am\u00e9ricaine : mise en garde au nom de BEN LADEN\",\"datePublished\":\"2012-03-03T11:03:00+00:00\",\"mainEntityOfPage\":{\"@id\":\"https:\\\/\\\/www.webdo.tn\\\/fr\\\/actualite\\\/national-45\\\/les-salafistes-devant-l-ambassade-americaine-mise-en-garde-au-nom-de-ben-laden\\\/172158\\\/\"},\"wordCount\":703,\"commentCount\":0,\"publisher\":{\"@id\":\"https:\\\/\\\/www.webdo.tn\\\/fr\\\/#organization\"},\"image\":{\"@id\":\"https:\\\/\\\/www.webdo.tn\\\/fr\\\/actualite\\\/national-45\\\/les-salafistes-devant-l-ambassade-americaine-mise-en-garde-au-nom-de-ben-laden\\\/172158\\\/#primaryimage\"},\"thumbnailUrl\":\"https:\\\/\\\/www.webdo.tn\\\/fr\\\/wp-content\\\/uploads\\\/2025\\\/06\\\/Une-marche-de-protestation-devant-lambassade-des-US-avec-des-slogans-Nous-sommes-tous-des-Ben-Laden-2-mars-2012-\u2013-photo-FB-Tounes.Moslima.Arabiya.Horra_1_172158.jpg\",\"keywords\":[\"guerre\"],\"articleSection\":[\"National\"],\"inLanguage\":\"fr-FR\"},{\"@type\":\"WebPage\",\"@id\":\"https:\\\/\\\/www.webdo.tn\\\/fr\\\/actualite\\\/national-45\\\/les-salafistes-devant-l-ambassade-americaine-mise-en-garde-au-nom-de-ben-laden\\\/172158\\\/\",\"url\":\"https:\\\/\\\/www.webdo.tn\\\/fr\\\/actualite\\\/national-45\\\/les-salafistes-devant-l-ambassade-americaine-mise-en-garde-au-nom-de-ben-laden\\\/172158\\\/\",\"name\":\"Les salafistes devant l\u2019ambassade am\u00e9ricaine : mise en garde au nom de BEN LADEN\",\"isPartOf\":{\"@id\":\"https:\\\/\\\/www.webdo.tn\\\/fr\\\/#website\"},\"primaryImageOfPage\":{\"@id\":\"https:\\\/\\\/www.webdo.tn\\\/fr\\\/actualite\\\/national-45\\\/les-salafistes-devant-l-ambassade-americaine-mise-en-garde-au-nom-de-ben-laden\\\/172158\\\/#primaryimage\"},\"image\":{\"@id\":\"https:\\\/\\\/www.webdo.tn\\\/fr\\\/actualite\\\/national-45\\\/les-salafistes-devant-l-ambassade-americaine-mise-en-garde-au-nom-de-ben-laden\\\/172158\\\/#primaryimage\"},\"thumbnailUrl\":\"https:\\\/\\\/www.webdo.tn\\\/fr\\\/wp-content\\\/uploads\\\/2025\\\/06\\\/Une-marche-de-protestation-devant-lambassade-des-US-avec-des-slogans-Nous-sommes-tous-des-Ben-Laden-2-mars-2012-\u2013-photo-FB-Tounes.Moslima.Arabiya.Horra_1_172158.jpg\",\"datePublished\":\"2012-03-03T11:03:00+00:00\",\"description\":\"Les salafistes devant l\u2019ambassade am\u00e9ricaine : mise en garde au nom de BEN LADEN\",\"breadcrumb\":{\"@id\":\"https:\\\/\\\/www.webdo.tn\\\/fr\\\/actualite\\\/national-45\\\/les-salafistes-devant-l-ambassade-americaine-mise-en-garde-au-nom-de-ben-laden\\\/172158\\\/#breadcrumb\"},\"inLanguage\":\"fr-FR\",\"potentialAction\":[{\"@type\":\"ReadAction\",\"target\":[\"https:\\\/\\\/www.webdo.tn\\\/fr\\\/actualite\\\/national-45\\\/les-salafistes-devant-l-ambassade-americaine-mise-en-garde-au-nom-de-ben-laden\\\/172158\\\/\"]}]},{\"@type\":\"ImageObject\",\"inLanguage\":\"fr-FR\",\"@id\":\"https:\\\/\\\/www.webdo.tn\\\/fr\\\/actualite\\\/national-45\\\/les-salafistes-devant-l-ambassade-americaine-mise-en-garde-au-nom-de-ben-laden\\\/172158\\\/#primaryimage\",\"url\":\"https:\\\/\\\/www.webdo.tn\\\/fr\\\/wp-content\\\/uploads\\\/2025\\\/06\\\/Une-marche-de-protestation-devant-lambassade-des-US-avec-des-slogans-Nous-sommes-tous-des-Ben-Laden-2-mars-2012-\u2013-photo-FB-Tounes.Moslima.Arabiya.Horra_1_172158.jpg\",\"contentUrl\":\"https:\\\/\\\/www.webdo.tn\\\/fr\\\/wp-content\\\/uploads\\\/2025\\\/06\\\/Une-marche-de-protestation-devant-lambassade-des-US-avec-des-slogans-Nous-sommes-tous-des-Ben-Laden-2-mars-2012-\u2013-photo-FB-Tounes.Moslima.Arabiya.Horra_1_172158.jpg\",\"width\":370,\"height\":246,\"caption\":\"Les salafistes devant l\u2019ambassade am\u00e9ricaine : mise en garde au nom de BEN LADEN\"},{\"@type\":\"BreadcrumbList\",\"@id\":\"https:\\\/\\\/www.webdo.tn\\\/fr\\\/actualite\\\/national-45\\\/les-salafistes-devant-l-ambassade-americaine-mise-en-garde-au-nom-de-ben-laden\\\/172158\\\/#breadcrumb\",\"itemListElement\":[{\"@type\":\"ListItem\",\"position\":1,\"name\":\"Accueil\",\"item\":\"https:\\\/\\\/www.webdo.tn\\\/fr\\\/\"},{\"@type\":\"ListItem\",\"position\":2,\"name\":\"Les salafistes devant l\u2019ambassade am\u00e9ricaine : mise en garde au nom de BEN LADEN\"}]},{\"@type\":\"WebSite\",\"@id\":\"https:\\\/\\\/www.webdo.tn\\\/fr\\\/#website\",\"url\":\"https:\\\/\\\/www.webdo.tn\\\/fr\\\/\",\"name\":\"webdo\",\"description\":\"Tunisie - News en Tunisie et \u00e0 l&#039;international sur Webdo.tn\",\"publisher\":{\"@id\":\"https:\\\/\\\/www.webdo.tn\\\/fr\\\/#organization\"},\"potentialAction\":[{\"@type\":\"SearchAction\",\"target\":{\"@type\":\"EntryPoint\",\"urlTemplate\":\"https:\\\/\\\/www.webdo.tn\\\/fr\\\/?s={search_term_string}\"},\"query-input\":{\"@type\":\"PropertyValueSpecification\",\"valueRequired\":true,\"valueName\":\"search_term_string\"}}],\"inLanguage\":\"fr-FR\"},{\"@type\":\"Organization\",\"@id\":\"https:\\\/\\\/www.webdo.tn\\\/fr\\\/#organization\",\"name\":\"Webdo\",\"alternateName\":\"Webdo.tn\",\"url\":\"https:\\\/\\\/www.webdo.tn\\\/fr\\\/\",\"logo\":{\"@type\":\"ImageObject\",\"inLanguage\":\"fr-FR\",\"@id\":\"https:\\\/\\\/www.webdo.tn\\\/fr\\\/#\\\/schema\\\/logo\\\/image\\\/\",\"url\":\"https:\\\/\\\/www.webdo.tn\\\/fr\\\/wp-content\\\/uploads\\\/2025\\\/06\\\/Webdo-Tunisie_168377.jpg\",\"contentUrl\":\"https:\\\/\\\/www.webdo.tn\\\/fr\\\/wp-content\\\/uploads\\\/2025\\\/06\\\/Webdo-Tunisie_168377.jpg\",\"width\":301,\"height\":301,\"caption\":\"Webdo\"},\"image\":{\"@id\":\"https:\\\/\\\/www.webdo.tn\\\/fr\\\/#\\\/schema\\\/logo\\\/image\\\/\"},\"sameAs\":[\"https:\\\/\\\/www.facebook.com\\\/webdotn\",\"https:\\\/\\\/x.com\\\/webdo_tn\"],\"description\":\"Webdo est un m\u00e9dia num\u00e9rique tunisien fond\u00e9 en 2010, sp\u00e9cialis\u00e9 dans l\u2019actualit\u00e9 nationale et internationale, l\u2019\u00e9conomie, la soci\u00e9t\u00e9 et les analyses politiques. Le site s\u2019adresse \u00e0 un large public francophone et couvre l\u2019information tunisienne en temps r\u00e9el.\",\"email\":\"redac@webdo.tn\",\"legalName\":\"YNJ SARL\",\"foundingDate\":\"2010-09-06\",\"numberOfEmployees\":{\"@type\":\"QuantitativeValue\",\"minValue\":\"11\",\"maxValue\":\"50\"}},{\"@type\":\"Person\",\"@id\":\"https:\\\/\\\/www.webdo.tn\\\/fr\\\/#\\\/schema\\\/person\\\/9a9c6118d687c117df8ef3cc36a4d175\",\"name\":\"webdo.tn\",\"image\":{\"@type\":\"ImageObject\",\"inLanguage\":\"fr-FR\",\"@id\":\"https:\\\/\\\/secure.gravatar.com\\\/avatar\\\/7ce1f28c0c3bbac99ff550b85ef8e44a6950c6ee24514fb6a5489e51d06f0298?s=96&d=mm&r=g\",\"url\":\"https:\\\/\\\/secure.gravatar.com\\\/avatar\\\/7ce1f28c0c3bbac99ff550b85ef8e44a6950c6ee24514fb6a5489e51d06f0298?s=96&d=mm&r=g\",\"contentUrl\":\"https:\\\/\\\/secure.gravatar.com\\\/avatar\\\/7ce1f28c0c3bbac99ff550b85ef8e44a6950c6ee24514fb6a5489e51d06f0298?s=96&d=mm&r=g\",\"caption\":\"webdo.tn\"},\"url\":\"https:\\\/\\\/www.webdo.tn\\\/fr\\\/actualite\\\/author\\\/webdotn\\\/\"}]}<\/script>\n<!-- \/ Yoast SEO Premium plugin. -->","yoast_head_json":{"title":"Les salafistes devant l\u2019ambassade am\u00e9ricaine : mise en garde au nom de BEN LADEN","description":"Les salafistes devant l\u2019ambassade am\u00e9ricaine : mise en garde au nom de BEN LADEN","canonical":"https:\/\/www.webdo.tn\/fr\/actualite\/national-45\/les-salafistes-devant-l-ambassade-americaine-mise-en-garde-au-nom-de-ben-laden\/172158\/","og_locale":"fr_FR","og_type":"article","og_title":"Les salafistes devant l\u2019ambassade am\u00e9ricaine : mise en garde au nom de BEN LADEN","og_description":"Les salafistes devant l\u2019ambassade am\u00e9ricaine : mise en garde au nom de BEN LADEN","og_url":"https:\/\/www.webdo.tn\/fr\/actualite\/national-45\/les-salafistes-devant-l-ambassade-americaine-mise-en-garde-au-nom-de-ben-laden\/172158\/","og_site_name":"webdo","article_publisher":"https:\/\/www.facebook.com\/webdotn","article_published_time":"2012-03-03T11:03:00+00:00","author":"webdo.tn","twitter_card":"summary_large_image","twitter_creator":"@webdo_tn","twitter_site":"@webdo_tn","twitter_misc":{"\u00c9crit par":"webdo.tn","Dur\u00e9e de lecture estim\u00e9e":"3 minutes"},"schema":{"@context":"https:\/\/schema.org","@graph":[{"@type":"NewsArticle","@id":"https:\/\/www.webdo.tn\/fr\/actualite\/national-45\/les-salafistes-devant-l-ambassade-americaine-mise-en-garde-au-nom-de-ben-laden\/172158\/#article","isPartOf":{"@id":"https:\/\/www.webdo.tn\/fr\/actualite\/national-45\/les-salafistes-devant-l-ambassade-americaine-mise-en-garde-au-nom-de-ben-laden\/172158\/"},"author":{"name":"webdo.tn","@id":"https:\/\/www.webdo.tn\/fr\/#\/schema\/person\/9a9c6118d687c117df8ef3cc36a4d175"},"headline":"Les salafistes devant l\u2019ambassade am\u00e9ricaine : mise en garde au nom de BEN LADEN","datePublished":"2012-03-03T11:03:00+00:00","mainEntityOfPage":{"@id":"https:\/\/www.webdo.tn\/fr\/actualite\/national-45\/les-salafistes-devant-l-ambassade-americaine-mise-en-garde-au-nom-de-ben-laden\/172158\/"},"wordCount":703,"commentCount":0,"publisher":{"@id":"https:\/\/www.webdo.tn\/fr\/#organization"},"image":{"@id":"https:\/\/www.webdo.tn\/fr\/actualite\/national-45\/les-salafistes-devant-l-ambassade-americaine-mise-en-garde-au-nom-de-ben-laden\/172158\/#primaryimage"},"thumbnailUrl":"https:\/\/www.webdo.tn\/fr\/wp-content\/uploads\/2025\/06\/Une-marche-de-protestation-devant-lambassade-des-US-avec-des-slogans-Nous-sommes-tous-des-Ben-Laden-2-mars-2012-\u2013-photo-FB-Tounes.Moslima.Arabiya.Horra_1_172158.jpg","keywords":["guerre"],"articleSection":["National"],"inLanguage":"fr-FR"},{"@type":"WebPage","@id":"https:\/\/www.webdo.tn\/fr\/actualite\/national-45\/les-salafistes-devant-l-ambassade-americaine-mise-en-garde-au-nom-de-ben-laden\/172158\/","url":"https:\/\/www.webdo.tn\/fr\/actualite\/national-45\/les-salafistes-devant-l-ambassade-americaine-mise-en-garde-au-nom-de-ben-laden\/172158\/","name":"Les salafistes devant l\u2019ambassade am\u00e9ricaine : mise en garde au nom de BEN LADEN","isPartOf":{"@id":"https:\/\/www.webdo.tn\/fr\/#website"},"primaryImageOfPage":{"@id":"https:\/\/www.webdo.tn\/fr\/actualite\/national-45\/les-salafistes-devant-l-ambassade-americaine-mise-en-garde-au-nom-de-ben-laden\/172158\/#primaryimage"},"image":{"@id":"https:\/\/www.webdo.tn\/fr\/actualite\/national-45\/les-salafistes-devant-l-ambassade-americaine-mise-en-garde-au-nom-de-ben-laden\/172158\/#primaryimage"},"thumbnailUrl":"https:\/\/www.webdo.tn\/fr\/wp-content\/uploads\/2025\/06\/Une-marche-de-protestation-devant-lambassade-des-US-avec-des-slogans-Nous-sommes-tous-des-Ben-Laden-2-mars-2012-\u2013-photo-FB-Tounes.Moslima.Arabiya.Horra_1_172158.jpg","datePublished":"2012-03-03T11:03:00+00:00","description":"Les salafistes devant l\u2019ambassade am\u00e9ricaine : mise en garde au nom de BEN LADEN","breadcrumb":{"@id":"https:\/\/www.webdo.tn\/fr\/actualite\/national-45\/les-salafistes-devant-l-ambassade-americaine-mise-en-garde-au-nom-de-ben-laden\/172158\/#breadcrumb"},"inLanguage":"fr-FR","potentialAction":[{"@type":"ReadAction","target":["https:\/\/www.webdo.tn\/fr\/actualite\/national-45\/les-salafistes-devant-l-ambassade-americaine-mise-en-garde-au-nom-de-ben-laden\/172158\/"]}]},{"@type":"ImageObject","inLanguage":"fr-FR","@id":"https:\/\/www.webdo.tn\/fr\/actualite\/national-45\/les-salafistes-devant-l-ambassade-americaine-mise-en-garde-au-nom-de-ben-laden\/172158\/#primaryimage","url":"https:\/\/www.webdo.tn\/fr\/wp-content\/uploads\/2025\/06\/Une-marche-de-protestation-devant-lambassade-des-US-avec-des-slogans-Nous-sommes-tous-des-Ben-Laden-2-mars-2012-\u2013-photo-FB-Tounes.Moslima.Arabiya.Horra_1_172158.jpg","contentUrl":"https:\/\/www.webdo.tn\/fr\/wp-content\/uploads\/2025\/06\/Une-marche-de-protestation-devant-lambassade-des-US-avec-des-slogans-Nous-sommes-tous-des-Ben-Laden-2-mars-2012-\u2013-photo-FB-Tounes.Moslima.Arabiya.Horra_1_172158.jpg","width":370,"height":246,"caption":"Les salafistes devant l\u2019ambassade am\u00e9ricaine : mise en garde au nom de BEN LADEN"},{"@type":"BreadcrumbList","@id":"https:\/\/www.webdo.tn\/fr\/actualite\/national-45\/les-salafistes-devant-l-ambassade-americaine-mise-en-garde-au-nom-de-ben-laden\/172158\/#breadcrumb","itemListElement":[{"@type":"ListItem","position":1,"name":"Accueil","item":"https:\/\/www.webdo.tn\/fr\/"},{"@type":"ListItem","position":2,"name":"Les salafistes devant l\u2019ambassade am\u00e9ricaine : mise en garde au nom de BEN LADEN"}]},{"@type":"WebSite","@id":"https:\/\/www.webdo.tn\/fr\/#website","url":"https:\/\/www.webdo.tn\/fr\/","name":"webdo","description":"Tunisie - News en Tunisie et \u00e0 l&#039;international sur Webdo.tn","publisher":{"@id":"https:\/\/www.webdo.tn\/fr\/#organization"},"potentialAction":[{"@type":"SearchAction","target":{"@type":"EntryPoint","urlTemplate":"https:\/\/www.webdo.tn\/fr\/?s={search_term_string}"},"query-input":{"@type":"PropertyValueSpecification","valueRequired":true,"valueName":"search_term_string"}}],"inLanguage":"fr-FR"},{"@type":"Organization","@id":"https:\/\/www.webdo.tn\/fr\/#organization","name":"Webdo","alternateName":"Webdo.tn","url":"https:\/\/www.webdo.tn\/fr\/","logo":{"@type":"ImageObject","inLanguage":"fr-FR","@id":"https:\/\/www.webdo.tn\/fr\/#\/schema\/logo\/image\/","url":"https:\/\/www.webdo.tn\/fr\/wp-content\/uploads\/2025\/06\/Webdo-Tunisie_168377.jpg","contentUrl":"https:\/\/www.webdo.tn\/fr\/wp-content\/uploads\/2025\/06\/Webdo-Tunisie_168377.jpg","width":301,"height":301,"caption":"Webdo"},"image":{"@id":"https:\/\/www.webdo.tn\/fr\/#\/schema\/logo\/image\/"},"sameAs":["https:\/\/www.facebook.com\/webdotn","https:\/\/x.com\/webdo_tn"],"description":"Webdo est un m\u00e9dia num\u00e9rique tunisien fond\u00e9 en 2010, sp\u00e9cialis\u00e9 dans l\u2019actualit\u00e9 nationale et internationale, l\u2019\u00e9conomie, la soci\u00e9t\u00e9 et les analyses politiques. Le site s\u2019adresse \u00e0 un large public francophone et couvre l\u2019information tunisienne en temps r\u00e9el.","email":"redac@webdo.tn","legalName":"YNJ SARL","foundingDate":"2010-09-06","numberOfEmployees":{"@type":"QuantitativeValue","minValue":"11","maxValue":"50"}},{"@type":"Person","@id":"https:\/\/www.webdo.tn\/fr\/#\/schema\/person\/9a9c6118d687c117df8ef3cc36a4d175","name":"webdo.tn","image":{"@type":"ImageObject","inLanguage":"fr-FR","@id":"https:\/\/secure.gravatar.com\/avatar\/7ce1f28c0c3bbac99ff550b85ef8e44a6950c6ee24514fb6a5489e51d06f0298?s=96&d=mm&r=g","url":"https:\/\/secure.gravatar.com\/avatar\/7ce1f28c0c3bbac99ff550b85ef8e44a6950c6ee24514fb6a5489e51d06f0298?s=96&d=mm&r=g","contentUrl":"https:\/\/secure.gravatar.com\/avatar\/7ce1f28c0c3bbac99ff550b85ef8e44a6950c6ee24514fb6a5489e51d06f0298?s=96&d=mm&r=g","caption":"webdo.tn"},"url":"https:\/\/www.webdo.tn\/fr\/actualite\/author\/webdotn\/"}]}},"_links":{"self":[{"href":"https:\/\/www.webdo.tn\/fr\/wp-json\/wp\/v2\/posts\/172158","targetHints":{"allow":["GET"]}}],"collection":[{"href":"https:\/\/www.webdo.tn\/fr\/wp-json\/wp\/v2\/posts"}],"about":[{"href":"https:\/\/www.webdo.tn\/fr\/wp-json\/wp\/v2\/types\/post"}],"author":[{"embeddable":true,"href":"https:\/\/www.webdo.tn\/fr\/wp-json\/wp\/v2\/users\/3222"}],"replies":[{"embeddable":true,"href":"https:\/\/www.webdo.tn\/fr\/wp-json\/wp\/v2\/comments?post=172158"}],"version-history":[{"count":0,"href":"https:\/\/www.webdo.tn\/fr\/wp-json\/wp\/v2\/posts\/172158\/revisions"}],"wp:featuredmedia":[{"embeddable":true,"href":"https:\/\/www.webdo.tn\/fr\/wp-json\/wp\/v2\/media\/374691"}],"wp:attachment":[{"href":"https:\/\/www.webdo.tn\/fr\/wp-json\/wp\/v2\/media?parent=172158"}],"wp:term":[{"taxonomy":"category","embeddable":true,"href":"https:\/\/www.webdo.tn\/fr\/wp-json\/wp\/v2\/categories?post=172158"},{"taxonomy":"post_tag","embeddable":true,"href":"https:\/\/www.webdo.tn\/fr\/wp-json\/wp\/v2\/tags?post=172158"}],"curies":[{"name":"wp","href":"https:\/\/api.w.org\/{rel}","templated":true}]}}