{"id":172157,"date":"2012-03-04T10:51:00","date_gmt":"2012-03-04T10:51:00","guid":{"rendered":"https:\/\/www.webdo.tn\/fr\/blog\/de-plus-en-plus-yadh-ben-achour-fait-figure-de-presidentiable-en-puissance-et-dessine-une-alternative-a-ennahdha\/172157\/"},"modified":"2025-06-04T18:59:27","modified_gmt":"2025-06-04T18:59:27","slug":"de-plus-en-plus-yadh-ben-achour-fait-figure-de-presidentiable-en-puissance-et-dessine-une-alternative-a-ennahdha","status":"publish","type":"post","link":"https:\/\/www.webdo.tn\/fr\/actualite\/national\/de-plus-en-plus-yadh-ben-achour-fait-figure-de-presidentiable-en-puissance-et-dessine-une-alternative-a-ennahdha\/172157\/","title":{"rendered":"De plus en plus, Yadh Ben Achour fait figure de pr\u00e9sidentiable en puissance et dessine une alternative \u00e0 Ennahdha"},"content":{"rendered":"<p>Jour apr\u00e8s jour, la pr\u00e9sence m\u00e9diatique et politique de Yadh Ben Achour tend \u00e0 se renforcer.<\/p>\n<p>Tirant sa l\u00e9gitimit\u00e9, aussi bien de son expertise de juriste que de son action \u00e0 la t\u00eate de la Haute instance pour la r\u00e9alisation des objectifs de la r\u00e9volution, Ben Achour a multipli\u00e9 ces derni\u00e8res semaines les d\u00e9clarations.<\/p>\n<p>Dans une interview publi\u00e9e par un hebdomadaire de la place, l\u2019\u00e9minent juriste d\u00e9nonce \u00ab  une politique de deux poids, deux mesures \u00bb et d\u00e9veloppe, selon ses termes \u00ab le projet de soci\u00e9t\u00e9 que je d\u00e9fends \u00bb.<\/p>\n<p>Dans la lign\u00e9e de Tahar et Fadhel Ben Achour, cet intellectuel, sp\u00e9cialiste de l\u2019histoire des id\u00e9es politiques, convainc donc de plus en plus.<\/p>\n<p>A la t\u00eate d\u2019un comit\u00e9 qui a r\u00e9alis\u00e9 un projet de constitution, Yadh Ben Achour plaide pour une s\u00e9paration claire du domaine religieux et de l\u2019activit\u00e9 politique.<\/p>\n<p>Cette position, la l\u00e9gitimit\u00e9 et le charisme de Ben Achour font de lui, selon plusieurs observateurs, un pr\u00e9sidentiable en puissance et une alternative de taille aux courants islamistes.<\/p>\n<p>Yadh Ben Achour fera-t-il le pas qu\u2019attendent ses nombreux supporters ? Sera-t-il le f\u00e9d\u00e9rateur qu\u2019attendent la majorit\u00e9 des Tunisiens ?<\/p>\n<p>S\u2019il est trop t\u00f4t pour se prononcer, il n\u2019en reste pas moins que Yadh Ben Achour a d\u2019ores et d\u00e9j\u00e0 acquis une envergure et un poids moral incontestables.<\/p>\n<p>Ira-t-il un jour \u00e0 la rencontre de son destin national ? De l\u2019avis de nombreux analystes, ce serait une excellente nouvelle pour la Tunisie.<\/p>\n","protected":false},"excerpt":{"rendered":"<p>De plus en plus, Yadh Ben Achour fait figure de pr\u00e9sidentiable en puissance et dessine une alternative \u00e0 Ennahdha <\/p>\n","protected":false},"author":3222,"featured_media":334071,"comment_status":"open","ping_status":"closed","sticky":false,"template":"","format":"standard","meta":{"footnotes":""},"categories":[44],"tags":[],"class_list":["post-172157","post","type-post","status-publish","format-standard","has-post-thumbnail","hentry","category-national"],"yoast_head":"<!-- This site is optimized with the Yoast SEO Premium plugin v27.5 (Yoast SEO v27.5) - https:\/\/yoast.com\/product\/yoast-seo-premium-wordpress\/ -->\n<title>De plus en plus, Yadh Ben Achour fait figure de pr\u00e9sidentiable en puissance et dessine une alternative \u00e0 Ennahdha<\/title>\n<meta name=\"description\" content=\"De plus en plus, Yadh Ben Achour fait figure de pr\u00e9sidentiable en puissance et dessine une alternative \u00e0 Ennahdha\" \/>\n<link rel=\"canonical\" href=\"https:\/\/www.webdo.tn\/fr\/actualite\/blog\/de-plus-en-plus-yadh-ben-achour-fait-figure-de-presidentiable-en-puissance-et-dessine-une-alternative-a-ennahdha\/172157\/\" \/>\n<meta property=\"og:locale\" content=\"fr_FR\" \/>\n<meta property=\"og:type\" content=\"article\" \/>\n<meta property=\"og:title\" content=\"De plus en plus, Yadh Ben Achour fait figure de pr\u00e9sidentiable en puissance et dessine une alternative \u00e0 Ennahdha\" \/>\n<meta property=\"og:description\" content=\"De plus en plus, Yadh Ben Achour fait figure de pr\u00e9sidentiable en puissance et dessine une alternative \u00e0 Ennahdha\" \/>\n<meta property=\"og:url\" content=\"https:\/\/www.webdo.tn\/fr\/actualite\/blog\/de-plus-en-plus-yadh-ben-achour-fait-figure-de-presidentiable-en-puissance-et-dessine-une-alternative-a-ennahdha\/172157\/\" \/>\n<meta property=\"og:site_name\" content=\"webdo\" \/>\n<meta property=\"article:publisher\" content=\"https:\/\/www.facebook.com\/webdotn\" \/>\n<meta property=\"article:published_time\" content=\"2012-03-04T10:51:00+00:00\" \/>\n<meta property=\"article:modified_time\" content=\"2025-06-04T18:59:27+00:00\" \/>\n<meta property=\"og:image\" content=\"https:\/\/www.webdo.tn\/fr\/wp-content\/uploads\/2012\/03\/Yadh-Ben-Achour-photo-kcrg.com_.jpg\" \/>\n\t<meta property=\"og:image:width\" content=\"405\" \/>\n\t<meta property=\"og:image:height\" content=\"270\" \/>\n\t<meta property=\"og:image:type\" content=\"image\/jpeg\" \/>\n<meta name=\"author\" content=\"webdo.tn\" \/>\n<meta name=\"twitter:card\" content=\"summary_large_image\" \/>\n<meta name=\"twitter:creator\" content=\"@webdo_tn\" \/>\n<meta name=\"twitter:site\" content=\"@webdo_tn\" \/>\n<meta name=\"twitter:label1\" content=\"\u00c9crit par\" \/>\n\t<meta name=\"twitter:data1\" content=\"webdo.tn\" \/>\n\t<meta name=\"twitter:label2\" content=\"Dur\u00e9e de lecture estim\u00e9e\" \/>\n\t<meta name=\"twitter:data2\" content=\"1 minute\" \/>\n<script type=\"application\/ld+json\" class=\"yoast-schema-graph\">{\"@context\":\"https:\\\/\\\/schema.org\",\"@graph\":[{\"@type\":\"NewsArticle\",\"@id\":\"https:\\\/\\\/www.webdo.tn\\\/fr\\\/actualite\\\/blog\\\/de-plus-en-plus-yadh-ben-achour-fait-figure-de-presidentiable-en-puissance-et-dessine-une-alternative-a-ennahdha\\\/172157\\\/#article\",\"isPartOf\":{\"@id\":\"https:\\\/\\\/www.webdo.tn\\\/fr\\\/actualite\\\/blog\\\/de-plus-en-plus-yadh-ben-achour-fait-figure-de-presidentiable-en-puissance-et-dessine-une-alternative-a-ennahdha\\\/172157\\\/\"},\"author\":{\"name\":\"webdo.tn\",\"@id\":\"https:\\\/\\\/www.webdo.tn\\\/fr\\\/#\\\/schema\\\/person\\\/9a9c6118d687c117df8ef3cc36a4d175\"},\"headline\":\"De plus en plus, Yadh Ben Achour fait figure de pr\u00e9sidentiable en puissance et dessine une alternative \u00e0 Ennahdha\",\"datePublished\":\"2012-03-04T10:51:00+00:00\",\"dateModified\":\"2025-06-04T18:59:27+00:00\",\"mainEntityOfPage\":{\"@id\":\"https:\\\/\\\/www.webdo.tn\\\/fr\\\/actualite\\\/blog\\\/de-plus-en-plus-yadh-ben-achour-fait-figure-de-presidentiable-en-puissance-et-dessine-une-alternative-a-ennahdha\\\/172157\\\/\"},\"wordCount\":285,\"commentCount\":0,\"publisher\":{\"@id\":\"https:\\\/\\\/www.webdo.tn\\\/fr\\\/#organization\"},\"image\":{\"@id\":\"https:\\\/\\\/www.webdo.tn\\\/fr\\\/actualite\\\/blog\\\/de-plus-en-plus-yadh-ben-achour-fait-figure-de-presidentiable-en-puissance-et-dessine-une-alternative-a-ennahdha\\\/172157\\\/#primaryimage\"},\"thumbnailUrl\":\"https:\\\/\\\/www.webdo.tn\\\/fr\\\/wp-content\\\/uploads\\\/2012\\\/03\\\/Yadh-Ben-Achour-photo-kcrg.com_.jpg\",\"articleSection\":[\"National\"],\"inLanguage\":\"fr-FR\"},{\"@type\":\"WebPage\",\"@id\":\"https:\\\/\\\/www.webdo.tn\\\/fr\\\/actualite\\\/blog\\\/de-plus-en-plus-yadh-ben-achour-fait-figure-de-presidentiable-en-puissance-et-dessine-une-alternative-a-ennahdha\\\/172157\\\/\",\"url\":\"https:\\\/\\\/www.webdo.tn\\\/fr\\\/actualite\\\/blog\\\/de-plus-en-plus-yadh-ben-achour-fait-figure-de-presidentiable-en-puissance-et-dessine-une-alternative-a-ennahdha\\\/172157\\\/\",\"name\":\"De plus en plus, Yadh Ben Achour fait figure de pr\u00e9sidentiable en puissance et dessine une alternative \u00e0 Ennahdha\",\"isPartOf\":{\"@id\":\"https:\\\/\\\/www.webdo.tn\\\/fr\\\/#website\"},\"primaryImageOfPage\":{\"@id\":\"https:\\\/\\\/www.webdo.tn\\\/fr\\\/actualite\\\/blog\\\/de-plus-en-plus-yadh-ben-achour-fait-figure-de-presidentiable-en-puissance-et-dessine-une-alternative-a-ennahdha\\\/172157\\\/#primaryimage\"},\"image\":{\"@id\":\"https:\\\/\\\/www.webdo.tn\\\/fr\\\/actualite\\\/blog\\\/de-plus-en-plus-yadh-ben-achour-fait-figure-de-presidentiable-en-puissance-et-dessine-une-alternative-a-ennahdha\\\/172157\\\/#primaryimage\"},\"thumbnailUrl\":\"https:\\\/\\\/www.webdo.tn\\\/fr\\\/wp-content\\\/uploads\\\/2012\\\/03\\\/Yadh-Ben-Achour-photo-kcrg.com_.jpg\",\"datePublished\":\"2012-03-04T10:51:00+00:00\",\"dateModified\":\"2025-06-04T18:59:27+00:00\",\"description\":\"De plus en plus, Yadh Ben Achour fait figure de pr\u00e9sidentiable en puissance et dessine une alternative \u00e0 Ennahdha\",\"breadcrumb\":{\"@id\":\"https:\\\/\\\/www.webdo.tn\\\/fr\\\/actualite\\\/blog\\\/de-plus-en-plus-yadh-ben-achour-fait-figure-de-presidentiable-en-puissance-et-dessine-une-alternative-a-ennahdha\\\/172157\\\/#breadcrumb\"},\"inLanguage\":\"fr-FR\",\"potentialAction\":[{\"@type\":\"ReadAction\",\"target\":[\"https:\\\/\\\/www.webdo.tn\\\/fr\\\/actualite\\\/blog\\\/de-plus-en-plus-yadh-ben-achour-fait-figure-de-presidentiable-en-puissance-et-dessine-une-alternative-a-ennahdha\\\/172157\\\/\"]}]},{\"@type\":\"ImageObject\",\"inLanguage\":\"fr-FR\",\"@id\":\"https:\\\/\\\/www.webdo.tn\\\/fr\\\/actualite\\\/blog\\\/de-plus-en-plus-yadh-ben-achour-fait-figure-de-presidentiable-en-puissance-et-dessine-une-alternative-a-ennahdha\\\/172157\\\/#primaryimage\",\"url\":\"https:\\\/\\\/www.webdo.tn\\\/fr\\\/wp-content\\\/uploads\\\/2012\\\/03\\\/Yadh-Ben-Achour-photo-kcrg.com_.jpg\",\"contentUrl\":\"https:\\\/\\\/www.webdo.tn\\\/fr\\\/wp-content\\\/uploads\\\/2012\\\/03\\\/Yadh-Ben-Achour-photo-kcrg.com_.jpg\",\"width\":405,\"height\":270,\"caption\":\"De plus en plus, Yadh Ben Achour fait figure de pr\u00e9sidentiable en puissance et dessine une alternative \u00e0 Ennahdha\"},{\"@type\":\"BreadcrumbList\",\"@id\":\"https:\\\/\\\/www.webdo.tn\\\/fr\\\/actualite\\\/blog\\\/de-plus-en-plus-yadh-ben-achour-fait-figure-de-presidentiable-en-puissance-et-dessine-une-alternative-a-ennahdha\\\/172157\\\/#breadcrumb\",\"itemListElement\":[{\"@type\":\"ListItem\",\"position\":1,\"name\":\"Accueil\",\"item\":\"https:\\\/\\\/www.webdo.tn\\\/fr\\\/\"},{\"@type\":\"ListItem\",\"position\":2,\"name\":\"De plus en plus, Yadh Ben Achour fait figure de pr\u00e9sidentiable en puissance et dessine une alternative \u00e0 Ennahdha\"}]},{\"@type\":\"WebSite\",\"@id\":\"https:\\\/\\\/www.webdo.tn\\\/fr\\\/#website\",\"url\":\"https:\\\/\\\/www.webdo.tn\\\/fr\\\/\",\"name\":\"webdo\",\"description\":\"Tunisie - News en Tunisie et \u00e0 l&#039;international sur Webdo.tn\",\"publisher\":{\"@id\":\"https:\\\/\\\/www.webdo.tn\\\/fr\\\/#organization\"},\"potentialAction\":[{\"@type\":\"SearchAction\",\"target\":{\"@type\":\"EntryPoint\",\"urlTemplate\":\"https:\\\/\\\/www.webdo.tn\\\/fr\\\/?s={search_term_string}\"},\"query-input\":{\"@type\":\"PropertyValueSpecification\",\"valueRequired\":true,\"valueName\":\"search_term_string\"}}],\"inLanguage\":\"fr-FR\"},{\"@type\":\"Organization\",\"@id\":\"https:\\\/\\\/www.webdo.tn\\\/fr\\\/#organization\",\"name\":\"Webdo\",\"alternateName\":\"Webdo.tn\",\"url\":\"https:\\\/\\\/www.webdo.tn\\\/fr\\\/\",\"logo\":{\"@type\":\"ImageObject\",\"inLanguage\":\"fr-FR\",\"@id\":\"https:\\\/\\\/www.webdo.tn\\\/fr\\\/#\\\/schema\\\/logo\\\/image\\\/\",\"url\":\"https:\\\/\\\/www.webdo.tn\\\/fr\\\/wp-content\\\/uploads\\\/2025\\\/06\\\/Webdo-Tunisie_168377.jpg\",\"contentUrl\":\"https:\\\/\\\/www.webdo.tn\\\/fr\\\/wp-content\\\/uploads\\\/2025\\\/06\\\/Webdo-Tunisie_168377.jpg\",\"width\":301,\"height\":301,\"caption\":\"Webdo\"},\"image\":{\"@id\":\"https:\\\/\\\/www.webdo.tn\\\/fr\\\/#\\\/schema\\\/logo\\\/image\\\/\"},\"sameAs\":[\"https:\\\/\\\/www.facebook.com\\\/webdotn\",\"https:\\\/\\\/x.com\\\/webdo_tn\"],\"description\":\"Webdo est un m\u00e9dia num\u00e9rique tunisien fond\u00e9 en 2010, sp\u00e9cialis\u00e9 dans l\u2019actualit\u00e9 nationale et internationale, l\u2019\u00e9conomie, la soci\u00e9t\u00e9 et les analyses politiques. Le site s\u2019adresse \u00e0 un large public francophone et couvre l\u2019information tunisienne en temps r\u00e9el.\",\"email\":\"redac@webdo.tn\",\"legalName\":\"YNJ SARL\",\"foundingDate\":\"2010-09-06\",\"numberOfEmployees\":{\"@type\":\"QuantitativeValue\",\"minValue\":\"11\",\"maxValue\":\"50\"}},{\"@type\":\"Person\",\"@id\":\"https:\\\/\\\/www.webdo.tn\\\/fr\\\/#\\\/schema\\\/person\\\/9a9c6118d687c117df8ef3cc36a4d175\",\"name\":\"webdo.tn\",\"image\":{\"@type\":\"ImageObject\",\"inLanguage\":\"fr-FR\",\"@id\":\"https:\\\/\\\/secure.gravatar.com\\\/avatar\\\/7ce1f28c0c3bbac99ff550b85ef8e44a6950c6ee24514fb6a5489e51d06f0298?s=96&d=mm&r=g\",\"url\":\"https:\\\/\\\/secure.gravatar.com\\\/avatar\\\/7ce1f28c0c3bbac99ff550b85ef8e44a6950c6ee24514fb6a5489e51d06f0298?s=96&d=mm&r=g\",\"contentUrl\":\"https:\\\/\\\/secure.gravatar.com\\\/avatar\\\/7ce1f28c0c3bbac99ff550b85ef8e44a6950c6ee24514fb6a5489e51d06f0298?s=96&d=mm&r=g\",\"caption\":\"webdo.tn\"},\"url\":\"https:\\\/\\\/www.webdo.tn\\\/fr\\\/actualite\\\/author\\\/webdotn\\\/\"}]}<\/script>\n<!-- \/ Yoast SEO Premium plugin. -->","yoast_head_json":{"title":"De plus en plus, Yadh Ben Achour fait figure de pr\u00e9sidentiable en puissance et dessine une alternative \u00e0 Ennahdha","description":"De plus en plus, Yadh Ben Achour fait figure de pr\u00e9sidentiable en puissance et dessine une alternative \u00e0 Ennahdha","canonical":"https:\/\/www.webdo.tn\/fr\/actualite\/blog\/de-plus-en-plus-yadh-ben-achour-fait-figure-de-presidentiable-en-puissance-et-dessine-une-alternative-a-ennahdha\/172157\/","og_locale":"fr_FR","og_type":"article","og_title":"De plus en plus, Yadh Ben Achour fait figure de pr\u00e9sidentiable en puissance et dessine une alternative \u00e0 Ennahdha","og_description":"De plus en plus, Yadh Ben Achour fait figure de pr\u00e9sidentiable en puissance et dessine une alternative \u00e0 Ennahdha","og_url":"https:\/\/www.webdo.tn\/fr\/actualite\/blog\/de-plus-en-plus-yadh-ben-achour-fait-figure-de-presidentiable-en-puissance-et-dessine-une-alternative-a-ennahdha\/172157\/","og_site_name":"webdo","article_publisher":"https:\/\/www.facebook.com\/webdotn","article_published_time":"2012-03-04T10:51:00+00:00","article_modified_time":"2025-06-04T18:59:27+00:00","og_image":[{"width":405,"height":270,"url":"https:\/\/www.webdo.tn\/fr\/wp-content\/uploads\/2012\/03\/Yadh-Ben-Achour-photo-kcrg.com_.jpg","type":"image\/jpeg"}],"author":"webdo.tn","twitter_card":"summary_large_image","twitter_creator":"@webdo_tn","twitter_site":"@webdo_tn","twitter_misc":{"\u00c9crit par":"webdo.tn","Dur\u00e9e de lecture estim\u00e9e":"1 minute"},"schema":{"@context":"https:\/\/schema.org","@graph":[{"@type":"NewsArticle","@id":"https:\/\/www.webdo.tn\/fr\/actualite\/blog\/de-plus-en-plus-yadh-ben-achour-fait-figure-de-presidentiable-en-puissance-et-dessine-une-alternative-a-ennahdha\/172157\/#article","isPartOf":{"@id":"https:\/\/www.webdo.tn\/fr\/actualite\/blog\/de-plus-en-plus-yadh-ben-achour-fait-figure-de-presidentiable-en-puissance-et-dessine-une-alternative-a-ennahdha\/172157\/"},"author":{"name":"webdo.tn","@id":"https:\/\/www.webdo.tn\/fr\/#\/schema\/person\/9a9c6118d687c117df8ef3cc36a4d175"},"headline":"De plus en plus, Yadh Ben Achour fait figure de pr\u00e9sidentiable en puissance et dessine une alternative \u00e0 Ennahdha","datePublished":"2012-03-04T10:51:00+00:00","dateModified":"2025-06-04T18:59:27+00:00","mainEntityOfPage":{"@id":"https:\/\/www.webdo.tn\/fr\/actualite\/blog\/de-plus-en-plus-yadh-ben-achour-fait-figure-de-presidentiable-en-puissance-et-dessine-une-alternative-a-ennahdha\/172157\/"},"wordCount":285,"commentCount":0,"publisher":{"@id":"https:\/\/www.webdo.tn\/fr\/#organization"},"image":{"@id":"https:\/\/www.webdo.tn\/fr\/actualite\/blog\/de-plus-en-plus-yadh-ben-achour-fait-figure-de-presidentiable-en-puissance-et-dessine-une-alternative-a-ennahdha\/172157\/#primaryimage"},"thumbnailUrl":"https:\/\/www.webdo.tn\/fr\/wp-content\/uploads\/2012\/03\/Yadh-Ben-Achour-photo-kcrg.com_.jpg","articleSection":["National"],"inLanguage":"fr-FR"},{"@type":"WebPage","@id":"https:\/\/www.webdo.tn\/fr\/actualite\/blog\/de-plus-en-plus-yadh-ben-achour-fait-figure-de-presidentiable-en-puissance-et-dessine-une-alternative-a-ennahdha\/172157\/","url":"https:\/\/www.webdo.tn\/fr\/actualite\/blog\/de-plus-en-plus-yadh-ben-achour-fait-figure-de-presidentiable-en-puissance-et-dessine-une-alternative-a-ennahdha\/172157\/","name":"De plus en plus, Yadh Ben Achour fait figure de pr\u00e9sidentiable en puissance et dessine une alternative \u00e0 Ennahdha","isPartOf":{"@id":"https:\/\/www.webdo.tn\/fr\/#website"},"primaryImageOfPage":{"@id":"https:\/\/www.webdo.tn\/fr\/actualite\/blog\/de-plus-en-plus-yadh-ben-achour-fait-figure-de-presidentiable-en-puissance-et-dessine-une-alternative-a-ennahdha\/172157\/#primaryimage"},"image":{"@id":"https:\/\/www.webdo.tn\/fr\/actualite\/blog\/de-plus-en-plus-yadh-ben-achour-fait-figure-de-presidentiable-en-puissance-et-dessine-une-alternative-a-ennahdha\/172157\/#primaryimage"},"thumbnailUrl":"https:\/\/www.webdo.tn\/fr\/wp-content\/uploads\/2012\/03\/Yadh-Ben-Achour-photo-kcrg.com_.jpg","datePublished":"2012-03-04T10:51:00+00:00","dateModified":"2025-06-04T18:59:27+00:00","description":"De plus en plus, Yadh Ben Achour fait figure de pr\u00e9sidentiable en puissance et dessine une alternative \u00e0 Ennahdha","breadcrumb":{"@id":"https:\/\/www.webdo.tn\/fr\/actualite\/blog\/de-plus-en-plus-yadh-ben-achour-fait-figure-de-presidentiable-en-puissance-et-dessine-une-alternative-a-ennahdha\/172157\/#breadcrumb"},"inLanguage":"fr-FR","potentialAction":[{"@type":"ReadAction","target":["https:\/\/www.webdo.tn\/fr\/actualite\/blog\/de-plus-en-plus-yadh-ben-achour-fait-figure-de-presidentiable-en-puissance-et-dessine-une-alternative-a-ennahdha\/172157\/"]}]},{"@type":"ImageObject","inLanguage":"fr-FR","@id":"https:\/\/www.webdo.tn\/fr\/actualite\/blog\/de-plus-en-plus-yadh-ben-achour-fait-figure-de-presidentiable-en-puissance-et-dessine-une-alternative-a-ennahdha\/172157\/#primaryimage","url":"https:\/\/www.webdo.tn\/fr\/wp-content\/uploads\/2012\/03\/Yadh-Ben-Achour-photo-kcrg.com_.jpg","contentUrl":"https:\/\/www.webdo.tn\/fr\/wp-content\/uploads\/2012\/03\/Yadh-Ben-Achour-photo-kcrg.com_.jpg","width":405,"height":270,"caption":"De plus en plus, Yadh Ben Achour fait figure de pr\u00e9sidentiable en puissance et dessine une alternative \u00e0 Ennahdha"},{"@type":"BreadcrumbList","@id":"https:\/\/www.webdo.tn\/fr\/actualite\/blog\/de-plus-en-plus-yadh-ben-achour-fait-figure-de-presidentiable-en-puissance-et-dessine-une-alternative-a-ennahdha\/172157\/#breadcrumb","itemListElement":[{"@type":"ListItem","position":1,"name":"Accueil","item":"https:\/\/www.webdo.tn\/fr\/"},{"@type":"ListItem","position":2,"name":"De plus en plus, Yadh Ben Achour fait figure de pr\u00e9sidentiable en puissance et dessine une alternative \u00e0 Ennahdha"}]},{"@type":"WebSite","@id":"https:\/\/www.webdo.tn\/fr\/#website","url":"https:\/\/www.webdo.tn\/fr\/","name":"webdo","description":"Tunisie - News en Tunisie et \u00e0 l&#039;international sur Webdo.tn","publisher":{"@id":"https:\/\/www.webdo.tn\/fr\/#organization"},"potentialAction":[{"@type":"SearchAction","target":{"@type":"EntryPoint","urlTemplate":"https:\/\/www.webdo.tn\/fr\/?s={search_term_string}"},"query-input":{"@type":"PropertyValueSpecification","valueRequired":true,"valueName":"search_term_string"}}],"inLanguage":"fr-FR"},{"@type":"Organization","@id":"https:\/\/www.webdo.tn\/fr\/#organization","name":"Webdo","alternateName":"Webdo.tn","url":"https:\/\/www.webdo.tn\/fr\/","logo":{"@type":"ImageObject","inLanguage":"fr-FR","@id":"https:\/\/www.webdo.tn\/fr\/#\/schema\/logo\/image\/","url":"https:\/\/www.webdo.tn\/fr\/wp-content\/uploads\/2025\/06\/Webdo-Tunisie_168377.jpg","contentUrl":"https:\/\/www.webdo.tn\/fr\/wp-content\/uploads\/2025\/06\/Webdo-Tunisie_168377.jpg","width":301,"height":301,"caption":"Webdo"},"image":{"@id":"https:\/\/www.webdo.tn\/fr\/#\/schema\/logo\/image\/"},"sameAs":["https:\/\/www.facebook.com\/webdotn","https:\/\/x.com\/webdo_tn"],"description":"Webdo est un m\u00e9dia num\u00e9rique tunisien fond\u00e9 en 2010, sp\u00e9cialis\u00e9 dans l\u2019actualit\u00e9 nationale et internationale, l\u2019\u00e9conomie, la soci\u00e9t\u00e9 et les analyses politiques. Le site s\u2019adresse \u00e0 un large public francophone et couvre l\u2019information tunisienne en temps r\u00e9el.","email":"redac@webdo.tn","legalName":"YNJ SARL","foundingDate":"2010-09-06","numberOfEmployees":{"@type":"QuantitativeValue","minValue":"11","maxValue":"50"}},{"@type":"Person","@id":"https:\/\/www.webdo.tn\/fr\/#\/schema\/person\/9a9c6118d687c117df8ef3cc36a4d175","name":"webdo.tn","image":{"@type":"ImageObject","inLanguage":"fr-FR","@id":"https:\/\/secure.gravatar.com\/avatar\/7ce1f28c0c3bbac99ff550b85ef8e44a6950c6ee24514fb6a5489e51d06f0298?s=96&d=mm&r=g","url":"https:\/\/secure.gravatar.com\/avatar\/7ce1f28c0c3bbac99ff550b85ef8e44a6950c6ee24514fb6a5489e51d06f0298?s=96&d=mm&r=g","contentUrl":"https:\/\/secure.gravatar.com\/avatar\/7ce1f28c0c3bbac99ff550b85ef8e44a6950c6ee24514fb6a5489e51d06f0298?s=96&d=mm&r=g","caption":"webdo.tn"},"url":"https:\/\/www.webdo.tn\/fr\/actualite\/author\/webdotn\/"}]}},"_links":{"self":[{"href":"https:\/\/www.webdo.tn\/fr\/wp-json\/wp\/v2\/posts\/172157","targetHints":{"allow":["GET"]}}],"collection":[{"href":"https:\/\/www.webdo.tn\/fr\/wp-json\/wp\/v2\/posts"}],"about":[{"href":"https:\/\/www.webdo.tn\/fr\/wp-json\/wp\/v2\/types\/post"}],"author":[{"embeddable":true,"href":"https:\/\/www.webdo.tn\/fr\/wp-json\/wp\/v2\/users\/3222"}],"replies":[{"embeddable":true,"href":"https:\/\/www.webdo.tn\/fr\/wp-json\/wp\/v2\/comments?post=172157"}],"version-history":[{"count":0,"href":"https:\/\/www.webdo.tn\/fr\/wp-json\/wp\/v2\/posts\/172157\/revisions"}],"wp:featuredmedia":[{"embeddable":true,"href":"https:\/\/www.webdo.tn\/fr\/wp-json\/wp\/v2\/media\/334071"}],"wp:attachment":[{"href":"https:\/\/www.webdo.tn\/fr\/wp-json\/wp\/v2\/media?parent=172157"}],"wp:term":[{"taxonomy":"category","embeddable":true,"href":"https:\/\/www.webdo.tn\/fr\/wp-json\/wp\/v2\/categories?post=172157"},{"taxonomy":"post_tag","embeddable":true,"href":"https:\/\/www.webdo.tn\/fr\/wp-json\/wp\/v2\/tags?post=172157"}],"curies":[{"name":"wp","href":"https:\/\/api.w.org\/{rel}","templated":true}]}}