{"id":172067,"date":"2012-04-05T17:47:00","date_gmt":"2012-04-05T17:47:00","guid":{"rendered":"https:\/\/www.webdo.tn\/fr\/blog\/politique-monetaire-expansionniste-etou-politique-budgetaire\/172067\/"},"modified":"2012-04-05T17:47:00","modified_gmt":"2012-04-05T17:47:00","slug":"politique-monetaire-expansionniste-etou-politique-budgetaire","status":"publish","type":"post","link":"https:\/\/www.webdo.tn\/fr\/actualite\/national\/politique-monetaire-expansionniste-etou-politique-budgetaire\/172067\/","title":{"rendered":"Politique mon\u00e9taire expansionniste et\/ou politique budg\u00e9taire ?"},"content":{"rendered":"<p>M\u00eame petite \u00e9conomie, notre pays n&rsquo;est pas \u00e0 l&rsquo;abri des chocs. La banque centrale en contr\u00f4le, en toute ind\u00e9pendance, le niveau d&rsquo;influence en provenance de l&rsquo;int\u00e9rieur comme de l&rsquo;ext\u00e9rieur pourtant!<\/p>\n<p>Le dilemme des taux<br \/>\n Responsable de sa politique mon\u00e9taire, le but de la BCT est de surveiller l&rsquo;inflation pour la maintenir dans une fourchette raisonnable. Car si elle baisse inconsid\u00e9r\u00e9ment son taux d&rsquo;int\u00e9r\u00eat, elle sait d&rsquo;avance que l&rsquo;injection d&rsquo;une quantit\u00e9 suppl\u00e9mentaire de monnaie va s&rsquo;abattre sur les actifs disponibles et que le niveau des prix va grimper.<\/p>\n<p>A long terme, par contre, on peut penser que la hausse des prix va permettre \u00e0 la production d&rsquo;augmenter puisqu&rsquo;elle sera mieux r\u00e9mun\u00e9r\u00e9e. Ce qui va permettre aux entreprises d&rsquo;investir et de recruter et\/ou d&rsquo;augmenter le niveau des salaires et de l\u00e0, faire diminuer le ch\u00f4mage tout en acc\u00e9dant \u00e0 un palier de vie sup\u00e9rieur. A terme, cela aboutira \u00e0 un \u00e9quilibre du march\u00e9, m\u00eame si un \u00e9quilibre n&rsquo;est jamais acquis.<\/p>\n<p>Si au contraire la BCT d\u00e9cide d&rsquo;augmenter son taux, les m\u00e9nages qui ont de l&rsquo;argent vont pr\u00e9f\u00e9rer les conserver dans une \u00e9pargne en banque qui r\u00e9mun\u00e8re leur renonciation \u00e0 d\u00e9penser. La masse mon\u00e9taire sera ainsi en partie \u00e9pong\u00e9e et les prix vont baisser. Les entreprises faisant un chiffre d&rsquo;affaire en repli vont alors mettre en ch\u00f4mage et r\u00e9duire les salaires. Et ce sera la r\u00e9cession avec un niveau de Pib en recul.<\/p>\n<p>Vous comprenez pourquoi il est difficile d&rsquo;opter uniquement pour un sens ou pour l&rsquo;autre. Une politique mon\u00e9taire uniquement expansionniste est n\u00e9faste \u00e0 court terme puisqu&rsquo;elle inonde le march\u00e9 en pouvoir d&rsquo;achat avec toutes les cons\u00e9quences inflationnistes que cela implique. Mais c&rsquo;est une \u00e9preuve n\u00e9cessaire au succ\u00e8s d&rsquo;une politique \u00e0 moyen \/long terme. En revanche, une politique mon\u00e9taire d&rsquo;\u00e9pongeage de la masse mon\u00e9taire tue l&rsquo;\u00e9conomie par une th\u00e9saurisation excessive et une hausse du co\u00fbt de l&rsquo;argent qui d\u00e9courage l&rsquo;investissement, donc la cr\u00e9ation de l&#8217;emploi.<\/p>\n<p>A mon avis, si il y a un domaine o\u00f9 il faut naviguer \u00e0 vue, c&rsquo;est bien celui de la politique mon\u00e9taire. En effet, les donn\u00e9es sont dynamiques \u00e0 chaque instant. Le march\u00e9 est un organisme vivant, tr\u00e8s subtile par les soubresauts qu&rsquo;il vit \u00e0 l&rsquo;int\u00e9rieur des forces qui l&rsquo;animent. Ces forces sont des variables sans limites qui \u00e9voluent dans le temps et l&rsquo;espace ou tout s&rsquo;entrem\u00eale \u00e0 l&rsquo;infini. Depuis la nuit des temps, les th\u00e9oriciens ont essay\u00e9 d&rsquo;en comprendre les secrets. Qu&rsquo;il s&rsquo;appelle Friedman ou Keynes, ou autres Ricardo, nul, \u00e0 ce jour, n&rsquo;a pu dire de quoi sera fait le march\u00e9 \u00e0 un moment pr\u00e9cis.<\/p>\n<p>Le n\u00e9cessaire dosage<br \/>\n La solution serait de ne jamais \u00eatre loin de l&rsquo;\u00e9quilibre du march\u00e9, de naviguer toujours en vue du \u00ab\u00a0trend\u00a0\u00bb, \u00e0 travers le nuage d&rsquo;informations que la physionomie du march\u00e9 renvoie \u00e0 chaque instant afin de pouvoir corriger. Car, il suffit d&rsquo;un seul moment de distraction pour que tout bascule. En 2007&#8230; Personne n&rsquo;avait vu venir la crise!<\/p>\n<p>Pour tout r\u00e9sumer, si l&rsquo;on peut employer la politique mon\u00e9taire pour stimuler l\u2019activit\u00e9 en p\u00e9riode de r\u00e9cession, via une politique expansionniste qui consiste \u00e0 abaisser les r\u00e9serves de change et les taux d\u2019int\u00e9r\u00eats sur le march\u00e9 mon\u00e9taire, on s\u2019attend g\u00e9n\u00e9ralement dans ce cas \u00e0 ce que les banques accordent plus facilement et \u00e0 des taux d\u2019int\u00e9r\u00eat plus faibles, des cr\u00e9dits aux op\u00e9rateurs. La disponibilit\u00e9 plus grande et le co\u00fbt moindre du cr\u00e9dit devraient alors stimuler la demande int\u00e9rieure, c&rsquo;est-\u00e0-dire la consommation et l\u2019investissement \u00e0 moyen\/long terme. Mais c&rsquo;est au risque de l&rsquo;incontournable souffrance \u00e0 court terme qui bouleverse les donn\u00e9es politiques et sociales, comme c&rsquo;est le cas aujourd&rsquo;hui.<\/p>\n<p>Il faut savoir que l\u2019id\u00e9e, qui a largement domin\u00e9 les politiques \u00e9conomiques de part le monde, est d\u2019assurer une croissance non inflationniste de la masse mon\u00e9taire, sans chercher \u00e0 utiliser syst\u00e9matiquement la monnaie comme un instrument de relance de l\u2019\u00e9conomie. Ce r\u00f4le est plut\u00f4t d\u00e9volu, le cas \u00e9ch\u00e9ant, \u00e0 la politique budg\u00e9taire, laquelle intervient par des ponctions fiscales ou d&#8217;emprunts, dont on connait d&rsquo;avance la destination et les cons\u00e9quences.<\/p>\n<p>Pour autant, la politique expansionniste des taux d\u2019int\u00e9r\u00eat reste un outil formidable \u00e0 court et moyen terme dans la recherche de l\u2019\u00e9quilibre et de la stabilit\u00e9 des prix, tant qu&rsquo;elle est entre des mains d&rsquo;artistes, si artistes il y a.<\/p>\n","protected":false},"excerpt":{"rendered":"<p>Politique mon\u00e9taire expansionniste et\/ou politique budg\u00e9taire ?<\/p>\n","protected":false},"author":3222,"featured_media":374454,"comment_status":"open","ping_status":"closed","sticky":false,"template":"","format":"standard","meta":{"footnotes":""},"categories":[44],"tags":[2600],"class_list":["post-172067","post","type-post","status-publish","format-standard","has-post-thumbnail","hentry","category-national","tag-guerre"],"yoast_head":"<!-- This site is optimized with the Yoast SEO Premium plugin v27.5 (Yoast SEO v27.5) - https:\/\/yoast.com\/product\/yoast-seo-premium-wordpress\/ -->\n<title>Politique mon\u00e9taire expansionniste et\/ou politique budg\u00e9taire ?<\/title>\n<meta name=\"description\" content=\"Politique mon\u00e9taire expansionniste et\/ou politique budg\u00e9taire ?\" \/>\n<link rel=\"canonical\" href=\"https:\/\/www.webdo.tn\/fr\/actualite\/national-45\/politique-monetaire-expansionniste-etou-politique-budgetaire\/172067\/\" \/>\n<meta property=\"og:locale\" content=\"fr_FR\" \/>\n<meta property=\"og:type\" content=\"article\" \/>\n<meta property=\"og:title\" content=\"Politique mon\u00e9taire expansionniste et\/ou politique budg\u00e9taire ?\" \/>\n<meta property=\"og:description\" content=\"Politique mon\u00e9taire expansionniste et\/ou politique budg\u00e9taire ?\" \/>\n<meta property=\"og:url\" content=\"https:\/\/www.webdo.tn\/fr\/actualite\/national-45\/politique-monetaire-expansionniste-etou-politique-budgetaire\/172067\/\" \/>\n<meta property=\"og:site_name\" content=\"webdo\" \/>\n<meta property=\"article:publisher\" content=\"https:\/\/www.facebook.com\/webdotn\" \/>\n<meta property=\"article:published_time\" content=\"2012-04-05T17:47:00+00:00\" \/>\n<meta name=\"author\" content=\"webdo.tn\" \/>\n<meta name=\"twitter:card\" content=\"summary_large_image\" \/>\n<meta name=\"twitter:creator\" content=\"@webdo_tn\" \/>\n<meta name=\"twitter:site\" content=\"@webdo_tn\" \/>\n<meta name=\"twitter:label1\" content=\"\u00c9crit par\" \/>\n\t<meta name=\"twitter:data1\" content=\"webdo.tn\" \/>\n\t<meta name=\"twitter:label2\" content=\"Dur\u00e9e de lecture estim\u00e9e\" \/>\n\t<meta name=\"twitter:data2\" content=\"4 minutes\" \/>\n<script type=\"application\/ld+json\" class=\"yoast-schema-graph\">{\"@context\":\"https:\\\/\\\/schema.org\",\"@graph\":[{\"@type\":\"NewsArticle\",\"@id\":\"https:\\\/\\\/www.webdo.tn\\\/fr\\\/actualite\\\/national-45\\\/politique-monetaire-expansionniste-etou-politique-budgetaire\\\/172067\\\/#article\",\"isPartOf\":{\"@id\":\"https:\\\/\\\/www.webdo.tn\\\/fr\\\/actualite\\\/national-45\\\/politique-monetaire-expansionniste-etou-politique-budgetaire\\\/172067\\\/\"},\"author\":{\"name\":\"webdo.tn\",\"@id\":\"https:\\\/\\\/www.webdo.tn\\\/fr\\\/#\\\/schema\\\/person\\\/9a9c6118d687c117df8ef3cc36a4d175\"},\"headline\":\"Politique mon\u00e9taire expansionniste et\\\/ou politique budg\u00e9taire ?\",\"datePublished\":\"2012-04-05T17:47:00+00:00\",\"mainEntityOfPage\":{\"@id\":\"https:\\\/\\\/www.webdo.tn\\\/fr\\\/actualite\\\/national-45\\\/politique-monetaire-expansionniste-etou-politique-budgetaire\\\/172067\\\/\"},\"wordCount\":828,\"commentCount\":0,\"publisher\":{\"@id\":\"https:\\\/\\\/www.webdo.tn\\\/fr\\\/#organization\"},\"image\":{\"@id\":\"https:\\\/\\\/www.webdo.tn\\\/fr\\\/actualite\\\/national-45\\\/politique-monetaire-expansionniste-etou-politique-budgetaire\\\/172067\\\/#primaryimage\"},\"thumbnailUrl\":\"https:\\\/\\\/www.webdo.tn\\\/fr\\\/wp-content\\\/uploads\\\/2025\\\/06\\\/Politique-monetaire-ou-budgetaire-photo-Tap_172067.jpg\",\"keywords\":[\"guerre\"],\"articleSection\":[\"National\"],\"inLanguage\":\"fr-FR\"},{\"@type\":\"WebPage\",\"@id\":\"https:\\\/\\\/www.webdo.tn\\\/fr\\\/actualite\\\/national-45\\\/politique-monetaire-expansionniste-etou-politique-budgetaire\\\/172067\\\/\",\"url\":\"https:\\\/\\\/www.webdo.tn\\\/fr\\\/actualite\\\/national-45\\\/politique-monetaire-expansionniste-etou-politique-budgetaire\\\/172067\\\/\",\"name\":\"Politique mon\u00e9taire expansionniste et\\\/ou politique budg\u00e9taire ?\",\"isPartOf\":{\"@id\":\"https:\\\/\\\/www.webdo.tn\\\/fr\\\/#website\"},\"primaryImageOfPage\":{\"@id\":\"https:\\\/\\\/www.webdo.tn\\\/fr\\\/actualite\\\/national-45\\\/politique-monetaire-expansionniste-etou-politique-budgetaire\\\/172067\\\/#primaryimage\"},\"image\":{\"@id\":\"https:\\\/\\\/www.webdo.tn\\\/fr\\\/actualite\\\/national-45\\\/politique-monetaire-expansionniste-etou-politique-budgetaire\\\/172067\\\/#primaryimage\"},\"thumbnailUrl\":\"https:\\\/\\\/www.webdo.tn\\\/fr\\\/wp-content\\\/uploads\\\/2025\\\/06\\\/Politique-monetaire-ou-budgetaire-photo-Tap_172067.jpg\",\"datePublished\":\"2012-04-05T17:47:00+00:00\",\"description\":\"Politique mon\u00e9taire expansionniste et\\\/ou politique budg\u00e9taire ?\",\"breadcrumb\":{\"@id\":\"https:\\\/\\\/www.webdo.tn\\\/fr\\\/actualite\\\/national-45\\\/politique-monetaire-expansionniste-etou-politique-budgetaire\\\/172067\\\/#breadcrumb\"},\"inLanguage\":\"fr-FR\",\"potentialAction\":[{\"@type\":\"ReadAction\",\"target\":[\"https:\\\/\\\/www.webdo.tn\\\/fr\\\/actualite\\\/national-45\\\/politique-monetaire-expansionniste-etou-politique-budgetaire\\\/172067\\\/\"]}]},{\"@type\":\"ImageObject\",\"inLanguage\":\"fr-FR\",\"@id\":\"https:\\\/\\\/www.webdo.tn\\\/fr\\\/actualite\\\/national-45\\\/politique-monetaire-expansionniste-etou-politique-budgetaire\\\/172067\\\/#primaryimage\",\"url\":\"https:\\\/\\\/www.webdo.tn\\\/fr\\\/wp-content\\\/uploads\\\/2025\\\/06\\\/Politique-monetaire-ou-budgetaire-photo-Tap_172067.jpg\",\"contentUrl\":\"https:\\\/\\\/www.webdo.tn\\\/fr\\\/wp-content\\\/uploads\\\/2025\\\/06\\\/Politique-monetaire-ou-budgetaire-photo-Tap_172067.jpg\",\"width\":300,\"height\":238,\"caption\":\"Politique mon\u00e9taire expansionniste et\\\/ou politique budg\u00e9taire ?\"},{\"@type\":\"BreadcrumbList\",\"@id\":\"https:\\\/\\\/www.webdo.tn\\\/fr\\\/actualite\\\/national-45\\\/politique-monetaire-expansionniste-etou-politique-budgetaire\\\/172067\\\/#breadcrumb\",\"itemListElement\":[{\"@type\":\"ListItem\",\"position\":1,\"name\":\"Accueil\",\"item\":\"https:\\\/\\\/www.webdo.tn\\\/fr\\\/\"},{\"@type\":\"ListItem\",\"position\":2,\"name\":\"Politique mon\u00e9taire expansionniste et\\\/ou politique budg\u00e9taire ?\"}]},{\"@type\":\"WebSite\",\"@id\":\"https:\\\/\\\/www.webdo.tn\\\/fr\\\/#website\",\"url\":\"https:\\\/\\\/www.webdo.tn\\\/fr\\\/\",\"name\":\"webdo\",\"description\":\"Tunisie - News en Tunisie et \u00e0 l&#039;international sur Webdo.tn\",\"publisher\":{\"@id\":\"https:\\\/\\\/www.webdo.tn\\\/fr\\\/#organization\"},\"potentialAction\":[{\"@type\":\"SearchAction\",\"target\":{\"@type\":\"EntryPoint\",\"urlTemplate\":\"https:\\\/\\\/www.webdo.tn\\\/fr\\\/?s={search_term_string}\"},\"query-input\":{\"@type\":\"PropertyValueSpecification\",\"valueRequired\":true,\"valueName\":\"search_term_string\"}}],\"inLanguage\":\"fr-FR\"},{\"@type\":\"Organization\",\"@id\":\"https:\\\/\\\/www.webdo.tn\\\/fr\\\/#organization\",\"name\":\"Webdo\",\"alternateName\":\"Webdo.tn\",\"url\":\"https:\\\/\\\/www.webdo.tn\\\/fr\\\/\",\"logo\":{\"@type\":\"ImageObject\",\"inLanguage\":\"fr-FR\",\"@id\":\"https:\\\/\\\/www.webdo.tn\\\/fr\\\/#\\\/schema\\\/logo\\\/image\\\/\",\"url\":\"https:\\\/\\\/www.webdo.tn\\\/fr\\\/wp-content\\\/uploads\\\/2025\\\/06\\\/Webdo-Tunisie_168377.jpg\",\"contentUrl\":\"https:\\\/\\\/www.webdo.tn\\\/fr\\\/wp-content\\\/uploads\\\/2025\\\/06\\\/Webdo-Tunisie_168377.jpg\",\"width\":301,\"height\":301,\"caption\":\"Webdo\"},\"image\":{\"@id\":\"https:\\\/\\\/www.webdo.tn\\\/fr\\\/#\\\/schema\\\/logo\\\/image\\\/\"},\"sameAs\":[\"https:\\\/\\\/www.facebook.com\\\/webdotn\",\"https:\\\/\\\/x.com\\\/webdo_tn\"],\"description\":\"Webdo est un m\u00e9dia num\u00e9rique tunisien fond\u00e9 en 2010, sp\u00e9cialis\u00e9 dans l\u2019actualit\u00e9 nationale et internationale, l\u2019\u00e9conomie, la soci\u00e9t\u00e9 et les analyses politiques. Le site s\u2019adresse \u00e0 un large public francophone et couvre l\u2019information tunisienne en temps r\u00e9el.\",\"email\":\"redac@webdo.tn\",\"legalName\":\"YNJ SARL\",\"foundingDate\":\"2010-09-06\",\"numberOfEmployees\":{\"@type\":\"QuantitativeValue\",\"minValue\":\"11\",\"maxValue\":\"50\"}},{\"@type\":\"Person\",\"@id\":\"https:\\\/\\\/www.webdo.tn\\\/fr\\\/#\\\/schema\\\/person\\\/9a9c6118d687c117df8ef3cc36a4d175\",\"name\":\"webdo.tn\",\"image\":{\"@type\":\"ImageObject\",\"inLanguage\":\"fr-FR\",\"@id\":\"https:\\\/\\\/secure.gravatar.com\\\/avatar\\\/7ce1f28c0c3bbac99ff550b85ef8e44a6950c6ee24514fb6a5489e51d06f0298?s=96&d=mm&r=g\",\"url\":\"https:\\\/\\\/secure.gravatar.com\\\/avatar\\\/7ce1f28c0c3bbac99ff550b85ef8e44a6950c6ee24514fb6a5489e51d06f0298?s=96&d=mm&r=g\",\"contentUrl\":\"https:\\\/\\\/secure.gravatar.com\\\/avatar\\\/7ce1f28c0c3bbac99ff550b85ef8e44a6950c6ee24514fb6a5489e51d06f0298?s=96&d=mm&r=g\",\"caption\":\"webdo.tn\"},\"url\":\"https:\\\/\\\/www.webdo.tn\\\/fr\\\/actualite\\\/author\\\/webdotn\\\/\"}]}<\/script>\n<!-- \/ Yoast SEO Premium plugin. -->","yoast_head_json":{"title":"Politique mon\u00e9taire expansionniste et\/ou politique budg\u00e9taire ?","description":"Politique mon\u00e9taire expansionniste et\/ou politique budg\u00e9taire ?","canonical":"https:\/\/www.webdo.tn\/fr\/actualite\/national-45\/politique-monetaire-expansionniste-etou-politique-budgetaire\/172067\/","og_locale":"fr_FR","og_type":"article","og_title":"Politique mon\u00e9taire expansionniste et\/ou politique budg\u00e9taire ?","og_description":"Politique mon\u00e9taire expansionniste et\/ou politique budg\u00e9taire ?","og_url":"https:\/\/www.webdo.tn\/fr\/actualite\/national-45\/politique-monetaire-expansionniste-etou-politique-budgetaire\/172067\/","og_site_name":"webdo","article_publisher":"https:\/\/www.facebook.com\/webdotn","article_published_time":"2012-04-05T17:47:00+00:00","author":"webdo.tn","twitter_card":"summary_large_image","twitter_creator":"@webdo_tn","twitter_site":"@webdo_tn","twitter_misc":{"\u00c9crit par":"webdo.tn","Dur\u00e9e de lecture estim\u00e9e":"4 minutes"},"schema":{"@context":"https:\/\/schema.org","@graph":[{"@type":"NewsArticle","@id":"https:\/\/www.webdo.tn\/fr\/actualite\/national-45\/politique-monetaire-expansionniste-etou-politique-budgetaire\/172067\/#article","isPartOf":{"@id":"https:\/\/www.webdo.tn\/fr\/actualite\/national-45\/politique-monetaire-expansionniste-etou-politique-budgetaire\/172067\/"},"author":{"name":"webdo.tn","@id":"https:\/\/www.webdo.tn\/fr\/#\/schema\/person\/9a9c6118d687c117df8ef3cc36a4d175"},"headline":"Politique mon\u00e9taire expansionniste et\/ou politique budg\u00e9taire ?","datePublished":"2012-04-05T17:47:00+00:00","mainEntityOfPage":{"@id":"https:\/\/www.webdo.tn\/fr\/actualite\/national-45\/politique-monetaire-expansionniste-etou-politique-budgetaire\/172067\/"},"wordCount":828,"commentCount":0,"publisher":{"@id":"https:\/\/www.webdo.tn\/fr\/#organization"},"image":{"@id":"https:\/\/www.webdo.tn\/fr\/actualite\/national-45\/politique-monetaire-expansionniste-etou-politique-budgetaire\/172067\/#primaryimage"},"thumbnailUrl":"https:\/\/www.webdo.tn\/fr\/wp-content\/uploads\/2025\/06\/Politique-monetaire-ou-budgetaire-photo-Tap_172067.jpg","keywords":["guerre"],"articleSection":["National"],"inLanguage":"fr-FR"},{"@type":"WebPage","@id":"https:\/\/www.webdo.tn\/fr\/actualite\/national-45\/politique-monetaire-expansionniste-etou-politique-budgetaire\/172067\/","url":"https:\/\/www.webdo.tn\/fr\/actualite\/national-45\/politique-monetaire-expansionniste-etou-politique-budgetaire\/172067\/","name":"Politique mon\u00e9taire expansionniste et\/ou politique budg\u00e9taire ?","isPartOf":{"@id":"https:\/\/www.webdo.tn\/fr\/#website"},"primaryImageOfPage":{"@id":"https:\/\/www.webdo.tn\/fr\/actualite\/national-45\/politique-monetaire-expansionniste-etou-politique-budgetaire\/172067\/#primaryimage"},"image":{"@id":"https:\/\/www.webdo.tn\/fr\/actualite\/national-45\/politique-monetaire-expansionniste-etou-politique-budgetaire\/172067\/#primaryimage"},"thumbnailUrl":"https:\/\/www.webdo.tn\/fr\/wp-content\/uploads\/2025\/06\/Politique-monetaire-ou-budgetaire-photo-Tap_172067.jpg","datePublished":"2012-04-05T17:47:00+00:00","description":"Politique mon\u00e9taire expansionniste et\/ou politique budg\u00e9taire ?","breadcrumb":{"@id":"https:\/\/www.webdo.tn\/fr\/actualite\/national-45\/politique-monetaire-expansionniste-etou-politique-budgetaire\/172067\/#breadcrumb"},"inLanguage":"fr-FR","potentialAction":[{"@type":"ReadAction","target":["https:\/\/www.webdo.tn\/fr\/actualite\/national-45\/politique-monetaire-expansionniste-etou-politique-budgetaire\/172067\/"]}]},{"@type":"ImageObject","inLanguage":"fr-FR","@id":"https:\/\/www.webdo.tn\/fr\/actualite\/national-45\/politique-monetaire-expansionniste-etou-politique-budgetaire\/172067\/#primaryimage","url":"https:\/\/www.webdo.tn\/fr\/wp-content\/uploads\/2025\/06\/Politique-monetaire-ou-budgetaire-photo-Tap_172067.jpg","contentUrl":"https:\/\/www.webdo.tn\/fr\/wp-content\/uploads\/2025\/06\/Politique-monetaire-ou-budgetaire-photo-Tap_172067.jpg","width":300,"height":238,"caption":"Politique mon\u00e9taire expansionniste et\/ou politique budg\u00e9taire ?"},{"@type":"BreadcrumbList","@id":"https:\/\/www.webdo.tn\/fr\/actualite\/national-45\/politique-monetaire-expansionniste-etou-politique-budgetaire\/172067\/#breadcrumb","itemListElement":[{"@type":"ListItem","position":1,"name":"Accueil","item":"https:\/\/www.webdo.tn\/fr\/"},{"@type":"ListItem","position":2,"name":"Politique mon\u00e9taire expansionniste et\/ou politique budg\u00e9taire ?"}]},{"@type":"WebSite","@id":"https:\/\/www.webdo.tn\/fr\/#website","url":"https:\/\/www.webdo.tn\/fr\/","name":"webdo","description":"Tunisie - News en Tunisie et \u00e0 l&#039;international sur Webdo.tn","publisher":{"@id":"https:\/\/www.webdo.tn\/fr\/#organization"},"potentialAction":[{"@type":"SearchAction","target":{"@type":"EntryPoint","urlTemplate":"https:\/\/www.webdo.tn\/fr\/?s={search_term_string}"},"query-input":{"@type":"PropertyValueSpecification","valueRequired":true,"valueName":"search_term_string"}}],"inLanguage":"fr-FR"},{"@type":"Organization","@id":"https:\/\/www.webdo.tn\/fr\/#organization","name":"Webdo","alternateName":"Webdo.tn","url":"https:\/\/www.webdo.tn\/fr\/","logo":{"@type":"ImageObject","inLanguage":"fr-FR","@id":"https:\/\/www.webdo.tn\/fr\/#\/schema\/logo\/image\/","url":"https:\/\/www.webdo.tn\/fr\/wp-content\/uploads\/2025\/06\/Webdo-Tunisie_168377.jpg","contentUrl":"https:\/\/www.webdo.tn\/fr\/wp-content\/uploads\/2025\/06\/Webdo-Tunisie_168377.jpg","width":301,"height":301,"caption":"Webdo"},"image":{"@id":"https:\/\/www.webdo.tn\/fr\/#\/schema\/logo\/image\/"},"sameAs":["https:\/\/www.facebook.com\/webdotn","https:\/\/x.com\/webdo_tn"],"description":"Webdo est un m\u00e9dia num\u00e9rique tunisien fond\u00e9 en 2010, sp\u00e9cialis\u00e9 dans l\u2019actualit\u00e9 nationale et internationale, l\u2019\u00e9conomie, la soci\u00e9t\u00e9 et les analyses politiques. Le site s\u2019adresse \u00e0 un large public francophone et couvre l\u2019information tunisienne en temps r\u00e9el.","email":"redac@webdo.tn","legalName":"YNJ SARL","foundingDate":"2010-09-06","numberOfEmployees":{"@type":"QuantitativeValue","minValue":"11","maxValue":"50"}},{"@type":"Person","@id":"https:\/\/www.webdo.tn\/fr\/#\/schema\/person\/9a9c6118d687c117df8ef3cc36a4d175","name":"webdo.tn","image":{"@type":"ImageObject","inLanguage":"fr-FR","@id":"https:\/\/secure.gravatar.com\/avatar\/7ce1f28c0c3bbac99ff550b85ef8e44a6950c6ee24514fb6a5489e51d06f0298?s=96&d=mm&r=g","url":"https:\/\/secure.gravatar.com\/avatar\/7ce1f28c0c3bbac99ff550b85ef8e44a6950c6ee24514fb6a5489e51d06f0298?s=96&d=mm&r=g","contentUrl":"https:\/\/secure.gravatar.com\/avatar\/7ce1f28c0c3bbac99ff550b85ef8e44a6950c6ee24514fb6a5489e51d06f0298?s=96&d=mm&r=g","caption":"webdo.tn"},"url":"https:\/\/www.webdo.tn\/fr\/actualite\/author\/webdotn\/"}]}},"_links":{"self":[{"href":"https:\/\/www.webdo.tn\/fr\/wp-json\/wp\/v2\/posts\/172067","targetHints":{"allow":["GET"]}}],"collection":[{"href":"https:\/\/www.webdo.tn\/fr\/wp-json\/wp\/v2\/posts"}],"about":[{"href":"https:\/\/www.webdo.tn\/fr\/wp-json\/wp\/v2\/types\/post"}],"author":[{"embeddable":true,"href":"https:\/\/www.webdo.tn\/fr\/wp-json\/wp\/v2\/users\/3222"}],"replies":[{"embeddable":true,"href":"https:\/\/www.webdo.tn\/fr\/wp-json\/wp\/v2\/comments?post=172067"}],"version-history":[{"count":0,"href":"https:\/\/www.webdo.tn\/fr\/wp-json\/wp\/v2\/posts\/172067\/revisions"}],"wp:featuredmedia":[{"embeddable":true,"href":"https:\/\/www.webdo.tn\/fr\/wp-json\/wp\/v2\/media\/374454"}],"wp:attachment":[{"href":"https:\/\/www.webdo.tn\/fr\/wp-json\/wp\/v2\/media?parent=172067"}],"wp:term":[{"taxonomy":"category","embeddable":true,"href":"https:\/\/www.webdo.tn\/fr\/wp-json\/wp\/v2\/categories?post=172067"},{"taxonomy":"post_tag","embeddable":true,"href":"https:\/\/www.webdo.tn\/fr\/wp-json\/wp\/v2\/tags?post=172067"}],"curies":[{"name":"wp","href":"https:\/\/api.w.org\/{rel}","templated":true}]}}