{"id":172020,"date":"2012-04-19T18:37:00","date_gmt":"2012-04-19T18:37:00","guid":{"rendered":"https:\/\/www.webdo.tn\/fr\/blog\/le-proces-de-nessma-reporte-a-la-date-de-la-journee-mondiale-de-la-liberte-de-la-presse\/172020\/"},"modified":"2012-04-19T18:37:00","modified_gmt":"2012-04-19T18:37:00","slug":"le-proces-de-nessma-reporte-a-la-date-de-la-journee-mondiale-de-la-liberte-de-la-presse","status":"publish","type":"post","link":"https:\/\/www.webdo.tn\/fr\/actualite\/national\/le-proces-de-nessma-reporte-a-la-date-de-la-journee-mondiale-de-la-liberte-de-la-presse\/172020\/","title":{"rendered":"Le proc\u00e8s de Nessma report\u00e9 \u00e0 la date de la Journ\u00e9e Mondiale de la libert\u00e9 de la presse"},"content":{"rendered":"<p>Le proc\u00e8s de Nessma relatif \u00e0 l&rsquo;affaire \u00ab\u00a0Persepolis\u00a0\u00bb a \u00e9t\u00e9 de nouveau report\u00e9e par la Justice tunisienne au 3 mai prochain dans un climat tendu.  <\/p>\n<p>La troisi\u00e8me audience de cette affaire a attir\u00e9 beaucoup de monde, les pour et les contre la libert\u00e9 d&rsquo;expression et, par cons\u00e9quent, pour et contre Nessma TV. <\/p>\n<p>Le proc\u00e8s de \u00ab\u00a0Nessma\u00a0\u00bb est devenu synonyme de combat pour la libert\u00e9 d&rsquo;expression, parce que les d\u00e9tracteurs de la cha\u00eene, parmi les Islamistes ou autres, ne cherchent pas \u00e0 sanctionner un manquement au sacr\u00e9, mais \u00e0 faire taire les voies diff\u00e9rentes et les sons de cloche qui vont dans le sens de la libert\u00e9. <\/p>\n<p>L&rsquo;ironie du sort fait que la date de report du proc\u00e8s co\u00efncide avec la journ\u00e9e Mondiale de la libert\u00e9 de presse. La pression est donc d&rsquo;autant plus grande sur les juges qu&rsquo;ils se sont vus confier la t\u00e2che de se prononcer sur une affaire qui touche de pr\u00e8s cette libert\u00e9 fondamentale et essentielle pour toute d\u00e9mocratie qu&rsquo;est la libert\u00e9 d\u2019expression. <\/p>\n<p>Rappelons que la diffusion du long m\u00e9trage \u00ab\u00a0Persepolis\u00a0\u00bb, vendredi 7 octobre 2011, a provoqu\u00e9 une vague de col\u00e8re parmi les Tunisiens et a valu \u00e0 la cha\u00eene Nessma une attaque enrag\u00e9e d&rsquo;environ 200 islamistes et \u00e0 Nabil Karoui de pr\u00e9senter ses excuses au peuple tunisien.<\/p>\n","protected":false},"excerpt":{"rendered":"<p>Le proc\u00e8s de Nessma report\u00e9 \u00e0 la date de la Journ\u00e9e Mondiale de la libert\u00e9 de la presse<\/p>\n","protected":false},"author":3222,"featured_media":333632,"comment_status":"open","ping_status":"closed","sticky":false,"template":"","format":"standard","meta":{"footnotes":""},"categories":[44],"tags":[2600],"class_list":["post-172020","post","type-post","status-publish","format-standard","has-post-thumbnail","hentry","category-national","tag-guerre"],"yoast_head":"<!-- This site is optimized with the Yoast SEO Premium plugin v27.5 (Yoast SEO v27.5) - https:\/\/yoast.com\/product\/yoast-seo-premium-wordpress\/ -->\n<title>Le proc\u00e8s de Nessma report\u00e9 \u00e0 la date de la Journ\u00e9e Mondiale de la libert\u00e9 de la presse<\/title>\n<meta name=\"description\" content=\"Le proc\u00e8s de Nessma report\u00e9 \u00e0 la date de la Journ\u00e9e Mondiale de la libert\u00e9 de la presse\" \/>\n<link rel=\"canonical\" href=\"https:\/\/www.webdo.tn\/fr\/actualite\/national-45\/le-proces-de-nessma-reporte-a-la-date-de-la-journee-mondiale-de-la-liberte-de-la-presse\/172020\/\" \/>\n<meta property=\"og:locale\" content=\"fr_FR\" \/>\n<meta property=\"og:type\" content=\"article\" \/>\n<meta property=\"og:title\" content=\"Le proc\u00e8s de Nessma report\u00e9 \u00e0 la date de la Journ\u00e9e Mondiale de la libert\u00e9 de la presse\" \/>\n<meta property=\"og:description\" content=\"Le proc\u00e8s de Nessma report\u00e9 \u00e0 la date de la Journ\u00e9e Mondiale de la libert\u00e9 de la presse\" \/>\n<meta property=\"og:url\" content=\"https:\/\/www.webdo.tn\/fr\/actualite\/national-45\/le-proces-de-nessma-reporte-a-la-date-de-la-journee-mondiale-de-la-liberte-de-la-presse\/172020\/\" \/>\n<meta property=\"og:site_name\" content=\"webdo\" \/>\n<meta property=\"article:publisher\" content=\"https:\/\/www.facebook.com\/webdotn\" \/>\n<meta property=\"article:published_time\" content=\"2012-04-19T18:37:00+00:00\" \/>\n<meta property=\"og:image\" content=\"https:\/\/www.webdo.tn\/fr\/wp-content\/uploads\/2012\/04\/Nessma-Tv.jpg\" \/>\n\t<meta property=\"og:image:width\" content=\"200\" \/>\n\t<meta property=\"og:image:height\" content=\"200\" \/>\n\t<meta property=\"og:image:type\" content=\"image\/jpeg\" \/>\n<meta name=\"author\" content=\"webdo.tn\" \/>\n<meta name=\"twitter:card\" content=\"summary_large_image\" \/>\n<meta name=\"twitter:creator\" content=\"@webdo_tn\" \/>\n<meta name=\"twitter:site\" content=\"@webdo_tn\" \/>\n<meta name=\"twitter:label1\" content=\"\u00c9crit par\" \/>\n\t<meta name=\"twitter:data1\" content=\"webdo.tn\" \/>\n\t<meta name=\"twitter:label2\" content=\"Dur\u00e9e de lecture estim\u00e9e\" \/>\n\t<meta name=\"twitter:data2\" content=\"1 minute\" \/>\n<script type=\"application\/ld+json\" class=\"yoast-schema-graph\">{\"@context\":\"https:\\\/\\\/schema.org\",\"@graph\":[{\"@type\":\"NewsArticle\",\"@id\":\"https:\\\/\\\/www.webdo.tn\\\/fr\\\/actualite\\\/national-45\\\/le-proces-de-nessma-reporte-a-la-date-de-la-journee-mondiale-de-la-liberte-de-la-presse\\\/172020\\\/#article\",\"isPartOf\":{\"@id\":\"https:\\\/\\\/www.webdo.tn\\\/fr\\\/actualite\\\/national-45\\\/le-proces-de-nessma-reporte-a-la-date-de-la-journee-mondiale-de-la-liberte-de-la-presse\\\/172020\\\/\"},\"author\":{\"name\":\"webdo.tn\",\"@id\":\"https:\\\/\\\/www.webdo.tn\\\/fr\\\/#\\\/schema\\\/person\\\/9a9c6118d687c117df8ef3cc36a4d175\"},\"headline\":\"Le proc\u00e8s de Nessma report\u00e9 \u00e0 la date de la Journ\u00e9e Mondiale de la libert\u00e9 de la presse\",\"datePublished\":\"2012-04-19T18:37:00+00:00\",\"mainEntityOfPage\":{\"@id\":\"https:\\\/\\\/www.webdo.tn\\\/fr\\\/actualite\\\/national-45\\\/le-proces-de-nessma-reporte-a-la-date-de-la-journee-mondiale-de-la-liberte-de-la-presse\\\/172020\\\/\"},\"wordCount\":249,\"commentCount\":0,\"publisher\":{\"@id\":\"https:\\\/\\\/www.webdo.tn\\\/fr\\\/#organization\"},\"image\":{\"@id\":\"https:\\\/\\\/www.webdo.tn\\\/fr\\\/actualite\\\/national-45\\\/le-proces-de-nessma-reporte-a-la-date-de-la-journee-mondiale-de-la-liberte-de-la-presse\\\/172020\\\/#primaryimage\"},\"thumbnailUrl\":\"https:\\\/\\\/www.webdo.tn\\\/fr\\\/wp-content\\\/uploads\\\/2012\\\/04\\\/Nessma-Tv.jpg\",\"keywords\":[\"guerre\"],\"articleSection\":[\"National\"],\"inLanguage\":\"fr-FR\"},{\"@type\":\"WebPage\",\"@id\":\"https:\\\/\\\/www.webdo.tn\\\/fr\\\/actualite\\\/national-45\\\/le-proces-de-nessma-reporte-a-la-date-de-la-journee-mondiale-de-la-liberte-de-la-presse\\\/172020\\\/\",\"url\":\"https:\\\/\\\/www.webdo.tn\\\/fr\\\/actualite\\\/national-45\\\/le-proces-de-nessma-reporte-a-la-date-de-la-journee-mondiale-de-la-liberte-de-la-presse\\\/172020\\\/\",\"name\":\"Le proc\u00e8s de Nessma report\u00e9 \u00e0 la date de la Journ\u00e9e Mondiale de la libert\u00e9 de la presse\",\"isPartOf\":{\"@id\":\"https:\\\/\\\/www.webdo.tn\\\/fr\\\/#website\"},\"primaryImageOfPage\":{\"@id\":\"https:\\\/\\\/www.webdo.tn\\\/fr\\\/actualite\\\/national-45\\\/le-proces-de-nessma-reporte-a-la-date-de-la-journee-mondiale-de-la-liberte-de-la-presse\\\/172020\\\/#primaryimage\"},\"image\":{\"@id\":\"https:\\\/\\\/www.webdo.tn\\\/fr\\\/actualite\\\/national-45\\\/le-proces-de-nessma-reporte-a-la-date-de-la-journee-mondiale-de-la-liberte-de-la-presse\\\/172020\\\/#primaryimage\"},\"thumbnailUrl\":\"https:\\\/\\\/www.webdo.tn\\\/fr\\\/wp-content\\\/uploads\\\/2012\\\/04\\\/Nessma-Tv.jpg\",\"datePublished\":\"2012-04-19T18:37:00+00:00\",\"description\":\"Le proc\u00e8s de Nessma report\u00e9 \u00e0 la date de la Journ\u00e9e Mondiale de la libert\u00e9 de la presse\",\"breadcrumb\":{\"@id\":\"https:\\\/\\\/www.webdo.tn\\\/fr\\\/actualite\\\/national-45\\\/le-proces-de-nessma-reporte-a-la-date-de-la-journee-mondiale-de-la-liberte-de-la-presse\\\/172020\\\/#breadcrumb\"},\"inLanguage\":\"fr-FR\",\"potentialAction\":[{\"@type\":\"ReadAction\",\"target\":[\"https:\\\/\\\/www.webdo.tn\\\/fr\\\/actualite\\\/national-45\\\/le-proces-de-nessma-reporte-a-la-date-de-la-journee-mondiale-de-la-liberte-de-la-presse\\\/172020\\\/\"]}]},{\"@type\":\"ImageObject\",\"inLanguage\":\"fr-FR\",\"@id\":\"https:\\\/\\\/www.webdo.tn\\\/fr\\\/actualite\\\/national-45\\\/le-proces-de-nessma-reporte-a-la-date-de-la-journee-mondiale-de-la-liberte-de-la-presse\\\/172020\\\/#primaryimage\",\"url\":\"https:\\\/\\\/www.webdo.tn\\\/fr\\\/wp-content\\\/uploads\\\/2012\\\/04\\\/Nessma-Tv.jpg\",\"contentUrl\":\"https:\\\/\\\/www.webdo.tn\\\/fr\\\/wp-content\\\/uploads\\\/2012\\\/04\\\/Nessma-Tv.jpg\",\"width\":200,\"height\":200,\"caption\":\"Le proc\u00e8s de Nessma report\u00e9 \u00e0 la date de la Journ\u00e9e Mondiale de la libert\u00e9 de la presse\"},{\"@type\":\"BreadcrumbList\",\"@id\":\"https:\\\/\\\/www.webdo.tn\\\/fr\\\/actualite\\\/national-45\\\/le-proces-de-nessma-reporte-a-la-date-de-la-journee-mondiale-de-la-liberte-de-la-presse\\\/172020\\\/#breadcrumb\",\"itemListElement\":[{\"@type\":\"ListItem\",\"position\":1,\"name\":\"Accueil\",\"item\":\"https:\\\/\\\/www.webdo.tn\\\/fr\\\/\"},{\"@type\":\"ListItem\",\"position\":2,\"name\":\"Le proc\u00e8s de Nessma report\u00e9 \u00e0 la date de la Journ\u00e9e Mondiale de la libert\u00e9 de la presse\"}]},{\"@type\":\"WebSite\",\"@id\":\"https:\\\/\\\/www.webdo.tn\\\/fr\\\/#website\",\"url\":\"https:\\\/\\\/www.webdo.tn\\\/fr\\\/\",\"name\":\"webdo\",\"description\":\"Tunisie - News en Tunisie et \u00e0 l&#039;international sur Webdo.tn\",\"publisher\":{\"@id\":\"https:\\\/\\\/www.webdo.tn\\\/fr\\\/#organization\"},\"potentialAction\":[{\"@type\":\"SearchAction\",\"target\":{\"@type\":\"EntryPoint\",\"urlTemplate\":\"https:\\\/\\\/www.webdo.tn\\\/fr\\\/?s={search_term_string}\"},\"query-input\":{\"@type\":\"PropertyValueSpecification\",\"valueRequired\":true,\"valueName\":\"search_term_string\"}}],\"inLanguage\":\"fr-FR\"},{\"@type\":\"Organization\",\"@id\":\"https:\\\/\\\/www.webdo.tn\\\/fr\\\/#organization\",\"name\":\"Webdo\",\"alternateName\":\"Webdo.tn\",\"url\":\"https:\\\/\\\/www.webdo.tn\\\/fr\\\/\",\"logo\":{\"@type\":\"ImageObject\",\"inLanguage\":\"fr-FR\",\"@id\":\"https:\\\/\\\/www.webdo.tn\\\/fr\\\/#\\\/schema\\\/logo\\\/image\\\/\",\"url\":\"https:\\\/\\\/www.webdo.tn\\\/fr\\\/wp-content\\\/uploads\\\/2025\\\/06\\\/Webdo-Tunisie_168377.jpg\",\"contentUrl\":\"https:\\\/\\\/www.webdo.tn\\\/fr\\\/wp-content\\\/uploads\\\/2025\\\/06\\\/Webdo-Tunisie_168377.jpg\",\"width\":301,\"height\":301,\"caption\":\"Webdo\"},\"image\":{\"@id\":\"https:\\\/\\\/www.webdo.tn\\\/fr\\\/#\\\/schema\\\/logo\\\/image\\\/\"},\"sameAs\":[\"https:\\\/\\\/www.facebook.com\\\/webdotn\",\"https:\\\/\\\/x.com\\\/webdo_tn\"],\"description\":\"Webdo est un m\u00e9dia num\u00e9rique tunisien fond\u00e9 en 2010, sp\u00e9cialis\u00e9 dans l\u2019actualit\u00e9 nationale et internationale, l\u2019\u00e9conomie, la soci\u00e9t\u00e9 et les analyses politiques. Le site s\u2019adresse \u00e0 un large public francophone et couvre l\u2019information tunisienne en temps r\u00e9el.\",\"email\":\"redac@webdo.tn\",\"legalName\":\"YNJ SARL\",\"foundingDate\":\"2010-09-06\",\"numberOfEmployees\":{\"@type\":\"QuantitativeValue\",\"minValue\":\"11\",\"maxValue\":\"50\"}},{\"@type\":\"Person\",\"@id\":\"https:\\\/\\\/www.webdo.tn\\\/fr\\\/#\\\/schema\\\/person\\\/9a9c6118d687c117df8ef3cc36a4d175\",\"name\":\"webdo.tn\",\"image\":{\"@type\":\"ImageObject\",\"inLanguage\":\"fr-FR\",\"@id\":\"https:\\\/\\\/secure.gravatar.com\\\/avatar\\\/7ce1f28c0c3bbac99ff550b85ef8e44a6950c6ee24514fb6a5489e51d06f0298?s=96&d=mm&r=g\",\"url\":\"https:\\\/\\\/secure.gravatar.com\\\/avatar\\\/7ce1f28c0c3bbac99ff550b85ef8e44a6950c6ee24514fb6a5489e51d06f0298?s=96&d=mm&r=g\",\"contentUrl\":\"https:\\\/\\\/secure.gravatar.com\\\/avatar\\\/7ce1f28c0c3bbac99ff550b85ef8e44a6950c6ee24514fb6a5489e51d06f0298?s=96&d=mm&r=g\",\"caption\":\"webdo.tn\"},\"url\":\"https:\\\/\\\/www.webdo.tn\\\/fr\\\/actualite\\\/author\\\/webdotn\\\/\"}]}<\/script>\n<!-- \/ Yoast SEO Premium plugin. -->","yoast_head_json":{"title":"Le proc\u00e8s de Nessma report\u00e9 \u00e0 la date de la Journ\u00e9e Mondiale de la libert\u00e9 de la presse","description":"Le proc\u00e8s de Nessma report\u00e9 \u00e0 la date de la Journ\u00e9e Mondiale de la libert\u00e9 de la presse","canonical":"https:\/\/www.webdo.tn\/fr\/actualite\/national-45\/le-proces-de-nessma-reporte-a-la-date-de-la-journee-mondiale-de-la-liberte-de-la-presse\/172020\/","og_locale":"fr_FR","og_type":"article","og_title":"Le proc\u00e8s de Nessma report\u00e9 \u00e0 la date de la Journ\u00e9e Mondiale de la libert\u00e9 de la presse","og_description":"Le proc\u00e8s de Nessma report\u00e9 \u00e0 la date de la Journ\u00e9e Mondiale de la libert\u00e9 de la presse","og_url":"https:\/\/www.webdo.tn\/fr\/actualite\/national-45\/le-proces-de-nessma-reporte-a-la-date-de-la-journee-mondiale-de-la-liberte-de-la-presse\/172020\/","og_site_name":"webdo","article_publisher":"https:\/\/www.facebook.com\/webdotn","article_published_time":"2012-04-19T18:37:00+00:00","og_image":[{"width":200,"height":200,"url":"https:\/\/www.webdo.tn\/fr\/wp-content\/uploads\/2012\/04\/Nessma-Tv.jpg","type":"image\/jpeg"}],"author":"webdo.tn","twitter_card":"summary_large_image","twitter_creator":"@webdo_tn","twitter_site":"@webdo_tn","twitter_misc":{"\u00c9crit par":"webdo.tn","Dur\u00e9e de lecture estim\u00e9e":"1 minute"},"schema":{"@context":"https:\/\/schema.org","@graph":[{"@type":"NewsArticle","@id":"https:\/\/www.webdo.tn\/fr\/actualite\/national-45\/le-proces-de-nessma-reporte-a-la-date-de-la-journee-mondiale-de-la-liberte-de-la-presse\/172020\/#article","isPartOf":{"@id":"https:\/\/www.webdo.tn\/fr\/actualite\/national-45\/le-proces-de-nessma-reporte-a-la-date-de-la-journee-mondiale-de-la-liberte-de-la-presse\/172020\/"},"author":{"name":"webdo.tn","@id":"https:\/\/www.webdo.tn\/fr\/#\/schema\/person\/9a9c6118d687c117df8ef3cc36a4d175"},"headline":"Le proc\u00e8s de Nessma report\u00e9 \u00e0 la date de la Journ\u00e9e Mondiale de la libert\u00e9 de la presse","datePublished":"2012-04-19T18:37:00+00:00","mainEntityOfPage":{"@id":"https:\/\/www.webdo.tn\/fr\/actualite\/national-45\/le-proces-de-nessma-reporte-a-la-date-de-la-journee-mondiale-de-la-liberte-de-la-presse\/172020\/"},"wordCount":249,"commentCount":0,"publisher":{"@id":"https:\/\/www.webdo.tn\/fr\/#organization"},"image":{"@id":"https:\/\/www.webdo.tn\/fr\/actualite\/national-45\/le-proces-de-nessma-reporte-a-la-date-de-la-journee-mondiale-de-la-liberte-de-la-presse\/172020\/#primaryimage"},"thumbnailUrl":"https:\/\/www.webdo.tn\/fr\/wp-content\/uploads\/2012\/04\/Nessma-Tv.jpg","keywords":["guerre"],"articleSection":["National"],"inLanguage":"fr-FR"},{"@type":"WebPage","@id":"https:\/\/www.webdo.tn\/fr\/actualite\/national-45\/le-proces-de-nessma-reporte-a-la-date-de-la-journee-mondiale-de-la-liberte-de-la-presse\/172020\/","url":"https:\/\/www.webdo.tn\/fr\/actualite\/national-45\/le-proces-de-nessma-reporte-a-la-date-de-la-journee-mondiale-de-la-liberte-de-la-presse\/172020\/","name":"Le proc\u00e8s de Nessma report\u00e9 \u00e0 la date de la Journ\u00e9e Mondiale de la libert\u00e9 de la presse","isPartOf":{"@id":"https:\/\/www.webdo.tn\/fr\/#website"},"primaryImageOfPage":{"@id":"https:\/\/www.webdo.tn\/fr\/actualite\/national-45\/le-proces-de-nessma-reporte-a-la-date-de-la-journee-mondiale-de-la-liberte-de-la-presse\/172020\/#primaryimage"},"image":{"@id":"https:\/\/www.webdo.tn\/fr\/actualite\/national-45\/le-proces-de-nessma-reporte-a-la-date-de-la-journee-mondiale-de-la-liberte-de-la-presse\/172020\/#primaryimage"},"thumbnailUrl":"https:\/\/www.webdo.tn\/fr\/wp-content\/uploads\/2012\/04\/Nessma-Tv.jpg","datePublished":"2012-04-19T18:37:00+00:00","description":"Le proc\u00e8s de Nessma report\u00e9 \u00e0 la date de la Journ\u00e9e Mondiale de la libert\u00e9 de la presse","breadcrumb":{"@id":"https:\/\/www.webdo.tn\/fr\/actualite\/national-45\/le-proces-de-nessma-reporte-a-la-date-de-la-journee-mondiale-de-la-liberte-de-la-presse\/172020\/#breadcrumb"},"inLanguage":"fr-FR","potentialAction":[{"@type":"ReadAction","target":["https:\/\/www.webdo.tn\/fr\/actualite\/national-45\/le-proces-de-nessma-reporte-a-la-date-de-la-journee-mondiale-de-la-liberte-de-la-presse\/172020\/"]}]},{"@type":"ImageObject","inLanguage":"fr-FR","@id":"https:\/\/www.webdo.tn\/fr\/actualite\/national-45\/le-proces-de-nessma-reporte-a-la-date-de-la-journee-mondiale-de-la-liberte-de-la-presse\/172020\/#primaryimage","url":"https:\/\/www.webdo.tn\/fr\/wp-content\/uploads\/2012\/04\/Nessma-Tv.jpg","contentUrl":"https:\/\/www.webdo.tn\/fr\/wp-content\/uploads\/2012\/04\/Nessma-Tv.jpg","width":200,"height":200,"caption":"Le proc\u00e8s de Nessma report\u00e9 \u00e0 la date de la Journ\u00e9e Mondiale de la libert\u00e9 de la presse"},{"@type":"BreadcrumbList","@id":"https:\/\/www.webdo.tn\/fr\/actualite\/national-45\/le-proces-de-nessma-reporte-a-la-date-de-la-journee-mondiale-de-la-liberte-de-la-presse\/172020\/#breadcrumb","itemListElement":[{"@type":"ListItem","position":1,"name":"Accueil","item":"https:\/\/www.webdo.tn\/fr\/"},{"@type":"ListItem","position":2,"name":"Le proc\u00e8s de Nessma report\u00e9 \u00e0 la date de la Journ\u00e9e Mondiale de la libert\u00e9 de la presse"}]},{"@type":"WebSite","@id":"https:\/\/www.webdo.tn\/fr\/#website","url":"https:\/\/www.webdo.tn\/fr\/","name":"webdo","description":"Tunisie - News en Tunisie et \u00e0 l&#039;international sur Webdo.tn","publisher":{"@id":"https:\/\/www.webdo.tn\/fr\/#organization"},"potentialAction":[{"@type":"SearchAction","target":{"@type":"EntryPoint","urlTemplate":"https:\/\/www.webdo.tn\/fr\/?s={search_term_string}"},"query-input":{"@type":"PropertyValueSpecification","valueRequired":true,"valueName":"search_term_string"}}],"inLanguage":"fr-FR"},{"@type":"Organization","@id":"https:\/\/www.webdo.tn\/fr\/#organization","name":"Webdo","alternateName":"Webdo.tn","url":"https:\/\/www.webdo.tn\/fr\/","logo":{"@type":"ImageObject","inLanguage":"fr-FR","@id":"https:\/\/www.webdo.tn\/fr\/#\/schema\/logo\/image\/","url":"https:\/\/www.webdo.tn\/fr\/wp-content\/uploads\/2025\/06\/Webdo-Tunisie_168377.jpg","contentUrl":"https:\/\/www.webdo.tn\/fr\/wp-content\/uploads\/2025\/06\/Webdo-Tunisie_168377.jpg","width":301,"height":301,"caption":"Webdo"},"image":{"@id":"https:\/\/www.webdo.tn\/fr\/#\/schema\/logo\/image\/"},"sameAs":["https:\/\/www.facebook.com\/webdotn","https:\/\/x.com\/webdo_tn"],"description":"Webdo est un m\u00e9dia num\u00e9rique tunisien fond\u00e9 en 2010, sp\u00e9cialis\u00e9 dans l\u2019actualit\u00e9 nationale et internationale, l\u2019\u00e9conomie, la soci\u00e9t\u00e9 et les analyses politiques. Le site s\u2019adresse \u00e0 un large public francophone et couvre l\u2019information tunisienne en temps r\u00e9el.","email":"redac@webdo.tn","legalName":"YNJ SARL","foundingDate":"2010-09-06","numberOfEmployees":{"@type":"QuantitativeValue","minValue":"11","maxValue":"50"}},{"@type":"Person","@id":"https:\/\/www.webdo.tn\/fr\/#\/schema\/person\/9a9c6118d687c117df8ef3cc36a4d175","name":"webdo.tn","image":{"@type":"ImageObject","inLanguage":"fr-FR","@id":"https:\/\/secure.gravatar.com\/avatar\/7ce1f28c0c3bbac99ff550b85ef8e44a6950c6ee24514fb6a5489e51d06f0298?s=96&d=mm&r=g","url":"https:\/\/secure.gravatar.com\/avatar\/7ce1f28c0c3bbac99ff550b85ef8e44a6950c6ee24514fb6a5489e51d06f0298?s=96&d=mm&r=g","contentUrl":"https:\/\/secure.gravatar.com\/avatar\/7ce1f28c0c3bbac99ff550b85ef8e44a6950c6ee24514fb6a5489e51d06f0298?s=96&d=mm&r=g","caption":"webdo.tn"},"url":"https:\/\/www.webdo.tn\/fr\/actualite\/author\/webdotn\/"}]}},"_links":{"self":[{"href":"https:\/\/www.webdo.tn\/fr\/wp-json\/wp\/v2\/posts\/172020","targetHints":{"allow":["GET"]}}],"collection":[{"href":"https:\/\/www.webdo.tn\/fr\/wp-json\/wp\/v2\/posts"}],"about":[{"href":"https:\/\/www.webdo.tn\/fr\/wp-json\/wp\/v2\/types\/post"}],"author":[{"embeddable":true,"href":"https:\/\/www.webdo.tn\/fr\/wp-json\/wp\/v2\/users\/3222"}],"replies":[{"embeddable":true,"href":"https:\/\/www.webdo.tn\/fr\/wp-json\/wp\/v2\/comments?post=172020"}],"version-history":[{"count":0,"href":"https:\/\/www.webdo.tn\/fr\/wp-json\/wp\/v2\/posts\/172020\/revisions"}],"wp:featuredmedia":[{"embeddable":true,"href":"https:\/\/www.webdo.tn\/fr\/wp-json\/wp\/v2\/media\/333632"}],"wp:attachment":[{"href":"https:\/\/www.webdo.tn\/fr\/wp-json\/wp\/v2\/media?parent=172020"}],"wp:term":[{"taxonomy":"category","embeddable":true,"href":"https:\/\/www.webdo.tn\/fr\/wp-json\/wp\/v2\/categories?post=172020"},{"taxonomy":"post_tag","embeddable":true,"href":"https:\/\/www.webdo.tn\/fr\/wp-json\/wp\/v2\/tags?post=172020"}],"curies":[{"name":"wp","href":"https:\/\/api.w.org\/{rel}","templated":true}]}}