{"id":172019,"date":"2012-04-20T15:41:00","date_gmt":"2012-04-20T15:41:00","guid":{"rendered":"https:\/\/www.webdo.tn\/fr\/blog\/le-president-de-la-commission-des-confiscations-entre-en-guerre-contre-la-corruption\/172019\/"},"modified":"2012-04-20T15:41:00","modified_gmt":"2012-04-20T15:41:00","slug":"le-president-de-la-commission-des-confiscations-entre-en-guerre-contre-la-corruption","status":"publish","type":"post","link":"https:\/\/www.webdo.tn\/fr\/actualite\/national\/le-president-de-la-commission-des-confiscations-entre-en-guerre-contre-la-corruption\/172019\/","title":{"rendered":"Le pr\u00e9sident de la commission des confiscations entre en guerre contre la corruption !"},"content":{"rendered":"<p>Dans sa d\u00e9claration d&rsquo;hier, Nagib HANANE, nouveau pr\u00e9sident de la commission des confiscations, a annonc\u00e9 que l\u2019objectif ultime des activit\u00e9s de cette commission est le d\u00e9mant\u00e8lement des r\u00e9seaux de corruption. A cet effet, il pr\u00e9conise la r\u00e9vision du dispositif l\u00e9gal qui r\u00e9git la commission, et ce, en lui d\u00e9l\u00e9guant suffisamment de pouvoirs, afin de lui permettre de proc\u00e9der \u00e0 des investigations et de traiter en pr\u00e9contentieux, les diff\u00e9rends qui peuvent surgir.<\/p>\n<p>Cette d\u00e9claration suscite deux remarques. La premi\u00e8re est que la lutte contre la corruption n\u2019est pas du ressort de la commission des confiscations dont la mission consiste \u00e0 mettre sous s\u00e9questres les affaires des clans de Ben Ali &amp; Co. Elle rel\u00e8ve plut\u00f4t des attributions de l\u2019Instance sup\u00e9rieure de lutte contre la corruption et les malversations qui est officiellement charg\u00e9e d\u2019enqu\u00eater sur les cas suspects.<\/p>\n<p>Quant \u00e0 la seconde remarque, Nagib HANANE, en insistant sur le d\u00e9mant\u00e8lement des r\u00e9seaux de corruption, a mis le doigt sur la plaie. En effet, depuis sa cr\u00e9ation, l\u2019Instance sup\u00e9rieure de lutte contre la corruption fait du surplace ou presque, \u00e0 part quelques actions pour calmer les esprits. C\u2019est du moins, ce que pensent la majeure partie des observateurs et la plupart des partis politiques et des membres de la soci\u00e9t\u00e9 civile.<\/p>\n<p>Le doute a commenc\u00e9 \u00e0 s\u2019installer au cours des premi\u00e8res r\u00e9unions pl\u00e9ni\u00e8res de l\u2019Instance, o\u00f9 l\u2019on a \u00e9voqu\u00e9 la conciliation et le repenti au lieu d\u2019axer sur l\u2019investigation et les d\u00e9limitations des responsabilit\u00e9s. Suite \u00e0 ces r\u00e9unions, Ma\u00eetre Ezzeddine Mhadhebi, universitaire, un des premiers membres d\u00e9sign\u00e9s pour faire partie de la commission a pr\u00e9f\u00e9r\u00e9 d\u00e9missionner par acquit de conscience et par respect aux Tunisiens.<\/p>\n<p>Contact\u00e9 pour nous livrer son opinion sur la prestation de l\u2019Instance et les perspectives escompt\u00e9es, il a \u00e9t\u00e9 cat\u00e9gorique. Selon notre interlocuteur, les travaux de la commission, d\u00e9nu\u00e9s de fondement et de rationalit\u00e9, ne m\u00e8nent nulle part sauf \u00e0 permettre aux corrompus de continuer \u00e0 tirer profit des deniers mal acquis. La commission, ayant eu la possibilit\u00e9 d\u2019avoir acc\u00e8s \u00e0 des informations secr\u00e8tes et d\u2019une grande gravit\u00e9 en puisant dans les archives du Palais de Carthage, aurait pu traiter ces dossiers sur des hommes d\u2019affaires, des hauts fonctionnaires et des professionnels qui leur servaient de paravent et leur facilitaient les choses. Elle aurait pu d\u00e9finir un cadre g\u00e9n\u00e9ral de travail, privil\u00e9giant l\u2019investigation et la tra\u00e7abilit\u00e9, pour pr\u00e9senter \u00e0 la Justice des dossiers bien ficel\u00e9s, plut\u00f4t que de t\u00e2tonner, naviguer \u00e0 vue et statuer \u00e0 la t\u00eate du client.<\/p>\n","protected":false},"excerpt":{"rendered":"<p>Le pr\u00e9sident de la commission des confiscations entre en guerre contre la corruption !<\/p>\n","protected":false},"author":3222,"featured_media":333633,"comment_status":"open","ping_status":"closed","sticky":false,"template":"","format":"standard","meta":{"footnotes":""},"categories":[44],"tags":[2600],"class_list":["post-172019","post","type-post","status-publish","format-standard","has-post-thumbnail","hentry","category-national","tag-guerre"],"yoast_head":"<!-- This site is optimized with the Yoast SEO Premium plugin v27.5 (Yoast SEO v27.5) - https:\/\/yoast.com\/product\/yoast-seo-premium-wordpress\/ -->\n<title>Le pr\u00e9sident de la commission des confiscations entre en guerre contre la corruption !<\/title>\n<meta name=\"description\" content=\"Le pr\u00e9sident de la commission des confiscations entre en guerre contre la corruption !\" \/>\n<link rel=\"canonical\" href=\"https:\/\/www.webdo.tn\/fr\/actualite\/national-45\/le-president-de-la-commission-des-confiscations-entre-en-guerre-contre-la-corruption\/172019\/\" \/>\n<meta property=\"og:locale\" content=\"fr_FR\" \/>\n<meta property=\"og:type\" content=\"article\" \/>\n<meta property=\"og:title\" content=\"Le pr\u00e9sident de la commission des confiscations entre en guerre contre la corruption !\" \/>\n<meta property=\"og:description\" content=\"Le pr\u00e9sident de la commission des confiscations entre en guerre contre la corruption !\" \/>\n<meta property=\"og:url\" content=\"https:\/\/www.webdo.tn\/fr\/actualite\/national-45\/le-president-de-la-commission-des-confiscations-entre-en-guerre-contre-la-corruption\/172019\/\" \/>\n<meta property=\"og:site_name\" content=\"webdo\" \/>\n<meta property=\"article:publisher\" content=\"https:\/\/www.facebook.com\/webdotn\" \/>\n<meta property=\"article:published_time\" content=\"2012-04-20T15:41:00+00:00\" \/>\n<meta property=\"og:image\" content=\"https:\/\/www.webdo.tn\/fr\/wp-content\/uploads\/2012\/04\/Ben-Ali.jpg\" \/>\n\t<meta property=\"og:image:width\" content=\"315\" \/>\n\t<meta property=\"og:image:height\" content=\"210\" \/>\n\t<meta property=\"og:image:type\" content=\"image\/jpeg\" \/>\n<meta name=\"author\" content=\"webdo.tn\" \/>\n<meta name=\"twitter:card\" content=\"summary_large_image\" \/>\n<meta name=\"twitter:creator\" content=\"@webdo_tn\" \/>\n<meta name=\"twitter:site\" content=\"@webdo_tn\" \/>\n<meta name=\"twitter:label1\" content=\"\u00c9crit par\" \/>\n\t<meta name=\"twitter:data1\" content=\"webdo.tn\" \/>\n\t<meta name=\"twitter:label2\" content=\"Dur\u00e9e de lecture estim\u00e9e\" \/>\n\t<meta name=\"twitter:data2\" content=\"2 minutes\" \/>\n<script type=\"application\/ld+json\" class=\"yoast-schema-graph\">{\"@context\":\"https:\\\/\\\/schema.org\",\"@graph\":[{\"@type\":\"NewsArticle\",\"@id\":\"https:\\\/\\\/www.webdo.tn\\\/fr\\\/actualite\\\/national-45\\\/le-president-de-la-commission-des-confiscations-entre-en-guerre-contre-la-corruption\\\/172019\\\/#article\",\"isPartOf\":{\"@id\":\"https:\\\/\\\/www.webdo.tn\\\/fr\\\/actualite\\\/national-45\\\/le-president-de-la-commission-des-confiscations-entre-en-guerre-contre-la-corruption\\\/172019\\\/\"},\"author\":{\"name\":\"webdo.tn\",\"@id\":\"https:\\\/\\\/www.webdo.tn\\\/fr\\\/#\\\/schema\\\/person\\\/9a9c6118d687c117df8ef3cc36a4d175\"},\"headline\":\"Le pr\u00e9sident de la commission des confiscations entre en guerre contre la corruption !\",\"datePublished\":\"2012-04-20T15:41:00+00:00\",\"mainEntityOfPage\":{\"@id\":\"https:\\\/\\\/www.webdo.tn\\\/fr\\\/actualite\\\/national-45\\\/le-president-de-la-commission-des-confiscations-entre-en-guerre-contre-la-corruption\\\/172019\\\/\"},\"wordCount\":488,\"commentCount\":0,\"publisher\":{\"@id\":\"https:\\\/\\\/www.webdo.tn\\\/fr\\\/#organization\"},\"image\":{\"@id\":\"https:\\\/\\\/www.webdo.tn\\\/fr\\\/actualite\\\/national-45\\\/le-president-de-la-commission-des-confiscations-entre-en-guerre-contre-la-corruption\\\/172019\\\/#primaryimage\"},\"thumbnailUrl\":\"https:\\\/\\\/www.webdo.tn\\\/fr\\\/wp-content\\\/uploads\\\/2012\\\/04\\\/Ben-Ali.jpg\",\"keywords\":[\"guerre\"],\"articleSection\":[\"National\"],\"inLanguage\":\"fr-FR\"},{\"@type\":\"WebPage\",\"@id\":\"https:\\\/\\\/www.webdo.tn\\\/fr\\\/actualite\\\/national-45\\\/le-president-de-la-commission-des-confiscations-entre-en-guerre-contre-la-corruption\\\/172019\\\/\",\"url\":\"https:\\\/\\\/www.webdo.tn\\\/fr\\\/actualite\\\/national-45\\\/le-president-de-la-commission-des-confiscations-entre-en-guerre-contre-la-corruption\\\/172019\\\/\",\"name\":\"Le pr\u00e9sident de la commission des confiscations entre en guerre contre la corruption !\",\"isPartOf\":{\"@id\":\"https:\\\/\\\/www.webdo.tn\\\/fr\\\/#website\"},\"primaryImageOfPage\":{\"@id\":\"https:\\\/\\\/www.webdo.tn\\\/fr\\\/actualite\\\/national-45\\\/le-president-de-la-commission-des-confiscations-entre-en-guerre-contre-la-corruption\\\/172019\\\/#primaryimage\"},\"image\":{\"@id\":\"https:\\\/\\\/www.webdo.tn\\\/fr\\\/actualite\\\/national-45\\\/le-president-de-la-commission-des-confiscations-entre-en-guerre-contre-la-corruption\\\/172019\\\/#primaryimage\"},\"thumbnailUrl\":\"https:\\\/\\\/www.webdo.tn\\\/fr\\\/wp-content\\\/uploads\\\/2012\\\/04\\\/Ben-Ali.jpg\",\"datePublished\":\"2012-04-20T15:41:00+00:00\",\"description\":\"Le pr\u00e9sident de la commission des confiscations entre en guerre contre la corruption !\",\"breadcrumb\":{\"@id\":\"https:\\\/\\\/www.webdo.tn\\\/fr\\\/actualite\\\/national-45\\\/le-president-de-la-commission-des-confiscations-entre-en-guerre-contre-la-corruption\\\/172019\\\/#breadcrumb\"},\"inLanguage\":\"fr-FR\",\"potentialAction\":[{\"@type\":\"ReadAction\",\"target\":[\"https:\\\/\\\/www.webdo.tn\\\/fr\\\/actualite\\\/national-45\\\/le-president-de-la-commission-des-confiscations-entre-en-guerre-contre-la-corruption\\\/172019\\\/\"]}]},{\"@type\":\"ImageObject\",\"inLanguage\":\"fr-FR\",\"@id\":\"https:\\\/\\\/www.webdo.tn\\\/fr\\\/actualite\\\/national-45\\\/le-president-de-la-commission-des-confiscations-entre-en-guerre-contre-la-corruption\\\/172019\\\/#primaryimage\",\"url\":\"https:\\\/\\\/www.webdo.tn\\\/fr\\\/wp-content\\\/uploads\\\/2012\\\/04\\\/Ben-Ali.jpg\",\"contentUrl\":\"https:\\\/\\\/www.webdo.tn\\\/fr\\\/wp-content\\\/uploads\\\/2012\\\/04\\\/Ben-Ali.jpg\",\"width\":315,\"height\":210,\"caption\":\"Le pr\u00e9sident de la commission des confiscations entre en guerre contre la corruption !\"},{\"@type\":\"BreadcrumbList\",\"@id\":\"https:\\\/\\\/www.webdo.tn\\\/fr\\\/actualite\\\/national-45\\\/le-president-de-la-commission-des-confiscations-entre-en-guerre-contre-la-corruption\\\/172019\\\/#breadcrumb\",\"itemListElement\":[{\"@type\":\"ListItem\",\"position\":1,\"name\":\"Accueil\",\"item\":\"https:\\\/\\\/www.webdo.tn\\\/fr\\\/\"},{\"@type\":\"ListItem\",\"position\":2,\"name\":\"Le pr\u00e9sident de la commission des confiscations entre en guerre contre la corruption !\"}]},{\"@type\":\"WebSite\",\"@id\":\"https:\\\/\\\/www.webdo.tn\\\/fr\\\/#website\",\"url\":\"https:\\\/\\\/www.webdo.tn\\\/fr\\\/\",\"name\":\"webdo\",\"description\":\"Tunisie - News en Tunisie et \u00e0 l&#039;international sur Webdo.tn\",\"publisher\":{\"@id\":\"https:\\\/\\\/www.webdo.tn\\\/fr\\\/#organization\"},\"potentialAction\":[{\"@type\":\"SearchAction\",\"target\":{\"@type\":\"EntryPoint\",\"urlTemplate\":\"https:\\\/\\\/www.webdo.tn\\\/fr\\\/?s={search_term_string}\"},\"query-input\":{\"@type\":\"PropertyValueSpecification\",\"valueRequired\":true,\"valueName\":\"search_term_string\"}}],\"inLanguage\":\"fr-FR\"},{\"@type\":\"Organization\",\"@id\":\"https:\\\/\\\/www.webdo.tn\\\/fr\\\/#organization\",\"name\":\"Webdo\",\"alternateName\":\"Webdo.tn\",\"url\":\"https:\\\/\\\/www.webdo.tn\\\/fr\\\/\",\"logo\":{\"@type\":\"ImageObject\",\"inLanguage\":\"fr-FR\",\"@id\":\"https:\\\/\\\/www.webdo.tn\\\/fr\\\/#\\\/schema\\\/logo\\\/image\\\/\",\"url\":\"https:\\\/\\\/www.webdo.tn\\\/fr\\\/wp-content\\\/uploads\\\/2025\\\/06\\\/Webdo-Tunisie_168377.jpg\",\"contentUrl\":\"https:\\\/\\\/www.webdo.tn\\\/fr\\\/wp-content\\\/uploads\\\/2025\\\/06\\\/Webdo-Tunisie_168377.jpg\",\"width\":301,\"height\":301,\"caption\":\"Webdo\"},\"image\":{\"@id\":\"https:\\\/\\\/www.webdo.tn\\\/fr\\\/#\\\/schema\\\/logo\\\/image\\\/\"},\"sameAs\":[\"https:\\\/\\\/www.facebook.com\\\/webdotn\",\"https:\\\/\\\/x.com\\\/webdo_tn\"],\"description\":\"Webdo est un m\u00e9dia num\u00e9rique tunisien fond\u00e9 en 2010, sp\u00e9cialis\u00e9 dans l\u2019actualit\u00e9 nationale et internationale, l\u2019\u00e9conomie, la soci\u00e9t\u00e9 et les analyses politiques. Le site s\u2019adresse \u00e0 un large public francophone et couvre l\u2019information tunisienne en temps r\u00e9el.\",\"email\":\"redac@webdo.tn\",\"legalName\":\"YNJ SARL\",\"foundingDate\":\"2010-09-06\",\"numberOfEmployees\":{\"@type\":\"QuantitativeValue\",\"minValue\":\"11\",\"maxValue\":\"50\"}},{\"@type\":\"Person\",\"@id\":\"https:\\\/\\\/www.webdo.tn\\\/fr\\\/#\\\/schema\\\/person\\\/9a9c6118d687c117df8ef3cc36a4d175\",\"name\":\"webdo.tn\",\"image\":{\"@type\":\"ImageObject\",\"inLanguage\":\"fr-FR\",\"@id\":\"https:\\\/\\\/secure.gravatar.com\\\/avatar\\\/7ce1f28c0c3bbac99ff550b85ef8e44a6950c6ee24514fb6a5489e51d06f0298?s=96&d=mm&r=g\",\"url\":\"https:\\\/\\\/secure.gravatar.com\\\/avatar\\\/7ce1f28c0c3bbac99ff550b85ef8e44a6950c6ee24514fb6a5489e51d06f0298?s=96&d=mm&r=g\",\"contentUrl\":\"https:\\\/\\\/secure.gravatar.com\\\/avatar\\\/7ce1f28c0c3bbac99ff550b85ef8e44a6950c6ee24514fb6a5489e51d06f0298?s=96&d=mm&r=g\",\"caption\":\"webdo.tn\"},\"url\":\"https:\\\/\\\/www.webdo.tn\\\/fr\\\/actualite\\\/author\\\/webdotn\\\/\"}]}<\/script>\n<!-- \/ Yoast SEO Premium plugin. -->","yoast_head_json":{"title":"Le pr\u00e9sident de la commission des confiscations entre en guerre contre la corruption !","description":"Le pr\u00e9sident de la commission des confiscations entre en guerre contre la corruption !","canonical":"https:\/\/www.webdo.tn\/fr\/actualite\/national-45\/le-president-de-la-commission-des-confiscations-entre-en-guerre-contre-la-corruption\/172019\/","og_locale":"fr_FR","og_type":"article","og_title":"Le pr\u00e9sident de la commission des confiscations entre en guerre contre la corruption !","og_description":"Le pr\u00e9sident de la commission des confiscations entre en guerre contre la corruption !","og_url":"https:\/\/www.webdo.tn\/fr\/actualite\/national-45\/le-president-de-la-commission-des-confiscations-entre-en-guerre-contre-la-corruption\/172019\/","og_site_name":"webdo","article_publisher":"https:\/\/www.facebook.com\/webdotn","article_published_time":"2012-04-20T15:41:00+00:00","og_image":[{"width":315,"height":210,"url":"https:\/\/www.webdo.tn\/fr\/wp-content\/uploads\/2012\/04\/Ben-Ali.jpg","type":"image\/jpeg"}],"author":"webdo.tn","twitter_card":"summary_large_image","twitter_creator":"@webdo_tn","twitter_site":"@webdo_tn","twitter_misc":{"\u00c9crit par":"webdo.tn","Dur\u00e9e de lecture estim\u00e9e":"2 minutes"},"schema":{"@context":"https:\/\/schema.org","@graph":[{"@type":"NewsArticle","@id":"https:\/\/www.webdo.tn\/fr\/actualite\/national-45\/le-president-de-la-commission-des-confiscations-entre-en-guerre-contre-la-corruption\/172019\/#article","isPartOf":{"@id":"https:\/\/www.webdo.tn\/fr\/actualite\/national-45\/le-president-de-la-commission-des-confiscations-entre-en-guerre-contre-la-corruption\/172019\/"},"author":{"name":"webdo.tn","@id":"https:\/\/www.webdo.tn\/fr\/#\/schema\/person\/9a9c6118d687c117df8ef3cc36a4d175"},"headline":"Le pr\u00e9sident de la commission des confiscations entre en guerre contre la corruption !","datePublished":"2012-04-20T15:41:00+00:00","mainEntityOfPage":{"@id":"https:\/\/www.webdo.tn\/fr\/actualite\/national-45\/le-president-de-la-commission-des-confiscations-entre-en-guerre-contre-la-corruption\/172019\/"},"wordCount":488,"commentCount":0,"publisher":{"@id":"https:\/\/www.webdo.tn\/fr\/#organization"},"image":{"@id":"https:\/\/www.webdo.tn\/fr\/actualite\/national-45\/le-president-de-la-commission-des-confiscations-entre-en-guerre-contre-la-corruption\/172019\/#primaryimage"},"thumbnailUrl":"https:\/\/www.webdo.tn\/fr\/wp-content\/uploads\/2012\/04\/Ben-Ali.jpg","keywords":["guerre"],"articleSection":["National"],"inLanguage":"fr-FR"},{"@type":"WebPage","@id":"https:\/\/www.webdo.tn\/fr\/actualite\/national-45\/le-president-de-la-commission-des-confiscations-entre-en-guerre-contre-la-corruption\/172019\/","url":"https:\/\/www.webdo.tn\/fr\/actualite\/national-45\/le-president-de-la-commission-des-confiscations-entre-en-guerre-contre-la-corruption\/172019\/","name":"Le pr\u00e9sident de la commission des confiscations entre en guerre contre la corruption !","isPartOf":{"@id":"https:\/\/www.webdo.tn\/fr\/#website"},"primaryImageOfPage":{"@id":"https:\/\/www.webdo.tn\/fr\/actualite\/national-45\/le-president-de-la-commission-des-confiscations-entre-en-guerre-contre-la-corruption\/172019\/#primaryimage"},"image":{"@id":"https:\/\/www.webdo.tn\/fr\/actualite\/national-45\/le-president-de-la-commission-des-confiscations-entre-en-guerre-contre-la-corruption\/172019\/#primaryimage"},"thumbnailUrl":"https:\/\/www.webdo.tn\/fr\/wp-content\/uploads\/2012\/04\/Ben-Ali.jpg","datePublished":"2012-04-20T15:41:00+00:00","description":"Le pr\u00e9sident de la commission des confiscations entre en guerre contre la corruption !","breadcrumb":{"@id":"https:\/\/www.webdo.tn\/fr\/actualite\/national-45\/le-president-de-la-commission-des-confiscations-entre-en-guerre-contre-la-corruption\/172019\/#breadcrumb"},"inLanguage":"fr-FR","potentialAction":[{"@type":"ReadAction","target":["https:\/\/www.webdo.tn\/fr\/actualite\/national-45\/le-president-de-la-commission-des-confiscations-entre-en-guerre-contre-la-corruption\/172019\/"]}]},{"@type":"ImageObject","inLanguage":"fr-FR","@id":"https:\/\/www.webdo.tn\/fr\/actualite\/national-45\/le-president-de-la-commission-des-confiscations-entre-en-guerre-contre-la-corruption\/172019\/#primaryimage","url":"https:\/\/www.webdo.tn\/fr\/wp-content\/uploads\/2012\/04\/Ben-Ali.jpg","contentUrl":"https:\/\/www.webdo.tn\/fr\/wp-content\/uploads\/2012\/04\/Ben-Ali.jpg","width":315,"height":210,"caption":"Le pr\u00e9sident de la commission des confiscations entre en guerre contre la corruption !"},{"@type":"BreadcrumbList","@id":"https:\/\/www.webdo.tn\/fr\/actualite\/national-45\/le-president-de-la-commission-des-confiscations-entre-en-guerre-contre-la-corruption\/172019\/#breadcrumb","itemListElement":[{"@type":"ListItem","position":1,"name":"Accueil","item":"https:\/\/www.webdo.tn\/fr\/"},{"@type":"ListItem","position":2,"name":"Le pr\u00e9sident de la commission des confiscations entre en guerre contre la corruption !"}]},{"@type":"WebSite","@id":"https:\/\/www.webdo.tn\/fr\/#website","url":"https:\/\/www.webdo.tn\/fr\/","name":"webdo","description":"Tunisie - News en Tunisie et \u00e0 l&#039;international sur Webdo.tn","publisher":{"@id":"https:\/\/www.webdo.tn\/fr\/#organization"},"potentialAction":[{"@type":"SearchAction","target":{"@type":"EntryPoint","urlTemplate":"https:\/\/www.webdo.tn\/fr\/?s={search_term_string}"},"query-input":{"@type":"PropertyValueSpecification","valueRequired":true,"valueName":"search_term_string"}}],"inLanguage":"fr-FR"},{"@type":"Organization","@id":"https:\/\/www.webdo.tn\/fr\/#organization","name":"Webdo","alternateName":"Webdo.tn","url":"https:\/\/www.webdo.tn\/fr\/","logo":{"@type":"ImageObject","inLanguage":"fr-FR","@id":"https:\/\/www.webdo.tn\/fr\/#\/schema\/logo\/image\/","url":"https:\/\/www.webdo.tn\/fr\/wp-content\/uploads\/2025\/06\/Webdo-Tunisie_168377.jpg","contentUrl":"https:\/\/www.webdo.tn\/fr\/wp-content\/uploads\/2025\/06\/Webdo-Tunisie_168377.jpg","width":301,"height":301,"caption":"Webdo"},"image":{"@id":"https:\/\/www.webdo.tn\/fr\/#\/schema\/logo\/image\/"},"sameAs":["https:\/\/www.facebook.com\/webdotn","https:\/\/x.com\/webdo_tn"],"description":"Webdo est un m\u00e9dia num\u00e9rique tunisien fond\u00e9 en 2010, sp\u00e9cialis\u00e9 dans l\u2019actualit\u00e9 nationale et internationale, l\u2019\u00e9conomie, la soci\u00e9t\u00e9 et les analyses politiques. Le site s\u2019adresse \u00e0 un large public francophone et couvre l\u2019information tunisienne en temps r\u00e9el.","email":"redac@webdo.tn","legalName":"YNJ SARL","foundingDate":"2010-09-06","numberOfEmployees":{"@type":"QuantitativeValue","minValue":"11","maxValue":"50"}},{"@type":"Person","@id":"https:\/\/www.webdo.tn\/fr\/#\/schema\/person\/9a9c6118d687c117df8ef3cc36a4d175","name":"webdo.tn","image":{"@type":"ImageObject","inLanguage":"fr-FR","@id":"https:\/\/secure.gravatar.com\/avatar\/7ce1f28c0c3bbac99ff550b85ef8e44a6950c6ee24514fb6a5489e51d06f0298?s=96&d=mm&r=g","url":"https:\/\/secure.gravatar.com\/avatar\/7ce1f28c0c3bbac99ff550b85ef8e44a6950c6ee24514fb6a5489e51d06f0298?s=96&d=mm&r=g","contentUrl":"https:\/\/secure.gravatar.com\/avatar\/7ce1f28c0c3bbac99ff550b85ef8e44a6950c6ee24514fb6a5489e51d06f0298?s=96&d=mm&r=g","caption":"webdo.tn"},"url":"https:\/\/www.webdo.tn\/fr\/actualite\/author\/webdotn\/"}]}},"_links":{"self":[{"href":"https:\/\/www.webdo.tn\/fr\/wp-json\/wp\/v2\/posts\/172019","targetHints":{"allow":["GET"]}}],"collection":[{"href":"https:\/\/www.webdo.tn\/fr\/wp-json\/wp\/v2\/posts"}],"about":[{"href":"https:\/\/www.webdo.tn\/fr\/wp-json\/wp\/v2\/types\/post"}],"author":[{"embeddable":true,"href":"https:\/\/www.webdo.tn\/fr\/wp-json\/wp\/v2\/users\/3222"}],"replies":[{"embeddable":true,"href":"https:\/\/www.webdo.tn\/fr\/wp-json\/wp\/v2\/comments?post=172019"}],"version-history":[{"count":0,"href":"https:\/\/www.webdo.tn\/fr\/wp-json\/wp\/v2\/posts\/172019\/revisions"}],"wp:featuredmedia":[{"embeddable":true,"href":"https:\/\/www.webdo.tn\/fr\/wp-json\/wp\/v2\/media\/333633"}],"wp:attachment":[{"href":"https:\/\/www.webdo.tn\/fr\/wp-json\/wp\/v2\/media?parent=172019"}],"wp:term":[{"taxonomy":"category","embeddable":true,"href":"https:\/\/www.webdo.tn\/fr\/wp-json\/wp\/v2\/categories?post=172019"},{"taxonomy":"post_tag","embeddable":true,"href":"https:\/\/www.webdo.tn\/fr\/wp-json\/wp\/v2\/tags?post=172019"}],"curies":[{"name":"wp","href":"https:\/\/api.w.org\/{rel}","templated":true}]}}