{"id":172018,"date":"2012-04-22T15:46:00","date_gmt":"2012-04-22T15:46:00","guid":{"rendered":"https:\/\/www.webdo.tn\/fr\/blog\/moncef-marzouki-au-qatar-le-reve-a-defaut-de-pouvoir\/172018\/"},"modified":"2012-04-22T15:46:00","modified_gmt":"2012-04-22T15:46:00","slug":"moncef-marzouki-au-qatar-le-reve-a-defaut-de-pouvoir","status":"publish","type":"post","link":"https:\/\/www.webdo.tn\/fr\/actualite\/national\/moncef-marzouki-au-qatar-le-reve-a-defaut-de-pouvoir\/172018\/","title":{"rendered":"Moncef Marzouki au Qatar : le r\u00eave \u00e0 d\u00e9faut de pouvoir"},"content":{"rendered":"<p>Mohammed Moncef Marzouki, ayant des pr\u00e9rogatives limit\u00e9es, s\u2019en presse \u00e0 chaque fois de prendre part aux sommets internationaux. Le pr\u00e9sident provisoire de la R\u00e9publique participe depuis le 21 avril \u00e0 Doha (Qatar) \u00e0 la 13\u00e8me \u00e9dition de la Conf\u00e9rence des Nations Unies sur le Commerce et le D\u00e9veloppement (CNUCED) portant sur la mondialisation et les perspectives de son d\u00e9veloppement. <\/p>\n<p>C\u2019est l\u2019occasion unique pour lui de monter au cr\u00e9neau et de se livrer \u00e0 la rh\u00e9torique devenue habituelle, des projets aussi utopiques que r\u00e9barbatifs. C\u2019est ainsi qu\u2019il est revenu sur sa volont\u00e9 de consolider les liens avec le Qatar, en avan\u00e7ant l\u2019argument de la posture strat\u00e9gique qu\u2019occupe la Tunisie lui permettant d\u2019attirer les investisseurs tous azimuts. <\/p>\n<p>Notre pr\u00e9sident a saisi cette opportunit\u00e9 pour rejeter en bloc la rumeur r\u00e9calcitrante relative \u00e0 l\u2019intervention du Qatar dans les affaires de la Tunisie, id\u00e9e sans fondement, \u00e0 ses yeux, car la Tunisie est \u00ab un pays libre et ind\u00e9pendant. \u00bb <\/p>\n<p>Outre les projets d\u2019investissement en mati\u00e8re de tourisme, de construction et d\u2019\u00e9nergie, avec le pays \u00ab fr\u00e8re \u00bb, Moncef Marzouki a caress\u00e9 le r\u00eave de voir se r\u00e9aliser dans les prochaines ann\u00e9es un dessein qui lui tient \u00e0 c\u0153ur : celui de l\u2019union des peuples arabes. Si cet id\u00e9al n\u2019a jamais pu \u00eatre r\u00e9alis\u00e9, c\u2019est par ce qu\u2019un certain nombre de pays \u00e9taient gouvern\u00e9s par des despotes. Le Qatar ne fait certainement pas partie de ces pays, laisse entendre le Chef de l\u2019\u00c9tat. Comprendra qui voudra.<\/p>\n<p>Au chapitre de la situation que conna\u00eet le pays depuis l\u2019av\u00e8nement de la Tro\u00efka au pouvoir, M. Marzouki a mis l\u2019accent sur les efforts consid\u00e9rables d\u00e9ploy\u00e9s par l\u2019ex\u00e9cutif, sans omettre de souligner l\u2019attitude hostile de l\u2019opposition qui ne fait qu\u2019entraver l\u2019action du gouvernement. Il a mis au d\u00e9fi tout gouvernement qui pourrait faire mieux. L\u2019opposition se serait heurt\u00e9e aux m\u00eames difficult\u00e9s que conna\u00eet l\u2019\u00e9quipe de Hamadi jebali. C\u2019est dire selon lui la complexit\u00e9 de la situation qui pr\u00e9vaut dans le pays. Comme tous les membres du gouvernement, Moncef Marzouki a fait allusion aux m\u00e9dias qui manquent d\u2019impartialit\u00e9 dans le traitement des informations. D\u00e9cid\u00e9ment lorsqu\u2019on manque d\u2019argument, la voie la plus facile est de mettre en cause les m\u00e9dias.<\/p>\n<p>De proche en proche, il appara\u00eet que les discours du pr\u00e9sident de la R\u00e9publique surfent sur les m\u00eames motifs, domin\u00e9s toujours par ce manich\u00e9isme navrant : le gouvernement m\u00e8ne une action louable, en face l\u2019opposition se dresse en force d\u2019hostilit\u00e9. Il reste que les beaux discours continuent \u00e0 tourner \u00e0 vide. Pour preuve, sa d\u00e9claration \u00e0 Doha inh\u00e9rente \u00e0 l\u2019affaire des salafistes qui \u00ab  se r\u00e9glera par la loi et le dialogue \u00bb a-t-il pr\u00e9cis\u00e9.<\/p>\n<p>\u00c0 l\u2019\u00e9vidence, lorsqu\u2019on en vient \u00e0 manquer de pr\u00e9rogatives et de pouvoir, il ne reste que les beaux discours et les r\u00eaves\u2026 Aujourd\u2019hui plus personne n\u2019est dupe des mirages qu\u2019on lui fait miroiter.<\/p>\n","protected":false},"excerpt":{"rendered":"<p>Moncef Marzouki au Qatar : le r\u00eave \u00e0 d\u00e9faut de pouvoir<\/p>\n","protected":false},"author":3222,"featured_media":333634,"comment_status":"open","ping_status":"closed","sticky":false,"template":"","format":"standard","meta":{"footnotes":""},"categories":[44],"tags":[2600],"class_list":["post-172018","post","type-post","status-publish","format-standard","has-post-thumbnail","hentry","category-national","tag-guerre"],"yoast_head":"<!-- This site is optimized with the Yoast SEO Premium plugin v27.5 (Yoast SEO v27.5) - https:\/\/yoast.com\/product\/yoast-seo-premium-wordpress\/ -->\n<title>Moncef Marzouki au Qatar : le r\u00eave \u00e0 d\u00e9faut de pouvoir<\/title>\n<meta name=\"description\" content=\"Moncef Marzouki au Qatar : le r\u00eave \u00e0 d\u00e9faut de pouvoir\" \/>\n<link rel=\"canonical\" href=\"https:\/\/www.webdo.tn\/fr\/actualite\/national-45\/moncef-marzouki-au-qatar-le-reve-a-defaut-de-pouvoir\/172018\/\" \/>\n<meta property=\"og:locale\" content=\"fr_FR\" \/>\n<meta property=\"og:type\" content=\"article\" \/>\n<meta property=\"og:title\" content=\"Moncef Marzouki au Qatar : le r\u00eave \u00e0 d\u00e9faut de pouvoir\" \/>\n<meta property=\"og:description\" content=\"Moncef Marzouki au Qatar : le r\u00eave \u00e0 d\u00e9faut de pouvoir\" \/>\n<meta property=\"og:url\" content=\"https:\/\/www.webdo.tn\/fr\/actualite\/national-45\/moncef-marzouki-au-qatar-le-reve-a-defaut-de-pouvoir\/172018\/\" \/>\n<meta property=\"og:site_name\" content=\"webdo\" \/>\n<meta property=\"article:publisher\" content=\"https:\/\/www.facebook.com\/webdotn\" \/>\n<meta property=\"article:published_time\" content=\"2012-04-22T15:46:00+00:00\" \/>\n<meta property=\"og:image\" content=\"https:\/\/www.webdo.tn\/fr\/wp-content\/uploads\/2012\/04\/Moncef-Marzouki-Doha-Cnuced-2012.jpg\" \/>\n\t<meta property=\"og:image:width\" content=\"243\" \/>\n\t<meta property=\"og:image:height\" content=\"395\" \/>\n\t<meta property=\"og:image:type\" content=\"image\/jpeg\" \/>\n<meta name=\"author\" content=\"webdo.tn\" \/>\n<meta name=\"twitter:card\" content=\"summary_large_image\" \/>\n<meta name=\"twitter:creator\" content=\"@webdo_tn\" \/>\n<meta name=\"twitter:site\" content=\"@webdo_tn\" \/>\n<meta name=\"twitter:label1\" content=\"\u00c9crit par\" \/>\n\t<meta name=\"twitter:data1\" content=\"webdo.tn\" \/>\n\t<meta name=\"twitter:label2\" content=\"Dur\u00e9e de lecture estim\u00e9e\" \/>\n\t<meta name=\"twitter:data2\" content=\"3 minutes\" \/>\n<script type=\"application\/ld+json\" class=\"yoast-schema-graph\">{\"@context\":\"https:\\\/\\\/schema.org\",\"@graph\":[{\"@type\":\"NewsArticle\",\"@id\":\"https:\\\/\\\/www.webdo.tn\\\/fr\\\/actualite\\\/national-45\\\/moncef-marzouki-au-qatar-le-reve-a-defaut-de-pouvoir\\\/172018\\\/#article\",\"isPartOf\":{\"@id\":\"https:\\\/\\\/www.webdo.tn\\\/fr\\\/actualite\\\/national-45\\\/moncef-marzouki-au-qatar-le-reve-a-defaut-de-pouvoir\\\/172018\\\/\"},\"author\":{\"name\":\"webdo.tn\",\"@id\":\"https:\\\/\\\/www.webdo.tn\\\/fr\\\/#\\\/schema\\\/person\\\/9a9c6118d687c117df8ef3cc36a4d175\"},\"headline\":\"Moncef Marzouki au Qatar : le r\u00eave \u00e0 d\u00e9faut de pouvoir\",\"datePublished\":\"2012-04-22T15:46:00+00:00\",\"mainEntityOfPage\":{\"@id\":\"https:\\\/\\\/www.webdo.tn\\\/fr\\\/actualite\\\/national-45\\\/moncef-marzouki-au-qatar-le-reve-a-defaut-de-pouvoir\\\/172018\\\/\"},\"wordCount\":549,\"commentCount\":0,\"publisher\":{\"@id\":\"https:\\\/\\\/www.webdo.tn\\\/fr\\\/#organization\"},\"image\":{\"@id\":\"https:\\\/\\\/www.webdo.tn\\\/fr\\\/actualite\\\/national-45\\\/moncef-marzouki-au-qatar-le-reve-a-defaut-de-pouvoir\\\/172018\\\/#primaryimage\"},\"thumbnailUrl\":\"https:\\\/\\\/www.webdo.tn\\\/fr\\\/wp-content\\\/uploads\\\/2012\\\/04\\\/Moncef-Marzouki-Doha-Cnuced-2012.jpg\",\"keywords\":[\"guerre\"],\"articleSection\":[\"National\"],\"inLanguage\":\"fr-FR\"},{\"@type\":\"WebPage\",\"@id\":\"https:\\\/\\\/www.webdo.tn\\\/fr\\\/actualite\\\/national-45\\\/moncef-marzouki-au-qatar-le-reve-a-defaut-de-pouvoir\\\/172018\\\/\",\"url\":\"https:\\\/\\\/www.webdo.tn\\\/fr\\\/actualite\\\/national-45\\\/moncef-marzouki-au-qatar-le-reve-a-defaut-de-pouvoir\\\/172018\\\/\",\"name\":\"Moncef Marzouki au Qatar : le r\u00eave \u00e0 d\u00e9faut de pouvoir\",\"isPartOf\":{\"@id\":\"https:\\\/\\\/www.webdo.tn\\\/fr\\\/#website\"},\"primaryImageOfPage\":{\"@id\":\"https:\\\/\\\/www.webdo.tn\\\/fr\\\/actualite\\\/national-45\\\/moncef-marzouki-au-qatar-le-reve-a-defaut-de-pouvoir\\\/172018\\\/#primaryimage\"},\"image\":{\"@id\":\"https:\\\/\\\/www.webdo.tn\\\/fr\\\/actualite\\\/national-45\\\/moncef-marzouki-au-qatar-le-reve-a-defaut-de-pouvoir\\\/172018\\\/#primaryimage\"},\"thumbnailUrl\":\"https:\\\/\\\/www.webdo.tn\\\/fr\\\/wp-content\\\/uploads\\\/2012\\\/04\\\/Moncef-Marzouki-Doha-Cnuced-2012.jpg\",\"datePublished\":\"2012-04-22T15:46:00+00:00\",\"description\":\"Moncef Marzouki au Qatar : le r\u00eave \u00e0 d\u00e9faut de pouvoir\",\"breadcrumb\":{\"@id\":\"https:\\\/\\\/www.webdo.tn\\\/fr\\\/actualite\\\/national-45\\\/moncef-marzouki-au-qatar-le-reve-a-defaut-de-pouvoir\\\/172018\\\/#breadcrumb\"},\"inLanguage\":\"fr-FR\",\"potentialAction\":[{\"@type\":\"ReadAction\",\"target\":[\"https:\\\/\\\/www.webdo.tn\\\/fr\\\/actualite\\\/national-45\\\/moncef-marzouki-au-qatar-le-reve-a-defaut-de-pouvoir\\\/172018\\\/\"]}]},{\"@type\":\"ImageObject\",\"inLanguage\":\"fr-FR\",\"@id\":\"https:\\\/\\\/www.webdo.tn\\\/fr\\\/actualite\\\/national-45\\\/moncef-marzouki-au-qatar-le-reve-a-defaut-de-pouvoir\\\/172018\\\/#primaryimage\",\"url\":\"https:\\\/\\\/www.webdo.tn\\\/fr\\\/wp-content\\\/uploads\\\/2012\\\/04\\\/Moncef-Marzouki-Doha-Cnuced-2012.jpg\",\"contentUrl\":\"https:\\\/\\\/www.webdo.tn\\\/fr\\\/wp-content\\\/uploads\\\/2012\\\/04\\\/Moncef-Marzouki-Doha-Cnuced-2012.jpg\",\"width\":243,\"height\":395,\"caption\":\"Moncef Marzouki au Qatar : le r\u00eave \u00e0 d\u00e9faut de pouvoir\"},{\"@type\":\"BreadcrumbList\",\"@id\":\"https:\\\/\\\/www.webdo.tn\\\/fr\\\/actualite\\\/national-45\\\/moncef-marzouki-au-qatar-le-reve-a-defaut-de-pouvoir\\\/172018\\\/#breadcrumb\",\"itemListElement\":[{\"@type\":\"ListItem\",\"position\":1,\"name\":\"Accueil\",\"item\":\"https:\\\/\\\/www.webdo.tn\\\/fr\\\/\"},{\"@type\":\"ListItem\",\"position\":2,\"name\":\"Moncef Marzouki au Qatar : le r\u00eave \u00e0 d\u00e9faut de pouvoir\"}]},{\"@type\":\"WebSite\",\"@id\":\"https:\\\/\\\/www.webdo.tn\\\/fr\\\/#website\",\"url\":\"https:\\\/\\\/www.webdo.tn\\\/fr\\\/\",\"name\":\"webdo\",\"description\":\"Tunisie - News en Tunisie et \u00e0 l&#039;international sur Webdo.tn\",\"publisher\":{\"@id\":\"https:\\\/\\\/www.webdo.tn\\\/fr\\\/#organization\"},\"potentialAction\":[{\"@type\":\"SearchAction\",\"target\":{\"@type\":\"EntryPoint\",\"urlTemplate\":\"https:\\\/\\\/www.webdo.tn\\\/fr\\\/?s={search_term_string}\"},\"query-input\":{\"@type\":\"PropertyValueSpecification\",\"valueRequired\":true,\"valueName\":\"search_term_string\"}}],\"inLanguage\":\"fr-FR\"},{\"@type\":\"Organization\",\"@id\":\"https:\\\/\\\/www.webdo.tn\\\/fr\\\/#organization\",\"name\":\"Webdo\",\"alternateName\":\"Webdo.tn\",\"url\":\"https:\\\/\\\/www.webdo.tn\\\/fr\\\/\",\"logo\":{\"@type\":\"ImageObject\",\"inLanguage\":\"fr-FR\",\"@id\":\"https:\\\/\\\/www.webdo.tn\\\/fr\\\/#\\\/schema\\\/logo\\\/image\\\/\",\"url\":\"https:\\\/\\\/www.webdo.tn\\\/fr\\\/wp-content\\\/uploads\\\/2025\\\/06\\\/Webdo-Tunisie_168377.jpg\",\"contentUrl\":\"https:\\\/\\\/www.webdo.tn\\\/fr\\\/wp-content\\\/uploads\\\/2025\\\/06\\\/Webdo-Tunisie_168377.jpg\",\"width\":301,\"height\":301,\"caption\":\"Webdo\"},\"image\":{\"@id\":\"https:\\\/\\\/www.webdo.tn\\\/fr\\\/#\\\/schema\\\/logo\\\/image\\\/\"},\"sameAs\":[\"https:\\\/\\\/www.facebook.com\\\/webdotn\",\"https:\\\/\\\/x.com\\\/webdo_tn\"],\"description\":\"Webdo est un m\u00e9dia num\u00e9rique tunisien fond\u00e9 en 2010, sp\u00e9cialis\u00e9 dans l\u2019actualit\u00e9 nationale et internationale, l\u2019\u00e9conomie, la soci\u00e9t\u00e9 et les analyses politiques. Le site s\u2019adresse \u00e0 un large public francophone et couvre l\u2019information tunisienne en temps r\u00e9el.\",\"email\":\"redac@webdo.tn\",\"legalName\":\"YNJ SARL\",\"foundingDate\":\"2010-09-06\",\"numberOfEmployees\":{\"@type\":\"QuantitativeValue\",\"minValue\":\"11\",\"maxValue\":\"50\"}},{\"@type\":\"Person\",\"@id\":\"https:\\\/\\\/www.webdo.tn\\\/fr\\\/#\\\/schema\\\/person\\\/9a9c6118d687c117df8ef3cc36a4d175\",\"name\":\"webdo.tn\",\"image\":{\"@type\":\"ImageObject\",\"inLanguage\":\"fr-FR\",\"@id\":\"https:\\\/\\\/secure.gravatar.com\\\/avatar\\\/7ce1f28c0c3bbac99ff550b85ef8e44a6950c6ee24514fb6a5489e51d06f0298?s=96&d=mm&r=g\",\"url\":\"https:\\\/\\\/secure.gravatar.com\\\/avatar\\\/7ce1f28c0c3bbac99ff550b85ef8e44a6950c6ee24514fb6a5489e51d06f0298?s=96&d=mm&r=g\",\"contentUrl\":\"https:\\\/\\\/secure.gravatar.com\\\/avatar\\\/7ce1f28c0c3bbac99ff550b85ef8e44a6950c6ee24514fb6a5489e51d06f0298?s=96&d=mm&r=g\",\"caption\":\"webdo.tn\"},\"url\":\"https:\\\/\\\/www.webdo.tn\\\/fr\\\/actualite\\\/author\\\/webdotn\\\/\"}]}<\/script>\n<!-- \/ Yoast SEO Premium plugin. -->","yoast_head_json":{"title":"Moncef Marzouki au Qatar : le r\u00eave \u00e0 d\u00e9faut de pouvoir","description":"Moncef Marzouki au Qatar : le r\u00eave \u00e0 d\u00e9faut de pouvoir","canonical":"https:\/\/www.webdo.tn\/fr\/actualite\/national-45\/moncef-marzouki-au-qatar-le-reve-a-defaut-de-pouvoir\/172018\/","og_locale":"fr_FR","og_type":"article","og_title":"Moncef Marzouki au Qatar : le r\u00eave \u00e0 d\u00e9faut de pouvoir","og_description":"Moncef Marzouki au Qatar : le r\u00eave \u00e0 d\u00e9faut de pouvoir","og_url":"https:\/\/www.webdo.tn\/fr\/actualite\/national-45\/moncef-marzouki-au-qatar-le-reve-a-defaut-de-pouvoir\/172018\/","og_site_name":"webdo","article_publisher":"https:\/\/www.facebook.com\/webdotn","article_published_time":"2012-04-22T15:46:00+00:00","og_image":[{"width":243,"height":395,"url":"https:\/\/www.webdo.tn\/fr\/wp-content\/uploads\/2012\/04\/Moncef-Marzouki-Doha-Cnuced-2012.jpg","type":"image\/jpeg"}],"author":"webdo.tn","twitter_card":"summary_large_image","twitter_creator":"@webdo_tn","twitter_site":"@webdo_tn","twitter_misc":{"\u00c9crit par":"webdo.tn","Dur\u00e9e de lecture estim\u00e9e":"3 minutes"},"schema":{"@context":"https:\/\/schema.org","@graph":[{"@type":"NewsArticle","@id":"https:\/\/www.webdo.tn\/fr\/actualite\/national-45\/moncef-marzouki-au-qatar-le-reve-a-defaut-de-pouvoir\/172018\/#article","isPartOf":{"@id":"https:\/\/www.webdo.tn\/fr\/actualite\/national-45\/moncef-marzouki-au-qatar-le-reve-a-defaut-de-pouvoir\/172018\/"},"author":{"name":"webdo.tn","@id":"https:\/\/www.webdo.tn\/fr\/#\/schema\/person\/9a9c6118d687c117df8ef3cc36a4d175"},"headline":"Moncef Marzouki au Qatar : le r\u00eave \u00e0 d\u00e9faut de pouvoir","datePublished":"2012-04-22T15:46:00+00:00","mainEntityOfPage":{"@id":"https:\/\/www.webdo.tn\/fr\/actualite\/national-45\/moncef-marzouki-au-qatar-le-reve-a-defaut-de-pouvoir\/172018\/"},"wordCount":549,"commentCount":0,"publisher":{"@id":"https:\/\/www.webdo.tn\/fr\/#organization"},"image":{"@id":"https:\/\/www.webdo.tn\/fr\/actualite\/national-45\/moncef-marzouki-au-qatar-le-reve-a-defaut-de-pouvoir\/172018\/#primaryimage"},"thumbnailUrl":"https:\/\/www.webdo.tn\/fr\/wp-content\/uploads\/2012\/04\/Moncef-Marzouki-Doha-Cnuced-2012.jpg","keywords":["guerre"],"articleSection":["National"],"inLanguage":"fr-FR"},{"@type":"WebPage","@id":"https:\/\/www.webdo.tn\/fr\/actualite\/national-45\/moncef-marzouki-au-qatar-le-reve-a-defaut-de-pouvoir\/172018\/","url":"https:\/\/www.webdo.tn\/fr\/actualite\/national-45\/moncef-marzouki-au-qatar-le-reve-a-defaut-de-pouvoir\/172018\/","name":"Moncef Marzouki au Qatar : le r\u00eave \u00e0 d\u00e9faut de pouvoir","isPartOf":{"@id":"https:\/\/www.webdo.tn\/fr\/#website"},"primaryImageOfPage":{"@id":"https:\/\/www.webdo.tn\/fr\/actualite\/national-45\/moncef-marzouki-au-qatar-le-reve-a-defaut-de-pouvoir\/172018\/#primaryimage"},"image":{"@id":"https:\/\/www.webdo.tn\/fr\/actualite\/national-45\/moncef-marzouki-au-qatar-le-reve-a-defaut-de-pouvoir\/172018\/#primaryimage"},"thumbnailUrl":"https:\/\/www.webdo.tn\/fr\/wp-content\/uploads\/2012\/04\/Moncef-Marzouki-Doha-Cnuced-2012.jpg","datePublished":"2012-04-22T15:46:00+00:00","description":"Moncef Marzouki au Qatar : le r\u00eave \u00e0 d\u00e9faut de pouvoir","breadcrumb":{"@id":"https:\/\/www.webdo.tn\/fr\/actualite\/national-45\/moncef-marzouki-au-qatar-le-reve-a-defaut-de-pouvoir\/172018\/#breadcrumb"},"inLanguage":"fr-FR","potentialAction":[{"@type":"ReadAction","target":["https:\/\/www.webdo.tn\/fr\/actualite\/national-45\/moncef-marzouki-au-qatar-le-reve-a-defaut-de-pouvoir\/172018\/"]}]},{"@type":"ImageObject","inLanguage":"fr-FR","@id":"https:\/\/www.webdo.tn\/fr\/actualite\/national-45\/moncef-marzouki-au-qatar-le-reve-a-defaut-de-pouvoir\/172018\/#primaryimage","url":"https:\/\/www.webdo.tn\/fr\/wp-content\/uploads\/2012\/04\/Moncef-Marzouki-Doha-Cnuced-2012.jpg","contentUrl":"https:\/\/www.webdo.tn\/fr\/wp-content\/uploads\/2012\/04\/Moncef-Marzouki-Doha-Cnuced-2012.jpg","width":243,"height":395,"caption":"Moncef Marzouki au Qatar : le r\u00eave \u00e0 d\u00e9faut de pouvoir"},{"@type":"BreadcrumbList","@id":"https:\/\/www.webdo.tn\/fr\/actualite\/national-45\/moncef-marzouki-au-qatar-le-reve-a-defaut-de-pouvoir\/172018\/#breadcrumb","itemListElement":[{"@type":"ListItem","position":1,"name":"Accueil","item":"https:\/\/www.webdo.tn\/fr\/"},{"@type":"ListItem","position":2,"name":"Moncef Marzouki au Qatar : le r\u00eave \u00e0 d\u00e9faut de pouvoir"}]},{"@type":"WebSite","@id":"https:\/\/www.webdo.tn\/fr\/#website","url":"https:\/\/www.webdo.tn\/fr\/","name":"webdo","description":"Tunisie - News en Tunisie et \u00e0 l&#039;international sur Webdo.tn","publisher":{"@id":"https:\/\/www.webdo.tn\/fr\/#organization"},"potentialAction":[{"@type":"SearchAction","target":{"@type":"EntryPoint","urlTemplate":"https:\/\/www.webdo.tn\/fr\/?s={search_term_string}"},"query-input":{"@type":"PropertyValueSpecification","valueRequired":true,"valueName":"search_term_string"}}],"inLanguage":"fr-FR"},{"@type":"Organization","@id":"https:\/\/www.webdo.tn\/fr\/#organization","name":"Webdo","alternateName":"Webdo.tn","url":"https:\/\/www.webdo.tn\/fr\/","logo":{"@type":"ImageObject","inLanguage":"fr-FR","@id":"https:\/\/www.webdo.tn\/fr\/#\/schema\/logo\/image\/","url":"https:\/\/www.webdo.tn\/fr\/wp-content\/uploads\/2025\/06\/Webdo-Tunisie_168377.jpg","contentUrl":"https:\/\/www.webdo.tn\/fr\/wp-content\/uploads\/2025\/06\/Webdo-Tunisie_168377.jpg","width":301,"height":301,"caption":"Webdo"},"image":{"@id":"https:\/\/www.webdo.tn\/fr\/#\/schema\/logo\/image\/"},"sameAs":["https:\/\/www.facebook.com\/webdotn","https:\/\/x.com\/webdo_tn"],"description":"Webdo est un m\u00e9dia num\u00e9rique tunisien fond\u00e9 en 2010, sp\u00e9cialis\u00e9 dans l\u2019actualit\u00e9 nationale et internationale, l\u2019\u00e9conomie, la soci\u00e9t\u00e9 et les analyses politiques. Le site s\u2019adresse \u00e0 un large public francophone et couvre l\u2019information tunisienne en temps r\u00e9el.","email":"redac@webdo.tn","legalName":"YNJ SARL","foundingDate":"2010-09-06","numberOfEmployees":{"@type":"QuantitativeValue","minValue":"11","maxValue":"50"}},{"@type":"Person","@id":"https:\/\/www.webdo.tn\/fr\/#\/schema\/person\/9a9c6118d687c117df8ef3cc36a4d175","name":"webdo.tn","image":{"@type":"ImageObject","inLanguage":"fr-FR","@id":"https:\/\/secure.gravatar.com\/avatar\/7ce1f28c0c3bbac99ff550b85ef8e44a6950c6ee24514fb6a5489e51d06f0298?s=96&d=mm&r=g","url":"https:\/\/secure.gravatar.com\/avatar\/7ce1f28c0c3bbac99ff550b85ef8e44a6950c6ee24514fb6a5489e51d06f0298?s=96&d=mm&r=g","contentUrl":"https:\/\/secure.gravatar.com\/avatar\/7ce1f28c0c3bbac99ff550b85ef8e44a6950c6ee24514fb6a5489e51d06f0298?s=96&d=mm&r=g","caption":"webdo.tn"},"url":"https:\/\/www.webdo.tn\/fr\/actualite\/author\/webdotn\/"}]}},"_links":{"self":[{"href":"https:\/\/www.webdo.tn\/fr\/wp-json\/wp\/v2\/posts\/172018","targetHints":{"allow":["GET"]}}],"collection":[{"href":"https:\/\/www.webdo.tn\/fr\/wp-json\/wp\/v2\/posts"}],"about":[{"href":"https:\/\/www.webdo.tn\/fr\/wp-json\/wp\/v2\/types\/post"}],"author":[{"embeddable":true,"href":"https:\/\/www.webdo.tn\/fr\/wp-json\/wp\/v2\/users\/3222"}],"replies":[{"embeddable":true,"href":"https:\/\/www.webdo.tn\/fr\/wp-json\/wp\/v2\/comments?post=172018"}],"version-history":[{"count":0,"href":"https:\/\/www.webdo.tn\/fr\/wp-json\/wp\/v2\/posts\/172018\/revisions"}],"wp:featuredmedia":[{"embeddable":true,"href":"https:\/\/www.webdo.tn\/fr\/wp-json\/wp\/v2\/media\/333634"}],"wp:attachment":[{"href":"https:\/\/www.webdo.tn\/fr\/wp-json\/wp\/v2\/media?parent=172018"}],"wp:term":[{"taxonomy":"category","embeddable":true,"href":"https:\/\/www.webdo.tn\/fr\/wp-json\/wp\/v2\/categories?post=172018"},{"taxonomy":"post_tag","embeddable":true,"href":"https:\/\/www.webdo.tn\/fr\/wp-json\/wp\/v2\/tags?post=172018"}],"curies":[{"name":"wp","href":"https:\/\/api.w.org\/{rel}","templated":true}]}}