{"id":172016,"date":"2012-04-22T18:24:00","date_gmt":"2012-04-22T18:24:00","guid":{"rendered":"https:\/\/www.webdo.tn\/fr\/blog\/l-information-publique-menacee-par-ennahdha-la-tentation-berlusconienne\/172016\/"},"modified":"2012-04-22T18:24:00","modified_gmt":"2012-04-22T18:24:00","slug":"l-information-publique-menacee-par-ennahdha-la-tentation-berlusconienne","status":"publish","type":"post","link":"https:\/\/www.webdo.tn\/fr\/actualite\/national\/l-information-publique-menacee-par-ennahdha-la-tentation-berlusconienne\/172016\/","title":{"rendered":"L\u2019information publique menac\u00e9e par Ennahdha\u00a0: la tentation \u00ab\u00a0berlusconienne\u00a0\u00bb\u00a0!"},"content":{"rendered":"<p>Les d\u00e9clarations des dirigeants du mouvement Ennadha se succ\u00e8dent \u00e0 un rythme r\u00e9gulier ces derniers temps pour \u00e9riger une \u00e9p\u00e9e de Damocl\u00e8s sur la t\u00eate des m\u00e9dias publics en les mena\u00e7ant de privatisation.<\/p>\n<p>En r\u00e9alit\u00e9, cette menace \u00e9manant du chef du mouvement, Rached Ghannouchi, parue dans diverses interviews accord\u00e9es \u00e0 des journaux arabes et du chef du groupe parlementaire des Islamistes au sein de l\u2019Assembl\u00e9e Nationale Constituante, Ameur Laarayedh, interviennent pour mettre surtout la pression sur les journalistes des cha\u00eenes publiques, t\u00e9l\u00e9vision nationale et Radios, afin de les soumettre \u00e0 leur volont\u00e9 de les voir d\u00e9fendre les th\u00e8ses de la tro\u00efka au pouvoir, et principalement du mouvement Ennahdha. Ils arguent que les journalistes appartiennent \u00e0 l\u2019ancien r\u00e9gime et que la volont\u00e9 populaire, entendez les quelques dizaines de sit-ineurs campant devant la t\u00e9l\u00e9vision nationale, va dans le sens du remplacement des journalistes en question les accusant d\u2019\u00eatre \u00e0 la solde d\u2019autres id\u00e9ologies (autres que la leur\u00a0!) et de son traitement tendancieux de l\u2019information.<\/p>\n<p>Cette analyse des Nahdhaouis de la situation qui pr\u00e9vaut dans les m\u00e9dias publics provient de leur volont\u00e9 d\u2019en faire le porte-parole du gouvernement de la Tro\u00efka, r\u00e9futant toute critique \u00e0 son encontre et entendant passer sous silence les \u00e9v\u00e9nements qui secouent le pays.<\/p>\n<p>La privatisation qu\u2019on fait planer sur les m\u00e9dias publics est une h\u00e9r\u00e9sie dans tous les syst\u00e8mes politiques d\u00e9mocratiques y compris dans les  plus vieilles d\u00e9mocraties lib\u00e9rales, celles o\u00f9 le lib\u00e9ralisme est la r\u00e8gle.<\/p>\n<p>Autrement dit, Ennahdha veut aller encore plus loin au service des int\u00e9r\u00eats priv\u00e9s en leur c\u00e9dant des institutions qui commencent tout juste \u00e0 trouver leur \u00e9quilibre en mati\u00e8re de libert\u00e9 de l\u2019information et qui font leur apprentissage d\u2019\u00eatre le porte-parole du citoyen en contribuant \u00e0 son \u00e9mancipation politique, \u00e0 sa culture et \u00e0 son \u00e9volution.<\/p>\n<p>Cette information citoyenne est la loi du service public de l\u2019information. Sa disparition signifierait c\u00e9der cette arme \u00e0 des int\u00e9r\u00eats priv\u00e9s qui seraient donc proches des gens actuellement au pouvoir, ce qui voudrait dire le r\u00e9tablissement de l\u2019information unicolore et monolithique.<\/p>\n<p>Car le monopole de l\u2019information par les int\u00e9r\u00eats priv\u00e9s scellerait la fin du pluralisme un peu comme cela s\u2019est pass\u00e9 en Italie o\u00f9 un certain Berlusconi a pu accaparer de grands m\u00e9dias nationaux, en construisant un v\u00e9ritable empire m\u00e9diatique, et les a mis au service de ses int\u00e9r\u00eats politiques et de ses desseins id\u00e9ologiques.<\/p>\n<p>La Tunisie d\u00e9mocratique du futur ne peut se passer du service public de l\u2019information. Il suffira simplement de mettre en place les m\u00e9canismes sains pour un fonctionnement qui assure le pluralisme afin de faire \u00e9voluer tout le secteur.<\/p>\n<p>Mais, il est difficile d\u2019imaginer une telle \u00e9volution en pr\u00e9sence d\u2019une id\u00e9ologie qui ne reconna\u00eet qu\u2019elle-m\u00eame\u00a0!!!<\/p>\n","protected":false},"excerpt":{"rendered":"<p>L\u2019information publique menac\u00e9e par Ennahdha\u00a0: la tentation \u00ab\u00a0berlusconienne\u00a0\u00bb\u00a0!<\/p>\n","protected":false},"author":3222,"featured_media":334118,"comment_status":"open","ping_status":"closed","sticky":false,"template":"","format":"standard","meta":{"footnotes":""},"categories":[44],"tags":[2600],"class_list":["post-172016","post","type-post","status-publish","format-standard","has-post-thumbnail","hentry","category-national","tag-guerre"],"yoast_head":"<!-- This site is optimized with the Yoast SEO Premium plugin v27.5 (Yoast SEO v27.5) - https:\/\/yoast.com\/product\/yoast-seo-premium-wordpress\/ -->\n<title>L\u2019information publique menac\u00e9e par Ennahdha\u00a0: la tentation \u00ab\u00a0berlusconienne\u00a0\u00bb\u00a0!<\/title>\n<meta name=\"description\" content=\"L\u2019information publique menac\u00e9e par Ennahdha\u00a0: la tentation \u00ab\u00a0berlusconienne\u00a0\u00bb\u00a0!\" \/>\n<link rel=\"canonical\" href=\"https:\/\/www.webdo.tn\/fr\/actualite\/national-45\/l-information-publique-menacee-par-ennahdha-la-tentation-berlusconienne\/172016\/\" \/>\n<meta property=\"og:locale\" content=\"fr_FR\" \/>\n<meta property=\"og:type\" content=\"article\" \/>\n<meta property=\"og:title\" content=\"L\u2019information publique menac\u00e9e par Ennahdha\u00a0: la tentation \u00ab\u00a0berlusconienne\u00a0\u00bb\u00a0!\" \/>\n<meta property=\"og:description\" content=\"L\u2019information publique menac\u00e9e par Ennahdha\u00a0: la tentation \u00ab\u00a0berlusconienne\u00a0\u00bb\u00a0!\" \/>\n<meta property=\"og:url\" content=\"https:\/\/www.webdo.tn\/fr\/actualite\/national-45\/l-information-publique-menacee-par-ennahdha-la-tentation-berlusconienne\/172016\/\" \/>\n<meta property=\"og:site_name\" content=\"webdo\" \/>\n<meta property=\"article:publisher\" content=\"https:\/\/www.facebook.com\/webdotn\" \/>\n<meta property=\"article:published_time\" content=\"2012-04-22T18:24:00+00:00\" \/>\n<meta property=\"og:image\" content=\"https:\/\/www.webdo.tn\/fr\/wp-content\/uploads\/2012\/04\/Silvio-Berlusconi-Rached-Ghannouchi.jpg\" \/>\n\t<meta property=\"og:image:width\" content=\"456\" \/>\n\t<meta property=\"og:image:height\" content=\"183\" \/>\n\t<meta property=\"og:image:type\" content=\"image\/jpeg\" \/>\n<meta name=\"author\" content=\"webdo.tn\" \/>\n<meta name=\"twitter:card\" content=\"summary_large_image\" \/>\n<meta name=\"twitter:creator\" content=\"@webdo_tn\" \/>\n<meta name=\"twitter:site\" content=\"@webdo_tn\" \/>\n<meta name=\"twitter:label1\" content=\"\u00c9crit par\" \/>\n\t<meta name=\"twitter:data1\" content=\"webdo.tn\" \/>\n\t<meta name=\"twitter:label2\" content=\"Dur\u00e9e de lecture estim\u00e9e\" \/>\n\t<meta name=\"twitter:data2\" content=\"3 minutes\" \/>\n<script type=\"application\/ld+json\" class=\"yoast-schema-graph\">{\"@context\":\"https:\\\/\\\/schema.org\",\"@graph\":[{\"@type\":\"NewsArticle\",\"@id\":\"https:\\\/\\\/www.webdo.tn\\\/fr\\\/actualite\\\/national-45\\\/l-information-publique-menacee-par-ennahdha-la-tentation-berlusconienne\\\/172016\\\/#article\",\"isPartOf\":{\"@id\":\"https:\\\/\\\/www.webdo.tn\\\/fr\\\/actualite\\\/national-45\\\/l-information-publique-menacee-par-ennahdha-la-tentation-berlusconienne\\\/172016\\\/\"},\"author\":{\"name\":\"webdo.tn\",\"@id\":\"https:\\\/\\\/www.webdo.tn\\\/fr\\\/#\\\/schema\\\/person\\\/9a9c6118d687c117df8ef3cc36a4d175\"},\"headline\":\"L\u2019information publique menac\u00e9e par Ennahdha\u00a0: la tentation \u00ab\u00a0berlusconienne\u00a0\u00bb\u00a0!\",\"datePublished\":\"2012-04-22T18:24:00+00:00\",\"mainEntityOfPage\":{\"@id\":\"https:\\\/\\\/www.webdo.tn\\\/fr\\\/actualite\\\/national-45\\\/l-information-publique-menacee-par-ennahdha-la-tentation-berlusconienne\\\/172016\\\/\"},\"wordCount\":518,\"commentCount\":0,\"publisher\":{\"@id\":\"https:\\\/\\\/www.webdo.tn\\\/fr\\\/#organization\"},\"image\":{\"@id\":\"https:\\\/\\\/www.webdo.tn\\\/fr\\\/actualite\\\/national-45\\\/l-information-publique-menacee-par-ennahdha-la-tentation-berlusconienne\\\/172016\\\/#primaryimage\"},\"thumbnailUrl\":\"https:\\\/\\\/www.webdo.tn\\\/fr\\\/wp-content\\\/uploads\\\/2012\\\/04\\\/Silvio-Berlusconi-Rached-Ghannouchi.jpg\",\"keywords\":[\"guerre\"],\"articleSection\":[\"National\"],\"inLanguage\":\"fr-FR\"},{\"@type\":\"WebPage\",\"@id\":\"https:\\\/\\\/www.webdo.tn\\\/fr\\\/actualite\\\/national-45\\\/l-information-publique-menacee-par-ennahdha-la-tentation-berlusconienne\\\/172016\\\/\",\"url\":\"https:\\\/\\\/www.webdo.tn\\\/fr\\\/actualite\\\/national-45\\\/l-information-publique-menacee-par-ennahdha-la-tentation-berlusconienne\\\/172016\\\/\",\"name\":\"L\u2019information publique menac\u00e9e par Ennahdha\u00a0: la tentation \u00ab\u00a0berlusconienne\u00a0\u00bb\u00a0!\",\"isPartOf\":{\"@id\":\"https:\\\/\\\/www.webdo.tn\\\/fr\\\/#website\"},\"primaryImageOfPage\":{\"@id\":\"https:\\\/\\\/www.webdo.tn\\\/fr\\\/actualite\\\/national-45\\\/l-information-publique-menacee-par-ennahdha-la-tentation-berlusconienne\\\/172016\\\/#primaryimage\"},\"image\":{\"@id\":\"https:\\\/\\\/www.webdo.tn\\\/fr\\\/actualite\\\/national-45\\\/l-information-publique-menacee-par-ennahdha-la-tentation-berlusconienne\\\/172016\\\/#primaryimage\"},\"thumbnailUrl\":\"https:\\\/\\\/www.webdo.tn\\\/fr\\\/wp-content\\\/uploads\\\/2012\\\/04\\\/Silvio-Berlusconi-Rached-Ghannouchi.jpg\",\"datePublished\":\"2012-04-22T18:24:00+00:00\",\"description\":\"L\u2019information publique menac\u00e9e par Ennahdha\u00a0: la tentation \u00ab\u00a0berlusconienne\u00a0\u00bb\u00a0!\",\"breadcrumb\":{\"@id\":\"https:\\\/\\\/www.webdo.tn\\\/fr\\\/actualite\\\/national-45\\\/l-information-publique-menacee-par-ennahdha-la-tentation-berlusconienne\\\/172016\\\/#breadcrumb\"},\"inLanguage\":\"fr-FR\",\"potentialAction\":[{\"@type\":\"ReadAction\",\"target\":[\"https:\\\/\\\/www.webdo.tn\\\/fr\\\/actualite\\\/national-45\\\/l-information-publique-menacee-par-ennahdha-la-tentation-berlusconienne\\\/172016\\\/\"]}]},{\"@type\":\"ImageObject\",\"inLanguage\":\"fr-FR\",\"@id\":\"https:\\\/\\\/www.webdo.tn\\\/fr\\\/actualite\\\/national-45\\\/l-information-publique-menacee-par-ennahdha-la-tentation-berlusconienne\\\/172016\\\/#primaryimage\",\"url\":\"https:\\\/\\\/www.webdo.tn\\\/fr\\\/wp-content\\\/uploads\\\/2012\\\/04\\\/Silvio-Berlusconi-Rached-Ghannouchi.jpg\",\"contentUrl\":\"https:\\\/\\\/www.webdo.tn\\\/fr\\\/wp-content\\\/uploads\\\/2012\\\/04\\\/Silvio-Berlusconi-Rached-Ghannouchi.jpg\",\"width\":456,\"height\":183,\"caption\":\"L\u2019information publique menac\u00e9e par Ennahdha\u00a0: la tentation \u00ab\u00a0berlusconienne\u00a0\u00bb\u00a0!\"},{\"@type\":\"BreadcrumbList\",\"@id\":\"https:\\\/\\\/www.webdo.tn\\\/fr\\\/actualite\\\/national-45\\\/l-information-publique-menacee-par-ennahdha-la-tentation-berlusconienne\\\/172016\\\/#breadcrumb\",\"itemListElement\":[{\"@type\":\"ListItem\",\"position\":1,\"name\":\"Accueil\",\"item\":\"https:\\\/\\\/www.webdo.tn\\\/fr\\\/\"},{\"@type\":\"ListItem\",\"position\":2,\"name\":\"L\u2019information publique menac\u00e9e par Ennahdha\u00a0: la tentation \u00ab\u00a0berlusconienne\u00a0\u00bb\u00a0!\"}]},{\"@type\":\"WebSite\",\"@id\":\"https:\\\/\\\/www.webdo.tn\\\/fr\\\/#website\",\"url\":\"https:\\\/\\\/www.webdo.tn\\\/fr\\\/\",\"name\":\"webdo\",\"description\":\"Tunisie - News en Tunisie et \u00e0 l&#039;international sur Webdo.tn\",\"publisher\":{\"@id\":\"https:\\\/\\\/www.webdo.tn\\\/fr\\\/#organization\"},\"potentialAction\":[{\"@type\":\"SearchAction\",\"target\":{\"@type\":\"EntryPoint\",\"urlTemplate\":\"https:\\\/\\\/www.webdo.tn\\\/fr\\\/?s={search_term_string}\"},\"query-input\":{\"@type\":\"PropertyValueSpecification\",\"valueRequired\":true,\"valueName\":\"search_term_string\"}}],\"inLanguage\":\"fr-FR\"},{\"@type\":\"Organization\",\"@id\":\"https:\\\/\\\/www.webdo.tn\\\/fr\\\/#organization\",\"name\":\"Webdo\",\"alternateName\":\"Webdo.tn\",\"url\":\"https:\\\/\\\/www.webdo.tn\\\/fr\\\/\",\"logo\":{\"@type\":\"ImageObject\",\"inLanguage\":\"fr-FR\",\"@id\":\"https:\\\/\\\/www.webdo.tn\\\/fr\\\/#\\\/schema\\\/logo\\\/image\\\/\",\"url\":\"https:\\\/\\\/www.webdo.tn\\\/fr\\\/wp-content\\\/uploads\\\/2025\\\/06\\\/Webdo-Tunisie_168377.jpg\",\"contentUrl\":\"https:\\\/\\\/www.webdo.tn\\\/fr\\\/wp-content\\\/uploads\\\/2025\\\/06\\\/Webdo-Tunisie_168377.jpg\",\"width\":301,\"height\":301,\"caption\":\"Webdo\"},\"image\":{\"@id\":\"https:\\\/\\\/www.webdo.tn\\\/fr\\\/#\\\/schema\\\/logo\\\/image\\\/\"},\"sameAs\":[\"https:\\\/\\\/www.facebook.com\\\/webdotn\",\"https:\\\/\\\/x.com\\\/webdo_tn\"],\"description\":\"Webdo est un m\u00e9dia num\u00e9rique tunisien fond\u00e9 en 2010, sp\u00e9cialis\u00e9 dans l\u2019actualit\u00e9 nationale et internationale, l\u2019\u00e9conomie, la soci\u00e9t\u00e9 et les analyses politiques. Le site s\u2019adresse \u00e0 un large public francophone et couvre l\u2019information tunisienne en temps r\u00e9el.\",\"email\":\"redac@webdo.tn\",\"legalName\":\"YNJ SARL\",\"foundingDate\":\"2010-09-06\",\"numberOfEmployees\":{\"@type\":\"QuantitativeValue\",\"minValue\":\"11\",\"maxValue\":\"50\"}},{\"@type\":\"Person\",\"@id\":\"https:\\\/\\\/www.webdo.tn\\\/fr\\\/#\\\/schema\\\/person\\\/9a9c6118d687c117df8ef3cc36a4d175\",\"name\":\"webdo.tn\",\"image\":{\"@type\":\"ImageObject\",\"inLanguage\":\"fr-FR\",\"@id\":\"https:\\\/\\\/secure.gravatar.com\\\/avatar\\\/7ce1f28c0c3bbac99ff550b85ef8e44a6950c6ee24514fb6a5489e51d06f0298?s=96&d=mm&r=g\",\"url\":\"https:\\\/\\\/secure.gravatar.com\\\/avatar\\\/7ce1f28c0c3bbac99ff550b85ef8e44a6950c6ee24514fb6a5489e51d06f0298?s=96&d=mm&r=g\",\"contentUrl\":\"https:\\\/\\\/secure.gravatar.com\\\/avatar\\\/7ce1f28c0c3bbac99ff550b85ef8e44a6950c6ee24514fb6a5489e51d06f0298?s=96&d=mm&r=g\",\"caption\":\"webdo.tn\"},\"url\":\"https:\\\/\\\/www.webdo.tn\\\/fr\\\/actualite\\\/author\\\/webdotn\\\/\"}]}<\/script>\n<!-- \/ Yoast SEO Premium plugin. -->","yoast_head_json":{"title":"L\u2019information publique menac\u00e9e par Ennahdha\u00a0: la tentation \u00ab\u00a0berlusconienne\u00a0\u00bb\u00a0!","description":"L\u2019information publique menac\u00e9e par Ennahdha\u00a0: la tentation \u00ab\u00a0berlusconienne\u00a0\u00bb\u00a0!","canonical":"https:\/\/www.webdo.tn\/fr\/actualite\/national-45\/l-information-publique-menacee-par-ennahdha-la-tentation-berlusconienne\/172016\/","og_locale":"fr_FR","og_type":"article","og_title":"L\u2019information publique menac\u00e9e par Ennahdha\u00a0: la tentation \u00ab\u00a0berlusconienne\u00a0\u00bb\u00a0!","og_description":"L\u2019information publique menac\u00e9e par Ennahdha\u00a0: la tentation \u00ab\u00a0berlusconienne\u00a0\u00bb\u00a0!","og_url":"https:\/\/www.webdo.tn\/fr\/actualite\/national-45\/l-information-publique-menacee-par-ennahdha-la-tentation-berlusconienne\/172016\/","og_site_name":"webdo","article_publisher":"https:\/\/www.facebook.com\/webdotn","article_published_time":"2012-04-22T18:24:00+00:00","og_image":[{"width":456,"height":183,"url":"https:\/\/www.webdo.tn\/fr\/wp-content\/uploads\/2012\/04\/Silvio-Berlusconi-Rached-Ghannouchi.jpg","type":"image\/jpeg"}],"author":"webdo.tn","twitter_card":"summary_large_image","twitter_creator":"@webdo_tn","twitter_site":"@webdo_tn","twitter_misc":{"\u00c9crit par":"webdo.tn","Dur\u00e9e de lecture estim\u00e9e":"3 minutes"},"schema":{"@context":"https:\/\/schema.org","@graph":[{"@type":"NewsArticle","@id":"https:\/\/www.webdo.tn\/fr\/actualite\/national-45\/l-information-publique-menacee-par-ennahdha-la-tentation-berlusconienne\/172016\/#article","isPartOf":{"@id":"https:\/\/www.webdo.tn\/fr\/actualite\/national-45\/l-information-publique-menacee-par-ennahdha-la-tentation-berlusconienne\/172016\/"},"author":{"name":"webdo.tn","@id":"https:\/\/www.webdo.tn\/fr\/#\/schema\/person\/9a9c6118d687c117df8ef3cc36a4d175"},"headline":"L\u2019information publique menac\u00e9e par Ennahdha\u00a0: la tentation \u00ab\u00a0berlusconienne\u00a0\u00bb\u00a0!","datePublished":"2012-04-22T18:24:00+00:00","mainEntityOfPage":{"@id":"https:\/\/www.webdo.tn\/fr\/actualite\/national-45\/l-information-publique-menacee-par-ennahdha-la-tentation-berlusconienne\/172016\/"},"wordCount":518,"commentCount":0,"publisher":{"@id":"https:\/\/www.webdo.tn\/fr\/#organization"},"image":{"@id":"https:\/\/www.webdo.tn\/fr\/actualite\/national-45\/l-information-publique-menacee-par-ennahdha-la-tentation-berlusconienne\/172016\/#primaryimage"},"thumbnailUrl":"https:\/\/www.webdo.tn\/fr\/wp-content\/uploads\/2012\/04\/Silvio-Berlusconi-Rached-Ghannouchi.jpg","keywords":["guerre"],"articleSection":["National"],"inLanguage":"fr-FR"},{"@type":"WebPage","@id":"https:\/\/www.webdo.tn\/fr\/actualite\/national-45\/l-information-publique-menacee-par-ennahdha-la-tentation-berlusconienne\/172016\/","url":"https:\/\/www.webdo.tn\/fr\/actualite\/national-45\/l-information-publique-menacee-par-ennahdha-la-tentation-berlusconienne\/172016\/","name":"L\u2019information publique menac\u00e9e par Ennahdha\u00a0: la tentation \u00ab\u00a0berlusconienne\u00a0\u00bb\u00a0!","isPartOf":{"@id":"https:\/\/www.webdo.tn\/fr\/#website"},"primaryImageOfPage":{"@id":"https:\/\/www.webdo.tn\/fr\/actualite\/national-45\/l-information-publique-menacee-par-ennahdha-la-tentation-berlusconienne\/172016\/#primaryimage"},"image":{"@id":"https:\/\/www.webdo.tn\/fr\/actualite\/national-45\/l-information-publique-menacee-par-ennahdha-la-tentation-berlusconienne\/172016\/#primaryimage"},"thumbnailUrl":"https:\/\/www.webdo.tn\/fr\/wp-content\/uploads\/2012\/04\/Silvio-Berlusconi-Rached-Ghannouchi.jpg","datePublished":"2012-04-22T18:24:00+00:00","description":"L\u2019information publique menac\u00e9e par Ennahdha\u00a0: la tentation \u00ab\u00a0berlusconienne\u00a0\u00bb\u00a0!","breadcrumb":{"@id":"https:\/\/www.webdo.tn\/fr\/actualite\/national-45\/l-information-publique-menacee-par-ennahdha-la-tentation-berlusconienne\/172016\/#breadcrumb"},"inLanguage":"fr-FR","potentialAction":[{"@type":"ReadAction","target":["https:\/\/www.webdo.tn\/fr\/actualite\/national-45\/l-information-publique-menacee-par-ennahdha-la-tentation-berlusconienne\/172016\/"]}]},{"@type":"ImageObject","inLanguage":"fr-FR","@id":"https:\/\/www.webdo.tn\/fr\/actualite\/national-45\/l-information-publique-menacee-par-ennahdha-la-tentation-berlusconienne\/172016\/#primaryimage","url":"https:\/\/www.webdo.tn\/fr\/wp-content\/uploads\/2012\/04\/Silvio-Berlusconi-Rached-Ghannouchi.jpg","contentUrl":"https:\/\/www.webdo.tn\/fr\/wp-content\/uploads\/2012\/04\/Silvio-Berlusconi-Rached-Ghannouchi.jpg","width":456,"height":183,"caption":"L\u2019information publique menac\u00e9e par Ennahdha\u00a0: la tentation \u00ab\u00a0berlusconienne\u00a0\u00bb\u00a0!"},{"@type":"BreadcrumbList","@id":"https:\/\/www.webdo.tn\/fr\/actualite\/national-45\/l-information-publique-menacee-par-ennahdha-la-tentation-berlusconienne\/172016\/#breadcrumb","itemListElement":[{"@type":"ListItem","position":1,"name":"Accueil","item":"https:\/\/www.webdo.tn\/fr\/"},{"@type":"ListItem","position":2,"name":"L\u2019information publique menac\u00e9e par Ennahdha\u00a0: la tentation \u00ab\u00a0berlusconienne\u00a0\u00bb\u00a0!"}]},{"@type":"WebSite","@id":"https:\/\/www.webdo.tn\/fr\/#website","url":"https:\/\/www.webdo.tn\/fr\/","name":"webdo","description":"Tunisie - News en Tunisie et \u00e0 l&#039;international sur Webdo.tn","publisher":{"@id":"https:\/\/www.webdo.tn\/fr\/#organization"},"potentialAction":[{"@type":"SearchAction","target":{"@type":"EntryPoint","urlTemplate":"https:\/\/www.webdo.tn\/fr\/?s={search_term_string}"},"query-input":{"@type":"PropertyValueSpecification","valueRequired":true,"valueName":"search_term_string"}}],"inLanguage":"fr-FR"},{"@type":"Organization","@id":"https:\/\/www.webdo.tn\/fr\/#organization","name":"Webdo","alternateName":"Webdo.tn","url":"https:\/\/www.webdo.tn\/fr\/","logo":{"@type":"ImageObject","inLanguage":"fr-FR","@id":"https:\/\/www.webdo.tn\/fr\/#\/schema\/logo\/image\/","url":"https:\/\/www.webdo.tn\/fr\/wp-content\/uploads\/2025\/06\/Webdo-Tunisie_168377.jpg","contentUrl":"https:\/\/www.webdo.tn\/fr\/wp-content\/uploads\/2025\/06\/Webdo-Tunisie_168377.jpg","width":301,"height":301,"caption":"Webdo"},"image":{"@id":"https:\/\/www.webdo.tn\/fr\/#\/schema\/logo\/image\/"},"sameAs":["https:\/\/www.facebook.com\/webdotn","https:\/\/x.com\/webdo_tn"],"description":"Webdo est un m\u00e9dia num\u00e9rique tunisien fond\u00e9 en 2010, sp\u00e9cialis\u00e9 dans l\u2019actualit\u00e9 nationale et internationale, l\u2019\u00e9conomie, la soci\u00e9t\u00e9 et les analyses politiques. Le site s\u2019adresse \u00e0 un large public francophone et couvre l\u2019information tunisienne en temps r\u00e9el.","email":"redac@webdo.tn","legalName":"YNJ SARL","foundingDate":"2010-09-06","numberOfEmployees":{"@type":"QuantitativeValue","minValue":"11","maxValue":"50"}},{"@type":"Person","@id":"https:\/\/www.webdo.tn\/fr\/#\/schema\/person\/9a9c6118d687c117df8ef3cc36a4d175","name":"webdo.tn","image":{"@type":"ImageObject","inLanguage":"fr-FR","@id":"https:\/\/secure.gravatar.com\/avatar\/7ce1f28c0c3bbac99ff550b85ef8e44a6950c6ee24514fb6a5489e51d06f0298?s=96&d=mm&r=g","url":"https:\/\/secure.gravatar.com\/avatar\/7ce1f28c0c3bbac99ff550b85ef8e44a6950c6ee24514fb6a5489e51d06f0298?s=96&d=mm&r=g","contentUrl":"https:\/\/secure.gravatar.com\/avatar\/7ce1f28c0c3bbac99ff550b85ef8e44a6950c6ee24514fb6a5489e51d06f0298?s=96&d=mm&r=g","caption":"webdo.tn"},"url":"https:\/\/www.webdo.tn\/fr\/actualite\/author\/webdotn\/"}]}},"_links":{"self":[{"href":"https:\/\/www.webdo.tn\/fr\/wp-json\/wp\/v2\/posts\/172016","targetHints":{"allow":["GET"]}}],"collection":[{"href":"https:\/\/www.webdo.tn\/fr\/wp-json\/wp\/v2\/posts"}],"about":[{"href":"https:\/\/www.webdo.tn\/fr\/wp-json\/wp\/v2\/types\/post"}],"author":[{"embeddable":true,"href":"https:\/\/www.webdo.tn\/fr\/wp-json\/wp\/v2\/users\/3222"}],"replies":[{"embeddable":true,"href":"https:\/\/www.webdo.tn\/fr\/wp-json\/wp\/v2\/comments?post=172016"}],"version-history":[{"count":0,"href":"https:\/\/www.webdo.tn\/fr\/wp-json\/wp\/v2\/posts\/172016\/revisions"}],"wp:featuredmedia":[{"embeddable":true,"href":"https:\/\/www.webdo.tn\/fr\/wp-json\/wp\/v2\/media\/334118"}],"wp:attachment":[{"href":"https:\/\/www.webdo.tn\/fr\/wp-json\/wp\/v2\/media?parent=172016"}],"wp:term":[{"taxonomy":"category","embeddable":true,"href":"https:\/\/www.webdo.tn\/fr\/wp-json\/wp\/v2\/categories?post=172016"},{"taxonomy":"post_tag","embeddable":true,"href":"https:\/\/www.webdo.tn\/fr\/wp-json\/wp\/v2\/tags?post=172016"}],"curies":[{"name":"wp","href":"https:\/\/api.w.org\/{rel}","templated":true}]}}