{"id":172013,"date":"2012-04-23T15:25:00","date_gmt":"2012-04-23T15:25:00","guid":{"rendered":"https:\/\/www.webdo.tn\/fr\/blog\/canada-belhassen-trabelsi-na-pas-assiste-a-son-audience\/172013\/"},"modified":"2012-04-23T15:25:00","modified_gmt":"2012-04-23T15:25:00","slug":"canada-belhassen-trabelsi-na-pas-assiste-a-son-audience","status":"publish","type":"post","link":"https:\/\/www.webdo.tn\/fr\/actualite\/national\/canada-belhassen-trabelsi-na-pas-assiste-a-son-audience\/172013\/","title":{"rendered":"Canada : Belhassen Trabelsi n&rsquo;a pas assist\u00e9 \u00e0 son audience"},"content":{"rendered":"<p>Belhassen Trabelsi n&rsquo;a pas comparu aujourd&rsquo;hui, 23 avril 2012, devant la Commission de l&rsquo;Immigration et du statut de r\u00e9fugi\u00e9, nous apprend notre correspondante \u00e0 Montr\u00e9al, Bochra Ben Youssef. Ses avocats Norton H. Segal et St\u00e9phanie Valois ont fait savoir \u00e0 la Commission que, pour des raisons de s\u00e9curit\u00e9, leur client, Belhassen Trabelsi, et sa famille, ne peuvent pas assister \u00e0 l&rsquo;audience.<\/p>\n<p>Rappelons que, le 27 janvier 2011, Belhassen Trabelsi, avait perdu son statut de r\u00e9sident permanent. En effet, il \u00abn&rsquo;aurait pas respect\u00e9 certaines conditions, comme celle de s\u00e9journer au pays pendant au moins deux ans sur une p\u00e9riode de cinq ans\u00bb. Deux jours apr\u00e8s, Belhassen avait r\u00e9clam\u00e9 le statut de r\u00e9fugi\u00e9 politique.<\/p>\n<p>Il est \u00e0 noter \u00e9galement que la Tunisie a exig\u00e9 l&rsquo;extradition de B.T. . Ce dernier est condamn\u00e9 \u00e0 au moins 15 ans de prison par contumace par le tribunal de Tunis.<\/p>\n<p>Les Tunisiens attendaient avec impatience de voir l\u2019audience de ce grand mafieux, plus d\u2019une ann\u00e9e apr\u00e8s sa fuite au Canada. La commission avait m\u00eame am\u00e9nag\u00e9, pour l\u2019occasion, une salle pour visionner l\u2019audience, pouvant supporter jusqu&rsquo;\u00e0 60 personnes. Mais Belhassen Trabelsi s\u2019est faufil\u00e9.<\/p>\n<p>La commission devrait se prononcer aujourd&rsquo;hui pour savoir si BT \u00e0 le droit de profiter du statut de r\u00e9fugi\u00e9 politique.<\/p>\n","protected":false},"excerpt":{"rendered":"<p>Canada : Belhassen Trabelsi n&rsquo;a pas assist\u00e9 \u00e0 son audience<\/p>\n","protected":false},"author":3222,"featured_media":333615,"comment_status":"open","ping_status":"closed","sticky":false,"template":"","format":"standard","meta":{"footnotes":""},"categories":[44],"tags":[2600],"class_list":["post-172013","post","type-post","status-publish","format-standard","has-post-thumbnail","hentry","category-national","tag-guerre"],"yoast_head":"<!-- This site is optimized with the Yoast SEO Premium plugin v27.5 (Yoast SEO v27.5) - https:\/\/yoast.com\/product\/yoast-seo-premium-wordpress\/ -->\n<title>Canada : Belhassen Trabelsi n&#039;a pas assist\u00e9 \u00e0 son audience<\/title>\n<meta name=\"description\" content=\"Canada : Belhassen Trabelsi n&#039;a pas assist\u00e9 \u00e0 son audience\" \/>\n<link rel=\"canonical\" href=\"https:\/\/www.webdo.tn\/fr\/actualite\/national-45\/canada-belhassen-trabelsi-na-pas-assiste-a-son-audience\/172013\/\" \/>\n<meta property=\"og:locale\" content=\"fr_FR\" \/>\n<meta property=\"og:type\" content=\"article\" \/>\n<meta property=\"og:title\" content=\"Canada : Belhassen Trabelsi n&#039;a pas assist\u00e9 \u00e0 son audience\" \/>\n<meta property=\"og:description\" content=\"Canada : Belhassen Trabelsi n&#039;a pas assist\u00e9 \u00e0 son audience\" \/>\n<meta property=\"og:url\" content=\"https:\/\/www.webdo.tn\/fr\/actualite\/national-45\/canada-belhassen-trabelsi-na-pas-assiste-a-son-audience\/172013\/\" \/>\n<meta property=\"og:site_name\" content=\"webdo\" \/>\n<meta property=\"article:publisher\" content=\"https:\/\/www.facebook.com\/webdotn\" \/>\n<meta property=\"article:published_time\" content=\"2012-04-23T15:25:00+00:00\" \/>\n<meta property=\"og:image\" content=\"https:\/\/www.webdo.tn\/fr\/wp-content\/uploads\/2012\/04\/belhassen.jpg\" \/>\n\t<meta property=\"og:image:width\" content=\"664\" \/>\n\t<meta property=\"og:image:height\" content=\"373\" \/>\n\t<meta property=\"og:image:type\" content=\"image\/jpeg\" \/>\n<meta name=\"author\" content=\"webdo.tn\" \/>\n<meta name=\"twitter:card\" content=\"summary_large_image\" \/>\n<meta name=\"twitter:creator\" content=\"@webdo_tn\" \/>\n<meta name=\"twitter:site\" content=\"@webdo_tn\" \/>\n<meta name=\"twitter:label1\" content=\"\u00c9crit par\" \/>\n\t<meta name=\"twitter:data1\" content=\"webdo.tn\" \/>\n\t<meta name=\"twitter:label2\" content=\"Dur\u00e9e de lecture estim\u00e9e\" \/>\n\t<meta name=\"twitter:data2\" content=\"1 minute\" \/>\n<script type=\"application\/ld+json\" class=\"yoast-schema-graph\">{\"@context\":\"https:\\\/\\\/schema.org\",\"@graph\":[{\"@type\":\"NewsArticle\",\"@id\":\"https:\\\/\\\/www.webdo.tn\\\/fr\\\/actualite\\\/national-45\\\/canada-belhassen-trabelsi-na-pas-assiste-a-son-audience\\\/172013\\\/#article\",\"isPartOf\":{\"@id\":\"https:\\\/\\\/www.webdo.tn\\\/fr\\\/actualite\\\/national-45\\\/canada-belhassen-trabelsi-na-pas-assiste-a-son-audience\\\/172013\\\/\"},\"author\":{\"name\":\"webdo.tn\",\"@id\":\"https:\\\/\\\/www.webdo.tn\\\/fr\\\/#\\\/schema\\\/person\\\/9a9c6118d687c117df8ef3cc36a4d175\"},\"headline\":\"Canada : Belhassen Trabelsi n&rsquo;a pas assist\u00e9 \u00e0 son audience\",\"datePublished\":\"2012-04-23T15:25:00+00:00\",\"mainEntityOfPage\":{\"@id\":\"https:\\\/\\\/www.webdo.tn\\\/fr\\\/actualite\\\/national-45\\\/canada-belhassen-trabelsi-na-pas-assiste-a-son-audience\\\/172013\\\/\"},\"wordCount\":230,\"commentCount\":0,\"publisher\":{\"@id\":\"https:\\\/\\\/www.webdo.tn\\\/fr\\\/#organization\"},\"image\":{\"@id\":\"https:\\\/\\\/www.webdo.tn\\\/fr\\\/actualite\\\/national-45\\\/canada-belhassen-trabelsi-na-pas-assiste-a-son-audience\\\/172013\\\/#primaryimage\"},\"thumbnailUrl\":\"https:\\\/\\\/www.webdo.tn\\\/fr\\\/wp-content\\\/uploads\\\/2012\\\/04\\\/belhassen.jpg\",\"keywords\":[\"guerre\"],\"articleSection\":[\"National\"],\"inLanguage\":\"fr-FR\"},{\"@type\":\"WebPage\",\"@id\":\"https:\\\/\\\/www.webdo.tn\\\/fr\\\/actualite\\\/national-45\\\/canada-belhassen-trabelsi-na-pas-assiste-a-son-audience\\\/172013\\\/\",\"url\":\"https:\\\/\\\/www.webdo.tn\\\/fr\\\/actualite\\\/national-45\\\/canada-belhassen-trabelsi-na-pas-assiste-a-son-audience\\\/172013\\\/\",\"name\":\"Canada : Belhassen Trabelsi n'a pas assist\u00e9 \u00e0 son audience\",\"isPartOf\":{\"@id\":\"https:\\\/\\\/www.webdo.tn\\\/fr\\\/#website\"},\"primaryImageOfPage\":{\"@id\":\"https:\\\/\\\/www.webdo.tn\\\/fr\\\/actualite\\\/national-45\\\/canada-belhassen-trabelsi-na-pas-assiste-a-son-audience\\\/172013\\\/#primaryimage\"},\"image\":{\"@id\":\"https:\\\/\\\/www.webdo.tn\\\/fr\\\/actualite\\\/national-45\\\/canada-belhassen-trabelsi-na-pas-assiste-a-son-audience\\\/172013\\\/#primaryimage\"},\"thumbnailUrl\":\"https:\\\/\\\/www.webdo.tn\\\/fr\\\/wp-content\\\/uploads\\\/2012\\\/04\\\/belhassen.jpg\",\"datePublished\":\"2012-04-23T15:25:00+00:00\",\"description\":\"Canada : Belhassen Trabelsi n'a pas assist\u00e9 \u00e0 son audience\",\"breadcrumb\":{\"@id\":\"https:\\\/\\\/www.webdo.tn\\\/fr\\\/actualite\\\/national-45\\\/canada-belhassen-trabelsi-na-pas-assiste-a-son-audience\\\/172013\\\/#breadcrumb\"},\"inLanguage\":\"fr-FR\",\"potentialAction\":[{\"@type\":\"ReadAction\",\"target\":[\"https:\\\/\\\/www.webdo.tn\\\/fr\\\/actualite\\\/national-45\\\/canada-belhassen-trabelsi-na-pas-assiste-a-son-audience\\\/172013\\\/\"]}]},{\"@type\":\"ImageObject\",\"inLanguage\":\"fr-FR\",\"@id\":\"https:\\\/\\\/www.webdo.tn\\\/fr\\\/actualite\\\/national-45\\\/canada-belhassen-trabelsi-na-pas-assiste-a-son-audience\\\/172013\\\/#primaryimage\",\"url\":\"https:\\\/\\\/www.webdo.tn\\\/fr\\\/wp-content\\\/uploads\\\/2012\\\/04\\\/belhassen.jpg\",\"contentUrl\":\"https:\\\/\\\/www.webdo.tn\\\/fr\\\/wp-content\\\/uploads\\\/2012\\\/04\\\/belhassen.jpg\",\"width\":664,\"height\":373,\"caption\":\"Canada : Belhassen Trabelsi n'a pas assist\u00e9 \u00e0 son audience\"},{\"@type\":\"BreadcrumbList\",\"@id\":\"https:\\\/\\\/www.webdo.tn\\\/fr\\\/actualite\\\/national-45\\\/canada-belhassen-trabelsi-na-pas-assiste-a-son-audience\\\/172013\\\/#breadcrumb\",\"itemListElement\":[{\"@type\":\"ListItem\",\"position\":1,\"name\":\"Accueil\",\"item\":\"https:\\\/\\\/www.webdo.tn\\\/fr\\\/\"},{\"@type\":\"ListItem\",\"position\":2,\"name\":\"Canada : Belhassen Trabelsi n&rsquo;a pas assist\u00e9 \u00e0 son audience\"}]},{\"@type\":\"WebSite\",\"@id\":\"https:\\\/\\\/www.webdo.tn\\\/fr\\\/#website\",\"url\":\"https:\\\/\\\/www.webdo.tn\\\/fr\\\/\",\"name\":\"webdo\",\"description\":\"Tunisie - News en Tunisie et \u00e0 l&#039;international sur Webdo.tn\",\"publisher\":{\"@id\":\"https:\\\/\\\/www.webdo.tn\\\/fr\\\/#organization\"},\"potentialAction\":[{\"@type\":\"SearchAction\",\"target\":{\"@type\":\"EntryPoint\",\"urlTemplate\":\"https:\\\/\\\/www.webdo.tn\\\/fr\\\/?s={search_term_string}\"},\"query-input\":{\"@type\":\"PropertyValueSpecification\",\"valueRequired\":true,\"valueName\":\"search_term_string\"}}],\"inLanguage\":\"fr-FR\"},{\"@type\":\"Organization\",\"@id\":\"https:\\\/\\\/www.webdo.tn\\\/fr\\\/#organization\",\"name\":\"Webdo\",\"alternateName\":\"Webdo.tn\",\"url\":\"https:\\\/\\\/www.webdo.tn\\\/fr\\\/\",\"logo\":{\"@type\":\"ImageObject\",\"inLanguage\":\"fr-FR\",\"@id\":\"https:\\\/\\\/www.webdo.tn\\\/fr\\\/#\\\/schema\\\/logo\\\/image\\\/\",\"url\":\"https:\\\/\\\/www.webdo.tn\\\/fr\\\/wp-content\\\/uploads\\\/2025\\\/06\\\/Webdo-Tunisie_168377.jpg\",\"contentUrl\":\"https:\\\/\\\/www.webdo.tn\\\/fr\\\/wp-content\\\/uploads\\\/2025\\\/06\\\/Webdo-Tunisie_168377.jpg\",\"width\":301,\"height\":301,\"caption\":\"Webdo\"},\"image\":{\"@id\":\"https:\\\/\\\/www.webdo.tn\\\/fr\\\/#\\\/schema\\\/logo\\\/image\\\/\"},\"sameAs\":[\"https:\\\/\\\/www.facebook.com\\\/webdotn\",\"https:\\\/\\\/x.com\\\/webdo_tn\"],\"description\":\"Webdo est un m\u00e9dia num\u00e9rique tunisien fond\u00e9 en 2010, sp\u00e9cialis\u00e9 dans l\u2019actualit\u00e9 nationale et internationale, l\u2019\u00e9conomie, la soci\u00e9t\u00e9 et les analyses politiques. Le site s\u2019adresse \u00e0 un large public francophone et couvre l\u2019information tunisienne en temps r\u00e9el.\",\"email\":\"redac@webdo.tn\",\"legalName\":\"YNJ SARL\",\"foundingDate\":\"2010-09-06\",\"numberOfEmployees\":{\"@type\":\"QuantitativeValue\",\"minValue\":\"11\",\"maxValue\":\"50\"}},{\"@type\":\"Person\",\"@id\":\"https:\\\/\\\/www.webdo.tn\\\/fr\\\/#\\\/schema\\\/person\\\/9a9c6118d687c117df8ef3cc36a4d175\",\"name\":\"webdo.tn\",\"image\":{\"@type\":\"ImageObject\",\"inLanguage\":\"fr-FR\",\"@id\":\"https:\\\/\\\/secure.gravatar.com\\\/avatar\\\/7ce1f28c0c3bbac99ff550b85ef8e44a6950c6ee24514fb6a5489e51d06f0298?s=96&d=mm&r=g\",\"url\":\"https:\\\/\\\/secure.gravatar.com\\\/avatar\\\/7ce1f28c0c3bbac99ff550b85ef8e44a6950c6ee24514fb6a5489e51d06f0298?s=96&d=mm&r=g\",\"contentUrl\":\"https:\\\/\\\/secure.gravatar.com\\\/avatar\\\/7ce1f28c0c3bbac99ff550b85ef8e44a6950c6ee24514fb6a5489e51d06f0298?s=96&d=mm&r=g\",\"caption\":\"webdo.tn\"},\"url\":\"https:\\\/\\\/www.webdo.tn\\\/fr\\\/actualite\\\/author\\\/webdotn\\\/\"}]}<\/script>\n<!-- \/ Yoast SEO Premium plugin. -->","yoast_head_json":{"title":"Canada : Belhassen Trabelsi n'a pas assist\u00e9 \u00e0 son audience","description":"Canada : Belhassen Trabelsi n'a pas assist\u00e9 \u00e0 son audience","canonical":"https:\/\/www.webdo.tn\/fr\/actualite\/national-45\/canada-belhassen-trabelsi-na-pas-assiste-a-son-audience\/172013\/","og_locale":"fr_FR","og_type":"article","og_title":"Canada : Belhassen Trabelsi n'a pas assist\u00e9 \u00e0 son audience","og_description":"Canada : Belhassen Trabelsi n'a pas assist\u00e9 \u00e0 son audience","og_url":"https:\/\/www.webdo.tn\/fr\/actualite\/national-45\/canada-belhassen-trabelsi-na-pas-assiste-a-son-audience\/172013\/","og_site_name":"webdo","article_publisher":"https:\/\/www.facebook.com\/webdotn","article_published_time":"2012-04-23T15:25:00+00:00","og_image":[{"width":664,"height":373,"url":"https:\/\/www.webdo.tn\/fr\/wp-content\/uploads\/2012\/04\/belhassen.jpg","type":"image\/jpeg"}],"author":"webdo.tn","twitter_card":"summary_large_image","twitter_creator":"@webdo_tn","twitter_site":"@webdo_tn","twitter_misc":{"\u00c9crit par":"webdo.tn","Dur\u00e9e de lecture estim\u00e9e":"1 minute"},"schema":{"@context":"https:\/\/schema.org","@graph":[{"@type":"NewsArticle","@id":"https:\/\/www.webdo.tn\/fr\/actualite\/national-45\/canada-belhassen-trabelsi-na-pas-assiste-a-son-audience\/172013\/#article","isPartOf":{"@id":"https:\/\/www.webdo.tn\/fr\/actualite\/national-45\/canada-belhassen-trabelsi-na-pas-assiste-a-son-audience\/172013\/"},"author":{"name":"webdo.tn","@id":"https:\/\/www.webdo.tn\/fr\/#\/schema\/person\/9a9c6118d687c117df8ef3cc36a4d175"},"headline":"Canada : Belhassen Trabelsi n&rsquo;a pas assist\u00e9 \u00e0 son audience","datePublished":"2012-04-23T15:25:00+00:00","mainEntityOfPage":{"@id":"https:\/\/www.webdo.tn\/fr\/actualite\/national-45\/canada-belhassen-trabelsi-na-pas-assiste-a-son-audience\/172013\/"},"wordCount":230,"commentCount":0,"publisher":{"@id":"https:\/\/www.webdo.tn\/fr\/#organization"},"image":{"@id":"https:\/\/www.webdo.tn\/fr\/actualite\/national-45\/canada-belhassen-trabelsi-na-pas-assiste-a-son-audience\/172013\/#primaryimage"},"thumbnailUrl":"https:\/\/www.webdo.tn\/fr\/wp-content\/uploads\/2012\/04\/belhassen.jpg","keywords":["guerre"],"articleSection":["National"],"inLanguage":"fr-FR"},{"@type":"WebPage","@id":"https:\/\/www.webdo.tn\/fr\/actualite\/national-45\/canada-belhassen-trabelsi-na-pas-assiste-a-son-audience\/172013\/","url":"https:\/\/www.webdo.tn\/fr\/actualite\/national-45\/canada-belhassen-trabelsi-na-pas-assiste-a-son-audience\/172013\/","name":"Canada : Belhassen Trabelsi n'a pas assist\u00e9 \u00e0 son audience","isPartOf":{"@id":"https:\/\/www.webdo.tn\/fr\/#website"},"primaryImageOfPage":{"@id":"https:\/\/www.webdo.tn\/fr\/actualite\/national-45\/canada-belhassen-trabelsi-na-pas-assiste-a-son-audience\/172013\/#primaryimage"},"image":{"@id":"https:\/\/www.webdo.tn\/fr\/actualite\/national-45\/canada-belhassen-trabelsi-na-pas-assiste-a-son-audience\/172013\/#primaryimage"},"thumbnailUrl":"https:\/\/www.webdo.tn\/fr\/wp-content\/uploads\/2012\/04\/belhassen.jpg","datePublished":"2012-04-23T15:25:00+00:00","description":"Canada : Belhassen Trabelsi n'a pas assist\u00e9 \u00e0 son audience","breadcrumb":{"@id":"https:\/\/www.webdo.tn\/fr\/actualite\/national-45\/canada-belhassen-trabelsi-na-pas-assiste-a-son-audience\/172013\/#breadcrumb"},"inLanguage":"fr-FR","potentialAction":[{"@type":"ReadAction","target":["https:\/\/www.webdo.tn\/fr\/actualite\/national-45\/canada-belhassen-trabelsi-na-pas-assiste-a-son-audience\/172013\/"]}]},{"@type":"ImageObject","inLanguage":"fr-FR","@id":"https:\/\/www.webdo.tn\/fr\/actualite\/national-45\/canada-belhassen-trabelsi-na-pas-assiste-a-son-audience\/172013\/#primaryimage","url":"https:\/\/www.webdo.tn\/fr\/wp-content\/uploads\/2012\/04\/belhassen.jpg","contentUrl":"https:\/\/www.webdo.tn\/fr\/wp-content\/uploads\/2012\/04\/belhassen.jpg","width":664,"height":373,"caption":"Canada : Belhassen Trabelsi n'a pas assist\u00e9 \u00e0 son audience"},{"@type":"BreadcrumbList","@id":"https:\/\/www.webdo.tn\/fr\/actualite\/national-45\/canada-belhassen-trabelsi-na-pas-assiste-a-son-audience\/172013\/#breadcrumb","itemListElement":[{"@type":"ListItem","position":1,"name":"Accueil","item":"https:\/\/www.webdo.tn\/fr\/"},{"@type":"ListItem","position":2,"name":"Canada : Belhassen Trabelsi n&rsquo;a pas assist\u00e9 \u00e0 son audience"}]},{"@type":"WebSite","@id":"https:\/\/www.webdo.tn\/fr\/#website","url":"https:\/\/www.webdo.tn\/fr\/","name":"webdo","description":"Tunisie - News en Tunisie et \u00e0 l&#039;international sur Webdo.tn","publisher":{"@id":"https:\/\/www.webdo.tn\/fr\/#organization"},"potentialAction":[{"@type":"SearchAction","target":{"@type":"EntryPoint","urlTemplate":"https:\/\/www.webdo.tn\/fr\/?s={search_term_string}"},"query-input":{"@type":"PropertyValueSpecification","valueRequired":true,"valueName":"search_term_string"}}],"inLanguage":"fr-FR"},{"@type":"Organization","@id":"https:\/\/www.webdo.tn\/fr\/#organization","name":"Webdo","alternateName":"Webdo.tn","url":"https:\/\/www.webdo.tn\/fr\/","logo":{"@type":"ImageObject","inLanguage":"fr-FR","@id":"https:\/\/www.webdo.tn\/fr\/#\/schema\/logo\/image\/","url":"https:\/\/www.webdo.tn\/fr\/wp-content\/uploads\/2025\/06\/Webdo-Tunisie_168377.jpg","contentUrl":"https:\/\/www.webdo.tn\/fr\/wp-content\/uploads\/2025\/06\/Webdo-Tunisie_168377.jpg","width":301,"height":301,"caption":"Webdo"},"image":{"@id":"https:\/\/www.webdo.tn\/fr\/#\/schema\/logo\/image\/"},"sameAs":["https:\/\/www.facebook.com\/webdotn","https:\/\/x.com\/webdo_tn"],"description":"Webdo est un m\u00e9dia num\u00e9rique tunisien fond\u00e9 en 2010, sp\u00e9cialis\u00e9 dans l\u2019actualit\u00e9 nationale et internationale, l\u2019\u00e9conomie, la soci\u00e9t\u00e9 et les analyses politiques. Le site s\u2019adresse \u00e0 un large public francophone et couvre l\u2019information tunisienne en temps r\u00e9el.","email":"redac@webdo.tn","legalName":"YNJ SARL","foundingDate":"2010-09-06","numberOfEmployees":{"@type":"QuantitativeValue","minValue":"11","maxValue":"50"}},{"@type":"Person","@id":"https:\/\/www.webdo.tn\/fr\/#\/schema\/person\/9a9c6118d687c117df8ef3cc36a4d175","name":"webdo.tn","image":{"@type":"ImageObject","inLanguage":"fr-FR","@id":"https:\/\/secure.gravatar.com\/avatar\/7ce1f28c0c3bbac99ff550b85ef8e44a6950c6ee24514fb6a5489e51d06f0298?s=96&d=mm&r=g","url":"https:\/\/secure.gravatar.com\/avatar\/7ce1f28c0c3bbac99ff550b85ef8e44a6950c6ee24514fb6a5489e51d06f0298?s=96&d=mm&r=g","contentUrl":"https:\/\/secure.gravatar.com\/avatar\/7ce1f28c0c3bbac99ff550b85ef8e44a6950c6ee24514fb6a5489e51d06f0298?s=96&d=mm&r=g","caption":"webdo.tn"},"url":"https:\/\/www.webdo.tn\/fr\/actualite\/author\/webdotn\/"}]}},"_links":{"self":[{"href":"https:\/\/www.webdo.tn\/fr\/wp-json\/wp\/v2\/posts\/172013","targetHints":{"allow":["GET"]}}],"collection":[{"href":"https:\/\/www.webdo.tn\/fr\/wp-json\/wp\/v2\/posts"}],"about":[{"href":"https:\/\/www.webdo.tn\/fr\/wp-json\/wp\/v2\/types\/post"}],"author":[{"embeddable":true,"href":"https:\/\/www.webdo.tn\/fr\/wp-json\/wp\/v2\/users\/3222"}],"replies":[{"embeddable":true,"href":"https:\/\/www.webdo.tn\/fr\/wp-json\/wp\/v2\/comments?post=172013"}],"version-history":[{"count":0,"href":"https:\/\/www.webdo.tn\/fr\/wp-json\/wp\/v2\/posts\/172013\/revisions"}],"wp:featuredmedia":[{"embeddable":true,"href":"https:\/\/www.webdo.tn\/fr\/wp-json\/wp\/v2\/media\/333615"}],"wp:attachment":[{"href":"https:\/\/www.webdo.tn\/fr\/wp-json\/wp\/v2\/media?parent=172013"}],"wp:term":[{"taxonomy":"category","embeddable":true,"href":"https:\/\/www.webdo.tn\/fr\/wp-json\/wp\/v2\/categories?post=172013"},{"taxonomy":"post_tag","embeddable":true,"href":"https:\/\/www.webdo.tn\/fr\/wp-json\/wp\/v2\/tags?post=172013"}],"curies":[{"name":"wp","href":"https:\/\/api.w.org\/{rel}","templated":true}]}}