{"id":172011,"date":"2012-04-23T16:55:00","date_gmt":"2012-04-23T16:55:00","guid":{"rendered":"https:\/\/www.webdo.tn\/fr\/blog\/nabil-karoui-je-suis-pret-a-repeter-100-fois-baba-lahnin\/172011\/"},"modified":"2012-04-23T16:55:00","modified_gmt":"2012-04-23T16:55:00","slug":"nabil-karoui-je-suis-pret-a-repeter-100-fois-baba-lahnin","status":"publish","type":"post","link":"https:\/\/www.webdo.tn\/fr\/actualite\/national\/nabil-karoui-je-suis-pret-a-repeter-100-fois-baba-lahnin\/172011\/","title":{"rendered":"Nabil Karoui : \u00ab Je suis pr\u00eat \u00e0 r\u00e9p\u00e9ter 100 fois baba lahnin \u00bb"},"content":{"rendered":"<p>Invit\u00e9 \u00e0 l\u2019\u00e9mission \u00ab La matinale \u00bb de la radio priv\u00e9e Shems FM, Nabil Karoui, le directeur de Nessma TV, devait intervenir, ce matin, sur le proc\u00e8s intent\u00e9 \u00e0 sa cha\u00eene suite la diffusion du film franco-iranien Pers\u00e9polis. Nabil Karoui dit ne pas regretter la projection du film qui reste, selon lui, un \u00ab non-\u00e9v\u00e9nement \u00bb. Il est all\u00e9 jusqu\u2019\u00e0 dire que \u00ab si c\u2019\u00e9tait \u00e0 refaire, je rediffuserais Pers\u00e9polis. \u00bb<\/p>\n<p>Interrog\u00e9 sur ses d\u00e9clarations tenues \u00e0 l\u2019\u00e9gard de Ben Ali et la fameuse expression \u00ab baba lahnin \u00bb, le premier responsable de la cha\u00eene maghr\u00e9bine minimise la question et consid\u00e8re que \u00ab ce n\u2019est tout de m\u00eame pas un crime de prof\u00e9rer une telle expression \u00bb. Nabil Karoui dit assumer enti\u00e8rement ses d\u00e9clarations, et l\u2019expression qu\u2019on lui reproche \u00e9tait une strat\u00e9gie pour pouvoir sauver sa cha\u00eene apr\u00e8s les b\u00e2tons qu\u2019on lui a mis dans les roues.<\/p>\n<p>Cette expression a \u00e9t\u00e9 prononc\u00e9e, explique-t-il, sous la pression de certains ministres : \u00ab Encore une fois, je l\u2019assume et je dois dire que Ben Ali a r\u00e9tabli notre droit, je suis pr\u00eat \u00e0 le r\u00e9p\u00e9ter 100 fois s\u2019il le faut. \u00bb<\/p>\n<p>Le leader de Nessma peut toujours justifier son attitude, mais force est de rappeler ce qu\u2019il avait dit en 2010. Peut-\u00eatre faut-il lui rafra\u00eechir la m\u00e9moire par ces propos qu\u2019on ne croit pas prof\u00e9r\u00e9s sous quelque pression que ce soit : \u00ab Il est extraordinaire Ben Ali\u2026 On est la g\u00e9n\u00e9ration Ben Ali\u2026 Chapeau Ben Ali. \u00bb Ces mots sont rapport\u00e9s par Nawat et leur contexte se rapporte \u00e0 l\u2019existence de cha\u00eenes de radio et de t\u00e9l\u00e9vision priv\u00e9es, ph\u00e9nom\u00e8ne que Nabil Karoui qualifie de \u00ab science-fiction. \u00bb Et le directeur de Nassma de conclure en guise de son all\u00e9geance \u00e0 l\u2019ex-dictateur : \u00ab Chapeau Ben Ali ! \u00bb<\/p>\n<p>D\u00e9cid\u00e9ment, quand la d\u00e9cence fait d\u00e9faut, tout devient permis\u2026<\/p>\n","protected":false},"excerpt":{"rendered":"<p>Nabil Karoui : \u00ab Je suis pr\u00eat \u00e0 r\u00e9p\u00e9ter 100 fois baba lahnin \u00bb<\/p>\n","protected":false},"author":3222,"featured_media":333617,"comment_status":"open","ping_status":"closed","sticky":false,"template":"","format":"standard","meta":{"footnotes":""},"categories":[44],"tags":[2600],"class_list":["post-172011","post","type-post","status-publish","format-standard","has-post-thumbnail","hentry","category-national","tag-guerre"],"yoast_head":"<!-- This site is optimized with the Yoast SEO Premium plugin v27.5 (Yoast SEO v27.5) - https:\/\/yoast.com\/product\/yoast-seo-premium-wordpress\/ -->\n<title>Nabil Karoui : \u00ab Je suis pr\u00eat \u00e0 r\u00e9p\u00e9ter 100 fois baba lahnin \u00bb<\/title>\n<meta name=\"description\" content=\"Nabil Karoui : \u00ab Je suis pr\u00eat \u00e0 r\u00e9p\u00e9ter 100 fois baba lahnin \u00bb\" \/>\n<link rel=\"canonical\" href=\"https:\/\/www.webdo.tn\/fr\/actualite\/national-45\/nabil-karoui-je-suis-pret-a-repeter-100-fois-baba-lahnin\/172011\/\" \/>\n<meta property=\"og:locale\" content=\"fr_FR\" \/>\n<meta property=\"og:type\" content=\"article\" \/>\n<meta property=\"og:title\" content=\"Nabil Karoui : \u00ab Je suis pr\u00eat \u00e0 r\u00e9p\u00e9ter 100 fois baba lahnin \u00bb\" \/>\n<meta property=\"og:description\" content=\"Nabil Karoui : \u00ab Je suis pr\u00eat \u00e0 r\u00e9p\u00e9ter 100 fois baba lahnin \u00bb\" \/>\n<meta property=\"og:url\" content=\"https:\/\/www.webdo.tn\/fr\/actualite\/national-45\/nabil-karoui-je-suis-pret-a-repeter-100-fois-baba-lahnin\/172011\/\" \/>\n<meta property=\"og:site_name\" content=\"webdo\" \/>\n<meta property=\"article:publisher\" content=\"https:\/\/www.facebook.com\/webdotn\" \/>\n<meta property=\"article:published_time\" content=\"2012-04-23T16:55:00+00:00\" \/>\n<meta property=\"og:image\" content=\"https:\/\/www.webdo.tn\/fr\/wp-content\/uploads\/2012\/04\/Nabil-Karoui-photo-topnet.tn_.jpg\" \/>\n\t<meta property=\"og:image:width\" content=\"200\" \/>\n\t<meta property=\"og:image:height\" content=\"237\" \/>\n\t<meta property=\"og:image:type\" content=\"image\/jpeg\" \/>\n<meta name=\"author\" content=\"webdo.tn\" \/>\n<meta name=\"twitter:card\" content=\"summary_large_image\" \/>\n<meta name=\"twitter:creator\" content=\"@webdo_tn\" \/>\n<meta name=\"twitter:site\" content=\"@webdo_tn\" \/>\n<meta name=\"twitter:label1\" content=\"\u00c9crit par\" \/>\n\t<meta name=\"twitter:data1\" content=\"webdo.tn\" \/>\n\t<meta name=\"twitter:label2\" content=\"Dur\u00e9e de lecture estim\u00e9e\" \/>\n\t<meta name=\"twitter:data2\" content=\"2 minutes\" \/>\n<script type=\"application\/ld+json\" class=\"yoast-schema-graph\">{\"@context\":\"https:\\\/\\\/schema.org\",\"@graph\":[{\"@type\":\"NewsArticle\",\"@id\":\"https:\\\/\\\/www.webdo.tn\\\/fr\\\/actualite\\\/national-45\\\/nabil-karoui-je-suis-pret-a-repeter-100-fois-baba-lahnin\\\/172011\\\/#article\",\"isPartOf\":{\"@id\":\"https:\\\/\\\/www.webdo.tn\\\/fr\\\/actualite\\\/national-45\\\/nabil-karoui-je-suis-pret-a-repeter-100-fois-baba-lahnin\\\/172011\\\/\"},\"author\":{\"name\":\"webdo.tn\",\"@id\":\"https:\\\/\\\/www.webdo.tn\\\/fr\\\/#\\\/schema\\\/person\\\/9a9c6118d687c117df8ef3cc36a4d175\"},\"headline\":\"Nabil Karoui : \u00ab Je suis pr\u00eat \u00e0 r\u00e9p\u00e9ter 100 fois baba lahnin \u00bb\",\"datePublished\":\"2012-04-23T16:55:00+00:00\",\"mainEntityOfPage\":{\"@id\":\"https:\\\/\\\/www.webdo.tn\\\/fr\\\/actualite\\\/national-45\\\/nabil-karoui-je-suis-pret-a-repeter-100-fois-baba-lahnin\\\/172011\\\/\"},\"wordCount\":343,\"commentCount\":0,\"publisher\":{\"@id\":\"https:\\\/\\\/www.webdo.tn\\\/fr\\\/#organization\"},\"image\":{\"@id\":\"https:\\\/\\\/www.webdo.tn\\\/fr\\\/actualite\\\/national-45\\\/nabil-karoui-je-suis-pret-a-repeter-100-fois-baba-lahnin\\\/172011\\\/#primaryimage\"},\"thumbnailUrl\":\"https:\\\/\\\/www.webdo.tn\\\/fr\\\/wp-content\\\/uploads\\\/2012\\\/04\\\/Nabil-Karoui-photo-topnet.tn_.jpg\",\"keywords\":[\"guerre\"],\"articleSection\":[\"National\"],\"inLanguage\":\"fr-FR\"},{\"@type\":\"WebPage\",\"@id\":\"https:\\\/\\\/www.webdo.tn\\\/fr\\\/actualite\\\/national-45\\\/nabil-karoui-je-suis-pret-a-repeter-100-fois-baba-lahnin\\\/172011\\\/\",\"url\":\"https:\\\/\\\/www.webdo.tn\\\/fr\\\/actualite\\\/national-45\\\/nabil-karoui-je-suis-pret-a-repeter-100-fois-baba-lahnin\\\/172011\\\/\",\"name\":\"Nabil Karoui : \u00ab Je suis pr\u00eat \u00e0 r\u00e9p\u00e9ter 100 fois baba lahnin \u00bb\",\"isPartOf\":{\"@id\":\"https:\\\/\\\/www.webdo.tn\\\/fr\\\/#website\"},\"primaryImageOfPage\":{\"@id\":\"https:\\\/\\\/www.webdo.tn\\\/fr\\\/actualite\\\/national-45\\\/nabil-karoui-je-suis-pret-a-repeter-100-fois-baba-lahnin\\\/172011\\\/#primaryimage\"},\"image\":{\"@id\":\"https:\\\/\\\/www.webdo.tn\\\/fr\\\/actualite\\\/national-45\\\/nabil-karoui-je-suis-pret-a-repeter-100-fois-baba-lahnin\\\/172011\\\/#primaryimage\"},\"thumbnailUrl\":\"https:\\\/\\\/www.webdo.tn\\\/fr\\\/wp-content\\\/uploads\\\/2012\\\/04\\\/Nabil-Karoui-photo-topnet.tn_.jpg\",\"datePublished\":\"2012-04-23T16:55:00+00:00\",\"description\":\"Nabil Karoui : \u00ab Je suis pr\u00eat \u00e0 r\u00e9p\u00e9ter 100 fois baba lahnin \u00bb\",\"breadcrumb\":{\"@id\":\"https:\\\/\\\/www.webdo.tn\\\/fr\\\/actualite\\\/national-45\\\/nabil-karoui-je-suis-pret-a-repeter-100-fois-baba-lahnin\\\/172011\\\/#breadcrumb\"},\"inLanguage\":\"fr-FR\",\"potentialAction\":[{\"@type\":\"ReadAction\",\"target\":[\"https:\\\/\\\/www.webdo.tn\\\/fr\\\/actualite\\\/national-45\\\/nabil-karoui-je-suis-pret-a-repeter-100-fois-baba-lahnin\\\/172011\\\/\"]}]},{\"@type\":\"ImageObject\",\"inLanguage\":\"fr-FR\",\"@id\":\"https:\\\/\\\/www.webdo.tn\\\/fr\\\/actualite\\\/national-45\\\/nabil-karoui-je-suis-pret-a-repeter-100-fois-baba-lahnin\\\/172011\\\/#primaryimage\",\"url\":\"https:\\\/\\\/www.webdo.tn\\\/fr\\\/wp-content\\\/uploads\\\/2012\\\/04\\\/Nabil-Karoui-photo-topnet.tn_.jpg\",\"contentUrl\":\"https:\\\/\\\/www.webdo.tn\\\/fr\\\/wp-content\\\/uploads\\\/2012\\\/04\\\/Nabil-Karoui-photo-topnet.tn_.jpg\",\"width\":200,\"height\":237,\"caption\":\"Nabil Karoui : \u00ab Je suis pr\u00eat \u00e0 r\u00e9p\u00e9ter 100 fois baba lahnin \u00bb\"},{\"@type\":\"BreadcrumbList\",\"@id\":\"https:\\\/\\\/www.webdo.tn\\\/fr\\\/actualite\\\/national-45\\\/nabil-karoui-je-suis-pret-a-repeter-100-fois-baba-lahnin\\\/172011\\\/#breadcrumb\",\"itemListElement\":[{\"@type\":\"ListItem\",\"position\":1,\"name\":\"Accueil\",\"item\":\"https:\\\/\\\/www.webdo.tn\\\/fr\\\/\"},{\"@type\":\"ListItem\",\"position\":2,\"name\":\"Nabil Karoui : \u00ab Je suis pr\u00eat \u00e0 r\u00e9p\u00e9ter 100 fois baba lahnin \u00bb\"}]},{\"@type\":\"WebSite\",\"@id\":\"https:\\\/\\\/www.webdo.tn\\\/fr\\\/#website\",\"url\":\"https:\\\/\\\/www.webdo.tn\\\/fr\\\/\",\"name\":\"webdo\",\"description\":\"Tunisie - News en Tunisie et \u00e0 l&#039;international sur Webdo.tn\",\"publisher\":{\"@id\":\"https:\\\/\\\/www.webdo.tn\\\/fr\\\/#organization\"},\"potentialAction\":[{\"@type\":\"SearchAction\",\"target\":{\"@type\":\"EntryPoint\",\"urlTemplate\":\"https:\\\/\\\/www.webdo.tn\\\/fr\\\/?s={search_term_string}\"},\"query-input\":{\"@type\":\"PropertyValueSpecification\",\"valueRequired\":true,\"valueName\":\"search_term_string\"}}],\"inLanguage\":\"fr-FR\"},{\"@type\":\"Organization\",\"@id\":\"https:\\\/\\\/www.webdo.tn\\\/fr\\\/#organization\",\"name\":\"Webdo\",\"alternateName\":\"Webdo.tn\",\"url\":\"https:\\\/\\\/www.webdo.tn\\\/fr\\\/\",\"logo\":{\"@type\":\"ImageObject\",\"inLanguage\":\"fr-FR\",\"@id\":\"https:\\\/\\\/www.webdo.tn\\\/fr\\\/#\\\/schema\\\/logo\\\/image\\\/\",\"url\":\"https:\\\/\\\/www.webdo.tn\\\/fr\\\/wp-content\\\/uploads\\\/2025\\\/06\\\/Webdo-Tunisie_168377.jpg\",\"contentUrl\":\"https:\\\/\\\/www.webdo.tn\\\/fr\\\/wp-content\\\/uploads\\\/2025\\\/06\\\/Webdo-Tunisie_168377.jpg\",\"width\":301,\"height\":301,\"caption\":\"Webdo\"},\"image\":{\"@id\":\"https:\\\/\\\/www.webdo.tn\\\/fr\\\/#\\\/schema\\\/logo\\\/image\\\/\"},\"sameAs\":[\"https:\\\/\\\/www.facebook.com\\\/webdotn\",\"https:\\\/\\\/x.com\\\/webdo_tn\"],\"description\":\"Webdo est un m\u00e9dia num\u00e9rique tunisien fond\u00e9 en 2010, sp\u00e9cialis\u00e9 dans l\u2019actualit\u00e9 nationale et internationale, l\u2019\u00e9conomie, la soci\u00e9t\u00e9 et les analyses politiques. Le site s\u2019adresse \u00e0 un large public francophone et couvre l\u2019information tunisienne en temps r\u00e9el.\",\"email\":\"redac@webdo.tn\",\"legalName\":\"YNJ SARL\",\"foundingDate\":\"2010-09-06\",\"numberOfEmployees\":{\"@type\":\"QuantitativeValue\",\"minValue\":\"11\",\"maxValue\":\"50\"}},{\"@type\":\"Person\",\"@id\":\"https:\\\/\\\/www.webdo.tn\\\/fr\\\/#\\\/schema\\\/person\\\/9a9c6118d687c117df8ef3cc36a4d175\",\"name\":\"webdo.tn\",\"image\":{\"@type\":\"ImageObject\",\"inLanguage\":\"fr-FR\",\"@id\":\"https:\\\/\\\/secure.gravatar.com\\\/avatar\\\/7ce1f28c0c3bbac99ff550b85ef8e44a6950c6ee24514fb6a5489e51d06f0298?s=96&d=mm&r=g\",\"url\":\"https:\\\/\\\/secure.gravatar.com\\\/avatar\\\/7ce1f28c0c3bbac99ff550b85ef8e44a6950c6ee24514fb6a5489e51d06f0298?s=96&d=mm&r=g\",\"contentUrl\":\"https:\\\/\\\/secure.gravatar.com\\\/avatar\\\/7ce1f28c0c3bbac99ff550b85ef8e44a6950c6ee24514fb6a5489e51d06f0298?s=96&d=mm&r=g\",\"caption\":\"webdo.tn\"},\"url\":\"https:\\\/\\\/www.webdo.tn\\\/fr\\\/actualite\\\/author\\\/webdotn\\\/\"}]}<\/script>\n<!-- \/ Yoast SEO Premium plugin. -->","yoast_head_json":{"title":"Nabil Karoui : \u00ab Je suis pr\u00eat \u00e0 r\u00e9p\u00e9ter 100 fois baba lahnin \u00bb","description":"Nabil Karoui : \u00ab Je suis pr\u00eat \u00e0 r\u00e9p\u00e9ter 100 fois baba lahnin \u00bb","canonical":"https:\/\/www.webdo.tn\/fr\/actualite\/national-45\/nabil-karoui-je-suis-pret-a-repeter-100-fois-baba-lahnin\/172011\/","og_locale":"fr_FR","og_type":"article","og_title":"Nabil Karoui : \u00ab Je suis pr\u00eat \u00e0 r\u00e9p\u00e9ter 100 fois baba lahnin \u00bb","og_description":"Nabil Karoui : \u00ab Je suis pr\u00eat \u00e0 r\u00e9p\u00e9ter 100 fois baba lahnin \u00bb","og_url":"https:\/\/www.webdo.tn\/fr\/actualite\/national-45\/nabil-karoui-je-suis-pret-a-repeter-100-fois-baba-lahnin\/172011\/","og_site_name":"webdo","article_publisher":"https:\/\/www.facebook.com\/webdotn","article_published_time":"2012-04-23T16:55:00+00:00","og_image":[{"width":200,"height":237,"url":"https:\/\/www.webdo.tn\/fr\/wp-content\/uploads\/2012\/04\/Nabil-Karoui-photo-topnet.tn_.jpg","type":"image\/jpeg"}],"author":"webdo.tn","twitter_card":"summary_large_image","twitter_creator":"@webdo_tn","twitter_site":"@webdo_tn","twitter_misc":{"\u00c9crit par":"webdo.tn","Dur\u00e9e de lecture estim\u00e9e":"2 minutes"},"schema":{"@context":"https:\/\/schema.org","@graph":[{"@type":"NewsArticle","@id":"https:\/\/www.webdo.tn\/fr\/actualite\/national-45\/nabil-karoui-je-suis-pret-a-repeter-100-fois-baba-lahnin\/172011\/#article","isPartOf":{"@id":"https:\/\/www.webdo.tn\/fr\/actualite\/national-45\/nabil-karoui-je-suis-pret-a-repeter-100-fois-baba-lahnin\/172011\/"},"author":{"name":"webdo.tn","@id":"https:\/\/www.webdo.tn\/fr\/#\/schema\/person\/9a9c6118d687c117df8ef3cc36a4d175"},"headline":"Nabil Karoui : \u00ab Je suis pr\u00eat \u00e0 r\u00e9p\u00e9ter 100 fois baba lahnin \u00bb","datePublished":"2012-04-23T16:55:00+00:00","mainEntityOfPage":{"@id":"https:\/\/www.webdo.tn\/fr\/actualite\/national-45\/nabil-karoui-je-suis-pret-a-repeter-100-fois-baba-lahnin\/172011\/"},"wordCount":343,"commentCount":0,"publisher":{"@id":"https:\/\/www.webdo.tn\/fr\/#organization"},"image":{"@id":"https:\/\/www.webdo.tn\/fr\/actualite\/national-45\/nabil-karoui-je-suis-pret-a-repeter-100-fois-baba-lahnin\/172011\/#primaryimage"},"thumbnailUrl":"https:\/\/www.webdo.tn\/fr\/wp-content\/uploads\/2012\/04\/Nabil-Karoui-photo-topnet.tn_.jpg","keywords":["guerre"],"articleSection":["National"],"inLanguage":"fr-FR"},{"@type":"WebPage","@id":"https:\/\/www.webdo.tn\/fr\/actualite\/national-45\/nabil-karoui-je-suis-pret-a-repeter-100-fois-baba-lahnin\/172011\/","url":"https:\/\/www.webdo.tn\/fr\/actualite\/national-45\/nabil-karoui-je-suis-pret-a-repeter-100-fois-baba-lahnin\/172011\/","name":"Nabil Karoui : \u00ab Je suis pr\u00eat \u00e0 r\u00e9p\u00e9ter 100 fois baba lahnin \u00bb","isPartOf":{"@id":"https:\/\/www.webdo.tn\/fr\/#website"},"primaryImageOfPage":{"@id":"https:\/\/www.webdo.tn\/fr\/actualite\/national-45\/nabil-karoui-je-suis-pret-a-repeter-100-fois-baba-lahnin\/172011\/#primaryimage"},"image":{"@id":"https:\/\/www.webdo.tn\/fr\/actualite\/national-45\/nabil-karoui-je-suis-pret-a-repeter-100-fois-baba-lahnin\/172011\/#primaryimage"},"thumbnailUrl":"https:\/\/www.webdo.tn\/fr\/wp-content\/uploads\/2012\/04\/Nabil-Karoui-photo-topnet.tn_.jpg","datePublished":"2012-04-23T16:55:00+00:00","description":"Nabil Karoui : \u00ab Je suis pr\u00eat \u00e0 r\u00e9p\u00e9ter 100 fois baba lahnin \u00bb","breadcrumb":{"@id":"https:\/\/www.webdo.tn\/fr\/actualite\/national-45\/nabil-karoui-je-suis-pret-a-repeter-100-fois-baba-lahnin\/172011\/#breadcrumb"},"inLanguage":"fr-FR","potentialAction":[{"@type":"ReadAction","target":["https:\/\/www.webdo.tn\/fr\/actualite\/national-45\/nabil-karoui-je-suis-pret-a-repeter-100-fois-baba-lahnin\/172011\/"]}]},{"@type":"ImageObject","inLanguage":"fr-FR","@id":"https:\/\/www.webdo.tn\/fr\/actualite\/national-45\/nabil-karoui-je-suis-pret-a-repeter-100-fois-baba-lahnin\/172011\/#primaryimage","url":"https:\/\/www.webdo.tn\/fr\/wp-content\/uploads\/2012\/04\/Nabil-Karoui-photo-topnet.tn_.jpg","contentUrl":"https:\/\/www.webdo.tn\/fr\/wp-content\/uploads\/2012\/04\/Nabil-Karoui-photo-topnet.tn_.jpg","width":200,"height":237,"caption":"Nabil Karoui : \u00ab Je suis pr\u00eat \u00e0 r\u00e9p\u00e9ter 100 fois baba lahnin \u00bb"},{"@type":"BreadcrumbList","@id":"https:\/\/www.webdo.tn\/fr\/actualite\/national-45\/nabil-karoui-je-suis-pret-a-repeter-100-fois-baba-lahnin\/172011\/#breadcrumb","itemListElement":[{"@type":"ListItem","position":1,"name":"Accueil","item":"https:\/\/www.webdo.tn\/fr\/"},{"@type":"ListItem","position":2,"name":"Nabil Karoui : \u00ab Je suis pr\u00eat \u00e0 r\u00e9p\u00e9ter 100 fois baba lahnin \u00bb"}]},{"@type":"WebSite","@id":"https:\/\/www.webdo.tn\/fr\/#website","url":"https:\/\/www.webdo.tn\/fr\/","name":"webdo","description":"Tunisie - News en Tunisie et \u00e0 l&#039;international sur Webdo.tn","publisher":{"@id":"https:\/\/www.webdo.tn\/fr\/#organization"},"potentialAction":[{"@type":"SearchAction","target":{"@type":"EntryPoint","urlTemplate":"https:\/\/www.webdo.tn\/fr\/?s={search_term_string}"},"query-input":{"@type":"PropertyValueSpecification","valueRequired":true,"valueName":"search_term_string"}}],"inLanguage":"fr-FR"},{"@type":"Organization","@id":"https:\/\/www.webdo.tn\/fr\/#organization","name":"Webdo","alternateName":"Webdo.tn","url":"https:\/\/www.webdo.tn\/fr\/","logo":{"@type":"ImageObject","inLanguage":"fr-FR","@id":"https:\/\/www.webdo.tn\/fr\/#\/schema\/logo\/image\/","url":"https:\/\/www.webdo.tn\/fr\/wp-content\/uploads\/2025\/06\/Webdo-Tunisie_168377.jpg","contentUrl":"https:\/\/www.webdo.tn\/fr\/wp-content\/uploads\/2025\/06\/Webdo-Tunisie_168377.jpg","width":301,"height":301,"caption":"Webdo"},"image":{"@id":"https:\/\/www.webdo.tn\/fr\/#\/schema\/logo\/image\/"},"sameAs":["https:\/\/www.facebook.com\/webdotn","https:\/\/x.com\/webdo_tn"],"description":"Webdo est un m\u00e9dia num\u00e9rique tunisien fond\u00e9 en 2010, sp\u00e9cialis\u00e9 dans l\u2019actualit\u00e9 nationale et internationale, l\u2019\u00e9conomie, la soci\u00e9t\u00e9 et les analyses politiques. Le site s\u2019adresse \u00e0 un large public francophone et couvre l\u2019information tunisienne en temps r\u00e9el.","email":"redac@webdo.tn","legalName":"YNJ SARL","foundingDate":"2010-09-06","numberOfEmployees":{"@type":"QuantitativeValue","minValue":"11","maxValue":"50"}},{"@type":"Person","@id":"https:\/\/www.webdo.tn\/fr\/#\/schema\/person\/9a9c6118d687c117df8ef3cc36a4d175","name":"webdo.tn","image":{"@type":"ImageObject","inLanguage":"fr-FR","@id":"https:\/\/secure.gravatar.com\/avatar\/7ce1f28c0c3bbac99ff550b85ef8e44a6950c6ee24514fb6a5489e51d06f0298?s=96&d=mm&r=g","url":"https:\/\/secure.gravatar.com\/avatar\/7ce1f28c0c3bbac99ff550b85ef8e44a6950c6ee24514fb6a5489e51d06f0298?s=96&d=mm&r=g","contentUrl":"https:\/\/secure.gravatar.com\/avatar\/7ce1f28c0c3bbac99ff550b85ef8e44a6950c6ee24514fb6a5489e51d06f0298?s=96&d=mm&r=g","caption":"webdo.tn"},"url":"https:\/\/www.webdo.tn\/fr\/actualite\/author\/webdotn\/"}]}},"_links":{"self":[{"href":"https:\/\/www.webdo.tn\/fr\/wp-json\/wp\/v2\/posts\/172011","targetHints":{"allow":["GET"]}}],"collection":[{"href":"https:\/\/www.webdo.tn\/fr\/wp-json\/wp\/v2\/posts"}],"about":[{"href":"https:\/\/www.webdo.tn\/fr\/wp-json\/wp\/v2\/types\/post"}],"author":[{"embeddable":true,"href":"https:\/\/www.webdo.tn\/fr\/wp-json\/wp\/v2\/users\/3222"}],"replies":[{"embeddable":true,"href":"https:\/\/www.webdo.tn\/fr\/wp-json\/wp\/v2\/comments?post=172011"}],"version-history":[{"count":0,"href":"https:\/\/www.webdo.tn\/fr\/wp-json\/wp\/v2\/posts\/172011\/revisions"}],"wp:featuredmedia":[{"embeddable":true,"href":"https:\/\/www.webdo.tn\/fr\/wp-json\/wp\/v2\/media\/333617"}],"wp:attachment":[{"href":"https:\/\/www.webdo.tn\/fr\/wp-json\/wp\/v2\/media?parent=172011"}],"wp:term":[{"taxonomy":"category","embeddable":true,"href":"https:\/\/www.webdo.tn\/fr\/wp-json\/wp\/v2\/categories?post=172011"},{"taxonomy":"post_tag","embeddable":true,"href":"https:\/\/www.webdo.tn\/fr\/wp-json\/wp\/v2\/tags?post=172011"}],"curies":[{"name":"wp","href":"https:\/\/api.w.org\/{rel}","templated":true}]}}