{"id":172010,"date":"2012-04-23T22:40:00","date_gmt":"2012-04-23T22:40:00","guid":{"rendered":"https:\/\/www.webdo.tn\/fr\/blog\/le-ministere-de-linterieur-met-fin-au-sit-in-devant-lett\/172010\/"},"modified":"2012-04-23T22:40:00","modified_gmt":"2012-04-23T22:40:00","slug":"le-ministere-de-linterieur-met-fin-au-sit-in-devant-lett","status":"publish","type":"post","link":"https:\/\/www.webdo.tn\/fr\/actualite\/national\/le-ministere-de-linterieur-met-fin-au-sit-in-devant-lett\/172010\/","title":{"rendered":"(M\u00e0j) Le Minist\u00e8re de l&rsquo;Int\u00e9rieur &lsquo;met fin&rsquo; au Sit in devant l&rsquo;ETT ?"},"content":{"rendered":"<p>Le Sit in, devant le si\u00e8ge de l&rsquo;ETT, pour l&rsquo;\u00e9puration des m\u00e9dias, sera lev\u00e9 apr\u00e8s une d\u00e9cision du minist\u00e8re de l&rsquo;Int\u00e9rieur, nous apprend le porte-parole du MI, Khaled Tarrouche.  Ce dernier a pr\u00e9cis\u00e9 qu&rsquo;une demande au minist\u00e8re public, avait \u00e9t\u00e9 adress\u00e9e au pr\u00e9alable, afin d&rsquo;avoir l&rsquo;autorisation d&rsquo;intervenir.<\/p>\n<p>Cette d\u00e9cision intervient quelques heures apr\u00e8s les affrontements qui ont eu lieu devant le si\u00e8ge de l&rsquo;ETT, entre des salari\u00e9s (employ\u00e9s) de la T\u00e9l\u00e9vision publique et des sitineurs, qui les ont provoqu\u00e9s. En effet, les manifestants avaient coll\u00e9 une affiche \u00ab\u00a0A vendre\u00a0\u00bb sur la cl\u00f4ture de l&rsquo;Etablissement. Une initiative qui trouve, sans doute, ses motivations dans les r\u00e9cents propos du d\u00e9put\u00e9 d&rsquo;Ennahdha, Ameur La\u00e2reydh, et de son leader Rached Ghannouchi, \u00e9voquant l&rsquo;\u00e9ventuelle privatisation des m\u00e9dias.<\/p>\n<p>Rappelons que le Sit in, observ\u00e9 devant le si\u00e8ge de la T\u00e9l\u00e9vision Nationale, a d\u00e9but\u00e9 le 2 mars dernier. Soit 53 jours durant lesquels les sitineurs ont squatt\u00e9 l&rsquo;entr\u00e9e de l&rsquo;Etablissement, en passant leur temps \u00e0 insulter les journalistes qui y acc\u00e9daient.<\/p>\n<p>Pour leurs besoins quotidiens, les sitineurs profitaient de la nourriture, fournie par des sympathisants. Ils se servaient d&rsquo;un robinet d&rsquo;arrosage tout proche et d&rsquo;un \u00e9clairage public pour alimenter leurs tentes en eau et en \u00e9lectricit\u00e9. D&rsquo;ailleurs, d&rsquo;apr\u00e8s la STEG, la note sera pay\u00e9e par le contribuable.<\/p>\n<p>Mise \u00e0 jour : \u00a0Malgr\u00e9 la d\u00e9cision du minist\u00e8re de l\u2019int\u00e9rieur de mettre fin au sit-in devant l&rsquo;ETT, ce matin, 24 avril 2012, un accrochage a eu lieu entre les sit-inneurs et les employ\u00e9s qui voulaient effacer les messages peints sur le mur de leur \u00e9tablissement. A noter que depuis ce matin, les forces de s\u00fbret\u00e9 et de l&rsquo;arm\u00e9e nationale \u00e9taient pr\u00e9sentes en nombre sur les lieux.<\/p>\n","protected":false},"excerpt":{"rendered":"<p>(M\u00e0j) Le Minist\u00e8re de l&rsquo;Int\u00e9rieur &lsquo;met fin&rsquo; au Sit in devant l&rsquo;ETT ?<\/p>\n","protected":false},"author":3222,"featured_media":333618,"comment_status":"open","ping_status":"closed","sticky":false,"template":"","format":"standard","meta":{"footnotes":""},"categories":[44],"tags":[2600],"class_list":["post-172010","post","type-post","status-publish","format-standard","has-post-thumbnail","hentry","category-national","tag-guerre"],"yoast_head":"<!-- This site is optimized with the Yoast SEO Premium plugin v27.5 (Yoast SEO v27.5) - https:\/\/yoast.com\/product\/yoast-seo-premium-wordpress\/ -->\n<title>(M\u00e0j) Le Minist\u00e8re de l&#039;Int\u00e9rieur &#039;met fin&#039; au Sit in devant l&#039;ETT ?<\/title>\n<meta name=\"description\" content=\"(M\u00e0j) Le Minist\u00e8re de l&#039;Int\u00e9rieur &#039;met fin&#039; au Sit in devant l&#039;ETT ?\" \/>\n<link rel=\"canonical\" href=\"https:\/\/www.webdo.tn\/fr\/actualite\/national-45\/le-ministere-de-linterieur-met-fin-au-sit-in-devant-lett\/172010\/\" \/>\n<meta property=\"og:locale\" content=\"fr_FR\" \/>\n<meta property=\"og:type\" content=\"article\" \/>\n<meta property=\"og:title\" content=\"(M\u00e0j) Le Minist\u00e8re de l&#039;Int\u00e9rieur &#039;met fin&#039; au Sit in devant l&#039;ETT ?\" \/>\n<meta property=\"og:description\" content=\"(M\u00e0j) Le Minist\u00e8re de l&#039;Int\u00e9rieur &#039;met fin&#039; au Sit in devant l&#039;ETT ?\" \/>\n<meta property=\"og:url\" content=\"https:\/\/www.webdo.tn\/fr\/actualite\/national-45\/le-ministere-de-linterieur-met-fin-au-sit-in-devant-lett\/172010\/\" \/>\n<meta property=\"og:site_name\" content=\"webdo\" \/>\n<meta property=\"article:publisher\" content=\"https:\/\/www.facebook.com\/webdotn\" \/>\n<meta property=\"article:published_time\" content=\"2012-04-23T22:40:00+00:00\" \/>\n<meta property=\"og:image\" content=\"https:\/\/www.webdo.tn\/fr\/wp-content\/uploads\/2012\/04\/050312_Sit_In_devant_ETT-150x150-1.jpg\" \/>\n\t<meta property=\"og:image:width\" content=\"150\" \/>\n\t<meta property=\"og:image:height\" content=\"150\" \/>\n\t<meta property=\"og:image:type\" content=\"image\/jpeg\" \/>\n<meta name=\"author\" content=\"webdo.tn\" \/>\n<meta name=\"twitter:card\" content=\"summary_large_image\" \/>\n<meta name=\"twitter:creator\" content=\"@webdo_tn\" \/>\n<meta name=\"twitter:site\" content=\"@webdo_tn\" \/>\n<meta name=\"twitter:label1\" content=\"\u00c9crit par\" \/>\n\t<meta name=\"twitter:data1\" content=\"webdo.tn\" \/>\n\t<meta name=\"twitter:label2\" content=\"Dur\u00e9e de lecture estim\u00e9e\" \/>\n\t<meta name=\"twitter:data2\" content=\"2 minutes\" \/>\n<script type=\"application\/ld+json\" class=\"yoast-schema-graph\">{\"@context\":\"https:\\\/\\\/schema.org\",\"@graph\":[{\"@type\":\"NewsArticle\",\"@id\":\"https:\\\/\\\/www.webdo.tn\\\/fr\\\/actualite\\\/national-45\\\/le-ministere-de-linterieur-met-fin-au-sit-in-devant-lett\\\/172010\\\/#article\",\"isPartOf\":{\"@id\":\"https:\\\/\\\/www.webdo.tn\\\/fr\\\/actualite\\\/national-45\\\/le-ministere-de-linterieur-met-fin-au-sit-in-devant-lett\\\/172010\\\/\"},\"author\":{\"name\":\"webdo.tn\",\"@id\":\"https:\\\/\\\/www.webdo.tn\\\/fr\\\/#\\\/schema\\\/person\\\/9a9c6118d687c117df8ef3cc36a4d175\"},\"headline\":\"(M\u00e0j) Le Minist\u00e8re de l&rsquo;Int\u00e9rieur &lsquo;met fin&rsquo; au Sit in devant l&rsquo;ETT ?\",\"datePublished\":\"2012-04-23T22:40:00+00:00\",\"mainEntityOfPage\":{\"@id\":\"https:\\\/\\\/www.webdo.tn\\\/fr\\\/actualite\\\/national-45\\\/le-ministere-de-linterieur-met-fin-au-sit-in-devant-lett\\\/172010\\\/\"},\"wordCount\":346,\"commentCount\":0,\"publisher\":{\"@id\":\"https:\\\/\\\/www.webdo.tn\\\/fr\\\/#organization\"},\"image\":{\"@id\":\"https:\\\/\\\/www.webdo.tn\\\/fr\\\/actualite\\\/national-45\\\/le-ministere-de-linterieur-met-fin-au-sit-in-devant-lett\\\/172010\\\/#primaryimage\"},\"thumbnailUrl\":\"https:\\\/\\\/www.webdo.tn\\\/fr\\\/wp-content\\\/uploads\\\/2012\\\/04\\\/050312_Sit_In_devant_ETT-150x150-1.jpg\",\"keywords\":[\"guerre\"],\"articleSection\":[\"National\"],\"inLanguage\":\"fr-FR\"},{\"@type\":\"WebPage\",\"@id\":\"https:\\\/\\\/www.webdo.tn\\\/fr\\\/actualite\\\/national-45\\\/le-ministere-de-linterieur-met-fin-au-sit-in-devant-lett\\\/172010\\\/\",\"url\":\"https:\\\/\\\/www.webdo.tn\\\/fr\\\/actualite\\\/national-45\\\/le-ministere-de-linterieur-met-fin-au-sit-in-devant-lett\\\/172010\\\/\",\"name\":\"(M\u00e0j) Le Minist\u00e8re de l'Int\u00e9rieur 'met fin' au Sit in devant l'ETT ?\",\"isPartOf\":{\"@id\":\"https:\\\/\\\/www.webdo.tn\\\/fr\\\/#website\"},\"primaryImageOfPage\":{\"@id\":\"https:\\\/\\\/www.webdo.tn\\\/fr\\\/actualite\\\/national-45\\\/le-ministere-de-linterieur-met-fin-au-sit-in-devant-lett\\\/172010\\\/#primaryimage\"},\"image\":{\"@id\":\"https:\\\/\\\/www.webdo.tn\\\/fr\\\/actualite\\\/national-45\\\/le-ministere-de-linterieur-met-fin-au-sit-in-devant-lett\\\/172010\\\/#primaryimage\"},\"thumbnailUrl\":\"https:\\\/\\\/www.webdo.tn\\\/fr\\\/wp-content\\\/uploads\\\/2012\\\/04\\\/050312_Sit_In_devant_ETT-150x150-1.jpg\",\"datePublished\":\"2012-04-23T22:40:00+00:00\",\"description\":\"(M\u00e0j) Le Minist\u00e8re de l'Int\u00e9rieur 'met fin' au Sit in devant l'ETT ?\",\"breadcrumb\":{\"@id\":\"https:\\\/\\\/www.webdo.tn\\\/fr\\\/actualite\\\/national-45\\\/le-ministere-de-linterieur-met-fin-au-sit-in-devant-lett\\\/172010\\\/#breadcrumb\"},\"inLanguage\":\"fr-FR\",\"potentialAction\":[{\"@type\":\"ReadAction\",\"target\":[\"https:\\\/\\\/www.webdo.tn\\\/fr\\\/actualite\\\/national-45\\\/le-ministere-de-linterieur-met-fin-au-sit-in-devant-lett\\\/172010\\\/\"]}]},{\"@type\":\"ImageObject\",\"inLanguage\":\"fr-FR\",\"@id\":\"https:\\\/\\\/www.webdo.tn\\\/fr\\\/actualite\\\/national-45\\\/le-ministere-de-linterieur-met-fin-au-sit-in-devant-lett\\\/172010\\\/#primaryimage\",\"url\":\"https:\\\/\\\/www.webdo.tn\\\/fr\\\/wp-content\\\/uploads\\\/2012\\\/04\\\/050312_Sit_In_devant_ETT-150x150-1.jpg\",\"contentUrl\":\"https:\\\/\\\/www.webdo.tn\\\/fr\\\/wp-content\\\/uploads\\\/2012\\\/04\\\/050312_Sit_In_devant_ETT-150x150-1.jpg\",\"width\":150,\"height\":150,\"caption\":\"(M\u00e0j) Le Minist\u00e8re de l'Int\u00e9rieur 'met fin' au Sit in devant l'ETT ?\"},{\"@type\":\"BreadcrumbList\",\"@id\":\"https:\\\/\\\/www.webdo.tn\\\/fr\\\/actualite\\\/national-45\\\/le-ministere-de-linterieur-met-fin-au-sit-in-devant-lett\\\/172010\\\/#breadcrumb\",\"itemListElement\":[{\"@type\":\"ListItem\",\"position\":1,\"name\":\"Accueil\",\"item\":\"https:\\\/\\\/www.webdo.tn\\\/fr\\\/\"},{\"@type\":\"ListItem\",\"position\":2,\"name\":\"(M\u00e0j) Le Minist\u00e8re de l&rsquo;Int\u00e9rieur &lsquo;met fin&rsquo; au Sit in devant l&rsquo;ETT ?\"}]},{\"@type\":\"WebSite\",\"@id\":\"https:\\\/\\\/www.webdo.tn\\\/fr\\\/#website\",\"url\":\"https:\\\/\\\/www.webdo.tn\\\/fr\\\/\",\"name\":\"webdo\",\"description\":\"Tunisie - News en Tunisie et \u00e0 l&#039;international sur Webdo.tn\",\"publisher\":{\"@id\":\"https:\\\/\\\/www.webdo.tn\\\/fr\\\/#organization\"},\"potentialAction\":[{\"@type\":\"SearchAction\",\"target\":{\"@type\":\"EntryPoint\",\"urlTemplate\":\"https:\\\/\\\/www.webdo.tn\\\/fr\\\/?s={search_term_string}\"},\"query-input\":{\"@type\":\"PropertyValueSpecification\",\"valueRequired\":true,\"valueName\":\"search_term_string\"}}],\"inLanguage\":\"fr-FR\"},{\"@type\":\"Organization\",\"@id\":\"https:\\\/\\\/www.webdo.tn\\\/fr\\\/#organization\",\"name\":\"Webdo\",\"alternateName\":\"Webdo.tn\",\"url\":\"https:\\\/\\\/www.webdo.tn\\\/fr\\\/\",\"logo\":{\"@type\":\"ImageObject\",\"inLanguage\":\"fr-FR\",\"@id\":\"https:\\\/\\\/www.webdo.tn\\\/fr\\\/#\\\/schema\\\/logo\\\/image\\\/\",\"url\":\"https:\\\/\\\/www.webdo.tn\\\/fr\\\/wp-content\\\/uploads\\\/2025\\\/06\\\/Webdo-Tunisie_168377.jpg\",\"contentUrl\":\"https:\\\/\\\/www.webdo.tn\\\/fr\\\/wp-content\\\/uploads\\\/2025\\\/06\\\/Webdo-Tunisie_168377.jpg\",\"width\":301,\"height\":301,\"caption\":\"Webdo\"},\"image\":{\"@id\":\"https:\\\/\\\/www.webdo.tn\\\/fr\\\/#\\\/schema\\\/logo\\\/image\\\/\"},\"sameAs\":[\"https:\\\/\\\/www.facebook.com\\\/webdotn\",\"https:\\\/\\\/x.com\\\/webdo_tn\"],\"description\":\"Webdo est un m\u00e9dia num\u00e9rique tunisien fond\u00e9 en 2010, sp\u00e9cialis\u00e9 dans l\u2019actualit\u00e9 nationale et internationale, l\u2019\u00e9conomie, la soci\u00e9t\u00e9 et les analyses politiques. Le site s\u2019adresse \u00e0 un large public francophone et couvre l\u2019information tunisienne en temps r\u00e9el.\",\"email\":\"redac@webdo.tn\",\"legalName\":\"YNJ SARL\",\"foundingDate\":\"2010-09-06\",\"numberOfEmployees\":{\"@type\":\"QuantitativeValue\",\"minValue\":\"11\",\"maxValue\":\"50\"}},{\"@type\":\"Person\",\"@id\":\"https:\\\/\\\/www.webdo.tn\\\/fr\\\/#\\\/schema\\\/person\\\/9a9c6118d687c117df8ef3cc36a4d175\",\"name\":\"webdo.tn\",\"image\":{\"@type\":\"ImageObject\",\"inLanguage\":\"fr-FR\",\"@id\":\"https:\\\/\\\/secure.gravatar.com\\\/avatar\\\/7ce1f28c0c3bbac99ff550b85ef8e44a6950c6ee24514fb6a5489e51d06f0298?s=96&d=mm&r=g\",\"url\":\"https:\\\/\\\/secure.gravatar.com\\\/avatar\\\/7ce1f28c0c3bbac99ff550b85ef8e44a6950c6ee24514fb6a5489e51d06f0298?s=96&d=mm&r=g\",\"contentUrl\":\"https:\\\/\\\/secure.gravatar.com\\\/avatar\\\/7ce1f28c0c3bbac99ff550b85ef8e44a6950c6ee24514fb6a5489e51d06f0298?s=96&d=mm&r=g\",\"caption\":\"webdo.tn\"},\"url\":\"https:\\\/\\\/www.webdo.tn\\\/fr\\\/actualite\\\/author\\\/webdotn\\\/\"}]}<\/script>\n<!-- \/ Yoast SEO Premium plugin. -->","yoast_head_json":{"title":"(M\u00e0j) Le Minist\u00e8re de l'Int\u00e9rieur 'met fin' au Sit in devant l'ETT ?","description":"(M\u00e0j) Le Minist\u00e8re de l'Int\u00e9rieur 'met fin' au Sit in devant l'ETT ?","canonical":"https:\/\/www.webdo.tn\/fr\/actualite\/national-45\/le-ministere-de-linterieur-met-fin-au-sit-in-devant-lett\/172010\/","og_locale":"fr_FR","og_type":"article","og_title":"(M\u00e0j) Le Minist\u00e8re de l'Int\u00e9rieur 'met fin' au Sit in devant l'ETT ?","og_description":"(M\u00e0j) Le Minist\u00e8re de l'Int\u00e9rieur 'met fin' au Sit in devant l'ETT ?","og_url":"https:\/\/www.webdo.tn\/fr\/actualite\/national-45\/le-ministere-de-linterieur-met-fin-au-sit-in-devant-lett\/172010\/","og_site_name":"webdo","article_publisher":"https:\/\/www.facebook.com\/webdotn","article_published_time":"2012-04-23T22:40:00+00:00","og_image":[{"width":150,"height":150,"url":"https:\/\/www.webdo.tn\/fr\/wp-content\/uploads\/2012\/04\/050312_Sit_In_devant_ETT-150x150-1.jpg","type":"image\/jpeg"}],"author":"webdo.tn","twitter_card":"summary_large_image","twitter_creator":"@webdo_tn","twitter_site":"@webdo_tn","twitter_misc":{"\u00c9crit par":"webdo.tn","Dur\u00e9e de lecture estim\u00e9e":"2 minutes"},"schema":{"@context":"https:\/\/schema.org","@graph":[{"@type":"NewsArticle","@id":"https:\/\/www.webdo.tn\/fr\/actualite\/national-45\/le-ministere-de-linterieur-met-fin-au-sit-in-devant-lett\/172010\/#article","isPartOf":{"@id":"https:\/\/www.webdo.tn\/fr\/actualite\/national-45\/le-ministere-de-linterieur-met-fin-au-sit-in-devant-lett\/172010\/"},"author":{"name":"webdo.tn","@id":"https:\/\/www.webdo.tn\/fr\/#\/schema\/person\/9a9c6118d687c117df8ef3cc36a4d175"},"headline":"(M\u00e0j) Le Minist\u00e8re de l&rsquo;Int\u00e9rieur &lsquo;met fin&rsquo; au Sit in devant l&rsquo;ETT ?","datePublished":"2012-04-23T22:40:00+00:00","mainEntityOfPage":{"@id":"https:\/\/www.webdo.tn\/fr\/actualite\/national-45\/le-ministere-de-linterieur-met-fin-au-sit-in-devant-lett\/172010\/"},"wordCount":346,"commentCount":0,"publisher":{"@id":"https:\/\/www.webdo.tn\/fr\/#organization"},"image":{"@id":"https:\/\/www.webdo.tn\/fr\/actualite\/national-45\/le-ministere-de-linterieur-met-fin-au-sit-in-devant-lett\/172010\/#primaryimage"},"thumbnailUrl":"https:\/\/www.webdo.tn\/fr\/wp-content\/uploads\/2012\/04\/050312_Sit_In_devant_ETT-150x150-1.jpg","keywords":["guerre"],"articleSection":["National"],"inLanguage":"fr-FR"},{"@type":"WebPage","@id":"https:\/\/www.webdo.tn\/fr\/actualite\/national-45\/le-ministere-de-linterieur-met-fin-au-sit-in-devant-lett\/172010\/","url":"https:\/\/www.webdo.tn\/fr\/actualite\/national-45\/le-ministere-de-linterieur-met-fin-au-sit-in-devant-lett\/172010\/","name":"(M\u00e0j) Le Minist\u00e8re de l'Int\u00e9rieur 'met fin' au Sit in devant l'ETT ?","isPartOf":{"@id":"https:\/\/www.webdo.tn\/fr\/#website"},"primaryImageOfPage":{"@id":"https:\/\/www.webdo.tn\/fr\/actualite\/national-45\/le-ministere-de-linterieur-met-fin-au-sit-in-devant-lett\/172010\/#primaryimage"},"image":{"@id":"https:\/\/www.webdo.tn\/fr\/actualite\/national-45\/le-ministere-de-linterieur-met-fin-au-sit-in-devant-lett\/172010\/#primaryimage"},"thumbnailUrl":"https:\/\/www.webdo.tn\/fr\/wp-content\/uploads\/2012\/04\/050312_Sit_In_devant_ETT-150x150-1.jpg","datePublished":"2012-04-23T22:40:00+00:00","description":"(M\u00e0j) Le Minist\u00e8re de l'Int\u00e9rieur 'met fin' au Sit in devant l'ETT ?","breadcrumb":{"@id":"https:\/\/www.webdo.tn\/fr\/actualite\/national-45\/le-ministere-de-linterieur-met-fin-au-sit-in-devant-lett\/172010\/#breadcrumb"},"inLanguage":"fr-FR","potentialAction":[{"@type":"ReadAction","target":["https:\/\/www.webdo.tn\/fr\/actualite\/national-45\/le-ministere-de-linterieur-met-fin-au-sit-in-devant-lett\/172010\/"]}]},{"@type":"ImageObject","inLanguage":"fr-FR","@id":"https:\/\/www.webdo.tn\/fr\/actualite\/national-45\/le-ministere-de-linterieur-met-fin-au-sit-in-devant-lett\/172010\/#primaryimage","url":"https:\/\/www.webdo.tn\/fr\/wp-content\/uploads\/2012\/04\/050312_Sit_In_devant_ETT-150x150-1.jpg","contentUrl":"https:\/\/www.webdo.tn\/fr\/wp-content\/uploads\/2012\/04\/050312_Sit_In_devant_ETT-150x150-1.jpg","width":150,"height":150,"caption":"(M\u00e0j) Le Minist\u00e8re de l'Int\u00e9rieur 'met fin' au Sit in devant l'ETT ?"},{"@type":"BreadcrumbList","@id":"https:\/\/www.webdo.tn\/fr\/actualite\/national-45\/le-ministere-de-linterieur-met-fin-au-sit-in-devant-lett\/172010\/#breadcrumb","itemListElement":[{"@type":"ListItem","position":1,"name":"Accueil","item":"https:\/\/www.webdo.tn\/fr\/"},{"@type":"ListItem","position":2,"name":"(M\u00e0j) Le Minist\u00e8re de l&rsquo;Int\u00e9rieur &lsquo;met fin&rsquo; au Sit in devant l&rsquo;ETT ?"}]},{"@type":"WebSite","@id":"https:\/\/www.webdo.tn\/fr\/#website","url":"https:\/\/www.webdo.tn\/fr\/","name":"webdo","description":"Tunisie - News en Tunisie et \u00e0 l&#039;international sur Webdo.tn","publisher":{"@id":"https:\/\/www.webdo.tn\/fr\/#organization"},"potentialAction":[{"@type":"SearchAction","target":{"@type":"EntryPoint","urlTemplate":"https:\/\/www.webdo.tn\/fr\/?s={search_term_string}"},"query-input":{"@type":"PropertyValueSpecification","valueRequired":true,"valueName":"search_term_string"}}],"inLanguage":"fr-FR"},{"@type":"Organization","@id":"https:\/\/www.webdo.tn\/fr\/#organization","name":"Webdo","alternateName":"Webdo.tn","url":"https:\/\/www.webdo.tn\/fr\/","logo":{"@type":"ImageObject","inLanguage":"fr-FR","@id":"https:\/\/www.webdo.tn\/fr\/#\/schema\/logo\/image\/","url":"https:\/\/www.webdo.tn\/fr\/wp-content\/uploads\/2025\/06\/Webdo-Tunisie_168377.jpg","contentUrl":"https:\/\/www.webdo.tn\/fr\/wp-content\/uploads\/2025\/06\/Webdo-Tunisie_168377.jpg","width":301,"height":301,"caption":"Webdo"},"image":{"@id":"https:\/\/www.webdo.tn\/fr\/#\/schema\/logo\/image\/"},"sameAs":["https:\/\/www.facebook.com\/webdotn","https:\/\/x.com\/webdo_tn"],"description":"Webdo est un m\u00e9dia num\u00e9rique tunisien fond\u00e9 en 2010, sp\u00e9cialis\u00e9 dans l\u2019actualit\u00e9 nationale et internationale, l\u2019\u00e9conomie, la soci\u00e9t\u00e9 et les analyses politiques. Le site s\u2019adresse \u00e0 un large public francophone et couvre l\u2019information tunisienne en temps r\u00e9el.","email":"redac@webdo.tn","legalName":"YNJ SARL","foundingDate":"2010-09-06","numberOfEmployees":{"@type":"QuantitativeValue","minValue":"11","maxValue":"50"}},{"@type":"Person","@id":"https:\/\/www.webdo.tn\/fr\/#\/schema\/person\/9a9c6118d687c117df8ef3cc36a4d175","name":"webdo.tn","image":{"@type":"ImageObject","inLanguage":"fr-FR","@id":"https:\/\/secure.gravatar.com\/avatar\/7ce1f28c0c3bbac99ff550b85ef8e44a6950c6ee24514fb6a5489e51d06f0298?s=96&d=mm&r=g","url":"https:\/\/secure.gravatar.com\/avatar\/7ce1f28c0c3bbac99ff550b85ef8e44a6950c6ee24514fb6a5489e51d06f0298?s=96&d=mm&r=g","contentUrl":"https:\/\/secure.gravatar.com\/avatar\/7ce1f28c0c3bbac99ff550b85ef8e44a6950c6ee24514fb6a5489e51d06f0298?s=96&d=mm&r=g","caption":"webdo.tn"},"url":"https:\/\/www.webdo.tn\/fr\/actualite\/author\/webdotn\/"}]}},"_links":{"self":[{"href":"https:\/\/www.webdo.tn\/fr\/wp-json\/wp\/v2\/posts\/172010","targetHints":{"allow":["GET"]}}],"collection":[{"href":"https:\/\/www.webdo.tn\/fr\/wp-json\/wp\/v2\/posts"}],"about":[{"href":"https:\/\/www.webdo.tn\/fr\/wp-json\/wp\/v2\/types\/post"}],"author":[{"embeddable":true,"href":"https:\/\/www.webdo.tn\/fr\/wp-json\/wp\/v2\/users\/3222"}],"replies":[{"embeddable":true,"href":"https:\/\/www.webdo.tn\/fr\/wp-json\/wp\/v2\/comments?post=172010"}],"version-history":[{"count":0,"href":"https:\/\/www.webdo.tn\/fr\/wp-json\/wp\/v2\/posts\/172010\/revisions"}],"wp:featuredmedia":[{"embeddable":true,"href":"https:\/\/www.webdo.tn\/fr\/wp-json\/wp\/v2\/media\/333618"}],"wp:attachment":[{"href":"https:\/\/www.webdo.tn\/fr\/wp-json\/wp\/v2\/media?parent=172010"}],"wp:term":[{"taxonomy":"category","embeddable":true,"href":"https:\/\/www.webdo.tn\/fr\/wp-json\/wp\/v2\/categories?post=172010"},{"taxonomy":"post_tag","embeddable":true,"href":"https:\/\/www.webdo.tn\/fr\/wp-json\/wp\/v2\/tags?post=172010"}],"curies":[{"name":"wp","href":"https:\/\/api.w.org\/{rel}","templated":true}]}}