{"id":172009,"date":"2012-04-24T11:38:00","date_gmt":"2012-04-24T11:38:00","guid":{"rendered":"https:\/\/www.webdo.tn\/fr\/blog\/les-ressortissants-du-golfe-exemptes-de-visa-en-mai-pour-soutenir-le-tourisme-tunisien\/172009\/"},"modified":"2012-04-24T11:38:00","modified_gmt":"2012-04-24T11:38:00","slug":"les-ressortissants-du-golfe-exemptes-de-visa-en-mai-pour-soutenir-le-tourisme-tunisien","status":"publish","type":"post","link":"https:\/\/www.webdo.tn\/fr\/actualite\/national\/les-ressortissants-du-golfe-exemptes-de-visa-en-mai-pour-soutenir-le-tourisme-tunisien\/172009\/","title":{"rendered":"Les ressortissants du Golfe exempt\u00e9s de visa en mai &lsquo;pour soutenir le tourisme tunisien&rsquo;"},"content":{"rendered":"<p>Le premier ministre provisoire, Hamadi Jebali, l&rsquo;a annonc\u00e9, le 19 f\u00e9vrier 2012, \u00e0 Jeddah, le\u00a0pr\u00e9sident provisoire Moncef\u00a0Marzouki la &lsquo;officialis\u00e9&rsquo; aujourd&rsquo;hui. \u00ab\u00a0Les ressortissants des six monarchies p\u00e9troli\u00e8res du Golfe seront exempt\u00e9s du visa d&rsquo;entr\u00e9e en Tunisie \u00e0 partir du mois de mai\u00a0\u00bb, pr\u00e9cise Marzouki.<\/p>\n<p>Selon lui, cette mesure \u00ab\u00a0entrera en vigueur le 1er mai dans l&rsquo;espoir de d\u00e9velopper le tourisme\u00a0\u00bb, a rapport\u00e9 l&rsquo;AFP en citant le quotidien panarabe Al-Hayat. Marzouki ajoute que \u00abnotre tourisme d\u00e9pendait essentiellement de l&rsquo;Occident, ce qui en faisait un tourisme de pauvres \u00bb.<\/p>\n<p>Rappelons que lors de la rencontre de Jebali, en f\u00e9vrier dernier, avec des hommes d\u2019affaires saoudiens, il avait indiqu\u00e9 que \u00ab la Tunisie avait entam\u00e9 la restructuration de 14 secteurs \u00e9conomiques afin d\u2019offrir un environnement plus favorable \u00e0 l\u2019investissement local et \u00e9tranger \u00bb.<\/p>\n","protected":false},"excerpt":{"rendered":"<p>Les ressortissants du Golfe exempt\u00e9s de visa en mai &lsquo;pour soutenir le tourisme tunisien&rsquo;<\/p>\n","protected":false},"author":3222,"featured_media":333616,"comment_status":"open","ping_status":"closed","sticky":false,"template":"","format":"standard","meta":{"footnotes":""},"categories":[44],"tags":[2600],"class_list":["post-172009","post","type-post","status-publish","format-standard","has-post-thumbnail","hentry","category-national","tag-guerre"],"yoast_head":"<!-- This site is optimized with the Yoast SEO Premium plugin v27.5 (Yoast SEO v27.5) - https:\/\/yoast.com\/product\/yoast-seo-premium-wordpress\/ -->\n<title>Les ressortissants du Golfe exempt\u00e9s de visa en mai &#039;pour soutenir le tourisme tunisien&#039;<\/title>\n<meta name=\"description\" content=\"Les ressortissants du Golfe exempt\u00e9s de visa en mai &#039;pour soutenir le tourisme tunisien&#039;\" \/>\n<link rel=\"canonical\" href=\"https:\/\/www.webdo.tn\/fr\/actualite\/national-45\/les-ressortissants-du-golfe-exemptes-de-visa-en-mai-pour-soutenir-le-tourisme-tunisien\/172009\/\" \/>\n<meta property=\"og:locale\" content=\"fr_FR\" \/>\n<meta property=\"og:type\" content=\"article\" \/>\n<meta property=\"og:title\" content=\"Les ressortissants du Golfe exempt\u00e9s de visa en mai &#039;pour soutenir le tourisme tunisien&#039;\" \/>\n<meta property=\"og:description\" content=\"Les ressortissants du Golfe exempt\u00e9s de visa en mai &#039;pour soutenir le tourisme tunisien&#039;\" \/>\n<meta property=\"og:url\" content=\"https:\/\/www.webdo.tn\/fr\/actualite\/national-45\/les-ressortissants-du-golfe-exemptes-de-visa-en-mai-pour-soutenir-le-tourisme-tunisien\/172009\/\" \/>\n<meta property=\"og:site_name\" content=\"webdo\" \/>\n<meta property=\"article:publisher\" content=\"https:\/\/www.facebook.com\/webdotn\" \/>\n<meta property=\"article:published_time\" content=\"2012-04-24T11:38:00+00:00\" \/>\n<meta property=\"og:image\" content=\"https:\/\/www.webdo.tn\/fr\/wp-content\/uploads\/2012\/04\/Moncef-Marzouki1.jpg\" \/>\n\t<meta property=\"og:image:width\" content=\"247\" \/>\n\t<meta property=\"og:image:height\" content=\"236\" \/>\n\t<meta property=\"og:image:type\" content=\"image\/jpeg\" \/>\n<meta name=\"author\" content=\"webdo.tn\" \/>\n<meta name=\"twitter:card\" content=\"summary_large_image\" \/>\n<meta name=\"twitter:creator\" content=\"@webdo_tn\" \/>\n<meta name=\"twitter:site\" content=\"@webdo_tn\" \/>\n<meta name=\"twitter:label1\" content=\"\u00c9crit par\" \/>\n\t<meta name=\"twitter:data1\" content=\"webdo.tn\" \/>\n\t<meta name=\"twitter:label2\" content=\"Dur\u00e9e de lecture estim\u00e9e\" \/>\n\t<meta name=\"twitter:data2\" content=\"1 minute\" \/>\n<script type=\"application\/ld+json\" class=\"yoast-schema-graph\">{\"@context\":\"https:\\\/\\\/schema.org\",\"@graph\":[{\"@type\":\"NewsArticle\",\"@id\":\"https:\\\/\\\/www.webdo.tn\\\/fr\\\/actualite\\\/national-45\\\/les-ressortissants-du-golfe-exemptes-de-visa-en-mai-pour-soutenir-le-tourisme-tunisien\\\/172009\\\/#article\",\"isPartOf\":{\"@id\":\"https:\\\/\\\/www.webdo.tn\\\/fr\\\/actualite\\\/national-45\\\/les-ressortissants-du-golfe-exemptes-de-visa-en-mai-pour-soutenir-le-tourisme-tunisien\\\/172009\\\/\"},\"author\":{\"name\":\"webdo.tn\",\"@id\":\"https:\\\/\\\/www.webdo.tn\\\/fr\\\/#\\\/schema\\\/person\\\/9a9c6118d687c117df8ef3cc36a4d175\"},\"headline\":\"Les ressortissants du Golfe exempt\u00e9s de visa en mai &lsquo;pour soutenir le tourisme tunisien&rsquo;\",\"datePublished\":\"2012-04-24T11:38:00+00:00\",\"mainEntityOfPage\":{\"@id\":\"https:\\\/\\\/www.webdo.tn\\\/fr\\\/actualite\\\/national-45\\\/les-ressortissants-du-golfe-exemptes-de-visa-en-mai-pour-soutenir-le-tourisme-tunisien\\\/172009\\\/\"},\"wordCount\":156,\"commentCount\":0,\"publisher\":{\"@id\":\"https:\\\/\\\/www.webdo.tn\\\/fr\\\/#organization\"},\"image\":{\"@id\":\"https:\\\/\\\/www.webdo.tn\\\/fr\\\/actualite\\\/national-45\\\/les-ressortissants-du-golfe-exemptes-de-visa-en-mai-pour-soutenir-le-tourisme-tunisien\\\/172009\\\/#primaryimage\"},\"thumbnailUrl\":\"https:\\\/\\\/www.webdo.tn\\\/fr\\\/wp-content\\\/uploads\\\/2012\\\/04\\\/Moncef-Marzouki1.jpg\",\"keywords\":[\"guerre\"],\"articleSection\":[\"National\"],\"inLanguage\":\"fr-FR\"},{\"@type\":\"WebPage\",\"@id\":\"https:\\\/\\\/www.webdo.tn\\\/fr\\\/actualite\\\/national-45\\\/les-ressortissants-du-golfe-exemptes-de-visa-en-mai-pour-soutenir-le-tourisme-tunisien\\\/172009\\\/\",\"url\":\"https:\\\/\\\/www.webdo.tn\\\/fr\\\/actualite\\\/national-45\\\/les-ressortissants-du-golfe-exemptes-de-visa-en-mai-pour-soutenir-le-tourisme-tunisien\\\/172009\\\/\",\"name\":\"Les ressortissants du Golfe exempt\u00e9s de visa en mai 'pour soutenir le tourisme tunisien'\",\"isPartOf\":{\"@id\":\"https:\\\/\\\/www.webdo.tn\\\/fr\\\/#website\"},\"primaryImageOfPage\":{\"@id\":\"https:\\\/\\\/www.webdo.tn\\\/fr\\\/actualite\\\/national-45\\\/les-ressortissants-du-golfe-exemptes-de-visa-en-mai-pour-soutenir-le-tourisme-tunisien\\\/172009\\\/#primaryimage\"},\"image\":{\"@id\":\"https:\\\/\\\/www.webdo.tn\\\/fr\\\/actualite\\\/national-45\\\/les-ressortissants-du-golfe-exemptes-de-visa-en-mai-pour-soutenir-le-tourisme-tunisien\\\/172009\\\/#primaryimage\"},\"thumbnailUrl\":\"https:\\\/\\\/www.webdo.tn\\\/fr\\\/wp-content\\\/uploads\\\/2012\\\/04\\\/Moncef-Marzouki1.jpg\",\"datePublished\":\"2012-04-24T11:38:00+00:00\",\"description\":\"Les ressortissants du Golfe exempt\u00e9s de visa en mai 'pour soutenir le tourisme tunisien'\",\"breadcrumb\":{\"@id\":\"https:\\\/\\\/www.webdo.tn\\\/fr\\\/actualite\\\/national-45\\\/les-ressortissants-du-golfe-exemptes-de-visa-en-mai-pour-soutenir-le-tourisme-tunisien\\\/172009\\\/#breadcrumb\"},\"inLanguage\":\"fr-FR\",\"potentialAction\":[{\"@type\":\"ReadAction\",\"target\":[\"https:\\\/\\\/www.webdo.tn\\\/fr\\\/actualite\\\/national-45\\\/les-ressortissants-du-golfe-exemptes-de-visa-en-mai-pour-soutenir-le-tourisme-tunisien\\\/172009\\\/\"]}]},{\"@type\":\"ImageObject\",\"inLanguage\":\"fr-FR\",\"@id\":\"https:\\\/\\\/www.webdo.tn\\\/fr\\\/actualite\\\/national-45\\\/les-ressortissants-du-golfe-exemptes-de-visa-en-mai-pour-soutenir-le-tourisme-tunisien\\\/172009\\\/#primaryimage\",\"url\":\"https:\\\/\\\/www.webdo.tn\\\/fr\\\/wp-content\\\/uploads\\\/2012\\\/04\\\/Moncef-Marzouki1.jpg\",\"contentUrl\":\"https:\\\/\\\/www.webdo.tn\\\/fr\\\/wp-content\\\/uploads\\\/2012\\\/04\\\/Moncef-Marzouki1.jpg\",\"width\":247,\"height\":236,\"caption\":\"Les ressortissants du Golfe exempt\u00e9s de visa en mai 'pour soutenir le tourisme tunisien'\"},{\"@type\":\"BreadcrumbList\",\"@id\":\"https:\\\/\\\/www.webdo.tn\\\/fr\\\/actualite\\\/national-45\\\/les-ressortissants-du-golfe-exemptes-de-visa-en-mai-pour-soutenir-le-tourisme-tunisien\\\/172009\\\/#breadcrumb\",\"itemListElement\":[{\"@type\":\"ListItem\",\"position\":1,\"name\":\"Accueil\",\"item\":\"https:\\\/\\\/www.webdo.tn\\\/fr\\\/\"},{\"@type\":\"ListItem\",\"position\":2,\"name\":\"Les ressortissants du Golfe exempt\u00e9s de visa en mai &lsquo;pour soutenir le tourisme tunisien&rsquo;\"}]},{\"@type\":\"WebSite\",\"@id\":\"https:\\\/\\\/www.webdo.tn\\\/fr\\\/#website\",\"url\":\"https:\\\/\\\/www.webdo.tn\\\/fr\\\/\",\"name\":\"webdo\",\"description\":\"Tunisie - News en Tunisie et \u00e0 l&#039;international sur Webdo.tn\",\"publisher\":{\"@id\":\"https:\\\/\\\/www.webdo.tn\\\/fr\\\/#organization\"},\"potentialAction\":[{\"@type\":\"SearchAction\",\"target\":{\"@type\":\"EntryPoint\",\"urlTemplate\":\"https:\\\/\\\/www.webdo.tn\\\/fr\\\/?s={search_term_string}\"},\"query-input\":{\"@type\":\"PropertyValueSpecification\",\"valueRequired\":true,\"valueName\":\"search_term_string\"}}],\"inLanguage\":\"fr-FR\"},{\"@type\":\"Organization\",\"@id\":\"https:\\\/\\\/www.webdo.tn\\\/fr\\\/#organization\",\"name\":\"Webdo\",\"alternateName\":\"Webdo.tn\",\"url\":\"https:\\\/\\\/www.webdo.tn\\\/fr\\\/\",\"logo\":{\"@type\":\"ImageObject\",\"inLanguage\":\"fr-FR\",\"@id\":\"https:\\\/\\\/www.webdo.tn\\\/fr\\\/#\\\/schema\\\/logo\\\/image\\\/\",\"url\":\"https:\\\/\\\/www.webdo.tn\\\/fr\\\/wp-content\\\/uploads\\\/2025\\\/06\\\/Webdo-Tunisie_168377.jpg\",\"contentUrl\":\"https:\\\/\\\/www.webdo.tn\\\/fr\\\/wp-content\\\/uploads\\\/2025\\\/06\\\/Webdo-Tunisie_168377.jpg\",\"width\":301,\"height\":301,\"caption\":\"Webdo\"},\"image\":{\"@id\":\"https:\\\/\\\/www.webdo.tn\\\/fr\\\/#\\\/schema\\\/logo\\\/image\\\/\"},\"sameAs\":[\"https:\\\/\\\/www.facebook.com\\\/webdotn\",\"https:\\\/\\\/x.com\\\/webdo_tn\"],\"description\":\"Webdo est un m\u00e9dia num\u00e9rique tunisien fond\u00e9 en 2010, sp\u00e9cialis\u00e9 dans l\u2019actualit\u00e9 nationale et internationale, l\u2019\u00e9conomie, la soci\u00e9t\u00e9 et les analyses politiques. Le site s\u2019adresse \u00e0 un large public francophone et couvre l\u2019information tunisienne en temps r\u00e9el.\",\"email\":\"redac@webdo.tn\",\"legalName\":\"YNJ SARL\",\"foundingDate\":\"2010-09-06\",\"numberOfEmployees\":{\"@type\":\"QuantitativeValue\",\"minValue\":\"11\",\"maxValue\":\"50\"}},{\"@type\":\"Person\",\"@id\":\"https:\\\/\\\/www.webdo.tn\\\/fr\\\/#\\\/schema\\\/person\\\/9a9c6118d687c117df8ef3cc36a4d175\",\"name\":\"webdo.tn\",\"image\":{\"@type\":\"ImageObject\",\"inLanguage\":\"fr-FR\",\"@id\":\"https:\\\/\\\/secure.gravatar.com\\\/avatar\\\/7ce1f28c0c3bbac99ff550b85ef8e44a6950c6ee24514fb6a5489e51d06f0298?s=96&d=mm&r=g\",\"url\":\"https:\\\/\\\/secure.gravatar.com\\\/avatar\\\/7ce1f28c0c3bbac99ff550b85ef8e44a6950c6ee24514fb6a5489e51d06f0298?s=96&d=mm&r=g\",\"contentUrl\":\"https:\\\/\\\/secure.gravatar.com\\\/avatar\\\/7ce1f28c0c3bbac99ff550b85ef8e44a6950c6ee24514fb6a5489e51d06f0298?s=96&d=mm&r=g\",\"caption\":\"webdo.tn\"},\"url\":\"https:\\\/\\\/www.webdo.tn\\\/fr\\\/actualite\\\/author\\\/webdotn\\\/\"}]}<\/script>\n<!-- \/ Yoast SEO Premium plugin. -->","yoast_head_json":{"title":"Les ressortissants du Golfe exempt\u00e9s de visa en mai 'pour soutenir le tourisme tunisien'","description":"Les ressortissants du Golfe exempt\u00e9s de visa en mai 'pour soutenir le tourisme tunisien'","canonical":"https:\/\/www.webdo.tn\/fr\/actualite\/national-45\/les-ressortissants-du-golfe-exemptes-de-visa-en-mai-pour-soutenir-le-tourisme-tunisien\/172009\/","og_locale":"fr_FR","og_type":"article","og_title":"Les ressortissants du Golfe exempt\u00e9s de visa en mai 'pour soutenir le tourisme tunisien'","og_description":"Les ressortissants du Golfe exempt\u00e9s de visa en mai 'pour soutenir le tourisme tunisien'","og_url":"https:\/\/www.webdo.tn\/fr\/actualite\/national-45\/les-ressortissants-du-golfe-exemptes-de-visa-en-mai-pour-soutenir-le-tourisme-tunisien\/172009\/","og_site_name":"webdo","article_publisher":"https:\/\/www.facebook.com\/webdotn","article_published_time":"2012-04-24T11:38:00+00:00","og_image":[{"width":247,"height":236,"url":"https:\/\/www.webdo.tn\/fr\/wp-content\/uploads\/2012\/04\/Moncef-Marzouki1.jpg","type":"image\/jpeg"}],"author":"webdo.tn","twitter_card":"summary_large_image","twitter_creator":"@webdo_tn","twitter_site":"@webdo_tn","twitter_misc":{"\u00c9crit par":"webdo.tn","Dur\u00e9e de lecture estim\u00e9e":"1 minute"},"schema":{"@context":"https:\/\/schema.org","@graph":[{"@type":"NewsArticle","@id":"https:\/\/www.webdo.tn\/fr\/actualite\/national-45\/les-ressortissants-du-golfe-exemptes-de-visa-en-mai-pour-soutenir-le-tourisme-tunisien\/172009\/#article","isPartOf":{"@id":"https:\/\/www.webdo.tn\/fr\/actualite\/national-45\/les-ressortissants-du-golfe-exemptes-de-visa-en-mai-pour-soutenir-le-tourisme-tunisien\/172009\/"},"author":{"name":"webdo.tn","@id":"https:\/\/www.webdo.tn\/fr\/#\/schema\/person\/9a9c6118d687c117df8ef3cc36a4d175"},"headline":"Les ressortissants du Golfe exempt\u00e9s de visa en mai &lsquo;pour soutenir le tourisme tunisien&rsquo;","datePublished":"2012-04-24T11:38:00+00:00","mainEntityOfPage":{"@id":"https:\/\/www.webdo.tn\/fr\/actualite\/national-45\/les-ressortissants-du-golfe-exemptes-de-visa-en-mai-pour-soutenir-le-tourisme-tunisien\/172009\/"},"wordCount":156,"commentCount":0,"publisher":{"@id":"https:\/\/www.webdo.tn\/fr\/#organization"},"image":{"@id":"https:\/\/www.webdo.tn\/fr\/actualite\/national-45\/les-ressortissants-du-golfe-exemptes-de-visa-en-mai-pour-soutenir-le-tourisme-tunisien\/172009\/#primaryimage"},"thumbnailUrl":"https:\/\/www.webdo.tn\/fr\/wp-content\/uploads\/2012\/04\/Moncef-Marzouki1.jpg","keywords":["guerre"],"articleSection":["National"],"inLanguage":"fr-FR"},{"@type":"WebPage","@id":"https:\/\/www.webdo.tn\/fr\/actualite\/national-45\/les-ressortissants-du-golfe-exemptes-de-visa-en-mai-pour-soutenir-le-tourisme-tunisien\/172009\/","url":"https:\/\/www.webdo.tn\/fr\/actualite\/national-45\/les-ressortissants-du-golfe-exemptes-de-visa-en-mai-pour-soutenir-le-tourisme-tunisien\/172009\/","name":"Les ressortissants du Golfe exempt\u00e9s de visa en mai 'pour soutenir le tourisme tunisien'","isPartOf":{"@id":"https:\/\/www.webdo.tn\/fr\/#website"},"primaryImageOfPage":{"@id":"https:\/\/www.webdo.tn\/fr\/actualite\/national-45\/les-ressortissants-du-golfe-exemptes-de-visa-en-mai-pour-soutenir-le-tourisme-tunisien\/172009\/#primaryimage"},"image":{"@id":"https:\/\/www.webdo.tn\/fr\/actualite\/national-45\/les-ressortissants-du-golfe-exemptes-de-visa-en-mai-pour-soutenir-le-tourisme-tunisien\/172009\/#primaryimage"},"thumbnailUrl":"https:\/\/www.webdo.tn\/fr\/wp-content\/uploads\/2012\/04\/Moncef-Marzouki1.jpg","datePublished":"2012-04-24T11:38:00+00:00","description":"Les ressortissants du Golfe exempt\u00e9s de visa en mai 'pour soutenir le tourisme tunisien'","breadcrumb":{"@id":"https:\/\/www.webdo.tn\/fr\/actualite\/national-45\/les-ressortissants-du-golfe-exemptes-de-visa-en-mai-pour-soutenir-le-tourisme-tunisien\/172009\/#breadcrumb"},"inLanguage":"fr-FR","potentialAction":[{"@type":"ReadAction","target":["https:\/\/www.webdo.tn\/fr\/actualite\/national-45\/les-ressortissants-du-golfe-exemptes-de-visa-en-mai-pour-soutenir-le-tourisme-tunisien\/172009\/"]}]},{"@type":"ImageObject","inLanguage":"fr-FR","@id":"https:\/\/www.webdo.tn\/fr\/actualite\/national-45\/les-ressortissants-du-golfe-exemptes-de-visa-en-mai-pour-soutenir-le-tourisme-tunisien\/172009\/#primaryimage","url":"https:\/\/www.webdo.tn\/fr\/wp-content\/uploads\/2012\/04\/Moncef-Marzouki1.jpg","contentUrl":"https:\/\/www.webdo.tn\/fr\/wp-content\/uploads\/2012\/04\/Moncef-Marzouki1.jpg","width":247,"height":236,"caption":"Les ressortissants du Golfe exempt\u00e9s de visa en mai 'pour soutenir le tourisme tunisien'"},{"@type":"BreadcrumbList","@id":"https:\/\/www.webdo.tn\/fr\/actualite\/national-45\/les-ressortissants-du-golfe-exemptes-de-visa-en-mai-pour-soutenir-le-tourisme-tunisien\/172009\/#breadcrumb","itemListElement":[{"@type":"ListItem","position":1,"name":"Accueil","item":"https:\/\/www.webdo.tn\/fr\/"},{"@type":"ListItem","position":2,"name":"Les ressortissants du Golfe exempt\u00e9s de visa en mai &lsquo;pour soutenir le tourisme tunisien&rsquo;"}]},{"@type":"WebSite","@id":"https:\/\/www.webdo.tn\/fr\/#website","url":"https:\/\/www.webdo.tn\/fr\/","name":"webdo","description":"Tunisie - News en Tunisie et \u00e0 l&#039;international sur Webdo.tn","publisher":{"@id":"https:\/\/www.webdo.tn\/fr\/#organization"},"potentialAction":[{"@type":"SearchAction","target":{"@type":"EntryPoint","urlTemplate":"https:\/\/www.webdo.tn\/fr\/?s={search_term_string}"},"query-input":{"@type":"PropertyValueSpecification","valueRequired":true,"valueName":"search_term_string"}}],"inLanguage":"fr-FR"},{"@type":"Organization","@id":"https:\/\/www.webdo.tn\/fr\/#organization","name":"Webdo","alternateName":"Webdo.tn","url":"https:\/\/www.webdo.tn\/fr\/","logo":{"@type":"ImageObject","inLanguage":"fr-FR","@id":"https:\/\/www.webdo.tn\/fr\/#\/schema\/logo\/image\/","url":"https:\/\/www.webdo.tn\/fr\/wp-content\/uploads\/2025\/06\/Webdo-Tunisie_168377.jpg","contentUrl":"https:\/\/www.webdo.tn\/fr\/wp-content\/uploads\/2025\/06\/Webdo-Tunisie_168377.jpg","width":301,"height":301,"caption":"Webdo"},"image":{"@id":"https:\/\/www.webdo.tn\/fr\/#\/schema\/logo\/image\/"},"sameAs":["https:\/\/www.facebook.com\/webdotn","https:\/\/x.com\/webdo_tn"],"description":"Webdo est un m\u00e9dia num\u00e9rique tunisien fond\u00e9 en 2010, sp\u00e9cialis\u00e9 dans l\u2019actualit\u00e9 nationale et internationale, l\u2019\u00e9conomie, la soci\u00e9t\u00e9 et les analyses politiques. Le site s\u2019adresse \u00e0 un large public francophone et couvre l\u2019information tunisienne en temps r\u00e9el.","email":"redac@webdo.tn","legalName":"YNJ SARL","foundingDate":"2010-09-06","numberOfEmployees":{"@type":"QuantitativeValue","minValue":"11","maxValue":"50"}},{"@type":"Person","@id":"https:\/\/www.webdo.tn\/fr\/#\/schema\/person\/9a9c6118d687c117df8ef3cc36a4d175","name":"webdo.tn","image":{"@type":"ImageObject","inLanguage":"fr-FR","@id":"https:\/\/secure.gravatar.com\/avatar\/7ce1f28c0c3bbac99ff550b85ef8e44a6950c6ee24514fb6a5489e51d06f0298?s=96&d=mm&r=g","url":"https:\/\/secure.gravatar.com\/avatar\/7ce1f28c0c3bbac99ff550b85ef8e44a6950c6ee24514fb6a5489e51d06f0298?s=96&d=mm&r=g","contentUrl":"https:\/\/secure.gravatar.com\/avatar\/7ce1f28c0c3bbac99ff550b85ef8e44a6950c6ee24514fb6a5489e51d06f0298?s=96&d=mm&r=g","caption":"webdo.tn"},"url":"https:\/\/www.webdo.tn\/fr\/actualite\/author\/webdotn\/"}]}},"_links":{"self":[{"href":"https:\/\/www.webdo.tn\/fr\/wp-json\/wp\/v2\/posts\/172009","targetHints":{"allow":["GET"]}}],"collection":[{"href":"https:\/\/www.webdo.tn\/fr\/wp-json\/wp\/v2\/posts"}],"about":[{"href":"https:\/\/www.webdo.tn\/fr\/wp-json\/wp\/v2\/types\/post"}],"author":[{"embeddable":true,"href":"https:\/\/www.webdo.tn\/fr\/wp-json\/wp\/v2\/users\/3222"}],"replies":[{"embeddable":true,"href":"https:\/\/www.webdo.tn\/fr\/wp-json\/wp\/v2\/comments?post=172009"}],"version-history":[{"count":0,"href":"https:\/\/www.webdo.tn\/fr\/wp-json\/wp\/v2\/posts\/172009\/revisions"}],"wp:featuredmedia":[{"embeddable":true,"href":"https:\/\/www.webdo.tn\/fr\/wp-json\/wp\/v2\/media\/333616"}],"wp:attachment":[{"href":"https:\/\/www.webdo.tn\/fr\/wp-json\/wp\/v2\/media?parent=172009"}],"wp:term":[{"taxonomy":"category","embeddable":true,"href":"https:\/\/www.webdo.tn\/fr\/wp-json\/wp\/v2\/categories?post=172009"},{"taxonomy":"post_tag","embeddable":true,"href":"https:\/\/www.webdo.tn\/fr\/wp-json\/wp\/v2\/tags?post=172009"}],"curies":[{"name":"wp","href":"https:\/\/api.w.org\/{rel}","templated":true}]}}