{"id":172008,"date":"2012-04-24T18:00:00","date_gmt":"2012-04-24T18:00:00","guid":{"rendered":"https:\/\/www.webdo.tn\/fr\/blog\/du-rififi-a-la-radio-nationale-habib-belaid-evince\/172008\/"},"modified":"2012-04-24T18:00:00","modified_gmt":"2012-04-24T18:00:00","slug":"du-rififi-a-la-radio-nationale-habib-belaid-evince","status":"publish","type":"post","link":"https:\/\/www.webdo.tn\/fr\/actualite\/national\/du-rififi-a-la-radio-nationale-habib-belaid-evince\/172008\/","title":{"rendered":"Du rififi \u00e0 la radio nationale : Habib Bela\u00efd \u00e9vinc\u00e9, des directeurs sur le point de d\u00e9missionner\u2026"},"content":{"rendered":"<p>Habib Belaid a \u00e9t\u00e9 \u00e9c\u0153ur\u00e9 par son \u00e9viction de la t\u00eate de l&rsquo;\u00c9tablissement de la Radio Nationale. Rappelons que l&rsquo;ex-animateur de RTCI avait \u00e9t\u00e9 nomm\u00e9 \u00e0 ce poste le 24 janvier 2011. Cette nomination fut ent\u00e9rin\u00e9e le 17 avril 2012 et publi\u00e9e sur le JORT le 20 du m\u00eame mois.<\/p>\n<p>Amer, Habib Belaid a d\u00e9clar\u00e9 \u00ab\u00a0sa surprise d&rsquo;apprendre son d\u00e9part seulement aujourd&rsquo;hui, via son chauffeur, et qu&rsquo;aucune personne au sein du gouvernement n&rsquo;a daign\u00e9 le pr\u00e9venir \u00e0 l&rsquo;avance\u00a0\u00bb, nous apprend Kapitalis qui a contact\u00e9 par t\u00e9l\u00e9phone le d\u00e9sormais ex-PDG de l&rsquo;ERN. Le rempla\u00e7ant de M. Belaid est M. Mohamed El Mouadded.<\/p>\n<p>Au sujet de sa nomination, \u00abJe ne suis pas surpris, mais \u00e9c\u0153ur\u00e9\u00bb, a ajout\u00e9 H. Belaid. Toutefois il est \u00e0 signaler que Mohamed El Mouadded est un docteur en \u00ab\u00a0technologies de radio\u00a0\u00bb, selon Shems FM. <\/p>\n<p>Cette mani\u00e8re dont Habib Belaid quitte l&rsquo;ERN confirme l&rsquo;\u00e9norme probl\u00e8me qu&rsquo;a le gouvernement actuel avec les m\u00e9dias. Un conflit qui a atteint son paroxysme ces derni\u00e8res vingt-quatre heurs, au cours desquelles des affrontements ont eu lieu entre des Sitineurs et des salari\u00e9s de l&rsquo;ETT devant le si\u00e8ge de la T\u00e9l\u00e9vision Nationale.<\/p>\n<p>Ces accrochages d\u00e9plorables ont fait quelques bless\u00e9s, selon Mosaique FM. En effet, un journaliste de la chaine, Walid Hamraoui, a \u00e9t\u00e9 bless\u00e9 \u00e0 la main, par un couteau, alors qu&rsquo;un policier a aussi \u00e9t\u00e9 touch\u00e9 suite \u00e0 un jet de pierre de la part des sitineurs.Selon toute vraisemblance, on vient d\u2019apprendre qu\u2019\u00e0 la suite de l&rsquo;\u00e9viction-surprise de Habib Bela\u00efd, les directeurs de la radio nationale auraient d\u00e9cid\u00e9 de pr\u00e9senter leurs d\u00e9missions.<\/p>\n","protected":false},"excerpt":{"rendered":"<p>Du rififi \u00e0 la radio nationale : Habib Bela\u00efd \u00e9vinc\u00e9, des directeurs sur le point de d\u00e9missionner\u2026<\/p>\n","protected":false},"author":3222,"featured_media":333619,"comment_status":"open","ping_status":"closed","sticky":false,"template":"","format":"standard","meta":{"footnotes":""},"categories":[44],"tags":[2600],"class_list":["post-172008","post","type-post","status-publish","format-standard","has-post-thumbnail","hentry","category-national","tag-guerre"],"yoast_head":"<!-- This site is optimized with the Yoast SEO Premium plugin v27.5 (Yoast SEO v27.5) - https:\/\/yoast.com\/product\/yoast-seo-premium-wordpress\/ -->\n<title>Du rififi \u00e0 la radio nationale : Habib Bela\u00efd \u00e9vinc\u00e9, des directeurs sur le point de d\u00e9missionner\u2026<\/title>\n<meta name=\"description\" content=\"Du rififi \u00e0 la radio nationale : Habib Bela\u00efd \u00e9vinc\u00e9, des directeurs sur le point de d\u00e9missionner\u2026\" \/>\n<link rel=\"canonical\" href=\"https:\/\/www.webdo.tn\/fr\/actualite\/national-45\/du-rififi-a-la-radio-nationale-habib-belaid-evince\/172008\/\" \/>\n<meta property=\"og:locale\" content=\"fr_FR\" \/>\n<meta property=\"og:type\" content=\"article\" \/>\n<meta property=\"og:title\" content=\"Du rififi \u00e0 la radio nationale : Habib Bela\u00efd \u00e9vinc\u00e9, des directeurs sur le point de d\u00e9missionner\u2026\" \/>\n<meta property=\"og:description\" content=\"Du rififi \u00e0 la radio nationale : Habib Bela\u00efd \u00e9vinc\u00e9, des directeurs sur le point de d\u00e9missionner\u2026\" \/>\n<meta property=\"og:url\" content=\"https:\/\/www.webdo.tn\/fr\/actualite\/national-45\/du-rififi-a-la-radio-nationale-habib-belaid-evince\/172008\/\" \/>\n<meta property=\"og:site_name\" content=\"webdo\" \/>\n<meta property=\"article:publisher\" content=\"https:\/\/www.facebook.com\/webdotn\" \/>\n<meta property=\"article:published_time\" content=\"2012-04-24T18:00:00+00:00\" \/>\n<meta property=\"og:image\" content=\"https:\/\/www.webdo.tn\/fr\/wp-content\/uploads\/2012\/04\/Sans-titre-150x150-1.png\" \/>\n\t<meta property=\"og:image:width\" content=\"150\" \/>\n\t<meta property=\"og:image:height\" content=\"150\" \/>\n\t<meta property=\"og:image:type\" content=\"image\/png\" \/>\n<meta name=\"author\" content=\"webdo.tn\" \/>\n<meta name=\"twitter:card\" content=\"summary_large_image\" \/>\n<meta name=\"twitter:creator\" content=\"@webdo_tn\" \/>\n<meta name=\"twitter:site\" content=\"@webdo_tn\" \/>\n<meta name=\"twitter:label1\" content=\"\u00c9crit par\" \/>\n\t<meta name=\"twitter:data1\" content=\"webdo.tn\" \/>\n\t<meta name=\"twitter:label2\" content=\"Dur\u00e9e de lecture estim\u00e9e\" \/>\n\t<meta name=\"twitter:data2\" content=\"1 minute\" \/>\n<script type=\"application\/ld+json\" class=\"yoast-schema-graph\">{\"@context\":\"https:\\\/\\\/schema.org\",\"@graph\":[{\"@type\":\"NewsArticle\",\"@id\":\"https:\\\/\\\/www.webdo.tn\\\/fr\\\/actualite\\\/national-45\\\/du-rififi-a-la-radio-nationale-habib-belaid-evince\\\/172008\\\/#article\",\"isPartOf\":{\"@id\":\"https:\\\/\\\/www.webdo.tn\\\/fr\\\/actualite\\\/national-45\\\/du-rififi-a-la-radio-nationale-habib-belaid-evince\\\/172008\\\/\"},\"author\":{\"name\":\"webdo.tn\",\"@id\":\"https:\\\/\\\/www.webdo.tn\\\/fr\\\/#\\\/schema\\\/person\\\/9a9c6118d687c117df8ef3cc36a4d175\"},\"headline\":\"Du rififi \u00e0 la radio nationale : Habib Bela\u00efd \u00e9vinc\u00e9, des directeurs sur le point de d\u00e9missionner\u2026\",\"datePublished\":\"2012-04-24T18:00:00+00:00\",\"mainEntityOfPage\":{\"@id\":\"https:\\\/\\\/www.webdo.tn\\\/fr\\\/actualite\\\/national-45\\\/du-rififi-a-la-radio-nationale-habib-belaid-evince\\\/172008\\\/\"},\"wordCount\":309,\"commentCount\":0,\"publisher\":{\"@id\":\"https:\\\/\\\/www.webdo.tn\\\/fr\\\/#organization\"},\"image\":{\"@id\":\"https:\\\/\\\/www.webdo.tn\\\/fr\\\/actualite\\\/national-45\\\/du-rififi-a-la-radio-nationale-habib-belaid-evince\\\/172008\\\/#primaryimage\"},\"thumbnailUrl\":\"https:\\\/\\\/www.webdo.tn\\\/fr\\\/wp-content\\\/uploads\\\/2012\\\/04\\\/Sans-titre-150x150-1.png\",\"keywords\":[\"guerre\"],\"articleSection\":[\"National\"],\"inLanguage\":\"fr-FR\"},{\"@type\":\"WebPage\",\"@id\":\"https:\\\/\\\/www.webdo.tn\\\/fr\\\/actualite\\\/national-45\\\/du-rififi-a-la-radio-nationale-habib-belaid-evince\\\/172008\\\/\",\"url\":\"https:\\\/\\\/www.webdo.tn\\\/fr\\\/actualite\\\/national-45\\\/du-rififi-a-la-radio-nationale-habib-belaid-evince\\\/172008\\\/\",\"name\":\"Du rififi \u00e0 la radio nationale : Habib Bela\u00efd \u00e9vinc\u00e9, des directeurs sur le point de d\u00e9missionner\u2026\",\"isPartOf\":{\"@id\":\"https:\\\/\\\/www.webdo.tn\\\/fr\\\/#website\"},\"primaryImageOfPage\":{\"@id\":\"https:\\\/\\\/www.webdo.tn\\\/fr\\\/actualite\\\/national-45\\\/du-rififi-a-la-radio-nationale-habib-belaid-evince\\\/172008\\\/#primaryimage\"},\"image\":{\"@id\":\"https:\\\/\\\/www.webdo.tn\\\/fr\\\/actualite\\\/national-45\\\/du-rififi-a-la-radio-nationale-habib-belaid-evince\\\/172008\\\/#primaryimage\"},\"thumbnailUrl\":\"https:\\\/\\\/www.webdo.tn\\\/fr\\\/wp-content\\\/uploads\\\/2012\\\/04\\\/Sans-titre-150x150-1.png\",\"datePublished\":\"2012-04-24T18:00:00+00:00\",\"description\":\"Du rififi \u00e0 la radio nationale : Habib Bela\u00efd \u00e9vinc\u00e9, des directeurs sur le point de d\u00e9missionner\u2026\",\"breadcrumb\":{\"@id\":\"https:\\\/\\\/www.webdo.tn\\\/fr\\\/actualite\\\/national-45\\\/du-rififi-a-la-radio-nationale-habib-belaid-evince\\\/172008\\\/#breadcrumb\"},\"inLanguage\":\"fr-FR\",\"potentialAction\":[{\"@type\":\"ReadAction\",\"target\":[\"https:\\\/\\\/www.webdo.tn\\\/fr\\\/actualite\\\/national-45\\\/du-rififi-a-la-radio-nationale-habib-belaid-evince\\\/172008\\\/\"]}]},{\"@type\":\"ImageObject\",\"inLanguage\":\"fr-FR\",\"@id\":\"https:\\\/\\\/www.webdo.tn\\\/fr\\\/actualite\\\/national-45\\\/du-rififi-a-la-radio-nationale-habib-belaid-evince\\\/172008\\\/#primaryimage\",\"url\":\"https:\\\/\\\/www.webdo.tn\\\/fr\\\/wp-content\\\/uploads\\\/2012\\\/04\\\/Sans-titre-150x150-1.png\",\"contentUrl\":\"https:\\\/\\\/www.webdo.tn\\\/fr\\\/wp-content\\\/uploads\\\/2012\\\/04\\\/Sans-titre-150x150-1.png\",\"width\":150,\"height\":150,\"caption\":\"Du rififi \u00e0 la radio nationale : Habib Bela\u00efd \u00e9vinc\u00e9, des directeurs sur le point de d\u00e9missionner\u2026\"},{\"@type\":\"BreadcrumbList\",\"@id\":\"https:\\\/\\\/www.webdo.tn\\\/fr\\\/actualite\\\/national-45\\\/du-rififi-a-la-radio-nationale-habib-belaid-evince\\\/172008\\\/#breadcrumb\",\"itemListElement\":[{\"@type\":\"ListItem\",\"position\":1,\"name\":\"Accueil\",\"item\":\"https:\\\/\\\/www.webdo.tn\\\/fr\\\/\"},{\"@type\":\"ListItem\",\"position\":2,\"name\":\"Du rififi \u00e0 la radio nationale : Habib Bela\u00efd \u00e9vinc\u00e9, des directeurs sur le point de d\u00e9missionner\u2026\"}]},{\"@type\":\"WebSite\",\"@id\":\"https:\\\/\\\/www.webdo.tn\\\/fr\\\/#website\",\"url\":\"https:\\\/\\\/www.webdo.tn\\\/fr\\\/\",\"name\":\"webdo\",\"description\":\"Tunisie - News en Tunisie et \u00e0 l&#039;international sur Webdo.tn\",\"publisher\":{\"@id\":\"https:\\\/\\\/www.webdo.tn\\\/fr\\\/#organization\"},\"potentialAction\":[{\"@type\":\"SearchAction\",\"target\":{\"@type\":\"EntryPoint\",\"urlTemplate\":\"https:\\\/\\\/www.webdo.tn\\\/fr\\\/?s={search_term_string}\"},\"query-input\":{\"@type\":\"PropertyValueSpecification\",\"valueRequired\":true,\"valueName\":\"search_term_string\"}}],\"inLanguage\":\"fr-FR\"},{\"@type\":\"Organization\",\"@id\":\"https:\\\/\\\/www.webdo.tn\\\/fr\\\/#organization\",\"name\":\"Webdo\",\"alternateName\":\"Webdo.tn\",\"url\":\"https:\\\/\\\/www.webdo.tn\\\/fr\\\/\",\"logo\":{\"@type\":\"ImageObject\",\"inLanguage\":\"fr-FR\",\"@id\":\"https:\\\/\\\/www.webdo.tn\\\/fr\\\/#\\\/schema\\\/logo\\\/image\\\/\",\"url\":\"https:\\\/\\\/www.webdo.tn\\\/fr\\\/wp-content\\\/uploads\\\/2025\\\/06\\\/Webdo-Tunisie_168377.jpg\",\"contentUrl\":\"https:\\\/\\\/www.webdo.tn\\\/fr\\\/wp-content\\\/uploads\\\/2025\\\/06\\\/Webdo-Tunisie_168377.jpg\",\"width\":301,\"height\":301,\"caption\":\"Webdo\"},\"image\":{\"@id\":\"https:\\\/\\\/www.webdo.tn\\\/fr\\\/#\\\/schema\\\/logo\\\/image\\\/\"},\"sameAs\":[\"https:\\\/\\\/www.facebook.com\\\/webdotn\",\"https:\\\/\\\/x.com\\\/webdo_tn\"],\"description\":\"Webdo est un m\u00e9dia num\u00e9rique tunisien fond\u00e9 en 2010, sp\u00e9cialis\u00e9 dans l\u2019actualit\u00e9 nationale et internationale, l\u2019\u00e9conomie, la soci\u00e9t\u00e9 et les analyses politiques. Le site s\u2019adresse \u00e0 un large public francophone et couvre l\u2019information tunisienne en temps r\u00e9el.\",\"email\":\"redac@webdo.tn\",\"legalName\":\"YNJ SARL\",\"foundingDate\":\"2010-09-06\",\"numberOfEmployees\":{\"@type\":\"QuantitativeValue\",\"minValue\":\"11\",\"maxValue\":\"50\"}},{\"@type\":\"Person\",\"@id\":\"https:\\\/\\\/www.webdo.tn\\\/fr\\\/#\\\/schema\\\/person\\\/9a9c6118d687c117df8ef3cc36a4d175\",\"name\":\"webdo.tn\",\"image\":{\"@type\":\"ImageObject\",\"inLanguage\":\"fr-FR\",\"@id\":\"https:\\\/\\\/secure.gravatar.com\\\/avatar\\\/7ce1f28c0c3bbac99ff550b85ef8e44a6950c6ee24514fb6a5489e51d06f0298?s=96&d=mm&r=g\",\"url\":\"https:\\\/\\\/secure.gravatar.com\\\/avatar\\\/7ce1f28c0c3bbac99ff550b85ef8e44a6950c6ee24514fb6a5489e51d06f0298?s=96&d=mm&r=g\",\"contentUrl\":\"https:\\\/\\\/secure.gravatar.com\\\/avatar\\\/7ce1f28c0c3bbac99ff550b85ef8e44a6950c6ee24514fb6a5489e51d06f0298?s=96&d=mm&r=g\",\"caption\":\"webdo.tn\"},\"url\":\"https:\\\/\\\/www.webdo.tn\\\/fr\\\/actualite\\\/author\\\/webdotn\\\/\"}]}<\/script>\n<!-- \/ Yoast SEO Premium plugin. -->","yoast_head_json":{"title":"Du rififi \u00e0 la radio nationale : Habib Bela\u00efd \u00e9vinc\u00e9, des directeurs sur le point de d\u00e9missionner\u2026","description":"Du rififi \u00e0 la radio nationale : Habib Bela\u00efd \u00e9vinc\u00e9, des directeurs sur le point de d\u00e9missionner\u2026","canonical":"https:\/\/www.webdo.tn\/fr\/actualite\/national-45\/du-rififi-a-la-radio-nationale-habib-belaid-evince\/172008\/","og_locale":"fr_FR","og_type":"article","og_title":"Du rififi \u00e0 la radio nationale : Habib Bela\u00efd \u00e9vinc\u00e9, des directeurs sur le point de d\u00e9missionner\u2026","og_description":"Du rififi \u00e0 la radio nationale : Habib Bela\u00efd \u00e9vinc\u00e9, des directeurs sur le point de d\u00e9missionner\u2026","og_url":"https:\/\/www.webdo.tn\/fr\/actualite\/national-45\/du-rififi-a-la-radio-nationale-habib-belaid-evince\/172008\/","og_site_name":"webdo","article_publisher":"https:\/\/www.facebook.com\/webdotn","article_published_time":"2012-04-24T18:00:00+00:00","og_image":[{"width":150,"height":150,"url":"https:\/\/www.webdo.tn\/fr\/wp-content\/uploads\/2012\/04\/Sans-titre-150x150-1.png","type":"image\/png"}],"author":"webdo.tn","twitter_card":"summary_large_image","twitter_creator":"@webdo_tn","twitter_site":"@webdo_tn","twitter_misc":{"\u00c9crit par":"webdo.tn","Dur\u00e9e de lecture estim\u00e9e":"1 minute"},"schema":{"@context":"https:\/\/schema.org","@graph":[{"@type":"NewsArticle","@id":"https:\/\/www.webdo.tn\/fr\/actualite\/national-45\/du-rififi-a-la-radio-nationale-habib-belaid-evince\/172008\/#article","isPartOf":{"@id":"https:\/\/www.webdo.tn\/fr\/actualite\/national-45\/du-rififi-a-la-radio-nationale-habib-belaid-evince\/172008\/"},"author":{"name":"webdo.tn","@id":"https:\/\/www.webdo.tn\/fr\/#\/schema\/person\/9a9c6118d687c117df8ef3cc36a4d175"},"headline":"Du rififi \u00e0 la radio nationale : Habib Bela\u00efd \u00e9vinc\u00e9, des directeurs sur le point de d\u00e9missionner\u2026","datePublished":"2012-04-24T18:00:00+00:00","mainEntityOfPage":{"@id":"https:\/\/www.webdo.tn\/fr\/actualite\/national-45\/du-rififi-a-la-radio-nationale-habib-belaid-evince\/172008\/"},"wordCount":309,"commentCount":0,"publisher":{"@id":"https:\/\/www.webdo.tn\/fr\/#organization"},"image":{"@id":"https:\/\/www.webdo.tn\/fr\/actualite\/national-45\/du-rififi-a-la-radio-nationale-habib-belaid-evince\/172008\/#primaryimage"},"thumbnailUrl":"https:\/\/www.webdo.tn\/fr\/wp-content\/uploads\/2012\/04\/Sans-titre-150x150-1.png","keywords":["guerre"],"articleSection":["National"],"inLanguage":"fr-FR"},{"@type":"WebPage","@id":"https:\/\/www.webdo.tn\/fr\/actualite\/national-45\/du-rififi-a-la-radio-nationale-habib-belaid-evince\/172008\/","url":"https:\/\/www.webdo.tn\/fr\/actualite\/national-45\/du-rififi-a-la-radio-nationale-habib-belaid-evince\/172008\/","name":"Du rififi \u00e0 la radio nationale : Habib Bela\u00efd \u00e9vinc\u00e9, des directeurs sur le point de d\u00e9missionner\u2026","isPartOf":{"@id":"https:\/\/www.webdo.tn\/fr\/#website"},"primaryImageOfPage":{"@id":"https:\/\/www.webdo.tn\/fr\/actualite\/national-45\/du-rififi-a-la-radio-nationale-habib-belaid-evince\/172008\/#primaryimage"},"image":{"@id":"https:\/\/www.webdo.tn\/fr\/actualite\/national-45\/du-rififi-a-la-radio-nationale-habib-belaid-evince\/172008\/#primaryimage"},"thumbnailUrl":"https:\/\/www.webdo.tn\/fr\/wp-content\/uploads\/2012\/04\/Sans-titre-150x150-1.png","datePublished":"2012-04-24T18:00:00+00:00","description":"Du rififi \u00e0 la radio nationale : Habib Bela\u00efd \u00e9vinc\u00e9, des directeurs sur le point de d\u00e9missionner\u2026","breadcrumb":{"@id":"https:\/\/www.webdo.tn\/fr\/actualite\/national-45\/du-rififi-a-la-radio-nationale-habib-belaid-evince\/172008\/#breadcrumb"},"inLanguage":"fr-FR","potentialAction":[{"@type":"ReadAction","target":["https:\/\/www.webdo.tn\/fr\/actualite\/national-45\/du-rififi-a-la-radio-nationale-habib-belaid-evince\/172008\/"]}]},{"@type":"ImageObject","inLanguage":"fr-FR","@id":"https:\/\/www.webdo.tn\/fr\/actualite\/national-45\/du-rififi-a-la-radio-nationale-habib-belaid-evince\/172008\/#primaryimage","url":"https:\/\/www.webdo.tn\/fr\/wp-content\/uploads\/2012\/04\/Sans-titre-150x150-1.png","contentUrl":"https:\/\/www.webdo.tn\/fr\/wp-content\/uploads\/2012\/04\/Sans-titre-150x150-1.png","width":150,"height":150,"caption":"Du rififi \u00e0 la radio nationale : Habib Bela\u00efd \u00e9vinc\u00e9, des directeurs sur le point de d\u00e9missionner\u2026"},{"@type":"BreadcrumbList","@id":"https:\/\/www.webdo.tn\/fr\/actualite\/national-45\/du-rififi-a-la-radio-nationale-habib-belaid-evince\/172008\/#breadcrumb","itemListElement":[{"@type":"ListItem","position":1,"name":"Accueil","item":"https:\/\/www.webdo.tn\/fr\/"},{"@type":"ListItem","position":2,"name":"Du rififi \u00e0 la radio nationale : Habib Bela\u00efd \u00e9vinc\u00e9, des directeurs sur le point de d\u00e9missionner\u2026"}]},{"@type":"WebSite","@id":"https:\/\/www.webdo.tn\/fr\/#website","url":"https:\/\/www.webdo.tn\/fr\/","name":"webdo","description":"Tunisie - News en Tunisie et \u00e0 l&#039;international sur Webdo.tn","publisher":{"@id":"https:\/\/www.webdo.tn\/fr\/#organization"},"potentialAction":[{"@type":"SearchAction","target":{"@type":"EntryPoint","urlTemplate":"https:\/\/www.webdo.tn\/fr\/?s={search_term_string}"},"query-input":{"@type":"PropertyValueSpecification","valueRequired":true,"valueName":"search_term_string"}}],"inLanguage":"fr-FR"},{"@type":"Organization","@id":"https:\/\/www.webdo.tn\/fr\/#organization","name":"Webdo","alternateName":"Webdo.tn","url":"https:\/\/www.webdo.tn\/fr\/","logo":{"@type":"ImageObject","inLanguage":"fr-FR","@id":"https:\/\/www.webdo.tn\/fr\/#\/schema\/logo\/image\/","url":"https:\/\/www.webdo.tn\/fr\/wp-content\/uploads\/2025\/06\/Webdo-Tunisie_168377.jpg","contentUrl":"https:\/\/www.webdo.tn\/fr\/wp-content\/uploads\/2025\/06\/Webdo-Tunisie_168377.jpg","width":301,"height":301,"caption":"Webdo"},"image":{"@id":"https:\/\/www.webdo.tn\/fr\/#\/schema\/logo\/image\/"},"sameAs":["https:\/\/www.facebook.com\/webdotn","https:\/\/x.com\/webdo_tn"],"description":"Webdo est un m\u00e9dia num\u00e9rique tunisien fond\u00e9 en 2010, sp\u00e9cialis\u00e9 dans l\u2019actualit\u00e9 nationale et internationale, l\u2019\u00e9conomie, la soci\u00e9t\u00e9 et les analyses politiques. Le site s\u2019adresse \u00e0 un large public francophone et couvre l\u2019information tunisienne en temps r\u00e9el.","email":"redac@webdo.tn","legalName":"YNJ SARL","foundingDate":"2010-09-06","numberOfEmployees":{"@type":"QuantitativeValue","minValue":"11","maxValue":"50"}},{"@type":"Person","@id":"https:\/\/www.webdo.tn\/fr\/#\/schema\/person\/9a9c6118d687c117df8ef3cc36a4d175","name":"webdo.tn","image":{"@type":"ImageObject","inLanguage":"fr-FR","@id":"https:\/\/secure.gravatar.com\/avatar\/7ce1f28c0c3bbac99ff550b85ef8e44a6950c6ee24514fb6a5489e51d06f0298?s=96&d=mm&r=g","url":"https:\/\/secure.gravatar.com\/avatar\/7ce1f28c0c3bbac99ff550b85ef8e44a6950c6ee24514fb6a5489e51d06f0298?s=96&d=mm&r=g","contentUrl":"https:\/\/secure.gravatar.com\/avatar\/7ce1f28c0c3bbac99ff550b85ef8e44a6950c6ee24514fb6a5489e51d06f0298?s=96&d=mm&r=g","caption":"webdo.tn"},"url":"https:\/\/www.webdo.tn\/fr\/actualite\/author\/webdotn\/"}]}},"_links":{"self":[{"href":"https:\/\/www.webdo.tn\/fr\/wp-json\/wp\/v2\/posts\/172008","targetHints":{"allow":["GET"]}}],"collection":[{"href":"https:\/\/www.webdo.tn\/fr\/wp-json\/wp\/v2\/posts"}],"about":[{"href":"https:\/\/www.webdo.tn\/fr\/wp-json\/wp\/v2\/types\/post"}],"author":[{"embeddable":true,"href":"https:\/\/www.webdo.tn\/fr\/wp-json\/wp\/v2\/users\/3222"}],"replies":[{"embeddable":true,"href":"https:\/\/www.webdo.tn\/fr\/wp-json\/wp\/v2\/comments?post=172008"}],"version-history":[{"count":0,"href":"https:\/\/www.webdo.tn\/fr\/wp-json\/wp\/v2\/posts\/172008\/revisions"}],"wp:featuredmedia":[{"embeddable":true,"href":"https:\/\/www.webdo.tn\/fr\/wp-json\/wp\/v2\/media\/333619"}],"wp:attachment":[{"href":"https:\/\/www.webdo.tn\/fr\/wp-json\/wp\/v2\/media?parent=172008"}],"wp:term":[{"taxonomy":"category","embeddable":true,"href":"https:\/\/www.webdo.tn\/fr\/wp-json\/wp\/v2\/categories?post=172008"},{"taxonomy":"post_tag","embeddable":true,"href":"https:\/\/www.webdo.tn\/fr\/wp-json\/wp\/v2\/tags?post=172008"}],"curies":[{"name":"wp","href":"https:\/\/api.w.org\/{rel}","templated":true}]}}