{"id":172007,"date":"2012-04-24T18:34:00","date_gmt":"2012-04-24T18:34:00","guid":{"rendered":"https:\/\/www.webdo.tn\/fr\/blog\/medias-ennanhdha-nest-pas-implique-dans-les-sit-in-et-le-gouvernement-ne-veut-pas-privatiser\/172007\/"},"modified":"2012-04-24T18:34:00","modified_gmt":"2012-04-24T18:34:00","slug":"medias-ennanhdha-nest-pas-implique-dans-les-sit-in-et-le-gouvernement-ne-veut-pas-privatiser","status":"publish","type":"post","link":"https:\/\/www.webdo.tn\/fr\/actualite\/national\/medias-ennanhdha-nest-pas-implique-dans-les-sit-in-et-le-gouvernement-ne-veut-pas-privatiser\/172007\/","title":{"rendered":"M\u00e9dias : Ennanhdha n&rsquo;est pas impliqu\u00e9 dans les sit-in et le gouvernement ne veut pas privatiser !"},"content":{"rendered":"<p>Aujourd&rsquo;hui les d\u00e9clarations des nahdhaouis se sont multipli\u00e9es pour nier toute implication dans des programmes de privatisations des m\u00e9dias ou dans une quelconque forme de pression sur l\u2019\u00c9tablissement de la t\u00e9l\u00e9vision nationale.\u00a0Sur les ondes de Mosaique FM, Ridha Sa\u00efdi ministre d\u00e9l\u00e9gu\u00e9 aupr\u00e8s du premier ministre a d\u00e9clar\u00e9 que le gouvernement n\u2019avait aucune intention de privatiser les m\u00e9dias publics. De son c\u00f4t\u00e9, Noureddine Arbaoui membre du bureau ex\u00e9cutif d&rsquo;Ennahdha d\u00e9ment toutes les accusations et nie l&rsquo;implication d&rsquo;Ennahdha dans le sit-in devant l&rsquo;ETT. Il ajoute que \u00ab Ennahdha a pour but de rendre \u00e0 l&rsquo;\u00e9tat son prestige et il n&rsquo;est pas dans son int\u00e9r\u00eat de pousser les gens \u00e0 protester contre la t\u00e9l\u00e9vision nationale \u00bb.<\/p>\n<p>La semaine derni\u00e8re, Ameur Laarayedh, un \u00e9lu d&rsquo;Ennahdha, a soulign\u00e9 que \u00ab les journalistes appartiennent \u00e0 l\u2019ancien r\u00e9gime et que la volont\u00e9 populaire va dans le sens du remplacement des journalistes \u00bb. Avant lui, Rached Ghannouchi a annonc\u00e9 dans des journaux arabes vouloir \u00ab prendre des mesures radicales dans le domaine de l\u2019information, dont la privatisation des m\u00e9dias publics \u00bb.<\/p>\n<p>Quant \u00e0 au sit-in qui dure depuis pr\u00e8s de deux mois devant le si\u00e8ge de la T\u00e9l\u00e9vision Nationale, il a connu son pic de tension  ces derni\u00e8res vingt-quatre heurs. Plus pr\u00e9cis\u00e9ment lorsque les sit-inneurs se sont align\u00e9s sur l&rsquo;id\u00e9e de Ghannouchi et de Laarayedh, de \u00ab privatiser les m\u00e9dias publics \u00bb, et ce, en accrochant sur des affiches \u00ab A vendre la cha\u00eene de t\u00e9l\u00e9vision nationale 7\u00bb.<\/p>\n<p>Dans la m\u00eame journ\u00e9e qui a vu une mont\u00e9e de la violence sans pr\u00e9c\u00e9dent, le minist\u00e8re de l\u2019Int\u00e9rieur a fini par sortir de son \u00ab\u00a0trou\u00a0\u00bb  pour annoncer, finalement, une fin \u00ab\u00a0imminente\u00a0\u00bb du sit-in.<\/p>\n<p>Malgr\u00e9 cette d\u00e9cision, les agressions des sit-inneurs ont continu\u00e9 de plus belle. Aujourd&rsquo;hui, leurs insultes ont laiss\u00e9 la place \u00e0 des jets de pierre, blessant des journalistes et un agent de l&rsquo;ordre, et cela, sous le nez et la barbe des forces de s\u00e9curit\u00e9 !<\/p>\n<p>Durant tout le sit-in, des salafistes, des barbus, des sympathisants d&rsquo;Ennahdha et des inconnus n&rsquo;ont jamais \u00e9t\u00e9 d\u00e9rang\u00e9s. Leurs besoins de tous les jours leur sont achemin\u00e9s pour pouvoir camper tranquillement devant le si\u00e8ge de la TV Nat. Achemin\u00e9s par qui ou par quel parti ? Difficile de r\u00e9pondre m\u00eame si le sit-in arrange les int\u00e9r\u00eats des nahdhaouis.<\/p>\n<p>Il est int\u00e9ressant, cependant, de rappeler que le 10 avril dernier, un d\u00e9put\u00e9 nahdhaoui, Negib Mrad, a fait irruption dans la salle de la r\u00e9daction de la cha\u00eene de t\u00e9l\u00e9vision nationale sans y \u00eatre invit\u00e9 pour menacer et rappeler les slogans de ceux qui sont en sit-in devant le si\u00e8ge de la t\u00e9l\u00e9vision nationale, au nom de la lib\u00e9ration des m\u00e9dias.<\/p>\n<p>Rappelons aussi que le 13 f\u00e9vrier dernier, une plainte d\u00e9pos\u00e9e par un avocat voulant interdire \u00e0 l&rsquo;\u00c9tablissement de la t\u00e9l\u00e9vision tunisienne, l&rsquo;utilisation de l\u2019appellation \u00ab\u00a0provisoire\u00a0\u00bb pour qualifier le gouvernement et le Pr\u00e9sident de la R\u00e9publique, a \u00e9t\u00e9 rejet\u00e9e par le tribunal de premi\u00e8re instance.<\/p>\n","protected":false},"excerpt":{"rendered":"<p>M\u00e9dias : Ennanhdha n&rsquo;est pas impliqu\u00e9 dans les sit-in et le gouvernement ne veut pas privatiser !<\/p>\n","protected":false},"author":3222,"featured_media":374435,"comment_status":"open","ping_status":"closed","sticky":false,"template":"","format":"standard","meta":{"footnotes":""},"categories":[44],"tags":[2600],"class_list":["post-172007","post","type-post","status-publish","format-standard","has-post-thumbnail","hentry","category-national","tag-guerre"],"yoast_head":"<!-- This site is optimized with the Yoast SEO Premium plugin v27.5 (Yoast SEO v27.5) - https:\/\/yoast.com\/product\/yoast-seo-premium-wordpress\/ -->\n<title>M\u00e9dias : Ennanhdha n&#039;est pas impliqu\u00e9 dans les sit-in et le gouvernement ne veut pas privatiser !<\/title>\n<meta name=\"description\" content=\"M\u00e9dias : Ennanhdha n&#039;est pas impliqu\u00e9 dans les sit-in et le gouvernement ne veut pas privatiser !\" \/>\n<link rel=\"canonical\" href=\"https:\/\/www.webdo.tn\/fr\/actualite\/national-45\/medias-ennanhdha-nest-pas-implique-dans-les-sit-in-et-le-gouvernement-ne-veut-pas-privatiser\/172007\/\" \/>\n<meta property=\"og:locale\" content=\"fr_FR\" \/>\n<meta property=\"og:type\" content=\"article\" \/>\n<meta property=\"og:title\" content=\"M\u00e9dias : Ennanhdha n&#039;est pas impliqu\u00e9 dans les sit-in et le gouvernement ne veut pas privatiser !\" \/>\n<meta property=\"og:description\" content=\"M\u00e9dias : Ennanhdha n&#039;est pas impliqu\u00e9 dans les sit-in et le gouvernement ne veut pas privatiser !\" \/>\n<meta property=\"og:url\" content=\"https:\/\/www.webdo.tn\/fr\/actualite\/national-45\/medias-ennanhdha-nest-pas-implique-dans-les-sit-in-et-le-gouvernement-ne-veut-pas-privatiser\/172007\/\" \/>\n<meta property=\"og:site_name\" content=\"webdo\" \/>\n<meta property=\"article:publisher\" content=\"https:\/\/www.facebook.com\/webdotn\" \/>\n<meta property=\"article:published_time\" content=\"2012-04-24T18:34:00+00:00\" \/>\n<meta name=\"author\" content=\"webdo.tn\" \/>\n<meta name=\"twitter:card\" content=\"summary_large_image\" \/>\n<meta name=\"twitter:creator\" content=\"@webdo_tn\" \/>\n<meta name=\"twitter:site\" content=\"@webdo_tn\" \/>\n<meta name=\"twitter:label1\" content=\"\u00c9crit par\" \/>\n\t<meta name=\"twitter:data1\" content=\"webdo.tn\" \/>\n\t<meta name=\"twitter:label2\" content=\"Dur\u00e9e de lecture estim\u00e9e\" \/>\n\t<meta name=\"twitter:data2\" content=\"3 minutes\" \/>\n<script type=\"application\/ld+json\" class=\"yoast-schema-graph\">{\"@context\":\"https:\\\/\\\/schema.org\",\"@graph\":[{\"@type\":\"NewsArticle\",\"@id\":\"https:\\\/\\\/www.webdo.tn\\\/fr\\\/actualite\\\/national-45\\\/medias-ennanhdha-nest-pas-implique-dans-les-sit-in-et-le-gouvernement-ne-veut-pas-privatiser\\\/172007\\\/#article\",\"isPartOf\":{\"@id\":\"https:\\\/\\\/www.webdo.tn\\\/fr\\\/actualite\\\/national-45\\\/medias-ennanhdha-nest-pas-implique-dans-les-sit-in-et-le-gouvernement-ne-veut-pas-privatiser\\\/172007\\\/\"},\"author\":{\"name\":\"webdo.tn\",\"@id\":\"https:\\\/\\\/www.webdo.tn\\\/fr\\\/#\\\/schema\\\/person\\\/9a9c6118d687c117df8ef3cc36a4d175\"},\"headline\":\"M\u00e9dias : Ennanhdha n&rsquo;est pas impliqu\u00e9 dans les sit-in et le gouvernement ne veut pas privatiser !\",\"datePublished\":\"2012-04-24T18:34:00+00:00\",\"mainEntityOfPage\":{\"@id\":\"https:\\\/\\\/www.webdo.tn\\\/fr\\\/actualite\\\/national-45\\\/medias-ennanhdha-nest-pas-implique-dans-les-sit-in-et-le-gouvernement-ne-veut-pas-privatiser\\\/172007\\\/\"},\"wordCount\":572,\"commentCount\":0,\"publisher\":{\"@id\":\"https:\\\/\\\/www.webdo.tn\\\/fr\\\/#organization\"},\"image\":{\"@id\":\"https:\\\/\\\/www.webdo.tn\\\/fr\\\/actualite\\\/national-45\\\/medias-ennanhdha-nest-pas-implique-dans-les-sit-in-et-le-gouvernement-ne-veut-pas-privatiser\\\/172007\\\/#primaryimage\"},\"thumbnailUrl\":\"https:\\\/\\\/www.webdo.tn\\\/fr\\\/wp-content\\\/uploads\\\/2025\\\/06\\\/Medias-by-Ennahdha1_172007.jpg\",\"keywords\":[\"guerre\"],\"articleSection\":[\"National\"],\"inLanguage\":\"fr-FR\"},{\"@type\":\"WebPage\",\"@id\":\"https:\\\/\\\/www.webdo.tn\\\/fr\\\/actualite\\\/national-45\\\/medias-ennanhdha-nest-pas-implique-dans-les-sit-in-et-le-gouvernement-ne-veut-pas-privatiser\\\/172007\\\/\",\"url\":\"https:\\\/\\\/www.webdo.tn\\\/fr\\\/actualite\\\/national-45\\\/medias-ennanhdha-nest-pas-implique-dans-les-sit-in-et-le-gouvernement-ne-veut-pas-privatiser\\\/172007\\\/\",\"name\":\"M\u00e9dias : Ennanhdha n'est pas impliqu\u00e9 dans les sit-in et le gouvernement ne veut pas privatiser !\",\"isPartOf\":{\"@id\":\"https:\\\/\\\/www.webdo.tn\\\/fr\\\/#website\"},\"primaryImageOfPage\":{\"@id\":\"https:\\\/\\\/www.webdo.tn\\\/fr\\\/actualite\\\/national-45\\\/medias-ennanhdha-nest-pas-implique-dans-les-sit-in-et-le-gouvernement-ne-veut-pas-privatiser\\\/172007\\\/#primaryimage\"},\"image\":{\"@id\":\"https:\\\/\\\/www.webdo.tn\\\/fr\\\/actualite\\\/national-45\\\/medias-ennanhdha-nest-pas-implique-dans-les-sit-in-et-le-gouvernement-ne-veut-pas-privatiser\\\/172007\\\/#primaryimage\"},\"thumbnailUrl\":\"https:\\\/\\\/www.webdo.tn\\\/fr\\\/wp-content\\\/uploads\\\/2025\\\/06\\\/Medias-by-Ennahdha1_172007.jpg\",\"datePublished\":\"2012-04-24T18:34:00+00:00\",\"description\":\"M\u00e9dias : Ennanhdha n'est pas impliqu\u00e9 dans les sit-in et le gouvernement ne veut pas privatiser !\",\"breadcrumb\":{\"@id\":\"https:\\\/\\\/www.webdo.tn\\\/fr\\\/actualite\\\/national-45\\\/medias-ennanhdha-nest-pas-implique-dans-les-sit-in-et-le-gouvernement-ne-veut-pas-privatiser\\\/172007\\\/#breadcrumb\"},\"inLanguage\":\"fr-FR\",\"potentialAction\":[{\"@type\":\"ReadAction\",\"target\":[\"https:\\\/\\\/www.webdo.tn\\\/fr\\\/actualite\\\/national-45\\\/medias-ennanhdha-nest-pas-implique-dans-les-sit-in-et-le-gouvernement-ne-veut-pas-privatiser\\\/172007\\\/\"]}]},{\"@type\":\"ImageObject\",\"inLanguage\":\"fr-FR\",\"@id\":\"https:\\\/\\\/www.webdo.tn\\\/fr\\\/actualite\\\/national-45\\\/medias-ennanhdha-nest-pas-implique-dans-les-sit-in-et-le-gouvernement-ne-veut-pas-privatiser\\\/172007\\\/#primaryimage\",\"url\":\"https:\\\/\\\/www.webdo.tn\\\/fr\\\/wp-content\\\/uploads\\\/2025\\\/06\\\/Medias-by-Ennahdha1_172007.jpg\",\"contentUrl\":\"https:\\\/\\\/www.webdo.tn\\\/fr\\\/wp-content\\\/uploads\\\/2025\\\/06\\\/Medias-by-Ennahdha1_172007.jpg\",\"width\":269,\"height\":242,\"caption\":\"M\u00e9dias : Ennanhdha n'est pas impliqu\u00e9 dans les sit-in et le gouvernement ne veut pas privatiser !\"},{\"@type\":\"BreadcrumbList\",\"@id\":\"https:\\\/\\\/www.webdo.tn\\\/fr\\\/actualite\\\/national-45\\\/medias-ennanhdha-nest-pas-implique-dans-les-sit-in-et-le-gouvernement-ne-veut-pas-privatiser\\\/172007\\\/#breadcrumb\",\"itemListElement\":[{\"@type\":\"ListItem\",\"position\":1,\"name\":\"Accueil\",\"item\":\"https:\\\/\\\/www.webdo.tn\\\/fr\\\/\"},{\"@type\":\"ListItem\",\"position\":2,\"name\":\"M\u00e9dias : Ennanhdha n&rsquo;est pas impliqu\u00e9 dans les sit-in et le gouvernement ne veut pas privatiser !\"}]},{\"@type\":\"WebSite\",\"@id\":\"https:\\\/\\\/www.webdo.tn\\\/fr\\\/#website\",\"url\":\"https:\\\/\\\/www.webdo.tn\\\/fr\\\/\",\"name\":\"webdo\",\"description\":\"Tunisie - News en Tunisie et \u00e0 l&#039;international sur Webdo.tn\",\"publisher\":{\"@id\":\"https:\\\/\\\/www.webdo.tn\\\/fr\\\/#organization\"},\"potentialAction\":[{\"@type\":\"SearchAction\",\"target\":{\"@type\":\"EntryPoint\",\"urlTemplate\":\"https:\\\/\\\/www.webdo.tn\\\/fr\\\/?s={search_term_string}\"},\"query-input\":{\"@type\":\"PropertyValueSpecification\",\"valueRequired\":true,\"valueName\":\"search_term_string\"}}],\"inLanguage\":\"fr-FR\"},{\"@type\":\"Organization\",\"@id\":\"https:\\\/\\\/www.webdo.tn\\\/fr\\\/#organization\",\"name\":\"Webdo\",\"alternateName\":\"Webdo.tn\",\"url\":\"https:\\\/\\\/www.webdo.tn\\\/fr\\\/\",\"logo\":{\"@type\":\"ImageObject\",\"inLanguage\":\"fr-FR\",\"@id\":\"https:\\\/\\\/www.webdo.tn\\\/fr\\\/#\\\/schema\\\/logo\\\/image\\\/\",\"url\":\"https:\\\/\\\/www.webdo.tn\\\/fr\\\/wp-content\\\/uploads\\\/2025\\\/06\\\/Webdo-Tunisie_168377.jpg\",\"contentUrl\":\"https:\\\/\\\/www.webdo.tn\\\/fr\\\/wp-content\\\/uploads\\\/2025\\\/06\\\/Webdo-Tunisie_168377.jpg\",\"width\":301,\"height\":301,\"caption\":\"Webdo\"},\"image\":{\"@id\":\"https:\\\/\\\/www.webdo.tn\\\/fr\\\/#\\\/schema\\\/logo\\\/image\\\/\"},\"sameAs\":[\"https:\\\/\\\/www.facebook.com\\\/webdotn\",\"https:\\\/\\\/x.com\\\/webdo_tn\"],\"description\":\"Webdo est un m\u00e9dia num\u00e9rique tunisien fond\u00e9 en 2010, sp\u00e9cialis\u00e9 dans l\u2019actualit\u00e9 nationale et internationale, l\u2019\u00e9conomie, la soci\u00e9t\u00e9 et les analyses politiques. Le site s\u2019adresse \u00e0 un large public francophone et couvre l\u2019information tunisienne en temps r\u00e9el.\",\"email\":\"redac@webdo.tn\",\"legalName\":\"YNJ SARL\",\"foundingDate\":\"2010-09-06\",\"numberOfEmployees\":{\"@type\":\"QuantitativeValue\",\"minValue\":\"11\",\"maxValue\":\"50\"}},{\"@type\":\"Person\",\"@id\":\"https:\\\/\\\/www.webdo.tn\\\/fr\\\/#\\\/schema\\\/person\\\/9a9c6118d687c117df8ef3cc36a4d175\",\"name\":\"webdo.tn\",\"image\":{\"@type\":\"ImageObject\",\"inLanguage\":\"fr-FR\",\"@id\":\"https:\\\/\\\/secure.gravatar.com\\\/avatar\\\/7ce1f28c0c3bbac99ff550b85ef8e44a6950c6ee24514fb6a5489e51d06f0298?s=96&d=mm&r=g\",\"url\":\"https:\\\/\\\/secure.gravatar.com\\\/avatar\\\/7ce1f28c0c3bbac99ff550b85ef8e44a6950c6ee24514fb6a5489e51d06f0298?s=96&d=mm&r=g\",\"contentUrl\":\"https:\\\/\\\/secure.gravatar.com\\\/avatar\\\/7ce1f28c0c3bbac99ff550b85ef8e44a6950c6ee24514fb6a5489e51d06f0298?s=96&d=mm&r=g\",\"caption\":\"webdo.tn\"},\"url\":\"https:\\\/\\\/www.webdo.tn\\\/fr\\\/actualite\\\/author\\\/webdotn\\\/\"}]}<\/script>\n<!-- \/ Yoast SEO Premium plugin. -->","yoast_head_json":{"title":"M\u00e9dias : Ennanhdha n'est pas impliqu\u00e9 dans les sit-in et le gouvernement ne veut pas privatiser !","description":"M\u00e9dias : Ennanhdha n'est pas impliqu\u00e9 dans les sit-in et le gouvernement ne veut pas privatiser !","canonical":"https:\/\/www.webdo.tn\/fr\/actualite\/national-45\/medias-ennanhdha-nest-pas-implique-dans-les-sit-in-et-le-gouvernement-ne-veut-pas-privatiser\/172007\/","og_locale":"fr_FR","og_type":"article","og_title":"M\u00e9dias : Ennanhdha n'est pas impliqu\u00e9 dans les sit-in et le gouvernement ne veut pas privatiser !","og_description":"M\u00e9dias : Ennanhdha n'est pas impliqu\u00e9 dans les sit-in et le gouvernement ne veut pas privatiser !","og_url":"https:\/\/www.webdo.tn\/fr\/actualite\/national-45\/medias-ennanhdha-nest-pas-implique-dans-les-sit-in-et-le-gouvernement-ne-veut-pas-privatiser\/172007\/","og_site_name":"webdo","article_publisher":"https:\/\/www.facebook.com\/webdotn","article_published_time":"2012-04-24T18:34:00+00:00","author":"webdo.tn","twitter_card":"summary_large_image","twitter_creator":"@webdo_tn","twitter_site":"@webdo_tn","twitter_misc":{"\u00c9crit par":"webdo.tn","Dur\u00e9e de lecture estim\u00e9e":"3 minutes"},"schema":{"@context":"https:\/\/schema.org","@graph":[{"@type":"NewsArticle","@id":"https:\/\/www.webdo.tn\/fr\/actualite\/national-45\/medias-ennanhdha-nest-pas-implique-dans-les-sit-in-et-le-gouvernement-ne-veut-pas-privatiser\/172007\/#article","isPartOf":{"@id":"https:\/\/www.webdo.tn\/fr\/actualite\/national-45\/medias-ennanhdha-nest-pas-implique-dans-les-sit-in-et-le-gouvernement-ne-veut-pas-privatiser\/172007\/"},"author":{"name":"webdo.tn","@id":"https:\/\/www.webdo.tn\/fr\/#\/schema\/person\/9a9c6118d687c117df8ef3cc36a4d175"},"headline":"M\u00e9dias : Ennanhdha n&rsquo;est pas impliqu\u00e9 dans les sit-in et le gouvernement ne veut pas privatiser !","datePublished":"2012-04-24T18:34:00+00:00","mainEntityOfPage":{"@id":"https:\/\/www.webdo.tn\/fr\/actualite\/national-45\/medias-ennanhdha-nest-pas-implique-dans-les-sit-in-et-le-gouvernement-ne-veut-pas-privatiser\/172007\/"},"wordCount":572,"commentCount":0,"publisher":{"@id":"https:\/\/www.webdo.tn\/fr\/#organization"},"image":{"@id":"https:\/\/www.webdo.tn\/fr\/actualite\/national-45\/medias-ennanhdha-nest-pas-implique-dans-les-sit-in-et-le-gouvernement-ne-veut-pas-privatiser\/172007\/#primaryimage"},"thumbnailUrl":"https:\/\/www.webdo.tn\/fr\/wp-content\/uploads\/2025\/06\/Medias-by-Ennahdha1_172007.jpg","keywords":["guerre"],"articleSection":["National"],"inLanguage":"fr-FR"},{"@type":"WebPage","@id":"https:\/\/www.webdo.tn\/fr\/actualite\/national-45\/medias-ennanhdha-nest-pas-implique-dans-les-sit-in-et-le-gouvernement-ne-veut-pas-privatiser\/172007\/","url":"https:\/\/www.webdo.tn\/fr\/actualite\/national-45\/medias-ennanhdha-nest-pas-implique-dans-les-sit-in-et-le-gouvernement-ne-veut-pas-privatiser\/172007\/","name":"M\u00e9dias : Ennanhdha n'est pas impliqu\u00e9 dans les sit-in et le gouvernement ne veut pas privatiser !","isPartOf":{"@id":"https:\/\/www.webdo.tn\/fr\/#website"},"primaryImageOfPage":{"@id":"https:\/\/www.webdo.tn\/fr\/actualite\/national-45\/medias-ennanhdha-nest-pas-implique-dans-les-sit-in-et-le-gouvernement-ne-veut-pas-privatiser\/172007\/#primaryimage"},"image":{"@id":"https:\/\/www.webdo.tn\/fr\/actualite\/national-45\/medias-ennanhdha-nest-pas-implique-dans-les-sit-in-et-le-gouvernement-ne-veut-pas-privatiser\/172007\/#primaryimage"},"thumbnailUrl":"https:\/\/www.webdo.tn\/fr\/wp-content\/uploads\/2025\/06\/Medias-by-Ennahdha1_172007.jpg","datePublished":"2012-04-24T18:34:00+00:00","description":"M\u00e9dias : Ennanhdha n'est pas impliqu\u00e9 dans les sit-in et le gouvernement ne veut pas privatiser !","breadcrumb":{"@id":"https:\/\/www.webdo.tn\/fr\/actualite\/national-45\/medias-ennanhdha-nest-pas-implique-dans-les-sit-in-et-le-gouvernement-ne-veut-pas-privatiser\/172007\/#breadcrumb"},"inLanguage":"fr-FR","potentialAction":[{"@type":"ReadAction","target":["https:\/\/www.webdo.tn\/fr\/actualite\/national-45\/medias-ennanhdha-nest-pas-implique-dans-les-sit-in-et-le-gouvernement-ne-veut-pas-privatiser\/172007\/"]}]},{"@type":"ImageObject","inLanguage":"fr-FR","@id":"https:\/\/www.webdo.tn\/fr\/actualite\/national-45\/medias-ennanhdha-nest-pas-implique-dans-les-sit-in-et-le-gouvernement-ne-veut-pas-privatiser\/172007\/#primaryimage","url":"https:\/\/www.webdo.tn\/fr\/wp-content\/uploads\/2025\/06\/Medias-by-Ennahdha1_172007.jpg","contentUrl":"https:\/\/www.webdo.tn\/fr\/wp-content\/uploads\/2025\/06\/Medias-by-Ennahdha1_172007.jpg","width":269,"height":242,"caption":"M\u00e9dias : Ennanhdha n'est pas impliqu\u00e9 dans les sit-in et le gouvernement ne veut pas privatiser !"},{"@type":"BreadcrumbList","@id":"https:\/\/www.webdo.tn\/fr\/actualite\/national-45\/medias-ennanhdha-nest-pas-implique-dans-les-sit-in-et-le-gouvernement-ne-veut-pas-privatiser\/172007\/#breadcrumb","itemListElement":[{"@type":"ListItem","position":1,"name":"Accueil","item":"https:\/\/www.webdo.tn\/fr\/"},{"@type":"ListItem","position":2,"name":"M\u00e9dias : Ennanhdha n&rsquo;est pas impliqu\u00e9 dans les sit-in et le gouvernement ne veut pas privatiser !"}]},{"@type":"WebSite","@id":"https:\/\/www.webdo.tn\/fr\/#website","url":"https:\/\/www.webdo.tn\/fr\/","name":"webdo","description":"Tunisie - News en Tunisie et \u00e0 l&#039;international sur Webdo.tn","publisher":{"@id":"https:\/\/www.webdo.tn\/fr\/#organization"},"potentialAction":[{"@type":"SearchAction","target":{"@type":"EntryPoint","urlTemplate":"https:\/\/www.webdo.tn\/fr\/?s={search_term_string}"},"query-input":{"@type":"PropertyValueSpecification","valueRequired":true,"valueName":"search_term_string"}}],"inLanguage":"fr-FR"},{"@type":"Organization","@id":"https:\/\/www.webdo.tn\/fr\/#organization","name":"Webdo","alternateName":"Webdo.tn","url":"https:\/\/www.webdo.tn\/fr\/","logo":{"@type":"ImageObject","inLanguage":"fr-FR","@id":"https:\/\/www.webdo.tn\/fr\/#\/schema\/logo\/image\/","url":"https:\/\/www.webdo.tn\/fr\/wp-content\/uploads\/2025\/06\/Webdo-Tunisie_168377.jpg","contentUrl":"https:\/\/www.webdo.tn\/fr\/wp-content\/uploads\/2025\/06\/Webdo-Tunisie_168377.jpg","width":301,"height":301,"caption":"Webdo"},"image":{"@id":"https:\/\/www.webdo.tn\/fr\/#\/schema\/logo\/image\/"},"sameAs":["https:\/\/www.facebook.com\/webdotn","https:\/\/x.com\/webdo_tn"],"description":"Webdo est un m\u00e9dia num\u00e9rique tunisien fond\u00e9 en 2010, sp\u00e9cialis\u00e9 dans l\u2019actualit\u00e9 nationale et internationale, l\u2019\u00e9conomie, la soci\u00e9t\u00e9 et les analyses politiques. Le site s\u2019adresse \u00e0 un large public francophone et couvre l\u2019information tunisienne en temps r\u00e9el.","email":"redac@webdo.tn","legalName":"YNJ SARL","foundingDate":"2010-09-06","numberOfEmployees":{"@type":"QuantitativeValue","minValue":"11","maxValue":"50"}},{"@type":"Person","@id":"https:\/\/www.webdo.tn\/fr\/#\/schema\/person\/9a9c6118d687c117df8ef3cc36a4d175","name":"webdo.tn","image":{"@type":"ImageObject","inLanguage":"fr-FR","@id":"https:\/\/secure.gravatar.com\/avatar\/7ce1f28c0c3bbac99ff550b85ef8e44a6950c6ee24514fb6a5489e51d06f0298?s=96&d=mm&r=g","url":"https:\/\/secure.gravatar.com\/avatar\/7ce1f28c0c3bbac99ff550b85ef8e44a6950c6ee24514fb6a5489e51d06f0298?s=96&d=mm&r=g","contentUrl":"https:\/\/secure.gravatar.com\/avatar\/7ce1f28c0c3bbac99ff550b85ef8e44a6950c6ee24514fb6a5489e51d06f0298?s=96&d=mm&r=g","caption":"webdo.tn"},"url":"https:\/\/www.webdo.tn\/fr\/actualite\/author\/webdotn\/"}]}},"_links":{"self":[{"href":"https:\/\/www.webdo.tn\/fr\/wp-json\/wp\/v2\/posts\/172007","targetHints":{"allow":["GET"]}}],"collection":[{"href":"https:\/\/www.webdo.tn\/fr\/wp-json\/wp\/v2\/posts"}],"about":[{"href":"https:\/\/www.webdo.tn\/fr\/wp-json\/wp\/v2\/types\/post"}],"author":[{"embeddable":true,"href":"https:\/\/www.webdo.tn\/fr\/wp-json\/wp\/v2\/users\/3222"}],"replies":[{"embeddable":true,"href":"https:\/\/www.webdo.tn\/fr\/wp-json\/wp\/v2\/comments?post=172007"}],"version-history":[{"count":0,"href":"https:\/\/www.webdo.tn\/fr\/wp-json\/wp\/v2\/posts\/172007\/revisions"}],"wp:featuredmedia":[{"embeddable":true,"href":"https:\/\/www.webdo.tn\/fr\/wp-json\/wp\/v2\/media\/374435"}],"wp:attachment":[{"href":"https:\/\/www.webdo.tn\/fr\/wp-json\/wp\/v2\/media?parent=172007"}],"wp:term":[{"taxonomy":"category","embeddable":true,"href":"https:\/\/www.webdo.tn\/fr\/wp-json\/wp\/v2\/categories?post=172007"},{"taxonomy":"post_tag","embeddable":true,"href":"https:\/\/www.webdo.tn\/fr\/wp-json\/wp\/v2\/tags?post=172007"}],"curies":[{"name":"wp","href":"https:\/\/api.w.org\/{rel}","templated":true}]}}