{"id":172006,"date":"2012-04-25T16:33:00","date_gmt":"2012-04-25T16:33:00","guid":{"rendered":"https:\/\/www.webdo.tn\/fr\/blog\/tv-nationale-levee-du-sit-in-sur-un-fond-de-discorde\/172006\/"},"modified":"2012-04-25T16:33:00","modified_gmt":"2012-04-25T16:33:00","slug":"tv-nationale-levee-du-sit-in-sur-un-fond-de-discorde","status":"publish","type":"post","link":"https:\/\/www.webdo.tn\/fr\/actualite\/national\/tv-nationale-levee-du-sit-in-sur-un-fond-de-discorde\/172006\/","title":{"rendered":"TV Nationale : lev\u00e9e du sit-in sur un fond de discorde"},"content":{"rendered":"<p>Deux jours apr\u00e8s la d\u00e9cision du ministre de l\u2019Int\u00e9rieur qui a instaur\u00e9 l\u2019interdiction du sit-in devant la T\u00e9l\u00e9vision Nationale, il aura finalement fallu l&rsquo;intervention sp\u00e9ciale du conseiller politique aupr\u00e8s du premier ministre, Lotfi Zitoun, pour que les manifestants l\u00e8vent t\u00f4t ce matin du 25 avril 2012, le camp.<\/p>\n<p>Une lev\u00e9e suivie quelques heures plus tard, sur le m\u00eame lieu du sit-in, d&rsquo;une conf\u00e9rence de presse.<br \/>\n\u00a0<\/p>\n<p>Aux m\u00e9dias, les manifestants ont d\u00e9clar\u00e9 que c&rsquo;est suite \u00e0 une n\u00e9gociation avec, entre autres, Lotfi Zitoun qu&rsquo;ils ont accept\u00e9 de mettre fin \u00e0 leur sit-in, et ce, pour le bien du pays. Ils ont \u00e9galement pr\u00e9cis\u00e9 qu&rsquo;ils avaient agi seuls, restaient unis et n\u2019appartiennent \u00e0 aucun parti politique. Ils ont insist\u00e9 sur le fait qu\u2019ils sont l\u00e0 pour d\u00e9fendre la r\u00e9volution, comme ils l&rsquo;ont fait auparavant \u00e0 la Kasbah.<\/p>\n<p>Depuis le 2 mars 2012, ils revendiquaient pacifiquement devant la TV Nationale \u00abun m\u00e9dia non corrompu\u00bb. Une revendication qui a mal tourn\u00e9, dimanche dernier, lorsqu&rsquo;ils ont \u00e9t\u00e9 attaqu\u00e9s par les employ\u00e9s de la T\u00e9l\u00e9, apr\u00e8s avoir brandi des banderoles sur lesquelles \u00e9tait \u00e9crit \u00abA vendre la cha\u00eene de t\u00e9l\u00e9vision nationale 7\u00bb, expliquent-ils.<\/p>\n<p>Contrairement \u00e0 ce qui a \u00e9t\u00e9 v\u00e9hicul\u00e9 dans les m\u00e9dias et r\u00e9seaux sociaux, ils n&rsquo;ont jamais agress\u00e9 personne. Bien au contraire ils auraient \u00e9t\u00e9 attaqu\u00e9s et m\u00eame bless\u00e9s, ajoutent-ils.<\/p>\n<p>Toutefois, ce groupe se d\u00e9finissant comme des manifestants solidaires et unis pour la m\u00eame cause semblent \u00eatre en d\u00e9saccord entre eux.<\/p>\n<p>L\u2019un d&rsquo;eux, un barbu portant une veste verte et une casquette de militaire, s&rsquo;est d\u00e9tach\u00e9, en effet, de la conf\u00e9rence pour insulter ses camarades en criant : \u00abvous nous avez trahis\u00bb. Il ajoutera ensuite : \u00abje vais mettre fin \u00e0 cette conf\u00e9rence et je vais commencer \u00e0 lancer des pierres\u00bb. Il a \u00e9t\u00e9 imm\u00e9diatement rattrap\u00e9 par ses \u00ab\u00a0amis\u00a0\u00bb qui l\u2019ont suppli\u00e9 de se calmer. Un haut grad\u00e9 des forces de l&rsquo;ordre a fait de m\u00eame en le priant de reprendre ses esprits ! (voir les photos)<\/p>\n<p>Pr\u00e8s de notre \u00ab\u00a0militaire barbu\u00a0\u00bb, nous pouvons entendre leurs diff\u00e9rends sur la d\u00e9cision de lever le sit-in, aussi bien que sur la tenue de la conf\u00e9rence de presse. \u00abNe vous inqui\u00e9tez pas, on va r\u00e9agir d&rsquo;une fa\u00e7on ou d&rsquo;une autre\u00bb, nous a-t-il confi\u00e9.<\/p>\n<p>Les propos contradictoires de ce groupe sont \u00e0 leur comble. Lors du point de presse devant les cam\u00e9ras, ils passent pour des sit-inneurs pacifistes et agress\u00e9s, alors que quelques m\u00e8tres plus loin, ils se chamaillent en mena\u00e7ant de lancer des pierres.<\/p>\n<p>Tout porte \u00e0 croire que les sit-inneurs \u00e9taient loin de vouloir quitter les lieux, mais une pression du gouvernement ou d&rsquo;un parti les aurait oblig\u00e9s \u00e0 ob\u00e9ir, et ce, sans l&rsquo;intervention des forces de l&rsquo;ordre.<\/p>\n<p>Des indices qui ne font qu&rsquo;augmenter les soup\u00e7ons \u00e0 l\u2019\u00e9gard de leurs appartenances \u00e0 une branche extr\u00e9miste d&rsquo;Ennahdha sur laquelle le gouvernement provisoire se reposerait, n&rsquo;h\u00e9sitant pas \u00e0 l&rsquo;utiliser pour arriver \u00e0 ses fins ou faire appel \u00e0 elle quand cela s\u2019av\u00e8re n\u00e9cessaire.<\/p>\n<p>Rappelons que dans ce chaos provoqu\u00e9 par la lev\u00e9e du sit-in et la diversion \u00ab\u00a0m\u00e9diatique\u00a0\u00bb qui s\u2019en est suivie, le directeur de la Radio Nationale a \u00e9t\u00e9 remplac\u00e9 par un proche du gouvernement sans qu&rsquo;il n&rsquo;ait \u00e9t\u00e9 inform\u00e9.<\/p>\n","protected":false},"excerpt":{"rendered":"<p>TV Nationale : lev\u00e9e du sit-in sur un fond de discorde<\/p>\n","protected":false},"author":3222,"featured_media":333620,"comment_status":"open","ping_status":"closed","sticky":false,"template":"","format":"standard","meta":{"footnotes":""},"categories":[44],"tags":[2600],"class_list":["post-172006","post","type-post","status-publish","format-standard","has-post-thumbnail","hentry","category-national","tag-guerre"],"yoast_head":"<!-- This site is optimized with the Yoast SEO Premium plugin v27.5 (Yoast SEO v27.5) - https:\/\/yoast.com\/product\/yoast-seo-premium-wordpress\/ -->\n<title>TV Nationale : lev\u00e9e du sit-in sur un fond de discorde<\/title>\n<meta name=\"description\" content=\"TV Nationale : lev\u00e9e du sit-in sur un fond de discorde\" \/>\n<link rel=\"canonical\" href=\"https:\/\/www.webdo.tn\/fr\/actualite\/national-45\/tv-nationale-levee-du-sit-in-sur-un-fond-de-discorde\/172006\/\" \/>\n<meta property=\"og:locale\" content=\"fr_FR\" \/>\n<meta property=\"og:type\" content=\"article\" \/>\n<meta property=\"og:title\" content=\"TV Nationale : lev\u00e9e du sit-in sur un fond de discorde\" \/>\n<meta property=\"og:description\" content=\"TV Nationale : lev\u00e9e du sit-in sur un fond de discorde\" \/>\n<meta property=\"og:url\" content=\"https:\/\/www.webdo.tn\/fr\/actualite\/national-45\/tv-nationale-levee-du-sit-in-sur-un-fond-de-discorde\/172006\/\" \/>\n<meta property=\"og:site_name\" content=\"webdo\" \/>\n<meta property=\"article:publisher\" content=\"https:\/\/www.facebook.com\/webdotn\" \/>\n<meta property=\"article:published_time\" content=\"2012-04-25T16:33:00+00:00\" \/>\n<meta property=\"og:image\" content=\"https:\/\/www.webdo.tn\/fr\/wp-content\/uploads\/2012\/04\/Point-de-presse-Sit-in-TV-Nat.jpg\" \/>\n\t<meta property=\"og:image:width\" content=\"600\" \/>\n\t<meta property=\"og:image:height\" content=\"359\" \/>\n\t<meta property=\"og:image:type\" content=\"image\/jpeg\" \/>\n<meta name=\"author\" content=\"webdo.tn\" \/>\n<meta name=\"twitter:card\" content=\"summary_large_image\" \/>\n<meta name=\"twitter:creator\" content=\"@webdo_tn\" \/>\n<meta name=\"twitter:site\" content=\"@webdo_tn\" \/>\n<meta name=\"twitter:label1\" content=\"\u00c9crit par\" \/>\n\t<meta name=\"twitter:data1\" content=\"webdo.tn\" \/>\n\t<meta name=\"twitter:label2\" content=\"Dur\u00e9e de lecture estim\u00e9e\" \/>\n\t<meta name=\"twitter:data2\" content=\"3 minutes\" \/>\n<script type=\"application\/ld+json\" class=\"yoast-schema-graph\">{\"@context\":\"https:\\\/\\\/schema.org\",\"@graph\":[{\"@type\":\"NewsArticle\",\"@id\":\"https:\\\/\\\/www.webdo.tn\\\/fr\\\/actualite\\\/national-45\\\/tv-nationale-levee-du-sit-in-sur-un-fond-de-discorde\\\/172006\\\/#article\",\"isPartOf\":{\"@id\":\"https:\\\/\\\/www.webdo.tn\\\/fr\\\/actualite\\\/national-45\\\/tv-nationale-levee-du-sit-in-sur-un-fond-de-discorde\\\/172006\\\/\"},\"author\":{\"name\":\"webdo.tn\",\"@id\":\"https:\\\/\\\/www.webdo.tn\\\/fr\\\/#\\\/schema\\\/person\\\/9a9c6118d687c117df8ef3cc36a4d175\"},\"headline\":\"TV Nationale : lev\u00e9e du sit-in sur un fond de discorde\",\"datePublished\":\"2012-04-25T16:33:00+00:00\",\"mainEntityOfPage\":{\"@id\":\"https:\\\/\\\/www.webdo.tn\\\/fr\\\/actualite\\\/national-45\\\/tv-nationale-levee-du-sit-in-sur-un-fond-de-discorde\\\/172006\\\/\"},\"wordCount\":602,\"commentCount\":0,\"publisher\":{\"@id\":\"https:\\\/\\\/www.webdo.tn\\\/fr\\\/#organization\"},\"image\":{\"@id\":\"https:\\\/\\\/www.webdo.tn\\\/fr\\\/actualite\\\/national-45\\\/tv-nationale-levee-du-sit-in-sur-un-fond-de-discorde\\\/172006\\\/#primaryimage\"},\"thumbnailUrl\":\"https:\\\/\\\/www.webdo.tn\\\/fr\\\/wp-content\\\/uploads\\\/2012\\\/04\\\/Point-de-presse-Sit-in-TV-Nat.jpg\",\"keywords\":[\"guerre\"],\"articleSection\":[\"National\"],\"inLanguage\":\"fr-FR\"},{\"@type\":\"WebPage\",\"@id\":\"https:\\\/\\\/www.webdo.tn\\\/fr\\\/actualite\\\/national-45\\\/tv-nationale-levee-du-sit-in-sur-un-fond-de-discorde\\\/172006\\\/\",\"url\":\"https:\\\/\\\/www.webdo.tn\\\/fr\\\/actualite\\\/national-45\\\/tv-nationale-levee-du-sit-in-sur-un-fond-de-discorde\\\/172006\\\/\",\"name\":\"TV Nationale : lev\u00e9e du sit-in sur un fond de discorde\",\"isPartOf\":{\"@id\":\"https:\\\/\\\/www.webdo.tn\\\/fr\\\/#website\"},\"primaryImageOfPage\":{\"@id\":\"https:\\\/\\\/www.webdo.tn\\\/fr\\\/actualite\\\/national-45\\\/tv-nationale-levee-du-sit-in-sur-un-fond-de-discorde\\\/172006\\\/#primaryimage\"},\"image\":{\"@id\":\"https:\\\/\\\/www.webdo.tn\\\/fr\\\/actualite\\\/national-45\\\/tv-nationale-levee-du-sit-in-sur-un-fond-de-discorde\\\/172006\\\/#primaryimage\"},\"thumbnailUrl\":\"https:\\\/\\\/www.webdo.tn\\\/fr\\\/wp-content\\\/uploads\\\/2012\\\/04\\\/Point-de-presse-Sit-in-TV-Nat.jpg\",\"datePublished\":\"2012-04-25T16:33:00+00:00\",\"description\":\"TV Nationale : lev\u00e9e du sit-in sur un fond de discorde\",\"breadcrumb\":{\"@id\":\"https:\\\/\\\/www.webdo.tn\\\/fr\\\/actualite\\\/national-45\\\/tv-nationale-levee-du-sit-in-sur-un-fond-de-discorde\\\/172006\\\/#breadcrumb\"},\"inLanguage\":\"fr-FR\",\"potentialAction\":[{\"@type\":\"ReadAction\",\"target\":[\"https:\\\/\\\/www.webdo.tn\\\/fr\\\/actualite\\\/national-45\\\/tv-nationale-levee-du-sit-in-sur-un-fond-de-discorde\\\/172006\\\/\"]}]},{\"@type\":\"ImageObject\",\"inLanguage\":\"fr-FR\",\"@id\":\"https:\\\/\\\/www.webdo.tn\\\/fr\\\/actualite\\\/national-45\\\/tv-nationale-levee-du-sit-in-sur-un-fond-de-discorde\\\/172006\\\/#primaryimage\",\"url\":\"https:\\\/\\\/www.webdo.tn\\\/fr\\\/wp-content\\\/uploads\\\/2012\\\/04\\\/Point-de-presse-Sit-in-TV-Nat.jpg\",\"contentUrl\":\"https:\\\/\\\/www.webdo.tn\\\/fr\\\/wp-content\\\/uploads\\\/2012\\\/04\\\/Point-de-presse-Sit-in-TV-Nat.jpg\",\"width\":600,\"height\":359,\"caption\":\"TV Nationale : lev\u00e9e du sit-in sur un fond de discorde\"},{\"@type\":\"BreadcrumbList\",\"@id\":\"https:\\\/\\\/www.webdo.tn\\\/fr\\\/actualite\\\/national-45\\\/tv-nationale-levee-du-sit-in-sur-un-fond-de-discorde\\\/172006\\\/#breadcrumb\",\"itemListElement\":[{\"@type\":\"ListItem\",\"position\":1,\"name\":\"Accueil\",\"item\":\"https:\\\/\\\/www.webdo.tn\\\/fr\\\/\"},{\"@type\":\"ListItem\",\"position\":2,\"name\":\"TV Nationale : lev\u00e9e du sit-in sur un fond de discorde\"}]},{\"@type\":\"WebSite\",\"@id\":\"https:\\\/\\\/www.webdo.tn\\\/fr\\\/#website\",\"url\":\"https:\\\/\\\/www.webdo.tn\\\/fr\\\/\",\"name\":\"webdo\",\"description\":\"Tunisie - News en Tunisie et \u00e0 l&#039;international sur Webdo.tn\",\"publisher\":{\"@id\":\"https:\\\/\\\/www.webdo.tn\\\/fr\\\/#organization\"},\"potentialAction\":[{\"@type\":\"SearchAction\",\"target\":{\"@type\":\"EntryPoint\",\"urlTemplate\":\"https:\\\/\\\/www.webdo.tn\\\/fr\\\/?s={search_term_string}\"},\"query-input\":{\"@type\":\"PropertyValueSpecification\",\"valueRequired\":true,\"valueName\":\"search_term_string\"}}],\"inLanguage\":\"fr-FR\"},{\"@type\":\"Organization\",\"@id\":\"https:\\\/\\\/www.webdo.tn\\\/fr\\\/#organization\",\"name\":\"Webdo\",\"alternateName\":\"Webdo.tn\",\"url\":\"https:\\\/\\\/www.webdo.tn\\\/fr\\\/\",\"logo\":{\"@type\":\"ImageObject\",\"inLanguage\":\"fr-FR\",\"@id\":\"https:\\\/\\\/www.webdo.tn\\\/fr\\\/#\\\/schema\\\/logo\\\/image\\\/\",\"url\":\"https:\\\/\\\/www.webdo.tn\\\/fr\\\/wp-content\\\/uploads\\\/2025\\\/06\\\/Webdo-Tunisie_168377.jpg\",\"contentUrl\":\"https:\\\/\\\/www.webdo.tn\\\/fr\\\/wp-content\\\/uploads\\\/2025\\\/06\\\/Webdo-Tunisie_168377.jpg\",\"width\":301,\"height\":301,\"caption\":\"Webdo\"},\"image\":{\"@id\":\"https:\\\/\\\/www.webdo.tn\\\/fr\\\/#\\\/schema\\\/logo\\\/image\\\/\"},\"sameAs\":[\"https:\\\/\\\/www.facebook.com\\\/webdotn\",\"https:\\\/\\\/x.com\\\/webdo_tn\"],\"description\":\"Webdo est un m\u00e9dia num\u00e9rique tunisien fond\u00e9 en 2010, sp\u00e9cialis\u00e9 dans l\u2019actualit\u00e9 nationale et internationale, l\u2019\u00e9conomie, la soci\u00e9t\u00e9 et les analyses politiques. Le site s\u2019adresse \u00e0 un large public francophone et couvre l\u2019information tunisienne en temps r\u00e9el.\",\"email\":\"redac@webdo.tn\",\"legalName\":\"YNJ SARL\",\"foundingDate\":\"2010-09-06\",\"numberOfEmployees\":{\"@type\":\"QuantitativeValue\",\"minValue\":\"11\",\"maxValue\":\"50\"}},{\"@type\":\"Person\",\"@id\":\"https:\\\/\\\/www.webdo.tn\\\/fr\\\/#\\\/schema\\\/person\\\/9a9c6118d687c117df8ef3cc36a4d175\",\"name\":\"webdo.tn\",\"image\":{\"@type\":\"ImageObject\",\"inLanguage\":\"fr-FR\",\"@id\":\"https:\\\/\\\/secure.gravatar.com\\\/avatar\\\/7ce1f28c0c3bbac99ff550b85ef8e44a6950c6ee24514fb6a5489e51d06f0298?s=96&d=mm&r=g\",\"url\":\"https:\\\/\\\/secure.gravatar.com\\\/avatar\\\/7ce1f28c0c3bbac99ff550b85ef8e44a6950c6ee24514fb6a5489e51d06f0298?s=96&d=mm&r=g\",\"contentUrl\":\"https:\\\/\\\/secure.gravatar.com\\\/avatar\\\/7ce1f28c0c3bbac99ff550b85ef8e44a6950c6ee24514fb6a5489e51d06f0298?s=96&d=mm&r=g\",\"caption\":\"webdo.tn\"},\"url\":\"https:\\\/\\\/www.webdo.tn\\\/fr\\\/actualite\\\/author\\\/webdotn\\\/\"}]}<\/script>\n<!-- \/ Yoast SEO Premium plugin. -->","yoast_head_json":{"title":"TV Nationale : lev\u00e9e du sit-in sur un fond de discorde","description":"TV Nationale : lev\u00e9e du sit-in sur un fond de discorde","canonical":"https:\/\/www.webdo.tn\/fr\/actualite\/national-45\/tv-nationale-levee-du-sit-in-sur-un-fond-de-discorde\/172006\/","og_locale":"fr_FR","og_type":"article","og_title":"TV Nationale : lev\u00e9e du sit-in sur un fond de discorde","og_description":"TV Nationale : lev\u00e9e du sit-in sur un fond de discorde","og_url":"https:\/\/www.webdo.tn\/fr\/actualite\/national-45\/tv-nationale-levee-du-sit-in-sur-un-fond-de-discorde\/172006\/","og_site_name":"webdo","article_publisher":"https:\/\/www.facebook.com\/webdotn","article_published_time":"2012-04-25T16:33:00+00:00","og_image":[{"width":600,"height":359,"url":"https:\/\/www.webdo.tn\/fr\/wp-content\/uploads\/2012\/04\/Point-de-presse-Sit-in-TV-Nat.jpg","type":"image\/jpeg"}],"author":"webdo.tn","twitter_card":"summary_large_image","twitter_creator":"@webdo_tn","twitter_site":"@webdo_tn","twitter_misc":{"\u00c9crit par":"webdo.tn","Dur\u00e9e de lecture estim\u00e9e":"3 minutes"},"schema":{"@context":"https:\/\/schema.org","@graph":[{"@type":"NewsArticle","@id":"https:\/\/www.webdo.tn\/fr\/actualite\/national-45\/tv-nationale-levee-du-sit-in-sur-un-fond-de-discorde\/172006\/#article","isPartOf":{"@id":"https:\/\/www.webdo.tn\/fr\/actualite\/national-45\/tv-nationale-levee-du-sit-in-sur-un-fond-de-discorde\/172006\/"},"author":{"name":"webdo.tn","@id":"https:\/\/www.webdo.tn\/fr\/#\/schema\/person\/9a9c6118d687c117df8ef3cc36a4d175"},"headline":"TV Nationale : lev\u00e9e du sit-in sur un fond de discorde","datePublished":"2012-04-25T16:33:00+00:00","mainEntityOfPage":{"@id":"https:\/\/www.webdo.tn\/fr\/actualite\/national-45\/tv-nationale-levee-du-sit-in-sur-un-fond-de-discorde\/172006\/"},"wordCount":602,"commentCount":0,"publisher":{"@id":"https:\/\/www.webdo.tn\/fr\/#organization"},"image":{"@id":"https:\/\/www.webdo.tn\/fr\/actualite\/national-45\/tv-nationale-levee-du-sit-in-sur-un-fond-de-discorde\/172006\/#primaryimage"},"thumbnailUrl":"https:\/\/www.webdo.tn\/fr\/wp-content\/uploads\/2012\/04\/Point-de-presse-Sit-in-TV-Nat.jpg","keywords":["guerre"],"articleSection":["National"],"inLanguage":"fr-FR"},{"@type":"WebPage","@id":"https:\/\/www.webdo.tn\/fr\/actualite\/national-45\/tv-nationale-levee-du-sit-in-sur-un-fond-de-discorde\/172006\/","url":"https:\/\/www.webdo.tn\/fr\/actualite\/national-45\/tv-nationale-levee-du-sit-in-sur-un-fond-de-discorde\/172006\/","name":"TV Nationale : lev\u00e9e du sit-in sur un fond de discorde","isPartOf":{"@id":"https:\/\/www.webdo.tn\/fr\/#website"},"primaryImageOfPage":{"@id":"https:\/\/www.webdo.tn\/fr\/actualite\/national-45\/tv-nationale-levee-du-sit-in-sur-un-fond-de-discorde\/172006\/#primaryimage"},"image":{"@id":"https:\/\/www.webdo.tn\/fr\/actualite\/national-45\/tv-nationale-levee-du-sit-in-sur-un-fond-de-discorde\/172006\/#primaryimage"},"thumbnailUrl":"https:\/\/www.webdo.tn\/fr\/wp-content\/uploads\/2012\/04\/Point-de-presse-Sit-in-TV-Nat.jpg","datePublished":"2012-04-25T16:33:00+00:00","description":"TV Nationale : lev\u00e9e du sit-in sur un fond de discorde","breadcrumb":{"@id":"https:\/\/www.webdo.tn\/fr\/actualite\/national-45\/tv-nationale-levee-du-sit-in-sur-un-fond-de-discorde\/172006\/#breadcrumb"},"inLanguage":"fr-FR","potentialAction":[{"@type":"ReadAction","target":["https:\/\/www.webdo.tn\/fr\/actualite\/national-45\/tv-nationale-levee-du-sit-in-sur-un-fond-de-discorde\/172006\/"]}]},{"@type":"ImageObject","inLanguage":"fr-FR","@id":"https:\/\/www.webdo.tn\/fr\/actualite\/national-45\/tv-nationale-levee-du-sit-in-sur-un-fond-de-discorde\/172006\/#primaryimage","url":"https:\/\/www.webdo.tn\/fr\/wp-content\/uploads\/2012\/04\/Point-de-presse-Sit-in-TV-Nat.jpg","contentUrl":"https:\/\/www.webdo.tn\/fr\/wp-content\/uploads\/2012\/04\/Point-de-presse-Sit-in-TV-Nat.jpg","width":600,"height":359,"caption":"TV Nationale : lev\u00e9e du sit-in sur un fond de discorde"},{"@type":"BreadcrumbList","@id":"https:\/\/www.webdo.tn\/fr\/actualite\/national-45\/tv-nationale-levee-du-sit-in-sur-un-fond-de-discorde\/172006\/#breadcrumb","itemListElement":[{"@type":"ListItem","position":1,"name":"Accueil","item":"https:\/\/www.webdo.tn\/fr\/"},{"@type":"ListItem","position":2,"name":"TV Nationale : lev\u00e9e du sit-in sur un fond de discorde"}]},{"@type":"WebSite","@id":"https:\/\/www.webdo.tn\/fr\/#website","url":"https:\/\/www.webdo.tn\/fr\/","name":"webdo","description":"Tunisie - News en Tunisie et \u00e0 l&#039;international sur Webdo.tn","publisher":{"@id":"https:\/\/www.webdo.tn\/fr\/#organization"},"potentialAction":[{"@type":"SearchAction","target":{"@type":"EntryPoint","urlTemplate":"https:\/\/www.webdo.tn\/fr\/?s={search_term_string}"},"query-input":{"@type":"PropertyValueSpecification","valueRequired":true,"valueName":"search_term_string"}}],"inLanguage":"fr-FR"},{"@type":"Organization","@id":"https:\/\/www.webdo.tn\/fr\/#organization","name":"Webdo","alternateName":"Webdo.tn","url":"https:\/\/www.webdo.tn\/fr\/","logo":{"@type":"ImageObject","inLanguage":"fr-FR","@id":"https:\/\/www.webdo.tn\/fr\/#\/schema\/logo\/image\/","url":"https:\/\/www.webdo.tn\/fr\/wp-content\/uploads\/2025\/06\/Webdo-Tunisie_168377.jpg","contentUrl":"https:\/\/www.webdo.tn\/fr\/wp-content\/uploads\/2025\/06\/Webdo-Tunisie_168377.jpg","width":301,"height":301,"caption":"Webdo"},"image":{"@id":"https:\/\/www.webdo.tn\/fr\/#\/schema\/logo\/image\/"},"sameAs":["https:\/\/www.facebook.com\/webdotn","https:\/\/x.com\/webdo_tn"],"description":"Webdo est un m\u00e9dia num\u00e9rique tunisien fond\u00e9 en 2010, sp\u00e9cialis\u00e9 dans l\u2019actualit\u00e9 nationale et internationale, l\u2019\u00e9conomie, la soci\u00e9t\u00e9 et les analyses politiques. Le site s\u2019adresse \u00e0 un large public francophone et couvre l\u2019information tunisienne en temps r\u00e9el.","email":"redac@webdo.tn","legalName":"YNJ SARL","foundingDate":"2010-09-06","numberOfEmployees":{"@type":"QuantitativeValue","minValue":"11","maxValue":"50"}},{"@type":"Person","@id":"https:\/\/www.webdo.tn\/fr\/#\/schema\/person\/9a9c6118d687c117df8ef3cc36a4d175","name":"webdo.tn","image":{"@type":"ImageObject","inLanguage":"fr-FR","@id":"https:\/\/secure.gravatar.com\/avatar\/7ce1f28c0c3bbac99ff550b85ef8e44a6950c6ee24514fb6a5489e51d06f0298?s=96&d=mm&r=g","url":"https:\/\/secure.gravatar.com\/avatar\/7ce1f28c0c3bbac99ff550b85ef8e44a6950c6ee24514fb6a5489e51d06f0298?s=96&d=mm&r=g","contentUrl":"https:\/\/secure.gravatar.com\/avatar\/7ce1f28c0c3bbac99ff550b85ef8e44a6950c6ee24514fb6a5489e51d06f0298?s=96&d=mm&r=g","caption":"webdo.tn"},"url":"https:\/\/www.webdo.tn\/fr\/actualite\/author\/webdotn\/"}]}},"_links":{"self":[{"href":"https:\/\/www.webdo.tn\/fr\/wp-json\/wp\/v2\/posts\/172006","targetHints":{"allow":["GET"]}}],"collection":[{"href":"https:\/\/www.webdo.tn\/fr\/wp-json\/wp\/v2\/posts"}],"about":[{"href":"https:\/\/www.webdo.tn\/fr\/wp-json\/wp\/v2\/types\/post"}],"author":[{"embeddable":true,"href":"https:\/\/www.webdo.tn\/fr\/wp-json\/wp\/v2\/users\/3222"}],"replies":[{"embeddable":true,"href":"https:\/\/www.webdo.tn\/fr\/wp-json\/wp\/v2\/comments?post=172006"}],"version-history":[{"count":0,"href":"https:\/\/www.webdo.tn\/fr\/wp-json\/wp\/v2\/posts\/172006\/revisions"}],"wp:featuredmedia":[{"embeddable":true,"href":"https:\/\/www.webdo.tn\/fr\/wp-json\/wp\/v2\/media\/333620"}],"wp:attachment":[{"href":"https:\/\/www.webdo.tn\/fr\/wp-json\/wp\/v2\/media?parent=172006"}],"wp:term":[{"taxonomy":"category","embeddable":true,"href":"https:\/\/www.webdo.tn\/fr\/wp-json\/wp\/v2\/categories?post=172006"},{"taxonomy":"post_tag","embeddable":true,"href":"https:\/\/www.webdo.tn\/fr\/wp-json\/wp\/v2\/tags?post=172006"}],"curies":[{"name":"wp","href":"https:\/\/api.w.org\/{rel}","templated":true}]}}