{"id":172005,"date":"2012-04-25T18:33:00","date_gmt":"2012-04-25T18:33:00","guid":{"rendered":"https:\/\/www.webdo.tn\/fr\/blog\/des-touristes-et-des-journalistes-etrangers-apprecient-la-manif-de-soutien-aux-medias\/172005\/"},"modified":"2012-04-25T18:33:00","modified_gmt":"2012-04-25T18:33:00","slug":"des-touristes-et-des-journalistes-etrangers-apprecient-la-manif-de-soutien-aux-medias","status":"publish","type":"post","link":"https:\/\/www.webdo.tn\/fr\/actualite\/national\/des-touristes-et-des-journalistes-etrangers-apprecient-la-manif-de-soutien-aux-medias\/172005\/","title":{"rendered":"Des touristes et des journalistes \u00e9trangers appr\u00e9cient la manif de soutien aux m\u00e9dias"},"content":{"rendered":"<p>Ils \u00e9taient pr\u00e8s deux cents personnes, dont des journalistes, des membres de l\u2019opposition parlementaire, des syndicalistes et des militants de droits de l\u2019homme \u00e0 se rassembler aujourd\u2019hui, vers midi, devant le th\u00e9\u00e2tre municipal de Tunis.<\/p>\n<p>Malgr\u00e9 leur petit nombre par rapport \u00e0 l\u2019int\u00e9r\u00eat suscit\u00e9 par la question, probablement parce que l\u2019appel \u00e0 ce rassemblement inopin\u00e9 a \u00e9t\u00e9 lanc\u00e9 tardivement, ils ont su cr\u00e9er l\u2019\u00e9v\u00e9nement \u00e0 travers leurs slogans \u00e0 l\u2019adresse de l\u2019autorit\u00e9 gouvernante et de la soci\u00e9t\u00e9 civile. D\u00e9non\u00e7ant la nouvelle milice et les nouvelles pratiques qui menacent les libert\u00e9s et les acquis de la r\u00e9volution, ils ont exprim\u00e9 leur d\u00e9termination \u00e0 faire face \u00e0 toute tentative d\u2019asservissement de la presse et des gens du m\u00e9tier. Parmi les pr\u00e9sents sur les lieux on a not\u00e9 la pr\u00e9sence de deux journalistes \u00e9trangers qui filmaient le rassemblement et observaient la sc\u00e8ne.<\/p>\n<p>En face, une centaine de citoyens mass\u00e9s de l\u2019autre c\u00f4t\u00e9 de la chauss\u00e9e et r\u00e9agissaient \u00e0 la manifestation de diff\u00e9rentes mani\u00e8res. Quelques-uns voulant provoquer les manifestants se sont mis \u00e0 les huer et \u00e0 scander des slogans qui leur sont hostiles. Ils \u00e9taient si peu nombreux que seuls ceux qui \u00e9taient proches d\u2019eux s\u2019en \u00e9taient aper\u00e7us. Un agent civil a r\u00e9ussi \u00e0 les \u00e9loigner des lieux pour emp\u00eacher d\u2019\u00e9ventuelles altercations afin d\u2019\u00e9viter les coups de bec. La majorit\u00e9 de ceux qui \u00e9taient dans la foule soutenait les manifestants dans leur mouvement. Plusieurs se sont montr\u00e9s inquiets pour le sort de la Tunisie et des libert\u00e9s.<\/p>\n<p>Des touristes \u00e9taient pr\u00e9sents et ne sont ni inqui\u00e9t\u00e9s ni g\u00ean\u00e9s par ce spectacle auquel ils sont d\u00e9j\u00e0 habitu\u00e9s dans leurs contr\u00e9es. Certains se sont m\u00eal\u00e9s \u00e0 la foule, surtout que l\u2019allure des manifestants n\u2019inspire aucune crainte.<\/p>\n<p>Il n\u2019 y a eu ni incident ni agression. Tout s\u2019est produit dans le calme et avec civisme du d\u00e9but jusqu\u2019\u00e0 la fin. La police dont le dispositif est assez r\u00e9duit \u00e9tait l\u00e0 pour emp\u00eacher tout d\u00e9bordement et \u00e9viter tout ce qui peut menacer l\u2019ordre public.<\/p>\n","protected":false},"excerpt":{"rendered":"<p>Des touristes et des journalistes \u00e9trangers appr\u00e9cient la manif de soutien aux m\u00e9dias<\/p>\n","protected":false},"author":3222,"featured_media":374436,"comment_status":"open","ping_status":"closed","sticky":false,"template":"","format":"standard","meta":{"footnotes":""},"categories":[44],"tags":[2600],"class_list":["post-172005","post","type-post","status-publish","format-standard","has-post-thumbnail","hentry","category-national","tag-guerre"],"yoast_head":"<!-- This site is optimized with the Yoast SEO Premium plugin v27.5 (Yoast SEO v27.5) - https:\/\/yoast.com\/product\/yoast-seo-premium-wordpress\/ -->\n<title>Des touristes et des journalistes \u00e9trangers appr\u00e9cient la manif de soutien aux m\u00e9dias<\/title>\n<meta name=\"description\" content=\"Des touristes et des journalistes \u00e9trangers appr\u00e9cient la manif de soutien aux m\u00e9dias\" \/>\n<link rel=\"canonical\" href=\"https:\/\/www.webdo.tn\/fr\/actualite\/national-45\/des-touristes-et-des-journalistes-etrangers-apprecient-la-manif-de-soutien-aux-medias\/172005\/\" \/>\n<meta property=\"og:locale\" content=\"fr_FR\" \/>\n<meta property=\"og:type\" content=\"article\" \/>\n<meta property=\"og:title\" content=\"Des touristes et des journalistes \u00e9trangers appr\u00e9cient la manif de soutien aux m\u00e9dias\" \/>\n<meta property=\"og:description\" content=\"Des touristes et des journalistes \u00e9trangers appr\u00e9cient la manif de soutien aux m\u00e9dias\" \/>\n<meta property=\"og:url\" content=\"https:\/\/www.webdo.tn\/fr\/actualite\/national-45\/des-touristes-et-des-journalistes-etrangers-apprecient-la-manif-de-soutien-aux-medias\/172005\/\" \/>\n<meta property=\"og:site_name\" content=\"webdo\" \/>\n<meta property=\"article:publisher\" content=\"https:\/\/www.facebook.com\/webdotn\" \/>\n<meta property=\"article:published_time\" content=\"2012-04-25T18:33:00+00:00\" \/>\n<meta name=\"author\" content=\"webdo.tn\" \/>\n<meta name=\"twitter:card\" content=\"summary_large_image\" \/>\n<meta name=\"twitter:creator\" content=\"@webdo_tn\" \/>\n<meta name=\"twitter:site\" content=\"@webdo_tn\" \/>\n<meta name=\"twitter:label1\" content=\"\u00c9crit par\" \/>\n\t<meta name=\"twitter:data1\" content=\"webdo.tn\" \/>\n\t<meta name=\"twitter:label2\" content=\"Dur\u00e9e de lecture estim\u00e9e\" \/>\n\t<meta name=\"twitter:data2\" content=\"2 minutes\" \/>\n<script type=\"application\/ld+json\" class=\"yoast-schema-graph\">{\"@context\":\"https:\\\/\\\/schema.org\",\"@graph\":[{\"@type\":\"NewsArticle\",\"@id\":\"https:\\\/\\\/www.webdo.tn\\\/fr\\\/actualite\\\/national-45\\\/des-touristes-et-des-journalistes-etrangers-apprecient-la-manif-de-soutien-aux-medias\\\/172005\\\/#article\",\"isPartOf\":{\"@id\":\"https:\\\/\\\/www.webdo.tn\\\/fr\\\/actualite\\\/national-45\\\/des-touristes-et-des-journalistes-etrangers-apprecient-la-manif-de-soutien-aux-medias\\\/172005\\\/\"},\"author\":{\"name\":\"webdo.tn\",\"@id\":\"https:\\\/\\\/www.webdo.tn\\\/fr\\\/#\\\/schema\\\/person\\\/9a9c6118d687c117df8ef3cc36a4d175\"},\"headline\":\"Des touristes et des journalistes \u00e9trangers appr\u00e9cient la manif de soutien aux m\u00e9dias\",\"datePublished\":\"2012-04-25T18:33:00+00:00\",\"mainEntityOfPage\":{\"@id\":\"https:\\\/\\\/www.webdo.tn\\\/fr\\\/actualite\\\/national-45\\\/des-touristes-et-des-journalistes-etrangers-apprecient-la-manif-de-soutien-aux-medias\\\/172005\\\/\"},\"wordCount\":389,\"commentCount\":0,\"publisher\":{\"@id\":\"https:\\\/\\\/www.webdo.tn\\\/fr\\\/#organization\"},\"image\":{\"@id\":\"https:\\\/\\\/www.webdo.tn\\\/fr\\\/actualite\\\/national-45\\\/des-touristes-et-des-journalistes-etrangers-apprecient-la-manif-de-soutien-aux-medias\\\/172005\\\/#primaryimage\"},\"thumbnailUrl\":\"https:\\\/\\\/www.webdo.tn\\\/fr\\\/wp-content\\\/uploads\\\/2025\\\/06\\\/Des-journalistes-des-membres-de-lopposition-parlementaire-des-syndicalistes-et-des-militants-de-droits-de-lhomme-se-sont-rassembles-pour-soutnir-les-medias-25-avril-2012-Tunis-photo-webdo.tn__172005.jpg\",\"keywords\":[\"guerre\"],\"articleSection\":[\"National\"],\"inLanguage\":\"fr-FR\"},{\"@type\":\"WebPage\",\"@id\":\"https:\\\/\\\/www.webdo.tn\\\/fr\\\/actualite\\\/national-45\\\/des-touristes-et-des-journalistes-etrangers-apprecient-la-manif-de-soutien-aux-medias\\\/172005\\\/\",\"url\":\"https:\\\/\\\/www.webdo.tn\\\/fr\\\/actualite\\\/national-45\\\/des-touristes-et-des-journalistes-etrangers-apprecient-la-manif-de-soutien-aux-medias\\\/172005\\\/\",\"name\":\"Des touristes et des journalistes \u00e9trangers appr\u00e9cient la manif de soutien aux m\u00e9dias\",\"isPartOf\":{\"@id\":\"https:\\\/\\\/www.webdo.tn\\\/fr\\\/#website\"},\"primaryImageOfPage\":{\"@id\":\"https:\\\/\\\/www.webdo.tn\\\/fr\\\/actualite\\\/national-45\\\/des-touristes-et-des-journalistes-etrangers-apprecient-la-manif-de-soutien-aux-medias\\\/172005\\\/#primaryimage\"},\"image\":{\"@id\":\"https:\\\/\\\/www.webdo.tn\\\/fr\\\/actualite\\\/national-45\\\/des-touristes-et-des-journalistes-etrangers-apprecient-la-manif-de-soutien-aux-medias\\\/172005\\\/#primaryimage\"},\"thumbnailUrl\":\"https:\\\/\\\/www.webdo.tn\\\/fr\\\/wp-content\\\/uploads\\\/2025\\\/06\\\/Des-journalistes-des-membres-de-lopposition-parlementaire-des-syndicalistes-et-des-militants-de-droits-de-lhomme-se-sont-rassembles-pour-soutnir-les-medias-25-avril-2012-Tunis-photo-webdo.tn__172005.jpg\",\"datePublished\":\"2012-04-25T18:33:00+00:00\",\"description\":\"Des touristes et des journalistes \u00e9trangers appr\u00e9cient la manif de soutien aux m\u00e9dias\",\"breadcrumb\":{\"@id\":\"https:\\\/\\\/www.webdo.tn\\\/fr\\\/actualite\\\/national-45\\\/des-touristes-et-des-journalistes-etrangers-apprecient-la-manif-de-soutien-aux-medias\\\/172005\\\/#breadcrumb\"},\"inLanguage\":\"fr-FR\",\"potentialAction\":[{\"@type\":\"ReadAction\",\"target\":[\"https:\\\/\\\/www.webdo.tn\\\/fr\\\/actualite\\\/national-45\\\/des-touristes-et-des-journalistes-etrangers-apprecient-la-manif-de-soutien-aux-medias\\\/172005\\\/\"]}]},{\"@type\":\"ImageObject\",\"inLanguage\":\"fr-FR\",\"@id\":\"https:\\\/\\\/www.webdo.tn\\\/fr\\\/actualite\\\/national-45\\\/des-touristes-et-des-journalistes-etrangers-apprecient-la-manif-de-soutien-aux-medias\\\/172005\\\/#primaryimage\",\"url\":\"https:\\\/\\\/www.webdo.tn\\\/fr\\\/wp-content\\\/uploads\\\/2025\\\/06\\\/Des-journalistes-des-membres-de-lopposition-parlementaire-des-syndicalistes-et-des-militants-de-droits-de-lhomme-se-sont-rassembles-pour-soutnir-les-medias-25-avril-2012-Tunis-photo-webdo.tn__172005.jpg\",\"contentUrl\":\"https:\\\/\\\/www.webdo.tn\\\/fr\\\/wp-content\\\/uploads\\\/2025\\\/06\\\/Des-journalistes-des-membres-de-lopposition-parlementaire-des-syndicalistes-et-des-militants-de-droits-de-lhomme-se-sont-rassembles-pour-soutnir-les-medias-25-avril-2012-Tunis-photo-webdo.tn__172005.jpg\",\"width\":600,\"height\":450,\"caption\":\"Des touristes et des journalistes \u00e9trangers appr\u00e9cient la manif de soutien aux m\u00e9dias\"},{\"@type\":\"BreadcrumbList\",\"@id\":\"https:\\\/\\\/www.webdo.tn\\\/fr\\\/actualite\\\/national-45\\\/des-touristes-et-des-journalistes-etrangers-apprecient-la-manif-de-soutien-aux-medias\\\/172005\\\/#breadcrumb\",\"itemListElement\":[{\"@type\":\"ListItem\",\"position\":1,\"name\":\"Accueil\",\"item\":\"https:\\\/\\\/www.webdo.tn\\\/fr\\\/\"},{\"@type\":\"ListItem\",\"position\":2,\"name\":\"Des touristes et des journalistes \u00e9trangers appr\u00e9cient la manif de soutien aux m\u00e9dias\"}]},{\"@type\":\"WebSite\",\"@id\":\"https:\\\/\\\/www.webdo.tn\\\/fr\\\/#website\",\"url\":\"https:\\\/\\\/www.webdo.tn\\\/fr\\\/\",\"name\":\"webdo\",\"description\":\"Tunisie - News en Tunisie et \u00e0 l&#039;international sur Webdo.tn\",\"publisher\":{\"@id\":\"https:\\\/\\\/www.webdo.tn\\\/fr\\\/#organization\"},\"potentialAction\":[{\"@type\":\"SearchAction\",\"target\":{\"@type\":\"EntryPoint\",\"urlTemplate\":\"https:\\\/\\\/www.webdo.tn\\\/fr\\\/?s={search_term_string}\"},\"query-input\":{\"@type\":\"PropertyValueSpecification\",\"valueRequired\":true,\"valueName\":\"search_term_string\"}}],\"inLanguage\":\"fr-FR\"},{\"@type\":\"Organization\",\"@id\":\"https:\\\/\\\/www.webdo.tn\\\/fr\\\/#organization\",\"name\":\"Webdo\",\"alternateName\":\"Webdo.tn\",\"url\":\"https:\\\/\\\/www.webdo.tn\\\/fr\\\/\",\"logo\":{\"@type\":\"ImageObject\",\"inLanguage\":\"fr-FR\",\"@id\":\"https:\\\/\\\/www.webdo.tn\\\/fr\\\/#\\\/schema\\\/logo\\\/image\\\/\",\"url\":\"https:\\\/\\\/www.webdo.tn\\\/fr\\\/wp-content\\\/uploads\\\/2025\\\/06\\\/Webdo-Tunisie_168377.jpg\",\"contentUrl\":\"https:\\\/\\\/www.webdo.tn\\\/fr\\\/wp-content\\\/uploads\\\/2025\\\/06\\\/Webdo-Tunisie_168377.jpg\",\"width\":301,\"height\":301,\"caption\":\"Webdo\"},\"image\":{\"@id\":\"https:\\\/\\\/www.webdo.tn\\\/fr\\\/#\\\/schema\\\/logo\\\/image\\\/\"},\"sameAs\":[\"https:\\\/\\\/www.facebook.com\\\/webdotn\",\"https:\\\/\\\/x.com\\\/webdo_tn\"],\"description\":\"Webdo est un m\u00e9dia num\u00e9rique tunisien fond\u00e9 en 2010, sp\u00e9cialis\u00e9 dans l\u2019actualit\u00e9 nationale et internationale, l\u2019\u00e9conomie, la soci\u00e9t\u00e9 et les analyses politiques. Le site s\u2019adresse \u00e0 un large public francophone et couvre l\u2019information tunisienne en temps r\u00e9el.\",\"email\":\"redac@webdo.tn\",\"legalName\":\"YNJ SARL\",\"foundingDate\":\"2010-09-06\",\"numberOfEmployees\":{\"@type\":\"QuantitativeValue\",\"minValue\":\"11\",\"maxValue\":\"50\"}},{\"@type\":\"Person\",\"@id\":\"https:\\\/\\\/www.webdo.tn\\\/fr\\\/#\\\/schema\\\/person\\\/9a9c6118d687c117df8ef3cc36a4d175\",\"name\":\"webdo.tn\",\"image\":{\"@type\":\"ImageObject\",\"inLanguage\":\"fr-FR\",\"@id\":\"https:\\\/\\\/secure.gravatar.com\\\/avatar\\\/7ce1f28c0c3bbac99ff550b85ef8e44a6950c6ee24514fb6a5489e51d06f0298?s=96&d=mm&r=g\",\"url\":\"https:\\\/\\\/secure.gravatar.com\\\/avatar\\\/7ce1f28c0c3bbac99ff550b85ef8e44a6950c6ee24514fb6a5489e51d06f0298?s=96&d=mm&r=g\",\"contentUrl\":\"https:\\\/\\\/secure.gravatar.com\\\/avatar\\\/7ce1f28c0c3bbac99ff550b85ef8e44a6950c6ee24514fb6a5489e51d06f0298?s=96&d=mm&r=g\",\"caption\":\"webdo.tn\"},\"url\":\"https:\\\/\\\/www.webdo.tn\\\/fr\\\/actualite\\\/author\\\/webdotn\\\/\"}]}<\/script>\n<!-- \/ Yoast SEO Premium plugin. -->","yoast_head_json":{"title":"Des touristes et des journalistes \u00e9trangers appr\u00e9cient la manif de soutien aux m\u00e9dias","description":"Des touristes et des journalistes \u00e9trangers appr\u00e9cient la manif de soutien aux m\u00e9dias","canonical":"https:\/\/www.webdo.tn\/fr\/actualite\/national-45\/des-touristes-et-des-journalistes-etrangers-apprecient-la-manif-de-soutien-aux-medias\/172005\/","og_locale":"fr_FR","og_type":"article","og_title":"Des touristes et des journalistes \u00e9trangers appr\u00e9cient la manif de soutien aux m\u00e9dias","og_description":"Des touristes et des journalistes \u00e9trangers appr\u00e9cient la manif de soutien aux m\u00e9dias","og_url":"https:\/\/www.webdo.tn\/fr\/actualite\/national-45\/des-touristes-et-des-journalistes-etrangers-apprecient-la-manif-de-soutien-aux-medias\/172005\/","og_site_name":"webdo","article_publisher":"https:\/\/www.facebook.com\/webdotn","article_published_time":"2012-04-25T18:33:00+00:00","author":"webdo.tn","twitter_card":"summary_large_image","twitter_creator":"@webdo_tn","twitter_site":"@webdo_tn","twitter_misc":{"\u00c9crit par":"webdo.tn","Dur\u00e9e de lecture estim\u00e9e":"2 minutes"},"schema":{"@context":"https:\/\/schema.org","@graph":[{"@type":"NewsArticle","@id":"https:\/\/www.webdo.tn\/fr\/actualite\/national-45\/des-touristes-et-des-journalistes-etrangers-apprecient-la-manif-de-soutien-aux-medias\/172005\/#article","isPartOf":{"@id":"https:\/\/www.webdo.tn\/fr\/actualite\/national-45\/des-touristes-et-des-journalistes-etrangers-apprecient-la-manif-de-soutien-aux-medias\/172005\/"},"author":{"name":"webdo.tn","@id":"https:\/\/www.webdo.tn\/fr\/#\/schema\/person\/9a9c6118d687c117df8ef3cc36a4d175"},"headline":"Des touristes et des journalistes \u00e9trangers appr\u00e9cient la manif de soutien aux m\u00e9dias","datePublished":"2012-04-25T18:33:00+00:00","mainEntityOfPage":{"@id":"https:\/\/www.webdo.tn\/fr\/actualite\/national-45\/des-touristes-et-des-journalistes-etrangers-apprecient-la-manif-de-soutien-aux-medias\/172005\/"},"wordCount":389,"commentCount":0,"publisher":{"@id":"https:\/\/www.webdo.tn\/fr\/#organization"},"image":{"@id":"https:\/\/www.webdo.tn\/fr\/actualite\/national-45\/des-touristes-et-des-journalistes-etrangers-apprecient-la-manif-de-soutien-aux-medias\/172005\/#primaryimage"},"thumbnailUrl":"https:\/\/www.webdo.tn\/fr\/wp-content\/uploads\/2025\/06\/Des-journalistes-des-membres-de-lopposition-parlementaire-des-syndicalistes-et-des-militants-de-droits-de-lhomme-se-sont-rassembles-pour-soutnir-les-medias-25-avril-2012-Tunis-photo-webdo.tn__172005.jpg","keywords":["guerre"],"articleSection":["National"],"inLanguage":"fr-FR"},{"@type":"WebPage","@id":"https:\/\/www.webdo.tn\/fr\/actualite\/national-45\/des-touristes-et-des-journalistes-etrangers-apprecient-la-manif-de-soutien-aux-medias\/172005\/","url":"https:\/\/www.webdo.tn\/fr\/actualite\/national-45\/des-touristes-et-des-journalistes-etrangers-apprecient-la-manif-de-soutien-aux-medias\/172005\/","name":"Des touristes et des journalistes \u00e9trangers appr\u00e9cient la manif de soutien aux m\u00e9dias","isPartOf":{"@id":"https:\/\/www.webdo.tn\/fr\/#website"},"primaryImageOfPage":{"@id":"https:\/\/www.webdo.tn\/fr\/actualite\/national-45\/des-touristes-et-des-journalistes-etrangers-apprecient-la-manif-de-soutien-aux-medias\/172005\/#primaryimage"},"image":{"@id":"https:\/\/www.webdo.tn\/fr\/actualite\/national-45\/des-touristes-et-des-journalistes-etrangers-apprecient-la-manif-de-soutien-aux-medias\/172005\/#primaryimage"},"thumbnailUrl":"https:\/\/www.webdo.tn\/fr\/wp-content\/uploads\/2025\/06\/Des-journalistes-des-membres-de-lopposition-parlementaire-des-syndicalistes-et-des-militants-de-droits-de-lhomme-se-sont-rassembles-pour-soutnir-les-medias-25-avril-2012-Tunis-photo-webdo.tn__172005.jpg","datePublished":"2012-04-25T18:33:00+00:00","description":"Des touristes et des journalistes \u00e9trangers appr\u00e9cient la manif de soutien aux m\u00e9dias","breadcrumb":{"@id":"https:\/\/www.webdo.tn\/fr\/actualite\/national-45\/des-touristes-et-des-journalistes-etrangers-apprecient-la-manif-de-soutien-aux-medias\/172005\/#breadcrumb"},"inLanguage":"fr-FR","potentialAction":[{"@type":"ReadAction","target":["https:\/\/www.webdo.tn\/fr\/actualite\/national-45\/des-touristes-et-des-journalistes-etrangers-apprecient-la-manif-de-soutien-aux-medias\/172005\/"]}]},{"@type":"ImageObject","inLanguage":"fr-FR","@id":"https:\/\/www.webdo.tn\/fr\/actualite\/national-45\/des-touristes-et-des-journalistes-etrangers-apprecient-la-manif-de-soutien-aux-medias\/172005\/#primaryimage","url":"https:\/\/www.webdo.tn\/fr\/wp-content\/uploads\/2025\/06\/Des-journalistes-des-membres-de-lopposition-parlementaire-des-syndicalistes-et-des-militants-de-droits-de-lhomme-se-sont-rassembles-pour-soutnir-les-medias-25-avril-2012-Tunis-photo-webdo.tn__172005.jpg","contentUrl":"https:\/\/www.webdo.tn\/fr\/wp-content\/uploads\/2025\/06\/Des-journalistes-des-membres-de-lopposition-parlementaire-des-syndicalistes-et-des-militants-de-droits-de-lhomme-se-sont-rassembles-pour-soutnir-les-medias-25-avril-2012-Tunis-photo-webdo.tn__172005.jpg","width":600,"height":450,"caption":"Des touristes et des journalistes \u00e9trangers appr\u00e9cient la manif de soutien aux m\u00e9dias"},{"@type":"BreadcrumbList","@id":"https:\/\/www.webdo.tn\/fr\/actualite\/national-45\/des-touristes-et-des-journalistes-etrangers-apprecient-la-manif-de-soutien-aux-medias\/172005\/#breadcrumb","itemListElement":[{"@type":"ListItem","position":1,"name":"Accueil","item":"https:\/\/www.webdo.tn\/fr\/"},{"@type":"ListItem","position":2,"name":"Des touristes et des journalistes \u00e9trangers appr\u00e9cient la manif de soutien aux m\u00e9dias"}]},{"@type":"WebSite","@id":"https:\/\/www.webdo.tn\/fr\/#website","url":"https:\/\/www.webdo.tn\/fr\/","name":"webdo","description":"Tunisie - News en Tunisie et \u00e0 l&#039;international sur Webdo.tn","publisher":{"@id":"https:\/\/www.webdo.tn\/fr\/#organization"},"potentialAction":[{"@type":"SearchAction","target":{"@type":"EntryPoint","urlTemplate":"https:\/\/www.webdo.tn\/fr\/?s={search_term_string}"},"query-input":{"@type":"PropertyValueSpecification","valueRequired":true,"valueName":"search_term_string"}}],"inLanguage":"fr-FR"},{"@type":"Organization","@id":"https:\/\/www.webdo.tn\/fr\/#organization","name":"Webdo","alternateName":"Webdo.tn","url":"https:\/\/www.webdo.tn\/fr\/","logo":{"@type":"ImageObject","inLanguage":"fr-FR","@id":"https:\/\/www.webdo.tn\/fr\/#\/schema\/logo\/image\/","url":"https:\/\/www.webdo.tn\/fr\/wp-content\/uploads\/2025\/06\/Webdo-Tunisie_168377.jpg","contentUrl":"https:\/\/www.webdo.tn\/fr\/wp-content\/uploads\/2025\/06\/Webdo-Tunisie_168377.jpg","width":301,"height":301,"caption":"Webdo"},"image":{"@id":"https:\/\/www.webdo.tn\/fr\/#\/schema\/logo\/image\/"},"sameAs":["https:\/\/www.facebook.com\/webdotn","https:\/\/x.com\/webdo_tn"],"description":"Webdo est un m\u00e9dia num\u00e9rique tunisien fond\u00e9 en 2010, sp\u00e9cialis\u00e9 dans l\u2019actualit\u00e9 nationale et internationale, l\u2019\u00e9conomie, la soci\u00e9t\u00e9 et les analyses politiques. Le site s\u2019adresse \u00e0 un large public francophone et couvre l\u2019information tunisienne en temps r\u00e9el.","email":"redac@webdo.tn","legalName":"YNJ SARL","foundingDate":"2010-09-06","numberOfEmployees":{"@type":"QuantitativeValue","minValue":"11","maxValue":"50"}},{"@type":"Person","@id":"https:\/\/www.webdo.tn\/fr\/#\/schema\/person\/9a9c6118d687c117df8ef3cc36a4d175","name":"webdo.tn","image":{"@type":"ImageObject","inLanguage":"fr-FR","@id":"https:\/\/secure.gravatar.com\/avatar\/7ce1f28c0c3bbac99ff550b85ef8e44a6950c6ee24514fb6a5489e51d06f0298?s=96&d=mm&r=g","url":"https:\/\/secure.gravatar.com\/avatar\/7ce1f28c0c3bbac99ff550b85ef8e44a6950c6ee24514fb6a5489e51d06f0298?s=96&d=mm&r=g","contentUrl":"https:\/\/secure.gravatar.com\/avatar\/7ce1f28c0c3bbac99ff550b85ef8e44a6950c6ee24514fb6a5489e51d06f0298?s=96&d=mm&r=g","caption":"webdo.tn"},"url":"https:\/\/www.webdo.tn\/fr\/actualite\/author\/webdotn\/"}]}},"_links":{"self":[{"href":"https:\/\/www.webdo.tn\/fr\/wp-json\/wp\/v2\/posts\/172005","targetHints":{"allow":["GET"]}}],"collection":[{"href":"https:\/\/www.webdo.tn\/fr\/wp-json\/wp\/v2\/posts"}],"about":[{"href":"https:\/\/www.webdo.tn\/fr\/wp-json\/wp\/v2\/types\/post"}],"author":[{"embeddable":true,"href":"https:\/\/www.webdo.tn\/fr\/wp-json\/wp\/v2\/users\/3222"}],"replies":[{"embeddable":true,"href":"https:\/\/www.webdo.tn\/fr\/wp-json\/wp\/v2\/comments?post=172005"}],"version-history":[{"count":0,"href":"https:\/\/www.webdo.tn\/fr\/wp-json\/wp\/v2\/posts\/172005\/revisions"}],"wp:featuredmedia":[{"embeddable":true,"href":"https:\/\/www.webdo.tn\/fr\/wp-json\/wp\/v2\/media\/374436"}],"wp:attachment":[{"href":"https:\/\/www.webdo.tn\/fr\/wp-json\/wp\/v2\/media?parent=172005"}],"wp:term":[{"taxonomy":"category","embeddable":true,"href":"https:\/\/www.webdo.tn\/fr\/wp-json\/wp\/v2\/categories?post=172005"},{"taxonomy":"post_tag","embeddable":true,"href":"https:\/\/www.webdo.tn\/fr\/wp-json\/wp\/v2\/tags?post=172005"}],"curies":[{"name":"wp","href":"https:\/\/api.w.org\/{rel}","templated":true}]}}