{"id":172002,"date":"2012-04-26T13:07:00","date_gmt":"2012-04-26T13:07:00","guid":{"rendered":"https:\/\/www.webdo.tn\/fr\/blog\/ensemble-le-1er-mai-une-proposition-indecente-de-la-presidence-de-la-republique\/172002\/"},"modified":"2025-06-04T18:57:54","modified_gmt":"2025-06-04T18:57:54","slug":"ensemble-le-1er-mai-une-proposition-indecente-de-la-presidence-de-la-republique","status":"publish","type":"post","link":"https:\/\/www.webdo.tn\/fr\/actualite\/national\/ensemble-le-1er-mai-une-proposition-indecente-de-la-presidence-de-la-republique\/172002\/","title":{"rendered":"\u00abEnsemble le 1er mai \u00bb : une proposition ind\u00e9cente de la Pr\u00e9sidence de la R\u00e9publique !"},"content":{"rendered":"<p>Par la voix d\u2019Aziz Krichen, le ministre conseiller charg\u00e9 des affaires politiques aupr\u00e8s du Pr\u00e9sident de la R\u00e9publique et sp\u00e9cialiste en mati\u00e8re de communication, vient de d\u00e9clarer \u00e0 Shems FM que la Pr\u00e9sidence voudrait faire de la manifestation du 1er mai une manifestation unitaire dans la mesure o\u00f9 les revendications de l\u2019UGTT sont les revendications du peuple tunisien, et qu\u2019elle puisse rassembler tous les partis politiques et l\u2019ensemble de la soci\u00e9t\u00e9 civile.<\/p>\n<p>Cette proposition nous semble particuli\u00e8rement ind\u00e9licate, voire ind\u00e9cente, de la part de la pr\u00e9sidence de la R\u00e9publique dont le Chef avait envoy\u00e9 ses troupes du Congr\u00e8s Pour la R\u00e9publique, et celles de son alli\u00e9 Ennahdha, manifester devant le si\u00e8ge de l\u2019UGTT contre son secr\u00e9taire g\u00e9n\u00e9ral de l\u2019\u00e9poque, Abdesselam Djerad, avant d\u2019\u00eatre \u00ab d\u00e9gag\u00e9es \u00bb par les travailleurs.<\/p>\n<p>Cette hostilit\u00e9 ne s\u2019est pas arr\u00eat\u00e9e l\u00e0, mais s\u2019\u00e9tait poursuivie apr\u00e8s la venue du nouveau bureau ex\u00e9cutif de l\u2019UGTT avec les d\u00e9chets m\u00e9nagers jet\u00e9s devant les locaux de la centrale syndicale ou les attaques contre quelques-uns de ses sections locales ou r\u00e9gionales lors de la gr\u00e8ve des \u00e9boueurs. <\/p>\n<p>De plus, les critiques implicites et publiques accusant la Centrale syndicale d\u2019\u00eatre derri\u00e8re les mouvements de contestation contre le gouvernement actuel ainsi que les multiples atteintes aux libert\u00e9s publiques et priv\u00e9es qui se sont multipli\u00e9es ces derniers temps ne peuvent \u00eatre occult\u00e9es et doivent \u00eatre publiquement condamn\u00e9es, chose que la Pr\u00e9sidence de la R\u00e9publique a bien \u00e9vit\u00e9 de faire ou de clamer.<\/p>\n<p>Non, la manifestation du 1er mai ne peut \u00eatre que celle des travailleurs et celle des v\u00e9ritables d\u00e9fenseurs des libert\u00e9s et des droits des citoyens et des travailleurs, et non pas aux c\u00f4t\u00e9s de courants qui font tout pour mettre la main sur les institutions du pays et faire taire toutes les voix discordantes.<\/p>\n","protected":false},"excerpt":{"rendered":"<p> \u00abEnsemble le 1er mai \u00bb : une proposition ind\u00e9cente de la Pr\u00e9sidence de la R\u00e9publique !  <\/p>\n","protected":false},"author":3222,"featured_media":374437,"comment_status":"open","ping_status":"closed","sticky":false,"template":"","format":"standard","meta":{"footnotes":""},"categories":[44],"tags":[],"class_list":["post-172002","post","type-post","status-publish","format-standard","has-post-thumbnail","hentry","category-national"],"yoast_head":"<!-- This site is optimized with the Yoast SEO Premium plugin v27.5 (Yoast SEO v27.5) - https:\/\/yoast.com\/product\/yoast-seo-premium-wordpress\/ -->\n<title>\u00abEnsemble le 1er mai \u00bb : une proposition ind\u00e9cente de la Pr\u00e9sidence de la R\u00e9publique !<\/title>\n<meta name=\"description\" content=\"\u00abEnsemble le 1er mai \u00bb : une proposition ind\u00e9cente de la Pr\u00e9sidence de la R\u00e9publique !\" \/>\n<link rel=\"canonical\" href=\"https:\/\/www.webdo.tn\/fr\/actualite\/national\/ensemble-le-1er-mai-une-proposition-indecente-de-la-presidence-de-la-republique\/172002\/\" \/>\n<meta property=\"og:locale\" content=\"fr_FR\" \/>\n<meta property=\"og:type\" content=\"article\" \/>\n<meta property=\"og:title\" content=\"\u00abEnsemble le 1er mai \u00bb : une proposition ind\u00e9cente de la Pr\u00e9sidence de la R\u00e9publique !\" \/>\n<meta property=\"og:description\" content=\"\u00abEnsemble le 1er mai \u00bb : une proposition ind\u00e9cente de la Pr\u00e9sidence de la R\u00e9publique !\" \/>\n<meta property=\"og:url\" content=\"https:\/\/www.webdo.tn\/fr\/actualite\/national\/ensemble-le-1er-mai-une-proposition-indecente-de-la-presidence-de-la-republique\/172002\/\" \/>\n<meta property=\"og:site_name\" content=\"webdo\" \/>\n<meta property=\"article:publisher\" content=\"https:\/\/www.facebook.com\/webdotn\" \/>\n<meta property=\"article:published_time\" content=\"2012-04-26T13:07:00+00:00\" \/>\n<meta property=\"article:modified_time\" content=\"2025-06-04T18:57:54+00:00\" \/>\n<meta name=\"author\" content=\"webdo.tn\" \/>\n<meta name=\"twitter:card\" content=\"summary_large_image\" \/>\n<meta name=\"twitter:creator\" content=\"@webdo_tn\" \/>\n<meta name=\"twitter:site\" content=\"@webdo_tn\" \/>\n<meta name=\"twitter:label1\" content=\"\u00c9crit par\" \/>\n\t<meta name=\"twitter:data1\" content=\"webdo.tn\" \/>\n\t<meta name=\"twitter:label2\" content=\"Dur\u00e9e de lecture estim\u00e9e\" \/>\n\t<meta name=\"twitter:data2\" content=\"2 minutes\" \/>\n<script type=\"application\/ld+json\" class=\"yoast-schema-graph\">{\"@context\":\"https:\\\/\\\/schema.org\",\"@graph\":[{\"@type\":\"NewsArticle\",\"@id\":\"https:\\\/\\\/www.webdo.tn\\\/fr\\\/actualite\\\/national\\\/ensemble-le-1er-mai-une-proposition-indecente-de-la-presidence-de-la-republique\\\/172002\\\/#article\",\"isPartOf\":{\"@id\":\"https:\\\/\\\/www.webdo.tn\\\/fr\\\/actualite\\\/national\\\/ensemble-le-1er-mai-une-proposition-indecente-de-la-presidence-de-la-republique\\\/172002\\\/\"},\"author\":{\"name\":\"webdo.tn\",\"@id\":\"https:\\\/\\\/www.webdo.tn\\\/fr\\\/#\\\/schema\\\/person\\\/9a9c6118d687c117df8ef3cc36a4d175\"},\"headline\":\"\u00abEnsemble le 1er mai \u00bb : une proposition ind\u00e9cente de la Pr\u00e9sidence de la R\u00e9publique !\",\"datePublished\":\"2012-04-26T13:07:00+00:00\",\"dateModified\":\"2025-06-04T18:57:54+00:00\",\"mainEntityOfPage\":{\"@id\":\"https:\\\/\\\/www.webdo.tn\\\/fr\\\/actualite\\\/national\\\/ensemble-le-1er-mai-une-proposition-indecente-de-la-presidence-de-la-republique\\\/172002\\\/\"},\"wordCount\":360,\"commentCount\":0,\"publisher\":{\"@id\":\"https:\\\/\\\/www.webdo.tn\\\/fr\\\/#organization\"},\"image\":{\"@id\":\"https:\\\/\\\/www.webdo.tn\\\/fr\\\/actualite\\\/national\\\/ensemble-le-1er-mai-une-proposition-indecente-de-la-presidence-de-la-republique\\\/172002\\\/#primaryimage\"},\"thumbnailUrl\":\"https:\\\/\\\/www.webdo.tn\\\/fr\\\/wp-content\\\/uploads\\\/2025\\\/06\\\/Presidence-de-la-Republique-Tunisienne_172002.jpg\",\"articleSection\":[\"National\"],\"inLanguage\":\"fr-FR\"},{\"@type\":\"WebPage\",\"@id\":\"https:\\\/\\\/www.webdo.tn\\\/fr\\\/actualite\\\/national\\\/ensemble-le-1er-mai-une-proposition-indecente-de-la-presidence-de-la-republique\\\/172002\\\/\",\"url\":\"https:\\\/\\\/www.webdo.tn\\\/fr\\\/actualite\\\/national\\\/ensemble-le-1er-mai-une-proposition-indecente-de-la-presidence-de-la-republique\\\/172002\\\/\",\"name\":\"\u00abEnsemble le 1er mai \u00bb : une proposition ind\u00e9cente de la Pr\u00e9sidence de la R\u00e9publique !\",\"isPartOf\":{\"@id\":\"https:\\\/\\\/www.webdo.tn\\\/fr\\\/#website\"},\"primaryImageOfPage\":{\"@id\":\"https:\\\/\\\/www.webdo.tn\\\/fr\\\/actualite\\\/national\\\/ensemble-le-1er-mai-une-proposition-indecente-de-la-presidence-de-la-republique\\\/172002\\\/#primaryimage\"},\"image\":{\"@id\":\"https:\\\/\\\/www.webdo.tn\\\/fr\\\/actualite\\\/national\\\/ensemble-le-1er-mai-une-proposition-indecente-de-la-presidence-de-la-republique\\\/172002\\\/#primaryimage\"},\"thumbnailUrl\":\"https:\\\/\\\/www.webdo.tn\\\/fr\\\/wp-content\\\/uploads\\\/2025\\\/06\\\/Presidence-de-la-Republique-Tunisienne_172002.jpg\",\"datePublished\":\"2012-04-26T13:07:00+00:00\",\"dateModified\":\"2025-06-04T18:57:54+00:00\",\"description\":\"\u00abEnsemble le 1er mai \u00bb : une proposition ind\u00e9cente de la Pr\u00e9sidence de la R\u00e9publique !\",\"breadcrumb\":{\"@id\":\"https:\\\/\\\/www.webdo.tn\\\/fr\\\/actualite\\\/national\\\/ensemble-le-1er-mai-une-proposition-indecente-de-la-presidence-de-la-republique\\\/172002\\\/#breadcrumb\"},\"inLanguage\":\"fr-FR\",\"potentialAction\":[{\"@type\":\"ReadAction\",\"target\":[\"https:\\\/\\\/www.webdo.tn\\\/fr\\\/actualite\\\/national\\\/ensemble-le-1er-mai-une-proposition-indecente-de-la-presidence-de-la-republique\\\/172002\\\/\"]}]},{\"@type\":\"ImageObject\",\"inLanguage\":\"fr-FR\",\"@id\":\"https:\\\/\\\/www.webdo.tn\\\/fr\\\/actualite\\\/national\\\/ensemble-le-1er-mai-une-proposition-indecente-de-la-presidence-de-la-republique\\\/172002\\\/#primaryimage\",\"url\":\"https:\\\/\\\/www.webdo.tn\\\/fr\\\/wp-content\\\/uploads\\\/2025\\\/06\\\/Presidence-de-la-Republique-Tunisienne_172002.jpg\",\"contentUrl\":\"https:\\\/\\\/www.webdo.tn\\\/fr\\\/wp-content\\\/uploads\\\/2025\\\/06\\\/Presidence-de-la-Republique-Tunisienne_172002.jpg\",\"width\":196,\"height\":196,\"caption\":\"\u00abEnsemble le 1er mai \u00bb : une proposition ind\u00e9cente de la Pr\u00e9sidence de la R\u00e9publique !\"},{\"@type\":\"BreadcrumbList\",\"@id\":\"https:\\\/\\\/www.webdo.tn\\\/fr\\\/actualite\\\/national\\\/ensemble-le-1er-mai-une-proposition-indecente-de-la-presidence-de-la-republique\\\/172002\\\/#breadcrumb\",\"itemListElement\":[{\"@type\":\"ListItem\",\"position\":1,\"name\":\"Accueil\",\"item\":\"https:\\\/\\\/www.webdo.tn\\\/fr\\\/\"},{\"@type\":\"ListItem\",\"position\":2,\"name\":\"\u00abEnsemble le 1er mai \u00bb : une proposition ind\u00e9cente de la Pr\u00e9sidence de la R\u00e9publique !\"}]},{\"@type\":\"WebSite\",\"@id\":\"https:\\\/\\\/www.webdo.tn\\\/fr\\\/#website\",\"url\":\"https:\\\/\\\/www.webdo.tn\\\/fr\\\/\",\"name\":\"webdo\",\"description\":\"Tunisie - News en Tunisie et \u00e0 l&#039;international sur Webdo.tn\",\"publisher\":{\"@id\":\"https:\\\/\\\/www.webdo.tn\\\/fr\\\/#organization\"},\"potentialAction\":[{\"@type\":\"SearchAction\",\"target\":{\"@type\":\"EntryPoint\",\"urlTemplate\":\"https:\\\/\\\/www.webdo.tn\\\/fr\\\/?s={search_term_string}\"},\"query-input\":{\"@type\":\"PropertyValueSpecification\",\"valueRequired\":true,\"valueName\":\"search_term_string\"}}],\"inLanguage\":\"fr-FR\"},{\"@type\":\"Organization\",\"@id\":\"https:\\\/\\\/www.webdo.tn\\\/fr\\\/#organization\",\"name\":\"Webdo\",\"alternateName\":\"Webdo.tn\",\"url\":\"https:\\\/\\\/www.webdo.tn\\\/fr\\\/\",\"logo\":{\"@type\":\"ImageObject\",\"inLanguage\":\"fr-FR\",\"@id\":\"https:\\\/\\\/www.webdo.tn\\\/fr\\\/#\\\/schema\\\/logo\\\/image\\\/\",\"url\":\"https:\\\/\\\/www.webdo.tn\\\/fr\\\/wp-content\\\/uploads\\\/2025\\\/06\\\/Webdo-Tunisie_168377.jpg\",\"contentUrl\":\"https:\\\/\\\/www.webdo.tn\\\/fr\\\/wp-content\\\/uploads\\\/2025\\\/06\\\/Webdo-Tunisie_168377.jpg\",\"width\":301,\"height\":301,\"caption\":\"Webdo\"},\"image\":{\"@id\":\"https:\\\/\\\/www.webdo.tn\\\/fr\\\/#\\\/schema\\\/logo\\\/image\\\/\"},\"sameAs\":[\"https:\\\/\\\/www.facebook.com\\\/webdotn\",\"https:\\\/\\\/x.com\\\/webdo_tn\"],\"description\":\"Webdo est un m\u00e9dia num\u00e9rique tunisien fond\u00e9 en 2010, sp\u00e9cialis\u00e9 dans l\u2019actualit\u00e9 nationale et internationale, l\u2019\u00e9conomie, la soci\u00e9t\u00e9 et les analyses politiques. Le site s\u2019adresse \u00e0 un large public francophone et couvre l\u2019information tunisienne en temps r\u00e9el.\",\"email\":\"redac@webdo.tn\",\"legalName\":\"YNJ SARL\",\"foundingDate\":\"2010-09-06\",\"numberOfEmployees\":{\"@type\":\"QuantitativeValue\",\"minValue\":\"11\",\"maxValue\":\"50\"}},{\"@type\":\"Person\",\"@id\":\"https:\\\/\\\/www.webdo.tn\\\/fr\\\/#\\\/schema\\\/person\\\/9a9c6118d687c117df8ef3cc36a4d175\",\"name\":\"webdo.tn\",\"image\":{\"@type\":\"ImageObject\",\"inLanguage\":\"fr-FR\",\"@id\":\"https:\\\/\\\/secure.gravatar.com\\\/avatar\\\/7ce1f28c0c3bbac99ff550b85ef8e44a6950c6ee24514fb6a5489e51d06f0298?s=96&d=mm&r=g\",\"url\":\"https:\\\/\\\/secure.gravatar.com\\\/avatar\\\/7ce1f28c0c3bbac99ff550b85ef8e44a6950c6ee24514fb6a5489e51d06f0298?s=96&d=mm&r=g\",\"contentUrl\":\"https:\\\/\\\/secure.gravatar.com\\\/avatar\\\/7ce1f28c0c3bbac99ff550b85ef8e44a6950c6ee24514fb6a5489e51d06f0298?s=96&d=mm&r=g\",\"caption\":\"webdo.tn\"},\"url\":\"https:\\\/\\\/www.webdo.tn\\\/fr\\\/actualite\\\/author\\\/webdotn\\\/\"}]}<\/script>\n<!-- \/ Yoast SEO Premium plugin. -->","yoast_head_json":{"title":"\u00abEnsemble le 1er mai \u00bb : une proposition ind\u00e9cente de la Pr\u00e9sidence de la R\u00e9publique !","description":"\u00abEnsemble le 1er mai \u00bb : une proposition ind\u00e9cente de la Pr\u00e9sidence de la R\u00e9publique !","canonical":"https:\/\/www.webdo.tn\/fr\/actualite\/national\/ensemble-le-1er-mai-une-proposition-indecente-de-la-presidence-de-la-republique\/172002\/","og_locale":"fr_FR","og_type":"article","og_title":"\u00abEnsemble le 1er mai \u00bb : une proposition ind\u00e9cente de la Pr\u00e9sidence de la R\u00e9publique !","og_description":"\u00abEnsemble le 1er mai \u00bb : une proposition ind\u00e9cente de la Pr\u00e9sidence de la R\u00e9publique !","og_url":"https:\/\/www.webdo.tn\/fr\/actualite\/national\/ensemble-le-1er-mai-une-proposition-indecente-de-la-presidence-de-la-republique\/172002\/","og_site_name":"webdo","article_publisher":"https:\/\/www.facebook.com\/webdotn","article_published_time":"2012-04-26T13:07:00+00:00","article_modified_time":"2025-06-04T18:57:54+00:00","author":"webdo.tn","twitter_card":"summary_large_image","twitter_creator":"@webdo_tn","twitter_site":"@webdo_tn","twitter_misc":{"\u00c9crit par":"webdo.tn","Dur\u00e9e de lecture estim\u00e9e":"2 minutes"},"schema":{"@context":"https:\/\/schema.org","@graph":[{"@type":"NewsArticle","@id":"https:\/\/www.webdo.tn\/fr\/actualite\/national\/ensemble-le-1er-mai-une-proposition-indecente-de-la-presidence-de-la-republique\/172002\/#article","isPartOf":{"@id":"https:\/\/www.webdo.tn\/fr\/actualite\/national\/ensemble-le-1er-mai-une-proposition-indecente-de-la-presidence-de-la-republique\/172002\/"},"author":{"name":"webdo.tn","@id":"https:\/\/www.webdo.tn\/fr\/#\/schema\/person\/9a9c6118d687c117df8ef3cc36a4d175"},"headline":"\u00abEnsemble le 1er mai \u00bb : une proposition ind\u00e9cente de la Pr\u00e9sidence de la R\u00e9publique !","datePublished":"2012-04-26T13:07:00+00:00","dateModified":"2025-06-04T18:57:54+00:00","mainEntityOfPage":{"@id":"https:\/\/www.webdo.tn\/fr\/actualite\/national\/ensemble-le-1er-mai-une-proposition-indecente-de-la-presidence-de-la-republique\/172002\/"},"wordCount":360,"commentCount":0,"publisher":{"@id":"https:\/\/www.webdo.tn\/fr\/#organization"},"image":{"@id":"https:\/\/www.webdo.tn\/fr\/actualite\/national\/ensemble-le-1er-mai-une-proposition-indecente-de-la-presidence-de-la-republique\/172002\/#primaryimage"},"thumbnailUrl":"https:\/\/www.webdo.tn\/fr\/wp-content\/uploads\/2025\/06\/Presidence-de-la-Republique-Tunisienne_172002.jpg","articleSection":["National"],"inLanguage":"fr-FR"},{"@type":"WebPage","@id":"https:\/\/www.webdo.tn\/fr\/actualite\/national\/ensemble-le-1er-mai-une-proposition-indecente-de-la-presidence-de-la-republique\/172002\/","url":"https:\/\/www.webdo.tn\/fr\/actualite\/national\/ensemble-le-1er-mai-une-proposition-indecente-de-la-presidence-de-la-republique\/172002\/","name":"\u00abEnsemble le 1er mai \u00bb : une proposition ind\u00e9cente de la Pr\u00e9sidence de la R\u00e9publique !","isPartOf":{"@id":"https:\/\/www.webdo.tn\/fr\/#website"},"primaryImageOfPage":{"@id":"https:\/\/www.webdo.tn\/fr\/actualite\/national\/ensemble-le-1er-mai-une-proposition-indecente-de-la-presidence-de-la-republique\/172002\/#primaryimage"},"image":{"@id":"https:\/\/www.webdo.tn\/fr\/actualite\/national\/ensemble-le-1er-mai-une-proposition-indecente-de-la-presidence-de-la-republique\/172002\/#primaryimage"},"thumbnailUrl":"https:\/\/www.webdo.tn\/fr\/wp-content\/uploads\/2025\/06\/Presidence-de-la-Republique-Tunisienne_172002.jpg","datePublished":"2012-04-26T13:07:00+00:00","dateModified":"2025-06-04T18:57:54+00:00","description":"\u00abEnsemble le 1er mai \u00bb : une proposition ind\u00e9cente de la Pr\u00e9sidence de la R\u00e9publique !","breadcrumb":{"@id":"https:\/\/www.webdo.tn\/fr\/actualite\/national\/ensemble-le-1er-mai-une-proposition-indecente-de-la-presidence-de-la-republique\/172002\/#breadcrumb"},"inLanguage":"fr-FR","potentialAction":[{"@type":"ReadAction","target":["https:\/\/www.webdo.tn\/fr\/actualite\/national\/ensemble-le-1er-mai-une-proposition-indecente-de-la-presidence-de-la-republique\/172002\/"]}]},{"@type":"ImageObject","inLanguage":"fr-FR","@id":"https:\/\/www.webdo.tn\/fr\/actualite\/national\/ensemble-le-1er-mai-une-proposition-indecente-de-la-presidence-de-la-republique\/172002\/#primaryimage","url":"https:\/\/www.webdo.tn\/fr\/wp-content\/uploads\/2025\/06\/Presidence-de-la-Republique-Tunisienne_172002.jpg","contentUrl":"https:\/\/www.webdo.tn\/fr\/wp-content\/uploads\/2025\/06\/Presidence-de-la-Republique-Tunisienne_172002.jpg","width":196,"height":196,"caption":"\u00abEnsemble le 1er mai \u00bb : une proposition ind\u00e9cente de la Pr\u00e9sidence de la R\u00e9publique !"},{"@type":"BreadcrumbList","@id":"https:\/\/www.webdo.tn\/fr\/actualite\/national\/ensemble-le-1er-mai-une-proposition-indecente-de-la-presidence-de-la-republique\/172002\/#breadcrumb","itemListElement":[{"@type":"ListItem","position":1,"name":"Accueil","item":"https:\/\/www.webdo.tn\/fr\/"},{"@type":"ListItem","position":2,"name":"\u00abEnsemble le 1er mai \u00bb : une proposition ind\u00e9cente de la Pr\u00e9sidence de la R\u00e9publique !"}]},{"@type":"WebSite","@id":"https:\/\/www.webdo.tn\/fr\/#website","url":"https:\/\/www.webdo.tn\/fr\/","name":"webdo","description":"Tunisie - News en Tunisie et \u00e0 l&#039;international sur Webdo.tn","publisher":{"@id":"https:\/\/www.webdo.tn\/fr\/#organization"},"potentialAction":[{"@type":"SearchAction","target":{"@type":"EntryPoint","urlTemplate":"https:\/\/www.webdo.tn\/fr\/?s={search_term_string}"},"query-input":{"@type":"PropertyValueSpecification","valueRequired":true,"valueName":"search_term_string"}}],"inLanguage":"fr-FR"},{"@type":"Organization","@id":"https:\/\/www.webdo.tn\/fr\/#organization","name":"Webdo","alternateName":"Webdo.tn","url":"https:\/\/www.webdo.tn\/fr\/","logo":{"@type":"ImageObject","inLanguage":"fr-FR","@id":"https:\/\/www.webdo.tn\/fr\/#\/schema\/logo\/image\/","url":"https:\/\/www.webdo.tn\/fr\/wp-content\/uploads\/2025\/06\/Webdo-Tunisie_168377.jpg","contentUrl":"https:\/\/www.webdo.tn\/fr\/wp-content\/uploads\/2025\/06\/Webdo-Tunisie_168377.jpg","width":301,"height":301,"caption":"Webdo"},"image":{"@id":"https:\/\/www.webdo.tn\/fr\/#\/schema\/logo\/image\/"},"sameAs":["https:\/\/www.facebook.com\/webdotn","https:\/\/x.com\/webdo_tn"],"description":"Webdo est un m\u00e9dia num\u00e9rique tunisien fond\u00e9 en 2010, sp\u00e9cialis\u00e9 dans l\u2019actualit\u00e9 nationale et internationale, l\u2019\u00e9conomie, la soci\u00e9t\u00e9 et les analyses politiques. Le site s\u2019adresse \u00e0 un large public francophone et couvre l\u2019information tunisienne en temps r\u00e9el.","email":"redac@webdo.tn","legalName":"YNJ SARL","foundingDate":"2010-09-06","numberOfEmployees":{"@type":"QuantitativeValue","minValue":"11","maxValue":"50"}},{"@type":"Person","@id":"https:\/\/www.webdo.tn\/fr\/#\/schema\/person\/9a9c6118d687c117df8ef3cc36a4d175","name":"webdo.tn","image":{"@type":"ImageObject","inLanguage":"fr-FR","@id":"https:\/\/secure.gravatar.com\/avatar\/7ce1f28c0c3bbac99ff550b85ef8e44a6950c6ee24514fb6a5489e51d06f0298?s=96&d=mm&r=g","url":"https:\/\/secure.gravatar.com\/avatar\/7ce1f28c0c3bbac99ff550b85ef8e44a6950c6ee24514fb6a5489e51d06f0298?s=96&d=mm&r=g","contentUrl":"https:\/\/secure.gravatar.com\/avatar\/7ce1f28c0c3bbac99ff550b85ef8e44a6950c6ee24514fb6a5489e51d06f0298?s=96&d=mm&r=g","caption":"webdo.tn"},"url":"https:\/\/www.webdo.tn\/fr\/actualite\/author\/webdotn\/"}]}},"_links":{"self":[{"href":"https:\/\/www.webdo.tn\/fr\/wp-json\/wp\/v2\/posts\/172002","targetHints":{"allow":["GET"]}}],"collection":[{"href":"https:\/\/www.webdo.tn\/fr\/wp-json\/wp\/v2\/posts"}],"about":[{"href":"https:\/\/www.webdo.tn\/fr\/wp-json\/wp\/v2\/types\/post"}],"author":[{"embeddable":true,"href":"https:\/\/www.webdo.tn\/fr\/wp-json\/wp\/v2\/users\/3222"}],"replies":[{"embeddable":true,"href":"https:\/\/www.webdo.tn\/fr\/wp-json\/wp\/v2\/comments?post=172002"}],"version-history":[{"count":0,"href":"https:\/\/www.webdo.tn\/fr\/wp-json\/wp\/v2\/posts\/172002\/revisions"}],"wp:featuredmedia":[{"embeddable":true,"href":"https:\/\/www.webdo.tn\/fr\/wp-json\/wp\/v2\/media\/374437"}],"wp:attachment":[{"href":"https:\/\/www.webdo.tn\/fr\/wp-json\/wp\/v2\/media?parent=172002"}],"wp:term":[{"taxonomy":"category","embeddable":true,"href":"https:\/\/www.webdo.tn\/fr\/wp-json\/wp\/v2\/categories?post=172002"},{"taxonomy":"post_tag","embeddable":true,"href":"https:\/\/www.webdo.tn\/fr\/wp-json\/wp\/v2\/tags?post=172002"}],"curies":[{"name":"wp","href":"https:\/\/api.w.org\/{rel}","templated":true}]}}