{"id":172001,"date":"2012-04-26T15:42:00","date_gmt":"2012-04-26T15:42:00","guid":{"rendered":"https:\/\/www.webdo.tn\/fr\/blog\/tunisie-caricature-2012-pour-que-le-vent-de-liberte-continue-de-souffler\/172001\/"},"modified":"2012-04-26T15:42:00","modified_gmt":"2012-04-26T15:42:00","slug":"tunisie-caricature-2012-pour-que-le-vent-de-liberte-continue-de-souffler","status":"publish","type":"post","link":"https:\/\/www.webdo.tn\/fr\/actualite\/national\/tunisie-caricature-2012-pour-que-le-vent-de-liberte-continue-de-souffler\/172001\/","title":{"rendered":"Tunisie Caricature 2012 : pour que le vent de libert\u00e9 continue de souffler&#8230;"},"content":{"rendered":"<p>Du 2 au 13 mai se tiendra le salon \u00ab\u00a0Tunisie Caricature 2012&Prime; organis\u00e9 par l&rsquo;OLPEC (Observatoire pour la Libert\u00e9 de Presse, d&rsquo;\u00c9dition et de Cr\u00e9ation en Tunisie\u00a0\u00bb. L&rsquo;inauguration de ce salon se fera en pr\u00e9sence de Mme Sylvie Caudray, chef de section communication \u00e0 l&rsquo;UNESCO, et M. Bro Russel, pr\u00e9sident du r\u00e9seau international des droits de caricaturistes.<\/p>\n<p>Au menu de ce salon, notamment, une remise de prix pour les meilleurs jeunes caricaturistes, le 2 mai et un colloque, intitul\u00e9 \u00ab\u00a0le r\u00f4le de la caricature dans la consolidation de la libert\u00e9 d&rsquo;expression\u00a0\u00bb, le 5 mai.<\/p>\n<p>\u00ab\u00a0Tunisie Caricature 2012\u00a0\u00bb a pour objectif la r\u00e9habilitation de l&rsquo;art de la caricature, qui a connu un v\u00e9ritable essor en Tunisie, depuis la r\u00e9volution. Le salon entend donc consolider ce vent de libert\u00e9 tout en encourageant les jeunes caricaturistes.<\/p>\n<p>Treize Tunisiens, un Fran\u00e7ais, un Jordanien, un Alg\u00e9rien et un \u00c9gyptien participeront \u00e0 \u00ab\u00a0Tunisie Caricature 2012\u00a0\u00bb : Adel Houri, Adenov, Amer Selim, Bassem Kahouach, Chedly Belkhamsa, Chekib Daoud, Fred Lardon, Imed Ben Hamida, Jalel Al Rifa\u00ef, Nidhal Ghariani, Le Hic, Lotfi Ben Sassi, Tawfiq Omrane, Yassine Ellil, Z, Zied Mejri et l&rsquo;humoriste chroniqueur Haythem Mekki<\/p>\n<p>Par ailleurs, le c\u00e9l\u00e8bre caricaturiste alg\u00e9rien Ali Dilem pourrait \u00e9ventuellement participer \u00e0 ce salon.<\/p>\n","protected":false},"excerpt":{"rendered":"<p>Tunisie Caricature 2012 : pour que le vent de libert\u00e9 continue de souffler&#8230;<\/p>\n","protected":false},"author":3222,"featured_media":333623,"comment_status":"open","ping_status":"closed","sticky":false,"template":"","format":"standard","meta":{"footnotes":""},"categories":[44],"tags":[2600],"class_list":["post-172001","post","type-post","status-publish","format-standard","has-post-thumbnail","hentry","category-national","tag-guerre"],"yoast_head":"<!-- This site is optimized with the Yoast SEO Premium plugin v27.5 (Yoast SEO v27.5) - https:\/\/yoast.com\/product\/yoast-seo-premium-wordpress\/ -->\n<title>Tunisie Caricature 2012 : pour que le vent de libert\u00e9 continue de souffler...<\/title>\n<meta name=\"description\" content=\"Tunisie Caricature 2012 : pour que le vent de libert\u00e9 continue de souffler...\" \/>\n<link rel=\"canonical\" href=\"https:\/\/www.webdo.tn\/fr\/actualite\/national-45\/tunisie-caricature-2012-pour-que-le-vent-de-liberte-continue-de-souffler\/172001\/\" \/>\n<meta property=\"og:locale\" content=\"fr_FR\" \/>\n<meta property=\"og:type\" content=\"article\" \/>\n<meta property=\"og:title\" content=\"Tunisie Caricature 2012 : pour que le vent de libert\u00e9 continue de souffler...\" \/>\n<meta property=\"og:description\" content=\"Tunisie Caricature 2012 : pour que le vent de libert\u00e9 continue de souffler...\" \/>\n<meta property=\"og:url\" content=\"https:\/\/www.webdo.tn\/fr\/actualite\/national-45\/tunisie-caricature-2012-pour-que-le-vent-de-liberte-continue-de-souffler\/172001\/\" \/>\n<meta property=\"og:site_name\" content=\"webdo\" \/>\n<meta property=\"article:publisher\" content=\"https:\/\/www.facebook.com\/webdotn\" \/>\n<meta property=\"article:published_time\" content=\"2012-04-26T15:42:00+00:00\" \/>\n<meta property=\"og:image\" content=\"https:\/\/www.webdo.tn\/fr\/wp-content\/uploads\/2012\/04\/Caricature-by-Ali-Dilem.jpg\" \/>\n\t<meta property=\"og:image:width\" content=\"280\" \/>\n\t<meta property=\"og:image:height\" content=\"224\" \/>\n\t<meta property=\"og:image:type\" content=\"image\/jpeg\" \/>\n<meta name=\"author\" content=\"webdo.tn\" \/>\n<meta name=\"twitter:card\" content=\"summary_large_image\" \/>\n<meta name=\"twitter:creator\" content=\"@webdo_tn\" \/>\n<meta name=\"twitter:site\" content=\"@webdo_tn\" \/>\n<meta name=\"twitter:label1\" content=\"\u00c9crit par\" \/>\n\t<meta name=\"twitter:data1\" content=\"webdo.tn\" \/>\n\t<meta name=\"twitter:label2\" content=\"Dur\u00e9e de lecture estim\u00e9e\" \/>\n\t<meta name=\"twitter:data2\" content=\"1 minute\" \/>\n<script type=\"application\/ld+json\" class=\"yoast-schema-graph\">{\"@context\":\"https:\\\/\\\/schema.org\",\"@graph\":[{\"@type\":\"NewsArticle\",\"@id\":\"https:\\\/\\\/www.webdo.tn\\\/fr\\\/actualite\\\/national-45\\\/tunisie-caricature-2012-pour-que-le-vent-de-liberte-continue-de-souffler\\\/172001\\\/#article\",\"isPartOf\":{\"@id\":\"https:\\\/\\\/www.webdo.tn\\\/fr\\\/actualite\\\/national-45\\\/tunisie-caricature-2012-pour-que-le-vent-de-liberte-continue-de-souffler\\\/172001\\\/\"},\"author\":{\"name\":\"webdo.tn\",\"@id\":\"https:\\\/\\\/www.webdo.tn\\\/fr\\\/#\\\/schema\\\/person\\\/9a9c6118d687c117df8ef3cc36a4d175\"},\"headline\":\"Tunisie Caricature 2012 : pour que le vent de libert\u00e9 continue de souffler&#8230;\",\"datePublished\":\"2012-04-26T15:42:00+00:00\",\"mainEntityOfPage\":{\"@id\":\"https:\\\/\\\/www.webdo.tn\\\/fr\\\/actualite\\\/national-45\\\/tunisie-caricature-2012-pour-que-le-vent-de-liberte-continue-de-souffler\\\/172001\\\/\"},\"wordCount\":222,\"commentCount\":0,\"publisher\":{\"@id\":\"https:\\\/\\\/www.webdo.tn\\\/fr\\\/#organization\"},\"image\":{\"@id\":\"https:\\\/\\\/www.webdo.tn\\\/fr\\\/actualite\\\/national-45\\\/tunisie-caricature-2012-pour-que-le-vent-de-liberte-continue-de-souffler\\\/172001\\\/#primaryimage\"},\"thumbnailUrl\":\"https:\\\/\\\/www.webdo.tn\\\/fr\\\/wp-content\\\/uploads\\\/2012\\\/04\\\/Caricature-by-Ali-Dilem.jpg\",\"keywords\":[\"guerre\"],\"articleSection\":[\"National\"],\"inLanguage\":\"fr-FR\"},{\"@type\":\"WebPage\",\"@id\":\"https:\\\/\\\/www.webdo.tn\\\/fr\\\/actualite\\\/national-45\\\/tunisie-caricature-2012-pour-que-le-vent-de-liberte-continue-de-souffler\\\/172001\\\/\",\"url\":\"https:\\\/\\\/www.webdo.tn\\\/fr\\\/actualite\\\/national-45\\\/tunisie-caricature-2012-pour-que-le-vent-de-liberte-continue-de-souffler\\\/172001\\\/\",\"name\":\"Tunisie Caricature 2012 : pour que le vent de libert\u00e9 continue de souffler...\",\"isPartOf\":{\"@id\":\"https:\\\/\\\/www.webdo.tn\\\/fr\\\/#website\"},\"primaryImageOfPage\":{\"@id\":\"https:\\\/\\\/www.webdo.tn\\\/fr\\\/actualite\\\/national-45\\\/tunisie-caricature-2012-pour-que-le-vent-de-liberte-continue-de-souffler\\\/172001\\\/#primaryimage\"},\"image\":{\"@id\":\"https:\\\/\\\/www.webdo.tn\\\/fr\\\/actualite\\\/national-45\\\/tunisie-caricature-2012-pour-que-le-vent-de-liberte-continue-de-souffler\\\/172001\\\/#primaryimage\"},\"thumbnailUrl\":\"https:\\\/\\\/www.webdo.tn\\\/fr\\\/wp-content\\\/uploads\\\/2012\\\/04\\\/Caricature-by-Ali-Dilem.jpg\",\"datePublished\":\"2012-04-26T15:42:00+00:00\",\"description\":\"Tunisie Caricature 2012 : pour que le vent de libert\u00e9 continue de souffler...\",\"breadcrumb\":{\"@id\":\"https:\\\/\\\/www.webdo.tn\\\/fr\\\/actualite\\\/national-45\\\/tunisie-caricature-2012-pour-que-le-vent-de-liberte-continue-de-souffler\\\/172001\\\/#breadcrumb\"},\"inLanguage\":\"fr-FR\",\"potentialAction\":[{\"@type\":\"ReadAction\",\"target\":[\"https:\\\/\\\/www.webdo.tn\\\/fr\\\/actualite\\\/national-45\\\/tunisie-caricature-2012-pour-que-le-vent-de-liberte-continue-de-souffler\\\/172001\\\/\"]}]},{\"@type\":\"ImageObject\",\"inLanguage\":\"fr-FR\",\"@id\":\"https:\\\/\\\/www.webdo.tn\\\/fr\\\/actualite\\\/national-45\\\/tunisie-caricature-2012-pour-que-le-vent-de-liberte-continue-de-souffler\\\/172001\\\/#primaryimage\",\"url\":\"https:\\\/\\\/www.webdo.tn\\\/fr\\\/wp-content\\\/uploads\\\/2012\\\/04\\\/Caricature-by-Ali-Dilem.jpg\",\"contentUrl\":\"https:\\\/\\\/www.webdo.tn\\\/fr\\\/wp-content\\\/uploads\\\/2012\\\/04\\\/Caricature-by-Ali-Dilem.jpg\",\"width\":280,\"height\":224,\"caption\":\"Tunisie Caricature 2012 : pour que le vent de libert\u00e9 continue de souffler...\"},{\"@type\":\"BreadcrumbList\",\"@id\":\"https:\\\/\\\/www.webdo.tn\\\/fr\\\/actualite\\\/national-45\\\/tunisie-caricature-2012-pour-que-le-vent-de-liberte-continue-de-souffler\\\/172001\\\/#breadcrumb\",\"itemListElement\":[{\"@type\":\"ListItem\",\"position\":1,\"name\":\"Accueil\",\"item\":\"https:\\\/\\\/www.webdo.tn\\\/fr\\\/\"},{\"@type\":\"ListItem\",\"position\":2,\"name\":\"Tunisie Caricature 2012 : pour que le vent de libert\u00e9 continue de souffler&#8230;\"}]},{\"@type\":\"WebSite\",\"@id\":\"https:\\\/\\\/www.webdo.tn\\\/fr\\\/#website\",\"url\":\"https:\\\/\\\/www.webdo.tn\\\/fr\\\/\",\"name\":\"webdo\",\"description\":\"Tunisie - News en Tunisie et \u00e0 l&#039;international sur Webdo.tn\",\"publisher\":{\"@id\":\"https:\\\/\\\/www.webdo.tn\\\/fr\\\/#organization\"},\"potentialAction\":[{\"@type\":\"SearchAction\",\"target\":{\"@type\":\"EntryPoint\",\"urlTemplate\":\"https:\\\/\\\/www.webdo.tn\\\/fr\\\/?s={search_term_string}\"},\"query-input\":{\"@type\":\"PropertyValueSpecification\",\"valueRequired\":true,\"valueName\":\"search_term_string\"}}],\"inLanguage\":\"fr-FR\"},{\"@type\":\"Organization\",\"@id\":\"https:\\\/\\\/www.webdo.tn\\\/fr\\\/#organization\",\"name\":\"Webdo\",\"alternateName\":\"Webdo.tn\",\"url\":\"https:\\\/\\\/www.webdo.tn\\\/fr\\\/\",\"logo\":{\"@type\":\"ImageObject\",\"inLanguage\":\"fr-FR\",\"@id\":\"https:\\\/\\\/www.webdo.tn\\\/fr\\\/#\\\/schema\\\/logo\\\/image\\\/\",\"url\":\"https:\\\/\\\/www.webdo.tn\\\/fr\\\/wp-content\\\/uploads\\\/2025\\\/06\\\/Webdo-Tunisie_168377.jpg\",\"contentUrl\":\"https:\\\/\\\/www.webdo.tn\\\/fr\\\/wp-content\\\/uploads\\\/2025\\\/06\\\/Webdo-Tunisie_168377.jpg\",\"width\":301,\"height\":301,\"caption\":\"Webdo\"},\"image\":{\"@id\":\"https:\\\/\\\/www.webdo.tn\\\/fr\\\/#\\\/schema\\\/logo\\\/image\\\/\"},\"sameAs\":[\"https:\\\/\\\/www.facebook.com\\\/webdotn\",\"https:\\\/\\\/x.com\\\/webdo_tn\"],\"description\":\"Webdo est un m\u00e9dia num\u00e9rique tunisien fond\u00e9 en 2010, sp\u00e9cialis\u00e9 dans l\u2019actualit\u00e9 nationale et internationale, l\u2019\u00e9conomie, la soci\u00e9t\u00e9 et les analyses politiques. Le site s\u2019adresse \u00e0 un large public francophone et couvre l\u2019information tunisienne en temps r\u00e9el.\",\"email\":\"redac@webdo.tn\",\"legalName\":\"YNJ SARL\",\"foundingDate\":\"2010-09-06\",\"numberOfEmployees\":{\"@type\":\"QuantitativeValue\",\"minValue\":\"11\",\"maxValue\":\"50\"}},{\"@type\":\"Person\",\"@id\":\"https:\\\/\\\/www.webdo.tn\\\/fr\\\/#\\\/schema\\\/person\\\/9a9c6118d687c117df8ef3cc36a4d175\",\"name\":\"webdo.tn\",\"image\":{\"@type\":\"ImageObject\",\"inLanguage\":\"fr-FR\",\"@id\":\"https:\\\/\\\/secure.gravatar.com\\\/avatar\\\/7ce1f28c0c3bbac99ff550b85ef8e44a6950c6ee24514fb6a5489e51d06f0298?s=96&d=mm&r=g\",\"url\":\"https:\\\/\\\/secure.gravatar.com\\\/avatar\\\/7ce1f28c0c3bbac99ff550b85ef8e44a6950c6ee24514fb6a5489e51d06f0298?s=96&d=mm&r=g\",\"contentUrl\":\"https:\\\/\\\/secure.gravatar.com\\\/avatar\\\/7ce1f28c0c3bbac99ff550b85ef8e44a6950c6ee24514fb6a5489e51d06f0298?s=96&d=mm&r=g\",\"caption\":\"webdo.tn\"},\"url\":\"https:\\\/\\\/www.webdo.tn\\\/fr\\\/actualite\\\/author\\\/webdotn\\\/\"}]}<\/script>\n<!-- \/ Yoast SEO Premium plugin. -->","yoast_head_json":{"title":"Tunisie Caricature 2012 : pour que le vent de libert\u00e9 continue de souffler...","description":"Tunisie Caricature 2012 : pour que le vent de libert\u00e9 continue de souffler...","canonical":"https:\/\/www.webdo.tn\/fr\/actualite\/national-45\/tunisie-caricature-2012-pour-que-le-vent-de-liberte-continue-de-souffler\/172001\/","og_locale":"fr_FR","og_type":"article","og_title":"Tunisie Caricature 2012 : pour que le vent de libert\u00e9 continue de souffler...","og_description":"Tunisie Caricature 2012 : pour que le vent de libert\u00e9 continue de souffler...","og_url":"https:\/\/www.webdo.tn\/fr\/actualite\/national-45\/tunisie-caricature-2012-pour-que-le-vent-de-liberte-continue-de-souffler\/172001\/","og_site_name":"webdo","article_publisher":"https:\/\/www.facebook.com\/webdotn","article_published_time":"2012-04-26T15:42:00+00:00","og_image":[{"width":280,"height":224,"url":"https:\/\/www.webdo.tn\/fr\/wp-content\/uploads\/2012\/04\/Caricature-by-Ali-Dilem.jpg","type":"image\/jpeg"}],"author":"webdo.tn","twitter_card":"summary_large_image","twitter_creator":"@webdo_tn","twitter_site":"@webdo_tn","twitter_misc":{"\u00c9crit par":"webdo.tn","Dur\u00e9e de lecture estim\u00e9e":"1 minute"},"schema":{"@context":"https:\/\/schema.org","@graph":[{"@type":"NewsArticle","@id":"https:\/\/www.webdo.tn\/fr\/actualite\/national-45\/tunisie-caricature-2012-pour-que-le-vent-de-liberte-continue-de-souffler\/172001\/#article","isPartOf":{"@id":"https:\/\/www.webdo.tn\/fr\/actualite\/national-45\/tunisie-caricature-2012-pour-que-le-vent-de-liberte-continue-de-souffler\/172001\/"},"author":{"name":"webdo.tn","@id":"https:\/\/www.webdo.tn\/fr\/#\/schema\/person\/9a9c6118d687c117df8ef3cc36a4d175"},"headline":"Tunisie Caricature 2012 : pour que le vent de libert\u00e9 continue de souffler&#8230;","datePublished":"2012-04-26T15:42:00+00:00","mainEntityOfPage":{"@id":"https:\/\/www.webdo.tn\/fr\/actualite\/national-45\/tunisie-caricature-2012-pour-que-le-vent-de-liberte-continue-de-souffler\/172001\/"},"wordCount":222,"commentCount":0,"publisher":{"@id":"https:\/\/www.webdo.tn\/fr\/#organization"},"image":{"@id":"https:\/\/www.webdo.tn\/fr\/actualite\/national-45\/tunisie-caricature-2012-pour-que-le-vent-de-liberte-continue-de-souffler\/172001\/#primaryimage"},"thumbnailUrl":"https:\/\/www.webdo.tn\/fr\/wp-content\/uploads\/2012\/04\/Caricature-by-Ali-Dilem.jpg","keywords":["guerre"],"articleSection":["National"],"inLanguage":"fr-FR"},{"@type":"WebPage","@id":"https:\/\/www.webdo.tn\/fr\/actualite\/national-45\/tunisie-caricature-2012-pour-que-le-vent-de-liberte-continue-de-souffler\/172001\/","url":"https:\/\/www.webdo.tn\/fr\/actualite\/national-45\/tunisie-caricature-2012-pour-que-le-vent-de-liberte-continue-de-souffler\/172001\/","name":"Tunisie Caricature 2012 : pour que le vent de libert\u00e9 continue de souffler...","isPartOf":{"@id":"https:\/\/www.webdo.tn\/fr\/#website"},"primaryImageOfPage":{"@id":"https:\/\/www.webdo.tn\/fr\/actualite\/national-45\/tunisie-caricature-2012-pour-que-le-vent-de-liberte-continue-de-souffler\/172001\/#primaryimage"},"image":{"@id":"https:\/\/www.webdo.tn\/fr\/actualite\/national-45\/tunisie-caricature-2012-pour-que-le-vent-de-liberte-continue-de-souffler\/172001\/#primaryimage"},"thumbnailUrl":"https:\/\/www.webdo.tn\/fr\/wp-content\/uploads\/2012\/04\/Caricature-by-Ali-Dilem.jpg","datePublished":"2012-04-26T15:42:00+00:00","description":"Tunisie Caricature 2012 : pour que le vent de libert\u00e9 continue de souffler...","breadcrumb":{"@id":"https:\/\/www.webdo.tn\/fr\/actualite\/national-45\/tunisie-caricature-2012-pour-que-le-vent-de-liberte-continue-de-souffler\/172001\/#breadcrumb"},"inLanguage":"fr-FR","potentialAction":[{"@type":"ReadAction","target":["https:\/\/www.webdo.tn\/fr\/actualite\/national-45\/tunisie-caricature-2012-pour-que-le-vent-de-liberte-continue-de-souffler\/172001\/"]}]},{"@type":"ImageObject","inLanguage":"fr-FR","@id":"https:\/\/www.webdo.tn\/fr\/actualite\/national-45\/tunisie-caricature-2012-pour-que-le-vent-de-liberte-continue-de-souffler\/172001\/#primaryimage","url":"https:\/\/www.webdo.tn\/fr\/wp-content\/uploads\/2012\/04\/Caricature-by-Ali-Dilem.jpg","contentUrl":"https:\/\/www.webdo.tn\/fr\/wp-content\/uploads\/2012\/04\/Caricature-by-Ali-Dilem.jpg","width":280,"height":224,"caption":"Tunisie Caricature 2012 : pour que le vent de libert\u00e9 continue de souffler..."},{"@type":"BreadcrumbList","@id":"https:\/\/www.webdo.tn\/fr\/actualite\/national-45\/tunisie-caricature-2012-pour-que-le-vent-de-liberte-continue-de-souffler\/172001\/#breadcrumb","itemListElement":[{"@type":"ListItem","position":1,"name":"Accueil","item":"https:\/\/www.webdo.tn\/fr\/"},{"@type":"ListItem","position":2,"name":"Tunisie Caricature 2012 : pour que le vent de libert\u00e9 continue de souffler&#8230;"}]},{"@type":"WebSite","@id":"https:\/\/www.webdo.tn\/fr\/#website","url":"https:\/\/www.webdo.tn\/fr\/","name":"webdo","description":"Tunisie - News en Tunisie et \u00e0 l&#039;international sur Webdo.tn","publisher":{"@id":"https:\/\/www.webdo.tn\/fr\/#organization"},"potentialAction":[{"@type":"SearchAction","target":{"@type":"EntryPoint","urlTemplate":"https:\/\/www.webdo.tn\/fr\/?s={search_term_string}"},"query-input":{"@type":"PropertyValueSpecification","valueRequired":true,"valueName":"search_term_string"}}],"inLanguage":"fr-FR"},{"@type":"Organization","@id":"https:\/\/www.webdo.tn\/fr\/#organization","name":"Webdo","alternateName":"Webdo.tn","url":"https:\/\/www.webdo.tn\/fr\/","logo":{"@type":"ImageObject","inLanguage":"fr-FR","@id":"https:\/\/www.webdo.tn\/fr\/#\/schema\/logo\/image\/","url":"https:\/\/www.webdo.tn\/fr\/wp-content\/uploads\/2025\/06\/Webdo-Tunisie_168377.jpg","contentUrl":"https:\/\/www.webdo.tn\/fr\/wp-content\/uploads\/2025\/06\/Webdo-Tunisie_168377.jpg","width":301,"height":301,"caption":"Webdo"},"image":{"@id":"https:\/\/www.webdo.tn\/fr\/#\/schema\/logo\/image\/"},"sameAs":["https:\/\/www.facebook.com\/webdotn","https:\/\/x.com\/webdo_tn"],"description":"Webdo est un m\u00e9dia num\u00e9rique tunisien fond\u00e9 en 2010, sp\u00e9cialis\u00e9 dans l\u2019actualit\u00e9 nationale et internationale, l\u2019\u00e9conomie, la soci\u00e9t\u00e9 et les analyses politiques. Le site s\u2019adresse \u00e0 un large public francophone et couvre l\u2019information tunisienne en temps r\u00e9el.","email":"redac@webdo.tn","legalName":"YNJ SARL","foundingDate":"2010-09-06","numberOfEmployees":{"@type":"QuantitativeValue","minValue":"11","maxValue":"50"}},{"@type":"Person","@id":"https:\/\/www.webdo.tn\/fr\/#\/schema\/person\/9a9c6118d687c117df8ef3cc36a4d175","name":"webdo.tn","image":{"@type":"ImageObject","inLanguage":"fr-FR","@id":"https:\/\/secure.gravatar.com\/avatar\/7ce1f28c0c3bbac99ff550b85ef8e44a6950c6ee24514fb6a5489e51d06f0298?s=96&d=mm&r=g","url":"https:\/\/secure.gravatar.com\/avatar\/7ce1f28c0c3bbac99ff550b85ef8e44a6950c6ee24514fb6a5489e51d06f0298?s=96&d=mm&r=g","contentUrl":"https:\/\/secure.gravatar.com\/avatar\/7ce1f28c0c3bbac99ff550b85ef8e44a6950c6ee24514fb6a5489e51d06f0298?s=96&d=mm&r=g","caption":"webdo.tn"},"url":"https:\/\/www.webdo.tn\/fr\/actualite\/author\/webdotn\/"}]}},"_links":{"self":[{"href":"https:\/\/www.webdo.tn\/fr\/wp-json\/wp\/v2\/posts\/172001","targetHints":{"allow":["GET"]}}],"collection":[{"href":"https:\/\/www.webdo.tn\/fr\/wp-json\/wp\/v2\/posts"}],"about":[{"href":"https:\/\/www.webdo.tn\/fr\/wp-json\/wp\/v2\/types\/post"}],"author":[{"embeddable":true,"href":"https:\/\/www.webdo.tn\/fr\/wp-json\/wp\/v2\/users\/3222"}],"replies":[{"embeddable":true,"href":"https:\/\/www.webdo.tn\/fr\/wp-json\/wp\/v2\/comments?post=172001"}],"version-history":[{"count":0,"href":"https:\/\/www.webdo.tn\/fr\/wp-json\/wp\/v2\/posts\/172001\/revisions"}],"wp:featuredmedia":[{"embeddable":true,"href":"https:\/\/www.webdo.tn\/fr\/wp-json\/wp\/v2\/media\/333623"}],"wp:attachment":[{"href":"https:\/\/www.webdo.tn\/fr\/wp-json\/wp\/v2\/media?parent=172001"}],"wp:term":[{"taxonomy":"category","embeddable":true,"href":"https:\/\/www.webdo.tn\/fr\/wp-json\/wp\/v2\/categories?post=172001"},{"taxonomy":"post_tag","embeddable":true,"href":"https:\/\/www.webdo.tn\/fr\/wp-json\/wp\/v2\/tags?post=172001"}],"curies":[{"name":"wp","href":"https:\/\/api.w.org\/{rel}","templated":true}]}}