{"id":172000,"date":"2012-04-26T20:34:00","date_gmt":"2012-04-26T20:34:00","guid":{"rendered":"https:\/\/www.webdo.tn\/fr\/blog\/samir-bettaieb-a-lassemblee-constituante\/172000\/"},"modified":"2012-04-26T20:34:00","modified_gmt":"2012-04-26T20:34:00","slug":"samir-bettaieb-a-lassemblee-constituante","status":"publish","type":"post","link":"https:\/\/www.webdo.tn\/fr\/actualite\/national\/samir-bettaieb-a-lassemblee-constituante\/172000\/","title":{"rendered":"Samir Bettaieb \u00e0 l\u2019Assembl\u00e9e Constituante: \u00ab un ex-RCD derri\u00e8re les \u00e9v\u00e9nements de Mallahet Rad\u00e8s \u00bb !"},"content":{"rendered":"<p>Dans son intervention, aujourd\u2019hui, \u00e0 l\u2019assembl\u00e9e nationale constituante r\u00e9unie pour discuter le projet de loi des finances compl\u00e9mentaire, Samir Bettaieb, d\u00e9put\u00e9 \u00e0 l\u2019assembl\u00e9e et porte parole de la Voie D\u00e9mocratique et Sociale, a insist\u00e9 sur la n\u00e9cessit\u00e9 d\u2019activer les d\u00e9marches dans le cadre de la justice transitionnelle et d\u2019arr\u00eater une fois pour toute la liste des corrompus et des personnes impliqu\u00e9es avec l\u2019ancien r\u00e9gime dont des ex-RCD. A ce dernier propos, il a indiqu\u00e9 que les ex-RCD sont de deux cat\u00e9gories. Ceux qui n\u2019y \u00e9taient adh\u00e9rents que par peur de l\u2019autorit\u00e9 ou par pragmatisme et cherchent aujourd\u2019hui \u00e0 se faire oublier, et ceux qui ont servi la dictature en l\u2019aidant \u00e0 r\u00e9primer les opposants et les militants des droits de l\u2019homme et des libert\u00e9s et esp\u00e8rent refaire surface par divers moyens. Ceux-ci se sont introduits dans diff\u00e9rents partis politiques de la gauche et de la droite soit pour mettre \u00e0 leur disposition leurs pratiques miliciennes et continuer \u00e0 profiter, soit pour se prot\u00e9ger contre les risques de poursuites et occulter leur pass\u00e9 scandaleux soit pour les noyauter dans un dessein contre r\u00e9volutionnaire. <\/p>\n<p>Pour illustrer ses dires, Samir Bettaieb a affirm\u00e9 que derri\u00e8re les \u00e9v\u00e9nements de Mallahet Rad\u00e8s marqu\u00e9s par des sit in, des violences et la r\u00e9pression des manifestants, un ancien responsable d\u2019une cellule du RCD est intervenue pour falsifier les r\u00e9sultats du concours de recrutement organis\u00e9 par la STAM. <\/p>\n<p>Le reste du r\u00e9cit est \u00e0 reconstituer \u00e0 travers des recoupements et des confrontations entre les faits et les bruits qui continuent \u00e0 circuler autour de l\u2019\u00e9v\u00e9nement. Les candidats insatisfaits des r\u00e9sultats et des crit\u00e8res ainsi que leurs proches ont r\u00e9agi par un sit in sur les lieux auquel se sont joints des personnes \u00e9trang\u00e8res \u00e0 la cit\u00e9 et non concern\u00e9es, ni de pr\u00e8s ni de loin, par les r\u00e9sultats de ce concours. Ils ont envahi les voies qui m\u00e8nent au port de Rad\u00e8s, bloqu\u00e9 les activit\u00e9s dans la zone portuaire, agress\u00e9 des usagers et des routiers puis menac\u00e9 de faire exploser toute la r\u00e9gion en s\u2019emparant d\u2019un camion qui transportait des bouteilles de gaz. L\u2019intervention de la police a \u00e9t\u00e9 jug\u00e9e excessive et injustifi\u00e9e. <\/p>\n<p>Certains avancent que le sit in et les actes de violence qui l\u2019ont accompagn\u00e9s ont \u00e9t\u00e9 l\u2019\u0153uvre d\u2019anciens \u00e9l\u00e9ments de la milice du RCD. Ils \u00e9taient sous les ordres d\u2019un ancien responsable du parti dissous. Ce responsable peut \u00eatre cet ex-chef de cellule du RCD qui d\u2019apr\u00e8s Samir Bettaieb a adh\u00e9r\u00e9 \u00e0 un parti politique sans le citer et a falsifi\u00e9 les r\u00e9sultats du concours de la STAM sans pr\u00e9ciser comment. Mais on peut le deviner sans grande peine. <\/p>\n<p>Les ex RCD qui sont habitu\u00e9s \u00e0 changer de veste \u00e0 chaque changement de responsables et d\u2019autorit\u00e9, se mettent toujours du c\u00f4t\u00e9 du pouvoir soit par complexe soit pour b\u00e9n\u00e9ficier de largesses auxquelles ils ne sauraient acc\u00e9der par leurs propres moyens. Pour ce faire, ils sont pr\u00eats \u00e0 commettre toute sorte d\u2019actes r\u00e9pr\u00e9hensibles pour faire plaisir \u00e0 leurs ma\u00eetres. La falsification des r\u00e9sultats imput\u00e9e \u00e0 ce vieux chef de cellule du RCD peut lui avoir \u00e9t\u00e9 dict\u00e9e dans le but de provoquer le chaos comme elle peut avoir pour objectif de favoriser des candidats au d\u00e9triment d\u2019autres. <\/p>\n<p>Cet \u00e9v\u00e9nement, si les faits s\u2019av\u00e8rent v\u00e9ridiques, est extr\u00eamement dangereux sur les plans juridique et politique. <\/p>\n<p>Juridiquement, la falsification et le recours \u00e0 la violence repr\u00e9sentent des d\u00e9lits punissables. Pour le cas de cette affaire, l\u2019enqu\u00eate judiciaire doit s\u2019int\u00e9resser \u00e0 ce volet des \u00e9v\u00e9nements pour d\u00e9limiter les responsabilit\u00e9s, arr\u00eater les suspects et les d\u00e9noncer publiquement au lieu de se limiter \u00e0 l\u2019arrestation des manifestants.<\/p>\n<p>Politiquement, ce sc\u00e9nario, une fois confirm\u00e9e en tout ou en partie, d\u00e9montre que contrairement au discours officiel, des ex-RCD sont en train de s\u2019activer sur la sc\u00e8ne politique non pas pour se plier aux objectifs de la r\u00e9volution qui ne sert pas leurs int\u00e9r\u00eats mais pour torpiller le processus et se venger du peuple qui a \u00e9vinc\u00e9 leur seigneur.<\/p>\n<p>Doit-on, d\u00e8s lors, continuer \u00e0 tourner le dos \u00e0 la r\u00e9alit\u00e9 et pratiquer la politique de l\u2019autruche au motif que le RCD depuis qu\u2019il est dissous n\u2019est plus mena\u00e7ant ou \u00eatre vigilants pour d\u00e9masquer les anciens RCD qui, telle une b\u00eate abattue, peuvent \u00eatre plus dangereux qu\u2019ils ne l\u2019\u00e9taient du temps de la dictature !<\/p>\n","protected":false},"excerpt":{"rendered":"<p>Samir Bettaieb \u00e0 l\u2019Assembl\u00e9e Constituante: \u00ab un ex-RCD derri\u00e8re les \u00e9v\u00e9nements de Mallahet Rad\u00e8s \u00bb !<\/p>\n","protected":false},"author":3222,"featured_media":333624,"comment_status":"open","ping_status":"closed","sticky":false,"template":"","format":"standard","meta":{"footnotes":""},"categories":[44],"tags":[2600],"class_list":["post-172000","post","type-post","status-publish","format-standard","has-post-thumbnail","hentry","category-national","tag-guerre"],"yoast_head":"<!-- This site is optimized with the Yoast SEO Premium plugin v27.5 (Yoast SEO v27.5) - https:\/\/yoast.com\/product\/yoast-seo-premium-wordpress\/ -->\n<title>Samir Bettaieb \u00e0 l\u2019Assembl\u00e9e Constituante: \u00ab un ex-RCD derri\u00e8re les \u00e9v\u00e9nements de Mallahet Rad\u00e8s \u00bb !<\/title>\n<meta name=\"description\" content=\"Samir Bettaieb \u00e0 l\u2019Assembl\u00e9e Constituante: \u00ab un ex-RCD derri\u00e8re les \u00e9v\u00e9nements de Mallahet Rad\u00e8s \u00bb !\" \/>\n<link rel=\"canonical\" href=\"https:\/\/www.webdo.tn\/fr\/actualite\/national-45\/samir-bettaieb-a-lassemblee-constituante\/172000\/\" \/>\n<meta property=\"og:locale\" content=\"fr_FR\" \/>\n<meta property=\"og:type\" content=\"article\" \/>\n<meta property=\"og:title\" content=\"Samir Bettaieb \u00e0 l\u2019Assembl\u00e9e Constituante: \u00ab un ex-RCD derri\u00e8re les \u00e9v\u00e9nements de Mallahet Rad\u00e8s \u00bb !\" \/>\n<meta property=\"og:description\" content=\"Samir Bettaieb \u00e0 l\u2019Assembl\u00e9e Constituante: \u00ab un ex-RCD derri\u00e8re les \u00e9v\u00e9nements de Mallahet Rad\u00e8s \u00bb !\" \/>\n<meta property=\"og:url\" content=\"https:\/\/www.webdo.tn\/fr\/actualite\/national-45\/samir-bettaieb-a-lassemblee-constituante\/172000\/\" \/>\n<meta property=\"og:site_name\" content=\"webdo\" \/>\n<meta property=\"article:publisher\" content=\"https:\/\/www.facebook.com\/webdotn\" \/>\n<meta property=\"article:published_time\" content=\"2012-04-26T20:34:00+00:00\" \/>\n<meta property=\"og:image\" content=\"https:\/\/www.webdo.tn\/fr\/wp-content\/uploads\/2012\/04\/samir-150x150-1.jpg\" \/>\n\t<meta property=\"og:image:width\" content=\"150\" \/>\n\t<meta property=\"og:image:height\" content=\"150\" \/>\n\t<meta property=\"og:image:type\" content=\"image\/jpeg\" \/>\n<meta name=\"author\" content=\"webdo.tn\" \/>\n<meta name=\"twitter:card\" content=\"summary_large_image\" \/>\n<meta name=\"twitter:creator\" content=\"@webdo_tn\" \/>\n<meta name=\"twitter:site\" content=\"@webdo_tn\" \/>\n<meta name=\"twitter:label1\" content=\"\u00c9crit par\" \/>\n\t<meta name=\"twitter:data1\" content=\"webdo.tn\" \/>\n\t<meta name=\"twitter:label2\" content=\"Dur\u00e9e de lecture estim\u00e9e\" \/>\n\t<meta name=\"twitter:data2\" content=\"4 minutes\" \/>\n<script type=\"application\/ld+json\" class=\"yoast-schema-graph\">{\"@context\":\"https:\\\/\\\/schema.org\",\"@graph\":[{\"@type\":\"NewsArticle\",\"@id\":\"https:\\\/\\\/www.webdo.tn\\\/fr\\\/actualite\\\/national-45\\\/samir-bettaieb-a-lassemblee-constituante\\\/172000\\\/#article\",\"isPartOf\":{\"@id\":\"https:\\\/\\\/www.webdo.tn\\\/fr\\\/actualite\\\/national-45\\\/samir-bettaieb-a-lassemblee-constituante\\\/172000\\\/\"},\"author\":{\"name\":\"webdo.tn\",\"@id\":\"https:\\\/\\\/www.webdo.tn\\\/fr\\\/#\\\/schema\\\/person\\\/9a9c6118d687c117df8ef3cc36a4d175\"},\"headline\":\"Samir Bettaieb \u00e0 l\u2019Assembl\u00e9e Constituante: \u00ab un ex-RCD derri\u00e8re les \u00e9v\u00e9nements de Mallahet Rad\u00e8s \u00bb !\",\"datePublished\":\"2012-04-26T20:34:00+00:00\",\"mainEntityOfPage\":{\"@id\":\"https:\\\/\\\/www.webdo.tn\\\/fr\\\/actualite\\\/national-45\\\/samir-bettaieb-a-lassemblee-constituante\\\/172000\\\/\"},\"wordCount\":822,\"commentCount\":0,\"publisher\":{\"@id\":\"https:\\\/\\\/www.webdo.tn\\\/fr\\\/#organization\"},\"image\":{\"@id\":\"https:\\\/\\\/www.webdo.tn\\\/fr\\\/actualite\\\/national-45\\\/samir-bettaieb-a-lassemblee-constituante\\\/172000\\\/#primaryimage\"},\"thumbnailUrl\":\"https:\\\/\\\/www.webdo.tn\\\/fr\\\/wp-content\\\/uploads\\\/2012\\\/04\\\/samir-150x150-1.jpg\",\"keywords\":[\"guerre\"],\"articleSection\":[\"National\"],\"inLanguage\":\"fr-FR\"},{\"@type\":\"WebPage\",\"@id\":\"https:\\\/\\\/www.webdo.tn\\\/fr\\\/actualite\\\/national-45\\\/samir-bettaieb-a-lassemblee-constituante\\\/172000\\\/\",\"url\":\"https:\\\/\\\/www.webdo.tn\\\/fr\\\/actualite\\\/national-45\\\/samir-bettaieb-a-lassemblee-constituante\\\/172000\\\/\",\"name\":\"Samir Bettaieb \u00e0 l\u2019Assembl\u00e9e Constituante: \u00ab un ex-RCD derri\u00e8re les \u00e9v\u00e9nements de Mallahet Rad\u00e8s \u00bb !\",\"isPartOf\":{\"@id\":\"https:\\\/\\\/www.webdo.tn\\\/fr\\\/#website\"},\"primaryImageOfPage\":{\"@id\":\"https:\\\/\\\/www.webdo.tn\\\/fr\\\/actualite\\\/national-45\\\/samir-bettaieb-a-lassemblee-constituante\\\/172000\\\/#primaryimage\"},\"image\":{\"@id\":\"https:\\\/\\\/www.webdo.tn\\\/fr\\\/actualite\\\/national-45\\\/samir-bettaieb-a-lassemblee-constituante\\\/172000\\\/#primaryimage\"},\"thumbnailUrl\":\"https:\\\/\\\/www.webdo.tn\\\/fr\\\/wp-content\\\/uploads\\\/2012\\\/04\\\/samir-150x150-1.jpg\",\"datePublished\":\"2012-04-26T20:34:00+00:00\",\"description\":\"Samir Bettaieb \u00e0 l\u2019Assembl\u00e9e Constituante: \u00ab un ex-RCD derri\u00e8re les \u00e9v\u00e9nements de Mallahet Rad\u00e8s \u00bb !\",\"breadcrumb\":{\"@id\":\"https:\\\/\\\/www.webdo.tn\\\/fr\\\/actualite\\\/national-45\\\/samir-bettaieb-a-lassemblee-constituante\\\/172000\\\/#breadcrumb\"},\"inLanguage\":\"fr-FR\",\"potentialAction\":[{\"@type\":\"ReadAction\",\"target\":[\"https:\\\/\\\/www.webdo.tn\\\/fr\\\/actualite\\\/national-45\\\/samir-bettaieb-a-lassemblee-constituante\\\/172000\\\/\"]}]},{\"@type\":\"ImageObject\",\"inLanguage\":\"fr-FR\",\"@id\":\"https:\\\/\\\/www.webdo.tn\\\/fr\\\/actualite\\\/national-45\\\/samir-bettaieb-a-lassemblee-constituante\\\/172000\\\/#primaryimage\",\"url\":\"https:\\\/\\\/www.webdo.tn\\\/fr\\\/wp-content\\\/uploads\\\/2012\\\/04\\\/samir-150x150-1.jpg\",\"contentUrl\":\"https:\\\/\\\/www.webdo.tn\\\/fr\\\/wp-content\\\/uploads\\\/2012\\\/04\\\/samir-150x150-1.jpg\",\"width\":150,\"height\":150,\"caption\":\"Samir Bettaieb \u00e0 l\u2019Assembl\u00e9e Constituante: \u00ab un ex-RCD derri\u00e8re les \u00e9v\u00e9nements de Mallahet Rad\u00e8s \u00bb !\"},{\"@type\":\"BreadcrumbList\",\"@id\":\"https:\\\/\\\/www.webdo.tn\\\/fr\\\/actualite\\\/national-45\\\/samir-bettaieb-a-lassemblee-constituante\\\/172000\\\/#breadcrumb\",\"itemListElement\":[{\"@type\":\"ListItem\",\"position\":1,\"name\":\"Accueil\",\"item\":\"https:\\\/\\\/www.webdo.tn\\\/fr\\\/\"},{\"@type\":\"ListItem\",\"position\":2,\"name\":\"Samir Bettaieb \u00e0 l\u2019Assembl\u00e9e Constituante: \u00ab un ex-RCD derri\u00e8re les \u00e9v\u00e9nements de Mallahet Rad\u00e8s \u00bb !\"}]},{\"@type\":\"WebSite\",\"@id\":\"https:\\\/\\\/www.webdo.tn\\\/fr\\\/#website\",\"url\":\"https:\\\/\\\/www.webdo.tn\\\/fr\\\/\",\"name\":\"webdo\",\"description\":\"Tunisie - News en Tunisie et \u00e0 l&#039;international sur Webdo.tn\",\"publisher\":{\"@id\":\"https:\\\/\\\/www.webdo.tn\\\/fr\\\/#organization\"},\"potentialAction\":[{\"@type\":\"SearchAction\",\"target\":{\"@type\":\"EntryPoint\",\"urlTemplate\":\"https:\\\/\\\/www.webdo.tn\\\/fr\\\/?s={search_term_string}\"},\"query-input\":{\"@type\":\"PropertyValueSpecification\",\"valueRequired\":true,\"valueName\":\"search_term_string\"}}],\"inLanguage\":\"fr-FR\"},{\"@type\":\"Organization\",\"@id\":\"https:\\\/\\\/www.webdo.tn\\\/fr\\\/#organization\",\"name\":\"Webdo\",\"alternateName\":\"Webdo.tn\",\"url\":\"https:\\\/\\\/www.webdo.tn\\\/fr\\\/\",\"logo\":{\"@type\":\"ImageObject\",\"inLanguage\":\"fr-FR\",\"@id\":\"https:\\\/\\\/www.webdo.tn\\\/fr\\\/#\\\/schema\\\/logo\\\/image\\\/\",\"url\":\"https:\\\/\\\/www.webdo.tn\\\/fr\\\/wp-content\\\/uploads\\\/2025\\\/06\\\/Webdo-Tunisie_168377.jpg\",\"contentUrl\":\"https:\\\/\\\/www.webdo.tn\\\/fr\\\/wp-content\\\/uploads\\\/2025\\\/06\\\/Webdo-Tunisie_168377.jpg\",\"width\":301,\"height\":301,\"caption\":\"Webdo\"},\"image\":{\"@id\":\"https:\\\/\\\/www.webdo.tn\\\/fr\\\/#\\\/schema\\\/logo\\\/image\\\/\"},\"sameAs\":[\"https:\\\/\\\/www.facebook.com\\\/webdotn\",\"https:\\\/\\\/x.com\\\/webdo_tn\"],\"description\":\"Webdo est un m\u00e9dia num\u00e9rique tunisien fond\u00e9 en 2010, sp\u00e9cialis\u00e9 dans l\u2019actualit\u00e9 nationale et internationale, l\u2019\u00e9conomie, la soci\u00e9t\u00e9 et les analyses politiques. Le site s\u2019adresse \u00e0 un large public francophone et couvre l\u2019information tunisienne en temps r\u00e9el.\",\"email\":\"redac@webdo.tn\",\"legalName\":\"YNJ SARL\",\"foundingDate\":\"2010-09-06\",\"numberOfEmployees\":{\"@type\":\"QuantitativeValue\",\"minValue\":\"11\",\"maxValue\":\"50\"}},{\"@type\":\"Person\",\"@id\":\"https:\\\/\\\/www.webdo.tn\\\/fr\\\/#\\\/schema\\\/person\\\/9a9c6118d687c117df8ef3cc36a4d175\",\"name\":\"webdo.tn\",\"image\":{\"@type\":\"ImageObject\",\"inLanguage\":\"fr-FR\",\"@id\":\"https:\\\/\\\/secure.gravatar.com\\\/avatar\\\/7ce1f28c0c3bbac99ff550b85ef8e44a6950c6ee24514fb6a5489e51d06f0298?s=96&d=mm&r=g\",\"url\":\"https:\\\/\\\/secure.gravatar.com\\\/avatar\\\/7ce1f28c0c3bbac99ff550b85ef8e44a6950c6ee24514fb6a5489e51d06f0298?s=96&d=mm&r=g\",\"contentUrl\":\"https:\\\/\\\/secure.gravatar.com\\\/avatar\\\/7ce1f28c0c3bbac99ff550b85ef8e44a6950c6ee24514fb6a5489e51d06f0298?s=96&d=mm&r=g\",\"caption\":\"webdo.tn\"},\"url\":\"https:\\\/\\\/www.webdo.tn\\\/fr\\\/actualite\\\/author\\\/webdotn\\\/\"}]}<\/script>\n<!-- \/ Yoast SEO Premium plugin. -->","yoast_head_json":{"title":"Samir Bettaieb \u00e0 l\u2019Assembl\u00e9e Constituante: \u00ab un ex-RCD derri\u00e8re les \u00e9v\u00e9nements de Mallahet Rad\u00e8s \u00bb !","description":"Samir Bettaieb \u00e0 l\u2019Assembl\u00e9e Constituante: \u00ab un ex-RCD derri\u00e8re les \u00e9v\u00e9nements de Mallahet Rad\u00e8s \u00bb !","canonical":"https:\/\/www.webdo.tn\/fr\/actualite\/national-45\/samir-bettaieb-a-lassemblee-constituante\/172000\/","og_locale":"fr_FR","og_type":"article","og_title":"Samir Bettaieb \u00e0 l\u2019Assembl\u00e9e Constituante: \u00ab un ex-RCD derri\u00e8re les \u00e9v\u00e9nements de Mallahet Rad\u00e8s \u00bb !","og_description":"Samir Bettaieb \u00e0 l\u2019Assembl\u00e9e Constituante: \u00ab un ex-RCD derri\u00e8re les \u00e9v\u00e9nements de Mallahet Rad\u00e8s \u00bb !","og_url":"https:\/\/www.webdo.tn\/fr\/actualite\/national-45\/samir-bettaieb-a-lassemblee-constituante\/172000\/","og_site_name":"webdo","article_publisher":"https:\/\/www.facebook.com\/webdotn","article_published_time":"2012-04-26T20:34:00+00:00","og_image":[{"width":150,"height":150,"url":"https:\/\/www.webdo.tn\/fr\/wp-content\/uploads\/2012\/04\/samir-150x150-1.jpg","type":"image\/jpeg"}],"author":"webdo.tn","twitter_card":"summary_large_image","twitter_creator":"@webdo_tn","twitter_site":"@webdo_tn","twitter_misc":{"\u00c9crit par":"webdo.tn","Dur\u00e9e de lecture estim\u00e9e":"4 minutes"},"schema":{"@context":"https:\/\/schema.org","@graph":[{"@type":"NewsArticle","@id":"https:\/\/www.webdo.tn\/fr\/actualite\/national-45\/samir-bettaieb-a-lassemblee-constituante\/172000\/#article","isPartOf":{"@id":"https:\/\/www.webdo.tn\/fr\/actualite\/national-45\/samir-bettaieb-a-lassemblee-constituante\/172000\/"},"author":{"name":"webdo.tn","@id":"https:\/\/www.webdo.tn\/fr\/#\/schema\/person\/9a9c6118d687c117df8ef3cc36a4d175"},"headline":"Samir Bettaieb \u00e0 l\u2019Assembl\u00e9e Constituante: \u00ab un ex-RCD derri\u00e8re les \u00e9v\u00e9nements de Mallahet Rad\u00e8s \u00bb !","datePublished":"2012-04-26T20:34:00+00:00","mainEntityOfPage":{"@id":"https:\/\/www.webdo.tn\/fr\/actualite\/national-45\/samir-bettaieb-a-lassemblee-constituante\/172000\/"},"wordCount":822,"commentCount":0,"publisher":{"@id":"https:\/\/www.webdo.tn\/fr\/#organization"},"image":{"@id":"https:\/\/www.webdo.tn\/fr\/actualite\/national-45\/samir-bettaieb-a-lassemblee-constituante\/172000\/#primaryimage"},"thumbnailUrl":"https:\/\/www.webdo.tn\/fr\/wp-content\/uploads\/2012\/04\/samir-150x150-1.jpg","keywords":["guerre"],"articleSection":["National"],"inLanguage":"fr-FR"},{"@type":"WebPage","@id":"https:\/\/www.webdo.tn\/fr\/actualite\/national-45\/samir-bettaieb-a-lassemblee-constituante\/172000\/","url":"https:\/\/www.webdo.tn\/fr\/actualite\/national-45\/samir-bettaieb-a-lassemblee-constituante\/172000\/","name":"Samir Bettaieb \u00e0 l\u2019Assembl\u00e9e Constituante: \u00ab un ex-RCD derri\u00e8re les \u00e9v\u00e9nements de Mallahet Rad\u00e8s \u00bb !","isPartOf":{"@id":"https:\/\/www.webdo.tn\/fr\/#website"},"primaryImageOfPage":{"@id":"https:\/\/www.webdo.tn\/fr\/actualite\/national-45\/samir-bettaieb-a-lassemblee-constituante\/172000\/#primaryimage"},"image":{"@id":"https:\/\/www.webdo.tn\/fr\/actualite\/national-45\/samir-bettaieb-a-lassemblee-constituante\/172000\/#primaryimage"},"thumbnailUrl":"https:\/\/www.webdo.tn\/fr\/wp-content\/uploads\/2012\/04\/samir-150x150-1.jpg","datePublished":"2012-04-26T20:34:00+00:00","description":"Samir Bettaieb \u00e0 l\u2019Assembl\u00e9e Constituante: \u00ab un ex-RCD derri\u00e8re les \u00e9v\u00e9nements de Mallahet Rad\u00e8s \u00bb !","breadcrumb":{"@id":"https:\/\/www.webdo.tn\/fr\/actualite\/national-45\/samir-bettaieb-a-lassemblee-constituante\/172000\/#breadcrumb"},"inLanguage":"fr-FR","potentialAction":[{"@type":"ReadAction","target":["https:\/\/www.webdo.tn\/fr\/actualite\/national-45\/samir-bettaieb-a-lassemblee-constituante\/172000\/"]}]},{"@type":"ImageObject","inLanguage":"fr-FR","@id":"https:\/\/www.webdo.tn\/fr\/actualite\/national-45\/samir-bettaieb-a-lassemblee-constituante\/172000\/#primaryimage","url":"https:\/\/www.webdo.tn\/fr\/wp-content\/uploads\/2012\/04\/samir-150x150-1.jpg","contentUrl":"https:\/\/www.webdo.tn\/fr\/wp-content\/uploads\/2012\/04\/samir-150x150-1.jpg","width":150,"height":150,"caption":"Samir Bettaieb \u00e0 l\u2019Assembl\u00e9e Constituante: \u00ab un ex-RCD derri\u00e8re les \u00e9v\u00e9nements de Mallahet Rad\u00e8s \u00bb !"},{"@type":"BreadcrumbList","@id":"https:\/\/www.webdo.tn\/fr\/actualite\/national-45\/samir-bettaieb-a-lassemblee-constituante\/172000\/#breadcrumb","itemListElement":[{"@type":"ListItem","position":1,"name":"Accueil","item":"https:\/\/www.webdo.tn\/fr\/"},{"@type":"ListItem","position":2,"name":"Samir Bettaieb \u00e0 l\u2019Assembl\u00e9e Constituante: \u00ab un ex-RCD derri\u00e8re les \u00e9v\u00e9nements de Mallahet Rad\u00e8s \u00bb !"}]},{"@type":"WebSite","@id":"https:\/\/www.webdo.tn\/fr\/#website","url":"https:\/\/www.webdo.tn\/fr\/","name":"webdo","description":"Tunisie - News en Tunisie et \u00e0 l&#039;international sur Webdo.tn","publisher":{"@id":"https:\/\/www.webdo.tn\/fr\/#organization"},"potentialAction":[{"@type":"SearchAction","target":{"@type":"EntryPoint","urlTemplate":"https:\/\/www.webdo.tn\/fr\/?s={search_term_string}"},"query-input":{"@type":"PropertyValueSpecification","valueRequired":true,"valueName":"search_term_string"}}],"inLanguage":"fr-FR"},{"@type":"Organization","@id":"https:\/\/www.webdo.tn\/fr\/#organization","name":"Webdo","alternateName":"Webdo.tn","url":"https:\/\/www.webdo.tn\/fr\/","logo":{"@type":"ImageObject","inLanguage":"fr-FR","@id":"https:\/\/www.webdo.tn\/fr\/#\/schema\/logo\/image\/","url":"https:\/\/www.webdo.tn\/fr\/wp-content\/uploads\/2025\/06\/Webdo-Tunisie_168377.jpg","contentUrl":"https:\/\/www.webdo.tn\/fr\/wp-content\/uploads\/2025\/06\/Webdo-Tunisie_168377.jpg","width":301,"height":301,"caption":"Webdo"},"image":{"@id":"https:\/\/www.webdo.tn\/fr\/#\/schema\/logo\/image\/"},"sameAs":["https:\/\/www.facebook.com\/webdotn","https:\/\/x.com\/webdo_tn"],"description":"Webdo est un m\u00e9dia num\u00e9rique tunisien fond\u00e9 en 2010, sp\u00e9cialis\u00e9 dans l\u2019actualit\u00e9 nationale et internationale, l\u2019\u00e9conomie, la soci\u00e9t\u00e9 et les analyses politiques. Le site s\u2019adresse \u00e0 un large public francophone et couvre l\u2019information tunisienne en temps r\u00e9el.","email":"redac@webdo.tn","legalName":"YNJ SARL","foundingDate":"2010-09-06","numberOfEmployees":{"@type":"QuantitativeValue","minValue":"11","maxValue":"50"}},{"@type":"Person","@id":"https:\/\/www.webdo.tn\/fr\/#\/schema\/person\/9a9c6118d687c117df8ef3cc36a4d175","name":"webdo.tn","image":{"@type":"ImageObject","inLanguage":"fr-FR","@id":"https:\/\/secure.gravatar.com\/avatar\/7ce1f28c0c3bbac99ff550b85ef8e44a6950c6ee24514fb6a5489e51d06f0298?s=96&d=mm&r=g","url":"https:\/\/secure.gravatar.com\/avatar\/7ce1f28c0c3bbac99ff550b85ef8e44a6950c6ee24514fb6a5489e51d06f0298?s=96&d=mm&r=g","contentUrl":"https:\/\/secure.gravatar.com\/avatar\/7ce1f28c0c3bbac99ff550b85ef8e44a6950c6ee24514fb6a5489e51d06f0298?s=96&d=mm&r=g","caption":"webdo.tn"},"url":"https:\/\/www.webdo.tn\/fr\/actualite\/author\/webdotn\/"}]}},"_links":{"self":[{"href":"https:\/\/www.webdo.tn\/fr\/wp-json\/wp\/v2\/posts\/172000","targetHints":{"allow":["GET"]}}],"collection":[{"href":"https:\/\/www.webdo.tn\/fr\/wp-json\/wp\/v2\/posts"}],"about":[{"href":"https:\/\/www.webdo.tn\/fr\/wp-json\/wp\/v2\/types\/post"}],"author":[{"embeddable":true,"href":"https:\/\/www.webdo.tn\/fr\/wp-json\/wp\/v2\/users\/3222"}],"replies":[{"embeddable":true,"href":"https:\/\/www.webdo.tn\/fr\/wp-json\/wp\/v2\/comments?post=172000"}],"version-history":[{"count":0,"href":"https:\/\/www.webdo.tn\/fr\/wp-json\/wp\/v2\/posts\/172000\/revisions"}],"wp:featuredmedia":[{"embeddable":true,"href":"https:\/\/www.webdo.tn\/fr\/wp-json\/wp\/v2\/media\/333624"}],"wp:attachment":[{"href":"https:\/\/www.webdo.tn\/fr\/wp-json\/wp\/v2\/media?parent=172000"}],"wp:term":[{"taxonomy":"category","embeddable":true,"href":"https:\/\/www.webdo.tn\/fr\/wp-json\/wp\/v2\/categories?post=172000"},{"taxonomy":"post_tag","embeddable":true,"href":"https:\/\/www.webdo.tn\/fr\/wp-json\/wp\/v2\/tags?post=172000"}],"curies":[{"name":"wp","href":"https:\/\/api.w.org\/{rel}","templated":true}]}}