{"id":171999,"date":"2012-04-28T13:40:00","date_gmt":"2012-04-28T13:40:00","guid":{"rendered":"https:\/\/www.webdo.tn\/fr\/blog\/fete-du-travail-ne-faites-pas-la-guerre\/171999\/"},"modified":"2012-04-28T13:40:00","modified_gmt":"2012-04-28T13:40:00","slug":"fete-du-travail-ne-faites-pas-la-guerre","status":"publish","type":"post","link":"https:\/\/www.webdo.tn\/fr\/actualite\/national\/fete-du-travail-ne-faites-pas-la-guerre\/171999\/","title":{"rendered":"F\u00eate du travail, ne faites pas la guerre !"},"content":{"rendered":"<p>L&rsquo;Ugtt avait lanc\u00e9 un appel \u00e0 une grande manifestation sur l&rsquo;avenue habib Bourguiba alors m\u00eame que celle-ci \u00e9tait encore interdite aux rassemblements.<\/p>\n<p>Un bras de fer s&rsquo;est pos\u00e9 alors entre l&rsquo;Ugtt et le minist\u00e8re de l&rsquo;Int\u00e9rieur, et qui, malgr\u00e9 la lev\u00e9e de l&rsquo;interdiction, continue de susciter le d\u00e9bat.<\/p>\n<p>L\u00e0 o\u00f9 une partie de l&rsquo;opinion publique voit dans cette marche une comm\u00e9moration toute \u00e0 fait naturelle de la f\u00eate des travailleurs, une autre partie y voit une occasion pour soutenir les luttes des syndicalistes, d\u00e9mocrates, artistes,  journalistes, ch\u00f4meurs, militants des droits de l\u2019homme, familles des bless\u00e9s et martyrs de la r\u00e9volution.<\/p>\n<p>Les r\u00e9seaux sociaux ont relay\u00e9 ces appels \u00e0 manifestation , plusieurs \u00ab\u00a0\u00e9v\u00e8nements\u00a0\u00bb ont \u00e9t\u00e9 cr\u00e9\u00e9 sur facebook pour inciter un tr\u00e8s grand nombre de citoyens \u00e0 manifester.<\/p>\n<p>Les revendications sont diff\u00e9rentes et vari\u00e9es : on peut lire sur l&rsquo;une des affiches cr\u00e9\u00e9es pour cet \u00e9v\u00e8nement : Faites du travail, la constitution dans les d\u00e9lais.<\/p>\n<p>Une autre affiche avec un slogan plus \u00ab\u00a0politique\u00a0\u00bb ; \u00ab\u00a0Manifestation pour corriger la trajectoire de la r\u00e9volution\u00a0\u00bb<\/p>\n<p>Sur le site I vote now, la question suivante a \u00e9t\u00e9 pos\u00e9e : \u00ab\u00a0pr\u00e9vois-tu des confrontations entre les manifestants du 1er mai et la police ? Penses-tu que les islamistes perturberont cette manifestation ?\u00a0\u00bb<\/p>\n<p>La marche du 1er mai est attendue donc sur un pied de guerre, quelques tweets en rigolent.<\/p>\n<p>Mais les choses sont prises avec beaucoup plus de s\u00e9rieux \u00e0 la pr\u00e9sidence de la R\u00e9publique par exemple. En effet, pour couper l&rsquo;herbe sous les pieds de l&rsquo;Ugtt, des partis politiques et des associations qui appellent \u00e0 manifester en grand nombre,  la pr\u00e9sidence de la r\u00e9publique a annonc\u00e9 que Mr Marzouki participera \u00e0 cette marche !!<\/p>\n<p>Et \u00e0 l&rsquo;UGTT de r\u00e9pliquer : Tous les participants sont les bienvenus, mais la manifestation se fera sous une seule banni\u00e8re, celle de l&rsquo;UGTT !<\/p>\n<p>Les tunisiens \u00e0 l&rsquo;\u00e9tranger ne sont pas rest\u00e9s sur la touche non plus, \u00e0 Paris, une manifestation de soutien au peuple tunisien aura lieu le 1er mai !<\/p>\n<p>Le 1er mai, une date tr\u00e8s attendue donc, nous attendrons de voir comment les choses vont se passer, si les manifestants vont se soumettre aux r\u00e8gles impos\u00e9es par le minist\u00e8re de l&rsquo;int\u00e9rieur, \u00e0 savoir se limiter \u00e0 l&rsquo;all\u00e9e centrale de l&rsquo;avenue et mettre en place un cordon de s\u00e9curit\u00e9, nous attendrons de voir aussi le comportement des forces de l&rsquo;ordre, pour savoir si oui ou non ils ont tir\u00e9 des le\u00e7ons des d\u00e9passements du 9 avril dernier. Nous attendrons de voir si l&rsquo;appel de l&rsquo;UGTT sera massivement suivi et que ce dernier est vraiment une force r\u00e9elle d&rsquo;\u00e9quilibre politique en Tunisie, la premi\u00e8re force du pays comme il plait \u00e0 ses adh\u00e9rents de le dire. Nous attendrons de voir toutes les forces unies pour les seules revendications l\u00e9gitimes de la r\u00e9volution; travail, libert\u00e9, dignit\u00e9 !<\/p>\n<p>Une f\u00eate tr\u00e8s attendue donc, tout ce que nous esp\u00e9rons, c&rsquo;est que les choses se d\u00e9roulent sans incident et que ce premier mardi du mois de mai sera une journ\u00e9e chaude, uniquement sur le plan de la m\u00e9t\u00e9o !!<\/p>\n","protected":false},"excerpt":{"rendered":"<p>F\u00eate du travail, ne faites pas la guerre !<\/p>\n","protected":false},"author":3222,"featured_media":333625,"comment_status":"open","ping_status":"closed","sticky":false,"template":"","format":"standard","meta":{"footnotes":""},"categories":[44],"tags":[2600],"class_list":["post-171999","post","type-post","status-publish","format-standard","has-post-thumbnail","hentry","category-national","tag-guerre"],"yoast_head":"<!-- This site is optimized with the Yoast SEO Premium plugin v27.5 (Yoast SEO v27.5) - https:\/\/yoast.com\/product\/yoast-seo-premium-wordpress\/ -->\n<title>F\u00eate du travail, ne faites pas la guerre !<\/title>\n<meta name=\"description\" content=\"F\u00eate du travail, ne faites pas la guerre !\" \/>\n<link rel=\"canonical\" href=\"https:\/\/www.webdo.tn\/fr\/actualite\/national-45\/fete-du-travail-ne-faites-pas-la-guerre\/171999\/\" \/>\n<meta property=\"og:locale\" content=\"fr_FR\" \/>\n<meta property=\"og:type\" content=\"article\" \/>\n<meta property=\"og:title\" content=\"F\u00eate du travail, ne faites pas la guerre !\" \/>\n<meta property=\"og:description\" content=\"F\u00eate du travail, ne faites pas la guerre !\" \/>\n<meta property=\"og:url\" content=\"https:\/\/www.webdo.tn\/fr\/actualite\/national-45\/fete-du-travail-ne-faites-pas-la-guerre\/171999\/\" \/>\n<meta property=\"og:site_name\" content=\"webdo\" \/>\n<meta property=\"article:publisher\" content=\"https:\/\/www.facebook.com\/webdotn\" \/>\n<meta property=\"article:published_time\" content=\"2012-04-28T13:40:00+00:00\" \/>\n<meta property=\"og:image\" content=\"https:\/\/www.webdo.tn\/fr\/wp-content\/uploads\/2012\/04\/Amai-150x150-1.jpg\" \/>\n\t<meta property=\"og:image:width\" content=\"150\" \/>\n\t<meta property=\"og:image:height\" content=\"150\" \/>\n\t<meta property=\"og:image:type\" content=\"image\/jpeg\" \/>\n<meta name=\"author\" content=\"webdo.tn\" \/>\n<meta name=\"twitter:card\" content=\"summary_large_image\" \/>\n<meta name=\"twitter:creator\" content=\"@webdo_tn\" \/>\n<meta name=\"twitter:site\" content=\"@webdo_tn\" \/>\n<meta name=\"twitter:label1\" content=\"\u00c9crit par\" \/>\n\t<meta name=\"twitter:data1\" content=\"webdo.tn\" \/>\n\t<meta name=\"twitter:label2\" content=\"Dur\u00e9e de lecture estim\u00e9e\" \/>\n\t<meta name=\"twitter:data2\" content=\"3 minutes\" \/>\n<script type=\"application\/ld+json\" class=\"yoast-schema-graph\">{\"@context\":\"https:\\\/\\\/schema.org\",\"@graph\":[{\"@type\":\"NewsArticle\",\"@id\":\"https:\\\/\\\/www.webdo.tn\\\/fr\\\/actualite\\\/national-45\\\/fete-du-travail-ne-faites-pas-la-guerre\\\/171999\\\/#article\",\"isPartOf\":{\"@id\":\"https:\\\/\\\/www.webdo.tn\\\/fr\\\/actualite\\\/national-45\\\/fete-du-travail-ne-faites-pas-la-guerre\\\/171999\\\/\"},\"author\":{\"name\":\"webdo.tn\",\"@id\":\"https:\\\/\\\/www.webdo.tn\\\/fr\\\/#\\\/schema\\\/person\\\/9a9c6118d687c117df8ef3cc36a4d175\"},\"headline\":\"F\u00eate du travail, ne faites pas la guerre !\",\"datePublished\":\"2012-04-28T13:40:00+00:00\",\"mainEntityOfPage\":{\"@id\":\"https:\\\/\\\/www.webdo.tn\\\/fr\\\/actualite\\\/national-45\\\/fete-du-travail-ne-faites-pas-la-guerre\\\/171999\\\/\"},\"wordCount\":560,\"commentCount\":0,\"publisher\":{\"@id\":\"https:\\\/\\\/www.webdo.tn\\\/fr\\\/#organization\"},\"image\":{\"@id\":\"https:\\\/\\\/www.webdo.tn\\\/fr\\\/actualite\\\/national-45\\\/fete-du-travail-ne-faites-pas-la-guerre\\\/171999\\\/#primaryimage\"},\"thumbnailUrl\":\"https:\\\/\\\/www.webdo.tn\\\/fr\\\/wp-content\\\/uploads\\\/2012\\\/04\\\/Amai-150x150-1.jpg\",\"keywords\":[\"guerre\"],\"articleSection\":[\"National\"],\"inLanguage\":\"fr-FR\"},{\"@type\":\"WebPage\",\"@id\":\"https:\\\/\\\/www.webdo.tn\\\/fr\\\/actualite\\\/national-45\\\/fete-du-travail-ne-faites-pas-la-guerre\\\/171999\\\/\",\"url\":\"https:\\\/\\\/www.webdo.tn\\\/fr\\\/actualite\\\/national-45\\\/fete-du-travail-ne-faites-pas-la-guerre\\\/171999\\\/\",\"name\":\"F\u00eate du travail, ne faites pas la guerre !\",\"isPartOf\":{\"@id\":\"https:\\\/\\\/www.webdo.tn\\\/fr\\\/#website\"},\"primaryImageOfPage\":{\"@id\":\"https:\\\/\\\/www.webdo.tn\\\/fr\\\/actualite\\\/national-45\\\/fete-du-travail-ne-faites-pas-la-guerre\\\/171999\\\/#primaryimage\"},\"image\":{\"@id\":\"https:\\\/\\\/www.webdo.tn\\\/fr\\\/actualite\\\/national-45\\\/fete-du-travail-ne-faites-pas-la-guerre\\\/171999\\\/#primaryimage\"},\"thumbnailUrl\":\"https:\\\/\\\/www.webdo.tn\\\/fr\\\/wp-content\\\/uploads\\\/2012\\\/04\\\/Amai-150x150-1.jpg\",\"datePublished\":\"2012-04-28T13:40:00+00:00\",\"description\":\"F\u00eate du travail, ne faites pas la guerre !\",\"breadcrumb\":{\"@id\":\"https:\\\/\\\/www.webdo.tn\\\/fr\\\/actualite\\\/national-45\\\/fete-du-travail-ne-faites-pas-la-guerre\\\/171999\\\/#breadcrumb\"},\"inLanguage\":\"fr-FR\",\"potentialAction\":[{\"@type\":\"ReadAction\",\"target\":[\"https:\\\/\\\/www.webdo.tn\\\/fr\\\/actualite\\\/national-45\\\/fete-du-travail-ne-faites-pas-la-guerre\\\/171999\\\/\"]}]},{\"@type\":\"ImageObject\",\"inLanguage\":\"fr-FR\",\"@id\":\"https:\\\/\\\/www.webdo.tn\\\/fr\\\/actualite\\\/national-45\\\/fete-du-travail-ne-faites-pas-la-guerre\\\/171999\\\/#primaryimage\",\"url\":\"https:\\\/\\\/www.webdo.tn\\\/fr\\\/wp-content\\\/uploads\\\/2012\\\/04\\\/Amai-150x150-1.jpg\",\"contentUrl\":\"https:\\\/\\\/www.webdo.tn\\\/fr\\\/wp-content\\\/uploads\\\/2012\\\/04\\\/Amai-150x150-1.jpg\",\"width\":150,\"height\":150,\"caption\":\"F\u00eate du travail, ne faites pas la guerre !\"},{\"@type\":\"BreadcrumbList\",\"@id\":\"https:\\\/\\\/www.webdo.tn\\\/fr\\\/actualite\\\/national-45\\\/fete-du-travail-ne-faites-pas-la-guerre\\\/171999\\\/#breadcrumb\",\"itemListElement\":[{\"@type\":\"ListItem\",\"position\":1,\"name\":\"Accueil\",\"item\":\"https:\\\/\\\/www.webdo.tn\\\/fr\\\/\"},{\"@type\":\"ListItem\",\"position\":2,\"name\":\"F\u00eate du travail, ne faites pas la guerre !\"}]},{\"@type\":\"WebSite\",\"@id\":\"https:\\\/\\\/www.webdo.tn\\\/fr\\\/#website\",\"url\":\"https:\\\/\\\/www.webdo.tn\\\/fr\\\/\",\"name\":\"webdo\",\"description\":\"Tunisie - News en Tunisie et \u00e0 l&#039;international sur Webdo.tn\",\"publisher\":{\"@id\":\"https:\\\/\\\/www.webdo.tn\\\/fr\\\/#organization\"},\"potentialAction\":[{\"@type\":\"SearchAction\",\"target\":{\"@type\":\"EntryPoint\",\"urlTemplate\":\"https:\\\/\\\/www.webdo.tn\\\/fr\\\/?s={search_term_string}\"},\"query-input\":{\"@type\":\"PropertyValueSpecification\",\"valueRequired\":true,\"valueName\":\"search_term_string\"}}],\"inLanguage\":\"fr-FR\"},{\"@type\":\"Organization\",\"@id\":\"https:\\\/\\\/www.webdo.tn\\\/fr\\\/#organization\",\"name\":\"Webdo\",\"alternateName\":\"Webdo.tn\",\"url\":\"https:\\\/\\\/www.webdo.tn\\\/fr\\\/\",\"logo\":{\"@type\":\"ImageObject\",\"inLanguage\":\"fr-FR\",\"@id\":\"https:\\\/\\\/www.webdo.tn\\\/fr\\\/#\\\/schema\\\/logo\\\/image\\\/\",\"url\":\"https:\\\/\\\/www.webdo.tn\\\/fr\\\/wp-content\\\/uploads\\\/2025\\\/06\\\/Webdo-Tunisie_168377.jpg\",\"contentUrl\":\"https:\\\/\\\/www.webdo.tn\\\/fr\\\/wp-content\\\/uploads\\\/2025\\\/06\\\/Webdo-Tunisie_168377.jpg\",\"width\":301,\"height\":301,\"caption\":\"Webdo\"},\"image\":{\"@id\":\"https:\\\/\\\/www.webdo.tn\\\/fr\\\/#\\\/schema\\\/logo\\\/image\\\/\"},\"sameAs\":[\"https:\\\/\\\/www.facebook.com\\\/webdotn\",\"https:\\\/\\\/x.com\\\/webdo_tn\"],\"description\":\"Webdo est un m\u00e9dia num\u00e9rique tunisien fond\u00e9 en 2010, sp\u00e9cialis\u00e9 dans l\u2019actualit\u00e9 nationale et internationale, l\u2019\u00e9conomie, la soci\u00e9t\u00e9 et les analyses politiques. Le site s\u2019adresse \u00e0 un large public francophone et couvre l\u2019information tunisienne en temps r\u00e9el.\",\"email\":\"redac@webdo.tn\",\"legalName\":\"YNJ SARL\",\"foundingDate\":\"2010-09-06\",\"numberOfEmployees\":{\"@type\":\"QuantitativeValue\",\"minValue\":\"11\",\"maxValue\":\"50\"}},{\"@type\":\"Person\",\"@id\":\"https:\\\/\\\/www.webdo.tn\\\/fr\\\/#\\\/schema\\\/person\\\/9a9c6118d687c117df8ef3cc36a4d175\",\"name\":\"webdo.tn\",\"image\":{\"@type\":\"ImageObject\",\"inLanguage\":\"fr-FR\",\"@id\":\"https:\\\/\\\/secure.gravatar.com\\\/avatar\\\/7ce1f28c0c3bbac99ff550b85ef8e44a6950c6ee24514fb6a5489e51d06f0298?s=96&d=mm&r=g\",\"url\":\"https:\\\/\\\/secure.gravatar.com\\\/avatar\\\/7ce1f28c0c3bbac99ff550b85ef8e44a6950c6ee24514fb6a5489e51d06f0298?s=96&d=mm&r=g\",\"contentUrl\":\"https:\\\/\\\/secure.gravatar.com\\\/avatar\\\/7ce1f28c0c3bbac99ff550b85ef8e44a6950c6ee24514fb6a5489e51d06f0298?s=96&d=mm&r=g\",\"caption\":\"webdo.tn\"},\"url\":\"https:\\\/\\\/www.webdo.tn\\\/fr\\\/actualite\\\/author\\\/webdotn\\\/\"}]}<\/script>\n<!-- \/ Yoast SEO Premium plugin. -->","yoast_head_json":{"title":"F\u00eate du travail, ne faites pas la guerre !","description":"F\u00eate du travail, ne faites pas la guerre !","canonical":"https:\/\/www.webdo.tn\/fr\/actualite\/national-45\/fete-du-travail-ne-faites-pas-la-guerre\/171999\/","og_locale":"fr_FR","og_type":"article","og_title":"F\u00eate du travail, ne faites pas la guerre !","og_description":"F\u00eate du travail, ne faites pas la guerre !","og_url":"https:\/\/www.webdo.tn\/fr\/actualite\/national-45\/fete-du-travail-ne-faites-pas-la-guerre\/171999\/","og_site_name":"webdo","article_publisher":"https:\/\/www.facebook.com\/webdotn","article_published_time":"2012-04-28T13:40:00+00:00","og_image":[{"width":150,"height":150,"url":"https:\/\/www.webdo.tn\/fr\/wp-content\/uploads\/2012\/04\/Amai-150x150-1.jpg","type":"image\/jpeg"}],"author":"webdo.tn","twitter_card":"summary_large_image","twitter_creator":"@webdo_tn","twitter_site":"@webdo_tn","twitter_misc":{"\u00c9crit par":"webdo.tn","Dur\u00e9e de lecture estim\u00e9e":"3 minutes"},"schema":{"@context":"https:\/\/schema.org","@graph":[{"@type":"NewsArticle","@id":"https:\/\/www.webdo.tn\/fr\/actualite\/national-45\/fete-du-travail-ne-faites-pas-la-guerre\/171999\/#article","isPartOf":{"@id":"https:\/\/www.webdo.tn\/fr\/actualite\/national-45\/fete-du-travail-ne-faites-pas-la-guerre\/171999\/"},"author":{"name":"webdo.tn","@id":"https:\/\/www.webdo.tn\/fr\/#\/schema\/person\/9a9c6118d687c117df8ef3cc36a4d175"},"headline":"F\u00eate du travail, ne faites pas la guerre !","datePublished":"2012-04-28T13:40:00+00:00","mainEntityOfPage":{"@id":"https:\/\/www.webdo.tn\/fr\/actualite\/national-45\/fete-du-travail-ne-faites-pas-la-guerre\/171999\/"},"wordCount":560,"commentCount":0,"publisher":{"@id":"https:\/\/www.webdo.tn\/fr\/#organization"},"image":{"@id":"https:\/\/www.webdo.tn\/fr\/actualite\/national-45\/fete-du-travail-ne-faites-pas-la-guerre\/171999\/#primaryimage"},"thumbnailUrl":"https:\/\/www.webdo.tn\/fr\/wp-content\/uploads\/2012\/04\/Amai-150x150-1.jpg","keywords":["guerre"],"articleSection":["National"],"inLanguage":"fr-FR"},{"@type":"WebPage","@id":"https:\/\/www.webdo.tn\/fr\/actualite\/national-45\/fete-du-travail-ne-faites-pas-la-guerre\/171999\/","url":"https:\/\/www.webdo.tn\/fr\/actualite\/national-45\/fete-du-travail-ne-faites-pas-la-guerre\/171999\/","name":"F\u00eate du travail, ne faites pas la guerre !","isPartOf":{"@id":"https:\/\/www.webdo.tn\/fr\/#website"},"primaryImageOfPage":{"@id":"https:\/\/www.webdo.tn\/fr\/actualite\/national-45\/fete-du-travail-ne-faites-pas-la-guerre\/171999\/#primaryimage"},"image":{"@id":"https:\/\/www.webdo.tn\/fr\/actualite\/national-45\/fete-du-travail-ne-faites-pas-la-guerre\/171999\/#primaryimage"},"thumbnailUrl":"https:\/\/www.webdo.tn\/fr\/wp-content\/uploads\/2012\/04\/Amai-150x150-1.jpg","datePublished":"2012-04-28T13:40:00+00:00","description":"F\u00eate du travail, ne faites pas la guerre !","breadcrumb":{"@id":"https:\/\/www.webdo.tn\/fr\/actualite\/national-45\/fete-du-travail-ne-faites-pas-la-guerre\/171999\/#breadcrumb"},"inLanguage":"fr-FR","potentialAction":[{"@type":"ReadAction","target":["https:\/\/www.webdo.tn\/fr\/actualite\/national-45\/fete-du-travail-ne-faites-pas-la-guerre\/171999\/"]}]},{"@type":"ImageObject","inLanguage":"fr-FR","@id":"https:\/\/www.webdo.tn\/fr\/actualite\/national-45\/fete-du-travail-ne-faites-pas-la-guerre\/171999\/#primaryimage","url":"https:\/\/www.webdo.tn\/fr\/wp-content\/uploads\/2012\/04\/Amai-150x150-1.jpg","contentUrl":"https:\/\/www.webdo.tn\/fr\/wp-content\/uploads\/2012\/04\/Amai-150x150-1.jpg","width":150,"height":150,"caption":"F\u00eate du travail, ne faites pas la guerre !"},{"@type":"BreadcrumbList","@id":"https:\/\/www.webdo.tn\/fr\/actualite\/national-45\/fete-du-travail-ne-faites-pas-la-guerre\/171999\/#breadcrumb","itemListElement":[{"@type":"ListItem","position":1,"name":"Accueil","item":"https:\/\/www.webdo.tn\/fr\/"},{"@type":"ListItem","position":2,"name":"F\u00eate du travail, ne faites pas la guerre !"}]},{"@type":"WebSite","@id":"https:\/\/www.webdo.tn\/fr\/#website","url":"https:\/\/www.webdo.tn\/fr\/","name":"webdo","description":"Tunisie - News en Tunisie et \u00e0 l&#039;international sur Webdo.tn","publisher":{"@id":"https:\/\/www.webdo.tn\/fr\/#organization"},"potentialAction":[{"@type":"SearchAction","target":{"@type":"EntryPoint","urlTemplate":"https:\/\/www.webdo.tn\/fr\/?s={search_term_string}"},"query-input":{"@type":"PropertyValueSpecification","valueRequired":true,"valueName":"search_term_string"}}],"inLanguage":"fr-FR"},{"@type":"Organization","@id":"https:\/\/www.webdo.tn\/fr\/#organization","name":"Webdo","alternateName":"Webdo.tn","url":"https:\/\/www.webdo.tn\/fr\/","logo":{"@type":"ImageObject","inLanguage":"fr-FR","@id":"https:\/\/www.webdo.tn\/fr\/#\/schema\/logo\/image\/","url":"https:\/\/www.webdo.tn\/fr\/wp-content\/uploads\/2025\/06\/Webdo-Tunisie_168377.jpg","contentUrl":"https:\/\/www.webdo.tn\/fr\/wp-content\/uploads\/2025\/06\/Webdo-Tunisie_168377.jpg","width":301,"height":301,"caption":"Webdo"},"image":{"@id":"https:\/\/www.webdo.tn\/fr\/#\/schema\/logo\/image\/"},"sameAs":["https:\/\/www.facebook.com\/webdotn","https:\/\/x.com\/webdo_tn"],"description":"Webdo est un m\u00e9dia num\u00e9rique tunisien fond\u00e9 en 2010, sp\u00e9cialis\u00e9 dans l\u2019actualit\u00e9 nationale et internationale, l\u2019\u00e9conomie, la soci\u00e9t\u00e9 et les analyses politiques. Le site s\u2019adresse \u00e0 un large public francophone et couvre l\u2019information tunisienne en temps r\u00e9el.","email":"redac@webdo.tn","legalName":"YNJ SARL","foundingDate":"2010-09-06","numberOfEmployees":{"@type":"QuantitativeValue","minValue":"11","maxValue":"50"}},{"@type":"Person","@id":"https:\/\/www.webdo.tn\/fr\/#\/schema\/person\/9a9c6118d687c117df8ef3cc36a4d175","name":"webdo.tn","image":{"@type":"ImageObject","inLanguage":"fr-FR","@id":"https:\/\/secure.gravatar.com\/avatar\/7ce1f28c0c3bbac99ff550b85ef8e44a6950c6ee24514fb6a5489e51d06f0298?s=96&d=mm&r=g","url":"https:\/\/secure.gravatar.com\/avatar\/7ce1f28c0c3bbac99ff550b85ef8e44a6950c6ee24514fb6a5489e51d06f0298?s=96&d=mm&r=g","contentUrl":"https:\/\/secure.gravatar.com\/avatar\/7ce1f28c0c3bbac99ff550b85ef8e44a6950c6ee24514fb6a5489e51d06f0298?s=96&d=mm&r=g","caption":"webdo.tn"},"url":"https:\/\/www.webdo.tn\/fr\/actualite\/author\/webdotn\/"}]}},"_links":{"self":[{"href":"https:\/\/www.webdo.tn\/fr\/wp-json\/wp\/v2\/posts\/171999","targetHints":{"allow":["GET"]}}],"collection":[{"href":"https:\/\/www.webdo.tn\/fr\/wp-json\/wp\/v2\/posts"}],"about":[{"href":"https:\/\/www.webdo.tn\/fr\/wp-json\/wp\/v2\/types\/post"}],"author":[{"embeddable":true,"href":"https:\/\/www.webdo.tn\/fr\/wp-json\/wp\/v2\/users\/3222"}],"replies":[{"embeddable":true,"href":"https:\/\/www.webdo.tn\/fr\/wp-json\/wp\/v2\/comments?post=171999"}],"version-history":[{"count":0,"href":"https:\/\/www.webdo.tn\/fr\/wp-json\/wp\/v2\/posts\/171999\/revisions"}],"wp:featuredmedia":[{"embeddable":true,"href":"https:\/\/www.webdo.tn\/fr\/wp-json\/wp\/v2\/media\/333625"}],"wp:attachment":[{"href":"https:\/\/www.webdo.tn\/fr\/wp-json\/wp\/v2\/media?parent=171999"}],"wp:term":[{"taxonomy":"category","embeddable":true,"href":"https:\/\/www.webdo.tn\/fr\/wp-json\/wp\/v2\/categories?post=171999"},{"taxonomy":"post_tag","embeddable":true,"href":"https:\/\/www.webdo.tn\/fr\/wp-json\/wp\/v2\/tags?post=171999"}],"curies":[{"name":"wp","href":"https:\/\/api.w.org\/{rel}","templated":true}]}}