{"id":171998,"date":"2012-04-29T04:23:00","date_gmt":"2012-04-29T04:23:00","guid":{"rendered":"https:\/\/www.webdo.tn\/fr\/blog\/chokri-belaid-previent-des-miliciens-recrutes-pour-gacher-la-manifestation-du-1er-mai\/171998\/"},"modified":"2012-04-29T04:23:00","modified_gmt":"2012-04-29T04:23:00","slug":"chokri-belaid-previent-des-miliciens-recrutes-pour-gacher-la-manifestation-du-1er-mai","status":"publish","type":"post","link":"https:\/\/www.webdo.tn\/fr\/actualite\/national\/chokri-belaid-previent-des-miliciens-recrutes-pour-gacher-la-manifestation-du-1er-mai\/171998\/","title":{"rendered":"Chokri Belaid pr\u00e9vient : \u00ab\u00a0Des miliciens recrut\u00e9s pour g\u00e2cher la manifestation du 1er mai\u00a0\u00bb"},"content":{"rendered":"<p>Cat\u00e9gorique, s\u00fbr de lui, Chokri Belaid, secr\u00e9taire g\u00e9n\u00e9ral du mouvement des patriotes d\u00e9mocrates,\u00a0a fait savoir sur les ondes de la radio Mosa\u00efque FM que dans des milieux politiques connus, il a \u00e9t\u00e9 proc\u00e9d\u00e9 au recrutement de jeunes pour g\u00e2cher la manifestation du 1er mai. Ils seront v\u00eatus de la tenue officielle de certains partis de la gauche ; leur mission sera de provoquer des actes de violence et de destruction pendant la manifestation du 1er mai pour faire croire qu\u2019ils sont le fait de ces partis.<\/p>\n<p>Le but recherch\u00e9 \u00e9tant de donner l\u2019occasion \u00e0 leurs adversaires dans le pouvoir et en dehors du pouvoir de justifier leurs attaques contre l\u2019opposition et de lui faire assumer la responsabilit\u00e9 des dysfonctionnements qui paralysent le processus de transition. Une fa\u00e7on de s\u2019innocenter aupr\u00e8s de l\u2019opinion publique apr\u00e8s les \u00e9v\u00e9nements d\u00e9solants de ces derni\u00e8res semaines.<\/p>\n<p>Chokri Belaid n\u2019a pas fourni d\u2019autres pr\u00e9cisions \u00e0 part qu\u2019il d\u00e9tient des informations certaines et v\u00e9rifiables. Mais ce n\u2019est pas suffisant pour le croire sur parole. Une information lacunaire ne sert \u00e0 rien sauf \u00e0 susciter l\u2019extrapolation et les r\u00e9actions intempestives.<\/p>\n<p>Chokri Belaid aurait d\u00fb \u00eatre plus explicite plut\u00f4t que d\u2019accuser des parties sans les citer et de condamner des comportements sans les d\u00e9noncer. Le peuple a besoin de tout conna\u00eetre sur ceux qui le gouvernent et ceux qui sont dans l\u2019opposition pour prendre position vis-\u00e0-vis des acteurs sur la sc\u00e8ne politique et pouvoir se prononcer en connaissance de cause lorsqu\u2019il sera appel\u00e9 \u00e0 fixer son choix. En cachant l\u2019essentiel, Chokri Belaid n\u2019a rendu service \u00e0 personne. Bien au contraire, la r\u00e9action dans le public, de la m\u00eame mani\u00e8re qu\u2019elle peut \u00eatre insignifiante et sans int\u00e9r\u00eat, peut \u00eatre impr\u00e9visible et dangereuse.<\/p>\n<p>Certains ne lui pr\u00eateront aucune attention s\u2019agissant d\u2019une information incompl\u00e8te et impr\u00e9cise. D\u2019autres peuvent se lancer dans des interpr\u00e9tations hasardeuses qui peuvent se cantonner au stade de la masturbation intellectuelle comme elles peuvent se traduire par des pr\u00e9dispositions \u00e0 la violence au nom de la l\u00e9gitime d\u00e9fense.<\/p>\n<p>L\u2019information en question peut \u00eatre remise en cause et Chokri Belaid pourra ainsi se voir accus\u00e9 par ses d\u00e9tracteurs de t\u00e2ter le terrain pour creuser dans les intentions de ses adversaires ou de pr\u00e9parer le terrain \u00e0 une \u00e9ventuelle d\u00e9marche accusatoire. Les plus mod\u00e9r\u00e9s diront qu\u2019il est en train de pr\u00eacher le faux pour avoir le vrai.<\/p>\n<p>Les partisans et les sympathisants seront aux aguets pour r\u00e9agir \u00e0 tout ce qui leur semble une menace et si jamais la violence sera au rendez-vous, ce sera une d\u00e9ception de plus apr\u00e8s la r\u00e9pression polici\u00e8re du 9 avril et les attaques contre les m\u00e9dias.<\/p>\n<p>Pourquoi d\u00e8s lors doit \u2013on attendre le 1er mai pour s\u2019en assurer, se rejeter mutuellement les responsabilit\u00e9s et se lamenter encore une fois sur le sort de la d\u00e9mocratie et de la r\u00e9volution alors qu\u2019il suffit de tout d\u00e9voiler et ne rien cacher afin d\u2019\u00e9clairer l\u2019opinion publique sur ce qui se trame dans les coulisses, aider la justice \u00e0 jouer son r\u00f4le et intervenir \u00e0 temps pour pr\u00e9venir le pire avant qu\u2019il ne soit trop tard.<\/p>\n","protected":false},"excerpt":{"rendered":"<p>Chokri Belaid pr\u00e9vient : \u00ab\u00a0Des miliciens recrut\u00e9s pour g\u00e2cher la manifestation du 1er mai\u00a0\u00bb<\/p>\n","protected":false},"author":3222,"featured_media":334126,"comment_status":"open","ping_status":"closed","sticky":false,"template":"","format":"standard","meta":{"footnotes":""},"categories":[44],"tags":[2600],"class_list":["post-171998","post","type-post","status-publish","format-standard","has-post-thumbnail","hentry","category-national","tag-guerre"],"yoast_head":"<!-- This site is optimized with the Yoast SEO Premium plugin v27.5 (Yoast SEO v27.5) - https:\/\/yoast.com\/product\/yoast-seo-premium-wordpress\/ -->\n<title>Chokri Belaid pr\u00e9vient : \u00ab\u00a0Des miliciens recrut\u00e9s pour g\u00e2cher la manifestation du 1er mai\u00a0\u00bb<\/title>\n<meta name=\"description\" content=\"Chokri Belaid pr\u00e9vient : \u00ab\u00a0Des miliciens recrut\u00e9s pour g\u00e2cher la manifestation du 1er mai\u00a0\u00bb\" \/>\n<link rel=\"canonical\" href=\"https:\/\/www.webdo.tn\/fr\/actualite\/national-45\/chokri-belaid-previent-des-miliciens-recrutes-pour-gacher-la-manifestation-du-1er-mai\/171998\/\" \/>\n<meta property=\"og:locale\" content=\"fr_FR\" \/>\n<meta property=\"og:type\" content=\"article\" \/>\n<meta property=\"og:title\" content=\"Chokri Belaid pr\u00e9vient : \u00ab\u00a0Des miliciens recrut\u00e9s pour g\u00e2cher la manifestation du 1er mai\u00a0\u00bb\" \/>\n<meta property=\"og:description\" content=\"Chokri Belaid pr\u00e9vient : \u00ab\u00a0Des miliciens recrut\u00e9s pour g\u00e2cher la manifestation du 1er mai\u00a0\u00bb\" \/>\n<meta property=\"og:url\" content=\"https:\/\/www.webdo.tn\/fr\/actualite\/national-45\/chokri-belaid-previent-des-miliciens-recrutes-pour-gacher-la-manifestation-du-1er-mai\/171998\/\" \/>\n<meta property=\"og:site_name\" content=\"webdo\" \/>\n<meta property=\"article:publisher\" content=\"https:\/\/www.facebook.com\/webdotn\" \/>\n<meta property=\"article:published_time\" content=\"2012-04-29T04:23:00+00:00\" \/>\n<meta property=\"og:image\" content=\"https:\/\/www.webdo.tn\/fr\/wp-content\/uploads\/2012\/04\/Chokri-Belaid-photo-Rais67.jpg\" \/>\n\t<meta property=\"og:image:width\" content=\"252\" \/>\n\t<meta property=\"og:image:height\" content=\"296\" \/>\n\t<meta property=\"og:image:type\" content=\"image\/jpeg\" \/>\n<meta name=\"author\" content=\"webdo.tn\" \/>\n<meta name=\"twitter:card\" content=\"summary_large_image\" \/>\n<meta name=\"twitter:creator\" content=\"@webdo_tn\" \/>\n<meta name=\"twitter:site\" content=\"@webdo_tn\" \/>\n<meta name=\"twitter:label1\" content=\"\u00c9crit par\" \/>\n\t<meta name=\"twitter:data1\" content=\"webdo.tn\" \/>\n\t<meta name=\"twitter:label2\" content=\"Dur\u00e9e de lecture estim\u00e9e\" \/>\n\t<meta name=\"twitter:data2\" content=\"3 minutes\" \/>\n<script type=\"application\/ld+json\" class=\"yoast-schema-graph\">{\"@context\":\"https:\\\/\\\/schema.org\",\"@graph\":[{\"@type\":\"NewsArticle\",\"@id\":\"https:\\\/\\\/www.webdo.tn\\\/fr\\\/actualite\\\/national-45\\\/chokri-belaid-previent-des-miliciens-recrutes-pour-gacher-la-manifestation-du-1er-mai\\\/171998\\\/#article\",\"isPartOf\":{\"@id\":\"https:\\\/\\\/www.webdo.tn\\\/fr\\\/actualite\\\/national-45\\\/chokri-belaid-previent-des-miliciens-recrutes-pour-gacher-la-manifestation-du-1er-mai\\\/171998\\\/\"},\"author\":{\"name\":\"webdo.tn\",\"@id\":\"https:\\\/\\\/www.webdo.tn\\\/fr\\\/#\\\/schema\\\/person\\\/9a9c6118d687c117df8ef3cc36a4d175\"},\"headline\":\"Chokri Belaid pr\u00e9vient : \u00ab\u00a0Des miliciens recrut\u00e9s pour g\u00e2cher la manifestation du 1er mai\u00a0\u00bb\",\"datePublished\":\"2012-04-29T04:23:00+00:00\",\"mainEntityOfPage\":{\"@id\":\"https:\\\/\\\/www.webdo.tn\\\/fr\\\/actualite\\\/national-45\\\/chokri-belaid-previent-des-miliciens-recrutes-pour-gacher-la-manifestation-du-1er-mai\\\/171998\\\/\"},\"wordCount\":595,\"commentCount\":0,\"publisher\":{\"@id\":\"https:\\\/\\\/www.webdo.tn\\\/fr\\\/#organization\"},\"image\":{\"@id\":\"https:\\\/\\\/www.webdo.tn\\\/fr\\\/actualite\\\/national-45\\\/chokri-belaid-previent-des-miliciens-recrutes-pour-gacher-la-manifestation-du-1er-mai\\\/171998\\\/#primaryimage\"},\"thumbnailUrl\":\"https:\\\/\\\/www.webdo.tn\\\/fr\\\/wp-content\\\/uploads\\\/2012\\\/04\\\/Chokri-Belaid-photo-Rais67.jpg\",\"keywords\":[\"guerre\"],\"articleSection\":[\"National\"],\"inLanguage\":\"fr-FR\"},{\"@type\":\"WebPage\",\"@id\":\"https:\\\/\\\/www.webdo.tn\\\/fr\\\/actualite\\\/national-45\\\/chokri-belaid-previent-des-miliciens-recrutes-pour-gacher-la-manifestation-du-1er-mai\\\/171998\\\/\",\"url\":\"https:\\\/\\\/www.webdo.tn\\\/fr\\\/actualite\\\/national-45\\\/chokri-belaid-previent-des-miliciens-recrutes-pour-gacher-la-manifestation-du-1er-mai\\\/171998\\\/\",\"name\":\"Chokri Belaid pr\u00e9vient : \u00ab\u00a0Des miliciens recrut\u00e9s pour g\u00e2cher la manifestation du 1er mai\u00a0\u00bb\",\"isPartOf\":{\"@id\":\"https:\\\/\\\/www.webdo.tn\\\/fr\\\/#website\"},\"primaryImageOfPage\":{\"@id\":\"https:\\\/\\\/www.webdo.tn\\\/fr\\\/actualite\\\/national-45\\\/chokri-belaid-previent-des-miliciens-recrutes-pour-gacher-la-manifestation-du-1er-mai\\\/171998\\\/#primaryimage\"},\"image\":{\"@id\":\"https:\\\/\\\/www.webdo.tn\\\/fr\\\/actualite\\\/national-45\\\/chokri-belaid-previent-des-miliciens-recrutes-pour-gacher-la-manifestation-du-1er-mai\\\/171998\\\/#primaryimage\"},\"thumbnailUrl\":\"https:\\\/\\\/www.webdo.tn\\\/fr\\\/wp-content\\\/uploads\\\/2012\\\/04\\\/Chokri-Belaid-photo-Rais67.jpg\",\"datePublished\":\"2012-04-29T04:23:00+00:00\",\"description\":\"Chokri Belaid pr\u00e9vient : \u00ab\u00a0Des miliciens recrut\u00e9s pour g\u00e2cher la manifestation du 1er mai\u00a0\u00bb\",\"breadcrumb\":{\"@id\":\"https:\\\/\\\/www.webdo.tn\\\/fr\\\/actualite\\\/national-45\\\/chokri-belaid-previent-des-miliciens-recrutes-pour-gacher-la-manifestation-du-1er-mai\\\/171998\\\/#breadcrumb\"},\"inLanguage\":\"fr-FR\",\"potentialAction\":[{\"@type\":\"ReadAction\",\"target\":[\"https:\\\/\\\/www.webdo.tn\\\/fr\\\/actualite\\\/national-45\\\/chokri-belaid-previent-des-miliciens-recrutes-pour-gacher-la-manifestation-du-1er-mai\\\/171998\\\/\"]}]},{\"@type\":\"ImageObject\",\"inLanguage\":\"fr-FR\",\"@id\":\"https:\\\/\\\/www.webdo.tn\\\/fr\\\/actualite\\\/national-45\\\/chokri-belaid-previent-des-miliciens-recrutes-pour-gacher-la-manifestation-du-1er-mai\\\/171998\\\/#primaryimage\",\"url\":\"https:\\\/\\\/www.webdo.tn\\\/fr\\\/wp-content\\\/uploads\\\/2012\\\/04\\\/Chokri-Belaid-photo-Rais67.jpg\",\"contentUrl\":\"https:\\\/\\\/www.webdo.tn\\\/fr\\\/wp-content\\\/uploads\\\/2012\\\/04\\\/Chokri-Belaid-photo-Rais67.jpg\",\"width\":252,\"height\":296,\"caption\":\"Chokri Belaid pr\u00e9vient : \u00ab\u00a0Des miliciens recrut\u00e9s pour g\u00e2cher la manifestation du 1er mai\u00a0\u00bb\"},{\"@type\":\"BreadcrumbList\",\"@id\":\"https:\\\/\\\/www.webdo.tn\\\/fr\\\/actualite\\\/national-45\\\/chokri-belaid-previent-des-miliciens-recrutes-pour-gacher-la-manifestation-du-1er-mai\\\/171998\\\/#breadcrumb\",\"itemListElement\":[{\"@type\":\"ListItem\",\"position\":1,\"name\":\"Accueil\",\"item\":\"https:\\\/\\\/www.webdo.tn\\\/fr\\\/\"},{\"@type\":\"ListItem\",\"position\":2,\"name\":\"Chokri Belaid pr\u00e9vient : \u00ab\u00a0Des miliciens recrut\u00e9s pour g\u00e2cher la manifestation du 1er mai\u00a0\u00bb\"}]},{\"@type\":\"WebSite\",\"@id\":\"https:\\\/\\\/www.webdo.tn\\\/fr\\\/#website\",\"url\":\"https:\\\/\\\/www.webdo.tn\\\/fr\\\/\",\"name\":\"webdo\",\"description\":\"Tunisie - News en Tunisie et \u00e0 l&#039;international sur Webdo.tn\",\"publisher\":{\"@id\":\"https:\\\/\\\/www.webdo.tn\\\/fr\\\/#organization\"},\"potentialAction\":[{\"@type\":\"SearchAction\",\"target\":{\"@type\":\"EntryPoint\",\"urlTemplate\":\"https:\\\/\\\/www.webdo.tn\\\/fr\\\/?s={search_term_string}\"},\"query-input\":{\"@type\":\"PropertyValueSpecification\",\"valueRequired\":true,\"valueName\":\"search_term_string\"}}],\"inLanguage\":\"fr-FR\"},{\"@type\":\"Organization\",\"@id\":\"https:\\\/\\\/www.webdo.tn\\\/fr\\\/#organization\",\"name\":\"Webdo\",\"alternateName\":\"Webdo.tn\",\"url\":\"https:\\\/\\\/www.webdo.tn\\\/fr\\\/\",\"logo\":{\"@type\":\"ImageObject\",\"inLanguage\":\"fr-FR\",\"@id\":\"https:\\\/\\\/www.webdo.tn\\\/fr\\\/#\\\/schema\\\/logo\\\/image\\\/\",\"url\":\"https:\\\/\\\/www.webdo.tn\\\/fr\\\/wp-content\\\/uploads\\\/2025\\\/06\\\/Webdo-Tunisie_168377.jpg\",\"contentUrl\":\"https:\\\/\\\/www.webdo.tn\\\/fr\\\/wp-content\\\/uploads\\\/2025\\\/06\\\/Webdo-Tunisie_168377.jpg\",\"width\":301,\"height\":301,\"caption\":\"Webdo\"},\"image\":{\"@id\":\"https:\\\/\\\/www.webdo.tn\\\/fr\\\/#\\\/schema\\\/logo\\\/image\\\/\"},\"sameAs\":[\"https:\\\/\\\/www.facebook.com\\\/webdotn\",\"https:\\\/\\\/x.com\\\/webdo_tn\"],\"description\":\"Webdo est un m\u00e9dia num\u00e9rique tunisien fond\u00e9 en 2010, sp\u00e9cialis\u00e9 dans l\u2019actualit\u00e9 nationale et internationale, l\u2019\u00e9conomie, la soci\u00e9t\u00e9 et les analyses politiques. Le site s\u2019adresse \u00e0 un large public francophone et couvre l\u2019information tunisienne en temps r\u00e9el.\",\"email\":\"redac@webdo.tn\",\"legalName\":\"YNJ SARL\",\"foundingDate\":\"2010-09-06\",\"numberOfEmployees\":{\"@type\":\"QuantitativeValue\",\"minValue\":\"11\",\"maxValue\":\"50\"}},{\"@type\":\"Person\",\"@id\":\"https:\\\/\\\/www.webdo.tn\\\/fr\\\/#\\\/schema\\\/person\\\/9a9c6118d687c117df8ef3cc36a4d175\",\"name\":\"webdo.tn\",\"image\":{\"@type\":\"ImageObject\",\"inLanguage\":\"fr-FR\",\"@id\":\"https:\\\/\\\/secure.gravatar.com\\\/avatar\\\/7ce1f28c0c3bbac99ff550b85ef8e44a6950c6ee24514fb6a5489e51d06f0298?s=96&d=mm&r=g\",\"url\":\"https:\\\/\\\/secure.gravatar.com\\\/avatar\\\/7ce1f28c0c3bbac99ff550b85ef8e44a6950c6ee24514fb6a5489e51d06f0298?s=96&d=mm&r=g\",\"contentUrl\":\"https:\\\/\\\/secure.gravatar.com\\\/avatar\\\/7ce1f28c0c3bbac99ff550b85ef8e44a6950c6ee24514fb6a5489e51d06f0298?s=96&d=mm&r=g\",\"caption\":\"webdo.tn\"},\"url\":\"https:\\\/\\\/www.webdo.tn\\\/fr\\\/actualite\\\/author\\\/webdotn\\\/\"}]}<\/script>\n<!-- \/ Yoast SEO Premium plugin. -->","yoast_head_json":{"title":"Chokri Belaid pr\u00e9vient : \u00ab\u00a0Des miliciens recrut\u00e9s pour g\u00e2cher la manifestation du 1er mai\u00a0\u00bb","description":"Chokri Belaid pr\u00e9vient : \u00ab\u00a0Des miliciens recrut\u00e9s pour g\u00e2cher la manifestation du 1er mai\u00a0\u00bb","canonical":"https:\/\/www.webdo.tn\/fr\/actualite\/national-45\/chokri-belaid-previent-des-miliciens-recrutes-pour-gacher-la-manifestation-du-1er-mai\/171998\/","og_locale":"fr_FR","og_type":"article","og_title":"Chokri Belaid pr\u00e9vient : \u00ab\u00a0Des miliciens recrut\u00e9s pour g\u00e2cher la manifestation du 1er mai\u00a0\u00bb","og_description":"Chokri Belaid pr\u00e9vient : \u00ab\u00a0Des miliciens recrut\u00e9s pour g\u00e2cher la manifestation du 1er mai\u00a0\u00bb","og_url":"https:\/\/www.webdo.tn\/fr\/actualite\/national-45\/chokri-belaid-previent-des-miliciens-recrutes-pour-gacher-la-manifestation-du-1er-mai\/171998\/","og_site_name":"webdo","article_publisher":"https:\/\/www.facebook.com\/webdotn","article_published_time":"2012-04-29T04:23:00+00:00","og_image":[{"width":252,"height":296,"url":"https:\/\/www.webdo.tn\/fr\/wp-content\/uploads\/2012\/04\/Chokri-Belaid-photo-Rais67.jpg","type":"image\/jpeg"}],"author":"webdo.tn","twitter_card":"summary_large_image","twitter_creator":"@webdo_tn","twitter_site":"@webdo_tn","twitter_misc":{"\u00c9crit par":"webdo.tn","Dur\u00e9e de lecture estim\u00e9e":"3 minutes"},"schema":{"@context":"https:\/\/schema.org","@graph":[{"@type":"NewsArticle","@id":"https:\/\/www.webdo.tn\/fr\/actualite\/national-45\/chokri-belaid-previent-des-miliciens-recrutes-pour-gacher-la-manifestation-du-1er-mai\/171998\/#article","isPartOf":{"@id":"https:\/\/www.webdo.tn\/fr\/actualite\/national-45\/chokri-belaid-previent-des-miliciens-recrutes-pour-gacher-la-manifestation-du-1er-mai\/171998\/"},"author":{"name":"webdo.tn","@id":"https:\/\/www.webdo.tn\/fr\/#\/schema\/person\/9a9c6118d687c117df8ef3cc36a4d175"},"headline":"Chokri Belaid pr\u00e9vient : \u00ab\u00a0Des miliciens recrut\u00e9s pour g\u00e2cher la manifestation du 1er mai\u00a0\u00bb","datePublished":"2012-04-29T04:23:00+00:00","mainEntityOfPage":{"@id":"https:\/\/www.webdo.tn\/fr\/actualite\/national-45\/chokri-belaid-previent-des-miliciens-recrutes-pour-gacher-la-manifestation-du-1er-mai\/171998\/"},"wordCount":595,"commentCount":0,"publisher":{"@id":"https:\/\/www.webdo.tn\/fr\/#organization"},"image":{"@id":"https:\/\/www.webdo.tn\/fr\/actualite\/national-45\/chokri-belaid-previent-des-miliciens-recrutes-pour-gacher-la-manifestation-du-1er-mai\/171998\/#primaryimage"},"thumbnailUrl":"https:\/\/www.webdo.tn\/fr\/wp-content\/uploads\/2012\/04\/Chokri-Belaid-photo-Rais67.jpg","keywords":["guerre"],"articleSection":["National"],"inLanguage":"fr-FR"},{"@type":"WebPage","@id":"https:\/\/www.webdo.tn\/fr\/actualite\/national-45\/chokri-belaid-previent-des-miliciens-recrutes-pour-gacher-la-manifestation-du-1er-mai\/171998\/","url":"https:\/\/www.webdo.tn\/fr\/actualite\/national-45\/chokri-belaid-previent-des-miliciens-recrutes-pour-gacher-la-manifestation-du-1er-mai\/171998\/","name":"Chokri Belaid pr\u00e9vient : \u00ab\u00a0Des miliciens recrut\u00e9s pour g\u00e2cher la manifestation du 1er mai\u00a0\u00bb","isPartOf":{"@id":"https:\/\/www.webdo.tn\/fr\/#website"},"primaryImageOfPage":{"@id":"https:\/\/www.webdo.tn\/fr\/actualite\/national-45\/chokri-belaid-previent-des-miliciens-recrutes-pour-gacher-la-manifestation-du-1er-mai\/171998\/#primaryimage"},"image":{"@id":"https:\/\/www.webdo.tn\/fr\/actualite\/national-45\/chokri-belaid-previent-des-miliciens-recrutes-pour-gacher-la-manifestation-du-1er-mai\/171998\/#primaryimage"},"thumbnailUrl":"https:\/\/www.webdo.tn\/fr\/wp-content\/uploads\/2012\/04\/Chokri-Belaid-photo-Rais67.jpg","datePublished":"2012-04-29T04:23:00+00:00","description":"Chokri Belaid pr\u00e9vient : \u00ab\u00a0Des miliciens recrut\u00e9s pour g\u00e2cher la manifestation du 1er mai\u00a0\u00bb","breadcrumb":{"@id":"https:\/\/www.webdo.tn\/fr\/actualite\/national-45\/chokri-belaid-previent-des-miliciens-recrutes-pour-gacher-la-manifestation-du-1er-mai\/171998\/#breadcrumb"},"inLanguage":"fr-FR","potentialAction":[{"@type":"ReadAction","target":["https:\/\/www.webdo.tn\/fr\/actualite\/national-45\/chokri-belaid-previent-des-miliciens-recrutes-pour-gacher-la-manifestation-du-1er-mai\/171998\/"]}]},{"@type":"ImageObject","inLanguage":"fr-FR","@id":"https:\/\/www.webdo.tn\/fr\/actualite\/national-45\/chokri-belaid-previent-des-miliciens-recrutes-pour-gacher-la-manifestation-du-1er-mai\/171998\/#primaryimage","url":"https:\/\/www.webdo.tn\/fr\/wp-content\/uploads\/2012\/04\/Chokri-Belaid-photo-Rais67.jpg","contentUrl":"https:\/\/www.webdo.tn\/fr\/wp-content\/uploads\/2012\/04\/Chokri-Belaid-photo-Rais67.jpg","width":252,"height":296,"caption":"Chokri Belaid pr\u00e9vient : \u00ab\u00a0Des miliciens recrut\u00e9s pour g\u00e2cher la manifestation du 1er mai\u00a0\u00bb"},{"@type":"BreadcrumbList","@id":"https:\/\/www.webdo.tn\/fr\/actualite\/national-45\/chokri-belaid-previent-des-miliciens-recrutes-pour-gacher-la-manifestation-du-1er-mai\/171998\/#breadcrumb","itemListElement":[{"@type":"ListItem","position":1,"name":"Accueil","item":"https:\/\/www.webdo.tn\/fr\/"},{"@type":"ListItem","position":2,"name":"Chokri Belaid pr\u00e9vient : \u00ab\u00a0Des miliciens recrut\u00e9s pour g\u00e2cher la manifestation du 1er mai\u00a0\u00bb"}]},{"@type":"WebSite","@id":"https:\/\/www.webdo.tn\/fr\/#website","url":"https:\/\/www.webdo.tn\/fr\/","name":"webdo","description":"Tunisie - News en Tunisie et \u00e0 l&#039;international sur Webdo.tn","publisher":{"@id":"https:\/\/www.webdo.tn\/fr\/#organization"},"potentialAction":[{"@type":"SearchAction","target":{"@type":"EntryPoint","urlTemplate":"https:\/\/www.webdo.tn\/fr\/?s={search_term_string}"},"query-input":{"@type":"PropertyValueSpecification","valueRequired":true,"valueName":"search_term_string"}}],"inLanguage":"fr-FR"},{"@type":"Organization","@id":"https:\/\/www.webdo.tn\/fr\/#organization","name":"Webdo","alternateName":"Webdo.tn","url":"https:\/\/www.webdo.tn\/fr\/","logo":{"@type":"ImageObject","inLanguage":"fr-FR","@id":"https:\/\/www.webdo.tn\/fr\/#\/schema\/logo\/image\/","url":"https:\/\/www.webdo.tn\/fr\/wp-content\/uploads\/2025\/06\/Webdo-Tunisie_168377.jpg","contentUrl":"https:\/\/www.webdo.tn\/fr\/wp-content\/uploads\/2025\/06\/Webdo-Tunisie_168377.jpg","width":301,"height":301,"caption":"Webdo"},"image":{"@id":"https:\/\/www.webdo.tn\/fr\/#\/schema\/logo\/image\/"},"sameAs":["https:\/\/www.facebook.com\/webdotn","https:\/\/x.com\/webdo_tn"],"description":"Webdo est un m\u00e9dia num\u00e9rique tunisien fond\u00e9 en 2010, sp\u00e9cialis\u00e9 dans l\u2019actualit\u00e9 nationale et internationale, l\u2019\u00e9conomie, la soci\u00e9t\u00e9 et les analyses politiques. Le site s\u2019adresse \u00e0 un large public francophone et couvre l\u2019information tunisienne en temps r\u00e9el.","email":"redac@webdo.tn","legalName":"YNJ SARL","foundingDate":"2010-09-06","numberOfEmployees":{"@type":"QuantitativeValue","minValue":"11","maxValue":"50"}},{"@type":"Person","@id":"https:\/\/www.webdo.tn\/fr\/#\/schema\/person\/9a9c6118d687c117df8ef3cc36a4d175","name":"webdo.tn","image":{"@type":"ImageObject","inLanguage":"fr-FR","@id":"https:\/\/secure.gravatar.com\/avatar\/7ce1f28c0c3bbac99ff550b85ef8e44a6950c6ee24514fb6a5489e51d06f0298?s=96&d=mm&r=g","url":"https:\/\/secure.gravatar.com\/avatar\/7ce1f28c0c3bbac99ff550b85ef8e44a6950c6ee24514fb6a5489e51d06f0298?s=96&d=mm&r=g","contentUrl":"https:\/\/secure.gravatar.com\/avatar\/7ce1f28c0c3bbac99ff550b85ef8e44a6950c6ee24514fb6a5489e51d06f0298?s=96&d=mm&r=g","caption":"webdo.tn"},"url":"https:\/\/www.webdo.tn\/fr\/actualite\/author\/webdotn\/"}]}},"_links":{"self":[{"href":"https:\/\/www.webdo.tn\/fr\/wp-json\/wp\/v2\/posts\/171998","targetHints":{"allow":["GET"]}}],"collection":[{"href":"https:\/\/www.webdo.tn\/fr\/wp-json\/wp\/v2\/posts"}],"about":[{"href":"https:\/\/www.webdo.tn\/fr\/wp-json\/wp\/v2\/types\/post"}],"author":[{"embeddable":true,"href":"https:\/\/www.webdo.tn\/fr\/wp-json\/wp\/v2\/users\/3222"}],"replies":[{"embeddable":true,"href":"https:\/\/www.webdo.tn\/fr\/wp-json\/wp\/v2\/comments?post=171998"}],"version-history":[{"count":0,"href":"https:\/\/www.webdo.tn\/fr\/wp-json\/wp\/v2\/posts\/171998\/revisions"}],"wp:featuredmedia":[{"embeddable":true,"href":"https:\/\/www.webdo.tn\/fr\/wp-json\/wp\/v2\/media\/334126"}],"wp:attachment":[{"href":"https:\/\/www.webdo.tn\/fr\/wp-json\/wp\/v2\/media?parent=171998"}],"wp:term":[{"taxonomy":"category","embeddable":true,"href":"https:\/\/www.webdo.tn\/fr\/wp-json\/wp\/v2\/categories?post=171998"},{"taxonomy":"post_tag","embeddable":true,"href":"https:\/\/www.webdo.tn\/fr\/wp-json\/wp\/v2\/tags?post=171998"}],"curies":[{"name":"wp","href":"https:\/\/api.w.org\/{rel}","templated":true}]}}