{"id":171996,"date":"2012-04-29T20:59:00","date_gmt":"2012-04-29T20:59:00","guid":{"rendered":"https:\/\/www.webdo.tn\/fr\/blog\/retrait-de-militants-du-pdp-du-pr-ou-la-poursuite-de-l-emiettement-des-forces-democratiques\/171996\/"},"modified":"2012-04-29T20:59:00","modified_gmt":"2012-04-29T20:59:00","slug":"retrait-de-militants-du-pdp-du-pr-ou-la-poursuite-de-l-emiettement-des-forces-democratiques","status":"publish","type":"post","link":"https:\/\/www.webdo.tn\/fr\/actualite\/national\/retrait-de-militants-du-pdp-du-pr-ou-la-poursuite-de-l-emiettement-des-forces-democratiques\/171996\/","title":{"rendered":"Retrait de militants du PDP du PR o\u00f9 la poursuite de l\u2019\u00e9miettement des forces d\u00e9mocratiques !"},"content":{"rendered":"<p>L\u2019annonce pompeuse du retrait de certains militants du PDP du grand rassemblement centriste cr\u00e9\u00e9 r\u00e9cemment et mat\u00e9rialis\u00e9 au sein du Parti R\u00e9publicain a introduit le doute dans les esprits et ne fait qu\u2019embrouiller davantage la sc\u00e8ne politique nationale, notamment dans le camp des partisans d\u2019une Tunisie centriste et moderniste.<\/p>\n<p>En r\u00e9alit\u00e9, ce comportement est symptomatique de ces partis o\u00f9 la discipline partisane est compl\u00e8tement absente. Ces d\u00e9fections sont aujourd\u2019hui la principale caract\u00e9ristique de ces partis qui d\u00e9fendent les principes modernistes, mais dont les militants n\u2019arrivent pas \u00e0 trouver le juste compromis n\u00e9cessaire dans cette \u00e9tape historique cruciale et d\u00e9terminante dans la vie politique nationale. Car et dans le contexte actuel, il convient, logiquement, de rechercher l\u2019unit\u00e9 non seulement sur le plan interne, mais aussi dans les rapports avec les autres mouvements avec qui ils peuvent partager un minimum de points et de principes communs.<\/p>\n<p>La principale question qui se pose \u00e0 ces militants, mais aussi aux dirigeants de ce genre de partis r\u00e9side dans la n\u00e9cessit\u00e9 de s\u2019interroger sur leur fonctionnement interne o\u00f9 la d\u00e9mocratie et la transparence ne semblent pas bien \u00e9tablies provoquant des d\u00e9saccords profonds allant jusqu\u2019au retrait voire \u00e0 la scission.<\/p>\n<p>Cela ne fait qu\u2019accro\u00eetre l\u2019\u00e9miettement des forces d\u00e9mocratiques face \u00e0 un adversaire politique qui demeure tr\u00e8s disciplin\u00e9 malgr\u00e9 les divergences apparentes entre ses diverses mouvances.<\/p>\n<p>Il est clair que les ambitions d\u00e9mesur\u00e9es de certains de ces militants, mais aussi le manque ou m\u00eame l\u2019absence de dialogue et de capacit\u00e9 de persuasion constituent autant d\u2019obstacles \u00e0 une unit\u00e9 plus forte et plus consistante au sein et entre ces partis qui n\u2019ont finalement qu\u2019un seul objectif \u00e0 d\u00e9fendre : un mod\u00e8le de soci\u00e9t\u00e9 ouverte et d\u00e9mocratique et un \u00c9tat civil qui consacre la s\u00e9paration du religieux et du politique.<\/p>\n","protected":false},"excerpt":{"rendered":"<p>Retrait de militants du PDP du PR o\u00f9 la poursuite de l\u2019\u00e9miettement des forces d\u00e9mocratiques !<\/p>\n","protected":false},"author":3222,"featured_media":374429,"comment_status":"open","ping_status":"closed","sticky":false,"template":"","format":"standard","meta":{"footnotes":""},"categories":[44],"tags":[2600],"class_list":["post-171996","post","type-post","status-publish","format-standard","has-post-thumbnail","hentry","category-national","tag-guerre"],"yoast_head":"<!-- This site is optimized with the Yoast SEO Premium plugin v27.5 (Yoast SEO v27.5) - https:\/\/yoast.com\/product\/yoast-seo-premium-wordpress\/ -->\n<title>Retrait de militants du PDP du PR o\u00f9 la poursuite de l\u2019\u00e9miettement des forces d\u00e9mocratiques !<\/title>\n<meta name=\"description\" content=\"Retrait de militants du PDP du PR o\u00f9 la poursuite de l\u2019\u00e9miettement des forces d\u00e9mocratiques !\" \/>\n<link rel=\"canonical\" href=\"https:\/\/www.webdo.tn\/fr\/actualite\/national-45\/retrait-de-militants-du-pdp-du-pr-ou-la-poursuite-de-l-emiettement-des-forces-democratiques\/171996\/\" \/>\n<meta property=\"og:locale\" content=\"fr_FR\" \/>\n<meta property=\"og:type\" content=\"article\" \/>\n<meta property=\"og:title\" content=\"Retrait de militants du PDP du PR o\u00f9 la poursuite de l\u2019\u00e9miettement des forces d\u00e9mocratiques !\" \/>\n<meta property=\"og:description\" content=\"Retrait de militants du PDP du PR o\u00f9 la poursuite de l\u2019\u00e9miettement des forces d\u00e9mocratiques !\" \/>\n<meta property=\"og:url\" content=\"https:\/\/www.webdo.tn\/fr\/actualite\/national-45\/retrait-de-militants-du-pdp-du-pr-ou-la-poursuite-de-l-emiettement-des-forces-democratiques\/171996\/\" \/>\n<meta property=\"og:site_name\" content=\"webdo\" \/>\n<meta property=\"article:publisher\" content=\"https:\/\/www.facebook.com\/webdotn\" \/>\n<meta property=\"article:published_time\" content=\"2012-04-29T20:59:00+00:00\" \/>\n<meta name=\"author\" content=\"webdo.tn\" \/>\n<meta name=\"twitter:card\" content=\"summary_large_image\" \/>\n<meta name=\"twitter:creator\" content=\"@webdo_tn\" \/>\n<meta name=\"twitter:site\" content=\"@webdo_tn\" \/>\n<meta name=\"twitter:label1\" content=\"\u00c9crit par\" \/>\n\t<meta name=\"twitter:data1\" content=\"webdo.tn\" \/>\n\t<meta name=\"twitter:label2\" content=\"Dur\u00e9e de lecture estim\u00e9e\" \/>\n\t<meta name=\"twitter:data2\" content=\"2 minutes\" \/>\n<script type=\"application\/ld+json\" class=\"yoast-schema-graph\">{\"@context\":\"https:\\\/\\\/schema.org\",\"@graph\":[{\"@type\":\"NewsArticle\",\"@id\":\"https:\\\/\\\/www.webdo.tn\\\/fr\\\/actualite\\\/national-45\\\/retrait-de-militants-du-pdp-du-pr-ou-la-poursuite-de-l-emiettement-des-forces-democratiques\\\/171996\\\/#article\",\"isPartOf\":{\"@id\":\"https:\\\/\\\/www.webdo.tn\\\/fr\\\/actualite\\\/national-45\\\/retrait-de-militants-du-pdp-du-pr-ou-la-poursuite-de-l-emiettement-des-forces-democratiques\\\/171996\\\/\"},\"author\":{\"name\":\"webdo.tn\",\"@id\":\"https:\\\/\\\/www.webdo.tn\\\/fr\\\/#\\\/schema\\\/person\\\/9a9c6118d687c117df8ef3cc36a4d175\"},\"headline\":\"Retrait de militants du PDP du PR o\u00f9 la poursuite de l\u2019\u00e9miettement des forces d\u00e9mocratiques !\",\"datePublished\":\"2012-04-29T20:59:00+00:00\",\"mainEntityOfPage\":{\"@id\":\"https:\\\/\\\/www.webdo.tn\\\/fr\\\/actualite\\\/national-45\\\/retrait-de-militants-du-pdp-du-pr-ou-la-poursuite-de-l-emiettement-des-forces-democratiques\\\/171996\\\/\"},\"wordCount\":341,\"commentCount\":0,\"publisher\":{\"@id\":\"https:\\\/\\\/www.webdo.tn\\\/fr\\\/#organization\"},\"image\":{\"@id\":\"https:\\\/\\\/www.webdo.tn\\\/fr\\\/actualite\\\/national-45\\\/retrait-de-militants-du-pdp-du-pr-ou-la-poursuite-de-l-emiettement-des-forces-democratiques\\\/171996\\\/#primaryimage\"},\"thumbnailUrl\":\"https:\\\/\\\/www.webdo.tn\\\/fr\\\/wp-content\\\/uploads\\\/2025\\\/06\\\/Le-Parti-Republicain_171996.jpg\",\"keywords\":[\"guerre\"],\"articleSection\":[\"National\"],\"inLanguage\":\"fr-FR\"},{\"@type\":\"WebPage\",\"@id\":\"https:\\\/\\\/www.webdo.tn\\\/fr\\\/actualite\\\/national-45\\\/retrait-de-militants-du-pdp-du-pr-ou-la-poursuite-de-l-emiettement-des-forces-democratiques\\\/171996\\\/\",\"url\":\"https:\\\/\\\/www.webdo.tn\\\/fr\\\/actualite\\\/national-45\\\/retrait-de-militants-du-pdp-du-pr-ou-la-poursuite-de-l-emiettement-des-forces-democratiques\\\/171996\\\/\",\"name\":\"Retrait de militants du PDP du PR o\u00f9 la poursuite de l\u2019\u00e9miettement des forces d\u00e9mocratiques !\",\"isPartOf\":{\"@id\":\"https:\\\/\\\/www.webdo.tn\\\/fr\\\/#website\"},\"primaryImageOfPage\":{\"@id\":\"https:\\\/\\\/www.webdo.tn\\\/fr\\\/actualite\\\/national-45\\\/retrait-de-militants-du-pdp-du-pr-ou-la-poursuite-de-l-emiettement-des-forces-democratiques\\\/171996\\\/#primaryimage\"},\"image\":{\"@id\":\"https:\\\/\\\/www.webdo.tn\\\/fr\\\/actualite\\\/national-45\\\/retrait-de-militants-du-pdp-du-pr-ou-la-poursuite-de-l-emiettement-des-forces-democratiques\\\/171996\\\/#primaryimage\"},\"thumbnailUrl\":\"https:\\\/\\\/www.webdo.tn\\\/fr\\\/wp-content\\\/uploads\\\/2025\\\/06\\\/Le-Parti-Republicain_171996.jpg\",\"datePublished\":\"2012-04-29T20:59:00+00:00\",\"description\":\"Retrait de militants du PDP du PR o\u00f9 la poursuite de l\u2019\u00e9miettement des forces d\u00e9mocratiques !\",\"breadcrumb\":{\"@id\":\"https:\\\/\\\/www.webdo.tn\\\/fr\\\/actualite\\\/national-45\\\/retrait-de-militants-du-pdp-du-pr-ou-la-poursuite-de-l-emiettement-des-forces-democratiques\\\/171996\\\/#breadcrumb\"},\"inLanguage\":\"fr-FR\",\"potentialAction\":[{\"@type\":\"ReadAction\",\"target\":[\"https:\\\/\\\/www.webdo.tn\\\/fr\\\/actualite\\\/national-45\\\/retrait-de-militants-du-pdp-du-pr-ou-la-poursuite-de-l-emiettement-des-forces-democratiques\\\/171996\\\/\"]}]},{\"@type\":\"ImageObject\",\"inLanguage\":\"fr-FR\",\"@id\":\"https:\\\/\\\/www.webdo.tn\\\/fr\\\/actualite\\\/national-45\\\/retrait-de-militants-du-pdp-du-pr-ou-la-poursuite-de-l-emiettement-des-forces-democratiques\\\/171996\\\/#primaryimage\",\"url\":\"https:\\\/\\\/www.webdo.tn\\\/fr\\\/wp-content\\\/uploads\\\/2025\\\/06\\\/Le-Parti-Republicain_171996.jpg\",\"contentUrl\":\"https:\\\/\\\/www.webdo.tn\\\/fr\\\/wp-content\\\/uploads\\\/2025\\\/06\\\/Le-Parti-Republicain_171996.jpg\",\"width\":266,\"height\":232,\"caption\":\"Retrait de militants du PDP du PR o\u00f9 la poursuite de l\u2019\u00e9miettement des forces d\u00e9mocratiques !\"},{\"@type\":\"BreadcrumbList\",\"@id\":\"https:\\\/\\\/www.webdo.tn\\\/fr\\\/actualite\\\/national-45\\\/retrait-de-militants-du-pdp-du-pr-ou-la-poursuite-de-l-emiettement-des-forces-democratiques\\\/171996\\\/#breadcrumb\",\"itemListElement\":[{\"@type\":\"ListItem\",\"position\":1,\"name\":\"Accueil\",\"item\":\"https:\\\/\\\/www.webdo.tn\\\/fr\\\/\"},{\"@type\":\"ListItem\",\"position\":2,\"name\":\"Retrait de militants du PDP du PR o\u00f9 la poursuite de l\u2019\u00e9miettement des forces d\u00e9mocratiques !\"}]},{\"@type\":\"WebSite\",\"@id\":\"https:\\\/\\\/www.webdo.tn\\\/fr\\\/#website\",\"url\":\"https:\\\/\\\/www.webdo.tn\\\/fr\\\/\",\"name\":\"webdo\",\"description\":\"Tunisie - News en Tunisie et \u00e0 l&#039;international sur Webdo.tn\",\"publisher\":{\"@id\":\"https:\\\/\\\/www.webdo.tn\\\/fr\\\/#organization\"},\"potentialAction\":[{\"@type\":\"SearchAction\",\"target\":{\"@type\":\"EntryPoint\",\"urlTemplate\":\"https:\\\/\\\/www.webdo.tn\\\/fr\\\/?s={search_term_string}\"},\"query-input\":{\"@type\":\"PropertyValueSpecification\",\"valueRequired\":true,\"valueName\":\"search_term_string\"}}],\"inLanguage\":\"fr-FR\"},{\"@type\":\"Organization\",\"@id\":\"https:\\\/\\\/www.webdo.tn\\\/fr\\\/#organization\",\"name\":\"Webdo\",\"alternateName\":\"Webdo.tn\",\"url\":\"https:\\\/\\\/www.webdo.tn\\\/fr\\\/\",\"logo\":{\"@type\":\"ImageObject\",\"inLanguage\":\"fr-FR\",\"@id\":\"https:\\\/\\\/www.webdo.tn\\\/fr\\\/#\\\/schema\\\/logo\\\/image\\\/\",\"url\":\"https:\\\/\\\/www.webdo.tn\\\/fr\\\/wp-content\\\/uploads\\\/2025\\\/06\\\/Webdo-Tunisie_168377.jpg\",\"contentUrl\":\"https:\\\/\\\/www.webdo.tn\\\/fr\\\/wp-content\\\/uploads\\\/2025\\\/06\\\/Webdo-Tunisie_168377.jpg\",\"width\":301,\"height\":301,\"caption\":\"Webdo\"},\"image\":{\"@id\":\"https:\\\/\\\/www.webdo.tn\\\/fr\\\/#\\\/schema\\\/logo\\\/image\\\/\"},\"sameAs\":[\"https:\\\/\\\/www.facebook.com\\\/webdotn\",\"https:\\\/\\\/x.com\\\/webdo_tn\"],\"description\":\"Webdo est un m\u00e9dia num\u00e9rique tunisien fond\u00e9 en 2010, sp\u00e9cialis\u00e9 dans l\u2019actualit\u00e9 nationale et internationale, l\u2019\u00e9conomie, la soci\u00e9t\u00e9 et les analyses politiques. Le site s\u2019adresse \u00e0 un large public francophone et couvre l\u2019information tunisienne en temps r\u00e9el.\",\"email\":\"redac@webdo.tn\",\"legalName\":\"YNJ SARL\",\"foundingDate\":\"2010-09-06\",\"numberOfEmployees\":{\"@type\":\"QuantitativeValue\",\"minValue\":\"11\",\"maxValue\":\"50\"}},{\"@type\":\"Person\",\"@id\":\"https:\\\/\\\/www.webdo.tn\\\/fr\\\/#\\\/schema\\\/person\\\/9a9c6118d687c117df8ef3cc36a4d175\",\"name\":\"webdo.tn\",\"image\":{\"@type\":\"ImageObject\",\"inLanguage\":\"fr-FR\",\"@id\":\"https:\\\/\\\/secure.gravatar.com\\\/avatar\\\/7ce1f28c0c3bbac99ff550b85ef8e44a6950c6ee24514fb6a5489e51d06f0298?s=96&d=mm&r=g\",\"url\":\"https:\\\/\\\/secure.gravatar.com\\\/avatar\\\/7ce1f28c0c3bbac99ff550b85ef8e44a6950c6ee24514fb6a5489e51d06f0298?s=96&d=mm&r=g\",\"contentUrl\":\"https:\\\/\\\/secure.gravatar.com\\\/avatar\\\/7ce1f28c0c3bbac99ff550b85ef8e44a6950c6ee24514fb6a5489e51d06f0298?s=96&d=mm&r=g\",\"caption\":\"webdo.tn\"},\"url\":\"https:\\\/\\\/www.webdo.tn\\\/fr\\\/actualite\\\/author\\\/webdotn\\\/\"}]}<\/script>\n<!-- \/ Yoast SEO Premium plugin. -->","yoast_head_json":{"title":"Retrait de militants du PDP du PR o\u00f9 la poursuite de l\u2019\u00e9miettement des forces d\u00e9mocratiques !","description":"Retrait de militants du PDP du PR o\u00f9 la poursuite de l\u2019\u00e9miettement des forces d\u00e9mocratiques !","canonical":"https:\/\/www.webdo.tn\/fr\/actualite\/national-45\/retrait-de-militants-du-pdp-du-pr-ou-la-poursuite-de-l-emiettement-des-forces-democratiques\/171996\/","og_locale":"fr_FR","og_type":"article","og_title":"Retrait de militants du PDP du PR o\u00f9 la poursuite de l\u2019\u00e9miettement des forces d\u00e9mocratiques !","og_description":"Retrait de militants du PDP du PR o\u00f9 la poursuite de l\u2019\u00e9miettement des forces d\u00e9mocratiques !","og_url":"https:\/\/www.webdo.tn\/fr\/actualite\/national-45\/retrait-de-militants-du-pdp-du-pr-ou-la-poursuite-de-l-emiettement-des-forces-democratiques\/171996\/","og_site_name":"webdo","article_publisher":"https:\/\/www.facebook.com\/webdotn","article_published_time":"2012-04-29T20:59:00+00:00","author":"webdo.tn","twitter_card":"summary_large_image","twitter_creator":"@webdo_tn","twitter_site":"@webdo_tn","twitter_misc":{"\u00c9crit par":"webdo.tn","Dur\u00e9e de lecture estim\u00e9e":"2 minutes"},"schema":{"@context":"https:\/\/schema.org","@graph":[{"@type":"NewsArticle","@id":"https:\/\/www.webdo.tn\/fr\/actualite\/national-45\/retrait-de-militants-du-pdp-du-pr-ou-la-poursuite-de-l-emiettement-des-forces-democratiques\/171996\/#article","isPartOf":{"@id":"https:\/\/www.webdo.tn\/fr\/actualite\/national-45\/retrait-de-militants-du-pdp-du-pr-ou-la-poursuite-de-l-emiettement-des-forces-democratiques\/171996\/"},"author":{"name":"webdo.tn","@id":"https:\/\/www.webdo.tn\/fr\/#\/schema\/person\/9a9c6118d687c117df8ef3cc36a4d175"},"headline":"Retrait de militants du PDP du PR o\u00f9 la poursuite de l\u2019\u00e9miettement des forces d\u00e9mocratiques !","datePublished":"2012-04-29T20:59:00+00:00","mainEntityOfPage":{"@id":"https:\/\/www.webdo.tn\/fr\/actualite\/national-45\/retrait-de-militants-du-pdp-du-pr-ou-la-poursuite-de-l-emiettement-des-forces-democratiques\/171996\/"},"wordCount":341,"commentCount":0,"publisher":{"@id":"https:\/\/www.webdo.tn\/fr\/#organization"},"image":{"@id":"https:\/\/www.webdo.tn\/fr\/actualite\/national-45\/retrait-de-militants-du-pdp-du-pr-ou-la-poursuite-de-l-emiettement-des-forces-democratiques\/171996\/#primaryimage"},"thumbnailUrl":"https:\/\/www.webdo.tn\/fr\/wp-content\/uploads\/2025\/06\/Le-Parti-Republicain_171996.jpg","keywords":["guerre"],"articleSection":["National"],"inLanguage":"fr-FR"},{"@type":"WebPage","@id":"https:\/\/www.webdo.tn\/fr\/actualite\/national-45\/retrait-de-militants-du-pdp-du-pr-ou-la-poursuite-de-l-emiettement-des-forces-democratiques\/171996\/","url":"https:\/\/www.webdo.tn\/fr\/actualite\/national-45\/retrait-de-militants-du-pdp-du-pr-ou-la-poursuite-de-l-emiettement-des-forces-democratiques\/171996\/","name":"Retrait de militants du PDP du PR o\u00f9 la poursuite de l\u2019\u00e9miettement des forces d\u00e9mocratiques !","isPartOf":{"@id":"https:\/\/www.webdo.tn\/fr\/#website"},"primaryImageOfPage":{"@id":"https:\/\/www.webdo.tn\/fr\/actualite\/national-45\/retrait-de-militants-du-pdp-du-pr-ou-la-poursuite-de-l-emiettement-des-forces-democratiques\/171996\/#primaryimage"},"image":{"@id":"https:\/\/www.webdo.tn\/fr\/actualite\/national-45\/retrait-de-militants-du-pdp-du-pr-ou-la-poursuite-de-l-emiettement-des-forces-democratiques\/171996\/#primaryimage"},"thumbnailUrl":"https:\/\/www.webdo.tn\/fr\/wp-content\/uploads\/2025\/06\/Le-Parti-Republicain_171996.jpg","datePublished":"2012-04-29T20:59:00+00:00","description":"Retrait de militants du PDP du PR o\u00f9 la poursuite de l\u2019\u00e9miettement des forces d\u00e9mocratiques !","breadcrumb":{"@id":"https:\/\/www.webdo.tn\/fr\/actualite\/national-45\/retrait-de-militants-du-pdp-du-pr-ou-la-poursuite-de-l-emiettement-des-forces-democratiques\/171996\/#breadcrumb"},"inLanguage":"fr-FR","potentialAction":[{"@type":"ReadAction","target":["https:\/\/www.webdo.tn\/fr\/actualite\/national-45\/retrait-de-militants-du-pdp-du-pr-ou-la-poursuite-de-l-emiettement-des-forces-democratiques\/171996\/"]}]},{"@type":"ImageObject","inLanguage":"fr-FR","@id":"https:\/\/www.webdo.tn\/fr\/actualite\/national-45\/retrait-de-militants-du-pdp-du-pr-ou-la-poursuite-de-l-emiettement-des-forces-democratiques\/171996\/#primaryimage","url":"https:\/\/www.webdo.tn\/fr\/wp-content\/uploads\/2025\/06\/Le-Parti-Republicain_171996.jpg","contentUrl":"https:\/\/www.webdo.tn\/fr\/wp-content\/uploads\/2025\/06\/Le-Parti-Republicain_171996.jpg","width":266,"height":232,"caption":"Retrait de militants du PDP du PR o\u00f9 la poursuite de l\u2019\u00e9miettement des forces d\u00e9mocratiques !"},{"@type":"BreadcrumbList","@id":"https:\/\/www.webdo.tn\/fr\/actualite\/national-45\/retrait-de-militants-du-pdp-du-pr-ou-la-poursuite-de-l-emiettement-des-forces-democratiques\/171996\/#breadcrumb","itemListElement":[{"@type":"ListItem","position":1,"name":"Accueil","item":"https:\/\/www.webdo.tn\/fr\/"},{"@type":"ListItem","position":2,"name":"Retrait de militants du PDP du PR o\u00f9 la poursuite de l\u2019\u00e9miettement des forces d\u00e9mocratiques !"}]},{"@type":"WebSite","@id":"https:\/\/www.webdo.tn\/fr\/#website","url":"https:\/\/www.webdo.tn\/fr\/","name":"webdo","description":"Tunisie - News en Tunisie et \u00e0 l&#039;international sur Webdo.tn","publisher":{"@id":"https:\/\/www.webdo.tn\/fr\/#organization"},"potentialAction":[{"@type":"SearchAction","target":{"@type":"EntryPoint","urlTemplate":"https:\/\/www.webdo.tn\/fr\/?s={search_term_string}"},"query-input":{"@type":"PropertyValueSpecification","valueRequired":true,"valueName":"search_term_string"}}],"inLanguage":"fr-FR"},{"@type":"Organization","@id":"https:\/\/www.webdo.tn\/fr\/#organization","name":"Webdo","alternateName":"Webdo.tn","url":"https:\/\/www.webdo.tn\/fr\/","logo":{"@type":"ImageObject","inLanguage":"fr-FR","@id":"https:\/\/www.webdo.tn\/fr\/#\/schema\/logo\/image\/","url":"https:\/\/www.webdo.tn\/fr\/wp-content\/uploads\/2025\/06\/Webdo-Tunisie_168377.jpg","contentUrl":"https:\/\/www.webdo.tn\/fr\/wp-content\/uploads\/2025\/06\/Webdo-Tunisie_168377.jpg","width":301,"height":301,"caption":"Webdo"},"image":{"@id":"https:\/\/www.webdo.tn\/fr\/#\/schema\/logo\/image\/"},"sameAs":["https:\/\/www.facebook.com\/webdotn","https:\/\/x.com\/webdo_tn"],"description":"Webdo est un m\u00e9dia num\u00e9rique tunisien fond\u00e9 en 2010, sp\u00e9cialis\u00e9 dans l\u2019actualit\u00e9 nationale et internationale, l\u2019\u00e9conomie, la soci\u00e9t\u00e9 et les analyses politiques. Le site s\u2019adresse \u00e0 un large public francophone et couvre l\u2019information tunisienne en temps r\u00e9el.","email":"redac@webdo.tn","legalName":"YNJ SARL","foundingDate":"2010-09-06","numberOfEmployees":{"@type":"QuantitativeValue","minValue":"11","maxValue":"50"}},{"@type":"Person","@id":"https:\/\/www.webdo.tn\/fr\/#\/schema\/person\/9a9c6118d687c117df8ef3cc36a4d175","name":"webdo.tn","image":{"@type":"ImageObject","inLanguage":"fr-FR","@id":"https:\/\/secure.gravatar.com\/avatar\/7ce1f28c0c3bbac99ff550b85ef8e44a6950c6ee24514fb6a5489e51d06f0298?s=96&d=mm&r=g","url":"https:\/\/secure.gravatar.com\/avatar\/7ce1f28c0c3bbac99ff550b85ef8e44a6950c6ee24514fb6a5489e51d06f0298?s=96&d=mm&r=g","contentUrl":"https:\/\/secure.gravatar.com\/avatar\/7ce1f28c0c3bbac99ff550b85ef8e44a6950c6ee24514fb6a5489e51d06f0298?s=96&d=mm&r=g","caption":"webdo.tn"},"url":"https:\/\/www.webdo.tn\/fr\/actualite\/author\/webdotn\/"}]}},"_links":{"self":[{"href":"https:\/\/www.webdo.tn\/fr\/wp-json\/wp\/v2\/posts\/171996","targetHints":{"allow":["GET"]}}],"collection":[{"href":"https:\/\/www.webdo.tn\/fr\/wp-json\/wp\/v2\/posts"}],"about":[{"href":"https:\/\/www.webdo.tn\/fr\/wp-json\/wp\/v2\/types\/post"}],"author":[{"embeddable":true,"href":"https:\/\/www.webdo.tn\/fr\/wp-json\/wp\/v2\/users\/3222"}],"replies":[{"embeddable":true,"href":"https:\/\/www.webdo.tn\/fr\/wp-json\/wp\/v2\/comments?post=171996"}],"version-history":[{"count":0,"href":"https:\/\/www.webdo.tn\/fr\/wp-json\/wp\/v2\/posts\/171996\/revisions"}],"wp:featuredmedia":[{"embeddable":true,"href":"https:\/\/www.webdo.tn\/fr\/wp-json\/wp\/v2\/media\/374429"}],"wp:attachment":[{"href":"https:\/\/www.webdo.tn\/fr\/wp-json\/wp\/v2\/media?parent=171996"}],"wp:term":[{"taxonomy":"category","embeddable":true,"href":"https:\/\/www.webdo.tn\/fr\/wp-json\/wp\/v2\/categories?post=171996"},{"taxonomy":"post_tag","embeddable":true,"href":"https:\/\/www.webdo.tn\/fr\/wp-json\/wp\/v2\/tags?post=171996"}],"curies":[{"name":"wp","href":"https:\/\/api.w.org\/{rel}","templated":true}]}}