{"id":171995,"date":"2012-04-30T11:55:00","date_gmt":"2012-04-30T11:55:00","guid":{"rendered":"https:\/\/www.webdo.tn\/fr\/blog\/a-la-demande-d-un-imam-des-salafistes-saccagent-le-local-du-pcot-a-kabaria\/171995\/"},"modified":"2012-04-30T11:55:00","modified_gmt":"2012-04-30T11:55:00","slug":"a-la-demande-d-un-imam-des-salafistes-saccagent-le-local-du-pcot-a-kabaria","status":"publish","type":"post","link":"https:\/\/www.webdo.tn\/fr\/actualite\/national\/a-la-demande-d-un-imam-des-salafistes-saccagent-le-local-du-pcot-a-kabaria\/171995\/","title":{"rendered":"\u00c0 la demande d\u2019un Imam, des salafistes saccagent le local du Pcot \u00e0 Kabaria ?"},"content":{"rendered":"<p>La derni\u00e8re conqu\u00eate des salafistes dans le cadre de leur programme contre la soci\u00e9t\u00e9 civile et la d\u00e9mocratie a consist\u00e9 \u00e0 prendre d\u2019assaut le local du parti communiste des ouvriers de Tunisie (Pcot) qui vient d\u2019ouvrir ses portes dans la cit\u00e9 EL KABARIA \u00e0 Tunis. Selon un responsable du Parti qui s\u2019est exprim\u00e9 aujourd\u2019hui sur les ondes de la radio nationale, une cinquantaine de barbus se sont pr\u00e9sent\u00e9s, hier (29 avril 2012), sur les lieux pour ordonner aux militants qui \u00e9taient dans le local de le fermer, d\u2019enlever la pancarte du Parti qui \u00e9tait accroch\u00e9e \u00e0 sa devanture avant de d\u00e9guerpir. Ils les ont menac\u00e9s d\u2019utiliser la force en cas de refus de leur part. Les militants sont all\u00e9s se plaindre au poste de police et solliciter son intervention. Mais \u00e0 leur retour sur les lieux, ils ont trouv\u00e9 le local dans un \u00e9tat lamentable. La porte d\u2019entr\u00e9e \u00e9tait d\u00e9fonc\u00e9e, les \u00e9quipements d\u00e9truits et les documents d\u00e9chir\u00e9s. D\u2019apr\u00e8s ce responsable, des informations non v\u00e9rifi\u00e9es indiquent que l\u2019Imam d\u2019une mosqu\u00e9e de la cit\u00e9 aurait d\u00e9clar\u00e9 que la pr\u00e9sence du Pcot dans la cit\u00e9 est un danger pour les habitants et surtout pour les jeunes qui peuvent \u00eatre influenc\u00e9s par le discours ath\u00e9e et permissif de ce Parti de la gauche.<\/p>\n<p>Encore une fois, au moment o\u00f9 on doit axer sur les vrais probl\u00e8mes qui sont \u00e0 l\u2019origine de la r\u00e9volution du 14 janvier et d\u2019\u0153uvrer dans le sens de r\u00e9aliser ses objectifs qui sont l\u2019emploi, la dignit\u00e9 et la d\u00e9mocratie, l\u2019actualit\u00e9 nationale nous livre un spectacle d\u00e9solant.<\/p>\n<p>Des islamistes radicaux qui usent de violence physique et verbale, au vu et au su de tout le monde, contre ceux qu\u2019ils qualifient de m\u00e9cr\u00e9ants, d\u2019impies et de libertins. Ils agissent en toute libert\u00e9 sans \u00eatre inqui\u00e9t\u00e9s puisqu\u2019aucune enqu\u00eate \u00e0 leur sujet n\u2019a \u00e9t\u00e9 concluante.<\/p>\n<p>Les autorit\u00e9s enregistrent les plaintes, ne r\u00e9agissent que sur ordre de la justice et n\u2019interviennent qu\u2019en cas de m\u00e9diatisation ou lorsque l\u2019affaire prend une tournure politique.<\/p>\n<p>Les responsables politiques appel\u00e9s \u00e0 se prononcer sur des incidents similaires se pr\u00e9valent des m\u00eames arguments. Ils condamnent la violence d\u2019o\u00f9 qu\u2019elle vient, sans citer les parties qui sont derri\u00e8re. Ils affirment que personne n\u2019est au dessus de la loi, mais aucun agresseur n\u2019a pay\u00e9 le prix de son forfait.<\/p>\n<p>Pour expliquer l\u2019attitude des agresseurs, ils \u00e9voquent la r\u00e9pression subie par les islamistes du temps de Ben Ali comme s\u2019ils \u00e9taient les seuls \u00e0 en avoir \u00e9t\u00e9 victimes et comme si la r\u00e9pression donne droit \u00e0 la violence politique. Beaucoup d\u2019autres militants de la gauche et du centre ont endur\u00e9 le martyre sous la dictature, notamment pour avoir d\u00e9fendu le droit des islamistes \u00e0 s\u2019exprimer et \u00e0 exercer des activit\u00e9s politiques, et pourtant ils sont rest\u00e9s fid\u00e8les \u00e0 leurs principes.<\/p>\n<p>Et pour leur trouver une excuse (aux agresseurs), ils disent qu&rsquo;ils sont jeunes et enthousiasm\u00e9s par les id\u00e9es qu\u2019ils d\u00e9fendent. Ainsi, tout jeune, fervent d\u00e9fenseur de ses id\u00e9aux et principes pourra en toute l\u00e9gitimit\u00e9, user de la violence pour faire taire ses adversaires.<\/p>\n<p>Mais ils oublient que la situation pourra s\u2019envenimer davantage lorsque d\u2019autres parties n\u2019ayant plus le choix recourront aux m\u00eames proc\u00e9d\u00e9s et utiliseront les m\u00eames moyens. Dans ce cas, la confrontation devenant in\u00e9vitable sera un pr\u00e9lude \u00e0 une guerre civile entre citoyens ; ce qui n\u2019arrange que ceux qui ont int\u00e9r\u00eat \u00e0 imposer une nouvelle dictature<\/p>\n","protected":false},"excerpt":{"rendered":"<p>\u00c0 la demande d\u2019un Imam, des salafistes saccagent le local du Pcot \u00e0 Kabaria ?<\/p>\n","protected":false},"author":3222,"featured_media":333609,"comment_status":"open","ping_status":"closed","sticky":false,"template":"","format":"standard","meta":{"footnotes":""},"categories":[44],"tags":[2600],"class_list":["post-171995","post","type-post","status-publish","format-standard","has-post-thumbnail","hentry","category-national","tag-guerre"],"yoast_head":"<!-- This site is optimized with the Yoast SEO Premium plugin v27.5 (Yoast SEO v27.5) - https:\/\/yoast.com\/product\/yoast-seo-premium-wordpress\/ -->\n<title>\u00c0 la demande d\u2019un Imam, des salafistes saccagent le local du Pcot \u00e0 Kabaria ?<\/title>\n<meta name=\"description\" content=\"\u00c0 la demande d\u2019un Imam, des salafistes saccagent le local du Pcot \u00e0 Kabaria ?\" \/>\n<link rel=\"canonical\" href=\"https:\/\/www.webdo.tn\/fr\/actualite\/national-45\/a-la-demande-d-un-imam-des-salafistes-saccagent-le-local-du-pcot-a-kabaria\/171995\/\" \/>\n<meta property=\"og:locale\" content=\"fr_FR\" \/>\n<meta property=\"og:type\" content=\"article\" \/>\n<meta property=\"og:title\" content=\"\u00c0 la demande d\u2019un Imam, des salafistes saccagent le local du Pcot \u00e0 Kabaria ?\" \/>\n<meta property=\"og:description\" content=\"\u00c0 la demande d\u2019un Imam, des salafistes saccagent le local du Pcot \u00e0 Kabaria ?\" \/>\n<meta property=\"og:url\" content=\"https:\/\/www.webdo.tn\/fr\/actualite\/national-45\/a-la-demande-d-un-imam-des-salafistes-saccagent-le-local-du-pcot-a-kabaria\/171995\/\" \/>\n<meta property=\"og:site_name\" content=\"webdo\" \/>\n<meta property=\"article:publisher\" content=\"https:\/\/www.facebook.com\/webdotn\" \/>\n<meta property=\"article:published_time\" content=\"2012-04-30T11:55:00+00:00\" \/>\n<meta property=\"og:image\" content=\"https:\/\/www.webdo.tn\/fr\/wp-content\/uploads\/2012\/04\/Parti-communiste-des-ouvriers-de-Tunisie.jpg\" \/>\n\t<meta property=\"og:image:width\" content=\"231\" \/>\n\t<meta property=\"og:image:height\" content=\"258\" \/>\n\t<meta property=\"og:image:type\" content=\"image\/jpeg\" \/>\n<meta name=\"author\" content=\"webdo.tn\" \/>\n<meta name=\"twitter:card\" content=\"summary_large_image\" \/>\n<meta name=\"twitter:creator\" content=\"@webdo_tn\" \/>\n<meta name=\"twitter:site\" content=\"@webdo_tn\" \/>\n<meta name=\"twitter:label1\" content=\"\u00c9crit par\" \/>\n\t<meta name=\"twitter:data1\" content=\"webdo.tn\" \/>\n\t<meta name=\"twitter:label2\" content=\"Dur\u00e9e de lecture estim\u00e9e\" \/>\n\t<meta name=\"twitter:data2\" content=\"3 minutes\" \/>\n<script type=\"application\/ld+json\" class=\"yoast-schema-graph\">{\"@context\":\"https:\\\/\\\/schema.org\",\"@graph\":[{\"@type\":\"NewsArticle\",\"@id\":\"https:\\\/\\\/www.webdo.tn\\\/fr\\\/actualite\\\/national-45\\\/a-la-demande-d-un-imam-des-salafistes-saccagent-le-local-du-pcot-a-kabaria\\\/171995\\\/#article\",\"isPartOf\":{\"@id\":\"https:\\\/\\\/www.webdo.tn\\\/fr\\\/actualite\\\/national-45\\\/a-la-demande-d-un-imam-des-salafistes-saccagent-le-local-du-pcot-a-kabaria\\\/171995\\\/\"},\"author\":{\"name\":\"webdo.tn\",\"@id\":\"https:\\\/\\\/www.webdo.tn\\\/fr\\\/#\\\/schema\\\/person\\\/9a9c6118d687c117df8ef3cc36a4d175\"},\"headline\":\"\u00c0 la demande d\u2019un Imam, des salafistes saccagent le local du Pcot \u00e0 Kabaria ?\",\"datePublished\":\"2012-04-30T11:55:00+00:00\",\"mainEntityOfPage\":{\"@id\":\"https:\\\/\\\/www.webdo.tn\\\/fr\\\/actualite\\\/national-45\\\/a-la-demande-d-un-imam-des-salafistes-saccagent-le-local-du-pcot-a-kabaria\\\/171995\\\/\"},\"wordCount\":646,\"commentCount\":0,\"publisher\":{\"@id\":\"https:\\\/\\\/www.webdo.tn\\\/fr\\\/#organization\"},\"image\":{\"@id\":\"https:\\\/\\\/www.webdo.tn\\\/fr\\\/actualite\\\/national-45\\\/a-la-demande-d-un-imam-des-salafistes-saccagent-le-local-du-pcot-a-kabaria\\\/171995\\\/#primaryimage\"},\"thumbnailUrl\":\"https:\\\/\\\/www.webdo.tn\\\/fr\\\/wp-content\\\/uploads\\\/2012\\\/04\\\/Parti-communiste-des-ouvriers-de-Tunisie.jpg\",\"keywords\":[\"guerre\"],\"articleSection\":[\"National\"],\"inLanguage\":\"fr-FR\"},{\"@type\":\"WebPage\",\"@id\":\"https:\\\/\\\/www.webdo.tn\\\/fr\\\/actualite\\\/national-45\\\/a-la-demande-d-un-imam-des-salafistes-saccagent-le-local-du-pcot-a-kabaria\\\/171995\\\/\",\"url\":\"https:\\\/\\\/www.webdo.tn\\\/fr\\\/actualite\\\/national-45\\\/a-la-demande-d-un-imam-des-salafistes-saccagent-le-local-du-pcot-a-kabaria\\\/171995\\\/\",\"name\":\"\u00c0 la demande d\u2019un Imam, des salafistes saccagent le local du Pcot \u00e0 Kabaria ?\",\"isPartOf\":{\"@id\":\"https:\\\/\\\/www.webdo.tn\\\/fr\\\/#website\"},\"primaryImageOfPage\":{\"@id\":\"https:\\\/\\\/www.webdo.tn\\\/fr\\\/actualite\\\/national-45\\\/a-la-demande-d-un-imam-des-salafistes-saccagent-le-local-du-pcot-a-kabaria\\\/171995\\\/#primaryimage\"},\"image\":{\"@id\":\"https:\\\/\\\/www.webdo.tn\\\/fr\\\/actualite\\\/national-45\\\/a-la-demande-d-un-imam-des-salafistes-saccagent-le-local-du-pcot-a-kabaria\\\/171995\\\/#primaryimage\"},\"thumbnailUrl\":\"https:\\\/\\\/www.webdo.tn\\\/fr\\\/wp-content\\\/uploads\\\/2012\\\/04\\\/Parti-communiste-des-ouvriers-de-Tunisie.jpg\",\"datePublished\":\"2012-04-30T11:55:00+00:00\",\"description\":\"\u00c0 la demande d\u2019un Imam, des salafistes saccagent le local du Pcot \u00e0 Kabaria ?\",\"breadcrumb\":{\"@id\":\"https:\\\/\\\/www.webdo.tn\\\/fr\\\/actualite\\\/national-45\\\/a-la-demande-d-un-imam-des-salafistes-saccagent-le-local-du-pcot-a-kabaria\\\/171995\\\/#breadcrumb\"},\"inLanguage\":\"fr-FR\",\"potentialAction\":[{\"@type\":\"ReadAction\",\"target\":[\"https:\\\/\\\/www.webdo.tn\\\/fr\\\/actualite\\\/national-45\\\/a-la-demande-d-un-imam-des-salafistes-saccagent-le-local-du-pcot-a-kabaria\\\/171995\\\/\"]}]},{\"@type\":\"ImageObject\",\"inLanguage\":\"fr-FR\",\"@id\":\"https:\\\/\\\/www.webdo.tn\\\/fr\\\/actualite\\\/national-45\\\/a-la-demande-d-un-imam-des-salafistes-saccagent-le-local-du-pcot-a-kabaria\\\/171995\\\/#primaryimage\",\"url\":\"https:\\\/\\\/www.webdo.tn\\\/fr\\\/wp-content\\\/uploads\\\/2012\\\/04\\\/Parti-communiste-des-ouvriers-de-Tunisie.jpg\",\"contentUrl\":\"https:\\\/\\\/www.webdo.tn\\\/fr\\\/wp-content\\\/uploads\\\/2012\\\/04\\\/Parti-communiste-des-ouvriers-de-Tunisie.jpg\",\"width\":231,\"height\":258,\"caption\":\"\u00c0 la demande d\u2019un Imam, des salafistes saccagent le local du Pcot \u00e0 Kabaria ?\"},{\"@type\":\"BreadcrumbList\",\"@id\":\"https:\\\/\\\/www.webdo.tn\\\/fr\\\/actualite\\\/national-45\\\/a-la-demande-d-un-imam-des-salafistes-saccagent-le-local-du-pcot-a-kabaria\\\/171995\\\/#breadcrumb\",\"itemListElement\":[{\"@type\":\"ListItem\",\"position\":1,\"name\":\"Accueil\",\"item\":\"https:\\\/\\\/www.webdo.tn\\\/fr\\\/\"},{\"@type\":\"ListItem\",\"position\":2,\"name\":\"\u00c0 la demande d\u2019un Imam, des salafistes saccagent le local du Pcot \u00e0 Kabaria ?\"}]},{\"@type\":\"WebSite\",\"@id\":\"https:\\\/\\\/www.webdo.tn\\\/fr\\\/#website\",\"url\":\"https:\\\/\\\/www.webdo.tn\\\/fr\\\/\",\"name\":\"webdo\",\"description\":\"Tunisie - News en Tunisie et \u00e0 l&#039;international sur Webdo.tn\",\"publisher\":{\"@id\":\"https:\\\/\\\/www.webdo.tn\\\/fr\\\/#organization\"},\"potentialAction\":[{\"@type\":\"SearchAction\",\"target\":{\"@type\":\"EntryPoint\",\"urlTemplate\":\"https:\\\/\\\/www.webdo.tn\\\/fr\\\/?s={search_term_string}\"},\"query-input\":{\"@type\":\"PropertyValueSpecification\",\"valueRequired\":true,\"valueName\":\"search_term_string\"}}],\"inLanguage\":\"fr-FR\"},{\"@type\":\"Organization\",\"@id\":\"https:\\\/\\\/www.webdo.tn\\\/fr\\\/#organization\",\"name\":\"Webdo\",\"alternateName\":\"Webdo.tn\",\"url\":\"https:\\\/\\\/www.webdo.tn\\\/fr\\\/\",\"logo\":{\"@type\":\"ImageObject\",\"inLanguage\":\"fr-FR\",\"@id\":\"https:\\\/\\\/www.webdo.tn\\\/fr\\\/#\\\/schema\\\/logo\\\/image\\\/\",\"url\":\"https:\\\/\\\/www.webdo.tn\\\/fr\\\/wp-content\\\/uploads\\\/2025\\\/06\\\/Webdo-Tunisie_168377.jpg\",\"contentUrl\":\"https:\\\/\\\/www.webdo.tn\\\/fr\\\/wp-content\\\/uploads\\\/2025\\\/06\\\/Webdo-Tunisie_168377.jpg\",\"width\":301,\"height\":301,\"caption\":\"Webdo\"},\"image\":{\"@id\":\"https:\\\/\\\/www.webdo.tn\\\/fr\\\/#\\\/schema\\\/logo\\\/image\\\/\"},\"sameAs\":[\"https:\\\/\\\/www.facebook.com\\\/webdotn\",\"https:\\\/\\\/x.com\\\/webdo_tn\"],\"description\":\"Webdo est un m\u00e9dia num\u00e9rique tunisien fond\u00e9 en 2010, sp\u00e9cialis\u00e9 dans l\u2019actualit\u00e9 nationale et internationale, l\u2019\u00e9conomie, la soci\u00e9t\u00e9 et les analyses politiques. Le site s\u2019adresse \u00e0 un large public francophone et couvre l\u2019information tunisienne en temps r\u00e9el.\",\"email\":\"redac@webdo.tn\",\"legalName\":\"YNJ SARL\",\"foundingDate\":\"2010-09-06\",\"numberOfEmployees\":{\"@type\":\"QuantitativeValue\",\"minValue\":\"11\",\"maxValue\":\"50\"}},{\"@type\":\"Person\",\"@id\":\"https:\\\/\\\/www.webdo.tn\\\/fr\\\/#\\\/schema\\\/person\\\/9a9c6118d687c117df8ef3cc36a4d175\",\"name\":\"webdo.tn\",\"image\":{\"@type\":\"ImageObject\",\"inLanguage\":\"fr-FR\",\"@id\":\"https:\\\/\\\/secure.gravatar.com\\\/avatar\\\/7ce1f28c0c3bbac99ff550b85ef8e44a6950c6ee24514fb6a5489e51d06f0298?s=96&d=mm&r=g\",\"url\":\"https:\\\/\\\/secure.gravatar.com\\\/avatar\\\/7ce1f28c0c3bbac99ff550b85ef8e44a6950c6ee24514fb6a5489e51d06f0298?s=96&d=mm&r=g\",\"contentUrl\":\"https:\\\/\\\/secure.gravatar.com\\\/avatar\\\/7ce1f28c0c3bbac99ff550b85ef8e44a6950c6ee24514fb6a5489e51d06f0298?s=96&d=mm&r=g\",\"caption\":\"webdo.tn\"},\"url\":\"https:\\\/\\\/www.webdo.tn\\\/fr\\\/actualite\\\/author\\\/webdotn\\\/\"}]}<\/script>\n<!-- \/ Yoast SEO Premium plugin. -->","yoast_head_json":{"title":"\u00c0 la demande d\u2019un Imam, des salafistes saccagent le local du Pcot \u00e0 Kabaria ?","description":"\u00c0 la demande d\u2019un Imam, des salafistes saccagent le local du Pcot \u00e0 Kabaria ?","canonical":"https:\/\/www.webdo.tn\/fr\/actualite\/national-45\/a-la-demande-d-un-imam-des-salafistes-saccagent-le-local-du-pcot-a-kabaria\/171995\/","og_locale":"fr_FR","og_type":"article","og_title":"\u00c0 la demande d\u2019un Imam, des salafistes saccagent le local du Pcot \u00e0 Kabaria ?","og_description":"\u00c0 la demande d\u2019un Imam, des salafistes saccagent le local du Pcot \u00e0 Kabaria ?","og_url":"https:\/\/www.webdo.tn\/fr\/actualite\/national-45\/a-la-demande-d-un-imam-des-salafistes-saccagent-le-local-du-pcot-a-kabaria\/171995\/","og_site_name":"webdo","article_publisher":"https:\/\/www.facebook.com\/webdotn","article_published_time":"2012-04-30T11:55:00+00:00","og_image":[{"width":231,"height":258,"url":"https:\/\/www.webdo.tn\/fr\/wp-content\/uploads\/2012\/04\/Parti-communiste-des-ouvriers-de-Tunisie.jpg","type":"image\/jpeg"}],"author":"webdo.tn","twitter_card":"summary_large_image","twitter_creator":"@webdo_tn","twitter_site":"@webdo_tn","twitter_misc":{"\u00c9crit par":"webdo.tn","Dur\u00e9e de lecture estim\u00e9e":"3 minutes"},"schema":{"@context":"https:\/\/schema.org","@graph":[{"@type":"NewsArticle","@id":"https:\/\/www.webdo.tn\/fr\/actualite\/national-45\/a-la-demande-d-un-imam-des-salafistes-saccagent-le-local-du-pcot-a-kabaria\/171995\/#article","isPartOf":{"@id":"https:\/\/www.webdo.tn\/fr\/actualite\/national-45\/a-la-demande-d-un-imam-des-salafistes-saccagent-le-local-du-pcot-a-kabaria\/171995\/"},"author":{"name":"webdo.tn","@id":"https:\/\/www.webdo.tn\/fr\/#\/schema\/person\/9a9c6118d687c117df8ef3cc36a4d175"},"headline":"\u00c0 la demande d\u2019un Imam, des salafistes saccagent le local du Pcot \u00e0 Kabaria ?","datePublished":"2012-04-30T11:55:00+00:00","mainEntityOfPage":{"@id":"https:\/\/www.webdo.tn\/fr\/actualite\/national-45\/a-la-demande-d-un-imam-des-salafistes-saccagent-le-local-du-pcot-a-kabaria\/171995\/"},"wordCount":646,"commentCount":0,"publisher":{"@id":"https:\/\/www.webdo.tn\/fr\/#organization"},"image":{"@id":"https:\/\/www.webdo.tn\/fr\/actualite\/national-45\/a-la-demande-d-un-imam-des-salafistes-saccagent-le-local-du-pcot-a-kabaria\/171995\/#primaryimage"},"thumbnailUrl":"https:\/\/www.webdo.tn\/fr\/wp-content\/uploads\/2012\/04\/Parti-communiste-des-ouvriers-de-Tunisie.jpg","keywords":["guerre"],"articleSection":["National"],"inLanguage":"fr-FR"},{"@type":"WebPage","@id":"https:\/\/www.webdo.tn\/fr\/actualite\/national-45\/a-la-demande-d-un-imam-des-salafistes-saccagent-le-local-du-pcot-a-kabaria\/171995\/","url":"https:\/\/www.webdo.tn\/fr\/actualite\/national-45\/a-la-demande-d-un-imam-des-salafistes-saccagent-le-local-du-pcot-a-kabaria\/171995\/","name":"\u00c0 la demande d\u2019un Imam, des salafistes saccagent le local du Pcot \u00e0 Kabaria ?","isPartOf":{"@id":"https:\/\/www.webdo.tn\/fr\/#website"},"primaryImageOfPage":{"@id":"https:\/\/www.webdo.tn\/fr\/actualite\/national-45\/a-la-demande-d-un-imam-des-salafistes-saccagent-le-local-du-pcot-a-kabaria\/171995\/#primaryimage"},"image":{"@id":"https:\/\/www.webdo.tn\/fr\/actualite\/national-45\/a-la-demande-d-un-imam-des-salafistes-saccagent-le-local-du-pcot-a-kabaria\/171995\/#primaryimage"},"thumbnailUrl":"https:\/\/www.webdo.tn\/fr\/wp-content\/uploads\/2012\/04\/Parti-communiste-des-ouvriers-de-Tunisie.jpg","datePublished":"2012-04-30T11:55:00+00:00","description":"\u00c0 la demande d\u2019un Imam, des salafistes saccagent le local du Pcot \u00e0 Kabaria ?","breadcrumb":{"@id":"https:\/\/www.webdo.tn\/fr\/actualite\/national-45\/a-la-demande-d-un-imam-des-salafistes-saccagent-le-local-du-pcot-a-kabaria\/171995\/#breadcrumb"},"inLanguage":"fr-FR","potentialAction":[{"@type":"ReadAction","target":["https:\/\/www.webdo.tn\/fr\/actualite\/national-45\/a-la-demande-d-un-imam-des-salafistes-saccagent-le-local-du-pcot-a-kabaria\/171995\/"]}]},{"@type":"ImageObject","inLanguage":"fr-FR","@id":"https:\/\/www.webdo.tn\/fr\/actualite\/national-45\/a-la-demande-d-un-imam-des-salafistes-saccagent-le-local-du-pcot-a-kabaria\/171995\/#primaryimage","url":"https:\/\/www.webdo.tn\/fr\/wp-content\/uploads\/2012\/04\/Parti-communiste-des-ouvriers-de-Tunisie.jpg","contentUrl":"https:\/\/www.webdo.tn\/fr\/wp-content\/uploads\/2012\/04\/Parti-communiste-des-ouvriers-de-Tunisie.jpg","width":231,"height":258,"caption":"\u00c0 la demande d\u2019un Imam, des salafistes saccagent le local du Pcot \u00e0 Kabaria ?"},{"@type":"BreadcrumbList","@id":"https:\/\/www.webdo.tn\/fr\/actualite\/national-45\/a-la-demande-d-un-imam-des-salafistes-saccagent-le-local-du-pcot-a-kabaria\/171995\/#breadcrumb","itemListElement":[{"@type":"ListItem","position":1,"name":"Accueil","item":"https:\/\/www.webdo.tn\/fr\/"},{"@type":"ListItem","position":2,"name":"\u00c0 la demande d\u2019un Imam, des salafistes saccagent le local du Pcot \u00e0 Kabaria ?"}]},{"@type":"WebSite","@id":"https:\/\/www.webdo.tn\/fr\/#website","url":"https:\/\/www.webdo.tn\/fr\/","name":"webdo","description":"Tunisie - News en Tunisie et \u00e0 l&#039;international sur Webdo.tn","publisher":{"@id":"https:\/\/www.webdo.tn\/fr\/#organization"},"potentialAction":[{"@type":"SearchAction","target":{"@type":"EntryPoint","urlTemplate":"https:\/\/www.webdo.tn\/fr\/?s={search_term_string}"},"query-input":{"@type":"PropertyValueSpecification","valueRequired":true,"valueName":"search_term_string"}}],"inLanguage":"fr-FR"},{"@type":"Organization","@id":"https:\/\/www.webdo.tn\/fr\/#organization","name":"Webdo","alternateName":"Webdo.tn","url":"https:\/\/www.webdo.tn\/fr\/","logo":{"@type":"ImageObject","inLanguage":"fr-FR","@id":"https:\/\/www.webdo.tn\/fr\/#\/schema\/logo\/image\/","url":"https:\/\/www.webdo.tn\/fr\/wp-content\/uploads\/2025\/06\/Webdo-Tunisie_168377.jpg","contentUrl":"https:\/\/www.webdo.tn\/fr\/wp-content\/uploads\/2025\/06\/Webdo-Tunisie_168377.jpg","width":301,"height":301,"caption":"Webdo"},"image":{"@id":"https:\/\/www.webdo.tn\/fr\/#\/schema\/logo\/image\/"},"sameAs":["https:\/\/www.facebook.com\/webdotn","https:\/\/x.com\/webdo_tn"],"description":"Webdo est un m\u00e9dia num\u00e9rique tunisien fond\u00e9 en 2010, sp\u00e9cialis\u00e9 dans l\u2019actualit\u00e9 nationale et internationale, l\u2019\u00e9conomie, la soci\u00e9t\u00e9 et les analyses politiques. Le site s\u2019adresse \u00e0 un large public francophone et couvre l\u2019information tunisienne en temps r\u00e9el.","email":"redac@webdo.tn","legalName":"YNJ SARL","foundingDate":"2010-09-06","numberOfEmployees":{"@type":"QuantitativeValue","minValue":"11","maxValue":"50"}},{"@type":"Person","@id":"https:\/\/www.webdo.tn\/fr\/#\/schema\/person\/9a9c6118d687c117df8ef3cc36a4d175","name":"webdo.tn","image":{"@type":"ImageObject","inLanguage":"fr-FR","@id":"https:\/\/secure.gravatar.com\/avatar\/7ce1f28c0c3bbac99ff550b85ef8e44a6950c6ee24514fb6a5489e51d06f0298?s=96&d=mm&r=g","url":"https:\/\/secure.gravatar.com\/avatar\/7ce1f28c0c3bbac99ff550b85ef8e44a6950c6ee24514fb6a5489e51d06f0298?s=96&d=mm&r=g","contentUrl":"https:\/\/secure.gravatar.com\/avatar\/7ce1f28c0c3bbac99ff550b85ef8e44a6950c6ee24514fb6a5489e51d06f0298?s=96&d=mm&r=g","caption":"webdo.tn"},"url":"https:\/\/www.webdo.tn\/fr\/actualite\/author\/webdotn\/"}]}},"_links":{"self":[{"href":"https:\/\/www.webdo.tn\/fr\/wp-json\/wp\/v2\/posts\/171995","targetHints":{"allow":["GET"]}}],"collection":[{"href":"https:\/\/www.webdo.tn\/fr\/wp-json\/wp\/v2\/posts"}],"about":[{"href":"https:\/\/www.webdo.tn\/fr\/wp-json\/wp\/v2\/types\/post"}],"author":[{"embeddable":true,"href":"https:\/\/www.webdo.tn\/fr\/wp-json\/wp\/v2\/users\/3222"}],"replies":[{"embeddable":true,"href":"https:\/\/www.webdo.tn\/fr\/wp-json\/wp\/v2\/comments?post=171995"}],"version-history":[{"count":0,"href":"https:\/\/www.webdo.tn\/fr\/wp-json\/wp\/v2\/posts\/171995\/revisions"}],"wp:featuredmedia":[{"embeddable":true,"href":"https:\/\/www.webdo.tn\/fr\/wp-json\/wp\/v2\/media\/333609"}],"wp:attachment":[{"href":"https:\/\/www.webdo.tn\/fr\/wp-json\/wp\/v2\/media?parent=171995"}],"wp:term":[{"taxonomy":"category","embeddable":true,"href":"https:\/\/www.webdo.tn\/fr\/wp-json\/wp\/v2\/categories?post=171995"},{"taxonomy":"post_tag","embeddable":true,"href":"https:\/\/www.webdo.tn\/fr\/wp-json\/wp\/v2\/tags?post=171995"}],"curies":[{"name":"wp","href":"https:\/\/api.w.org\/{rel}","templated":true}]}}