{"id":171993,"date":"2012-05-01T19:37:00","date_gmt":"2012-05-01T19:37:00","guid":{"rendered":"https:\/\/www.webdo.tn\/fr\/blog\/1er-mai-la-fete-etait-totale\/171993\/"},"modified":"2012-05-01T19:37:00","modified_gmt":"2012-05-01T19:37:00","slug":"1er-mai-la-fete-etait-totale","status":"publish","type":"post","link":"https:\/\/www.webdo.tn\/fr\/actualite\/national\/1er-mai-la-fete-etait-totale\/171993\/","title":{"rendered":"1er mai : la f\u00eate \u00e9tait totale !"},"content":{"rendered":"<p>Annonc\u00e9 depuis quelques jours par l&rsquo;UGTT, la manifestation du 1er mai, c\u00e9l\u00e9brant le jour du travail, s&rsquo;est d\u00e9roul\u00e9e sans encombre. Entam\u00e9e vers 10h, \u00e0 partir du si\u00e8ge de l&rsquo;UGTT \u00e0 la place Mohamed Ali, la manifestation a r\u00e9uni plusieurs syndicats, \u00e0 l&rsquo;instar des forces ouvri\u00e8res ou de la CGT.<\/p>\n<p>Plusieurs slogans ont \u00e9t\u00e9 lev\u00e9s par les manifestants dont notamment des messages appelant \u00e0 l&rsquo;unit\u00e9 pour b\u00e2tir ensemble la nouvelle Tunisie ou d\u2019autres tels que \u00ab\u00a0La dignit\u00e9 pour tous les ouvriers\u00a0\u00bb, \u00ab\u00a0Vive la Tunisie, vive les ouvriers\u00a0\u00bb. Des posters de Farhat Hachad garnissaient, \u00e9videmment, la manifestation.<\/p>\n<p>Vers midi, la manifestation est arriv\u00e9e \u00e0 l&rsquo;Avenue Habib Bourguiba, devant le minist\u00e8re de l&rsquo;Int\u00e9rieur. Ali La\u00e2reyedh est m\u00eame descendu dans la rue, selon Mosaique FM, pour participer \u00e0 cette f\u00eate tout en saluant les agents de police, sur place. A la radio priv\u00e9e, il a souhait\u00e9 une bonne f\u00eate \u00e0 tous les Tunisiens et s&rsquo;est f\u00e9licit\u00e9 que celle-ci se passe dans de des bonnes conditions dans lesquelles se passe la manifestation.<\/p>\n<p>Plusieurs autres figures politiques ont \u00e9t\u00e9 pr\u00e9sentes \u00e0 cette f\u00eate, comme Maya Jribi, Khemaies Ksila, Ahmed Brahim, Abdelwaheb Hani, ainsi que des repr\u00e9sentants d&rsquo;Ennahdha qui ont tenu \u00e0 participer \u00e0 cette grande c\u00e9l\u00e9bration.<\/p>\n<p>Parall\u00e8lement \u00e0 la manifestation de l&rsquo;UGTT, l&rsquo;UTT a, de son c\u00f4t\u00e9 aussi, organis\u00e9 une marche pour c\u00e9l\u00e9brer la f\u00eate du travail. Une marche qui a conduit ses participants de l&rsquo;Avenue de Ghana jusqu&rsquo;au Palais des Congr\u00e8s, \u00e0 l&rsquo;Avenue Mohamed 5. Au micro de Mosaique, Hassen Kanzari, secr\u00e9taire g\u00e9n\u00e9ral adjoint de l&rsquo;UTT, a exprim\u00e9 sa satisfaction que la Tunisie comporte d\u00e9sormais vrai pluralisme syndical.<\/p>\n<p>Seule ombre au tableau, aujourd&rsquo;hui, c&rsquo;est la tentative d&rsquo;agression sur l&rsquo;avenue Habib Bourguiba d&rsquo;une \u00e9quipe de journalistes de la chaine Nessma TV, d&rsquo;apr\u00e8s Shems FM, par des citoyens. Heureusement, les journalistes de la chaine maghr\u00e9bine ont \u00e9t\u00e9 rapidement prot\u00e9g\u00e9s par les forces de l&rsquo;ordre, \u00e9vitant ainsi un grabuge inutile alors que tout se passait bien jusque-l\u00e0.<\/p>\n","protected":false},"excerpt":{"rendered":"<p>1er mai : la f\u00eate \u00e9tait totale !<\/p>\n","protected":false},"author":3222,"featured_media":333610,"comment_status":"open","ping_status":"closed","sticky":false,"template":"","format":"standard","meta":{"footnotes":""},"categories":[44],"tags":[2600],"class_list":["post-171993","post","type-post","status-publish","format-standard","has-post-thumbnail","hentry","category-national","tag-guerre"],"yoast_head":"<!-- This site is optimized with the Yoast SEO Premium plugin v27.5 (Yoast SEO v27.5) - https:\/\/yoast.com\/product\/yoast-seo-premium-wordpress\/ -->\n<title>1er mai : la f\u00eate \u00e9tait totale !<\/title>\n<meta name=\"description\" content=\"1er mai : la f\u00eate \u00e9tait totale !\" \/>\n<link rel=\"canonical\" href=\"https:\/\/www.webdo.tn\/fr\/actualite\/national-45\/1er-mai-la-fete-etait-totale\/171993\/\" \/>\n<meta property=\"og:locale\" content=\"fr_FR\" \/>\n<meta property=\"og:type\" content=\"article\" \/>\n<meta property=\"og:title\" content=\"1er mai : la f\u00eate \u00e9tait totale !\" \/>\n<meta property=\"og:description\" content=\"1er mai : la f\u00eate \u00e9tait totale !\" \/>\n<meta property=\"og:url\" content=\"https:\/\/www.webdo.tn\/fr\/actualite\/national-45\/1er-mai-la-fete-etait-totale\/171993\/\" \/>\n<meta property=\"og:site_name\" content=\"webdo\" \/>\n<meta property=\"article:publisher\" content=\"https:\/\/www.facebook.com\/webdotn\" \/>\n<meta property=\"article:published_time\" content=\"2012-05-01T19:37:00+00:00\" \/>\n<meta property=\"og:image\" content=\"https:\/\/www.webdo.tn\/fr\/wp-content\/uploads\/2012\/05\/aza-300x225-1.jpg\" \/>\n\t<meta property=\"og:image:width\" content=\"300\" \/>\n\t<meta property=\"og:image:height\" content=\"225\" \/>\n\t<meta property=\"og:image:type\" content=\"image\/jpeg\" \/>\n<meta name=\"author\" content=\"webdo.tn\" \/>\n<meta name=\"twitter:card\" content=\"summary_large_image\" \/>\n<meta name=\"twitter:creator\" content=\"@webdo_tn\" \/>\n<meta name=\"twitter:site\" content=\"@webdo_tn\" \/>\n<meta name=\"twitter:label1\" content=\"\u00c9crit par\" \/>\n\t<meta name=\"twitter:data1\" content=\"webdo.tn\" \/>\n\t<meta name=\"twitter:label2\" content=\"Dur\u00e9e de lecture estim\u00e9e\" \/>\n\t<meta name=\"twitter:data2\" content=\"2 minutes\" \/>\n<script type=\"application\/ld+json\" class=\"yoast-schema-graph\">{\"@context\":\"https:\\\/\\\/schema.org\",\"@graph\":[{\"@type\":\"NewsArticle\",\"@id\":\"https:\\\/\\\/www.webdo.tn\\\/fr\\\/actualite\\\/national-45\\\/1er-mai-la-fete-etait-totale\\\/171993\\\/#article\",\"isPartOf\":{\"@id\":\"https:\\\/\\\/www.webdo.tn\\\/fr\\\/actualite\\\/national-45\\\/1er-mai-la-fete-etait-totale\\\/171993\\\/\"},\"author\":{\"name\":\"webdo.tn\",\"@id\":\"https:\\\/\\\/www.webdo.tn\\\/fr\\\/#\\\/schema\\\/person\\\/9a9c6118d687c117df8ef3cc36a4d175\"},\"headline\":\"1er mai : la f\u00eate \u00e9tait totale !\",\"datePublished\":\"2012-05-01T19:37:00+00:00\",\"mainEntityOfPage\":{\"@id\":\"https:\\\/\\\/www.webdo.tn\\\/fr\\\/actualite\\\/national-45\\\/1er-mai-la-fete-etait-totale\\\/171993\\\/\"},\"wordCount\":374,\"commentCount\":0,\"publisher\":{\"@id\":\"https:\\\/\\\/www.webdo.tn\\\/fr\\\/#organization\"},\"image\":{\"@id\":\"https:\\\/\\\/www.webdo.tn\\\/fr\\\/actualite\\\/national-45\\\/1er-mai-la-fete-etait-totale\\\/171993\\\/#primaryimage\"},\"thumbnailUrl\":\"https:\\\/\\\/www.webdo.tn\\\/fr\\\/wp-content\\\/uploads\\\/2012\\\/05\\\/aza-300x225-1.jpg\",\"keywords\":[\"guerre\"],\"articleSection\":[\"National\"],\"inLanguage\":\"fr-FR\"},{\"@type\":\"WebPage\",\"@id\":\"https:\\\/\\\/www.webdo.tn\\\/fr\\\/actualite\\\/national-45\\\/1er-mai-la-fete-etait-totale\\\/171993\\\/\",\"url\":\"https:\\\/\\\/www.webdo.tn\\\/fr\\\/actualite\\\/national-45\\\/1er-mai-la-fete-etait-totale\\\/171993\\\/\",\"name\":\"1er mai : la f\u00eate \u00e9tait totale !\",\"isPartOf\":{\"@id\":\"https:\\\/\\\/www.webdo.tn\\\/fr\\\/#website\"},\"primaryImageOfPage\":{\"@id\":\"https:\\\/\\\/www.webdo.tn\\\/fr\\\/actualite\\\/national-45\\\/1er-mai-la-fete-etait-totale\\\/171993\\\/#primaryimage\"},\"image\":{\"@id\":\"https:\\\/\\\/www.webdo.tn\\\/fr\\\/actualite\\\/national-45\\\/1er-mai-la-fete-etait-totale\\\/171993\\\/#primaryimage\"},\"thumbnailUrl\":\"https:\\\/\\\/www.webdo.tn\\\/fr\\\/wp-content\\\/uploads\\\/2012\\\/05\\\/aza-300x225-1.jpg\",\"datePublished\":\"2012-05-01T19:37:00+00:00\",\"description\":\"1er mai : la f\u00eate \u00e9tait totale !\",\"breadcrumb\":{\"@id\":\"https:\\\/\\\/www.webdo.tn\\\/fr\\\/actualite\\\/national-45\\\/1er-mai-la-fete-etait-totale\\\/171993\\\/#breadcrumb\"},\"inLanguage\":\"fr-FR\",\"potentialAction\":[{\"@type\":\"ReadAction\",\"target\":[\"https:\\\/\\\/www.webdo.tn\\\/fr\\\/actualite\\\/national-45\\\/1er-mai-la-fete-etait-totale\\\/171993\\\/\"]}]},{\"@type\":\"ImageObject\",\"inLanguage\":\"fr-FR\",\"@id\":\"https:\\\/\\\/www.webdo.tn\\\/fr\\\/actualite\\\/national-45\\\/1er-mai-la-fete-etait-totale\\\/171993\\\/#primaryimage\",\"url\":\"https:\\\/\\\/www.webdo.tn\\\/fr\\\/wp-content\\\/uploads\\\/2012\\\/05\\\/aza-300x225-1.jpg\",\"contentUrl\":\"https:\\\/\\\/www.webdo.tn\\\/fr\\\/wp-content\\\/uploads\\\/2012\\\/05\\\/aza-300x225-1.jpg\",\"width\":300,\"height\":225,\"caption\":\"1er mai : la f\u00eate \u00e9tait totale !\"},{\"@type\":\"BreadcrumbList\",\"@id\":\"https:\\\/\\\/www.webdo.tn\\\/fr\\\/actualite\\\/national-45\\\/1er-mai-la-fete-etait-totale\\\/171993\\\/#breadcrumb\",\"itemListElement\":[{\"@type\":\"ListItem\",\"position\":1,\"name\":\"Accueil\",\"item\":\"https:\\\/\\\/www.webdo.tn\\\/fr\\\/\"},{\"@type\":\"ListItem\",\"position\":2,\"name\":\"1er mai : la f\u00eate \u00e9tait totale !\"}]},{\"@type\":\"WebSite\",\"@id\":\"https:\\\/\\\/www.webdo.tn\\\/fr\\\/#website\",\"url\":\"https:\\\/\\\/www.webdo.tn\\\/fr\\\/\",\"name\":\"webdo\",\"description\":\"Tunisie - News en Tunisie et \u00e0 l&#039;international sur Webdo.tn\",\"publisher\":{\"@id\":\"https:\\\/\\\/www.webdo.tn\\\/fr\\\/#organization\"},\"potentialAction\":[{\"@type\":\"SearchAction\",\"target\":{\"@type\":\"EntryPoint\",\"urlTemplate\":\"https:\\\/\\\/www.webdo.tn\\\/fr\\\/?s={search_term_string}\"},\"query-input\":{\"@type\":\"PropertyValueSpecification\",\"valueRequired\":true,\"valueName\":\"search_term_string\"}}],\"inLanguage\":\"fr-FR\"},{\"@type\":\"Organization\",\"@id\":\"https:\\\/\\\/www.webdo.tn\\\/fr\\\/#organization\",\"name\":\"Webdo\",\"alternateName\":\"Webdo.tn\",\"url\":\"https:\\\/\\\/www.webdo.tn\\\/fr\\\/\",\"logo\":{\"@type\":\"ImageObject\",\"inLanguage\":\"fr-FR\",\"@id\":\"https:\\\/\\\/www.webdo.tn\\\/fr\\\/#\\\/schema\\\/logo\\\/image\\\/\",\"url\":\"https:\\\/\\\/www.webdo.tn\\\/fr\\\/wp-content\\\/uploads\\\/2025\\\/06\\\/Webdo-Tunisie_168377.jpg\",\"contentUrl\":\"https:\\\/\\\/www.webdo.tn\\\/fr\\\/wp-content\\\/uploads\\\/2025\\\/06\\\/Webdo-Tunisie_168377.jpg\",\"width\":301,\"height\":301,\"caption\":\"Webdo\"},\"image\":{\"@id\":\"https:\\\/\\\/www.webdo.tn\\\/fr\\\/#\\\/schema\\\/logo\\\/image\\\/\"},\"sameAs\":[\"https:\\\/\\\/www.facebook.com\\\/webdotn\",\"https:\\\/\\\/x.com\\\/webdo_tn\"],\"description\":\"Webdo est un m\u00e9dia num\u00e9rique tunisien fond\u00e9 en 2010, sp\u00e9cialis\u00e9 dans l\u2019actualit\u00e9 nationale et internationale, l\u2019\u00e9conomie, la soci\u00e9t\u00e9 et les analyses politiques. Le site s\u2019adresse \u00e0 un large public francophone et couvre l\u2019information tunisienne en temps r\u00e9el.\",\"email\":\"redac@webdo.tn\",\"legalName\":\"YNJ SARL\",\"foundingDate\":\"2010-09-06\",\"numberOfEmployees\":{\"@type\":\"QuantitativeValue\",\"minValue\":\"11\",\"maxValue\":\"50\"}},{\"@type\":\"Person\",\"@id\":\"https:\\\/\\\/www.webdo.tn\\\/fr\\\/#\\\/schema\\\/person\\\/9a9c6118d687c117df8ef3cc36a4d175\",\"name\":\"webdo.tn\",\"image\":{\"@type\":\"ImageObject\",\"inLanguage\":\"fr-FR\",\"@id\":\"https:\\\/\\\/secure.gravatar.com\\\/avatar\\\/7ce1f28c0c3bbac99ff550b85ef8e44a6950c6ee24514fb6a5489e51d06f0298?s=96&d=mm&r=g\",\"url\":\"https:\\\/\\\/secure.gravatar.com\\\/avatar\\\/7ce1f28c0c3bbac99ff550b85ef8e44a6950c6ee24514fb6a5489e51d06f0298?s=96&d=mm&r=g\",\"contentUrl\":\"https:\\\/\\\/secure.gravatar.com\\\/avatar\\\/7ce1f28c0c3bbac99ff550b85ef8e44a6950c6ee24514fb6a5489e51d06f0298?s=96&d=mm&r=g\",\"caption\":\"webdo.tn\"},\"url\":\"https:\\\/\\\/www.webdo.tn\\\/fr\\\/actualite\\\/author\\\/webdotn\\\/\"}]}<\/script>\n<!-- \/ Yoast SEO Premium plugin. -->","yoast_head_json":{"title":"1er mai : la f\u00eate \u00e9tait totale !","description":"1er mai : la f\u00eate \u00e9tait totale !","canonical":"https:\/\/www.webdo.tn\/fr\/actualite\/national-45\/1er-mai-la-fete-etait-totale\/171993\/","og_locale":"fr_FR","og_type":"article","og_title":"1er mai : la f\u00eate \u00e9tait totale !","og_description":"1er mai : la f\u00eate \u00e9tait totale !","og_url":"https:\/\/www.webdo.tn\/fr\/actualite\/national-45\/1er-mai-la-fete-etait-totale\/171993\/","og_site_name":"webdo","article_publisher":"https:\/\/www.facebook.com\/webdotn","article_published_time":"2012-05-01T19:37:00+00:00","og_image":[{"width":300,"height":225,"url":"https:\/\/www.webdo.tn\/fr\/wp-content\/uploads\/2012\/05\/aza-300x225-1.jpg","type":"image\/jpeg"}],"author":"webdo.tn","twitter_card":"summary_large_image","twitter_creator":"@webdo_tn","twitter_site":"@webdo_tn","twitter_misc":{"\u00c9crit par":"webdo.tn","Dur\u00e9e de lecture estim\u00e9e":"2 minutes"},"schema":{"@context":"https:\/\/schema.org","@graph":[{"@type":"NewsArticle","@id":"https:\/\/www.webdo.tn\/fr\/actualite\/national-45\/1er-mai-la-fete-etait-totale\/171993\/#article","isPartOf":{"@id":"https:\/\/www.webdo.tn\/fr\/actualite\/national-45\/1er-mai-la-fete-etait-totale\/171993\/"},"author":{"name":"webdo.tn","@id":"https:\/\/www.webdo.tn\/fr\/#\/schema\/person\/9a9c6118d687c117df8ef3cc36a4d175"},"headline":"1er mai : la f\u00eate \u00e9tait totale !","datePublished":"2012-05-01T19:37:00+00:00","mainEntityOfPage":{"@id":"https:\/\/www.webdo.tn\/fr\/actualite\/national-45\/1er-mai-la-fete-etait-totale\/171993\/"},"wordCount":374,"commentCount":0,"publisher":{"@id":"https:\/\/www.webdo.tn\/fr\/#organization"},"image":{"@id":"https:\/\/www.webdo.tn\/fr\/actualite\/national-45\/1er-mai-la-fete-etait-totale\/171993\/#primaryimage"},"thumbnailUrl":"https:\/\/www.webdo.tn\/fr\/wp-content\/uploads\/2012\/05\/aza-300x225-1.jpg","keywords":["guerre"],"articleSection":["National"],"inLanguage":"fr-FR"},{"@type":"WebPage","@id":"https:\/\/www.webdo.tn\/fr\/actualite\/national-45\/1er-mai-la-fete-etait-totale\/171993\/","url":"https:\/\/www.webdo.tn\/fr\/actualite\/national-45\/1er-mai-la-fete-etait-totale\/171993\/","name":"1er mai : la f\u00eate \u00e9tait totale !","isPartOf":{"@id":"https:\/\/www.webdo.tn\/fr\/#website"},"primaryImageOfPage":{"@id":"https:\/\/www.webdo.tn\/fr\/actualite\/national-45\/1er-mai-la-fete-etait-totale\/171993\/#primaryimage"},"image":{"@id":"https:\/\/www.webdo.tn\/fr\/actualite\/national-45\/1er-mai-la-fete-etait-totale\/171993\/#primaryimage"},"thumbnailUrl":"https:\/\/www.webdo.tn\/fr\/wp-content\/uploads\/2012\/05\/aza-300x225-1.jpg","datePublished":"2012-05-01T19:37:00+00:00","description":"1er mai : la f\u00eate \u00e9tait totale !","breadcrumb":{"@id":"https:\/\/www.webdo.tn\/fr\/actualite\/national-45\/1er-mai-la-fete-etait-totale\/171993\/#breadcrumb"},"inLanguage":"fr-FR","potentialAction":[{"@type":"ReadAction","target":["https:\/\/www.webdo.tn\/fr\/actualite\/national-45\/1er-mai-la-fete-etait-totale\/171993\/"]}]},{"@type":"ImageObject","inLanguage":"fr-FR","@id":"https:\/\/www.webdo.tn\/fr\/actualite\/national-45\/1er-mai-la-fete-etait-totale\/171993\/#primaryimage","url":"https:\/\/www.webdo.tn\/fr\/wp-content\/uploads\/2012\/05\/aza-300x225-1.jpg","contentUrl":"https:\/\/www.webdo.tn\/fr\/wp-content\/uploads\/2012\/05\/aza-300x225-1.jpg","width":300,"height":225,"caption":"1er mai : la f\u00eate \u00e9tait totale !"},{"@type":"BreadcrumbList","@id":"https:\/\/www.webdo.tn\/fr\/actualite\/national-45\/1er-mai-la-fete-etait-totale\/171993\/#breadcrumb","itemListElement":[{"@type":"ListItem","position":1,"name":"Accueil","item":"https:\/\/www.webdo.tn\/fr\/"},{"@type":"ListItem","position":2,"name":"1er mai : la f\u00eate \u00e9tait totale !"}]},{"@type":"WebSite","@id":"https:\/\/www.webdo.tn\/fr\/#website","url":"https:\/\/www.webdo.tn\/fr\/","name":"webdo","description":"Tunisie - News en Tunisie et \u00e0 l&#039;international sur Webdo.tn","publisher":{"@id":"https:\/\/www.webdo.tn\/fr\/#organization"},"potentialAction":[{"@type":"SearchAction","target":{"@type":"EntryPoint","urlTemplate":"https:\/\/www.webdo.tn\/fr\/?s={search_term_string}"},"query-input":{"@type":"PropertyValueSpecification","valueRequired":true,"valueName":"search_term_string"}}],"inLanguage":"fr-FR"},{"@type":"Organization","@id":"https:\/\/www.webdo.tn\/fr\/#organization","name":"Webdo","alternateName":"Webdo.tn","url":"https:\/\/www.webdo.tn\/fr\/","logo":{"@type":"ImageObject","inLanguage":"fr-FR","@id":"https:\/\/www.webdo.tn\/fr\/#\/schema\/logo\/image\/","url":"https:\/\/www.webdo.tn\/fr\/wp-content\/uploads\/2025\/06\/Webdo-Tunisie_168377.jpg","contentUrl":"https:\/\/www.webdo.tn\/fr\/wp-content\/uploads\/2025\/06\/Webdo-Tunisie_168377.jpg","width":301,"height":301,"caption":"Webdo"},"image":{"@id":"https:\/\/www.webdo.tn\/fr\/#\/schema\/logo\/image\/"},"sameAs":["https:\/\/www.facebook.com\/webdotn","https:\/\/x.com\/webdo_tn"],"description":"Webdo est un m\u00e9dia num\u00e9rique tunisien fond\u00e9 en 2010, sp\u00e9cialis\u00e9 dans l\u2019actualit\u00e9 nationale et internationale, l\u2019\u00e9conomie, la soci\u00e9t\u00e9 et les analyses politiques. Le site s\u2019adresse \u00e0 un large public francophone et couvre l\u2019information tunisienne en temps r\u00e9el.","email":"redac@webdo.tn","legalName":"YNJ SARL","foundingDate":"2010-09-06","numberOfEmployees":{"@type":"QuantitativeValue","minValue":"11","maxValue":"50"}},{"@type":"Person","@id":"https:\/\/www.webdo.tn\/fr\/#\/schema\/person\/9a9c6118d687c117df8ef3cc36a4d175","name":"webdo.tn","image":{"@type":"ImageObject","inLanguage":"fr-FR","@id":"https:\/\/secure.gravatar.com\/avatar\/7ce1f28c0c3bbac99ff550b85ef8e44a6950c6ee24514fb6a5489e51d06f0298?s=96&d=mm&r=g","url":"https:\/\/secure.gravatar.com\/avatar\/7ce1f28c0c3bbac99ff550b85ef8e44a6950c6ee24514fb6a5489e51d06f0298?s=96&d=mm&r=g","contentUrl":"https:\/\/secure.gravatar.com\/avatar\/7ce1f28c0c3bbac99ff550b85ef8e44a6950c6ee24514fb6a5489e51d06f0298?s=96&d=mm&r=g","caption":"webdo.tn"},"url":"https:\/\/www.webdo.tn\/fr\/actualite\/author\/webdotn\/"}]}},"_links":{"self":[{"href":"https:\/\/www.webdo.tn\/fr\/wp-json\/wp\/v2\/posts\/171993","targetHints":{"allow":["GET"]}}],"collection":[{"href":"https:\/\/www.webdo.tn\/fr\/wp-json\/wp\/v2\/posts"}],"about":[{"href":"https:\/\/www.webdo.tn\/fr\/wp-json\/wp\/v2\/types\/post"}],"author":[{"embeddable":true,"href":"https:\/\/www.webdo.tn\/fr\/wp-json\/wp\/v2\/users\/3222"}],"replies":[{"embeddable":true,"href":"https:\/\/www.webdo.tn\/fr\/wp-json\/wp\/v2\/comments?post=171993"}],"version-history":[{"count":0,"href":"https:\/\/www.webdo.tn\/fr\/wp-json\/wp\/v2\/posts\/171993\/revisions"}],"wp:featuredmedia":[{"embeddable":true,"href":"https:\/\/www.webdo.tn\/fr\/wp-json\/wp\/v2\/media\/333610"}],"wp:attachment":[{"href":"https:\/\/www.webdo.tn\/fr\/wp-json\/wp\/v2\/media?parent=171993"}],"wp:term":[{"taxonomy":"category","embeddable":true,"href":"https:\/\/www.webdo.tn\/fr\/wp-json\/wp\/v2\/categories?post=171993"},{"taxonomy":"post_tag","embeddable":true,"href":"https:\/\/www.webdo.tn\/fr\/wp-json\/wp\/v2\/tags?post=171993"}],"curies":[{"name":"wp","href":"https:\/\/api.w.org\/{rel}","templated":true}]}}