{"id":171992,"date":"2012-05-01T20:17:00","date_gmt":"2012-05-01T20:17:00","guid":{"rendered":"https:\/\/www.webdo.tn\/fr\/blog\/22-membre-charges-denqueter-sur-les-evenements-du-9-avril\/171992\/"},"modified":"2012-05-01T20:17:00","modified_gmt":"2012-05-01T20:17:00","slug":"22-membre-charges-denqueter-sur-les-evenements-du-9-avril","status":"publish","type":"post","link":"https:\/\/www.webdo.tn\/fr\/actualite\/national\/22-membre-charges-denqueter-sur-les-evenements-du-9-avril\/171992\/","title":{"rendered":"22 membres charg\u00e9s d\u2019enqu\u00eater sur les \u00e9v\u00e9nements du 9 avril"},"content":{"rendered":"<p>La r\u00e9pression de la manifestation du 9 avril dernier avait fait monter au cr\u00e9neau plusieurs partis politiques, qui ont appel\u00e9 \u00e0 la cr\u00e9ation d&rsquo;une commission ind\u00e9pendante afin de mettre \u00e0 nu les \u00e9ventuels d\u00e9passements qui se seraient d\u00e9roul\u00e9s, ce jour-l\u00e0.<\/p>\n<p>Lundi dernier, soit trois semaines apr\u00e8s ces faits, le pr\u00e9sident de l&rsquo;Assembl\u00e9e Constituante a publi\u00e9 la liste des 22 membres de cette commission o\u00f9 on notera 9 repr\u00e9sentants d&rsquo;Ennahdha (Zied Adhari, Mahmoud Gouiaa, Ali Fares, Habib Bribech, Imed Hammami, Farida Labidi, Hajer Azaeiz, Latifa Habachi, Amel Azouz), 3 du groupe d\u00e9mocratique (Iyed Dahmani, Nadia cha\u00e2bane, Noamane Fehri), 3 du CPR (Omar Chetioui, Lazhar Chamli, Samia Abou Hamouda), 2 d&rsquo;Ettakatol (Slim Ben Abdessalem, Salma Hedia Mabrouk), 2 de Libert\u00e9 et D\u00e9mocratie (Tarek Bouaziz, Abdessatar Dhifi), 1 de La Libert\u00e9 et la Dignit\u00e9 (Nejib El Hosni), 1 d&rsquo;Al Aridha (Aymen Zouaghi) et 1 ind\u00e9pendant (Khemaies Ksila).<\/p>\n<p>Rappelons que c&rsquo;est le 11 avril dernier que le porte-parole du gouvernement, Samir Dilou, a annonc\u00e9 la d\u00e9cision prise par le Conseil des ministres de mettre sur pied cette commission ind\u00e9pendante pour enqu\u00eater sur  les graves incidents qui ont \u00e9maill\u00e9 le jour de la f\u00eate des martyrs \u00e0 l&rsquo;Avenue Habib Bourguiba.<\/p>\n","protected":false},"excerpt":{"rendered":"<p>22 membres charg\u00e9s d\u2019enqu\u00eater sur les \u00e9v\u00e9nements du 9 avril<\/p>\n","protected":false},"author":3222,"featured_media":333611,"comment_status":"open","ping_status":"closed","sticky":false,"template":"","format":"standard","meta":{"footnotes":""},"categories":[44],"tags":[2600],"class_list":["post-171992","post","type-post","status-publish","format-standard","has-post-thumbnail","hentry","category-national","tag-guerre"],"yoast_head":"<!-- This site is optimized with the Yoast SEO Premium plugin v27.5 (Yoast SEO v27.5) - https:\/\/yoast.com\/product\/yoast-seo-premium-wordpress\/ -->\n<title>22 membres charg\u00e9s d\u2019enqu\u00eater sur les \u00e9v\u00e9nements du 9 avril<\/title>\n<meta name=\"description\" content=\"22 membres charg\u00e9s d\u2019enqu\u00eater sur les \u00e9v\u00e9nements du 9 avril\" \/>\n<link rel=\"canonical\" href=\"https:\/\/www.webdo.tn\/fr\/actualite\/national-45\/22-membre-charges-denqueter-sur-les-evenements-du-9-avril\/171992\/\" \/>\n<meta property=\"og:locale\" content=\"fr_FR\" \/>\n<meta property=\"og:type\" content=\"article\" \/>\n<meta property=\"og:title\" content=\"22 membres charg\u00e9s d\u2019enqu\u00eater sur les \u00e9v\u00e9nements du 9 avril\" \/>\n<meta property=\"og:description\" content=\"22 membres charg\u00e9s d\u2019enqu\u00eater sur les \u00e9v\u00e9nements du 9 avril\" \/>\n<meta property=\"og:url\" content=\"https:\/\/www.webdo.tn\/fr\/actualite\/national-45\/22-membre-charges-denqueter-sur-les-evenements-du-9-avril\/171992\/\" \/>\n<meta property=\"og:site_name\" content=\"webdo\" \/>\n<meta property=\"article:publisher\" content=\"https:\/\/www.facebook.com\/webdotn\" \/>\n<meta property=\"article:published_time\" content=\"2012-05-01T20:17:00+00:00\" \/>\n<meta property=\"og:image\" content=\"https:\/\/www.webdo.tn\/fr\/wp-content\/uploads\/2012\/05\/aaa-300x251-1.jpg\" \/>\n\t<meta property=\"og:image:width\" content=\"300\" \/>\n\t<meta property=\"og:image:height\" content=\"251\" \/>\n\t<meta property=\"og:image:type\" content=\"image\/jpeg\" \/>\n<meta name=\"author\" content=\"webdo.tn\" \/>\n<meta name=\"twitter:card\" content=\"summary_large_image\" \/>\n<meta name=\"twitter:creator\" content=\"@webdo_tn\" \/>\n<meta name=\"twitter:site\" content=\"@webdo_tn\" \/>\n<meta name=\"twitter:label1\" content=\"\u00c9crit par\" \/>\n\t<meta name=\"twitter:data1\" content=\"webdo.tn\" \/>\n\t<meta name=\"twitter:label2\" content=\"Dur\u00e9e de lecture estim\u00e9e\" \/>\n\t<meta name=\"twitter:data2\" content=\"1 minute\" \/>\n<script type=\"application\/ld+json\" class=\"yoast-schema-graph\">{\"@context\":\"https:\\\/\\\/schema.org\",\"@graph\":[{\"@type\":\"NewsArticle\",\"@id\":\"https:\\\/\\\/www.webdo.tn\\\/fr\\\/actualite\\\/national-45\\\/22-membre-charges-denqueter-sur-les-evenements-du-9-avril\\\/171992\\\/#article\",\"isPartOf\":{\"@id\":\"https:\\\/\\\/www.webdo.tn\\\/fr\\\/actualite\\\/national-45\\\/22-membre-charges-denqueter-sur-les-evenements-du-9-avril\\\/171992\\\/\"},\"author\":{\"name\":\"webdo.tn\",\"@id\":\"https:\\\/\\\/www.webdo.tn\\\/fr\\\/#\\\/schema\\\/person\\\/9a9c6118d687c117df8ef3cc36a4d175\"},\"headline\":\"22 membres charg\u00e9s d\u2019enqu\u00eater sur les \u00e9v\u00e9nements du 9 avril\",\"datePublished\":\"2012-05-01T20:17:00+00:00\",\"mainEntityOfPage\":{\"@id\":\"https:\\\/\\\/www.webdo.tn\\\/fr\\\/actualite\\\/national-45\\\/22-membre-charges-denqueter-sur-les-evenements-du-9-avril\\\/171992\\\/\"},\"wordCount\":219,\"commentCount\":0,\"publisher\":{\"@id\":\"https:\\\/\\\/www.webdo.tn\\\/fr\\\/#organization\"},\"image\":{\"@id\":\"https:\\\/\\\/www.webdo.tn\\\/fr\\\/actualite\\\/national-45\\\/22-membre-charges-denqueter-sur-les-evenements-du-9-avril\\\/171992\\\/#primaryimage\"},\"thumbnailUrl\":\"https:\\\/\\\/www.webdo.tn\\\/fr\\\/wp-content\\\/uploads\\\/2012\\\/05\\\/aaa-300x251-1.jpg\",\"keywords\":[\"guerre\"],\"articleSection\":[\"National\"],\"inLanguage\":\"fr-FR\"},{\"@type\":\"WebPage\",\"@id\":\"https:\\\/\\\/www.webdo.tn\\\/fr\\\/actualite\\\/national-45\\\/22-membre-charges-denqueter-sur-les-evenements-du-9-avril\\\/171992\\\/\",\"url\":\"https:\\\/\\\/www.webdo.tn\\\/fr\\\/actualite\\\/national-45\\\/22-membre-charges-denqueter-sur-les-evenements-du-9-avril\\\/171992\\\/\",\"name\":\"22 membres charg\u00e9s d\u2019enqu\u00eater sur les \u00e9v\u00e9nements du 9 avril\",\"isPartOf\":{\"@id\":\"https:\\\/\\\/www.webdo.tn\\\/fr\\\/#website\"},\"primaryImageOfPage\":{\"@id\":\"https:\\\/\\\/www.webdo.tn\\\/fr\\\/actualite\\\/national-45\\\/22-membre-charges-denqueter-sur-les-evenements-du-9-avril\\\/171992\\\/#primaryimage\"},\"image\":{\"@id\":\"https:\\\/\\\/www.webdo.tn\\\/fr\\\/actualite\\\/national-45\\\/22-membre-charges-denqueter-sur-les-evenements-du-9-avril\\\/171992\\\/#primaryimage\"},\"thumbnailUrl\":\"https:\\\/\\\/www.webdo.tn\\\/fr\\\/wp-content\\\/uploads\\\/2012\\\/05\\\/aaa-300x251-1.jpg\",\"datePublished\":\"2012-05-01T20:17:00+00:00\",\"description\":\"22 membres charg\u00e9s d\u2019enqu\u00eater sur les \u00e9v\u00e9nements du 9 avril\",\"breadcrumb\":{\"@id\":\"https:\\\/\\\/www.webdo.tn\\\/fr\\\/actualite\\\/national-45\\\/22-membre-charges-denqueter-sur-les-evenements-du-9-avril\\\/171992\\\/#breadcrumb\"},\"inLanguage\":\"fr-FR\",\"potentialAction\":[{\"@type\":\"ReadAction\",\"target\":[\"https:\\\/\\\/www.webdo.tn\\\/fr\\\/actualite\\\/national-45\\\/22-membre-charges-denqueter-sur-les-evenements-du-9-avril\\\/171992\\\/\"]}]},{\"@type\":\"ImageObject\",\"inLanguage\":\"fr-FR\",\"@id\":\"https:\\\/\\\/www.webdo.tn\\\/fr\\\/actualite\\\/national-45\\\/22-membre-charges-denqueter-sur-les-evenements-du-9-avril\\\/171992\\\/#primaryimage\",\"url\":\"https:\\\/\\\/www.webdo.tn\\\/fr\\\/wp-content\\\/uploads\\\/2012\\\/05\\\/aaa-300x251-1.jpg\",\"contentUrl\":\"https:\\\/\\\/www.webdo.tn\\\/fr\\\/wp-content\\\/uploads\\\/2012\\\/05\\\/aaa-300x251-1.jpg\",\"width\":300,\"height\":251,\"caption\":\"22 membres charg\u00e9s d\u2019enqu\u00eater sur les \u00e9v\u00e9nements du 9 avril\"},{\"@type\":\"BreadcrumbList\",\"@id\":\"https:\\\/\\\/www.webdo.tn\\\/fr\\\/actualite\\\/national-45\\\/22-membre-charges-denqueter-sur-les-evenements-du-9-avril\\\/171992\\\/#breadcrumb\",\"itemListElement\":[{\"@type\":\"ListItem\",\"position\":1,\"name\":\"Accueil\",\"item\":\"https:\\\/\\\/www.webdo.tn\\\/fr\\\/\"},{\"@type\":\"ListItem\",\"position\":2,\"name\":\"22 membres charg\u00e9s d\u2019enqu\u00eater sur les \u00e9v\u00e9nements du 9 avril\"}]},{\"@type\":\"WebSite\",\"@id\":\"https:\\\/\\\/www.webdo.tn\\\/fr\\\/#website\",\"url\":\"https:\\\/\\\/www.webdo.tn\\\/fr\\\/\",\"name\":\"webdo\",\"description\":\"Tunisie - News en Tunisie et \u00e0 l&#039;international sur Webdo.tn\",\"publisher\":{\"@id\":\"https:\\\/\\\/www.webdo.tn\\\/fr\\\/#organization\"},\"potentialAction\":[{\"@type\":\"SearchAction\",\"target\":{\"@type\":\"EntryPoint\",\"urlTemplate\":\"https:\\\/\\\/www.webdo.tn\\\/fr\\\/?s={search_term_string}\"},\"query-input\":{\"@type\":\"PropertyValueSpecification\",\"valueRequired\":true,\"valueName\":\"search_term_string\"}}],\"inLanguage\":\"fr-FR\"},{\"@type\":\"Organization\",\"@id\":\"https:\\\/\\\/www.webdo.tn\\\/fr\\\/#organization\",\"name\":\"Webdo\",\"alternateName\":\"Webdo.tn\",\"url\":\"https:\\\/\\\/www.webdo.tn\\\/fr\\\/\",\"logo\":{\"@type\":\"ImageObject\",\"inLanguage\":\"fr-FR\",\"@id\":\"https:\\\/\\\/www.webdo.tn\\\/fr\\\/#\\\/schema\\\/logo\\\/image\\\/\",\"url\":\"https:\\\/\\\/www.webdo.tn\\\/fr\\\/wp-content\\\/uploads\\\/2025\\\/06\\\/Webdo-Tunisie_168377.jpg\",\"contentUrl\":\"https:\\\/\\\/www.webdo.tn\\\/fr\\\/wp-content\\\/uploads\\\/2025\\\/06\\\/Webdo-Tunisie_168377.jpg\",\"width\":301,\"height\":301,\"caption\":\"Webdo\"},\"image\":{\"@id\":\"https:\\\/\\\/www.webdo.tn\\\/fr\\\/#\\\/schema\\\/logo\\\/image\\\/\"},\"sameAs\":[\"https:\\\/\\\/www.facebook.com\\\/webdotn\",\"https:\\\/\\\/x.com\\\/webdo_tn\"],\"description\":\"Webdo est un m\u00e9dia num\u00e9rique tunisien fond\u00e9 en 2010, sp\u00e9cialis\u00e9 dans l\u2019actualit\u00e9 nationale et internationale, l\u2019\u00e9conomie, la soci\u00e9t\u00e9 et les analyses politiques. Le site s\u2019adresse \u00e0 un large public francophone et couvre l\u2019information tunisienne en temps r\u00e9el.\",\"email\":\"redac@webdo.tn\",\"legalName\":\"YNJ SARL\",\"foundingDate\":\"2010-09-06\",\"numberOfEmployees\":{\"@type\":\"QuantitativeValue\",\"minValue\":\"11\",\"maxValue\":\"50\"}},{\"@type\":\"Person\",\"@id\":\"https:\\\/\\\/www.webdo.tn\\\/fr\\\/#\\\/schema\\\/person\\\/9a9c6118d687c117df8ef3cc36a4d175\",\"name\":\"webdo.tn\",\"image\":{\"@type\":\"ImageObject\",\"inLanguage\":\"fr-FR\",\"@id\":\"https:\\\/\\\/secure.gravatar.com\\\/avatar\\\/7ce1f28c0c3bbac99ff550b85ef8e44a6950c6ee24514fb6a5489e51d06f0298?s=96&d=mm&r=g\",\"url\":\"https:\\\/\\\/secure.gravatar.com\\\/avatar\\\/7ce1f28c0c3bbac99ff550b85ef8e44a6950c6ee24514fb6a5489e51d06f0298?s=96&d=mm&r=g\",\"contentUrl\":\"https:\\\/\\\/secure.gravatar.com\\\/avatar\\\/7ce1f28c0c3bbac99ff550b85ef8e44a6950c6ee24514fb6a5489e51d06f0298?s=96&d=mm&r=g\",\"caption\":\"webdo.tn\"},\"url\":\"https:\\\/\\\/www.webdo.tn\\\/fr\\\/actualite\\\/author\\\/webdotn\\\/\"}]}<\/script>\n<!-- \/ Yoast SEO Premium plugin. -->","yoast_head_json":{"title":"22 membres charg\u00e9s d\u2019enqu\u00eater sur les \u00e9v\u00e9nements du 9 avril","description":"22 membres charg\u00e9s d\u2019enqu\u00eater sur les \u00e9v\u00e9nements du 9 avril","canonical":"https:\/\/www.webdo.tn\/fr\/actualite\/national-45\/22-membre-charges-denqueter-sur-les-evenements-du-9-avril\/171992\/","og_locale":"fr_FR","og_type":"article","og_title":"22 membres charg\u00e9s d\u2019enqu\u00eater sur les \u00e9v\u00e9nements du 9 avril","og_description":"22 membres charg\u00e9s d\u2019enqu\u00eater sur les \u00e9v\u00e9nements du 9 avril","og_url":"https:\/\/www.webdo.tn\/fr\/actualite\/national-45\/22-membre-charges-denqueter-sur-les-evenements-du-9-avril\/171992\/","og_site_name":"webdo","article_publisher":"https:\/\/www.facebook.com\/webdotn","article_published_time":"2012-05-01T20:17:00+00:00","og_image":[{"width":300,"height":251,"url":"https:\/\/www.webdo.tn\/fr\/wp-content\/uploads\/2012\/05\/aaa-300x251-1.jpg","type":"image\/jpeg"}],"author":"webdo.tn","twitter_card":"summary_large_image","twitter_creator":"@webdo_tn","twitter_site":"@webdo_tn","twitter_misc":{"\u00c9crit par":"webdo.tn","Dur\u00e9e de lecture estim\u00e9e":"1 minute"},"schema":{"@context":"https:\/\/schema.org","@graph":[{"@type":"NewsArticle","@id":"https:\/\/www.webdo.tn\/fr\/actualite\/national-45\/22-membre-charges-denqueter-sur-les-evenements-du-9-avril\/171992\/#article","isPartOf":{"@id":"https:\/\/www.webdo.tn\/fr\/actualite\/national-45\/22-membre-charges-denqueter-sur-les-evenements-du-9-avril\/171992\/"},"author":{"name":"webdo.tn","@id":"https:\/\/www.webdo.tn\/fr\/#\/schema\/person\/9a9c6118d687c117df8ef3cc36a4d175"},"headline":"22 membres charg\u00e9s d\u2019enqu\u00eater sur les \u00e9v\u00e9nements du 9 avril","datePublished":"2012-05-01T20:17:00+00:00","mainEntityOfPage":{"@id":"https:\/\/www.webdo.tn\/fr\/actualite\/national-45\/22-membre-charges-denqueter-sur-les-evenements-du-9-avril\/171992\/"},"wordCount":219,"commentCount":0,"publisher":{"@id":"https:\/\/www.webdo.tn\/fr\/#organization"},"image":{"@id":"https:\/\/www.webdo.tn\/fr\/actualite\/national-45\/22-membre-charges-denqueter-sur-les-evenements-du-9-avril\/171992\/#primaryimage"},"thumbnailUrl":"https:\/\/www.webdo.tn\/fr\/wp-content\/uploads\/2012\/05\/aaa-300x251-1.jpg","keywords":["guerre"],"articleSection":["National"],"inLanguage":"fr-FR"},{"@type":"WebPage","@id":"https:\/\/www.webdo.tn\/fr\/actualite\/national-45\/22-membre-charges-denqueter-sur-les-evenements-du-9-avril\/171992\/","url":"https:\/\/www.webdo.tn\/fr\/actualite\/national-45\/22-membre-charges-denqueter-sur-les-evenements-du-9-avril\/171992\/","name":"22 membres charg\u00e9s d\u2019enqu\u00eater sur les \u00e9v\u00e9nements du 9 avril","isPartOf":{"@id":"https:\/\/www.webdo.tn\/fr\/#website"},"primaryImageOfPage":{"@id":"https:\/\/www.webdo.tn\/fr\/actualite\/national-45\/22-membre-charges-denqueter-sur-les-evenements-du-9-avril\/171992\/#primaryimage"},"image":{"@id":"https:\/\/www.webdo.tn\/fr\/actualite\/national-45\/22-membre-charges-denqueter-sur-les-evenements-du-9-avril\/171992\/#primaryimage"},"thumbnailUrl":"https:\/\/www.webdo.tn\/fr\/wp-content\/uploads\/2012\/05\/aaa-300x251-1.jpg","datePublished":"2012-05-01T20:17:00+00:00","description":"22 membres charg\u00e9s d\u2019enqu\u00eater sur les \u00e9v\u00e9nements du 9 avril","breadcrumb":{"@id":"https:\/\/www.webdo.tn\/fr\/actualite\/national-45\/22-membre-charges-denqueter-sur-les-evenements-du-9-avril\/171992\/#breadcrumb"},"inLanguage":"fr-FR","potentialAction":[{"@type":"ReadAction","target":["https:\/\/www.webdo.tn\/fr\/actualite\/national-45\/22-membre-charges-denqueter-sur-les-evenements-du-9-avril\/171992\/"]}]},{"@type":"ImageObject","inLanguage":"fr-FR","@id":"https:\/\/www.webdo.tn\/fr\/actualite\/national-45\/22-membre-charges-denqueter-sur-les-evenements-du-9-avril\/171992\/#primaryimage","url":"https:\/\/www.webdo.tn\/fr\/wp-content\/uploads\/2012\/05\/aaa-300x251-1.jpg","contentUrl":"https:\/\/www.webdo.tn\/fr\/wp-content\/uploads\/2012\/05\/aaa-300x251-1.jpg","width":300,"height":251,"caption":"22 membres charg\u00e9s d\u2019enqu\u00eater sur les \u00e9v\u00e9nements du 9 avril"},{"@type":"BreadcrumbList","@id":"https:\/\/www.webdo.tn\/fr\/actualite\/national-45\/22-membre-charges-denqueter-sur-les-evenements-du-9-avril\/171992\/#breadcrumb","itemListElement":[{"@type":"ListItem","position":1,"name":"Accueil","item":"https:\/\/www.webdo.tn\/fr\/"},{"@type":"ListItem","position":2,"name":"22 membres charg\u00e9s d\u2019enqu\u00eater sur les \u00e9v\u00e9nements du 9 avril"}]},{"@type":"WebSite","@id":"https:\/\/www.webdo.tn\/fr\/#website","url":"https:\/\/www.webdo.tn\/fr\/","name":"webdo","description":"Tunisie - News en Tunisie et \u00e0 l&#039;international sur Webdo.tn","publisher":{"@id":"https:\/\/www.webdo.tn\/fr\/#organization"},"potentialAction":[{"@type":"SearchAction","target":{"@type":"EntryPoint","urlTemplate":"https:\/\/www.webdo.tn\/fr\/?s={search_term_string}"},"query-input":{"@type":"PropertyValueSpecification","valueRequired":true,"valueName":"search_term_string"}}],"inLanguage":"fr-FR"},{"@type":"Organization","@id":"https:\/\/www.webdo.tn\/fr\/#organization","name":"Webdo","alternateName":"Webdo.tn","url":"https:\/\/www.webdo.tn\/fr\/","logo":{"@type":"ImageObject","inLanguage":"fr-FR","@id":"https:\/\/www.webdo.tn\/fr\/#\/schema\/logo\/image\/","url":"https:\/\/www.webdo.tn\/fr\/wp-content\/uploads\/2025\/06\/Webdo-Tunisie_168377.jpg","contentUrl":"https:\/\/www.webdo.tn\/fr\/wp-content\/uploads\/2025\/06\/Webdo-Tunisie_168377.jpg","width":301,"height":301,"caption":"Webdo"},"image":{"@id":"https:\/\/www.webdo.tn\/fr\/#\/schema\/logo\/image\/"},"sameAs":["https:\/\/www.facebook.com\/webdotn","https:\/\/x.com\/webdo_tn"],"description":"Webdo est un m\u00e9dia num\u00e9rique tunisien fond\u00e9 en 2010, sp\u00e9cialis\u00e9 dans l\u2019actualit\u00e9 nationale et internationale, l\u2019\u00e9conomie, la soci\u00e9t\u00e9 et les analyses politiques. Le site s\u2019adresse \u00e0 un large public francophone et couvre l\u2019information tunisienne en temps r\u00e9el.","email":"redac@webdo.tn","legalName":"YNJ SARL","foundingDate":"2010-09-06","numberOfEmployees":{"@type":"QuantitativeValue","minValue":"11","maxValue":"50"}},{"@type":"Person","@id":"https:\/\/www.webdo.tn\/fr\/#\/schema\/person\/9a9c6118d687c117df8ef3cc36a4d175","name":"webdo.tn","image":{"@type":"ImageObject","inLanguage":"fr-FR","@id":"https:\/\/secure.gravatar.com\/avatar\/7ce1f28c0c3bbac99ff550b85ef8e44a6950c6ee24514fb6a5489e51d06f0298?s=96&d=mm&r=g","url":"https:\/\/secure.gravatar.com\/avatar\/7ce1f28c0c3bbac99ff550b85ef8e44a6950c6ee24514fb6a5489e51d06f0298?s=96&d=mm&r=g","contentUrl":"https:\/\/secure.gravatar.com\/avatar\/7ce1f28c0c3bbac99ff550b85ef8e44a6950c6ee24514fb6a5489e51d06f0298?s=96&d=mm&r=g","caption":"webdo.tn"},"url":"https:\/\/www.webdo.tn\/fr\/actualite\/author\/webdotn\/"}]}},"_links":{"self":[{"href":"https:\/\/www.webdo.tn\/fr\/wp-json\/wp\/v2\/posts\/171992","targetHints":{"allow":["GET"]}}],"collection":[{"href":"https:\/\/www.webdo.tn\/fr\/wp-json\/wp\/v2\/posts"}],"about":[{"href":"https:\/\/www.webdo.tn\/fr\/wp-json\/wp\/v2\/types\/post"}],"author":[{"embeddable":true,"href":"https:\/\/www.webdo.tn\/fr\/wp-json\/wp\/v2\/users\/3222"}],"replies":[{"embeddable":true,"href":"https:\/\/www.webdo.tn\/fr\/wp-json\/wp\/v2\/comments?post=171992"}],"version-history":[{"count":0,"href":"https:\/\/www.webdo.tn\/fr\/wp-json\/wp\/v2\/posts\/171992\/revisions"}],"wp:featuredmedia":[{"embeddable":true,"href":"https:\/\/www.webdo.tn\/fr\/wp-json\/wp\/v2\/media\/333611"}],"wp:attachment":[{"href":"https:\/\/www.webdo.tn\/fr\/wp-json\/wp\/v2\/media?parent=171992"}],"wp:term":[{"taxonomy":"category","embeddable":true,"href":"https:\/\/www.webdo.tn\/fr\/wp-json\/wp\/v2\/categories?post=171992"},{"taxonomy":"post_tag","embeddable":true,"href":"https:\/\/www.webdo.tn\/fr\/wp-json\/wp\/v2\/tags?post=171992"}],"curies":[{"name":"wp","href":"https:\/\/api.w.org\/{rel}","templated":true}]}}