{"id":171991,"date":"2012-05-02T10:40:00","date_gmt":"2012-05-02T10:40:00","guid":{"rendered":"https:\/\/www.webdo.tn\/fr\/blog\/fete-du-1er-mai-a-chacun-sa-musique\/171991\/"},"modified":"2012-05-02T10:40:00","modified_gmt":"2012-05-02T10:40:00","slug":"fete-du-1er-mai-a-chacun-sa-musique","status":"publish","type":"post","link":"https:\/\/www.webdo.tn\/fr\/actualite\/national\/fete-du-1er-mai-a-chacun-sa-musique\/171991\/","title":{"rendered":"F\u00eate du 1er Mai, \u00e0 chacun sa musique !"},"content":{"rendered":"<p>\u00c0 neuf heures sonnantes, la Place Mohammed Ali \u00e9tait d\u00e9j\u00e0 noire de monde ! Des syndicalistes en grand nombre, des membres des partis de gauche connus, comme les Watad et le PCOT, des membres d&rsquo;associations, mais aussi beaucoup d\u2019adh\u00e9rents et de sympathisants d&rsquo;Ennahdha.<\/p>\n<p>Comment les reconna\u00eetre ? Et bien \u00e0 leurs slogans qui sonnaient faux au milieu de tous les autres !<\/p>\n<p>En effet, les pro-Ennahdha, officiellement appel\u00e9s par leur chef \u00e0 manifester aux c\u00f4t\u00e9s de L&rsquo;UGTT, ont tenu \u00e0 impr\u00e9gner la c\u00e9l\u00e9bration du 1er Mai de leur propre cachet. Ils ont rab\u00e2ch\u00e9 le th\u00e8me de la l\u00e9gitimit\u00e9, allant jusqu&rsquo;\u00e0 d\u00e9former le slogan historique des syndicalistes en changeant le mot \u00ab\u00a0Chighila\u00a0\u00bb (travailleurs) par \u00ab\u00a0Charyiaa\u00a0\u00bb (l\u00e9gitimit\u00e9), chose qui a fort d\u00e9plu aux syndicalistes sur la place. <\/p>\n<p>Le discours d\u2019Abbassi a calm\u00e9 leur ardeur, et lorsque le cort\u00e8ge de l&rsquo;UGTT s&rsquo;est \u00e9branl\u00e9 de la place, les \u00ab\u00a0syndicalistes malgr\u00e9 eux \u00a0\u00bb n&rsquo;ont pu que suivre le mouvement en silence.<\/p>\n<p>Arriv\u00e9s sur l&rsquo;avenue Habib Bourguiba, les porte-voix nahdhaouis se sont dispers\u00e9s en quittant le cort\u00e8ge principal de l&rsquo;UGTT. Certains ont rejoint la \u00ab\u00a0chorale\u00a0\u00bb qui a occup\u00e9 d\u00e8s les premi\u00e8res heures les marches du th\u00e9\u00e2tre municipal, et qui n&rsquo;a cess\u00e9 de chanter la rengaine de la l\u00e9gitimit\u00e9.<\/p>\n<p>Quelques d\u00e9put\u00e9s nahdhaouis, et \u00ab\u00a0congressistes\u00a0\u00bb (CPR) \u00e9taient \u00e9galement pr\u00e9sents sur l&rsquo;avenue. Pour certains, c&rsquo;\u00e9tait la premi\u00e8re fois, et ils se sont juste content\u00e9s de faire de la figuration, de sourire aux gens qui les prenaient en photos\u2026 On sentait bien qu&rsquo;ils ne faisaient que r\u00e9pondre \u00e0 l&rsquo;appel de leurs chefs de partis, et qu&rsquo;ils n\u2019\u00e9taient pas du tout concern\u00e9s par les revendications sociales, \u00e9conomiques et politiques de la marche. \u00c0 noter que certaines de ces revendications, pour ne pas dire la plupart, \u00e9taient hostiles \u00e0 la politique de la Tro\u00efka et au gouvernement !<\/p>\n<p>Devant le si\u00e8ge du minist\u00e8re de l&rsquo;Int\u00e9rieur, une autre troupe, plus folklorique, bandir et darbouka \u00e0 l&rsquo;appui, \u00e9tait parqu\u00e9e. Elle avait pour mission de louer les actions du gouvernement et chanter la gloire d\u2019Ali Laarayedh, lequel a fait une petite apparition pour la saluer et r\u00e9pondre aux questions des journalistes.<\/p>\n<p>La f\u00eate du 1er Mai s&rsquo;est donc d\u00e9roul\u00e9e sans incident majeur, quelques prises de bec par ci et par l\u00e0, une \u00e9chauffour\u00e9e entre un groupuscule de \u00ab\u00a0barbus\u00a0\u00bb et des manifestants a pu \u00eatre \u00e9vit\u00e9e, il a juste fallu \u00e0 chaque camp de crier plus fort que l&rsquo;autre pour se faire entendre. <\/p>\n<p>Mais le plus important est venu des m\u00e9dias, qui ont voulu faire passer un message subliminal de cette grande f\u00eate, en affirmant qu&rsquo;elle a rassembl\u00e9 les Tunisiens, chose qui n&rsquo;est pas tr\u00e8s proche de la r\u00e9alit\u00e9 puisque m\u00eame les partis de \u00ab\u00a0l&rsquo;opposition\u00a0\u00bb, en g\u00e9n\u00e9ral et de la gauche traditionnelle en particulier n\u2019ont pas chant\u00e9 de la m\u00eame voix !!<br \/>\nLa discorde \u00e9tait claire et le rassemblement dont parlent les m\u00e9dias n&rsquo;est qu&rsquo;une illusion !<\/p>\n","protected":false},"excerpt":{"rendered":"<p>F\u00eate du 1er Mai, \u00e0 chacun sa musique !<\/p>\n","protected":false},"author":3222,"featured_media":374431,"comment_status":"open","ping_status":"closed","sticky":false,"template":"","format":"standard","meta":{"footnotes":""},"categories":[44],"tags":[2600],"class_list":["post-171991","post","type-post","status-publish","format-standard","has-post-thumbnail","hentry","category-national","tag-guerre"],"yoast_head":"<!-- This site is optimized with the Yoast SEO Premium plugin v27.5 (Yoast SEO v27.5) - https:\/\/yoast.com\/product\/yoast-seo-premium-wordpress\/ -->\n<title>F\u00eate du 1er Mai, \u00e0 chacun sa musique !<\/title>\n<meta name=\"description\" content=\"F\u00eate du 1er Mai, \u00e0 chacun sa musique !\" \/>\n<link rel=\"canonical\" href=\"https:\/\/www.webdo.tn\/fr\/actualite\/national-45\/fete-du-1er-mai-a-chacun-sa-musique\/171991\/\" \/>\n<meta property=\"og:locale\" content=\"fr_FR\" \/>\n<meta property=\"og:type\" content=\"article\" \/>\n<meta property=\"og:title\" content=\"F\u00eate du 1er Mai, \u00e0 chacun sa musique !\" \/>\n<meta property=\"og:description\" content=\"F\u00eate du 1er Mai, \u00e0 chacun sa musique !\" \/>\n<meta property=\"og:url\" content=\"https:\/\/www.webdo.tn\/fr\/actualite\/national-45\/fete-du-1er-mai-a-chacun-sa-musique\/171991\/\" \/>\n<meta property=\"og:site_name\" content=\"webdo\" \/>\n<meta property=\"article:publisher\" content=\"https:\/\/www.facebook.com\/webdotn\" \/>\n<meta property=\"article:published_time\" content=\"2012-05-02T10:40:00+00:00\" \/>\n<meta name=\"author\" content=\"webdo.tn\" \/>\n<meta name=\"twitter:card\" content=\"summary_large_image\" \/>\n<meta name=\"twitter:creator\" content=\"@webdo_tn\" \/>\n<meta name=\"twitter:site\" content=\"@webdo_tn\" \/>\n<meta name=\"twitter:label1\" content=\"\u00c9crit par\" \/>\n\t<meta name=\"twitter:data1\" content=\"webdo.tn\" \/>\n\t<meta name=\"twitter:label2\" content=\"Dur\u00e9e de lecture estim\u00e9e\" \/>\n\t<meta name=\"twitter:data2\" content=\"3 minutes\" \/>\n<script type=\"application\/ld+json\" class=\"yoast-schema-graph\">{\"@context\":\"https:\\\/\\\/schema.org\",\"@graph\":[{\"@type\":\"NewsArticle\",\"@id\":\"https:\\\/\\\/www.webdo.tn\\\/fr\\\/actualite\\\/national-45\\\/fete-du-1er-mai-a-chacun-sa-musique\\\/171991\\\/#article\",\"isPartOf\":{\"@id\":\"https:\\\/\\\/www.webdo.tn\\\/fr\\\/actualite\\\/national-45\\\/fete-du-1er-mai-a-chacun-sa-musique\\\/171991\\\/\"},\"author\":{\"name\":\"webdo.tn\",\"@id\":\"https:\\\/\\\/www.webdo.tn\\\/fr\\\/#\\\/schema\\\/person\\\/9a9c6118d687c117df8ef3cc36a4d175\"},\"headline\":\"F\u00eate du 1er Mai, \u00e0 chacun sa musique !\",\"datePublished\":\"2012-05-02T10:40:00+00:00\",\"mainEntityOfPage\":{\"@id\":\"https:\\\/\\\/www.webdo.tn\\\/fr\\\/actualite\\\/national-45\\\/fete-du-1er-mai-a-chacun-sa-musique\\\/171991\\\/\"},\"wordCount\":541,\"commentCount\":0,\"publisher\":{\"@id\":\"https:\\\/\\\/www.webdo.tn\\\/fr\\\/#organization\"},\"image\":{\"@id\":\"https:\\\/\\\/www.webdo.tn\\\/fr\\\/actualite\\\/national-45\\\/fete-du-1er-mai-a-chacun-sa-musique\\\/171991\\\/#primaryimage\"},\"thumbnailUrl\":\"https:\\\/\\\/www.webdo.tn\\\/fr\\\/wp-content\\\/uploads\\\/2025\\\/06\\\/Sous-la-banniere-de-lUGTT-une-chorale-nahdaoui-a-chante-des-louanges-de-la-legitimite-et-du-gouvernement-toute-la-matinee-photo-JasminTn_171991.jpg\",\"keywords\":[\"guerre\"],\"articleSection\":[\"National\"],\"inLanguage\":\"fr-FR\"},{\"@type\":\"WebPage\",\"@id\":\"https:\\\/\\\/www.webdo.tn\\\/fr\\\/actualite\\\/national-45\\\/fete-du-1er-mai-a-chacun-sa-musique\\\/171991\\\/\",\"url\":\"https:\\\/\\\/www.webdo.tn\\\/fr\\\/actualite\\\/national-45\\\/fete-du-1er-mai-a-chacun-sa-musique\\\/171991\\\/\",\"name\":\"F\u00eate du 1er Mai, \u00e0 chacun sa musique !\",\"isPartOf\":{\"@id\":\"https:\\\/\\\/www.webdo.tn\\\/fr\\\/#website\"},\"primaryImageOfPage\":{\"@id\":\"https:\\\/\\\/www.webdo.tn\\\/fr\\\/actualite\\\/national-45\\\/fete-du-1er-mai-a-chacun-sa-musique\\\/171991\\\/#primaryimage\"},\"image\":{\"@id\":\"https:\\\/\\\/www.webdo.tn\\\/fr\\\/actualite\\\/national-45\\\/fete-du-1er-mai-a-chacun-sa-musique\\\/171991\\\/#primaryimage\"},\"thumbnailUrl\":\"https:\\\/\\\/www.webdo.tn\\\/fr\\\/wp-content\\\/uploads\\\/2025\\\/06\\\/Sous-la-banniere-de-lUGTT-une-chorale-nahdaoui-a-chante-des-louanges-de-la-legitimite-et-du-gouvernement-toute-la-matinee-photo-JasminTn_171991.jpg\",\"datePublished\":\"2012-05-02T10:40:00+00:00\",\"description\":\"F\u00eate du 1er Mai, \u00e0 chacun sa musique !\",\"breadcrumb\":{\"@id\":\"https:\\\/\\\/www.webdo.tn\\\/fr\\\/actualite\\\/national-45\\\/fete-du-1er-mai-a-chacun-sa-musique\\\/171991\\\/#breadcrumb\"},\"inLanguage\":\"fr-FR\",\"potentialAction\":[{\"@type\":\"ReadAction\",\"target\":[\"https:\\\/\\\/www.webdo.tn\\\/fr\\\/actualite\\\/national-45\\\/fete-du-1er-mai-a-chacun-sa-musique\\\/171991\\\/\"]}]},{\"@type\":\"ImageObject\",\"inLanguage\":\"fr-FR\",\"@id\":\"https:\\\/\\\/www.webdo.tn\\\/fr\\\/actualite\\\/national-45\\\/fete-du-1er-mai-a-chacun-sa-musique\\\/171991\\\/#primaryimage\",\"url\":\"https:\\\/\\\/www.webdo.tn\\\/fr\\\/wp-content\\\/uploads\\\/2025\\\/06\\\/Sous-la-banniere-de-lUGTT-une-chorale-nahdaoui-a-chante-des-louanges-de-la-legitimite-et-du-gouvernement-toute-la-matinee-photo-JasminTn_171991.jpg\",\"contentUrl\":\"https:\\\/\\\/www.webdo.tn\\\/fr\\\/wp-content\\\/uploads\\\/2025\\\/06\\\/Sous-la-banniere-de-lUGTT-une-chorale-nahdaoui-a-chante-des-louanges-de-la-legitimite-et-du-gouvernement-toute-la-matinee-photo-JasminTn_171991.jpg\",\"width\":600,\"height\":342,\"caption\":\"F\u00eate du 1er Mai, \u00e0 chacun sa musique !\"},{\"@type\":\"BreadcrumbList\",\"@id\":\"https:\\\/\\\/www.webdo.tn\\\/fr\\\/actualite\\\/national-45\\\/fete-du-1er-mai-a-chacun-sa-musique\\\/171991\\\/#breadcrumb\",\"itemListElement\":[{\"@type\":\"ListItem\",\"position\":1,\"name\":\"Accueil\",\"item\":\"https:\\\/\\\/www.webdo.tn\\\/fr\\\/\"},{\"@type\":\"ListItem\",\"position\":2,\"name\":\"F\u00eate du 1er Mai, \u00e0 chacun sa musique !\"}]},{\"@type\":\"WebSite\",\"@id\":\"https:\\\/\\\/www.webdo.tn\\\/fr\\\/#website\",\"url\":\"https:\\\/\\\/www.webdo.tn\\\/fr\\\/\",\"name\":\"webdo\",\"description\":\"Tunisie - News en Tunisie et \u00e0 l&#039;international sur Webdo.tn\",\"publisher\":{\"@id\":\"https:\\\/\\\/www.webdo.tn\\\/fr\\\/#organization\"},\"potentialAction\":[{\"@type\":\"SearchAction\",\"target\":{\"@type\":\"EntryPoint\",\"urlTemplate\":\"https:\\\/\\\/www.webdo.tn\\\/fr\\\/?s={search_term_string}\"},\"query-input\":{\"@type\":\"PropertyValueSpecification\",\"valueRequired\":true,\"valueName\":\"search_term_string\"}}],\"inLanguage\":\"fr-FR\"},{\"@type\":\"Organization\",\"@id\":\"https:\\\/\\\/www.webdo.tn\\\/fr\\\/#organization\",\"name\":\"Webdo\",\"alternateName\":\"Webdo.tn\",\"url\":\"https:\\\/\\\/www.webdo.tn\\\/fr\\\/\",\"logo\":{\"@type\":\"ImageObject\",\"inLanguage\":\"fr-FR\",\"@id\":\"https:\\\/\\\/www.webdo.tn\\\/fr\\\/#\\\/schema\\\/logo\\\/image\\\/\",\"url\":\"https:\\\/\\\/www.webdo.tn\\\/fr\\\/wp-content\\\/uploads\\\/2025\\\/06\\\/Webdo-Tunisie_168377.jpg\",\"contentUrl\":\"https:\\\/\\\/www.webdo.tn\\\/fr\\\/wp-content\\\/uploads\\\/2025\\\/06\\\/Webdo-Tunisie_168377.jpg\",\"width\":301,\"height\":301,\"caption\":\"Webdo\"},\"image\":{\"@id\":\"https:\\\/\\\/www.webdo.tn\\\/fr\\\/#\\\/schema\\\/logo\\\/image\\\/\"},\"sameAs\":[\"https:\\\/\\\/www.facebook.com\\\/webdotn\",\"https:\\\/\\\/x.com\\\/webdo_tn\"],\"description\":\"Webdo est un m\u00e9dia num\u00e9rique tunisien fond\u00e9 en 2010, sp\u00e9cialis\u00e9 dans l\u2019actualit\u00e9 nationale et internationale, l\u2019\u00e9conomie, la soci\u00e9t\u00e9 et les analyses politiques. Le site s\u2019adresse \u00e0 un large public francophone et couvre l\u2019information tunisienne en temps r\u00e9el.\",\"email\":\"redac@webdo.tn\",\"legalName\":\"YNJ SARL\",\"foundingDate\":\"2010-09-06\",\"numberOfEmployees\":{\"@type\":\"QuantitativeValue\",\"minValue\":\"11\",\"maxValue\":\"50\"}},{\"@type\":\"Person\",\"@id\":\"https:\\\/\\\/www.webdo.tn\\\/fr\\\/#\\\/schema\\\/person\\\/9a9c6118d687c117df8ef3cc36a4d175\",\"name\":\"webdo.tn\",\"image\":{\"@type\":\"ImageObject\",\"inLanguage\":\"fr-FR\",\"@id\":\"https:\\\/\\\/secure.gravatar.com\\\/avatar\\\/7ce1f28c0c3bbac99ff550b85ef8e44a6950c6ee24514fb6a5489e51d06f0298?s=96&d=mm&r=g\",\"url\":\"https:\\\/\\\/secure.gravatar.com\\\/avatar\\\/7ce1f28c0c3bbac99ff550b85ef8e44a6950c6ee24514fb6a5489e51d06f0298?s=96&d=mm&r=g\",\"contentUrl\":\"https:\\\/\\\/secure.gravatar.com\\\/avatar\\\/7ce1f28c0c3bbac99ff550b85ef8e44a6950c6ee24514fb6a5489e51d06f0298?s=96&d=mm&r=g\",\"caption\":\"webdo.tn\"},\"url\":\"https:\\\/\\\/www.webdo.tn\\\/fr\\\/actualite\\\/author\\\/webdotn\\\/\"}]}<\/script>\n<!-- \/ Yoast SEO Premium plugin. -->","yoast_head_json":{"title":"F\u00eate du 1er Mai, \u00e0 chacun sa musique !","description":"F\u00eate du 1er Mai, \u00e0 chacun sa musique !","canonical":"https:\/\/www.webdo.tn\/fr\/actualite\/national-45\/fete-du-1er-mai-a-chacun-sa-musique\/171991\/","og_locale":"fr_FR","og_type":"article","og_title":"F\u00eate du 1er Mai, \u00e0 chacun sa musique !","og_description":"F\u00eate du 1er Mai, \u00e0 chacun sa musique !","og_url":"https:\/\/www.webdo.tn\/fr\/actualite\/national-45\/fete-du-1er-mai-a-chacun-sa-musique\/171991\/","og_site_name":"webdo","article_publisher":"https:\/\/www.facebook.com\/webdotn","article_published_time":"2012-05-02T10:40:00+00:00","author":"webdo.tn","twitter_card":"summary_large_image","twitter_creator":"@webdo_tn","twitter_site":"@webdo_tn","twitter_misc":{"\u00c9crit par":"webdo.tn","Dur\u00e9e de lecture estim\u00e9e":"3 minutes"},"schema":{"@context":"https:\/\/schema.org","@graph":[{"@type":"NewsArticle","@id":"https:\/\/www.webdo.tn\/fr\/actualite\/national-45\/fete-du-1er-mai-a-chacun-sa-musique\/171991\/#article","isPartOf":{"@id":"https:\/\/www.webdo.tn\/fr\/actualite\/national-45\/fete-du-1er-mai-a-chacun-sa-musique\/171991\/"},"author":{"name":"webdo.tn","@id":"https:\/\/www.webdo.tn\/fr\/#\/schema\/person\/9a9c6118d687c117df8ef3cc36a4d175"},"headline":"F\u00eate du 1er Mai, \u00e0 chacun sa musique !","datePublished":"2012-05-02T10:40:00+00:00","mainEntityOfPage":{"@id":"https:\/\/www.webdo.tn\/fr\/actualite\/national-45\/fete-du-1er-mai-a-chacun-sa-musique\/171991\/"},"wordCount":541,"commentCount":0,"publisher":{"@id":"https:\/\/www.webdo.tn\/fr\/#organization"},"image":{"@id":"https:\/\/www.webdo.tn\/fr\/actualite\/national-45\/fete-du-1er-mai-a-chacun-sa-musique\/171991\/#primaryimage"},"thumbnailUrl":"https:\/\/www.webdo.tn\/fr\/wp-content\/uploads\/2025\/06\/Sous-la-banniere-de-lUGTT-une-chorale-nahdaoui-a-chante-des-louanges-de-la-legitimite-et-du-gouvernement-toute-la-matinee-photo-JasminTn_171991.jpg","keywords":["guerre"],"articleSection":["National"],"inLanguage":"fr-FR"},{"@type":"WebPage","@id":"https:\/\/www.webdo.tn\/fr\/actualite\/national-45\/fete-du-1er-mai-a-chacun-sa-musique\/171991\/","url":"https:\/\/www.webdo.tn\/fr\/actualite\/national-45\/fete-du-1er-mai-a-chacun-sa-musique\/171991\/","name":"F\u00eate du 1er Mai, \u00e0 chacun sa musique !","isPartOf":{"@id":"https:\/\/www.webdo.tn\/fr\/#website"},"primaryImageOfPage":{"@id":"https:\/\/www.webdo.tn\/fr\/actualite\/national-45\/fete-du-1er-mai-a-chacun-sa-musique\/171991\/#primaryimage"},"image":{"@id":"https:\/\/www.webdo.tn\/fr\/actualite\/national-45\/fete-du-1er-mai-a-chacun-sa-musique\/171991\/#primaryimage"},"thumbnailUrl":"https:\/\/www.webdo.tn\/fr\/wp-content\/uploads\/2025\/06\/Sous-la-banniere-de-lUGTT-une-chorale-nahdaoui-a-chante-des-louanges-de-la-legitimite-et-du-gouvernement-toute-la-matinee-photo-JasminTn_171991.jpg","datePublished":"2012-05-02T10:40:00+00:00","description":"F\u00eate du 1er Mai, \u00e0 chacun sa musique !","breadcrumb":{"@id":"https:\/\/www.webdo.tn\/fr\/actualite\/national-45\/fete-du-1er-mai-a-chacun-sa-musique\/171991\/#breadcrumb"},"inLanguage":"fr-FR","potentialAction":[{"@type":"ReadAction","target":["https:\/\/www.webdo.tn\/fr\/actualite\/national-45\/fete-du-1er-mai-a-chacun-sa-musique\/171991\/"]}]},{"@type":"ImageObject","inLanguage":"fr-FR","@id":"https:\/\/www.webdo.tn\/fr\/actualite\/national-45\/fete-du-1er-mai-a-chacun-sa-musique\/171991\/#primaryimage","url":"https:\/\/www.webdo.tn\/fr\/wp-content\/uploads\/2025\/06\/Sous-la-banniere-de-lUGTT-une-chorale-nahdaoui-a-chante-des-louanges-de-la-legitimite-et-du-gouvernement-toute-la-matinee-photo-JasminTn_171991.jpg","contentUrl":"https:\/\/www.webdo.tn\/fr\/wp-content\/uploads\/2025\/06\/Sous-la-banniere-de-lUGTT-une-chorale-nahdaoui-a-chante-des-louanges-de-la-legitimite-et-du-gouvernement-toute-la-matinee-photo-JasminTn_171991.jpg","width":600,"height":342,"caption":"F\u00eate du 1er Mai, \u00e0 chacun sa musique !"},{"@type":"BreadcrumbList","@id":"https:\/\/www.webdo.tn\/fr\/actualite\/national-45\/fete-du-1er-mai-a-chacun-sa-musique\/171991\/#breadcrumb","itemListElement":[{"@type":"ListItem","position":1,"name":"Accueil","item":"https:\/\/www.webdo.tn\/fr\/"},{"@type":"ListItem","position":2,"name":"F\u00eate du 1er Mai, \u00e0 chacun sa musique !"}]},{"@type":"WebSite","@id":"https:\/\/www.webdo.tn\/fr\/#website","url":"https:\/\/www.webdo.tn\/fr\/","name":"webdo","description":"Tunisie - News en Tunisie et \u00e0 l&#039;international sur Webdo.tn","publisher":{"@id":"https:\/\/www.webdo.tn\/fr\/#organization"},"potentialAction":[{"@type":"SearchAction","target":{"@type":"EntryPoint","urlTemplate":"https:\/\/www.webdo.tn\/fr\/?s={search_term_string}"},"query-input":{"@type":"PropertyValueSpecification","valueRequired":true,"valueName":"search_term_string"}}],"inLanguage":"fr-FR"},{"@type":"Organization","@id":"https:\/\/www.webdo.tn\/fr\/#organization","name":"Webdo","alternateName":"Webdo.tn","url":"https:\/\/www.webdo.tn\/fr\/","logo":{"@type":"ImageObject","inLanguage":"fr-FR","@id":"https:\/\/www.webdo.tn\/fr\/#\/schema\/logo\/image\/","url":"https:\/\/www.webdo.tn\/fr\/wp-content\/uploads\/2025\/06\/Webdo-Tunisie_168377.jpg","contentUrl":"https:\/\/www.webdo.tn\/fr\/wp-content\/uploads\/2025\/06\/Webdo-Tunisie_168377.jpg","width":301,"height":301,"caption":"Webdo"},"image":{"@id":"https:\/\/www.webdo.tn\/fr\/#\/schema\/logo\/image\/"},"sameAs":["https:\/\/www.facebook.com\/webdotn","https:\/\/x.com\/webdo_tn"],"description":"Webdo est un m\u00e9dia num\u00e9rique tunisien fond\u00e9 en 2010, sp\u00e9cialis\u00e9 dans l\u2019actualit\u00e9 nationale et internationale, l\u2019\u00e9conomie, la soci\u00e9t\u00e9 et les analyses politiques. Le site s\u2019adresse \u00e0 un large public francophone et couvre l\u2019information tunisienne en temps r\u00e9el.","email":"redac@webdo.tn","legalName":"YNJ SARL","foundingDate":"2010-09-06","numberOfEmployees":{"@type":"QuantitativeValue","minValue":"11","maxValue":"50"}},{"@type":"Person","@id":"https:\/\/www.webdo.tn\/fr\/#\/schema\/person\/9a9c6118d687c117df8ef3cc36a4d175","name":"webdo.tn","image":{"@type":"ImageObject","inLanguage":"fr-FR","@id":"https:\/\/secure.gravatar.com\/avatar\/7ce1f28c0c3bbac99ff550b85ef8e44a6950c6ee24514fb6a5489e51d06f0298?s=96&d=mm&r=g","url":"https:\/\/secure.gravatar.com\/avatar\/7ce1f28c0c3bbac99ff550b85ef8e44a6950c6ee24514fb6a5489e51d06f0298?s=96&d=mm&r=g","contentUrl":"https:\/\/secure.gravatar.com\/avatar\/7ce1f28c0c3bbac99ff550b85ef8e44a6950c6ee24514fb6a5489e51d06f0298?s=96&d=mm&r=g","caption":"webdo.tn"},"url":"https:\/\/www.webdo.tn\/fr\/actualite\/author\/webdotn\/"}]}},"_links":{"self":[{"href":"https:\/\/www.webdo.tn\/fr\/wp-json\/wp\/v2\/posts\/171991","targetHints":{"allow":["GET"]}}],"collection":[{"href":"https:\/\/www.webdo.tn\/fr\/wp-json\/wp\/v2\/posts"}],"about":[{"href":"https:\/\/www.webdo.tn\/fr\/wp-json\/wp\/v2\/types\/post"}],"author":[{"embeddable":true,"href":"https:\/\/www.webdo.tn\/fr\/wp-json\/wp\/v2\/users\/3222"}],"replies":[{"embeddable":true,"href":"https:\/\/www.webdo.tn\/fr\/wp-json\/wp\/v2\/comments?post=171991"}],"version-history":[{"count":0,"href":"https:\/\/www.webdo.tn\/fr\/wp-json\/wp\/v2\/posts\/171991\/revisions"}],"wp:featuredmedia":[{"embeddable":true,"href":"https:\/\/www.webdo.tn\/fr\/wp-json\/wp\/v2\/media\/374431"}],"wp:attachment":[{"href":"https:\/\/www.webdo.tn\/fr\/wp-json\/wp\/v2\/media?parent=171991"}],"wp:term":[{"taxonomy":"category","embeddable":true,"href":"https:\/\/www.webdo.tn\/fr\/wp-json\/wp\/v2\/categories?post=171991"},{"taxonomy":"post_tag","embeddable":true,"href":"https:\/\/www.webdo.tn\/fr\/wp-json\/wp\/v2\/tags?post=171991"}],"curies":[{"name":"wp","href":"https:\/\/api.w.org\/{rel}","templated":true}]}}