{"id":171989,"date":"2012-05-02T19:58:00","date_gmt":"2012-05-02T19:58:00","guid":{"rendered":"https:\/\/www.webdo.tn\/fr\/blog\/le-syndicat-de-la-police-refuse-que-justice-soit-faite\/171989\/"},"modified":"2012-05-02T19:58:00","modified_gmt":"2012-05-02T19:58:00","slug":"le-syndicat-de-la-police-refuse-que-justice-soit-faite","status":"publish","type":"post","link":"https:\/\/www.webdo.tn\/fr\/actualite\/national\/le-syndicat-de-la-police-refuse-que-justice-soit-faite\/171989\/","title":{"rendered":"Le syndicat de la police refuse que justice soit faite"},"content":{"rendered":"<p>R\u00e9ussir la transition ne peut se faire sans que justice ne soit faite. Des Tunisiens ont \u00e9t\u00e9 tu\u00e9s ou bless\u00e9s pendant la r\u00e9volution et les familles des victimes n\u2019arrivent toujours pas \u00e0 conna\u00eetre la liste des \u00abtueurs\u00bb. Les Tunisiens ont cependant fait confiance \u00e0 la justice et ont \u00e9t\u00e9 assez patients pour attendre les premiers verdicts.<\/p>\n<p>Il ne s\u2019agit pas du tout de se venger du corps de la police, mais juste de punir ceux qui ont op\u00e9r\u00e9 en dehors du cadre de la loi. Tuer un citoyen juste parce qu\u2019il manifeste est ill\u00e9gal et personne ne peut contredire cette v\u00e9rit\u00e9.<br \/>\nLa grande question est: que faire ?<br \/>\nCertains appellent \u00e0 la r\u00e9conciliation\u2026 mais qui a le droit de d\u00e9cider ?<\/p>\n<p>La fronti\u00e8re entre r\u00e9conciliation et impunit\u00e9 est tr\u00e8s fine, et pour pouvoir b\u00e2tir un \u00e9tat de droit, il est important de conna\u00eetre les responsables de meurtres et de punir\u2026 La r\u00e9conciliation est un autre processus qui doit venir apr\u00e8s.<br \/>\nBref, la justice a tranch\u00e9, pour le cas du martyr Slim Hadhri, tu\u00e9 en janvier 2011 \u00e0 Kerkenah.<\/p>\n<p>Les coupables, Omrane Abdel\u00e2al et Mohamed Sa\u00efd Khalouda, ont \u00e9t\u00e9 condamn\u00e9s \u00e0 20 ans de prison ferme et \u00e0 80 000 dinars d\u2019amende. Le d\u00e9roulement du proc\u00e8s n\u2019a pas \u00e9t\u00e9 remis en cause, il \u00e9tait juste et il n y a pas eu de vice de proc\u00e9dures.<\/p>\n<p>Il se trouve qu\u2019une vid\u00e9o, assez d\u00e9routante et grave, circule sur le web et montre l\u2019insatisfaction de certains membres du syndicat (r\u00e9gional) de la police \u00e0 Sfax.<\/p>\n<p>Ces derniers menacent de retirer toutes les forces de l\u2019ordre de devant toutes les institutions. \u00abIl ne s\u2019agit pas d\u2019avis personnel, mais des d\u00e9cisions prises par le syndicat\u00bb a expliqu\u00e9 un des syndicalistes. Il a aussi appel\u00e9 \u00e0 retirer les policiers de devant les tribunaux, ambassades, &#8230;Il consid\u00e8re par ailleurs que c\u2019est une d\u00e9cision politique.<br \/>\nEst-ce du chantage ?<br \/>\n\u00a0<\/p>\n<p>\u00a0<br \/>\nOn pourrait se demander qu&rsquo;est ce qu&rsquo;ils proposent contre tous les d\u00e9passements des policiers ? Est-ce qu\u2019ils ont le droit de ne pas respecter la loi ? Et-ce qu\u2019un policier qui a tir\u00e9 sur un citoyen peut consid\u00e9rer que c\u2019est l\u00e9gitime ?<br \/>\nLa nouvelle Tunisie ne peut pas se b\u00e2tir sans une r\u00e9elle prise de conscience de l\u2019importance d\u2019appliquer la loi, et ce, pour tous les Tunisiens, quelle que soit leur fonction ou leur m\u00e9tier.<\/p>\n<p>Cette d\u00e9claration publique que nous partageons ici nous rappelle ce qui s\u2019est pass\u00e9 au d\u00e9but du proc\u00e8s contre Moncef Laajimi. Le message \u00e9tait en gros le m\u00eame \u00abtu me touches, tu n\u2019auras plus de s\u00e9curit\u00e9\u00bb.. En allant plus loin, on pourrait \u00e9galement \u00e9voquer la r\u00e9action de certains policiers quand Farhat Rajhi a entam\u00e9 son processus de r\u00e9formes\u2026 Ils avaient \u00e9crit une lettre vindicative au pr\u00e9sident de la R\u00e9publique lui \u00abdemandant \u00bb de virer Rajhi.<\/p>\n<p>Comment entamer des r\u00e9formes si les policiers restent solidaires avec ceux qui ont commis des fautes professionnelles ?<\/p>\n","protected":false},"excerpt":{"rendered":"<p>Le syndicat de la police refuse que justice soit faite<\/p>\n","protected":false},"author":3222,"featured_media":333613,"comment_status":"open","ping_status":"closed","sticky":false,"template":"","format":"standard","meta":{"footnotes":""},"categories":[44],"tags":[2600],"class_list":["post-171989","post","type-post","status-publish","format-standard","has-post-thumbnail","hentry","category-national","tag-guerre"],"yoast_head":"<!-- This site is optimized with the Yoast SEO Premium plugin v27.5 (Yoast SEO v27.5) - https:\/\/yoast.com\/product\/yoast-seo-premium-wordpress\/ -->\n<title>Le syndicat de la police refuse que justice soit faite<\/title>\n<meta name=\"description\" content=\"Le syndicat de la police refuse que justice soit faite\" \/>\n<link rel=\"canonical\" href=\"https:\/\/www.webdo.tn\/fr\/actualite\/national-45\/le-syndicat-de-la-police-refuse-que-justice-soit-faite\/171989\/\" \/>\n<meta property=\"og:locale\" content=\"fr_FR\" \/>\n<meta property=\"og:type\" content=\"article\" \/>\n<meta property=\"og:title\" content=\"Le syndicat de la police refuse que justice soit faite\" \/>\n<meta property=\"og:description\" content=\"Le syndicat de la police refuse que justice soit faite\" \/>\n<meta property=\"og:url\" content=\"https:\/\/www.webdo.tn\/fr\/actualite\/national-45\/le-syndicat-de-la-police-refuse-que-justice-soit-faite\/171989\/\" \/>\n<meta property=\"og:site_name\" content=\"webdo\" \/>\n<meta property=\"article:publisher\" content=\"https:\/\/www.facebook.com\/webdotn\" \/>\n<meta property=\"article:published_time\" content=\"2012-05-02T19:58:00+00:00\" \/>\n<meta property=\"og:image\" content=\"https:\/\/www.webdo.tn\/fr\/wp-content\/uploads\/2012\/05\/Repressive-law-photo-en.contrainfo.espiv_.net_1.jpg\" \/>\n\t<meta property=\"og:image:width\" content=\"280\" \/>\n\t<meta property=\"og:image:height\" content=\"262\" \/>\n\t<meta property=\"og:image:type\" content=\"image\/jpeg\" \/>\n<meta name=\"author\" content=\"webdo.tn\" \/>\n<meta name=\"twitter:card\" content=\"summary_large_image\" \/>\n<meta name=\"twitter:creator\" content=\"@webdo_tn\" \/>\n<meta name=\"twitter:site\" content=\"@webdo_tn\" \/>\n<meta name=\"twitter:label1\" content=\"\u00c9crit par\" \/>\n\t<meta name=\"twitter:data1\" content=\"webdo.tn\" \/>\n\t<meta name=\"twitter:label2\" content=\"Dur\u00e9e de lecture estim\u00e9e\" \/>\n\t<meta name=\"twitter:data2\" content=\"3 minutes\" \/>\n<script type=\"application\/ld+json\" class=\"yoast-schema-graph\">{\"@context\":\"https:\\\/\\\/schema.org\",\"@graph\":[{\"@type\":\"NewsArticle\",\"@id\":\"https:\\\/\\\/www.webdo.tn\\\/fr\\\/actualite\\\/national-45\\\/le-syndicat-de-la-police-refuse-que-justice-soit-faite\\\/171989\\\/#article\",\"isPartOf\":{\"@id\":\"https:\\\/\\\/www.webdo.tn\\\/fr\\\/actualite\\\/national-45\\\/le-syndicat-de-la-police-refuse-que-justice-soit-faite\\\/171989\\\/\"},\"author\":{\"name\":\"webdo.tn\",\"@id\":\"https:\\\/\\\/www.webdo.tn\\\/fr\\\/#\\\/schema\\\/person\\\/9a9c6118d687c117df8ef3cc36a4d175\"},\"headline\":\"Le syndicat de la police refuse que justice soit faite\",\"datePublished\":\"2012-05-02T19:58:00+00:00\",\"mainEntityOfPage\":{\"@id\":\"https:\\\/\\\/www.webdo.tn\\\/fr\\\/actualite\\\/national-45\\\/le-syndicat-de-la-police-refuse-que-justice-soit-faite\\\/171989\\\/\"},\"wordCount\":533,\"commentCount\":0,\"publisher\":{\"@id\":\"https:\\\/\\\/www.webdo.tn\\\/fr\\\/#organization\"},\"image\":{\"@id\":\"https:\\\/\\\/www.webdo.tn\\\/fr\\\/actualite\\\/national-45\\\/le-syndicat-de-la-police-refuse-que-justice-soit-faite\\\/171989\\\/#primaryimage\"},\"thumbnailUrl\":\"https:\\\/\\\/www.webdo.tn\\\/fr\\\/wp-content\\\/uploads\\\/2012\\\/05\\\/Repressive-law-photo-en.contrainfo.espiv_.net_1.jpg\",\"keywords\":[\"guerre\"],\"articleSection\":[\"National\"],\"inLanguage\":\"fr-FR\"},{\"@type\":\"WebPage\",\"@id\":\"https:\\\/\\\/www.webdo.tn\\\/fr\\\/actualite\\\/national-45\\\/le-syndicat-de-la-police-refuse-que-justice-soit-faite\\\/171989\\\/\",\"url\":\"https:\\\/\\\/www.webdo.tn\\\/fr\\\/actualite\\\/national-45\\\/le-syndicat-de-la-police-refuse-que-justice-soit-faite\\\/171989\\\/\",\"name\":\"Le syndicat de la police refuse que justice soit faite\",\"isPartOf\":{\"@id\":\"https:\\\/\\\/www.webdo.tn\\\/fr\\\/#website\"},\"primaryImageOfPage\":{\"@id\":\"https:\\\/\\\/www.webdo.tn\\\/fr\\\/actualite\\\/national-45\\\/le-syndicat-de-la-police-refuse-que-justice-soit-faite\\\/171989\\\/#primaryimage\"},\"image\":{\"@id\":\"https:\\\/\\\/www.webdo.tn\\\/fr\\\/actualite\\\/national-45\\\/le-syndicat-de-la-police-refuse-que-justice-soit-faite\\\/171989\\\/#primaryimage\"},\"thumbnailUrl\":\"https:\\\/\\\/www.webdo.tn\\\/fr\\\/wp-content\\\/uploads\\\/2012\\\/05\\\/Repressive-law-photo-en.contrainfo.espiv_.net_1.jpg\",\"datePublished\":\"2012-05-02T19:58:00+00:00\",\"description\":\"Le syndicat de la police refuse que justice soit faite\",\"breadcrumb\":{\"@id\":\"https:\\\/\\\/www.webdo.tn\\\/fr\\\/actualite\\\/national-45\\\/le-syndicat-de-la-police-refuse-que-justice-soit-faite\\\/171989\\\/#breadcrumb\"},\"inLanguage\":\"fr-FR\",\"potentialAction\":[{\"@type\":\"ReadAction\",\"target\":[\"https:\\\/\\\/www.webdo.tn\\\/fr\\\/actualite\\\/national-45\\\/le-syndicat-de-la-police-refuse-que-justice-soit-faite\\\/171989\\\/\"]}]},{\"@type\":\"ImageObject\",\"inLanguage\":\"fr-FR\",\"@id\":\"https:\\\/\\\/www.webdo.tn\\\/fr\\\/actualite\\\/national-45\\\/le-syndicat-de-la-police-refuse-que-justice-soit-faite\\\/171989\\\/#primaryimage\",\"url\":\"https:\\\/\\\/www.webdo.tn\\\/fr\\\/wp-content\\\/uploads\\\/2012\\\/05\\\/Repressive-law-photo-en.contrainfo.espiv_.net_1.jpg\",\"contentUrl\":\"https:\\\/\\\/www.webdo.tn\\\/fr\\\/wp-content\\\/uploads\\\/2012\\\/05\\\/Repressive-law-photo-en.contrainfo.espiv_.net_1.jpg\",\"width\":280,\"height\":262,\"caption\":\"Le syndicat de la police refuse que justice soit faite\"},{\"@type\":\"BreadcrumbList\",\"@id\":\"https:\\\/\\\/www.webdo.tn\\\/fr\\\/actualite\\\/national-45\\\/le-syndicat-de-la-police-refuse-que-justice-soit-faite\\\/171989\\\/#breadcrumb\",\"itemListElement\":[{\"@type\":\"ListItem\",\"position\":1,\"name\":\"Accueil\",\"item\":\"https:\\\/\\\/www.webdo.tn\\\/fr\\\/\"},{\"@type\":\"ListItem\",\"position\":2,\"name\":\"Le syndicat de la police refuse que justice soit faite\"}]},{\"@type\":\"WebSite\",\"@id\":\"https:\\\/\\\/www.webdo.tn\\\/fr\\\/#website\",\"url\":\"https:\\\/\\\/www.webdo.tn\\\/fr\\\/\",\"name\":\"webdo\",\"description\":\"Tunisie - News en Tunisie et \u00e0 l&#039;international sur Webdo.tn\",\"publisher\":{\"@id\":\"https:\\\/\\\/www.webdo.tn\\\/fr\\\/#organization\"},\"potentialAction\":[{\"@type\":\"SearchAction\",\"target\":{\"@type\":\"EntryPoint\",\"urlTemplate\":\"https:\\\/\\\/www.webdo.tn\\\/fr\\\/?s={search_term_string}\"},\"query-input\":{\"@type\":\"PropertyValueSpecification\",\"valueRequired\":true,\"valueName\":\"search_term_string\"}}],\"inLanguage\":\"fr-FR\"},{\"@type\":\"Organization\",\"@id\":\"https:\\\/\\\/www.webdo.tn\\\/fr\\\/#organization\",\"name\":\"Webdo\",\"alternateName\":\"Webdo.tn\",\"url\":\"https:\\\/\\\/www.webdo.tn\\\/fr\\\/\",\"logo\":{\"@type\":\"ImageObject\",\"inLanguage\":\"fr-FR\",\"@id\":\"https:\\\/\\\/www.webdo.tn\\\/fr\\\/#\\\/schema\\\/logo\\\/image\\\/\",\"url\":\"https:\\\/\\\/www.webdo.tn\\\/fr\\\/wp-content\\\/uploads\\\/2025\\\/06\\\/Webdo-Tunisie_168377.jpg\",\"contentUrl\":\"https:\\\/\\\/www.webdo.tn\\\/fr\\\/wp-content\\\/uploads\\\/2025\\\/06\\\/Webdo-Tunisie_168377.jpg\",\"width\":301,\"height\":301,\"caption\":\"Webdo\"},\"image\":{\"@id\":\"https:\\\/\\\/www.webdo.tn\\\/fr\\\/#\\\/schema\\\/logo\\\/image\\\/\"},\"sameAs\":[\"https:\\\/\\\/www.facebook.com\\\/webdotn\",\"https:\\\/\\\/x.com\\\/webdo_tn\"],\"description\":\"Webdo est un m\u00e9dia num\u00e9rique tunisien fond\u00e9 en 2010, sp\u00e9cialis\u00e9 dans l\u2019actualit\u00e9 nationale et internationale, l\u2019\u00e9conomie, la soci\u00e9t\u00e9 et les analyses politiques. Le site s\u2019adresse \u00e0 un large public francophone et couvre l\u2019information tunisienne en temps r\u00e9el.\",\"email\":\"redac@webdo.tn\",\"legalName\":\"YNJ SARL\",\"foundingDate\":\"2010-09-06\",\"numberOfEmployees\":{\"@type\":\"QuantitativeValue\",\"minValue\":\"11\",\"maxValue\":\"50\"}},{\"@type\":\"Person\",\"@id\":\"https:\\\/\\\/www.webdo.tn\\\/fr\\\/#\\\/schema\\\/person\\\/9a9c6118d687c117df8ef3cc36a4d175\",\"name\":\"webdo.tn\",\"image\":{\"@type\":\"ImageObject\",\"inLanguage\":\"fr-FR\",\"@id\":\"https:\\\/\\\/secure.gravatar.com\\\/avatar\\\/7ce1f28c0c3bbac99ff550b85ef8e44a6950c6ee24514fb6a5489e51d06f0298?s=96&d=mm&r=g\",\"url\":\"https:\\\/\\\/secure.gravatar.com\\\/avatar\\\/7ce1f28c0c3bbac99ff550b85ef8e44a6950c6ee24514fb6a5489e51d06f0298?s=96&d=mm&r=g\",\"contentUrl\":\"https:\\\/\\\/secure.gravatar.com\\\/avatar\\\/7ce1f28c0c3bbac99ff550b85ef8e44a6950c6ee24514fb6a5489e51d06f0298?s=96&d=mm&r=g\",\"caption\":\"webdo.tn\"},\"url\":\"https:\\\/\\\/www.webdo.tn\\\/fr\\\/actualite\\\/author\\\/webdotn\\\/\"}]}<\/script>\n<!-- \/ Yoast SEO Premium plugin. -->","yoast_head_json":{"title":"Le syndicat de la police refuse que justice soit faite","description":"Le syndicat de la police refuse que justice soit faite","canonical":"https:\/\/www.webdo.tn\/fr\/actualite\/national-45\/le-syndicat-de-la-police-refuse-que-justice-soit-faite\/171989\/","og_locale":"fr_FR","og_type":"article","og_title":"Le syndicat de la police refuse que justice soit faite","og_description":"Le syndicat de la police refuse que justice soit faite","og_url":"https:\/\/www.webdo.tn\/fr\/actualite\/national-45\/le-syndicat-de-la-police-refuse-que-justice-soit-faite\/171989\/","og_site_name":"webdo","article_publisher":"https:\/\/www.facebook.com\/webdotn","article_published_time":"2012-05-02T19:58:00+00:00","og_image":[{"width":280,"height":262,"url":"https:\/\/www.webdo.tn\/fr\/wp-content\/uploads\/2012\/05\/Repressive-law-photo-en.contrainfo.espiv_.net_1.jpg","type":"image\/jpeg"}],"author":"webdo.tn","twitter_card":"summary_large_image","twitter_creator":"@webdo_tn","twitter_site":"@webdo_tn","twitter_misc":{"\u00c9crit par":"webdo.tn","Dur\u00e9e de lecture estim\u00e9e":"3 minutes"},"schema":{"@context":"https:\/\/schema.org","@graph":[{"@type":"NewsArticle","@id":"https:\/\/www.webdo.tn\/fr\/actualite\/national-45\/le-syndicat-de-la-police-refuse-que-justice-soit-faite\/171989\/#article","isPartOf":{"@id":"https:\/\/www.webdo.tn\/fr\/actualite\/national-45\/le-syndicat-de-la-police-refuse-que-justice-soit-faite\/171989\/"},"author":{"name":"webdo.tn","@id":"https:\/\/www.webdo.tn\/fr\/#\/schema\/person\/9a9c6118d687c117df8ef3cc36a4d175"},"headline":"Le syndicat de la police refuse que justice soit faite","datePublished":"2012-05-02T19:58:00+00:00","mainEntityOfPage":{"@id":"https:\/\/www.webdo.tn\/fr\/actualite\/national-45\/le-syndicat-de-la-police-refuse-que-justice-soit-faite\/171989\/"},"wordCount":533,"commentCount":0,"publisher":{"@id":"https:\/\/www.webdo.tn\/fr\/#organization"},"image":{"@id":"https:\/\/www.webdo.tn\/fr\/actualite\/national-45\/le-syndicat-de-la-police-refuse-que-justice-soit-faite\/171989\/#primaryimage"},"thumbnailUrl":"https:\/\/www.webdo.tn\/fr\/wp-content\/uploads\/2012\/05\/Repressive-law-photo-en.contrainfo.espiv_.net_1.jpg","keywords":["guerre"],"articleSection":["National"],"inLanguage":"fr-FR"},{"@type":"WebPage","@id":"https:\/\/www.webdo.tn\/fr\/actualite\/national-45\/le-syndicat-de-la-police-refuse-que-justice-soit-faite\/171989\/","url":"https:\/\/www.webdo.tn\/fr\/actualite\/national-45\/le-syndicat-de-la-police-refuse-que-justice-soit-faite\/171989\/","name":"Le syndicat de la police refuse que justice soit faite","isPartOf":{"@id":"https:\/\/www.webdo.tn\/fr\/#website"},"primaryImageOfPage":{"@id":"https:\/\/www.webdo.tn\/fr\/actualite\/national-45\/le-syndicat-de-la-police-refuse-que-justice-soit-faite\/171989\/#primaryimage"},"image":{"@id":"https:\/\/www.webdo.tn\/fr\/actualite\/national-45\/le-syndicat-de-la-police-refuse-que-justice-soit-faite\/171989\/#primaryimage"},"thumbnailUrl":"https:\/\/www.webdo.tn\/fr\/wp-content\/uploads\/2012\/05\/Repressive-law-photo-en.contrainfo.espiv_.net_1.jpg","datePublished":"2012-05-02T19:58:00+00:00","description":"Le syndicat de la police refuse que justice soit faite","breadcrumb":{"@id":"https:\/\/www.webdo.tn\/fr\/actualite\/national-45\/le-syndicat-de-la-police-refuse-que-justice-soit-faite\/171989\/#breadcrumb"},"inLanguage":"fr-FR","potentialAction":[{"@type":"ReadAction","target":["https:\/\/www.webdo.tn\/fr\/actualite\/national-45\/le-syndicat-de-la-police-refuse-que-justice-soit-faite\/171989\/"]}]},{"@type":"ImageObject","inLanguage":"fr-FR","@id":"https:\/\/www.webdo.tn\/fr\/actualite\/national-45\/le-syndicat-de-la-police-refuse-que-justice-soit-faite\/171989\/#primaryimage","url":"https:\/\/www.webdo.tn\/fr\/wp-content\/uploads\/2012\/05\/Repressive-law-photo-en.contrainfo.espiv_.net_1.jpg","contentUrl":"https:\/\/www.webdo.tn\/fr\/wp-content\/uploads\/2012\/05\/Repressive-law-photo-en.contrainfo.espiv_.net_1.jpg","width":280,"height":262,"caption":"Le syndicat de la police refuse que justice soit faite"},{"@type":"BreadcrumbList","@id":"https:\/\/www.webdo.tn\/fr\/actualite\/national-45\/le-syndicat-de-la-police-refuse-que-justice-soit-faite\/171989\/#breadcrumb","itemListElement":[{"@type":"ListItem","position":1,"name":"Accueil","item":"https:\/\/www.webdo.tn\/fr\/"},{"@type":"ListItem","position":2,"name":"Le syndicat de la police refuse que justice soit faite"}]},{"@type":"WebSite","@id":"https:\/\/www.webdo.tn\/fr\/#website","url":"https:\/\/www.webdo.tn\/fr\/","name":"webdo","description":"Tunisie - News en Tunisie et \u00e0 l&#039;international sur Webdo.tn","publisher":{"@id":"https:\/\/www.webdo.tn\/fr\/#organization"},"potentialAction":[{"@type":"SearchAction","target":{"@type":"EntryPoint","urlTemplate":"https:\/\/www.webdo.tn\/fr\/?s={search_term_string}"},"query-input":{"@type":"PropertyValueSpecification","valueRequired":true,"valueName":"search_term_string"}}],"inLanguage":"fr-FR"},{"@type":"Organization","@id":"https:\/\/www.webdo.tn\/fr\/#organization","name":"Webdo","alternateName":"Webdo.tn","url":"https:\/\/www.webdo.tn\/fr\/","logo":{"@type":"ImageObject","inLanguage":"fr-FR","@id":"https:\/\/www.webdo.tn\/fr\/#\/schema\/logo\/image\/","url":"https:\/\/www.webdo.tn\/fr\/wp-content\/uploads\/2025\/06\/Webdo-Tunisie_168377.jpg","contentUrl":"https:\/\/www.webdo.tn\/fr\/wp-content\/uploads\/2025\/06\/Webdo-Tunisie_168377.jpg","width":301,"height":301,"caption":"Webdo"},"image":{"@id":"https:\/\/www.webdo.tn\/fr\/#\/schema\/logo\/image\/"},"sameAs":["https:\/\/www.facebook.com\/webdotn","https:\/\/x.com\/webdo_tn"],"description":"Webdo est un m\u00e9dia num\u00e9rique tunisien fond\u00e9 en 2010, sp\u00e9cialis\u00e9 dans l\u2019actualit\u00e9 nationale et internationale, l\u2019\u00e9conomie, la soci\u00e9t\u00e9 et les analyses politiques. Le site s\u2019adresse \u00e0 un large public francophone et couvre l\u2019information tunisienne en temps r\u00e9el.","email":"redac@webdo.tn","legalName":"YNJ SARL","foundingDate":"2010-09-06","numberOfEmployees":{"@type":"QuantitativeValue","minValue":"11","maxValue":"50"}},{"@type":"Person","@id":"https:\/\/www.webdo.tn\/fr\/#\/schema\/person\/9a9c6118d687c117df8ef3cc36a4d175","name":"webdo.tn","image":{"@type":"ImageObject","inLanguage":"fr-FR","@id":"https:\/\/secure.gravatar.com\/avatar\/7ce1f28c0c3bbac99ff550b85ef8e44a6950c6ee24514fb6a5489e51d06f0298?s=96&d=mm&r=g","url":"https:\/\/secure.gravatar.com\/avatar\/7ce1f28c0c3bbac99ff550b85ef8e44a6950c6ee24514fb6a5489e51d06f0298?s=96&d=mm&r=g","contentUrl":"https:\/\/secure.gravatar.com\/avatar\/7ce1f28c0c3bbac99ff550b85ef8e44a6950c6ee24514fb6a5489e51d06f0298?s=96&d=mm&r=g","caption":"webdo.tn"},"url":"https:\/\/www.webdo.tn\/fr\/actualite\/author\/webdotn\/"}]}},"_links":{"self":[{"href":"https:\/\/www.webdo.tn\/fr\/wp-json\/wp\/v2\/posts\/171989","targetHints":{"allow":["GET"]}}],"collection":[{"href":"https:\/\/www.webdo.tn\/fr\/wp-json\/wp\/v2\/posts"}],"about":[{"href":"https:\/\/www.webdo.tn\/fr\/wp-json\/wp\/v2\/types\/post"}],"author":[{"embeddable":true,"href":"https:\/\/www.webdo.tn\/fr\/wp-json\/wp\/v2\/users\/3222"}],"replies":[{"embeddable":true,"href":"https:\/\/www.webdo.tn\/fr\/wp-json\/wp\/v2\/comments?post=171989"}],"version-history":[{"count":0,"href":"https:\/\/www.webdo.tn\/fr\/wp-json\/wp\/v2\/posts\/171989\/revisions"}],"wp:featuredmedia":[{"embeddable":true,"href":"https:\/\/www.webdo.tn\/fr\/wp-json\/wp\/v2\/media\/333613"}],"wp:attachment":[{"href":"https:\/\/www.webdo.tn\/fr\/wp-json\/wp\/v2\/media?parent=171989"}],"wp:term":[{"taxonomy":"category","embeddable":true,"href":"https:\/\/www.webdo.tn\/fr\/wp-json\/wp\/v2\/categories?post=171989"},{"taxonomy":"post_tag","embeddable":true,"href":"https:\/\/www.webdo.tn\/fr\/wp-json\/wp\/v2\/tags?post=171989"}],"curies":[{"name":"wp","href":"https:\/\/api.w.org\/{rel}","templated":true}]}}