{"id":171987,"date":"2012-05-03T10:45:00","date_gmt":"2012-05-03T10:45:00","guid":{"rendered":"https:\/\/www.webdo.tn\/fr\/blog\/affaire-nessma-tv-nabil-karoui-ecope-d-une-amende-de-2400-dinars\/171987\/"},"modified":"2025-06-04T18:57:30","modified_gmt":"2025-06-04T18:57:30","slug":"affaire-nessma-tv-nabil-karoui-ecope-d-une-amende-de-2400-dinars","status":"publish","type":"post","link":"https:\/\/www.webdo.tn\/fr\/actualite\/national\/affaire-nessma-tv-nabil-karoui-ecope-d-une-amende-de-2400-dinars\/171987\/","title":{"rendered":"Affaire Nessma TV : Nabil Karoui \u00e9cope d\u2019une amende de 2400 dinars"},"content":{"rendered":"<p>Apr\u00e8s trois audiences, le verdict du proc\u00e8s de Nessma TV a \u00e9t\u00e9 annonc\u00e9 aujourd&rsquo;hui, jeudi 3 mai 2012, une date qui co\u00efncide avec la Journ\u00e9e Mondiale de la libert\u00e9 de la presse.<\/p>\n<p>Nabil Karoui  a \u00e9cop\u00e9 de 2400 dinars d&rsquo;amende pour la diffusion d&rsquo;un film de nature \u00e0 nuire \u00e0 l&rsquo;ordre public et aux bonnes m\u0153urs et \u00e9chappe ainsi \u00e0 la prison comme il a \u00e9t\u00e9 souhait\u00e9 par ses d\u00e9tracteurs.<\/p>\n<p>Quant \u00e0 Nadia Jamel, pr\u00e9sidente de l\u2019association \u00abImage et parole\u00bb qui a assur\u00e9 le doublage du film contest\u00e9 et H\u00e9di Boughnim, responsable du service de visionnage, ils ont \u00e9cop\u00e9 chacun d\u2019une amende de 1200 DT.<\/p>\n<p>Ce 3 mai, la Journ\u00e9e Mondiale de la libert\u00e9 de la presse tombe \u00e0 point nomm\u00e9, car certains y voient un \u00abrel\u00e2chement\u00bb de la position du gouvernement sur les sujets qui touchent \u00e0 l&rsquo;Islam, leitmotiv du parti Ennahdha. Les plus mod\u00e9r\u00e9s y voient dans ce verdict un pas gagn\u00e9 pour garantir la d\u00e9mocratie.<\/p>\n<p>Toutefois, pour ceux dont le proc\u00e8s de \u00abNessma\u00bb est devenu synonyme de combat pour la libert\u00e9 d&rsquo;expression ; Pour la classe la\u00efque tunisienne, comme pour Amnesty International, qui a demand\u00e9, auparavant, la lev\u00e9e des charges pesant contre le directeur de la cha\u00eene, ce verdict reste un point noir en cette Journ\u00e9e Mondiale de la libert\u00e9 de la presse.<\/p>\n<p>La diffusion du long m\u00e9trage \u00ab\u00a0Persepolis, vendredi 7 octobre 2011, avait provoqu\u00e9 une vague de col\u00e8re parmi les Tunisiens et a valu \u00e0 la cha\u00eene Nessma une attaque enrag\u00e9e d&rsquo;environ 200 islamistes et \u00e0 Nabil Karoui de pr\u00e9senter ses excuses au peuple tunisien.<\/p>\n<p>Nabil Karoui a \u00e9galement \u00e9t\u00e9 victime d\u2019agressions \u00e0 son domicile qui a \u00e9t\u00e9 \u00ab\u00a0envahi\u00a0\u00bb par des \u00e9nergum\u00e8nes. Les inculp\u00e9s avaient \u00e9t\u00e9 arr\u00eat\u00e9s puis rel\u00e2ch\u00e9s cinq jours plus tard avec une amende de 9,600 D. Le lendemain, deux voitures \u00e9taient incendi\u00e9es devant le domicile du patron de Nessma TV, Nabil Karoui.<\/p>\n","protected":false},"excerpt":{"rendered":"<p>Affaire Nessma TV : Nabil Karoui \u00e9cope d\u2019une amende de 2400 dinars<\/p>\n","protected":false},"author":3222,"featured_media":333614,"comment_status":"open","ping_status":"closed","sticky":false,"template":"","format":"standard","meta":{"footnotes":""},"categories":[44],"tags":[],"class_list":["post-171987","post","type-post","status-publish","format-standard","has-post-thumbnail","hentry","category-national"],"yoast_head":"<!-- This site is optimized with the Yoast SEO Premium plugin v27.5 (Yoast SEO v27.5) - https:\/\/yoast.com\/product\/yoast-seo-premium-wordpress\/ -->\n<title>Affaire Nessma TV : Nabil Karoui \u00e9cope d\u2019une amende de 2400 dinars<\/title>\n<meta name=\"description\" content=\"Affaire Nessma TV : Nabil Karoui \u00e9cope d\u2019une amende de 2400 dinars\" \/>\n<link rel=\"canonical\" href=\"https:\/\/www.webdo.tn\/fr\/actualite\/national\/affaire-nessma-tv-nabil-karoui-ecope-d-une-amende-de-2400-dinars\/171987\/\" \/>\n<meta property=\"og:locale\" content=\"fr_FR\" \/>\n<meta property=\"og:type\" content=\"article\" \/>\n<meta property=\"og:title\" content=\"Affaire Nessma TV : Nabil Karoui \u00e9cope d\u2019une amende de 2400 dinars\" \/>\n<meta property=\"og:description\" content=\"Affaire Nessma TV : Nabil Karoui \u00e9cope d\u2019une amende de 2400 dinars\" \/>\n<meta property=\"og:url\" content=\"https:\/\/www.webdo.tn\/fr\/actualite\/national\/affaire-nessma-tv-nabil-karoui-ecope-d-une-amende-de-2400-dinars\/171987\/\" \/>\n<meta property=\"og:site_name\" content=\"webdo\" \/>\n<meta property=\"article:publisher\" content=\"https:\/\/www.facebook.com\/webdotn\" \/>\n<meta property=\"article:published_time\" content=\"2012-05-03T10:45:00+00:00\" \/>\n<meta property=\"article:modified_time\" content=\"2025-06-04T18:57:30+00:00\" \/>\n<meta property=\"og:image\" content=\"https:\/\/www.webdo.tn\/fr\/wp-content\/uploads\/2012\/05\/Limage-de-Dieu-dans-le-film-Persepolis.jpg\" \/>\n\t<meta property=\"og:image:width\" content=\"299\" \/>\n\t<meta property=\"og:image:height\" content=\"178\" \/>\n\t<meta property=\"og:image:type\" content=\"image\/jpeg\" \/>\n<meta name=\"author\" content=\"webdo.tn\" \/>\n<meta name=\"twitter:card\" content=\"summary_large_image\" \/>\n<meta name=\"twitter:creator\" content=\"@webdo_tn\" \/>\n<meta name=\"twitter:site\" content=\"@webdo_tn\" \/>\n<meta name=\"twitter:label1\" content=\"\u00c9crit par\" \/>\n\t<meta name=\"twitter:data1\" content=\"webdo.tn\" \/>\n\t<meta name=\"twitter:label2\" content=\"Dur\u00e9e de lecture estim\u00e9e\" \/>\n\t<meta name=\"twitter:data2\" content=\"2 minutes\" \/>\n<script type=\"application\/ld+json\" class=\"yoast-schema-graph\">{\"@context\":\"https:\\\/\\\/schema.org\",\"@graph\":[{\"@type\":\"NewsArticle\",\"@id\":\"https:\\\/\\\/www.webdo.tn\\\/fr\\\/actualite\\\/national\\\/affaire-nessma-tv-nabil-karoui-ecope-d-une-amende-de-2400-dinars\\\/171987\\\/#article\",\"isPartOf\":{\"@id\":\"https:\\\/\\\/www.webdo.tn\\\/fr\\\/actualite\\\/national\\\/affaire-nessma-tv-nabil-karoui-ecope-d-une-amende-de-2400-dinars\\\/171987\\\/\"},\"author\":{\"name\":\"webdo.tn\",\"@id\":\"https:\\\/\\\/www.webdo.tn\\\/fr\\\/#\\\/schema\\\/person\\\/9a9c6118d687c117df8ef3cc36a4d175\"},\"headline\":\"Affaire Nessma TV : Nabil Karoui \u00e9cope d\u2019une amende de 2400 dinars\",\"datePublished\":\"2012-05-03T10:45:00+00:00\",\"dateModified\":\"2025-06-04T18:57:30+00:00\",\"mainEntityOfPage\":{\"@id\":\"https:\\\/\\\/www.webdo.tn\\\/fr\\\/actualite\\\/national\\\/affaire-nessma-tv-nabil-karoui-ecope-d-une-amende-de-2400-dinars\\\/171987\\\/\"},\"wordCount\":341,\"commentCount\":0,\"publisher\":{\"@id\":\"https:\\\/\\\/www.webdo.tn\\\/fr\\\/#organization\"},\"image\":{\"@id\":\"https:\\\/\\\/www.webdo.tn\\\/fr\\\/actualite\\\/national\\\/affaire-nessma-tv-nabil-karoui-ecope-d-une-amende-de-2400-dinars\\\/171987\\\/#primaryimage\"},\"thumbnailUrl\":\"https:\\\/\\\/www.webdo.tn\\\/fr\\\/wp-content\\\/uploads\\\/2012\\\/05\\\/Limage-de-Dieu-dans-le-film-Persepolis.jpg\",\"articleSection\":[\"National\"],\"inLanguage\":\"fr-FR\"},{\"@type\":\"WebPage\",\"@id\":\"https:\\\/\\\/www.webdo.tn\\\/fr\\\/actualite\\\/national\\\/affaire-nessma-tv-nabil-karoui-ecope-d-une-amende-de-2400-dinars\\\/171987\\\/\",\"url\":\"https:\\\/\\\/www.webdo.tn\\\/fr\\\/actualite\\\/national\\\/affaire-nessma-tv-nabil-karoui-ecope-d-une-amende-de-2400-dinars\\\/171987\\\/\",\"name\":\"Affaire Nessma TV : Nabil Karoui \u00e9cope d\u2019une amende de 2400 dinars\",\"isPartOf\":{\"@id\":\"https:\\\/\\\/www.webdo.tn\\\/fr\\\/#website\"},\"primaryImageOfPage\":{\"@id\":\"https:\\\/\\\/www.webdo.tn\\\/fr\\\/actualite\\\/national\\\/affaire-nessma-tv-nabil-karoui-ecope-d-une-amende-de-2400-dinars\\\/171987\\\/#primaryimage\"},\"image\":{\"@id\":\"https:\\\/\\\/www.webdo.tn\\\/fr\\\/actualite\\\/national\\\/affaire-nessma-tv-nabil-karoui-ecope-d-une-amende-de-2400-dinars\\\/171987\\\/#primaryimage\"},\"thumbnailUrl\":\"https:\\\/\\\/www.webdo.tn\\\/fr\\\/wp-content\\\/uploads\\\/2012\\\/05\\\/Limage-de-Dieu-dans-le-film-Persepolis.jpg\",\"datePublished\":\"2012-05-03T10:45:00+00:00\",\"dateModified\":\"2025-06-04T18:57:30+00:00\",\"description\":\"Affaire Nessma TV : Nabil Karoui \u00e9cope d\u2019une amende de 2400 dinars\",\"breadcrumb\":{\"@id\":\"https:\\\/\\\/www.webdo.tn\\\/fr\\\/actualite\\\/national\\\/affaire-nessma-tv-nabil-karoui-ecope-d-une-amende-de-2400-dinars\\\/171987\\\/#breadcrumb\"},\"inLanguage\":\"fr-FR\",\"potentialAction\":[{\"@type\":\"ReadAction\",\"target\":[\"https:\\\/\\\/www.webdo.tn\\\/fr\\\/actualite\\\/national\\\/affaire-nessma-tv-nabil-karoui-ecope-d-une-amende-de-2400-dinars\\\/171987\\\/\"]}]},{\"@type\":\"ImageObject\",\"inLanguage\":\"fr-FR\",\"@id\":\"https:\\\/\\\/www.webdo.tn\\\/fr\\\/actualite\\\/national\\\/affaire-nessma-tv-nabil-karoui-ecope-d-une-amende-de-2400-dinars\\\/171987\\\/#primaryimage\",\"url\":\"https:\\\/\\\/www.webdo.tn\\\/fr\\\/wp-content\\\/uploads\\\/2012\\\/05\\\/Limage-de-Dieu-dans-le-film-Persepolis.jpg\",\"contentUrl\":\"https:\\\/\\\/www.webdo.tn\\\/fr\\\/wp-content\\\/uploads\\\/2012\\\/05\\\/Limage-de-Dieu-dans-le-film-Persepolis.jpg\",\"width\":299,\"height\":178,\"caption\":\"Affaire Nessma TV : Nabil Karoui \u00e9cope d\u2019une amende de 2400 dinars\"},{\"@type\":\"BreadcrumbList\",\"@id\":\"https:\\\/\\\/www.webdo.tn\\\/fr\\\/actualite\\\/national\\\/affaire-nessma-tv-nabil-karoui-ecope-d-une-amende-de-2400-dinars\\\/171987\\\/#breadcrumb\",\"itemListElement\":[{\"@type\":\"ListItem\",\"position\":1,\"name\":\"Accueil\",\"item\":\"https:\\\/\\\/www.webdo.tn\\\/fr\\\/\"},{\"@type\":\"ListItem\",\"position\":2,\"name\":\"Affaire Nessma TV : Nabil Karoui \u00e9cope d\u2019une amende de 2400 dinars\"}]},{\"@type\":\"WebSite\",\"@id\":\"https:\\\/\\\/www.webdo.tn\\\/fr\\\/#website\",\"url\":\"https:\\\/\\\/www.webdo.tn\\\/fr\\\/\",\"name\":\"webdo\",\"description\":\"Tunisie - News en Tunisie et \u00e0 l&#039;international sur Webdo.tn\",\"publisher\":{\"@id\":\"https:\\\/\\\/www.webdo.tn\\\/fr\\\/#organization\"},\"potentialAction\":[{\"@type\":\"SearchAction\",\"target\":{\"@type\":\"EntryPoint\",\"urlTemplate\":\"https:\\\/\\\/www.webdo.tn\\\/fr\\\/?s={search_term_string}\"},\"query-input\":{\"@type\":\"PropertyValueSpecification\",\"valueRequired\":true,\"valueName\":\"search_term_string\"}}],\"inLanguage\":\"fr-FR\"},{\"@type\":\"Organization\",\"@id\":\"https:\\\/\\\/www.webdo.tn\\\/fr\\\/#organization\",\"name\":\"Webdo\",\"alternateName\":\"Webdo.tn\",\"url\":\"https:\\\/\\\/www.webdo.tn\\\/fr\\\/\",\"logo\":{\"@type\":\"ImageObject\",\"inLanguage\":\"fr-FR\",\"@id\":\"https:\\\/\\\/www.webdo.tn\\\/fr\\\/#\\\/schema\\\/logo\\\/image\\\/\",\"url\":\"https:\\\/\\\/www.webdo.tn\\\/fr\\\/wp-content\\\/uploads\\\/2025\\\/06\\\/Webdo-Tunisie_168377.jpg\",\"contentUrl\":\"https:\\\/\\\/www.webdo.tn\\\/fr\\\/wp-content\\\/uploads\\\/2025\\\/06\\\/Webdo-Tunisie_168377.jpg\",\"width\":301,\"height\":301,\"caption\":\"Webdo\"},\"image\":{\"@id\":\"https:\\\/\\\/www.webdo.tn\\\/fr\\\/#\\\/schema\\\/logo\\\/image\\\/\"},\"sameAs\":[\"https:\\\/\\\/www.facebook.com\\\/webdotn\",\"https:\\\/\\\/x.com\\\/webdo_tn\"],\"description\":\"Webdo est un m\u00e9dia num\u00e9rique tunisien fond\u00e9 en 2010, sp\u00e9cialis\u00e9 dans l\u2019actualit\u00e9 nationale et internationale, l\u2019\u00e9conomie, la soci\u00e9t\u00e9 et les analyses politiques. Le site s\u2019adresse \u00e0 un large public francophone et couvre l\u2019information tunisienne en temps r\u00e9el.\",\"email\":\"redac@webdo.tn\",\"legalName\":\"YNJ SARL\",\"foundingDate\":\"2010-09-06\",\"numberOfEmployees\":{\"@type\":\"QuantitativeValue\",\"minValue\":\"11\",\"maxValue\":\"50\"}},{\"@type\":\"Person\",\"@id\":\"https:\\\/\\\/www.webdo.tn\\\/fr\\\/#\\\/schema\\\/person\\\/9a9c6118d687c117df8ef3cc36a4d175\",\"name\":\"webdo.tn\",\"image\":{\"@type\":\"ImageObject\",\"inLanguage\":\"fr-FR\",\"@id\":\"https:\\\/\\\/secure.gravatar.com\\\/avatar\\\/7ce1f28c0c3bbac99ff550b85ef8e44a6950c6ee24514fb6a5489e51d06f0298?s=96&d=mm&r=g\",\"url\":\"https:\\\/\\\/secure.gravatar.com\\\/avatar\\\/7ce1f28c0c3bbac99ff550b85ef8e44a6950c6ee24514fb6a5489e51d06f0298?s=96&d=mm&r=g\",\"contentUrl\":\"https:\\\/\\\/secure.gravatar.com\\\/avatar\\\/7ce1f28c0c3bbac99ff550b85ef8e44a6950c6ee24514fb6a5489e51d06f0298?s=96&d=mm&r=g\",\"caption\":\"webdo.tn\"},\"url\":\"https:\\\/\\\/www.webdo.tn\\\/fr\\\/actualite\\\/author\\\/webdotn\\\/\"}]}<\/script>\n<!-- \/ Yoast SEO Premium plugin. -->","yoast_head_json":{"title":"Affaire Nessma TV : Nabil Karoui \u00e9cope d\u2019une amende de 2400 dinars","description":"Affaire Nessma TV : Nabil Karoui \u00e9cope d\u2019une amende de 2400 dinars","canonical":"https:\/\/www.webdo.tn\/fr\/actualite\/national\/affaire-nessma-tv-nabil-karoui-ecope-d-une-amende-de-2400-dinars\/171987\/","og_locale":"fr_FR","og_type":"article","og_title":"Affaire Nessma TV : Nabil Karoui \u00e9cope d\u2019une amende de 2400 dinars","og_description":"Affaire Nessma TV : Nabil Karoui \u00e9cope d\u2019une amende de 2400 dinars","og_url":"https:\/\/www.webdo.tn\/fr\/actualite\/national\/affaire-nessma-tv-nabil-karoui-ecope-d-une-amende-de-2400-dinars\/171987\/","og_site_name":"webdo","article_publisher":"https:\/\/www.facebook.com\/webdotn","article_published_time":"2012-05-03T10:45:00+00:00","article_modified_time":"2025-06-04T18:57:30+00:00","og_image":[{"width":299,"height":178,"url":"https:\/\/www.webdo.tn\/fr\/wp-content\/uploads\/2012\/05\/Limage-de-Dieu-dans-le-film-Persepolis.jpg","type":"image\/jpeg"}],"author":"webdo.tn","twitter_card":"summary_large_image","twitter_creator":"@webdo_tn","twitter_site":"@webdo_tn","twitter_misc":{"\u00c9crit par":"webdo.tn","Dur\u00e9e de lecture estim\u00e9e":"2 minutes"},"schema":{"@context":"https:\/\/schema.org","@graph":[{"@type":"NewsArticle","@id":"https:\/\/www.webdo.tn\/fr\/actualite\/national\/affaire-nessma-tv-nabil-karoui-ecope-d-une-amende-de-2400-dinars\/171987\/#article","isPartOf":{"@id":"https:\/\/www.webdo.tn\/fr\/actualite\/national\/affaire-nessma-tv-nabil-karoui-ecope-d-une-amende-de-2400-dinars\/171987\/"},"author":{"name":"webdo.tn","@id":"https:\/\/www.webdo.tn\/fr\/#\/schema\/person\/9a9c6118d687c117df8ef3cc36a4d175"},"headline":"Affaire Nessma TV : Nabil Karoui \u00e9cope d\u2019une amende de 2400 dinars","datePublished":"2012-05-03T10:45:00+00:00","dateModified":"2025-06-04T18:57:30+00:00","mainEntityOfPage":{"@id":"https:\/\/www.webdo.tn\/fr\/actualite\/national\/affaire-nessma-tv-nabil-karoui-ecope-d-une-amende-de-2400-dinars\/171987\/"},"wordCount":341,"commentCount":0,"publisher":{"@id":"https:\/\/www.webdo.tn\/fr\/#organization"},"image":{"@id":"https:\/\/www.webdo.tn\/fr\/actualite\/national\/affaire-nessma-tv-nabil-karoui-ecope-d-une-amende-de-2400-dinars\/171987\/#primaryimage"},"thumbnailUrl":"https:\/\/www.webdo.tn\/fr\/wp-content\/uploads\/2012\/05\/Limage-de-Dieu-dans-le-film-Persepolis.jpg","articleSection":["National"],"inLanguage":"fr-FR"},{"@type":"WebPage","@id":"https:\/\/www.webdo.tn\/fr\/actualite\/national\/affaire-nessma-tv-nabil-karoui-ecope-d-une-amende-de-2400-dinars\/171987\/","url":"https:\/\/www.webdo.tn\/fr\/actualite\/national\/affaire-nessma-tv-nabil-karoui-ecope-d-une-amende-de-2400-dinars\/171987\/","name":"Affaire Nessma TV : Nabil Karoui \u00e9cope d\u2019une amende de 2400 dinars","isPartOf":{"@id":"https:\/\/www.webdo.tn\/fr\/#website"},"primaryImageOfPage":{"@id":"https:\/\/www.webdo.tn\/fr\/actualite\/national\/affaire-nessma-tv-nabil-karoui-ecope-d-une-amende-de-2400-dinars\/171987\/#primaryimage"},"image":{"@id":"https:\/\/www.webdo.tn\/fr\/actualite\/national\/affaire-nessma-tv-nabil-karoui-ecope-d-une-amende-de-2400-dinars\/171987\/#primaryimage"},"thumbnailUrl":"https:\/\/www.webdo.tn\/fr\/wp-content\/uploads\/2012\/05\/Limage-de-Dieu-dans-le-film-Persepolis.jpg","datePublished":"2012-05-03T10:45:00+00:00","dateModified":"2025-06-04T18:57:30+00:00","description":"Affaire Nessma TV : Nabil Karoui \u00e9cope d\u2019une amende de 2400 dinars","breadcrumb":{"@id":"https:\/\/www.webdo.tn\/fr\/actualite\/national\/affaire-nessma-tv-nabil-karoui-ecope-d-une-amende-de-2400-dinars\/171987\/#breadcrumb"},"inLanguage":"fr-FR","potentialAction":[{"@type":"ReadAction","target":["https:\/\/www.webdo.tn\/fr\/actualite\/national\/affaire-nessma-tv-nabil-karoui-ecope-d-une-amende-de-2400-dinars\/171987\/"]}]},{"@type":"ImageObject","inLanguage":"fr-FR","@id":"https:\/\/www.webdo.tn\/fr\/actualite\/national\/affaire-nessma-tv-nabil-karoui-ecope-d-une-amende-de-2400-dinars\/171987\/#primaryimage","url":"https:\/\/www.webdo.tn\/fr\/wp-content\/uploads\/2012\/05\/Limage-de-Dieu-dans-le-film-Persepolis.jpg","contentUrl":"https:\/\/www.webdo.tn\/fr\/wp-content\/uploads\/2012\/05\/Limage-de-Dieu-dans-le-film-Persepolis.jpg","width":299,"height":178,"caption":"Affaire Nessma TV : Nabil Karoui \u00e9cope d\u2019une amende de 2400 dinars"},{"@type":"BreadcrumbList","@id":"https:\/\/www.webdo.tn\/fr\/actualite\/national\/affaire-nessma-tv-nabil-karoui-ecope-d-une-amende-de-2400-dinars\/171987\/#breadcrumb","itemListElement":[{"@type":"ListItem","position":1,"name":"Accueil","item":"https:\/\/www.webdo.tn\/fr\/"},{"@type":"ListItem","position":2,"name":"Affaire Nessma TV : Nabil Karoui \u00e9cope d\u2019une amende de 2400 dinars"}]},{"@type":"WebSite","@id":"https:\/\/www.webdo.tn\/fr\/#website","url":"https:\/\/www.webdo.tn\/fr\/","name":"webdo","description":"Tunisie - News en Tunisie et \u00e0 l&#039;international sur Webdo.tn","publisher":{"@id":"https:\/\/www.webdo.tn\/fr\/#organization"},"potentialAction":[{"@type":"SearchAction","target":{"@type":"EntryPoint","urlTemplate":"https:\/\/www.webdo.tn\/fr\/?s={search_term_string}"},"query-input":{"@type":"PropertyValueSpecification","valueRequired":true,"valueName":"search_term_string"}}],"inLanguage":"fr-FR"},{"@type":"Organization","@id":"https:\/\/www.webdo.tn\/fr\/#organization","name":"Webdo","alternateName":"Webdo.tn","url":"https:\/\/www.webdo.tn\/fr\/","logo":{"@type":"ImageObject","inLanguage":"fr-FR","@id":"https:\/\/www.webdo.tn\/fr\/#\/schema\/logo\/image\/","url":"https:\/\/www.webdo.tn\/fr\/wp-content\/uploads\/2025\/06\/Webdo-Tunisie_168377.jpg","contentUrl":"https:\/\/www.webdo.tn\/fr\/wp-content\/uploads\/2025\/06\/Webdo-Tunisie_168377.jpg","width":301,"height":301,"caption":"Webdo"},"image":{"@id":"https:\/\/www.webdo.tn\/fr\/#\/schema\/logo\/image\/"},"sameAs":["https:\/\/www.facebook.com\/webdotn","https:\/\/x.com\/webdo_tn"],"description":"Webdo est un m\u00e9dia num\u00e9rique tunisien fond\u00e9 en 2010, sp\u00e9cialis\u00e9 dans l\u2019actualit\u00e9 nationale et internationale, l\u2019\u00e9conomie, la soci\u00e9t\u00e9 et les analyses politiques. Le site s\u2019adresse \u00e0 un large public francophone et couvre l\u2019information tunisienne en temps r\u00e9el.","email":"redac@webdo.tn","legalName":"YNJ SARL","foundingDate":"2010-09-06","numberOfEmployees":{"@type":"QuantitativeValue","minValue":"11","maxValue":"50"}},{"@type":"Person","@id":"https:\/\/www.webdo.tn\/fr\/#\/schema\/person\/9a9c6118d687c117df8ef3cc36a4d175","name":"webdo.tn","image":{"@type":"ImageObject","inLanguage":"fr-FR","@id":"https:\/\/secure.gravatar.com\/avatar\/7ce1f28c0c3bbac99ff550b85ef8e44a6950c6ee24514fb6a5489e51d06f0298?s=96&d=mm&r=g","url":"https:\/\/secure.gravatar.com\/avatar\/7ce1f28c0c3bbac99ff550b85ef8e44a6950c6ee24514fb6a5489e51d06f0298?s=96&d=mm&r=g","contentUrl":"https:\/\/secure.gravatar.com\/avatar\/7ce1f28c0c3bbac99ff550b85ef8e44a6950c6ee24514fb6a5489e51d06f0298?s=96&d=mm&r=g","caption":"webdo.tn"},"url":"https:\/\/www.webdo.tn\/fr\/actualite\/author\/webdotn\/"}]}},"_links":{"self":[{"href":"https:\/\/www.webdo.tn\/fr\/wp-json\/wp\/v2\/posts\/171987","targetHints":{"allow":["GET"]}}],"collection":[{"href":"https:\/\/www.webdo.tn\/fr\/wp-json\/wp\/v2\/posts"}],"about":[{"href":"https:\/\/www.webdo.tn\/fr\/wp-json\/wp\/v2\/types\/post"}],"author":[{"embeddable":true,"href":"https:\/\/www.webdo.tn\/fr\/wp-json\/wp\/v2\/users\/3222"}],"replies":[{"embeddable":true,"href":"https:\/\/www.webdo.tn\/fr\/wp-json\/wp\/v2\/comments?post=171987"}],"version-history":[{"count":0,"href":"https:\/\/www.webdo.tn\/fr\/wp-json\/wp\/v2\/posts\/171987\/revisions"}],"wp:featuredmedia":[{"embeddable":true,"href":"https:\/\/www.webdo.tn\/fr\/wp-json\/wp\/v2\/media\/333614"}],"wp:attachment":[{"href":"https:\/\/www.webdo.tn\/fr\/wp-json\/wp\/v2\/media?parent=171987"}],"wp:term":[{"taxonomy":"category","embeddable":true,"href":"https:\/\/www.webdo.tn\/fr\/wp-json\/wp\/v2\/categories?post=171987"},{"taxonomy":"post_tag","embeddable":true,"href":"https:\/\/www.webdo.tn\/fr\/wp-json\/wp\/v2\/tags?post=171987"}],"curies":[{"name":"wp","href":"https:\/\/api.w.org\/{rel}","templated":true}]}}