{"id":171986,"date":"2012-05-03T18:15:00","date_gmt":"2012-05-03T18:15:00","guid":{"rendered":"https:\/\/www.webdo.tn\/fr\/blog\/menace-d-attentat-antisemite-a-djerba\/171986\/"},"modified":"2025-06-04T18:57:28","modified_gmt":"2025-06-04T18:57:28","slug":"menace-d-attentat-antisemite-a-djerba","status":"publish","type":"post","link":"https:\/\/www.webdo.tn\/fr\/actualite\/national\/menace-d-attentat-antisemite-a-djerba\/171986\/","title":{"rendered":"Menace d\u2019attentat antis\u00e9mite \u00e0 Djerba"},"content":{"rendered":"<p>Selon une information rapport\u00e9e par Europe1, le Conseil National Isra\u00e9lien de S\u00e9curit\u00e9 Nationale (CNS) a mis aujourd\u2019hui en garde les ressortissants juifs contre des attentats qui viseraient des cibles isra\u00e9liennes en Tunisie. Aussi le CNS d\u00e9conseille-t-il les voyageurs de se rendre particuli\u00e8rement \u00e0 Djerba qui compte une communaut\u00e9 juive plus ou moins importantes. <\/p>\n<p>Cet avertissement intervient quelques jours avant le \u00ab\u00a0Lag Ba Omer\u00a0\u00bb, f\u00eate juive qui sera c\u00e9l\u00e9br\u00e9e cette ann\u00e9e les 9 et 10 mai et qui draine habituellement beaucoup de juifs. Dans son communiqu\u00e9, le CNS indique qu\u2019\u00a0\u00ab\u00a0en raison d\u2019une r\u00e9vision de l\u2019\u00e9valuation de la situation, le Bureau de l\u2019anti-terrorisme a d\u00e9cid\u00e9 de relever d\u2019un cran l\u2019avertissement concernant les voyages en Tunisie.\u00a0\u00bb<\/p>\n<p>Il est \u00e0 rappeler que le Pr\u00e9sident de la R\u00e9publique, Moncef Marzouki, s\u2019est rendu le mois dernier (11 avril 2012) \u00e0 l\u2019\u00eele de Djerba pour comm\u00e9morer le dixi\u00e8me anniversaire de l\u2019attentat perp\u00e9tr\u00e9 contre la synagogue de la Ghriba. Ce geste symbolique qui a \u00e9t\u00e9 appr\u00e9ci\u00e9 et salu\u00e9 par la communaut\u00e9 juive tunisienne, entend exprimer la solidarit\u00e9 du peuple tunisien \u00e0 l\u2019\u00e9gard des Tunisiens d\u2019ob\u00e9dience juive. Notons enfin que cinq cent ressortissants juifs sont attendus pour la c\u00e9l\u00e8bre f\u00eate religieuse de Djerba.<\/p>\n","protected":false},"excerpt":{"rendered":"<p>Menace d\u2019attentat antis\u00e9mite \u00e0 Djerba <\/p>\n","protected":false},"author":3222,"featured_media":374433,"comment_status":"open","ping_status":"closed","sticky":false,"template":"","format":"standard","meta":{"footnotes":""},"categories":[44],"tags":[],"class_list":["post-171986","post","type-post","status-publish","format-standard","has-post-thumbnail","hentry","category-national"],"yoast_head":"<!-- This site is optimized with the Yoast SEO Premium plugin v27.5 (Yoast SEO v27.5) - https:\/\/yoast.com\/product\/yoast-seo-premium-wordpress\/ -->\n<title>Menace d\u2019attentat antis\u00e9mite \u00e0 Djerba<\/title>\n<meta name=\"description\" content=\"Menace d\u2019attentat antis\u00e9mite \u00e0 Djerba\" \/>\n<link rel=\"canonical\" href=\"https:\/\/www.webdo.tn\/fr\/actualite\/national\/menace-d-attentat-antisemite-a-djerba\/171986\/\" \/>\n<meta property=\"og:locale\" content=\"fr_FR\" \/>\n<meta property=\"og:type\" content=\"article\" \/>\n<meta property=\"og:title\" content=\"Menace d\u2019attentat antis\u00e9mite \u00e0 Djerba\" \/>\n<meta property=\"og:description\" content=\"Menace d\u2019attentat antis\u00e9mite \u00e0 Djerba\" \/>\n<meta property=\"og:url\" content=\"https:\/\/www.webdo.tn\/fr\/actualite\/national\/menace-d-attentat-antisemite-a-djerba\/171986\/\" \/>\n<meta property=\"og:site_name\" content=\"webdo\" \/>\n<meta property=\"article:publisher\" content=\"https:\/\/www.facebook.com\/webdotn\" \/>\n<meta property=\"article:published_time\" content=\"2012-05-03T18:15:00+00:00\" \/>\n<meta property=\"article:modified_time\" content=\"2025-06-04T18:57:28+00:00\" \/>\n<meta name=\"author\" content=\"webdo.tn\" \/>\n<meta name=\"twitter:card\" content=\"summary_large_image\" \/>\n<meta name=\"twitter:creator\" content=\"@webdo_tn\" \/>\n<meta name=\"twitter:site\" content=\"@webdo_tn\" \/>\n<meta name=\"twitter:label1\" content=\"\u00c9crit par\" \/>\n\t<meta name=\"twitter:data1\" content=\"webdo.tn\" \/>\n\t<meta name=\"twitter:label2\" content=\"Dur\u00e9e de lecture estim\u00e9e\" \/>\n\t<meta name=\"twitter:data2\" content=\"1 minute\" \/>\n<script type=\"application\/ld+json\" class=\"yoast-schema-graph\">{\"@context\":\"https:\\\/\\\/schema.org\",\"@graph\":[{\"@type\":\"NewsArticle\",\"@id\":\"https:\\\/\\\/www.webdo.tn\\\/fr\\\/actualite\\\/national\\\/menace-d-attentat-antisemite-a-djerba\\\/171986\\\/#article\",\"isPartOf\":{\"@id\":\"https:\\\/\\\/www.webdo.tn\\\/fr\\\/actualite\\\/national\\\/menace-d-attentat-antisemite-a-djerba\\\/171986\\\/\"},\"author\":{\"name\":\"webdo.tn\",\"@id\":\"https:\\\/\\\/www.webdo.tn\\\/fr\\\/#\\\/schema\\\/person\\\/9a9c6118d687c117df8ef3cc36a4d175\"},\"headline\":\"Menace d\u2019attentat antis\u00e9mite \u00e0 Djerba\",\"datePublished\":\"2012-05-03T18:15:00+00:00\",\"dateModified\":\"2025-06-04T18:57:28+00:00\",\"mainEntityOfPage\":{\"@id\":\"https:\\\/\\\/www.webdo.tn\\\/fr\\\/actualite\\\/national\\\/menace-d-attentat-antisemite-a-djerba\\\/171986\\\/\"},\"wordCount\":227,\"commentCount\":0,\"publisher\":{\"@id\":\"https:\\\/\\\/www.webdo.tn\\\/fr\\\/#organization\"},\"image\":{\"@id\":\"https:\\\/\\\/www.webdo.tn\\\/fr\\\/actualite\\\/national\\\/menace-d-attentat-antisemite-a-djerba\\\/171986\\\/#primaryimage\"},\"thumbnailUrl\":\"https:\\\/\\\/www.webdo.tn\\\/fr\\\/wp-content\\\/uploads\\\/2025\\\/06\\\/Des-pelerins-a-la-synagogue-de-Ghriba-a-Djerba-Tunisie-photo-alarabiya.net__171986.jpg\",\"articleSection\":[\"National\"],\"inLanguage\":\"fr-FR\"},{\"@type\":\"WebPage\",\"@id\":\"https:\\\/\\\/www.webdo.tn\\\/fr\\\/actualite\\\/national\\\/menace-d-attentat-antisemite-a-djerba\\\/171986\\\/\",\"url\":\"https:\\\/\\\/www.webdo.tn\\\/fr\\\/actualite\\\/national\\\/menace-d-attentat-antisemite-a-djerba\\\/171986\\\/\",\"name\":\"Menace d\u2019attentat antis\u00e9mite \u00e0 Djerba\",\"isPartOf\":{\"@id\":\"https:\\\/\\\/www.webdo.tn\\\/fr\\\/#website\"},\"primaryImageOfPage\":{\"@id\":\"https:\\\/\\\/www.webdo.tn\\\/fr\\\/actualite\\\/national\\\/menace-d-attentat-antisemite-a-djerba\\\/171986\\\/#primaryimage\"},\"image\":{\"@id\":\"https:\\\/\\\/www.webdo.tn\\\/fr\\\/actualite\\\/national\\\/menace-d-attentat-antisemite-a-djerba\\\/171986\\\/#primaryimage\"},\"thumbnailUrl\":\"https:\\\/\\\/www.webdo.tn\\\/fr\\\/wp-content\\\/uploads\\\/2025\\\/06\\\/Des-pelerins-a-la-synagogue-de-Ghriba-a-Djerba-Tunisie-photo-alarabiya.net__171986.jpg\",\"datePublished\":\"2012-05-03T18:15:00+00:00\",\"dateModified\":\"2025-06-04T18:57:28+00:00\",\"description\":\"Menace d\u2019attentat antis\u00e9mite \u00e0 Djerba\",\"breadcrumb\":{\"@id\":\"https:\\\/\\\/www.webdo.tn\\\/fr\\\/actualite\\\/national\\\/menace-d-attentat-antisemite-a-djerba\\\/171986\\\/#breadcrumb\"},\"inLanguage\":\"fr-FR\",\"potentialAction\":[{\"@type\":\"ReadAction\",\"target\":[\"https:\\\/\\\/www.webdo.tn\\\/fr\\\/actualite\\\/national\\\/menace-d-attentat-antisemite-a-djerba\\\/171986\\\/\"]}]},{\"@type\":\"ImageObject\",\"inLanguage\":\"fr-FR\",\"@id\":\"https:\\\/\\\/www.webdo.tn\\\/fr\\\/actualite\\\/national\\\/menace-d-attentat-antisemite-a-djerba\\\/171986\\\/#primaryimage\",\"url\":\"https:\\\/\\\/www.webdo.tn\\\/fr\\\/wp-content\\\/uploads\\\/2025\\\/06\\\/Des-pelerins-a-la-synagogue-de-Ghriba-a-Djerba-Tunisie-photo-alarabiya.net__171986.jpg\",\"contentUrl\":\"https:\\\/\\\/www.webdo.tn\\\/fr\\\/wp-content\\\/uploads\\\/2025\\\/06\\\/Des-pelerins-a-la-synagogue-de-Ghriba-a-Djerba-Tunisie-photo-alarabiya.net__171986.jpg\",\"width\":256,\"height\":157,\"caption\":\"Menace d\u2019attentat antis\u00e9mite \u00e0 Djerba\"},{\"@type\":\"BreadcrumbList\",\"@id\":\"https:\\\/\\\/www.webdo.tn\\\/fr\\\/actualite\\\/national\\\/menace-d-attentat-antisemite-a-djerba\\\/171986\\\/#breadcrumb\",\"itemListElement\":[{\"@type\":\"ListItem\",\"position\":1,\"name\":\"Accueil\",\"item\":\"https:\\\/\\\/www.webdo.tn\\\/fr\\\/\"},{\"@type\":\"ListItem\",\"position\":2,\"name\":\"Menace d\u2019attentat antis\u00e9mite \u00e0 Djerba\"}]},{\"@type\":\"WebSite\",\"@id\":\"https:\\\/\\\/www.webdo.tn\\\/fr\\\/#website\",\"url\":\"https:\\\/\\\/www.webdo.tn\\\/fr\\\/\",\"name\":\"webdo\",\"description\":\"Tunisie - News en Tunisie et \u00e0 l&#039;international sur Webdo.tn\",\"publisher\":{\"@id\":\"https:\\\/\\\/www.webdo.tn\\\/fr\\\/#organization\"},\"potentialAction\":[{\"@type\":\"SearchAction\",\"target\":{\"@type\":\"EntryPoint\",\"urlTemplate\":\"https:\\\/\\\/www.webdo.tn\\\/fr\\\/?s={search_term_string}\"},\"query-input\":{\"@type\":\"PropertyValueSpecification\",\"valueRequired\":true,\"valueName\":\"search_term_string\"}}],\"inLanguage\":\"fr-FR\"},{\"@type\":\"Organization\",\"@id\":\"https:\\\/\\\/www.webdo.tn\\\/fr\\\/#organization\",\"name\":\"Webdo\",\"alternateName\":\"Webdo.tn\",\"url\":\"https:\\\/\\\/www.webdo.tn\\\/fr\\\/\",\"logo\":{\"@type\":\"ImageObject\",\"inLanguage\":\"fr-FR\",\"@id\":\"https:\\\/\\\/www.webdo.tn\\\/fr\\\/#\\\/schema\\\/logo\\\/image\\\/\",\"url\":\"https:\\\/\\\/www.webdo.tn\\\/fr\\\/wp-content\\\/uploads\\\/2025\\\/06\\\/Webdo-Tunisie_168377.jpg\",\"contentUrl\":\"https:\\\/\\\/www.webdo.tn\\\/fr\\\/wp-content\\\/uploads\\\/2025\\\/06\\\/Webdo-Tunisie_168377.jpg\",\"width\":301,\"height\":301,\"caption\":\"Webdo\"},\"image\":{\"@id\":\"https:\\\/\\\/www.webdo.tn\\\/fr\\\/#\\\/schema\\\/logo\\\/image\\\/\"},\"sameAs\":[\"https:\\\/\\\/www.facebook.com\\\/webdotn\",\"https:\\\/\\\/x.com\\\/webdo_tn\"],\"description\":\"Webdo est un m\u00e9dia num\u00e9rique tunisien fond\u00e9 en 2010, sp\u00e9cialis\u00e9 dans l\u2019actualit\u00e9 nationale et internationale, l\u2019\u00e9conomie, la soci\u00e9t\u00e9 et les analyses politiques. Le site s\u2019adresse \u00e0 un large public francophone et couvre l\u2019information tunisienne en temps r\u00e9el.\",\"email\":\"redac@webdo.tn\",\"legalName\":\"YNJ SARL\",\"foundingDate\":\"2010-09-06\",\"numberOfEmployees\":{\"@type\":\"QuantitativeValue\",\"minValue\":\"11\",\"maxValue\":\"50\"}},{\"@type\":\"Person\",\"@id\":\"https:\\\/\\\/www.webdo.tn\\\/fr\\\/#\\\/schema\\\/person\\\/9a9c6118d687c117df8ef3cc36a4d175\",\"name\":\"webdo.tn\",\"image\":{\"@type\":\"ImageObject\",\"inLanguage\":\"fr-FR\",\"@id\":\"https:\\\/\\\/secure.gravatar.com\\\/avatar\\\/7ce1f28c0c3bbac99ff550b85ef8e44a6950c6ee24514fb6a5489e51d06f0298?s=96&d=mm&r=g\",\"url\":\"https:\\\/\\\/secure.gravatar.com\\\/avatar\\\/7ce1f28c0c3bbac99ff550b85ef8e44a6950c6ee24514fb6a5489e51d06f0298?s=96&d=mm&r=g\",\"contentUrl\":\"https:\\\/\\\/secure.gravatar.com\\\/avatar\\\/7ce1f28c0c3bbac99ff550b85ef8e44a6950c6ee24514fb6a5489e51d06f0298?s=96&d=mm&r=g\",\"caption\":\"webdo.tn\"},\"url\":\"https:\\\/\\\/www.webdo.tn\\\/fr\\\/actualite\\\/author\\\/webdotn\\\/\"}]}<\/script>\n<!-- \/ Yoast SEO Premium plugin. -->","yoast_head_json":{"title":"Menace d\u2019attentat antis\u00e9mite \u00e0 Djerba","description":"Menace d\u2019attentat antis\u00e9mite \u00e0 Djerba","canonical":"https:\/\/www.webdo.tn\/fr\/actualite\/national\/menace-d-attentat-antisemite-a-djerba\/171986\/","og_locale":"fr_FR","og_type":"article","og_title":"Menace d\u2019attentat antis\u00e9mite \u00e0 Djerba","og_description":"Menace d\u2019attentat antis\u00e9mite \u00e0 Djerba","og_url":"https:\/\/www.webdo.tn\/fr\/actualite\/national\/menace-d-attentat-antisemite-a-djerba\/171986\/","og_site_name":"webdo","article_publisher":"https:\/\/www.facebook.com\/webdotn","article_published_time":"2012-05-03T18:15:00+00:00","article_modified_time":"2025-06-04T18:57:28+00:00","author":"webdo.tn","twitter_card":"summary_large_image","twitter_creator":"@webdo_tn","twitter_site":"@webdo_tn","twitter_misc":{"\u00c9crit par":"webdo.tn","Dur\u00e9e de lecture estim\u00e9e":"1 minute"},"schema":{"@context":"https:\/\/schema.org","@graph":[{"@type":"NewsArticle","@id":"https:\/\/www.webdo.tn\/fr\/actualite\/national\/menace-d-attentat-antisemite-a-djerba\/171986\/#article","isPartOf":{"@id":"https:\/\/www.webdo.tn\/fr\/actualite\/national\/menace-d-attentat-antisemite-a-djerba\/171986\/"},"author":{"name":"webdo.tn","@id":"https:\/\/www.webdo.tn\/fr\/#\/schema\/person\/9a9c6118d687c117df8ef3cc36a4d175"},"headline":"Menace d\u2019attentat antis\u00e9mite \u00e0 Djerba","datePublished":"2012-05-03T18:15:00+00:00","dateModified":"2025-06-04T18:57:28+00:00","mainEntityOfPage":{"@id":"https:\/\/www.webdo.tn\/fr\/actualite\/national\/menace-d-attentat-antisemite-a-djerba\/171986\/"},"wordCount":227,"commentCount":0,"publisher":{"@id":"https:\/\/www.webdo.tn\/fr\/#organization"},"image":{"@id":"https:\/\/www.webdo.tn\/fr\/actualite\/national\/menace-d-attentat-antisemite-a-djerba\/171986\/#primaryimage"},"thumbnailUrl":"https:\/\/www.webdo.tn\/fr\/wp-content\/uploads\/2025\/06\/Des-pelerins-a-la-synagogue-de-Ghriba-a-Djerba-Tunisie-photo-alarabiya.net__171986.jpg","articleSection":["National"],"inLanguage":"fr-FR"},{"@type":"WebPage","@id":"https:\/\/www.webdo.tn\/fr\/actualite\/national\/menace-d-attentat-antisemite-a-djerba\/171986\/","url":"https:\/\/www.webdo.tn\/fr\/actualite\/national\/menace-d-attentat-antisemite-a-djerba\/171986\/","name":"Menace d\u2019attentat antis\u00e9mite \u00e0 Djerba","isPartOf":{"@id":"https:\/\/www.webdo.tn\/fr\/#website"},"primaryImageOfPage":{"@id":"https:\/\/www.webdo.tn\/fr\/actualite\/national\/menace-d-attentat-antisemite-a-djerba\/171986\/#primaryimage"},"image":{"@id":"https:\/\/www.webdo.tn\/fr\/actualite\/national\/menace-d-attentat-antisemite-a-djerba\/171986\/#primaryimage"},"thumbnailUrl":"https:\/\/www.webdo.tn\/fr\/wp-content\/uploads\/2025\/06\/Des-pelerins-a-la-synagogue-de-Ghriba-a-Djerba-Tunisie-photo-alarabiya.net__171986.jpg","datePublished":"2012-05-03T18:15:00+00:00","dateModified":"2025-06-04T18:57:28+00:00","description":"Menace d\u2019attentat antis\u00e9mite \u00e0 Djerba","breadcrumb":{"@id":"https:\/\/www.webdo.tn\/fr\/actualite\/national\/menace-d-attentat-antisemite-a-djerba\/171986\/#breadcrumb"},"inLanguage":"fr-FR","potentialAction":[{"@type":"ReadAction","target":["https:\/\/www.webdo.tn\/fr\/actualite\/national\/menace-d-attentat-antisemite-a-djerba\/171986\/"]}]},{"@type":"ImageObject","inLanguage":"fr-FR","@id":"https:\/\/www.webdo.tn\/fr\/actualite\/national\/menace-d-attentat-antisemite-a-djerba\/171986\/#primaryimage","url":"https:\/\/www.webdo.tn\/fr\/wp-content\/uploads\/2025\/06\/Des-pelerins-a-la-synagogue-de-Ghriba-a-Djerba-Tunisie-photo-alarabiya.net__171986.jpg","contentUrl":"https:\/\/www.webdo.tn\/fr\/wp-content\/uploads\/2025\/06\/Des-pelerins-a-la-synagogue-de-Ghriba-a-Djerba-Tunisie-photo-alarabiya.net__171986.jpg","width":256,"height":157,"caption":"Menace d\u2019attentat antis\u00e9mite \u00e0 Djerba"},{"@type":"BreadcrumbList","@id":"https:\/\/www.webdo.tn\/fr\/actualite\/national\/menace-d-attentat-antisemite-a-djerba\/171986\/#breadcrumb","itemListElement":[{"@type":"ListItem","position":1,"name":"Accueil","item":"https:\/\/www.webdo.tn\/fr\/"},{"@type":"ListItem","position":2,"name":"Menace d\u2019attentat antis\u00e9mite \u00e0 Djerba"}]},{"@type":"WebSite","@id":"https:\/\/www.webdo.tn\/fr\/#website","url":"https:\/\/www.webdo.tn\/fr\/","name":"webdo","description":"Tunisie - News en Tunisie et \u00e0 l&#039;international sur Webdo.tn","publisher":{"@id":"https:\/\/www.webdo.tn\/fr\/#organization"},"potentialAction":[{"@type":"SearchAction","target":{"@type":"EntryPoint","urlTemplate":"https:\/\/www.webdo.tn\/fr\/?s={search_term_string}"},"query-input":{"@type":"PropertyValueSpecification","valueRequired":true,"valueName":"search_term_string"}}],"inLanguage":"fr-FR"},{"@type":"Organization","@id":"https:\/\/www.webdo.tn\/fr\/#organization","name":"Webdo","alternateName":"Webdo.tn","url":"https:\/\/www.webdo.tn\/fr\/","logo":{"@type":"ImageObject","inLanguage":"fr-FR","@id":"https:\/\/www.webdo.tn\/fr\/#\/schema\/logo\/image\/","url":"https:\/\/www.webdo.tn\/fr\/wp-content\/uploads\/2025\/06\/Webdo-Tunisie_168377.jpg","contentUrl":"https:\/\/www.webdo.tn\/fr\/wp-content\/uploads\/2025\/06\/Webdo-Tunisie_168377.jpg","width":301,"height":301,"caption":"Webdo"},"image":{"@id":"https:\/\/www.webdo.tn\/fr\/#\/schema\/logo\/image\/"},"sameAs":["https:\/\/www.facebook.com\/webdotn","https:\/\/x.com\/webdo_tn"],"description":"Webdo est un m\u00e9dia num\u00e9rique tunisien fond\u00e9 en 2010, sp\u00e9cialis\u00e9 dans l\u2019actualit\u00e9 nationale et internationale, l\u2019\u00e9conomie, la soci\u00e9t\u00e9 et les analyses politiques. Le site s\u2019adresse \u00e0 un large public francophone et couvre l\u2019information tunisienne en temps r\u00e9el.","email":"redac@webdo.tn","legalName":"YNJ SARL","foundingDate":"2010-09-06","numberOfEmployees":{"@type":"QuantitativeValue","minValue":"11","maxValue":"50"}},{"@type":"Person","@id":"https:\/\/www.webdo.tn\/fr\/#\/schema\/person\/9a9c6118d687c117df8ef3cc36a4d175","name":"webdo.tn","image":{"@type":"ImageObject","inLanguage":"fr-FR","@id":"https:\/\/secure.gravatar.com\/avatar\/7ce1f28c0c3bbac99ff550b85ef8e44a6950c6ee24514fb6a5489e51d06f0298?s=96&d=mm&r=g","url":"https:\/\/secure.gravatar.com\/avatar\/7ce1f28c0c3bbac99ff550b85ef8e44a6950c6ee24514fb6a5489e51d06f0298?s=96&d=mm&r=g","contentUrl":"https:\/\/secure.gravatar.com\/avatar\/7ce1f28c0c3bbac99ff550b85ef8e44a6950c6ee24514fb6a5489e51d06f0298?s=96&d=mm&r=g","caption":"webdo.tn"},"url":"https:\/\/www.webdo.tn\/fr\/actualite\/author\/webdotn\/"}]}},"_links":{"self":[{"href":"https:\/\/www.webdo.tn\/fr\/wp-json\/wp\/v2\/posts\/171986","targetHints":{"allow":["GET"]}}],"collection":[{"href":"https:\/\/www.webdo.tn\/fr\/wp-json\/wp\/v2\/posts"}],"about":[{"href":"https:\/\/www.webdo.tn\/fr\/wp-json\/wp\/v2\/types\/post"}],"author":[{"embeddable":true,"href":"https:\/\/www.webdo.tn\/fr\/wp-json\/wp\/v2\/users\/3222"}],"replies":[{"embeddable":true,"href":"https:\/\/www.webdo.tn\/fr\/wp-json\/wp\/v2\/comments?post=171986"}],"version-history":[{"count":0,"href":"https:\/\/www.webdo.tn\/fr\/wp-json\/wp\/v2\/posts\/171986\/revisions"}],"wp:featuredmedia":[{"embeddable":true,"href":"https:\/\/www.webdo.tn\/fr\/wp-json\/wp\/v2\/media\/374433"}],"wp:attachment":[{"href":"https:\/\/www.webdo.tn\/fr\/wp-json\/wp\/v2\/media?parent=171986"}],"wp:term":[{"taxonomy":"category","embeddable":true,"href":"https:\/\/www.webdo.tn\/fr\/wp-json\/wp\/v2\/categories?post=171986"},{"taxonomy":"post_tag","embeddable":true,"href":"https:\/\/www.webdo.tn\/fr\/wp-json\/wp\/v2\/tags?post=171986"}],"curies":[{"name":"wp","href":"https:\/\/api.w.org\/{rel}","templated":true}]}}