{"id":171985,"date":"2012-05-03T21:27:00","date_gmt":"2012-05-03T21:27:00","guid":{"rendered":"https:\/\/www.webdo.tn\/fr\/blog\/insulte-televisee-en-direct-est-ce-un-exemple-de-la-liberte-dexpression\/171985\/"},"modified":"2025-06-04T18:57:34","modified_gmt":"2025-06-04T18:57:34","slug":"insulte-televisee-en-direct-est-ce-un-exemple-de-la-liberte-dexpression","status":"publish","type":"post","link":"https:\/\/www.webdo.tn\/fr\/actualite\/national\/insulte-televisee-en-direct-est-ce-un-exemple-de-la-liberte-dexpression\/171985\/","title":{"rendered":"Insulte t\u00e9l\u00e9vis\u00e9e en direct : est-ce un exemple de la libert\u00e9 d\u2019expression ?"},"content":{"rendered":"<p>D\u00e9cid\u00e9ment, les barbus et les adeptes de la nouvelle dictature, encourag\u00e9s par l\u2019impunit\u00e9 et les excuses qu\u2019on  leur trouve du c\u00f4t\u00e9 du pouvoir,  chaque fois qu\u2019ils d\u00e9passent les limites  du tol\u00e9rable,  sont pr\u00eats \u00e0 tout pour imposer leur projet moyen\u00e2geux et leurs programmes contre la d\u00e9mocratie et la libert\u00e9. Apr\u00e8s l\u2019\u00e9chec de leur sit in devant le si\u00e8ge de la TV nationale o\u00f9 ils sont pass\u00e9s de la provocation aux agressions verbales et physiques sans rien r\u00e9colter \u00e0 part le toll\u00e9 de la soci\u00e9t\u00e9 civile, certains parmi eux<br \/>\net certains des leurs continuent \u00e0 s\u2019attaquer  aux medias et aux journalistes <\/p>\n<p>C\u2019est ainsi qu\u2019aujourd\u2019hui lors d\u2019une \u00e9mission matinale  transmise en direct  sur la cha\u00eene nationale sous l\u2019intitul\u00e9 \u00ab  espace de la famille \u00bb, un participant appelant de la France pour donner son avis sur le  sujet mis en d\u00e9bat, s\u2019en est pris \u00e0 l\u2019animatrice. <\/p>\n<p>Sans rien dire sur le sujet, il lui a lanc\u00e9 \u00ab N\u2019as-tu pas honte de porter une mini-jupe \u00e0 ton \u00e2ge ? \u00bb. Lorsque l\u2019animatrice lui a demand\u00e9 de revenir au sujet, il l\u2019a carr\u00e9ment insult\u00e9e. Cela s\u2019est pass\u00e9 en direct, \u00e0 la t\u00e9l\u00e9 et devant des milliers de t\u00e9l\u00e9spectateurs. C\u2019\u00e9tait en sus de la condamnation du patron de Nessma TV, le cadeau que nous ont r\u00e9serv\u00e9 les ennemis de la d\u00e9mocratie en cette journ\u00e9e mondiale de la libert\u00e9 de la presse. En insultant la journaliste, l\u2019agresseur  a insult\u00e9 les t\u00e9l\u00e9spectateurs et les Tunisiens qui commencent  \u00e0 prendre go\u00fbt \u00e0 la presse locale et \u00e0 faire confiance aux gens de la profession. <\/p>\n<p>Cette attaque en direct confirme que  contrairement \u00e0 ce qui se dit dans le discours officiel, les partisans  de la presse  d\u2019apologie et les ennemis de la libert\u00e9, parmi les sit inneurs et leurs alli\u00e9s,  ne se contentent pas de manifester leur m\u00e9contentement et d\u2019exprimer leur opinion.  L\u2019insulte t\u00e9l\u00e9vis\u00e9e de ce jour n\u2019est qu\u2019un \u00e9chantillon de la violence qu\u2019ils ont pratiqu\u00e9e contre les journalistes et les employ\u00e9s de l\u2019ERTT durant leur sit in devant le si\u00e8ge de la TV. <\/p>\n<p> La s\u00e9quence a vite fait le tour du r\u00e9seau social pour d\u00e9noncer cette  nouvelle agression  loin d\u2019\u00eatre innocente. Mais pire que l\u2019acte, l\u2019attitude des autorit\u00e9s est encore condamnable. En  gardant le silence sur ces agressions qui se multiplient de jour en jour et en cherchant  des alibis aux   menaces salafistes, elles leur donnent l\u2019occasion  d\u2019op\u00e9rer tranquillement au d\u00e9triment de l\u2019ordre public, de la s\u00e9curit\u00e9 des citoyens et du devenir du projet r\u00e9publicain.<\/p>\n<p>Dans des circonstances normales, l\u2019animatrice devait porter plainte, sa direction devait la soutenir et le syndicat des journalistes devait aller au-del\u00e0 de la condamnation. Pour l\u2019instant, seuls les internautes sur facebook ont manifest\u00e9 leur soutien et ont stigmatis\u00e9 cette attaque ignoble sur un citoyen avant d\u2019\u00eatre journaliste.<\/p>\n","protected":false},"excerpt":{"rendered":"<p>Insulte t\u00e9l\u00e9vis\u00e9e en direct : est-ce un exemple de la libert\u00e9 d\u2019expression ?<\/p>\n","protected":false},"author":3222,"featured_media":334127,"comment_status":"open","ping_status":"closed","sticky":false,"template":"","format":"standard","meta":{"footnotes":""},"categories":[44],"tags":[],"class_list":["post-171985","post","type-post","status-publish","format-standard","has-post-thumbnail","hentry","category-national"],"yoast_head":"<!-- This site is optimized with the Yoast SEO Premium plugin v27.5 (Yoast SEO v27.5) - https:\/\/yoast.com\/product\/yoast-seo-premium-wordpress\/ -->\n<title>Insulte t\u00e9l\u00e9vis\u00e9e en direct : est-ce un exemple de la libert\u00e9 d\u2019expression ?<\/title>\n<meta name=\"description\" content=\"Insulte t\u00e9l\u00e9vis\u00e9e en direct : est-ce un exemple de la libert\u00e9 d\u2019expression ?\" \/>\n<link rel=\"canonical\" href=\"https:\/\/www.webdo.tn\/fr\/actualite\/national\/insulte-televisee-en-direct-est-ce-un-exemple-de-la-liberte-dexpression\/171985\/\" \/>\n<meta property=\"og:locale\" content=\"fr_FR\" \/>\n<meta property=\"og:type\" content=\"article\" \/>\n<meta property=\"og:title\" content=\"Insulte t\u00e9l\u00e9vis\u00e9e en direct : est-ce un exemple de la libert\u00e9 d\u2019expression ?\" \/>\n<meta property=\"og:description\" content=\"Insulte t\u00e9l\u00e9vis\u00e9e en direct : est-ce un exemple de la libert\u00e9 d\u2019expression ?\" \/>\n<meta property=\"og:url\" content=\"https:\/\/www.webdo.tn\/fr\/actualite\/national\/insulte-televisee-en-direct-est-ce-un-exemple-de-la-liberte-dexpression\/171985\/\" \/>\n<meta property=\"og:site_name\" content=\"webdo\" \/>\n<meta property=\"article:publisher\" content=\"https:\/\/www.facebook.com\/webdotn\" \/>\n<meta property=\"article:published_time\" content=\"2012-05-03T21:27:00+00:00\" \/>\n<meta property=\"article:modified_time\" content=\"2025-06-04T18:57:34+00:00\" \/>\n<meta property=\"og:image\" content=\"https:\/\/www.webdo.tn\/fr\/wp-content\/uploads\/2012\/05\/tele-150x150-1.png\" \/>\n\t<meta property=\"og:image:width\" content=\"150\" \/>\n\t<meta property=\"og:image:height\" content=\"150\" \/>\n\t<meta property=\"og:image:type\" content=\"image\/png\" \/>\n<meta name=\"author\" content=\"webdo.tn\" \/>\n<meta name=\"twitter:card\" content=\"summary_large_image\" \/>\n<meta name=\"twitter:creator\" content=\"@webdo_tn\" \/>\n<meta name=\"twitter:site\" content=\"@webdo_tn\" \/>\n<meta name=\"twitter:label1\" content=\"\u00c9crit par\" \/>\n\t<meta name=\"twitter:data1\" content=\"webdo.tn\" \/>\n\t<meta name=\"twitter:label2\" content=\"Dur\u00e9e de lecture estim\u00e9e\" \/>\n\t<meta name=\"twitter:data2\" content=\"3 minutes\" \/>\n<script type=\"application\/ld+json\" class=\"yoast-schema-graph\">{\"@context\":\"https:\\\/\\\/schema.org\",\"@graph\":[{\"@type\":\"NewsArticle\",\"@id\":\"https:\\\/\\\/www.webdo.tn\\\/fr\\\/actualite\\\/national\\\/insulte-televisee-en-direct-est-ce-un-exemple-de-la-liberte-dexpression\\\/171985\\\/#article\",\"isPartOf\":{\"@id\":\"https:\\\/\\\/www.webdo.tn\\\/fr\\\/actualite\\\/national\\\/insulte-televisee-en-direct-est-ce-un-exemple-de-la-liberte-dexpression\\\/171985\\\/\"},\"author\":{\"name\":\"webdo.tn\",\"@id\":\"https:\\\/\\\/www.webdo.tn\\\/fr\\\/#\\\/schema\\\/person\\\/9a9c6118d687c117df8ef3cc36a4d175\"},\"headline\":\"Insulte t\u00e9l\u00e9vis\u00e9e en direct : est-ce un exemple de la libert\u00e9 d\u2019expression ?\",\"datePublished\":\"2012-05-03T21:27:00+00:00\",\"dateModified\":\"2025-06-04T18:57:34+00:00\",\"mainEntityOfPage\":{\"@id\":\"https:\\\/\\\/www.webdo.tn\\\/fr\\\/actualite\\\/national\\\/insulte-televisee-en-direct-est-ce-un-exemple-de-la-liberte-dexpression\\\/171985\\\/\"},\"wordCount\":530,\"commentCount\":0,\"publisher\":{\"@id\":\"https:\\\/\\\/www.webdo.tn\\\/fr\\\/#organization\"},\"image\":{\"@id\":\"https:\\\/\\\/www.webdo.tn\\\/fr\\\/actualite\\\/national\\\/insulte-televisee-en-direct-est-ce-un-exemple-de-la-liberte-dexpression\\\/171985\\\/#primaryimage\"},\"thumbnailUrl\":\"https:\\\/\\\/www.webdo.tn\\\/fr\\\/wp-content\\\/uploads\\\/2012\\\/05\\\/tele-150x150-1.png\",\"articleSection\":[\"National\"],\"inLanguage\":\"fr-FR\"},{\"@type\":\"WebPage\",\"@id\":\"https:\\\/\\\/www.webdo.tn\\\/fr\\\/actualite\\\/national\\\/insulte-televisee-en-direct-est-ce-un-exemple-de-la-liberte-dexpression\\\/171985\\\/\",\"url\":\"https:\\\/\\\/www.webdo.tn\\\/fr\\\/actualite\\\/national\\\/insulte-televisee-en-direct-est-ce-un-exemple-de-la-liberte-dexpression\\\/171985\\\/\",\"name\":\"Insulte t\u00e9l\u00e9vis\u00e9e en direct : est-ce un exemple de la libert\u00e9 d\u2019expression ?\",\"isPartOf\":{\"@id\":\"https:\\\/\\\/www.webdo.tn\\\/fr\\\/#website\"},\"primaryImageOfPage\":{\"@id\":\"https:\\\/\\\/www.webdo.tn\\\/fr\\\/actualite\\\/national\\\/insulte-televisee-en-direct-est-ce-un-exemple-de-la-liberte-dexpression\\\/171985\\\/#primaryimage\"},\"image\":{\"@id\":\"https:\\\/\\\/www.webdo.tn\\\/fr\\\/actualite\\\/national\\\/insulte-televisee-en-direct-est-ce-un-exemple-de-la-liberte-dexpression\\\/171985\\\/#primaryimage\"},\"thumbnailUrl\":\"https:\\\/\\\/www.webdo.tn\\\/fr\\\/wp-content\\\/uploads\\\/2012\\\/05\\\/tele-150x150-1.png\",\"datePublished\":\"2012-05-03T21:27:00+00:00\",\"dateModified\":\"2025-06-04T18:57:34+00:00\",\"description\":\"Insulte t\u00e9l\u00e9vis\u00e9e en direct : est-ce un exemple de la libert\u00e9 d\u2019expression ?\",\"breadcrumb\":{\"@id\":\"https:\\\/\\\/www.webdo.tn\\\/fr\\\/actualite\\\/national\\\/insulte-televisee-en-direct-est-ce-un-exemple-de-la-liberte-dexpression\\\/171985\\\/#breadcrumb\"},\"inLanguage\":\"fr-FR\",\"potentialAction\":[{\"@type\":\"ReadAction\",\"target\":[\"https:\\\/\\\/www.webdo.tn\\\/fr\\\/actualite\\\/national\\\/insulte-televisee-en-direct-est-ce-un-exemple-de-la-liberte-dexpression\\\/171985\\\/\"]}]},{\"@type\":\"ImageObject\",\"inLanguage\":\"fr-FR\",\"@id\":\"https:\\\/\\\/www.webdo.tn\\\/fr\\\/actualite\\\/national\\\/insulte-televisee-en-direct-est-ce-un-exemple-de-la-liberte-dexpression\\\/171985\\\/#primaryimage\",\"url\":\"https:\\\/\\\/www.webdo.tn\\\/fr\\\/wp-content\\\/uploads\\\/2012\\\/05\\\/tele-150x150-1.png\",\"contentUrl\":\"https:\\\/\\\/www.webdo.tn\\\/fr\\\/wp-content\\\/uploads\\\/2012\\\/05\\\/tele-150x150-1.png\",\"width\":150,\"height\":150,\"caption\":\"Insulte t\u00e9l\u00e9vis\u00e9e en direct : est-ce un exemple de la libert\u00e9 d\u2019expression ?\"},{\"@type\":\"BreadcrumbList\",\"@id\":\"https:\\\/\\\/www.webdo.tn\\\/fr\\\/actualite\\\/national\\\/insulte-televisee-en-direct-est-ce-un-exemple-de-la-liberte-dexpression\\\/171985\\\/#breadcrumb\",\"itemListElement\":[{\"@type\":\"ListItem\",\"position\":1,\"name\":\"Accueil\",\"item\":\"https:\\\/\\\/www.webdo.tn\\\/fr\\\/\"},{\"@type\":\"ListItem\",\"position\":2,\"name\":\"Insulte t\u00e9l\u00e9vis\u00e9e en direct : est-ce un exemple de la libert\u00e9 d\u2019expression ?\"}]},{\"@type\":\"WebSite\",\"@id\":\"https:\\\/\\\/www.webdo.tn\\\/fr\\\/#website\",\"url\":\"https:\\\/\\\/www.webdo.tn\\\/fr\\\/\",\"name\":\"webdo\",\"description\":\"Tunisie - News en Tunisie et \u00e0 l&#039;international sur Webdo.tn\",\"publisher\":{\"@id\":\"https:\\\/\\\/www.webdo.tn\\\/fr\\\/#organization\"},\"potentialAction\":[{\"@type\":\"SearchAction\",\"target\":{\"@type\":\"EntryPoint\",\"urlTemplate\":\"https:\\\/\\\/www.webdo.tn\\\/fr\\\/?s={search_term_string}\"},\"query-input\":{\"@type\":\"PropertyValueSpecification\",\"valueRequired\":true,\"valueName\":\"search_term_string\"}}],\"inLanguage\":\"fr-FR\"},{\"@type\":\"Organization\",\"@id\":\"https:\\\/\\\/www.webdo.tn\\\/fr\\\/#organization\",\"name\":\"Webdo\",\"alternateName\":\"Webdo.tn\",\"url\":\"https:\\\/\\\/www.webdo.tn\\\/fr\\\/\",\"logo\":{\"@type\":\"ImageObject\",\"inLanguage\":\"fr-FR\",\"@id\":\"https:\\\/\\\/www.webdo.tn\\\/fr\\\/#\\\/schema\\\/logo\\\/image\\\/\",\"url\":\"https:\\\/\\\/www.webdo.tn\\\/fr\\\/wp-content\\\/uploads\\\/2025\\\/06\\\/Webdo-Tunisie_168377.jpg\",\"contentUrl\":\"https:\\\/\\\/www.webdo.tn\\\/fr\\\/wp-content\\\/uploads\\\/2025\\\/06\\\/Webdo-Tunisie_168377.jpg\",\"width\":301,\"height\":301,\"caption\":\"Webdo\"},\"image\":{\"@id\":\"https:\\\/\\\/www.webdo.tn\\\/fr\\\/#\\\/schema\\\/logo\\\/image\\\/\"},\"sameAs\":[\"https:\\\/\\\/www.facebook.com\\\/webdotn\",\"https:\\\/\\\/x.com\\\/webdo_tn\"],\"description\":\"Webdo est un m\u00e9dia num\u00e9rique tunisien fond\u00e9 en 2010, sp\u00e9cialis\u00e9 dans l\u2019actualit\u00e9 nationale et internationale, l\u2019\u00e9conomie, la soci\u00e9t\u00e9 et les analyses politiques. Le site s\u2019adresse \u00e0 un large public francophone et couvre l\u2019information tunisienne en temps r\u00e9el.\",\"email\":\"redac@webdo.tn\",\"legalName\":\"YNJ SARL\",\"foundingDate\":\"2010-09-06\",\"numberOfEmployees\":{\"@type\":\"QuantitativeValue\",\"minValue\":\"11\",\"maxValue\":\"50\"}},{\"@type\":\"Person\",\"@id\":\"https:\\\/\\\/www.webdo.tn\\\/fr\\\/#\\\/schema\\\/person\\\/9a9c6118d687c117df8ef3cc36a4d175\",\"name\":\"webdo.tn\",\"image\":{\"@type\":\"ImageObject\",\"inLanguage\":\"fr-FR\",\"@id\":\"https:\\\/\\\/secure.gravatar.com\\\/avatar\\\/7ce1f28c0c3bbac99ff550b85ef8e44a6950c6ee24514fb6a5489e51d06f0298?s=96&d=mm&r=g\",\"url\":\"https:\\\/\\\/secure.gravatar.com\\\/avatar\\\/7ce1f28c0c3bbac99ff550b85ef8e44a6950c6ee24514fb6a5489e51d06f0298?s=96&d=mm&r=g\",\"contentUrl\":\"https:\\\/\\\/secure.gravatar.com\\\/avatar\\\/7ce1f28c0c3bbac99ff550b85ef8e44a6950c6ee24514fb6a5489e51d06f0298?s=96&d=mm&r=g\",\"caption\":\"webdo.tn\"},\"url\":\"https:\\\/\\\/www.webdo.tn\\\/fr\\\/actualite\\\/author\\\/webdotn\\\/\"}]}<\/script>\n<!-- \/ Yoast SEO Premium plugin. -->","yoast_head_json":{"title":"Insulte t\u00e9l\u00e9vis\u00e9e en direct : est-ce un exemple de la libert\u00e9 d\u2019expression ?","description":"Insulte t\u00e9l\u00e9vis\u00e9e en direct : est-ce un exemple de la libert\u00e9 d\u2019expression ?","canonical":"https:\/\/www.webdo.tn\/fr\/actualite\/national\/insulte-televisee-en-direct-est-ce-un-exemple-de-la-liberte-dexpression\/171985\/","og_locale":"fr_FR","og_type":"article","og_title":"Insulte t\u00e9l\u00e9vis\u00e9e en direct : est-ce un exemple de la libert\u00e9 d\u2019expression ?","og_description":"Insulte t\u00e9l\u00e9vis\u00e9e en direct : est-ce un exemple de la libert\u00e9 d\u2019expression ?","og_url":"https:\/\/www.webdo.tn\/fr\/actualite\/national\/insulte-televisee-en-direct-est-ce-un-exemple-de-la-liberte-dexpression\/171985\/","og_site_name":"webdo","article_publisher":"https:\/\/www.facebook.com\/webdotn","article_published_time":"2012-05-03T21:27:00+00:00","article_modified_time":"2025-06-04T18:57:34+00:00","og_image":[{"width":150,"height":150,"url":"https:\/\/www.webdo.tn\/fr\/wp-content\/uploads\/2012\/05\/tele-150x150-1.png","type":"image\/png"}],"author":"webdo.tn","twitter_card":"summary_large_image","twitter_creator":"@webdo_tn","twitter_site":"@webdo_tn","twitter_misc":{"\u00c9crit par":"webdo.tn","Dur\u00e9e de lecture estim\u00e9e":"3 minutes"},"schema":{"@context":"https:\/\/schema.org","@graph":[{"@type":"NewsArticle","@id":"https:\/\/www.webdo.tn\/fr\/actualite\/national\/insulte-televisee-en-direct-est-ce-un-exemple-de-la-liberte-dexpression\/171985\/#article","isPartOf":{"@id":"https:\/\/www.webdo.tn\/fr\/actualite\/national\/insulte-televisee-en-direct-est-ce-un-exemple-de-la-liberte-dexpression\/171985\/"},"author":{"name":"webdo.tn","@id":"https:\/\/www.webdo.tn\/fr\/#\/schema\/person\/9a9c6118d687c117df8ef3cc36a4d175"},"headline":"Insulte t\u00e9l\u00e9vis\u00e9e en direct : est-ce un exemple de la libert\u00e9 d\u2019expression ?","datePublished":"2012-05-03T21:27:00+00:00","dateModified":"2025-06-04T18:57:34+00:00","mainEntityOfPage":{"@id":"https:\/\/www.webdo.tn\/fr\/actualite\/national\/insulte-televisee-en-direct-est-ce-un-exemple-de-la-liberte-dexpression\/171985\/"},"wordCount":530,"commentCount":0,"publisher":{"@id":"https:\/\/www.webdo.tn\/fr\/#organization"},"image":{"@id":"https:\/\/www.webdo.tn\/fr\/actualite\/national\/insulte-televisee-en-direct-est-ce-un-exemple-de-la-liberte-dexpression\/171985\/#primaryimage"},"thumbnailUrl":"https:\/\/www.webdo.tn\/fr\/wp-content\/uploads\/2012\/05\/tele-150x150-1.png","articleSection":["National"],"inLanguage":"fr-FR"},{"@type":"WebPage","@id":"https:\/\/www.webdo.tn\/fr\/actualite\/national\/insulte-televisee-en-direct-est-ce-un-exemple-de-la-liberte-dexpression\/171985\/","url":"https:\/\/www.webdo.tn\/fr\/actualite\/national\/insulte-televisee-en-direct-est-ce-un-exemple-de-la-liberte-dexpression\/171985\/","name":"Insulte t\u00e9l\u00e9vis\u00e9e en direct : est-ce un exemple de la libert\u00e9 d\u2019expression ?","isPartOf":{"@id":"https:\/\/www.webdo.tn\/fr\/#website"},"primaryImageOfPage":{"@id":"https:\/\/www.webdo.tn\/fr\/actualite\/national\/insulte-televisee-en-direct-est-ce-un-exemple-de-la-liberte-dexpression\/171985\/#primaryimage"},"image":{"@id":"https:\/\/www.webdo.tn\/fr\/actualite\/national\/insulte-televisee-en-direct-est-ce-un-exemple-de-la-liberte-dexpression\/171985\/#primaryimage"},"thumbnailUrl":"https:\/\/www.webdo.tn\/fr\/wp-content\/uploads\/2012\/05\/tele-150x150-1.png","datePublished":"2012-05-03T21:27:00+00:00","dateModified":"2025-06-04T18:57:34+00:00","description":"Insulte t\u00e9l\u00e9vis\u00e9e en direct : est-ce un exemple de la libert\u00e9 d\u2019expression ?","breadcrumb":{"@id":"https:\/\/www.webdo.tn\/fr\/actualite\/national\/insulte-televisee-en-direct-est-ce-un-exemple-de-la-liberte-dexpression\/171985\/#breadcrumb"},"inLanguage":"fr-FR","potentialAction":[{"@type":"ReadAction","target":["https:\/\/www.webdo.tn\/fr\/actualite\/national\/insulte-televisee-en-direct-est-ce-un-exemple-de-la-liberte-dexpression\/171985\/"]}]},{"@type":"ImageObject","inLanguage":"fr-FR","@id":"https:\/\/www.webdo.tn\/fr\/actualite\/national\/insulte-televisee-en-direct-est-ce-un-exemple-de-la-liberte-dexpression\/171985\/#primaryimage","url":"https:\/\/www.webdo.tn\/fr\/wp-content\/uploads\/2012\/05\/tele-150x150-1.png","contentUrl":"https:\/\/www.webdo.tn\/fr\/wp-content\/uploads\/2012\/05\/tele-150x150-1.png","width":150,"height":150,"caption":"Insulte t\u00e9l\u00e9vis\u00e9e en direct : est-ce un exemple de la libert\u00e9 d\u2019expression ?"},{"@type":"BreadcrumbList","@id":"https:\/\/www.webdo.tn\/fr\/actualite\/national\/insulte-televisee-en-direct-est-ce-un-exemple-de-la-liberte-dexpression\/171985\/#breadcrumb","itemListElement":[{"@type":"ListItem","position":1,"name":"Accueil","item":"https:\/\/www.webdo.tn\/fr\/"},{"@type":"ListItem","position":2,"name":"Insulte t\u00e9l\u00e9vis\u00e9e en direct : est-ce un exemple de la libert\u00e9 d\u2019expression ?"}]},{"@type":"WebSite","@id":"https:\/\/www.webdo.tn\/fr\/#website","url":"https:\/\/www.webdo.tn\/fr\/","name":"webdo","description":"Tunisie - News en Tunisie et \u00e0 l&#039;international sur Webdo.tn","publisher":{"@id":"https:\/\/www.webdo.tn\/fr\/#organization"},"potentialAction":[{"@type":"SearchAction","target":{"@type":"EntryPoint","urlTemplate":"https:\/\/www.webdo.tn\/fr\/?s={search_term_string}"},"query-input":{"@type":"PropertyValueSpecification","valueRequired":true,"valueName":"search_term_string"}}],"inLanguage":"fr-FR"},{"@type":"Organization","@id":"https:\/\/www.webdo.tn\/fr\/#organization","name":"Webdo","alternateName":"Webdo.tn","url":"https:\/\/www.webdo.tn\/fr\/","logo":{"@type":"ImageObject","inLanguage":"fr-FR","@id":"https:\/\/www.webdo.tn\/fr\/#\/schema\/logo\/image\/","url":"https:\/\/www.webdo.tn\/fr\/wp-content\/uploads\/2025\/06\/Webdo-Tunisie_168377.jpg","contentUrl":"https:\/\/www.webdo.tn\/fr\/wp-content\/uploads\/2025\/06\/Webdo-Tunisie_168377.jpg","width":301,"height":301,"caption":"Webdo"},"image":{"@id":"https:\/\/www.webdo.tn\/fr\/#\/schema\/logo\/image\/"},"sameAs":["https:\/\/www.facebook.com\/webdotn","https:\/\/x.com\/webdo_tn"],"description":"Webdo est un m\u00e9dia num\u00e9rique tunisien fond\u00e9 en 2010, sp\u00e9cialis\u00e9 dans l\u2019actualit\u00e9 nationale et internationale, l\u2019\u00e9conomie, la soci\u00e9t\u00e9 et les analyses politiques. Le site s\u2019adresse \u00e0 un large public francophone et couvre l\u2019information tunisienne en temps r\u00e9el.","email":"redac@webdo.tn","legalName":"YNJ SARL","foundingDate":"2010-09-06","numberOfEmployees":{"@type":"QuantitativeValue","minValue":"11","maxValue":"50"}},{"@type":"Person","@id":"https:\/\/www.webdo.tn\/fr\/#\/schema\/person\/9a9c6118d687c117df8ef3cc36a4d175","name":"webdo.tn","image":{"@type":"ImageObject","inLanguage":"fr-FR","@id":"https:\/\/secure.gravatar.com\/avatar\/7ce1f28c0c3bbac99ff550b85ef8e44a6950c6ee24514fb6a5489e51d06f0298?s=96&d=mm&r=g","url":"https:\/\/secure.gravatar.com\/avatar\/7ce1f28c0c3bbac99ff550b85ef8e44a6950c6ee24514fb6a5489e51d06f0298?s=96&d=mm&r=g","contentUrl":"https:\/\/secure.gravatar.com\/avatar\/7ce1f28c0c3bbac99ff550b85ef8e44a6950c6ee24514fb6a5489e51d06f0298?s=96&d=mm&r=g","caption":"webdo.tn"},"url":"https:\/\/www.webdo.tn\/fr\/actualite\/author\/webdotn\/"}]}},"_links":{"self":[{"href":"https:\/\/www.webdo.tn\/fr\/wp-json\/wp\/v2\/posts\/171985","targetHints":{"allow":["GET"]}}],"collection":[{"href":"https:\/\/www.webdo.tn\/fr\/wp-json\/wp\/v2\/posts"}],"about":[{"href":"https:\/\/www.webdo.tn\/fr\/wp-json\/wp\/v2\/types\/post"}],"author":[{"embeddable":true,"href":"https:\/\/www.webdo.tn\/fr\/wp-json\/wp\/v2\/users\/3222"}],"replies":[{"embeddable":true,"href":"https:\/\/www.webdo.tn\/fr\/wp-json\/wp\/v2\/comments?post=171985"}],"version-history":[{"count":0,"href":"https:\/\/www.webdo.tn\/fr\/wp-json\/wp\/v2\/posts\/171985\/revisions"}],"wp:featuredmedia":[{"embeddable":true,"href":"https:\/\/www.webdo.tn\/fr\/wp-json\/wp\/v2\/media\/334127"}],"wp:attachment":[{"href":"https:\/\/www.webdo.tn\/fr\/wp-json\/wp\/v2\/media?parent=171985"}],"wp:term":[{"taxonomy":"category","embeddable":true,"href":"https:\/\/www.webdo.tn\/fr\/wp-json\/wp\/v2\/categories?post=171985"},{"taxonomy":"post_tag","embeddable":true,"href":"https:\/\/www.webdo.tn\/fr\/wp-json\/wp\/v2\/tags?post=171985"}],"curies":[{"name":"wp","href":"https:\/\/api.w.org\/{rel}","templated":true}]}}