{"id":171984,"date":"2012-05-04T11:39:00","date_gmt":"2012-05-04T11:39:00","guid":{"rendered":"https:\/\/www.webdo.tn\/fr\/blog\/menace-d-attentat-a-jerba-rien-ne-sert-de-dementir-quand-la-psychose-est-provoquee-de-l-interieur\/171984\/"},"modified":"2025-06-04T18:57:36","modified_gmt":"2025-06-04T18:57:36","slug":"menace-d-attentat-a-jerba-rien-ne-sert-de-dementir-quand-la-psychose-est-provoquee-de-l-interieur","status":"publish","type":"post","link":"https:\/\/www.webdo.tn\/fr\/actualite\/national\/menace-d-attentat-a-jerba-rien-ne-sert-de-dementir-quand-la-psychose-est-provoquee-de-l-interieur\/171984\/","title":{"rendered":"Menace d\u2019attentat \u00e0 Jerba : rien ne sert de d\u00e9mentir quand la psychose est provoqu\u00e9e de l\u2019int\u00e9rieur !"},"content":{"rendered":"<p>Suite \u00e0 la mise en garde \u00e9manant du conseil national Isra\u00e9lien de s\u00e9curit\u00e9 (CNIS) qui a fait \u00e9tat d\u2019une menace antis\u00e9mite \u00e0 Jerba, le minist\u00e8re de l\u2019Int\u00e9rieur n\u2019a pas tard\u00e9 \u00e0 d\u00e9mentir l\u2019objet de cette mise en garde en faisant valoir les mesures s\u00e9curitaires prises par les autorit\u00e9s et en rassurant la communaut\u00e9 juive et les visiteurs de l\u2019\u00eele de Jerba qu\u2019ils ne s\u2019exposent \u00e0 aucun risque d\u2019attentat.<\/p>\n<p>Le d\u00e9menti du minist\u00e8re de l\u2019Int\u00e9rieur est un message d\u2019apaisement \u00e0 ceux qui boudent la destination paradisiaque \u00e0 l\u2019aube de la haute saison touristique. Mais \u00e0 quoi sert de d\u00e9mentir lorsque le paysage dans le pays offre une image d\u00e9gradante apr\u00e8s la r\u00e9volution du 14 janvier. Le message devait \u00eatre, plut\u00f4t, adress\u00e9 \u00e0 ceux parmi nos concitoyens qui contribuent \u00e0 cette image.<\/p>\n<p>Les autorit\u00e9s et les professionnels dans le secteur touristique doivent savoir que nos concurrents dans le bassin m\u00e9diterran\u00e9en ne seraient pas ravis de la reprise de l\u2019activit\u00e9 touristique notamment parce que la saison s\u2019annonce nettement meilleure que la pr\u00e9c\u00e9dente avec un volume de r\u00e9servations prometteur. Ils sont aux aguets du moindre faux pas pour boycotter la saison et ont \u00e0 leur service des agences et des m\u00e9dias.<\/p>\n<p>On est quasiment certains que derri\u00e8re la mise en garde du CNIS se cachent des concurrents et des gens \u00e0 leur solde qui se servent de l\u2019actualit\u00e9 en Tunisie pour atteindre leurs objectifs.<\/p>\n<p>Parmi ces \u00e9v\u00e9nements \u00e9c\u0153urants qui ont provoqu\u00e9 la psychose, l\u2019appel \u00e0 combattre les juifs, lanc\u00e9 le 25 mars 2012 par des salafistes, \u00e0 quelque pas du minist\u00e8re de l\u2019Int\u00e9rieur et en pr\u00e9sence de certaines personnalit\u00e9s politiques au pouvoir. Cet appel n\u2019est pas pass\u00e9 inaper\u00e7u dans la presse internationale qui \u00e9tait sur place et qui n\u2019a pas besoin d\u2019un communiqu\u00e9 de la TAP ou d\u2019un discours politique pour couvrir et commenter l\u2019\u00e9v\u00e9nement ni d\u2019une visite officielle pour changer d\u2019avis.<\/p>\n<p>Le 12 f\u00e9vrier 2012, des cris dans le m\u00eame sens ont \u00e9t\u00e9 scand\u00e9s par des islamistes qui assistaient au discours de Wajid Ghnim. Et en janvier dernier, lors de l\u2019accueil d\u2019Isma\u00efl Haniey, des slogans antis\u00e9mites appelant \u00e0 tuer les juifs ont \u00e9t\u00e9 prof\u00e9r\u00e9s.<\/p>\n<p>\u00c0 l\u2019assembl\u00e9e constituante, une d\u00e9put\u00e9e nahdhaoui, Basma Jebali, a d\u00e9clar\u00e9 que l\u2019achat par des juifs de terrains \u00e0 Jerba est un projet qui vise \u00e0 juda\u00efser l\u2019\u00eele et \u00e0 la rattacher \u00e0 l\u2019\u00c9tat d\u2019Isra\u00ebl. Il ne lui a pas suffit de le d\u00e9clarer, la d\u00e9put\u00e9e s\u2019est vant\u00e9e de l\u2019\u00e9cho de son intervention dans la presse internationale.<\/p>\n<p>Pour justifier leurs propos, des responsables politiques disent qu\u2019ils confondent entre sionistes et juifs. Cependant venant de leaders de la mouvance salafiste qui pr\u00e9tendent donner des le\u00e7ons, des cadres du mouvement Ennahdha qui ram\u00e8nent les objectifs de la r\u00e9volution au programme de leur parti, et des responsables politiques qui accusent l\u2019opposition de comploter contre la s\u00e9curit\u00e9 de l\u2019\u00c9tat, la confusion est inexcusable pour ne pas dire autre chose.<\/p>\n<p>Au-del\u00e0 des intentions, de tels appels et de tels propos ne font qu\u2019apporter de l\u2019eau au moulin de ceux qui redoutent la destination tunisienne et ceux qui n\u2019ont pas int\u00e9r\u00eat \u00e0 ce que l\u2019activit\u00e9 touristique retrouve sa vitesse de croisi\u00e8re et se d\u00e9veloppe. Ils sont de loin beaucoup plus graves que la participation \u00e0 une c\u00e9r\u00e9monie organis\u00e9e par une mission diplomatique, une visite d\u2019une ambassade ou un t\u00eate-\u00e0-t\u00eate avec un repr\u00e9sentant d\u2019un \u00c9tat \u00e9tranger. Et pourtant, les uns sont caress\u00e9s dans le sens du poil et les autres sont tax\u00e9s de traitres.<\/p>\n","protected":false},"excerpt":{"rendered":"<p>Menace d\u2019attentat \u00e0 Jerba : rien ne sert de d\u00e9mentir quand la psychose est provoqu\u00e9e de l\u2019int\u00e9rieur ! <\/p>\n","protected":false},"author":3222,"featured_media":374728,"comment_status":"open","ping_status":"closed","sticky":false,"template":"","format":"standard","meta":{"footnotes":""},"categories":[44],"tags":[],"class_list":["post-171984","post","type-post","status-publish","format-standard","has-post-thumbnail","hentry","category-national"],"yoast_head":"<!-- This site is optimized with the Yoast SEO Premium plugin v27.5 (Yoast SEO v27.5) - https:\/\/yoast.com\/product\/yoast-seo-premium-wordpress\/ -->\n<title>Menace d\u2019attentat \u00e0 Jerba : rien ne sert de d\u00e9mentir quand la psychose est provoqu\u00e9e de l\u2019int\u00e9rieur !<\/title>\n<meta name=\"description\" content=\"Menace d\u2019attentat \u00e0 Jerba : rien ne sert de d\u00e9mentir quand la psychose est provoqu\u00e9e de l\u2019int\u00e9rieur !\" \/>\n<link rel=\"canonical\" href=\"https:\/\/www.webdo.tn\/fr\/actualite\/national\/menace-d-attentat-a-jerba-rien-ne-sert-de-dementir-quand-la-psychose-est-provoquee-de-l-interieur\/171984\/\" \/>\n<meta property=\"og:locale\" content=\"fr_FR\" \/>\n<meta property=\"og:type\" content=\"article\" \/>\n<meta property=\"og:title\" content=\"Menace d\u2019attentat \u00e0 Jerba : rien ne sert de d\u00e9mentir quand la psychose est provoqu\u00e9e de l\u2019int\u00e9rieur !\" \/>\n<meta property=\"og:description\" content=\"Menace d\u2019attentat \u00e0 Jerba : rien ne sert de d\u00e9mentir quand la psychose est provoqu\u00e9e de l\u2019int\u00e9rieur !\" \/>\n<meta property=\"og:url\" content=\"https:\/\/www.webdo.tn\/fr\/actualite\/national\/menace-d-attentat-a-jerba-rien-ne-sert-de-dementir-quand-la-psychose-est-provoquee-de-l-interieur\/171984\/\" \/>\n<meta property=\"og:site_name\" content=\"webdo\" \/>\n<meta property=\"article:publisher\" content=\"https:\/\/www.facebook.com\/webdotn\" \/>\n<meta property=\"article:published_time\" content=\"2012-05-04T11:39:00+00:00\" \/>\n<meta property=\"article:modified_time\" content=\"2025-06-04T18:57:36+00:00\" \/>\n<meta name=\"author\" content=\"webdo.tn\" \/>\n<meta name=\"twitter:card\" content=\"summary_large_image\" \/>\n<meta name=\"twitter:creator\" content=\"@webdo_tn\" \/>\n<meta name=\"twitter:site\" content=\"@webdo_tn\" \/>\n<meta name=\"twitter:label1\" content=\"\u00c9crit par\" \/>\n\t<meta name=\"twitter:data1\" content=\"webdo.tn\" \/>\n\t<meta name=\"twitter:label2\" content=\"Dur\u00e9e de lecture estim\u00e9e\" \/>\n\t<meta name=\"twitter:data2\" content=\"3 minutes\" \/>\n<script type=\"application\/ld+json\" class=\"yoast-schema-graph\">{\"@context\":\"https:\\\/\\\/schema.org\",\"@graph\":[{\"@type\":\"NewsArticle\",\"@id\":\"https:\\\/\\\/www.webdo.tn\\\/fr\\\/actualite\\\/national\\\/menace-d-attentat-a-jerba-rien-ne-sert-de-dementir-quand-la-psychose-est-provoquee-de-l-interieur\\\/171984\\\/#article\",\"isPartOf\":{\"@id\":\"https:\\\/\\\/www.webdo.tn\\\/fr\\\/actualite\\\/national\\\/menace-d-attentat-a-jerba-rien-ne-sert-de-dementir-quand-la-psychose-est-provoquee-de-l-interieur\\\/171984\\\/\"},\"author\":{\"name\":\"webdo.tn\",\"@id\":\"https:\\\/\\\/www.webdo.tn\\\/fr\\\/#\\\/schema\\\/person\\\/9a9c6118d687c117df8ef3cc36a4d175\"},\"headline\":\"Menace d\u2019attentat \u00e0 Jerba : rien ne sert de d\u00e9mentir quand la psychose est provoqu\u00e9e de l\u2019int\u00e9rieur !\",\"datePublished\":\"2012-05-04T11:39:00+00:00\",\"dateModified\":\"2025-06-04T18:57:36+00:00\",\"mainEntityOfPage\":{\"@id\":\"https:\\\/\\\/www.webdo.tn\\\/fr\\\/actualite\\\/national\\\/menace-d-attentat-a-jerba-rien-ne-sert-de-dementir-quand-la-psychose-est-provoquee-de-l-interieur\\\/171984\\\/\"},\"wordCount\":669,\"commentCount\":0,\"publisher\":{\"@id\":\"https:\\\/\\\/www.webdo.tn\\\/fr\\\/#organization\"},\"image\":{\"@id\":\"https:\\\/\\\/www.webdo.tn\\\/fr\\\/actualite\\\/national\\\/menace-d-attentat-a-jerba-rien-ne-sert-de-dementir-quand-la-psychose-est-provoquee-de-l-interieur\\\/171984\\\/#primaryimage\"},\"thumbnailUrl\":\"https:\\\/\\\/www.webdo.tn\\\/fr\\\/wp-content\\\/uploads\\\/2025\\\/06\\\/Mort-aux-juifs-scande-a-laeroport-Tunis-Carthage-a-larrivee-du-premier-ministre-de-Gaza-photo-refairelemonde.canalblog.com__171984.jpg\",\"articleSection\":[\"National\"],\"inLanguage\":\"fr-FR\"},{\"@type\":\"WebPage\",\"@id\":\"https:\\\/\\\/www.webdo.tn\\\/fr\\\/actualite\\\/national\\\/menace-d-attentat-a-jerba-rien-ne-sert-de-dementir-quand-la-psychose-est-provoquee-de-l-interieur\\\/171984\\\/\",\"url\":\"https:\\\/\\\/www.webdo.tn\\\/fr\\\/actualite\\\/national\\\/menace-d-attentat-a-jerba-rien-ne-sert-de-dementir-quand-la-psychose-est-provoquee-de-l-interieur\\\/171984\\\/\",\"name\":\"Menace d\u2019attentat \u00e0 Jerba : rien ne sert de d\u00e9mentir quand la psychose est provoqu\u00e9e de l\u2019int\u00e9rieur !\",\"isPartOf\":{\"@id\":\"https:\\\/\\\/www.webdo.tn\\\/fr\\\/#website\"},\"primaryImageOfPage\":{\"@id\":\"https:\\\/\\\/www.webdo.tn\\\/fr\\\/actualite\\\/national\\\/menace-d-attentat-a-jerba-rien-ne-sert-de-dementir-quand-la-psychose-est-provoquee-de-l-interieur\\\/171984\\\/#primaryimage\"},\"image\":{\"@id\":\"https:\\\/\\\/www.webdo.tn\\\/fr\\\/actualite\\\/national\\\/menace-d-attentat-a-jerba-rien-ne-sert-de-dementir-quand-la-psychose-est-provoquee-de-l-interieur\\\/171984\\\/#primaryimage\"},\"thumbnailUrl\":\"https:\\\/\\\/www.webdo.tn\\\/fr\\\/wp-content\\\/uploads\\\/2025\\\/06\\\/Mort-aux-juifs-scande-a-laeroport-Tunis-Carthage-a-larrivee-du-premier-ministre-de-Gaza-photo-refairelemonde.canalblog.com__171984.jpg\",\"datePublished\":\"2012-05-04T11:39:00+00:00\",\"dateModified\":\"2025-06-04T18:57:36+00:00\",\"description\":\"Menace d\u2019attentat \u00e0 Jerba : rien ne sert de d\u00e9mentir quand la psychose est provoqu\u00e9e de l\u2019int\u00e9rieur !\",\"breadcrumb\":{\"@id\":\"https:\\\/\\\/www.webdo.tn\\\/fr\\\/actualite\\\/national\\\/menace-d-attentat-a-jerba-rien-ne-sert-de-dementir-quand-la-psychose-est-provoquee-de-l-interieur\\\/171984\\\/#breadcrumb\"},\"inLanguage\":\"fr-FR\",\"potentialAction\":[{\"@type\":\"ReadAction\",\"target\":[\"https:\\\/\\\/www.webdo.tn\\\/fr\\\/actualite\\\/national\\\/menace-d-attentat-a-jerba-rien-ne-sert-de-dementir-quand-la-psychose-est-provoquee-de-l-interieur\\\/171984\\\/\"]}]},{\"@type\":\"ImageObject\",\"inLanguage\":\"fr-FR\",\"@id\":\"https:\\\/\\\/www.webdo.tn\\\/fr\\\/actualite\\\/national\\\/menace-d-attentat-a-jerba-rien-ne-sert-de-dementir-quand-la-psychose-est-provoquee-de-l-interieur\\\/171984\\\/#primaryimage\",\"url\":\"https:\\\/\\\/www.webdo.tn\\\/fr\\\/wp-content\\\/uploads\\\/2025\\\/06\\\/Mort-aux-juifs-scande-a-laeroport-Tunis-Carthage-a-larrivee-du-premier-ministre-de-Gaza-photo-refairelemonde.canalblog.com__171984.jpg\",\"contentUrl\":\"https:\\\/\\\/www.webdo.tn\\\/fr\\\/wp-content\\\/uploads\\\/2025\\\/06\\\/Mort-aux-juifs-scande-a-laeroport-Tunis-Carthage-a-larrivee-du-premier-ministre-de-Gaza-photo-refairelemonde.canalblog.com__171984.jpg\",\"width\":376,\"height\":239,\"caption\":\"Menace d\u2019attentat \u00e0 Jerba : rien ne sert de d\u00e9mentir quand la psychose est provoqu\u00e9e de l\u2019int\u00e9rieur !\"},{\"@type\":\"BreadcrumbList\",\"@id\":\"https:\\\/\\\/www.webdo.tn\\\/fr\\\/actualite\\\/national\\\/menace-d-attentat-a-jerba-rien-ne-sert-de-dementir-quand-la-psychose-est-provoquee-de-l-interieur\\\/171984\\\/#breadcrumb\",\"itemListElement\":[{\"@type\":\"ListItem\",\"position\":1,\"name\":\"Accueil\",\"item\":\"https:\\\/\\\/www.webdo.tn\\\/fr\\\/\"},{\"@type\":\"ListItem\",\"position\":2,\"name\":\"Menace d\u2019attentat \u00e0 Jerba : rien ne sert de d\u00e9mentir quand la psychose est provoqu\u00e9e de l\u2019int\u00e9rieur !\"}]},{\"@type\":\"WebSite\",\"@id\":\"https:\\\/\\\/www.webdo.tn\\\/fr\\\/#website\",\"url\":\"https:\\\/\\\/www.webdo.tn\\\/fr\\\/\",\"name\":\"webdo\",\"description\":\"Tunisie - News en Tunisie et \u00e0 l&#039;international sur Webdo.tn\",\"publisher\":{\"@id\":\"https:\\\/\\\/www.webdo.tn\\\/fr\\\/#organization\"},\"potentialAction\":[{\"@type\":\"SearchAction\",\"target\":{\"@type\":\"EntryPoint\",\"urlTemplate\":\"https:\\\/\\\/www.webdo.tn\\\/fr\\\/?s={search_term_string}\"},\"query-input\":{\"@type\":\"PropertyValueSpecification\",\"valueRequired\":true,\"valueName\":\"search_term_string\"}}],\"inLanguage\":\"fr-FR\"},{\"@type\":\"Organization\",\"@id\":\"https:\\\/\\\/www.webdo.tn\\\/fr\\\/#organization\",\"name\":\"Webdo\",\"alternateName\":\"Webdo.tn\",\"url\":\"https:\\\/\\\/www.webdo.tn\\\/fr\\\/\",\"logo\":{\"@type\":\"ImageObject\",\"inLanguage\":\"fr-FR\",\"@id\":\"https:\\\/\\\/www.webdo.tn\\\/fr\\\/#\\\/schema\\\/logo\\\/image\\\/\",\"url\":\"https:\\\/\\\/www.webdo.tn\\\/fr\\\/wp-content\\\/uploads\\\/2025\\\/06\\\/Webdo-Tunisie_168377.jpg\",\"contentUrl\":\"https:\\\/\\\/www.webdo.tn\\\/fr\\\/wp-content\\\/uploads\\\/2025\\\/06\\\/Webdo-Tunisie_168377.jpg\",\"width\":301,\"height\":301,\"caption\":\"Webdo\"},\"image\":{\"@id\":\"https:\\\/\\\/www.webdo.tn\\\/fr\\\/#\\\/schema\\\/logo\\\/image\\\/\"},\"sameAs\":[\"https:\\\/\\\/www.facebook.com\\\/webdotn\",\"https:\\\/\\\/x.com\\\/webdo_tn\"],\"description\":\"Webdo est un m\u00e9dia num\u00e9rique tunisien fond\u00e9 en 2010, sp\u00e9cialis\u00e9 dans l\u2019actualit\u00e9 nationale et internationale, l\u2019\u00e9conomie, la soci\u00e9t\u00e9 et les analyses politiques. Le site s\u2019adresse \u00e0 un large public francophone et couvre l\u2019information tunisienne en temps r\u00e9el.\",\"email\":\"redac@webdo.tn\",\"legalName\":\"YNJ SARL\",\"foundingDate\":\"2010-09-06\",\"numberOfEmployees\":{\"@type\":\"QuantitativeValue\",\"minValue\":\"11\",\"maxValue\":\"50\"}},{\"@type\":\"Person\",\"@id\":\"https:\\\/\\\/www.webdo.tn\\\/fr\\\/#\\\/schema\\\/person\\\/9a9c6118d687c117df8ef3cc36a4d175\",\"name\":\"webdo.tn\",\"image\":{\"@type\":\"ImageObject\",\"inLanguage\":\"fr-FR\",\"@id\":\"https:\\\/\\\/secure.gravatar.com\\\/avatar\\\/7ce1f28c0c3bbac99ff550b85ef8e44a6950c6ee24514fb6a5489e51d06f0298?s=96&d=mm&r=g\",\"url\":\"https:\\\/\\\/secure.gravatar.com\\\/avatar\\\/7ce1f28c0c3bbac99ff550b85ef8e44a6950c6ee24514fb6a5489e51d06f0298?s=96&d=mm&r=g\",\"contentUrl\":\"https:\\\/\\\/secure.gravatar.com\\\/avatar\\\/7ce1f28c0c3bbac99ff550b85ef8e44a6950c6ee24514fb6a5489e51d06f0298?s=96&d=mm&r=g\",\"caption\":\"webdo.tn\"},\"url\":\"https:\\\/\\\/www.webdo.tn\\\/fr\\\/actualite\\\/author\\\/webdotn\\\/\"}]}<\/script>\n<!-- \/ Yoast SEO Premium plugin. -->","yoast_head_json":{"title":"Menace d\u2019attentat \u00e0 Jerba : rien ne sert de d\u00e9mentir quand la psychose est provoqu\u00e9e de l\u2019int\u00e9rieur !","description":"Menace d\u2019attentat \u00e0 Jerba : rien ne sert de d\u00e9mentir quand la psychose est provoqu\u00e9e de l\u2019int\u00e9rieur !","canonical":"https:\/\/www.webdo.tn\/fr\/actualite\/national\/menace-d-attentat-a-jerba-rien-ne-sert-de-dementir-quand-la-psychose-est-provoquee-de-l-interieur\/171984\/","og_locale":"fr_FR","og_type":"article","og_title":"Menace d\u2019attentat \u00e0 Jerba : rien ne sert de d\u00e9mentir quand la psychose est provoqu\u00e9e de l\u2019int\u00e9rieur !","og_description":"Menace d\u2019attentat \u00e0 Jerba : rien ne sert de d\u00e9mentir quand la psychose est provoqu\u00e9e de l\u2019int\u00e9rieur !","og_url":"https:\/\/www.webdo.tn\/fr\/actualite\/national\/menace-d-attentat-a-jerba-rien-ne-sert-de-dementir-quand-la-psychose-est-provoquee-de-l-interieur\/171984\/","og_site_name":"webdo","article_publisher":"https:\/\/www.facebook.com\/webdotn","article_published_time":"2012-05-04T11:39:00+00:00","article_modified_time":"2025-06-04T18:57:36+00:00","author":"webdo.tn","twitter_card":"summary_large_image","twitter_creator":"@webdo_tn","twitter_site":"@webdo_tn","twitter_misc":{"\u00c9crit par":"webdo.tn","Dur\u00e9e de lecture estim\u00e9e":"3 minutes"},"schema":{"@context":"https:\/\/schema.org","@graph":[{"@type":"NewsArticle","@id":"https:\/\/www.webdo.tn\/fr\/actualite\/national\/menace-d-attentat-a-jerba-rien-ne-sert-de-dementir-quand-la-psychose-est-provoquee-de-l-interieur\/171984\/#article","isPartOf":{"@id":"https:\/\/www.webdo.tn\/fr\/actualite\/national\/menace-d-attentat-a-jerba-rien-ne-sert-de-dementir-quand-la-psychose-est-provoquee-de-l-interieur\/171984\/"},"author":{"name":"webdo.tn","@id":"https:\/\/www.webdo.tn\/fr\/#\/schema\/person\/9a9c6118d687c117df8ef3cc36a4d175"},"headline":"Menace d\u2019attentat \u00e0 Jerba : rien ne sert de d\u00e9mentir quand la psychose est provoqu\u00e9e de l\u2019int\u00e9rieur !","datePublished":"2012-05-04T11:39:00+00:00","dateModified":"2025-06-04T18:57:36+00:00","mainEntityOfPage":{"@id":"https:\/\/www.webdo.tn\/fr\/actualite\/national\/menace-d-attentat-a-jerba-rien-ne-sert-de-dementir-quand-la-psychose-est-provoquee-de-l-interieur\/171984\/"},"wordCount":669,"commentCount":0,"publisher":{"@id":"https:\/\/www.webdo.tn\/fr\/#organization"},"image":{"@id":"https:\/\/www.webdo.tn\/fr\/actualite\/national\/menace-d-attentat-a-jerba-rien-ne-sert-de-dementir-quand-la-psychose-est-provoquee-de-l-interieur\/171984\/#primaryimage"},"thumbnailUrl":"https:\/\/www.webdo.tn\/fr\/wp-content\/uploads\/2025\/06\/Mort-aux-juifs-scande-a-laeroport-Tunis-Carthage-a-larrivee-du-premier-ministre-de-Gaza-photo-refairelemonde.canalblog.com__171984.jpg","articleSection":["National"],"inLanguage":"fr-FR"},{"@type":"WebPage","@id":"https:\/\/www.webdo.tn\/fr\/actualite\/national\/menace-d-attentat-a-jerba-rien-ne-sert-de-dementir-quand-la-psychose-est-provoquee-de-l-interieur\/171984\/","url":"https:\/\/www.webdo.tn\/fr\/actualite\/national\/menace-d-attentat-a-jerba-rien-ne-sert-de-dementir-quand-la-psychose-est-provoquee-de-l-interieur\/171984\/","name":"Menace d\u2019attentat \u00e0 Jerba : rien ne sert de d\u00e9mentir quand la psychose est provoqu\u00e9e de l\u2019int\u00e9rieur !","isPartOf":{"@id":"https:\/\/www.webdo.tn\/fr\/#website"},"primaryImageOfPage":{"@id":"https:\/\/www.webdo.tn\/fr\/actualite\/national\/menace-d-attentat-a-jerba-rien-ne-sert-de-dementir-quand-la-psychose-est-provoquee-de-l-interieur\/171984\/#primaryimage"},"image":{"@id":"https:\/\/www.webdo.tn\/fr\/actualite\/national\/menace-d-attentat-a-jerba-rien-ne-sert-de-dementir-quand-la-psychose-est-provoquee-de-l-interieur\/171984\/#primaryimage"},"thumbnailUrl":"https:\/\/www.webdo.tn\/fr\/wp-content\/uploads\/2025\/06\/Mort-aux-juifs-scande-a-laeroport-Tunis-Carthage-a-larrivee-du-premier-ministre-de-Gaza-photo-refairelemonde.canalblog.com__171984.jpg","datePublished":"2012-05-04T11:39:00+00:00","dateModified":"2025-06-04T18:57:36+00:00","description":"Menace d\u2019attentat \u00e0 Jerba : rien ne sert de d\u00e9mentir quand la psychose est provoqu\u00e9e de l\u2019int\u00e9rieur !","breadcrumb":{"@id":"https:\/\/www.webdo.tn\/fr\/actualite\/national\/menace-d-attentat-a-jerba-rien-ne-sert-de-dementir-quand-la-psychose-est-provoquee-de-l-interieur\/171984\/#breadcrumb"},"inLanguage":"fr-FR","potentialAction":[{"@type":"ReadAction","target":["https:\/\/www.webdo.tn\/fr\/actualite\/national\/menace-d-attentat-a-jerba-rien-ne-sert-de-dementir-quand-la-psychose-est-provoquee-de-l-interieur\/171984\/"]}]},{"@type":"ImageObject","inLanguage":"fr-FR","@id":"https:\/\/www.webdo.tn\/fr\/actualite\/national\/menace-d-attentat-a-jerba-rien-ne-sert-de-dementir-quand-la-psychose-est-provoquee-de-l-interieur\/171984\/#primaryimage","url":"https:\/\/www.webdo.tn\/fr\/wp-content\/uploads\/2025\/06\/Mort-aux-juifs-scande-a-laeroport-Tunis-Carthage-a-larrivee-du-premier-ministre-de-Gaza-photo-refairelemonde.canalblog.com__171984.jpg","contentUrl":"https:\/\/www.webdo.tn\/fr\/wp-content\/uploads\/2025\/06\/Mort-aux-juifs-scande-a-laeroport-Tunis-Carthage-a-larrivee-du-premier-ministre-de-Gaza-photo-refairelemonde.canalblog.com__171984.jpg","width":376,"height":239,"caption":"Menace d\u2019attentat \u00e0 Jerba : rien ne sert de d\u00e9mentir quand la psychose est provoqu\u00e9e de l\u2019int\u00e9rieur !"},{"@type":"BreadcrumbList","@id":"https:\/\/www.webdo.tn\/fr\/actualite\/national\/menace-d-attentat-a-jerba-rien-ne-sert-de-dementir-quand-la-psychose-est-provoquee-de-l-interieur\/171984\/#breadcrumb","itemListElement":[{"@type":"ListItem","position":1,"name":"Accueil","item":"https:\/\/www.webdo.tn\/fr\/"},{"@type":"ListItem","position":2,"name":"Menace d\u2019attentat \u00e0 Jerba : rien ne sert de d\u00e9mentir quand la psychose est provoqu\u00e9e de l\u2019int\u00e9rieur !"}]},{"@type":"WebSite","@id":"https:\/\/www.webdo.tn\/fr\/#website","url":"https:\/\/www.webdo.tn\/fr\/","name":"webdo","description":"Tunisie - News en Tunisie et \u00e0 l&#039;international sur Webdo.tn","publisher":{"@id":"https:\/\/www.webdo.tn\/fr\/#organization"},"potentialAction":[{"@type":"SearchAction","target":{"@type":"EntryPoint","urlTemplate":"https:\/\/www.webdo.tn\/fr\/?s={search_term_string}"},"query-input":{"@type":"PropertyValueSpecification","valueRequired":true,"valueName":"search_term_string"}}],"inLanguage":"fr-FR"},{"@type":"Organization","@id":"https:\/\/www.webdo.tn\/fr\/#organization","name":"Webdo","alternateName":"Webdo.tn","url":"https:\/\/www.webdo.tn\/fr\/","logo":{"@type":"ImageObject","inLanguage":"fr-FR","@id":"https:\/\/www.webdo.tn\/fr\/#\/schema\/logo\/image\/","url":"https:\/\/www.webdo.tn\/fr\/wp-content\/uploads\/2025\/06\/Webdo-Tunisie_168377.jpg","contentUrl":"https:\/\/www.webdo.tn\/fr\/wp-content\/uploads\/2025\/06\/Webdo-Tunisie_168377.jpg","width":301,"height":301,"caption":"Webdo"},"image":{"@id":"https:\/\/www.webdo.tn\/fr\/#\/schema\/logo\/image\/"},"sameAs":["https:\/\/www.facebook.com\/webdotn","https:\/\/x.com\/webdo_tn"],"description":"Webdo est un m\u00e9dia num\u00e9rique tunisien fond\u00e9 en 2010, sp\u00e9cialis\u00e9 dans l\u2019actualit\u00e9 nationale et internationale, l\u2019\u00e9conomie, la soci\u00e9t\u00e9 et les analyses politiques. Le site s\u2019adresse \u00e0 un large public francophone et couvre l\u2019information tunisienne en temps r\u00e9el.","email":"redac@webdo.tn","legalName":"YNJ SARL","foundingDate":"2010-09-06","numberOfEmployees":{"@type":"QuantitativeValue","minValue":"11","maxValue":"50"}},{"@type":"Person","@id":"https:\/\/www.webdo.tn\/fr\/#\/schema\/person\/9a9c6118d687c117df8ef3cc36a4d175","name":"webdo.tn","image":{"@type":"ImageObject","inLanguage":"fr-FR","@id":"https:\/\/secure.gravatar.com\/avatar\/7ce1f28c0c3bbac99ff550b85ef8e44a6950c6ee24514fb6a5489e51d06f0298?s=96&d=mm&r=g","url":"https:\/\/secure.gravatar.com\/avatar\/7ce1f28c0c3bbac99ff550b85ef8e44a6950c6ee24514fb6a5489e51d06f0298?s=96&d=mm&r=g","contentUrl":"https:\/\/secure.gravatar.com\/avatar\/7ce1f28c0c3bbac99ff550b85ef8e44a6950c6ee24514fb6a5489e51d06f0298?s=96&d=mm&r=g","caption":"webdo.tn"},"url":"https:\/\/www.webdo.tn\/fr\/actualite\/author\/webdotn\/"}]}},"_links":{"self":[{"href":"https:\/\/www.webdo.tn\/fr\/wp-json\/wp\/v2\/posts\/171984","targetHints":{"allow":["GET"]}}],"collection":[{"href":"https:\/\/www.webdo.tn\/fr\/wp-json\/wp\/v2\/posts"}],"about":[{"href":"https:\/\/www.webdo.tn\/fr\/wp-json\/wp\/v2\/types\/post"}],"author":[{"embeddable":true,"href":"https:\/\/www.webdo.tn\/fr\/wp-json\/wp\/v2\/users\/3222"}],"replies":[{"embeddable":true,"href":"https:\/\/www.webdo.tn\/fr\/wp-json\/wp\/v2\/comments?post=171984"}],"version-history":[{"count":0,"href":"https:\/\/www.webdo.tn\/fr\/wp-json\/wp\/v2\/posts\/171984\/revisions"}],"wp:featuredmedia":[{"embeddable":true,"href":"https:\/\/www.webdo.tn\/fr\/wp-json\/wp\/v2\/media\/374728"}],"wp:attachment":[{"href":"https:\/\/www.webdo.tn\/fr\/wp-json\/wp\/v2\/media?parent=171984"}],"wp:term":[{"taxonomy":"category","embeddable":true,"href":"https:\/\/www.webdo.tn\/fr\/wp-json\/wp\/v2\/categories?post=171984"},{"taxonomy":"post_tag","embeddable":true,"href":"https:\/\/www.webdo.tn\/fr\/wp-json\/wp\/v2\/tags?post=171984"}],"curies":[{"name":"wp","href":"https:\/\/api.w.org\/{rel}","templated":true}]}}