{"id":171983,"date":"2012-05-05T15:39:00","date_gmt":"2012-05-05T15:39:00","guid":{"rendered":"https:\/\/www.webdo.tn\/fr\/blog\/secret-de-polichinelle-qui-est-cette-chaine-de-television-privee-accusee\/171983\/"},"modified":"2025-06-04T18:57:40","modified_gmt":"2025-06-04T18:57:40","slug":"secret-de-polichinelle-qui-est-cette-chaine-de-television-privee-accusee","status":"publish","type":"post","link":"https:\/\/www.webdo.tn\/fr\/actualite\/national\/secret-de-polichinelle-qui-est-cette-chaine-de-television-privee-accusee\/171983\/","title":{"rendered":"Secret de polichinelle : Qui est cette cha\u00eene de t\u00e9l\u00e9vision priv\u00e9e, accus\u00e9e d\u2019avoir sem\u00e9 la terreur  le 14 janvier 2011 ?"},"content":{"rendered":"<p>Apr\u00e8s plus d\u2019une ann\u00e9e d\u2019attente, la Commission nationale d\u2019investigation sur les d\u00e9passements et les violations (CNIDV) a rendu public son rapport qui a retrac\u00e9 les \u00e9v\u00e8nements se rapportant \u00e0 la r\u00e9volution du 14 janvier, recouvrant la p\u00e9riode allant du 17 d\u00e9cembre 2010, journ\u00e9e o\u00f9 Bouazizi s\u2019est immol\u00e9 par le feu, au 23 octobre 2011, date des \u00e9lections de l\u2019assembl\u00e9e nationale constituante. La reconstitution des faits n\u2019a rien r\u00e9v\u00e9l\u00e9 de particulier par rapport \u00e0 ce que l\u2019on sait d\u00e9j\u00e0 sur le d\u00e9but des \u00e9v\u00e9nements et leur d\u00e9roulement \u00e0 part les d\u00e9tails et les pr\u00e9cisions apport\u00e9s par le t\u00e9moignage des victimes, de leur entourage et de ceux qui ont v\u00e9cu de pr\u00e8s ces \u00e9v\u00e8nements.<\/p>\n<p>La seule information qui m\u00e9rite de retenir l\u2019attention, surtout en cette p\u00e9riode o\u00f9 l\u2019appel \u00e0 l\u2019assainissement des m\u00e9dias se fait de plus en plus pressant, est l\u2019accusation dirig\u00e9e contre une cha\u00eene de t\u00e9l\u00e9vision priv\u00e9e, suspect\u00e9e d\u2019avoir amplifi\u00e9 la situation pour semer la terreur dans l\u2019esprit des Tunisiens et perturber l\u2019intervention des forces de l\u2019ordre et des militaires  . Parmi les fausses informations propag\u00e9es sur cette cha\u00eene dans la semaine du 14 janvier, l\u2019utilisation par des gens arm\u00e9s de voitures de taxi et des ambulances et des actes de pillage et de violence perp\u00e9tr\u00e9s en groupe par des bandes de voyous et de d\u00e9linquants.<\/p>\n<p>Cette accusation n\u2019est pas tellement une r\u00e9v\u00e9lation  pour le grand public et ne n\u00e9cessite pas une investigation pour  d\u00e9couvrir les faits. Un minimum de pr\u00e9sence d\u2019esprit suffit pour s\u2019en convaincre.<\/p>\n<p>Le nom de la cha\u00eene impliqu\u00e9e n\u2019est pas cit\u00e9 dans  le rapport mais les Tunisiens n\u2019ont pas besoin de consulter des voyants pour le deviner. Un avant go\u00fbt a \u00e9t\u00e9 d\u00e9j\u00e0 livr\u00e9 par la presse \u00e9crite suite \u00e0 l\u2019interpellation de Larbi Nasra, fondateur d\u2019Hannibal TV, qui a \u00e9t\u00e9 arr\u00eat\u00e9 le dimanche 23 janvier 2011 puis rel\u00e2ch\u00e9 le lendemain sans aucune explication de la part des autorit\u00e9s \u00e0 part des excuses officielles. <\/p>\n<p>Dans une d\u00e9p\u00eache de l\u2019agence REUTERS on peut lire ce qui suit \u00ab\u00a0Le propri\u00e9taire de Hannibal TV (Larbi Nasra), qui est apparent\u00e9 \u00e0 l&rsquo;\u00e9pouse de l&rsquo;ancien pr\u00e9sident, se sert de la station pour faire avorter la r\u00e9volution de la jeunesse, semer la confusion, inciter aux dissensions et diffuser de fausses informations\u00a0\u00bb, \u00e9crit l&rsquo;agence en citant une source autoris\u00e9e. \u00ab\u00a0Le but est de cr\u00e9er un vide constitutionnel, de ruiner la stabilit\u00e9 et d&rsquo;engager le pays dans un tourbillon de violence qui ram\u00e8nera la dictature de l&rsquo;ancien pr\u00e9sident.\u00a0\u00bb Cette d\u00e9p\u00eache reprise sur France 24 a donn\u00e9 libre cours \u00e0 diff\u00e9rentes suppositions et certains sont all\u00e9s jusqu\u2019\u00e0 imaginer un discours de Ben Ali qui allait \u00eatre diffus\u00e9 sur la cha\u00eene. <\/p>\n<p>Le contenu de la d\u00e9p\u00eache a \u00e9t\u00e9 confirm\u00e9 quelques mois apr\u00e8s par le journal LE MAGHREB qui a reproduit les d\u00e9positions de Larbi Nasra devant le juge. Selon le fondateur de la cha\u00eene, la responsabilit\u00e9 des programmes et des \u00e9missions incombe aux concepteurs et aux pr\u00e9sentateurs !!! <\/p>\n<p>Et donc, il n\u2019est nul besoin de se creuser les m\u00e9ninges pour conna\u00eetre ce secret de polichinelle. La cha\u00eene remise en cause dans le rapport ne peut s\u2019agir de Nessma TV dont le patron est pr\u00eat \u00e0 r\u00e9p\u00e9ter mille fois BABA LAHNINE, ni de la cha\u00eene publique qui n\u2019a rien de priv\u00e9.<\/p>\n","protected":false},"excerpt":{"rendered":"<p>Secret de polichinelle : Qui est cette cha\u00eene de t\u00e9l\u00e9vision priv\u00e9e, accus\u00e9e d\u2019avoir sem\u00e9 la terreur  le 14 janvier 2011 ?<\/p>\n","protected":false},"author":3222,"featured_media":334130,"comment_status":"open","ping_status":"closed","sticky":false,"template":"","format":"standard","meta":{"footnotes":""},"categories":[44],"tags":[],"class_list":["post-171983","post","type-post","status-publish","format-standard","has-post-thumbnail","hentry","category-national"],"yoast_head":"<!-- This site is optimized with the Yoast SEO Premium plugin v27.5 (Yoast SEO v27.5) - https:\/\/yoast.com\/product\/yoast-seo-premium-wordpress\/ -->\n<title>Secret de polichinelle : Qui est cette cha\u00eene de t\u00e9l\u00e9vision priv\u00e9e, accus\u00e9e d\u2019avoir sem\u00e9 la terreur le 14 janvier 2011 ?<\/title>\n<meta name=\"description\" content=\"Secret de polichinelle : Qui est cette cha\u00eene de t\u00e9l\u00e9vision priv\u00e9e, accus\u00e9e d\u2019avoir sem\u00e9 la terreur le 14 janvier 2011 ?\" \/>\n<link rel=\"canonical\" href=\"https:\/\/www.webdo.tn\/fr\/actualite\/blog\/secret-de-polichinelle-qui-est-cette-chaine-de-television-privee-accusee\/171983\/\" \/>\n<meta property=\"og:locale\" content=\"fr_FR\" \/>\n<meta property=\"og:type\" content=\"article\" \/>\n<meta property=\"og:title\" content=\"Secret de polichinelle : Qui est cette cha\u00eene de t\u00e9l\u00e9vision priv\u00e9e, accus\u00e9e d\u2019avoir sem\u00e9 la terreur le 14 janvier 2011 ?\" \/>\n<meta property=\"og:description\" content=\"Secret de polichinelle : Qui est cette cha\u00eene de t\u00e9l\u00e9vision priv\u00e9e, accus\u00e9e d\u2019avoir sem\u00e9 la terreur le 14 janvier 2011 ?\" \/>\n<meta property=\"og:url\" content=\"https:\/\/www.webdo.tn\/fr\/actualite\/blog\/secret-de-polichinelle-qui-est-cette-chaine-de-television-privee-accusee\/171983\/\" \/>\n<meta property=\"og:site_name\" content=\"webdo\" \/>\n<meta property=\"article:publisher\" content=\"https:\/\/www.facebook.com\/webdotn\" \/>\n<meta property=\"article:published_time\" content=\"2012-05-05T15:39:00+00:00\" \/>\n<meta property=\"article:modified_time\" content=\"2025-06-04T18:57:40+00:00\" \/>\n<meta property=\"og:image\" content=\"https:\/\/www.webdo.tn\/fr\/wp-content\/uploads\/2012\/05\/ta9assi-150x150-1.jpg\" \/>\n\t<meta property=\"og:image:width\" content=\"150\" \/>\n\t<meta property=\"og:image:height\" content=\"150\" \/>\n\t<meta property=\"og:image:type\" content=\"image\/jpeg\" \/>\n<meta name=\"author\" content=\"webdo.tn\" \/>\n<meta name=\"twitter:card\" content=\"summary_large_image\" \/>\n<meta name=\"twitter:creator\" content=\"@webdo_tn\" \/>\n<meta name=\"twitter:site\" content=\"@webdo_tn\" \/>\n<meta name=\"twitter:label1\" content=\"\u00c9crit par\" \/>\n\t<meta name=\"twitter:data1\" content=\"webdo.tn\" \/>\n\t<meta name=\"twitter:label2\" content=\"Dur\u00e9e de lecture estim\u00e9e\" \/>\n\t<meta name=\"twitter:data2\" content=\"3 minutes\" \/>\n<script type=\"application\/ld+json\" class=\"yoast-schema-graph\">{\"@context\":\"https:\\\/\\\/schema.org\",\"@graph\":[{\"@type\":\"NewsArticle\",\"@id\":\"https:\\\/\\\/www.webdo.tn\\\/fr\\\/actualite\\\/blog\\\/secret-de-polichinelle-qui-est-cette-chaine-de-television-privee-accusee\\\/171983\\\/#article\",\"isPartOf\":{\"@id\":\"https:\\\/\\\/www.webdo.tn\\\/fr\\\/actualite\\\/blog\\\/secret-de-polichinelle-qui-est-cette-chaine-de-television-privee-accusee\\\/171983\\\/\"},\"author\":{\"name\":\"webdo.tn\",\"@id\":\"https:\\\/\\\/www.webdo.tn\\\/fr\\\/#\\\/schema\\\/person\\\/9a9c6118d687c117df8ef3cc36a4d175\"},\"headline\":\"Secret de polichinelle : Qui est cette cha\u00eene de t\u00e9l\u00e9vision priv\u00e9e, accus\u00e9e d\u2019avoir sem\u00e9 la terreur le 14 janvier 2011 ?\",\"datePublished\":\"2012-05-05T15:39:00+00:00\",\"dateModified\":\"2025-06-04T18:57:40+00:00\",\"mainEntityOfPage\":{\"@id\":\"https:\\\/\\\/www.webdo.tn\\\/fr\\\/actualite\\\/blog\\\/secret-de-polichinelle-qui-est-cette-chaine-de-television-privee-accusee\\\/171983\\\/\"},\"wordCount\":643,\"commentCount\":0,\"publisher\":{\"@id\":\"https:\\\/\\\/www.webdo.tn\\\/fr\\\/#organization\"},\"image\":{\"@id\":\"https:\\\/\\\/www.webdo.tn\\\/fr\\\/actualite\\\/blog\\\/secret-de-polichinelle-qui-est-cette-chaine-de-television-privee-accusee\\\/171983\\\/#primaryimage\"},\"thumbnailUrl\":\"https:\\\/\\\/www.webdo.tn\\\/fr\\\/wp-content\\\/uploads\\\/2012\\\/05\\\/ta9assi-150x150-1.jpg\",\"articleSection\":[\"National\"],\"inLanguage\":\"fr-FR\"},{\"@type\":\"WebPage\",\"@id\":\"https:\\\/\\\/www.webdo.tn\\\/fr\\\/actualite\\\/blog\\\/secret-de-polichinelle-qui-est-cette-chaine-de-television-privee-accusee\\\/171983\\\/\",\"url\":\"https:\\\/\\\/www.webdo.tn\\\/fr\\\/actualite\\\/blog\\\/secret-de-polichinelle-qui-est-cette-chaine-de-television-privee-accusee\\\/171983\\\/\",\"name\":\"Secret de polichinelle : Qui est cette cha\u00eene de t\u00e9l\u00e9vision priv\u00e9e, accus\u00e9e d\u2019avoir sem\u00e9 la terreur le 14 janvier 2011 ?\",\"isPartOf\":{\"@id\":\"https:\\\/\\\/www.webdo.tn\\\/fr\\\/#website\"},\"primaryImageOfPage\":{\"@id\":\"https:\\\/\\\/www.webdo.tn\\\/fr\\\/actualite\\\/blog\\\/secret-de-polichinelle-qui-est-cette-chaine-de-television-privee-accusee\\\/171983\\\/#primaryimage\"},\"image\":{\"@id\":\"https:\\\/\\\/www.webdo.tn\\\/fr\\\/actualite\\\/blog\\\/secret-de-polichinelle-qui-est-cette-chaine-de-television-privee-accusee\\\/171983\\\/#primaryimage\"},\"thumbnailUrl\":\"https:\\\/\\\/www.webdo.tn\\\/fr\\\/wp-content\\\/uploads\\\/2012\\\/05\\\/ta9assi-150x150-1.jpg\",\"datePublished\":\"2012-05-05T15:39:00+00:00\",\"dateModified\":\"2025-06-04T18:57:40+00:00\",\"description\":\"Secret de polichinelle : Qui est cette cha\u00eene de t\u00e9l\u00e9vision priv\u00e9e, accus\u00e9e d\u2019avoir sem\u00e9 la terreur le 14 janvier 2011 ?\",\"breadcrumb\":{\"@id\":\"https:\\\/\\\/www.webdo.tn\\\/fr\\\/actualite\\\/blog\\\/secret-de-polichinelle-qui-est-cette-chaine-de-television-privee-accusee\\\/171983\\\/#breadcrumb\"},\"inLanguage\":\"fr-FR\",\"potentialAction\":[{\"@type\":\"ReadAction\",\"target\":[\"https:\\\/\\\/www.webdo.tn\\\/fr\\\/actualite\\\/blog\\\/secret-de-polichinelle-qui-est-cette-chaine-de-television-privee-accusee\\\/171983\\\/\"]}]},{\"@type\":\"ImageObject\",\"inLanguage\":\"fr-FR\",\"@id\":\"https:\\\/\\\/www.webdo.tn\\\/fr\\\/actualite\\\/blog\\\/secret-de-polichinelle-qui-est-cette-chaine-de-television-privee-accusee\\\/171983\\\/#primaryimage\",\"url\":\"https:\\\/\\\/www.webdo.tn\\\/fr\\\/wp-content\\\/uploads\\\/2012\\\/05\\\/ta9assi-150x150-1.jpg\",\"contentUrl\":\"https:\\\/\\\/www.webdo.tn\\\/fr\\\/wp-content\\\/uploads\\\/2012\\\/05\\\/ta9assi-150x150-1.jpg\",\"width\":150,\"height\":150,\"caption\":\"Secret de polichinelle : Qui est cette cha\u00eene de t\u00e9l\u00e9vision priv\u00e9e, accus\u00e9e d\u2019avoir sem\u00e9 la terreur le 14 janvier 2011 ?\"},{\"@type\":\"BreadcrumbList\",\"@id\":\"https:\\\/\\\/www.webdo.tn\\\/fr\\\/actualite\\\/blog\\\/secret-de-polichinelle-qui-est-cette-chaine-de-television-privee-accusee\\\/171983\\\/#breadcrumb\",\"itemListElement\":[{\"@type\":\"ListItem\",\"position\":1,\"name\":\"Accueil\",\"item\":\"https:\\\/\\\/www.webdo.tn\\\/fr\\\/\"},{\"@type\":\"ListItem\",\"position\":2,\"name\":\"Secret de polichinelle : Qui est cette cha\u00eene de t\u00e9l\u00e9vision priv\u00e9e, accus\u00e9e d\u2019avoir sem\u00e9 la terreur le 14 janvier 2011 ?\"}]},{\"@type\":\"WebSite\",\"@id\":\"https:\\\/\\\/www.webdo.tn\\\/fr\\\/#website\",\"url\":\"https:\\\/\\\/www.webdo.tn\\\/fr\\\/\",\"name\":\"webdo\",\"description\":\"Tunisie - News en Tunisie et \u00e0 l&#039;international sur Webdo.tn\",\"publisher\":{\"@id\":\"https:\\\/\\\/www.webdo.tn\\\/fr\\\/#organization\"},\"potentialAction\":[{\"@type\":\"SearchAction\",\"target\":{\"@type\":\"EntryPoint\",\"urlTemplate\":\"https:\\\/\\\/www.webdo.tn\\\/fr\\\/?s={search_term_string}\"},\"query-input\":{\"@type\":\"PropertyValueSpecification\",\"valueRequired\":true,\"valueName\":\"search_term_string\"}}],\"inLanguage\":\"fr-FR\"},{\"@type\":\"Organization\",\"@id\":\"https:\\\/\\\/www.webdo.tn\\\/fr\\\/#organization\",\"name\":\"Webdo\",\"alternateName\":\"Webdo.tn\",\"url\":\"https:\\\/\\\/www.webdo.tn\\\/fr\\\/\",\"logo\":{\"@type\":\"ImageObject\",\"inLanguage\":\"fr-FR\",\"@id\":\"https:\\\/\\\/www.webdo.tn\\\/fr\\\/#\\\/schema\\\/logo\\\/image\\\/\",\"url\":\"https:\\\/\\\/www.webdo.tn\\\/fr\\\/wp-content\\\/uploads\\\/2025\\\/06\\\/Webdo-Tunisie_168377.jpg\",\"contentUrl\":\"https:\\\/\\\/www.webdo.tn\\\/fr\\\/wp-content\\\/uploads\\\/2025\\\/06\\\/Webdo-Tunisie_168377.jpg\",\"width\":301,\"height\":301,\"caption\":\"Webdo\"},\"image\":{\"@id\":\"https:\\\/\\\/www.webdo.tn\\\/fr\\\/#\\\/schema\\\/logo\\\/image\\\/\"},\"sameAs\":[\"https:\\\/\\\/www.facebook.com\\\/webdotn\",\"https:\\\/\\\/x.com\\\/webdo_tn\"],\"description\":\"Webdo est un m\u00e9dia num\u00e9rique tunisien fond\u00e9 en 2010, sp\u00e9cialis\u00e9 dans l\u2019actualit\u00e9 nationale et internationale, l\u2019\u00e9conomie, la soci\u00e9t\u00e9 et les analyses politiques. Le site s\u2019adresse \u00e0 un large public francophone et couvre l\u2019information tunisienne en temps r\u00e9el.\",\"email\":\"redac@webdo.tn\",\"legalName\":\"YNJ SARL\",\"foundingDate\":\"2010-09-06\",\"numberOfEmployees\":{\"@type\":\"QuantitativeValue\",\"minValue\":\"11\",\"maxValue\":\"50\"}},{\"@type\":\"Person\",\"@id\":\"https:\\\/\\\/www.webdo.tn\\\/fr\\\/#\\\/schema\\\/person\\\/9a9c6118d687c117df8ef3cc36a4d175\",\"name\":\"webdo.tn\",\"image\":{\"@type\":\"ImageObject\",\"inLanguage\":\"fr-FR\",\"@id\":\"https:\\\/\\\/secure.gravatar.com\\\/avatar\\\/7ce1f28c0c3bbac99ff550b85ef8e44a6950c6ee24514fb6a5489e51d06f0298?s=96&d=mm&r=g\",\"url\":\"https:\\\/\\\/secure.gravatar.com\\\/avatar\\\/7ce1f28c0c3bbac99ff550b85ef8e44a6950c6ee24514fb6a5489e51d06f0298?s=96&d=mm&r=g\",\"contentUrl\":\"https:\\\/\\\/secure.gravatar.com\\\/avatar\\\/7ce1f28c0c3bbac99ff550b85ef8e44a6950c6ee24514fb6a5489e51d06f0298?s=96&d=mm&r=g\",\"caption\":\"webdo.tn\"},\"url\":\"https:\\\/\\\/www.webdo.tn\\\/fr\\\/actualite\\\/author\\\/webdotn\\\/\"}]}<\/script>\n<!-- \/ Yoast SEO Premium plugin. -->","yoast_head_json":{"title":"Secret de polichinelle : Qui est cette cha\u00eene de t\u00e9l\u00e9vision priv\u00e9e, accus\u00e9e d\u2019avoir sem\u00e9 la terreur le 14 janvier 2011 ?","description":"Secret de polichinelle : Qui est cette cha\u00eene de t\u00e9l\u00e9vision priv\u00e9e, accus\u00e9e d\u2019avoir sem\u00e9 la terreur le 14 janvier 2011 ?","canonical":"https:\/\/www.webdo.tn\/fr\/actualite\/blog\/secret-de-polichinelle-qui-est-cette-chaine-de-television-privee-accusee\/171983\/","og_locale":"fr_FR","og_type":"article","og_title":"Secret de polichinelle : Qui est cette cha\u00eene de t\u00e9l\u00e9vision priv\u00e9e, accus\u00e9e d\u2019avoir sem\u00e9 la terreur le 14 janvier 2011 ?","og_description":"Secret de polichinelle : Qui est cette cha\u00eene de t\u00e9l\u00e9vision priv\u00e9e, accus\u00e9e d\u2019avoir sem\u00e9 la terreur le 14 janvier 2011 ?","og_url":"https:\/\/www.webdo.tn\/fr\/actualite\/blog\/secret-de-polichinelle-qui-est-cette-chaine-de-television-privee-accusee\/171983\/","og_site_name":"webdo","article_publisher":"https:\/\/www.facebook.com\/webdotn","article_published_time":"2012-05-05T15:39:00+00:00","article_modified_time":"2025-06-04T18:57:40+00:00","og_image":[{"width":150,"height":150,"url":"https:\/\/www.webdo.tn\/fr\/wp-content\/uploads\/2012\/05\/ta9assi-150x150-1.jpg","type":"image\/jpeg"}],"author":"webdo.tn","twitter_card":"summary_large_image","twitter_creator":"@webdo_tn","twitter_site":"@webdo_tn","twitter_misc":{"\u00c9crit par":"webdo.tn","Dur\u00e9e de lecture estim\u00e9e":"3 minutes"},"schema":{"@context":"https:\/\/schema.org","@graph":[{"@type":"NewsArticle","@id":"https:\/\/www.webdo.tn\/fr\/actualite\/blog\/secret-de-polichinelle-qui-est-cette-chaine-de-television-privee-accusee\/171983\/#article","isPartOf":{"@id":"https:\/\/www.webdo.tn\/fr\/actualite\/blog\/secret-de-polichinelle-qui-est-cette-chaine-de-television-privee-accusee\/171983\/"},"author":{"name":"webdo.tn","@id":"https:\/\/www.webdo.tn\/fr\/#\/schema\/person\/9a9c6118d687c117df8ef3cc36a4d175"},"headline":"Secret de polichinelle : Qui est cette cha\u00eene de t\u00e9l\u00e9vision priv\u00e9e, accus\u00e9e d\u2019avoir sem\u00e9 la terreur le 14 janvier 2011 ?","datePublished":"2012-05-05T15:39:00+00:00","dateModified":"2025-06-04T18:57:40+00:00","mainEntityOfPage":{"@id":"https:\/\/www.webdo.tn\/fr\/actualite\/blog\/secret-de-polichinelle-qui-est-cette-chaine-de-television-privee-accusee\/171983\/"},"wordCount":643,"commentCount":0,"publisher":{"@id":"https:\/\/www.webdo.tn\/fr\/#organization"},"image":{"@id":"https:\/\/www.webdo.tn\/fr\/actualite\/blog\/secret-de-polichinelle-qui-est-cette-chaine-de-television-privee-accusee\/171983\/#primaryimage"},"thumbnailUrl":"https:\/\/www.webdo.tn\/fr\/wp-content\/uploads\/2012\/05\/ta9assi-150x150-1.jpg","articleSection":["National"],"inLanguage":"fr-FR"},{"@type":"WebPage","@id":"https:\/\/www.webdo.tn\/fr\/actualite\/blog\/secret-de-polichinelle-qui-est-cette-chaine-de-television-privee-accusee\/171983\/","url":"https:\/\/www.webdo.tn\/fr\/actualite\/blog\/secret-de-polichinelle-qui-est-cette-chaine-de-television-privee-accusee\/171983\/","name":"Secret de polichinelle : Qui est cette cha\u00eene de t\u00e9l\u00e9vision priv\u00e9e, accus\u00e9e d\u2019avoir sem\u00e9 la terreur le 14 janvier 2011 ?","isPartOf":{"@id":"https:\/\/www.webdo.tn\/fr\/#website"},"primaryImageOfPage":{"@id":"https:\/\/www.webdo.tn\/fr\/actualite\/blog\/secret-de-polichinelle-qui-est-cette-chaine-de-television-privee-accusee\/171983\/#primaryimage"},"image":{"@id":"https:\/\/www.webdo.tn\/fr\/actualite\/blog\/secret-de-polichinelle-qui-est-cette-chaine-de-television-privee-accusee\/171983\/#primaryimage"},"thumbnailUrl":"https:\/\/www.webdo.tn\/fr\/wp-content\/uploads\/2012\/05\/ta9assi-150x150-1.jpg","datePublished":"2012-05-05T15:39:00+00:00","dateModified":"2025-06-04T18:57:40+00:00","description":"Secret de polichinelle : Qui est cette cha\u00eene de t\u00e9l\u00e9vision priv\u00e9e, accus\u00e9e d\u2019avoir sem\u00e9 la terreur le 14 janvier 2011 ?","breadcrumb":{"@id":"https:\/\/www.webdo.tn\/fr\/actualite\/blog\/secret-de-polichinelle-qui-est-cette-chaine-de-television-privee-accusee\/171983\/#breadcrumb"},"inLanguage":"fr-FR","potentialAction":[{"@type":"ReadAction","target":["https:\/\/www.webdo.tn\/fr\/actualite\/blog\/secret-de-polichinelle-qui-est-cette-chaine-de-television-privee-accusee\/171983\/"]}]},{"@type":"ImageObject","inLanguage":"fr-FR","@id":"https:\/\/www.webdo.tn\/fr\/actualite\/blog\/secret-de-polichinelle-qui-est-cette-chaine-de-television-privee-accusee\/171983\/#primaryimage","url":"https:\/\/www.webdo.tn\/fr\/wp-content\/uploads\/2012\/05\/ta9assi-150x150-1.jpg","contentUrl":"https:\/\/www.webdo.tn\/fr\/wp-content\/uploads\/2012\/05\/ta9assi-150x150-1.jpg","width":150,"height":150,"caption":"Secret de polichinelle : Qui est cette cha\u00eene de t\u00e9l\u00e9vision priv\u00e9e, accus\u00e9e d\u2019avoir sem\u00e9 la terreur le 14 janvier 2011 ?"},{"@type":"BreadcrumbList","@id":"https:\/\/www.webdo.tn\/fr\/actualite\/blog\/secret-de-polichinelle-qui-est-cette-chaine-de-television-privee-accusee\/171983\/#breadcrumb","itemListElement":[{"@type":"ListItem","position":1,"name":"Accueil","item":"https:\/\/www.webdo.tn\/fr\/"},{"@type":"ListItem","position":2,"name":"Secret de polichinelle : Qui est cette cha\u00eene de t\u00e9l\u00e9vision priv\u00e9e, accus\u00e9e d\u2019avoir sem\u00e9 la terreur le 14 janvier 2011 ?"}]},{"@type":"WebSite","@id":"https:\/\/www.webdo.tn\/fr\/#website","url":"https:\/\/www.webdo.tn\/fr\/","name":"webdo","description":"Tunisie - News en Tunisie et \u00e0 l&#039;international sur Webdo.tn","publisher":{"@id":"https:\/\/www.webdo.tn\/fr\/#organization"},"potentialAction":[{"@type":"SearchAction","target":{"@type":"EntryPoint","urlTemplate":"https:\/\/www.webdo.tn\/fr\/?s={search_term_string}"},"query-input":{"@type":"PropertyValueSpecification","valueRequired":true,"valueName":"search_term_string"}}],"inLanguage":"fr-FR"},{"@type":"Organization","@id":"https:\/\/www.webdo.tn\/fr\/#organization","name":"Webdo","alternateName":"Webdo.tn","url":"https:\/\/www.webdo.tn\/fr\/","logo":{"@type":"ImageObject","inLanguage":"fr-FR","@id":"https:\/\/www.webdo.tn\/fr\/#\/schema\/logo\/image\/","url":"https:\/\/www.webdo.tn\/fr\/wp-content\/uploads\/2025\/06\/Webdo-Tunisie_168377.jpg","contentUrl":"https:\/\/www.webdo.tn\/fr\/wp-content\/uploads\/2025\/06\/Webdo-Tunisie_168377.jpg","width":301,"height":301,"caption":"Webdo"},"image":{"@id":"https:\/\/www.webdo.tn\/fr\/#\/schema\/logo\/image\/"},"sameAs":["https:\/\/www.facebook.com\/webdotn","https:\/\/x.com\/webdo_tn"],"description":"Webdo est un m\u00e9dia num\u00e9rique tunisien fond\u00e9 en 2010, sp\u00e9cialis\u00e9 dans l\u2019actualit\u00e9 nationale et internationale, l\u2019\u00e9conomie, la soci\u00e9t\u00e9 et les analyses politiques. Le site s\u2019adresse \u00e0 un large public francophone et couvre l\u2019information tunisienne en temps r\u00e9el.","email":"redac@webdo.tn","legalName":"YNJ SARL","foundingDate":"2010-09-06","numberOfEmployees":{"@type":"QuantitativeValue","minValue":"11","maxValue":"50"}},{"@type":"Person","@id":"https:\/\/www.webdo.tn\/fr\/#\/schema\/person\/9a9c6118d687c117df8ef3cc36a4d175","name":"webdo.tn","image":{"@type":"ImageObject","inLanguage":"fr-FR","@id":"https:\/\/secure.gravatar.com\/avatar\/7ce1f28c0c3bbac99ff550b85ef8e44a6950c6ee24514fb6a5489e51d06f0298?s=96&d=mm&r=g","url":"https:\/\/secure.gravatar.com\/avatar\/7ce1f28c0c3bbac99ff550b85ef8e44a6950c6ee24514fb6a5489e51d06f0298?s=96&d=mm&r=g","contentUrl":"https:\/\/secure.gravatar.com\/avatar\/7ce1f28c0c3bbac99ff550b85ef8e44a6950c6ee24514fb6a5489e51d06f0298?s=96&d=mm&r=g","caption":"webdo.tn"},"url":"https:\/\/www.webdo.tn\/fr\/actualite\/author\/webdotn\/"}]}},"_links":{"self":[{"href":"https:\/\/www.webdo.tn\/fr\/wp-json\/wp\/v2\/posts\/171983","targetHints":{"allow":["GET"]}}],"collection":[{"href":"https:\/\/www.webdo.tn\/fr\/wp-json\/wp\/v2\/posts"}],"about":[{"href":"https:\/\/www.webdo.tn\/fr\/wp-json\/wp\/v2\/types\/post"}],"author":[{"embeddable":true,"href":"https:\/\/www.webdo.tn\/fr\/wp-json\/wp\/v2\/users\/3222"}],"replies":[{"embeddable":true,"href":"https:\/\/www.webdo.tn\/fr\/wp-json\/wp\/v2\/comments?post=171983"}],"version-history":[{"count":0,"href":"https:\/\/www.webdo.tn\/fr\/wp-json\/wp\/v2\/posts\/171983\/revisions"}],"wp:featuredmedia":[{"embeddable":true,"href":"https:\/\/www.webdo.tn\/fr\/wp-json\/wp\/v2\/media\/334130"}],"wp:attachment":[{"href":"https:\/\/www.webdo.tn\/fr\/wp-json\/wp\/v2\/media?parent=171983"}],"wp:term":[{"taxonomy":"category","embeddable":true,"href":"https:\/\/www.webdo.tn\/fr\/wp-json\/wp\/v2\/categories?post=171983"},{"taxonomy":"post_tag","embeddable":true,"href":"https:\/\/www.webdo.tn\/fr\/wp-json\/wp\/v2\/tags?post=171983"}],"curies":[{"name":"wp","href":"https:\/\/api.w.org\/{rel}","templated":true}]}}