{"id":171982,"date":"2012-05-06T09:30:00","date_gmt":"2012-05-06T09:30:00","guid":{"rendered":"https:\/\/www.webdo.tn\/fr\/blog\/opinion-dame-vertu-porte-la-barbe-et-dame-justice-porte-le-niqab\/171982\/"},"modified":"2025-06-04T18:57:41","modified_gmt":"2025-06-04T18:57:41","slug":"opinion-dame-vertu-porte-la-barbe-et-dame-justice-porte-le-niqab","status":"publish","type":"post","link":"https:\/\/www.webdo.tn\/fr\/actualite\/national\/opinion-dame-vertu-porte-la-barbe-et-dame-justice-porte-le-niqab\/171982\/","title":{"rendered":"Opinion &#8211; Dame vertu porte la barbe et dame justice porte le niqab !"},"content":{"rendered":"<p>Il ne s&rsquo;agit pas ici de parler, une \u00e9ni\u00e8me fois de l&rsquo;ins\u00e9curit\u00e9 que nous vivons \u00e0 chaque carrefour. De nos citoyens  qui sont perdus dans les m\u00e9andres de la politique mais qui ne demandent qu&rsquo;une simple pitance \u00e0 table. De l&rsquo;ing\u00e9rence et la mal-g\u00e9rance d&rsquo;une Tunisie, qui hier encore, hurlait sa libert\u00e9 et un peuple fier d&rsquo;avoir chass\u00e9 le tyran. Notre avenir \u00e9tait tout trac\u00e9, mais c\u2019\u00e9tait sans compter&#8230;. les exil\u00e9s de luxe, les sans abris et les SDF qui propagent leurs mots et leurs maux pour nous envelopper de t\u00e9n\u00e8bres. <\/p>\n<p>Beaucoup d&rsquo;encre a coul\u00e9 depuis la r\u00e9volution. La Tunisie, future d\u00e9mocratie, ne p\u00e8se pas bien lourd face \u00e0 la Tunisie future th\u00e9ocratie.<\/p>\n<p>Le syst\u00e8me \u00e9ducatif en entier a \u00e9chou\u00e9 lamentablement face aux pr\u00eacheurs et autres pr\u00e9dicateurs qui remplissent les mosqu\u00e9es. Des adeptes, assidus  \u00e0 ces cours, g\u00e9n\u00e9reusement prodigu\u00e9s et, cerise sur le bonnet d\u2019\u00e2ne, ils sont exempts, bien s\u00fbr de devoirs et d&rsquo;examens. Le passage de classe est garanti. Apr\u00e8s avoir \u00e9t\u00e9 impr\u00e9gn\u00e9 de la sainte parole, r\u00e9pandue \u00e0 la va comme je te comprends. <\/p>\n<p>Des ann\u00e9es \u00e0 user des pantalons sur les bancs de l\u2019\u00e9cole ont eu raison d&rsquo;une seule et unique ann\u00e9e \u00e0 psalmodier apr\u00e8s, les ma\u00eetres pensants ! <\/p>\n<p>Ces nouveaux talibans, version tunisienne, peuvent \u00e0 leur  tour, imposer leur pi\u00e9t\u00e9, leurs points de vue \u00e0 l&rsquo;aide d&rsquo;insultes, de b\u00e2tons. Et si le Djihed reste toujours d&rsquo;actualit\u00e9 et l&rsquo;un de leur choix d&rsquo;orientation, un coup de couteau n&rsquo;est pas de trop pour un m\u00e9cr\u00e9ant qui l&rsquo;a bien m\u00e9rit\u00e9 !<\/p>\n<p>La sournoiserie d&rsquo;Ennahdha va au-del\u00e0 d&rsquo;inviter un tel pr\u00e9dicateur ou p\u00eacheur. Va au-del\u00e0 de ces d\u00e9clarations ambigu\u00ebs. Va au-del\u00e0 de ces fac\u00e9ties politiciennes qui scandalisent le Tunisien lambda&#8230; C&rsquo;est plus pernicieux. <\/p>\n<p>Elle tend \u00e0 nous faire oublier la Tunisie telle que nous l&rsquo;avons aim\u00e9e depuis bien plus de cinquante ans.<\/p>\n<p>Si des opposants\/opposantes continuent \u00e0 s\u2019\u00e9gosiller sur les plateaux des m\u00e9dias, juste pour affirmer leur pr\u00e9sence dans le paysage politique, quand  ils ne jouent pas, \u00e0 la prima donna et quittent la table des n\u00e9gociations sans armes et sans bagages. Politiquement parlant, Enahdha occupe bien le terrain et sur tous les fronts, Le spectacle, elle  sait y faire ! Et chaque jour on a droit \u00e0 une \u00ab\u00a0fezzaa\u00a0\u00bb comme ils disent. Je ne sais m\u00eame pas ce que cela veut dire ! <\/p>\n<p>Mais ce n&rsquo;est qu&rsquo;un \u00e9cran de fum\u00e9e, savamment appliqu\u00e9, qui lui garantirait une r\u00e9\u00e9lection haut la main ! Si jamais ce pays, verrait un jour l&rsquo;ombre d\u2019\u00e9lections.<\/p>\n<p>Car en parall\u00e8le, elle abat des travaux hercul\u00e9ens. Elle d\u00e9truit ce qui fut, le joyau des pays arabes -la soci\u00e9t\u00e9 tunisienne- et syst\u00e9matiquement !<\/p>\n<p>Selon Nourredine Al-Khademi, Ministre des Affaires Religieuses, celui-l\u00e0, m\u00eame qui a propos\u00e9 la cr\u00e9ation d\u2019\u00e9tablissements charg\u00e9s de la Fatwa, estime que sur les  5000 mosqu\u00e9es existants en Tunisie, 500 seulement sont tomb\u00e9es sous la coupe des salafistes.  Il est \u00e0 rappeler \u00e0 ce Monsieur que 4500 autres ne sont pas \u00e0 l&rsquo;abri, quand leurs devantures deviennent un souk afghan, sans aucun contr\u00f4le des services concern\u00e9s. Ce n&rsquo;est plus un lieu de recueillement et de pri\u00e8re, mais un vulgaire marchandage d&rsquo;accessoires religieux. Et c&rsquo;est l\u00e0, qu&rsquo;on donne des directives politiques creusant au plus profond de notre structure sociale.<\/p>\n<p>Notre soci\u00e9t\u00e9 s&rsquo;effrite et se perd, Sans d\u00e9nombrer les incidents qui ont jalonn\u00e9 le parcours d&rsquo;Enahdha, entre l&rsquo;instauration d&rsquo;un khailfa et les agressions diverses et vari\u00e9es sur des femmes devenues hors mode. Je m\u2019arr\u00eaterai sur l&rsquo;outrecuidance infecte d&rsquo;un t\u00e9l\u00e9spectateur qui est intervenu lors d&rsquo;une \u00e9mission de t\u00e9l\u00e9vision et du haut du sans-savoir-vivre, se permettait une remarque d\u00e9sobligeante envers une dame pour lui  reprocher sa robe courte. <\/p>\n<p>Ce n&rsquo;est qu&rsquo;un \u00e9chantillon parmi des milliers. Ils parcourent nos rues, hurlent le nom d\u2019Allah, souillent notre drapeau, complotent dans l&rsquo;ombre. <\/p>\n<p>Dans les pays dits religieux, la p\u00e9dophilie  en Arabie Saoudite ou en Afghanistan fait des victimes en toute impunit\u00e9. Ils battent \u00e0 plate ignominie tous les eccl\u00e9siastiques d\u00e9viant.<\/p>\n<p>Je pr\u00e9f\u00e9rerais \u00eatre jug\u00e9e par vous autres, malfrats, disciples de Ghannoucchi, m\u00e9cr\u00e9ante que devenir une moins que rien, dans un pays th\u00e9ocratique.<\/p>\n<p>On n&rsquo;aurait pas besoin d&rsquo;une police sp\u00e9ciale pour les troubles \u00e0 l&rsquo;ordre public et atteinte \u00e0 la morale. Certains Tunisiens seraient heureux d&rsquo;appliquer leurs propres lois et gratuitement, d\u00e8s qu\u2019ils mettent le nez, en dehors de la mosqu\u00e9e.<\/p>\n","protected":false},"excerpt":{"rendered":"<p>Opinion &#8211; Dame vertu porte la barbe et dame justice porte le niqab !<\/p>\n","protected":false},"author":3222,"featured_media":334132,"comment_status":"open","ping_status":"closed","sticky":false,"template":"","format":"standard","meta":{"footnotes":""},"categories":[44],"tags":[],"class_list":["post-171982","post","type-post","status-publish","format-standard","has-post-thumbnail","hentry","category-national"],"yoast_head":"<!-- This site is optimized with the Yoast SEO Premium plugin v27.5 (Yoast SEO v27.5) - https:\/\/yoast.com\/product\/yoast-seo-premium-wordpress\/ -->\n<title>Opinion - Dame vertu porte la barbe et dame justice porte le niqab !<\/title>\n<meta name=\"description\" content=\"Opinion - Dame vertu porte la barbe et dame justice porte le niqab !\" \/>\n<link rel=\"canonical\" href=\"https:\/\/www.webdo.tn\/fr\/actualite\/blog\/opinion-dame-vertu-porte-la-barbe-et-dame-justice-porte-le-niqab\/171982\/\" \/>\n<meta property=\"og:locale\" content=\"fr_FR\" \/>\n<meta property=\"og:type\" content=\"article\" \/>\n<meta property=\"og:title\" content=\"Opinion - Dame vertu porte la barbe et dame justice porte le niqab !\" \/>\n<meta property=\"og:description\" content=\"Opinion - Dame vertu porte la barbe et dame justice porte le niqab !\" \/>\n<meta property=\"og:url\" content=\"https:\/\/www.webdo.tn\/fr\/actualite\/blog\/opinion-dame-vertu-porte-la-barbe-et-dame-justice-porte-le-niqab\/171982\/\" \/>\n<meta property=\"og:site_name\" content=\"webdo\" \/>\n<meta property=\"article:publisher\" content=\"https:\/\/www.facebook.com\/webdotn\" \/>\n<meta property=\"article:published_time\" content=\"2012-05-06T09:30:00+00:00\" \/>\n<meta property=\"article:modified_time\" content=\"2025-06-04T18:57:41+00:00\" \/>\n<meta property=\"og:image\" content=\"https:\/\/www.webdo.tn\/fr\/wp-content\/uploads\/2012\/05\/1328041959_p6n-1-150x150-1.jpg\" \/>\n\t<meta property=\"og:image:width\" content=\"150\" \/>\n\t<meta property=\"og:image:height\" content=\"150\" \/>\n\t<meta property=\"og:image:type\" content=\"image\/jpeg\" \/>\n<meta name=\"author\" content=\"webdo.tn\" \/>\n<meta name=\"twitter:card\" content=\"summary_large_image\" \/>\n<meta name=\"twitter:creator\" content=\"@webdo_tn\" \/>\n<meta name=\"twitter:site\" content=\"@webdo_tn\" \/>\n<meta name=\"twitter:label1\" content=\"\u00c9crit par\" \/>\n\t<meta name=\"twitter:data1\" content=\"webdo.tn\" \/>\n\t<meta name=\"twitter:label2\" content=\"Dur\u00e9e de lecture estim\u00e9e\" \/>\n\t<meta name=\"twitter:data2\" content=\"4 minutes\" \/>\n<script type=\"application\/ld+json\" class=\"yoast-schema-graph\">{\"@context\":\"https:\\\/\\\/schema.org\",\"@graph\":[{\"@type\":\"NewsArticle\",\"@id\":\"https:\\\/\\\/www.webdo.tn\\\/fr\\\/actualite\\\/blog\\\/opinion-dame-vertu-porte-la-barbe-et-dame-justice-porte-le-niqab\\\/171982\\\/#article\",\"isPartOf\":{\"@id\":\"https:\\\/\\\/www.webdo.tn\\\/fr\\\/actualite\\\/blog\\\/opinion-dame-vertu-porte-la-barbe-et-dame-justice-porte-le-niqab\\\/171982\\\/\"},\"author\":{\"name\":\"webdo.tn\",\"@id\":\"https:\\\/\\\/www.webdo.tn\\\/fr\\\/#\\\/schema\\\/person\\\/9a9c6118d687c117df8ef3cc36a4d175\"},\"headline\":\"Opinion &#8211; Dame vertu porte la barbe et dame justice porte le niqab !\",\"datePublished\":\"2012-05-06T09:30:00+00:00\",\"dateModified\":\"2025-06-04T18:57:41+00:00\",\"mainEntityOfPage\":{\"@id\":\"https:\\\/\\\/www.webdo.tn\\\/fr\\\/actualite\\\/blog\\\/opinion-dame-vertu-porte-la-barbe-et-dame-justice-porte-le-niqab\\\/171982\\\/\"},\"wordCount\":822,\"commentCount\":0,\"publisher\":{\"@id\":\"https:\\\/\\\/www.webdo.tn\\\/fr\\\/#organization\"},\"image\":{\"@id\":\"https:\\\/\\\/www.webdo.tn\\\/fr\\\/actualite\\\/blog\\\/opinion-dame-vertu-porte-la-barbe-et-dame-justice-porte-le-niqab\\\/171982\\\/#primaryimage\"},\"thumbnailUrl\":\"https:\\\/\\\/www.webdo.tn\\\/fr\\\/wp-content\\\/uploads\\\/2012\\\/05\\\/1328041959_p6n-1-150x150-1.jpg\",\"articleSection\":[\"National\"],\"inLanguage\":\"fr-FR\"},{\"@type\":\"WebPage\",\"@id\":\"https:\\\/\\\/www.webdo.tn\\\/fr\\\/actualite\\\/blog\\\/opinion-dame-vertu-porte-la-barbe-et-dame-justice-porte-le-niqab\\\/171982\\\/\",\"url\":\"https:\\\/\\\/www.webdo.tn\\\/fr\\\/actualite\\\/blog\\\/opinion-dame-vertu-porte-la-barbe-et-dame-justice-porte-le-niqab\\\/171982\\\/\",\"name\":\"Opinion - Dame vertu porte la barbe et dame justice porte le niqab !\",\"isPartOf\":{\"@id\":\"https:\\\/\\\/www.webdo.tn\\\/fr\\\/#website\"},\"primaryImageOfPage\":{\"@id\":\"https:\\\/\\\/www.webdo.tn\\\/fr\\\/actualite\\\/blog\\\/opinion-dame-vertu-porte-la-barbe-et-dame-justice-porte-le-niqab\\\/171982\\\/#primaryimage\"},\"image\":{\"@id\":\"https:\\\/\\\/www.webdo.tn\\\/fr\\\/actualite\\\/blog\\\/opinion-dame-vertu-porte-la-barbe-et-dame-justice-porte-le-niqab\\\/171982\\\/#primaryimage\"},\"thumbnailUrl\":\"https:\\\/\\\/www.webdo.tn\\\/fr\\\/wp-content\\\/uploads\\\/2012\\\/05\\\/1328041959_p6n-1-150x150-1.jpg\",\"datePublished\":\"2012-05-06T09:30:00+00:00\",\"dateModified\":\"2025-06-04T18:57:41+00:00\",\"description\":\"Opinion - Dame vertu porte la barbe et dame justice porte le niqab !\",\"breadcrumb\":{\"@id\":\"https:\\\/\\\/www.webdo.tn\\\/fr\\\/actualite\\\/blog\\\/opinion-dame-vertu-porte-la-barbe-et-dame-justice-porte-le-niqab\\\/171982\\\/#breadcrumb\"},\"inLanguage\":\"fr-FR\",\"potentialAction\":[{\"@type\":\"ReadAction\",\"target\":[\"https:\\\/\\\/www.webdo.tn\\\/fr\\\/actualite\\\/blog\\\/opinion-dame-vertu-porte-la-barbe-et-dame-justice-porte-le-niqab\\\/171982\\\/\"]}]},{\"@type\":\"ImageObject\",\"inLanguage\":\"fr-FR\",\"@id\":\"https:\\\/\\\/www.webdo.tn\\\/fr\\\/actualite\\\/blog\\\/opinion-dame-vertu-porte-la-barbe-et-dame-justice-porte-le-niqab\\\/171982\\\/#primaryimage\",\"url\":\"https:\\\/\\\/www.webdo.tn\\\/fr\\\/wp-content\\\/uploads\\\/2012\\\/05\\\/1328041959_p6n-1-150x150-1.jpg\",\"contentUrl\":\"https:\\\/\\\/www.webdo.tn\\\/fr\\\/wp-content\\\/uploads\\\/2012\\\/05\\\/1328041959_p6n-1-150x150-1.jpg\",\"width\":150,\"height\":150,\"caption\":\"Opinion - Dame vertu porte la barbe et dame justice porte le niqab !\"},{\"@type\":\"BreadcrumbList\",\"@id\":\"https:\\\/\\\/www.webdo.tn\\\/fr\\\/actualite\\\/blog\\\/opinion-dame-vertu-porte-la-barbe-et-dame-justice-porte-le-niqab\\\/171982\\\/#breadcrumb\",\"itemListElement\":[{\"@type\":\"ListItem\",\"position\":1,\"name\":\"Accueil\",\"item\":\"https:\\\/\\\/www.webdo.tn\\\/fr\\\/\"},{\"@type\":\"ListItem\",\"position\":2,\"name\":\"Opinion &#8211; Dame vertu porte la barbe et dame justice porte le niqab !\"}]},{\"@type\":\"WebSite\",\"@id\":\"https:\\\/\\\/www.webdo.tn\\\/fr\\\/#website\",\"url\":\"https:\\\/\\\/www.webdo.tn\\\/fr\\\/\",\"name\":\"webdo\",\"description\":\"Tunisie - News en Tunisie et \u00e0 l&#039;international sur Webdo.tn\",\"publisher\":{\"@id\":\"https:\\\/\\\/www.webdo.tn\\\/fr\\\/#organization\"},\"potentialAction\":[{\"@type\":\"SearchAction\",\"target\":{\"@type\":\"EntryPoint\",\"urlTemplate\":\"https:\\\/\\\/www.webdo.tn\\\/fr\\\/?s={search_term_string}\"},\"query-input\":{\"@type\":\"PropertyValueSpecification\",\"valueRequired\":true,\"valueName\":\"search_term_string\"}}],\"inLanguage\":\"fr-FR\"},{\"@type\":\"Organization\",\"@id\":\"https:\\\/\\\/www.webdo.tn\\\/fr\\\/#organization\",\"name\":\"Webdo\",\"alternateName\":\"Webdo.tn\",\"url\":\"https:\\\/\\\/www.webdo.tn\\\/fr\\\/\",\"logo\":{\"@type\":\"ImageObject\",\"inLanguage\":\"fr-FR\",\"@id\":\"https:\\\/\\\/www.webdo.tn\\\/fr\\\/#\\\/schema\\\/logo\\\/image\\\/\",\"url\":\"https:\\\/\\\/www.webdo.tn\\\/fr\\\/wp-content\\\/uploads\\\/2025\\\/06\\\/Webdo-Tunisie_168377.jpg\",\"contentUrl\":\"https:\\\/\\\/www.webdo.tn\\\/fr\\\/wp-content\\\/uploads\\\/2025\\\/06\\\/Webdo-Tunisie_168377.jpg\",\"width\":301,\"height\":301,\"caption\":\"Webdo\"},\"image\":{\"@id\":\"https:\\\/\\\/www.webdo.tn\\\/fr\\\/#\\\/schema\\\/logo\\\/image\\\/\"},\"sameAs\":[\"https:\\\/\\\/www.facebook.com\\\/webdotn\",\"https:\\\/\\\/x.com\\\/webdo_tn\"],\"description\":\"Webdo est un m\u00e9dia num\u00e9rique tunisien fond\u00e9 en 2010, sp\u00e9cialis\u00e9 dans l\u2019actualit\u00e9 nationale et internationale, l\u2019\u00e9conomie, la soci\u00e9t\u00e9 et les analyses politiques. Le site s\u2019adresse \u00e0 un large public francophone et couvre l\u2019information tunisienne en temps r\u00e9el.\",\"email\":\"redac@webdo.tn\",\"legalName\":\"YNJ SARL\",\"foundingDate\":\"2010-09-06\",\"numberOfEmployees\":{\"@type\":\"QuantitativeValue\",\"minValue\":\"11\",\"maxValue\":\"50\"}},{\"@type\":\"Person\",\"@id\":\"https:\\\/\\\/www.webdo.tn\\\/fr\\\/#\\\/schema\\\/person\\\/9a9c6118d687c117df8ef3cc36a4d175\",\"name\":\"webdo.tn\",\"image\":{\"@type\":\"ImageObject\",\"inLanguage\":\"fr-FR\",\"@id\":\"https:\\\/\\\/secure.gravatar.com\\\/avatar\\\/7ce1f28c0c3bbac99ff550b85ef8e44a6950c6ee24514fb6a5489e51d06f0298?s=96&d=mm&r=g\",\"url\":\"https:\\\/\\\/secure.gravatar.com\\\/avatar\\\/7ce1f28c0c3bbac99ff550b85ef8e44a6950c6ee24514fb6a5489e51d06f0298?s=96&d=mm&r=g\",\"contentUrl\":\"https:\\\/\\\/secure.gravatar.com\\\/avatar\\\/7ce1f28c0c3bbac99ff550b85ef8e44a6950c6ee24514fb6a5489e51d06f0298?s=96&d=mm&r=g\",\"caption\":\"webdo.tn\"},\"url\":\"https:\\\/\\\/www.webdo.tn\\\/fr\\\/actualite\\\/author\\\/webdotn\\\/\"}]}<\/script>\n<!-- \/ Yoast SEO Premium plugin. -->","yoast_head_json":{"title":"Opinion - Dame vertu porte la barbe et dame justice porte le niqab !","description":"Opinion - Dame vertu porte la barbe et dame justice porte le niqab !","canonical":"https:\/\/www.webdo.tn\/fr\/actualite\/blog\/opinion-dame-vertu-porte-la-barbe-et-dame-justice-porte-le-niqab\/171982\/","og_locale":"fr_FR","og_type":"article","og_title":"Opinion - Dame vertu porte la barbe et dame justice porte le niqab !","og_description":"Opinion - Dame vertu porte la barbe et dame justice porte le niqab !","og_url":"https:\/\/www.webdo.tn\/fr\/actualite\/blog\/opinion-dame-vertu-porte-la-barbe-et-dame-justice-porte-le-niqab\/171982\/","og_site_name":"webdo","article_publisher":"https:\/\/www.facebook.com\/webdotn","article_published_time":"2012-05-06T09:30:00+00:00","article_modified_time":"2025-06-04T18:57:41+00:00","og_image":[{"width":150,"height":150,"url":"https:\/\/www.webdo.tn\/fr\/wp-content\/uploads\/2012\/05\/1328041959_p6n-1-150x150-1.jpg","type":"image\/jpeg"}],"author":"webdo.tn","twitter_card":"summary_large_image","twitter_creator":"@webdo_tn","twitter_site":"@webdo_tn","twitter_misc":{"\u00c9crit par":"webdo.tn","Dur\u00e9e de lecture estim\u00e9e":"4 minutes"},"schema":{"@context":"https:\/\/schema.org","@graph":[{"@type":"NewsArticle","@id":"https:\/\/www.webdo.tn\/fr\/actualite\/blog\/opinion-dame-vertu-porte-la-barbe-et-dame-justice-porte-le-niqab\/171982\/#article","isPartOf":{"@id":"https:\/\/www.webdo.tn\/fr\/actualite\/blog\/opinion-dame-vertu-porte-la-barbe-et-dame-justice-porte-le-niqab\/171982\/"},"author":{"name":"webdo.tn","@id":"https:\/\/www.webdo.tn\/fr\/#\/schema\/person\/9a9c6118d687c117df8ef3cc36a4d175"},"headline":"Opinion &#8211; Dame vertu porte la barbe et dame justice porte le niqab !","datePublished":"2012-05-06T09:30:00+00:00","dateModified":"2025-06-04T18:57:41+00:00","mainEntityOfPage":{"@id":"https:\/\/www.webdo.tn\/fr\/actualite\/blog\/opinion-dame-vertu-porte-la-barbe-et-dame-justice-porte-le-niqab\/171982\/"},"wordCount":822,"commentCount":0,"publisher":{"@id":"https:\/\/www.webdo.tn\/fr\/#organization"},"image":{"@id":"https:\/\/www.webdo.tn\/fr\/actualite\/blog\/opinion-dame-vertu-porte-la-barbe-et-dame-justice-porte-le-niqab\/171982\/#primaryimage"},"thumbnailUrl":"https:\/\/www.webdo.tn\/fr\/wp-content\/uploads\/2012\/05\/1328041959_p6n-1-150x150-1.jpg","articleSection":["National"],"inLanguage":"fr-FR"},{"@type":"WebPage","@id":"https:\/\/www.webdo.tn\/fr\/actualite\/blog\/opinion-dame-vertu-porte-la-barbe-et-dame-justice-porte-le-niqab\/171982\/","url":"https:\/\/www.webdo.tn\/fr\/actualite\/blog\/opinion-dame-vertu-porte-la-barbe-et-dame-justice-porte-le-niqab\/171982\/","name":"Opinion - Dame vertu porte la barbe et dame justice porte le niqab !","isPartOf":{"@id":"https:\/\/www.webdo.tn\/fr\/#website"},"primaryImageOfPage":{"@id":"https:\/\/www.webdo.tn\/fr\/actualite\/blog\/opinion-dame-vertu-porte-la-barbe-et-dame-justice-porte-le-niqab\/171982\/#primaryimage"},"image":{"@id":"https:\/\/www.webdo.tn\/fr\/actualite\/blog\/opinion-dame-vertu-porte-la-barbe-et-dame-justice-porte-le-niqab\/171982\/#primaryimage"},"thumbnailUrl":"https:\/\/www.webdo.tn\/fr\/wp-content\/uploads\/2012\/05\/1328041959_p6n-1-150x150-1.jpg","datePublished":"2012-05-06T09:30:00+00:00","dateModified":"2025-06-04T18:57:41+00:00","description":"Opinion - Dame vertu porte la barbe et dame justice porte le niqab !","breadcrumb":{"@id":"https:\/\/www.webdo.tn\/fr\/actualite\/blog\/opinion-dame-vertu-porte-la-barbe-et-dame-justice-porte-le-niqab\/171982\/#breadcrumb"},"inLanguage":"fr-FR","potentialAction":[{"@type":"ReadAction","target":["https:\/\/www.webdo.tn\/fr\/actualite\/blog\/opinion-dame-vertu-porte-la-barbe-et-dame-justice-porte-le-niqab\/171982\/"]}]},{"@type":"ImageObject","inLanguage":"fr-FR","@id":"https:\/\/www.webdo.tn\/fr\/actualite\/blog\/opinion-dame-vertu-porte-la-barbe-et-dame-justice-porte-le-niqab\/171982\/#primaryimage","url":"https:\/\/www.webdo.tn\/fr\/wp-content\/uploads\/2012\/05\/1328041959_p6n-1-150x150-1.jpg","contentUrl":"https:\/\/www.webdo.tn\/fr\/wp-content\/uploads\/2012\/05\/1328041959_p6n-1-150x150-1.jpg","width":150,"height":150,"caption":"Opinion - Dame vertu porte la barbe et dame justice porte le niqab !"},{"@type":"BreadcrumbList","@id":"https:\/\/www.webdo.tn\/fr\/actualite\/blog\/opinion-dame-vertu-porte-la-barbe-et-dame-justice-porte-le-niqab\/171982\/#breadcrumb","itemListElement":[{"@type":"ListItem","position":1,"name":"Accueil","item":"https:\/\/www.webdo.tn\/fr\/"},{"@type":"ListItem","position":2,"name":"Opinion &#8211; Dame vertu porte la barbe et dame justice porte le niqab !"}]},{"@type":"WebSite","@id":"https:\/\/www.webdo.tn\/fr\/#website","url":"https:\/\/www.webdo.tn\/fr\/","name":"webdo","description":"Tunisie - News en Tunisie et \u00e0 l&#039;international sur Webdo.tn","publisher":{"@id":"https:\/\/www.webdo.tn\/fr\/#organization"},"potentialAction":[{"@type":"SearchAction","target":{"@type":"EntryPoint","urlTemplate":"https:\/\/www.webdo.tn\/fr\/?s={search_term_string}"},"query-input":{"@type":"PropertyValueSpecification","valueRequired":true,"valueName":"search_term_string"}}],"inLanguage":"fr-FR"},{"@type":"Organization","@id":"https:\/\/www.webdo.tn\/fr\/#organization","name":"Webdo","alternateName":"Webdo.tn","url":"https:\/\/www.webdo.tn\/fr\/","logo":{"@type":"ImageObject","inLanguage":"fr-FR","@id":"https:\/\/www.webdo.tn\/fr\/#\/schema\/logo\/image\/","url":"https:\/\/www.webdo.tn\/fr\/wp-content\/uploads\/2025\/06\/Webdo-Tunisie_168377.jpg","contentUrl":"https:\/\/www.webdo.tn\/fr\/wp-content\/uploads\/2025\/06\/Webdo-Tunisie_168377.jpg","width":301,"height":301,"caption":"Webdo"},"image":{"@id":"https:\/\/www.webdo.tn\/fr\/#\/schema\/logo\/image\/"},"sameAs":["https:\/\/www.facebook.com\/webdotn","https:\/\/x.com\/webdo_tn"],"description":"Webdo est un m\u00e9dia num\u00e9rique tunisien fond\u00e9 en 2010, sp\u00e9cialis\u00e9 dans l\u2019actualit\u00e9 nationale et internationale, l\u2019\u00e9conomie, la soci\u00e9t\u00e9 et les analyses politiques. Le site s\u2019adresse \u00e0 un large public francophone et couvre l\u2019information tunisienne en temps r\u00e9el.","email":"redac@webdo.tn","legalName":"YNJ SARL","foundingDate":"2010-09-06","numberOfEmployees":{"@type":"QuantitativeValue","minValue":"11","maxValue":"50"}},{"@type":"Person","@id":"https:\/\/www.webdo.tn\/fr\/#\/schema\/person\/9a9c6118d687c117df8ef3cc36a4d175","name":"webdo.tn","image":{"@type":"ImageObject","inLanguage":"fr-FR","@id":"https:\/\/secure.gravatar.com\/avatar\/7ce1f28c0c3bbac99ff550b85ef8e44a6950c6ee24514fb6a5489e51d06f0298?s=96&d=mm&r=g","url":"https:\/\/secure.gravatar.com\/avatar\/7ce1f28c0c3bbac99ff550b85ef8e44a6950c6ee24514fb6a5489e51d06f0298?s=96&d=mm&r=g","contentUrl":"https:\/\/secure.gravatar.com\/avatar\/7ce1f28c0c3bbac99ff550b85ef8e44a6950c6ee24514fb6a5489e51d06f0298?s=96&d=mm&r=g","caption":"webdo.tn"},"url":"https:\/\/www.webdo.tn\/fr\/actualite\/author\/webdotn\/"}]}},"_links":{"self":[{"href":"https:\/\/www.webdo.tn\/fr\/wp-json\/wp\/v2\/posts\/171982","targetHints":{"allow":["GET"]}}],"collection":[{"href":"https:\/\/www.webdo.tn\/fr\/wp-json\/wp\/v2\/posts"}],"about":[{"href":"https:\/\/www.webdo.tn\/fr\/wp-json\/wp\/v2\/types\/post"}],"author":[{"embeddable":true,"href":"https:\/\/www.webdo.tn\/fr\/wp-json\/wp\/v2\/users\/3222"}],"replies":[{"embeddable":true,"href":"https:\/\/www.webdo.tn\/fr\/wp-json\/wp\/v2\/comments?post=171982"}],"version-history":[{"count":0,"href":"https:\/\/www.webdo.tn\/fr\/wp-json\/wp\/v2\/posts\/171982\/revisions"}],"wp:featuredmedia":[{"embeddable":true,"href":"https:\/\/www.webdo.tn\/fr\/wp-json\/wp\/v2\/media\/334132"}],"wp:attachment":[{"href":"https:\/\/www.webdo.tn\/fr\/wp-json\/wp\/v2\/media?parent=171982"}],"wp:term":[{"taxonomy":"category","embeddable":true,"href":"https:\/\/www.webdo.tn\/fr\/wp-json\/wp\/v2\/categories?post=171982"},{"taxonomy":"post_tag","embeddable":true,"href":"https:\/\/www.webdo.tn\/fr\/wp-json\/wp\/v2\/tags?post=171982"}],"curies":[{"name":"wp","href":"https:\/\/api.w.org\/{rel}","templated":true}]}}