{"id":171976,"date":"2012-05-08T22:32:00","date_gmt":"2012-05-08T22:32:00","guid":{"rendered":"https:\/\/www.webdo.tn\/fr\/blog\/le-torchon-brule-entre-rafik-abdessalem-et-lambassadeur-americain-en-tunisie\/171976\/"},"modified":"2012-05-08T22:32:00","modified_gmt":"2012-05-08T22:32:00","slug":"le-torchon-brule-entre-rafik-abdessalem-et-lambassadeur-americain-en-tunisie","status":"publish","type":"post","link":"https:\/\/www.webdo.tn\/fr\/actualite\/national\/le-torchon-brule-entre-rafik-abdessalem-et-lambassadeur-americain-en-tunisie\/171976\/","title":{"rendered":"Le torchon br\u00fble entre Rafik Abdessalem et l\u2019ambassadeur am\u00e9ricain en Tunisie"},"content":{"rendered":"<p>D\u00e9cid\u00e9ment l\u2019affaire Nessma relative au verdict rendu par la justice continue \u00e0 alimenter la pol\u00e9mique. On se souvient de la r\u00e9action de l\u2019ambassadeur des Etats-Unis en Tunisie, Gordon Gray, qui n\u2019a pas cach\u00e9 sa d\u00e9ception allant jusqu\u2019\u00e0 dire \u00ab pr\u00e9occup\u00e9 \u00bb par la condamnation dont Nessma TV a fait l\u2019objet. Cette attitude n\u2019a visiblement pas \u00e9t\u00e9 du go\u00fbt du gouvernement et du ministre des affaires \u00e9trang\u00e8res tunisien, et prouve tout l\u2019int\u00e9r\u00eat que les EU accordent au processus d\u00e9mocratique de la Tunisie. En effet Rafik Abdessalem a publi\u00e9 un communiqu\u00e9 dans lequel il qualifie la position de l\u2019ambassadeur am\u00e9ricain d\u2019 \u00ab ing\u00e9rence dans la justice tunisienne \u00bb.  Le communiqu\u00e9 ajoute que le gouvernement est \u00e9tonn\u00e9 par la prise de position de Gordon Gray avant de souligner son attachement \u00ab au renforcement des relations d\u2019amiti\u00e9 et de coop\u00e9ration entre la Tunisie et les Etats Unis en veillant \u00e0 ce qu\u2019elles soient fond\u00e9es sur l\u2019entente, la concertation, le respecte de la souverainet\u00e9 et des int\u00e9r\u00eat communs. \u00bb<\/p>\n<p>Cet incident diplomatique est vraisemblablement le premier couac  entre les deux chancelleries. Il n\u2019a rien de banal lorsqu\u2019on sait les relations entretenues entre l\u2019administration am\u00e9ricaine et le mouvement Ennahdha. Faut-il rappeler que Washington a \u00e9t\u00e9 favorable \u00e0 l\u2019accession des islamistes au pouvoir et que cette option s\u2019inscrit dans une strat\u00e9gie scrupuleusement \u00e9tudi\u00e9e. Les choses n\u2019en resteront certainement pas l\u00e0 et les semaines \u00e0 venir permettront d\u2019appr\u00e9cier les cons\u00e9quences de ce premier incident diplomatique.<\/p>\n","protected":false},"excerpt":{"rendered":"<p>Le torchon br\u00fble entre Rafik Abdessalem et l\u2019ambassadeur am\u00e9ricain en Tunisie<\/p>\n","protected":false},"author":3222,"featured_media":333601,"comment_status":"open","ping_status":"closed","sticky":false,"template":"","format":"standard","meta":{"footnotes":""},"categories":[44],"tags":[2600],"class_list":["post-171976","post","type-post","status-publish","format-standard","has-post-thumbnail","hentry","category-national","tag-guerre"],"yoast_head":"<!-- This site is optimized with the Yoast SEO Premium plugin v27.5 (Yoast SEO v27.5) - https:\/\/yoast.com\/product\/yoast-seo-premium-wordpress\/ -->\n<title>Le torchon br\u00fble entre Rafik Abdessalem et l\u2019ambassadeur am\u00e9ricain en Tunisie<\/title>\n<meta name=\"description\" content=\"Le torchon br\u00fble entre Rafik Abdessalem et l\u2019ambassadeur am\u00e9ricain en Tunisie\" \/>\n<link rel=\"canonical\" href=\"https:\/\/www.webdo.tn\/fr\/actualite\/national-45\/le-torchon-brule-entre-rafik-abdessalem-et-lambassadeur-americain-en-tunisie\/171976\/\" \/>\n<meta property=\"og:locale\" content=\"fr_FR\" \/>\n<meta property=\"og:type\" content=\"article\" \/>\n<meta property=\"og:title\" content=\"Le torchon br\u00fble entre Rafik Abdessalem et l\u2019ambassadeur am\u00e9ricain en Tunisie\" \/>\n<meta property=\"og:description\" content=\"Le torchon br\u00fble entre Rafik Abdessalem et l\u2019ambassadeur am\u00e9ricain en Tunisie\" \/>\n<meta property=\"og:url\" content=\"https:\/\/www.webdo.tn\/fr\/actualite\/national-45\/le-torchon-brule-entre-rafik-abdessalem-et-lambassadeur-americain-en-tunisie\/171976\/\" \/>\n<meta property=\"og:site_name\" content=\"webdo\" \/>\n<meta property=\"article:publisher\" content=\"https:\/\/www.facebook.com\/webdotn\" \/>\n<meta property=\"article:published_time\" content=\"2012-05-08T22:32:00+00:00\" \/>\n<meta property=\"og:image\" content=\"https:\/\/www.webdo.tn\/fr\/wp-content\/uploads\/2012\/05\/rafik-300x188-1.png\" \/>\n\t<meta property=\"og:image:width\" content=\"300\" \/>\n\t<meta property=\"og:image:height\" content=\"188\" \/>\n\t<meta property=\"og:image:type\" content=\"image\/png\" \/>\n<meta name=\"author\" content=\"webdo.tn\" \/>\n<meta name=\"twitter:card\" content=\"summary_large_image\" \/>\n<meta name=\"twitter:creator\" content=\"@webdo_tn\" \/>\n<meta name=\"twitter:site\" content=\"@webdo_tn\" \/>\n<meta name=\"twitter:label1\" content=\"\u00c9crit par\" \/>\n\t<meta name=\"twitter:data1\" content=\"webdo.tn\" \/>\n\t<meta name=\"twitter:label2\" content=\"Dur\u00e9e de lecture estim\u00e9e\" \/>\n\t<meta name=\"twitter:data2\" content=\"1 minute\" \/>\n<script type=\"application\/ld+json\" class=\"yoast-schema-graph\">{\"@context\":\"https:\\\/\\\/schema.org\",\"@graph\":[{\"@type\":\"NewsArticle\",\"@id\":\"https:\\\/\\\/www.webdo.tn\\\/fr\\\/actualite\\\/national-45\\\/le-torchon-brule-entre-rafik-abdessalem-et-lambassadeur-americain-en-tunisie\\\/171976\\\/#article\",\"isPartOf\":{\"@id\":\"https:\\\/\\\/www.webdo.tn\\\/fr\\\/actualite\\\/national-45\\\/le-torchon-brule-entre-rafik-abdessalem-et-lambassadeur-americain-en-tunisie\\\/171976\\\/\"},\"author\":{\"name\":\"webdo.tn\",\"@id\":\"https:\\\/\\\/www.webdo.tn\\\/fr\\\/#\\\/schema\\\/person\\\/9a9c6118d687c117df8ef3cc36a4d175\"},\"headline\":\"Le torchon br\u00fble entre Rafik Abdessalem et l\u2019ambassadeur am\u00e9ricain en Tunisie\",\"datePublished\":\"2012-05-08T22:32:00+00:00\",\"mainEntityOfPage\":{\"@id\":\"https:\\\/\\\/www.webdo.tn\\\/fr\\\/actualite\\\/national-45\\\/le-torchon-brule-entre-rafik-abdessalem-et-lambassadeur-americain-en-tunisie\\\/171976\\\/\"},\"wordCount\":280,\"commentCount\":0,\"publisher\":{\"@id\":\"https:\\\/\\\/www.webdo.tn\\\/fr\\\/#organization\"},\"image\":{\"@id\":\"https:\\\/\\\/www.webdo.tn\\\/fr\\\/actualite\\\/national-45\\\/le-torchon-brule-entre-rafik-abdessalem-et-lambassadeur-americain-en-tunisie\\\/171976\\\/#primaryimage\"},\"thumbnailUrl\":\"https:\\\/\\\/www.webdo.tn\\\/fr\\\/wp-content\\\/uploads\\\/2012\\\/05\\\/rafik-300x188-1.png\",\"keywords\":[\"guerre\"],\"articleSection\":[\"National\"],\"inLanguage\":\"fr-FR\"},{\"@type\":\"WebPage\",\"@id\":\"https:\\\/\\\/www.webdo.tn\\\/fr\\\/actualite\\\/national-45\\\/le-torchon-brule-entre-rafik-abdessalem-et-lambassadeur-americain-en-tunisie\\\/171976\\\/\",\"url\":\"https:\\\/\\\/www.webdo.tn\\\/fr\\\/actualite\\\/national-45\\\/le-torchon-brule-entre-rafik-abdessalem-et-lambassadeur-americain-en-tunisie\\\/171976\\\/\",\"name\":\"Le torchon br\u00fble entre Rafik Abdessalem et l\u2019ambassadeur am\u00e9ricain en Tunisie\",\"isPartOf\":{\"@id\":\"https:\\\/\\\/www.webdo.tn\\\/fr\\\/#website\"},\"primaryImageOfPage\":{\"@id\":\"https:\\\/\\\/www.webdo.tn\\\/fr\\\/actualite\\\/national-45\\\/le-torchon-brule-entre-rafik-abdessalem-et-lambassadeur-americain-en-tunisie\\\/171976\\\/#primaryimage\"},\"image\":{\"@id\":\"https:\\\/\\\/www.webdo.tn\\\/fr\\\/actualite\\\/national-45\\\/le-torchon-brule-entre-rafik-abdessalem-et-lambassadeur-americain-en-tunisie\\\/171976\\\/#primaryimage\"},\"thumbnailUrl\":\"https:\\\/\\\/www.webdo.tn\\\/fr\\\/wp-content\\\/uploads\\\/2012\\\/05\\\/rafik-300x188-1.png\",\"datePublished\":\"2012-05-08T22:32:00+00:00\",\"description\":\"Le torchon br\u00fble entre Rafik Abdessalem et l\u2019ambassadeur am\u00e9ricain en Tunisie\",\"breadcrumb\":{\"@id\":\"https:\\\/\\\/www.webdo.tn\\\/fr\\\/actualite\\\/national-45\\\/le-torchon-brule-entre-rafik-abdessalem-et-lambassadeur-americain-en-tunisie\\\/171976\\\/#breadcrumb\"},\"inLanguage\":\"fr-FR\",\"potentialAction\":[{\"@type\":\"ReadAction\",\"target\":[\"https:\\\/\\\/www.webdo.tn\\\/fr\\\/actualite\\\/national-45\\\/le-torchon-brule-entre-rafik-abdessalem-et-lambassadeur-americain-en-tunisie\\\/171976\\\/\"]}]},{\"@type\":\"ImageObject\",\"inLanguage\":\"fr-FR\",\"@id\":\"https:\\\/\\\/www.webdo.tn\\\/fr\\\/actualite\\\/national-45\\\/le-torchon-brule-entre-rafik-abdessalem-et-lambassadeur-americain-en-tunisie\\\/171976\\\/#primaryimage\",\"url\":\"https:\\\/\\\/www.webdo.tn\\\/fr\\\/wp-content\\\/uploads\\\/2012\\\/05\\\/rafik-300x188-1.png\",\"contentUrl\":\"https:\\\/\\\/www.webdo.tn\\\/fr\\\/wp-content\\\/uploads\\\/2012\\\/05\\\/rafik-300x188-1.png\",\"width\":300,\"height\":188,\"caption\":\"Le torchon br\u00fble entre Rafik Abdessalem et l\u2019ambassadeur am\u00e9ricain en Tunisie\"},{\"@type\":\"BreadcrumbList\",\"@id\":\"https:\\\/\\\/www.webdo.tn\\\/fr\\\/actualite\\\/national-45\\\/le-torchon-brule-entre-rafik-abdessalem-et-lambassadeur-americain-en-tunisie\\\/171976\\\/#breadcrumb\",\"itemListElement\":[{\"@type\":\"ListItem\",\"position\":1,\"name\":\"Accueil\",\"item\":\"https:\\\/\\\/www.webdo.tn\\\/fr\\\/\"},{\"@type\":\"ListItem\",\"position\":2,\"name\":\"Le torchon br\u00fble entre Rafik Abdessalem et l\u2019ambassadeur am\u00e9ricain en Tunisie\"}]},{\"@type\":\"WebSite\",\"@id\":\"https:\\\/\\\/www.webdo.tn\\\/fr\\\/#website\",\"url\":\"https:\\\/\\\/www.webdo.tn\\\/fr\\\/\",\"name\":\"webdo\",\"description\":\"Tunisie - News en Tunisie et \u00e0 l&#039;international sur Webdo.tn\",\"publisher\":{\"@id\":\"https:\\\/\\\/www.webdo.tn\\\/fr\\\/#organization\"},\"potentialAction\":[{\"@type\":\"SearchAction\",\"target\":{\"@type\":\"EntryPoint\",\"urlTemplate\":\"https:\\\/\\\/www.webdo.tn\\\/fr\\\/?s={search_term_string}\"},\"query-input\":{\"@type\":\"PropertyValueSpecification\",\"valueRequired\":true,\"valueName\":\"search_term_string\"}}],\"inLanguage\":\"fr-FR\"},{\"@type\":\"Organization\",\"@id\":\"https:\\\/\\\/www.webdo.tn\\\/fr\\\/#organization\",\"name\":\"Webdo\",\"alternateName\":\"Webdo.tn\",\"url\":\"https:\\\/\\\/www.webdo.tn\\\/fr\\\/\",\"logo\":{\"@type\":\"ImageObject\",\"inLanguage\":\"fr-FR\",\"@id\":\"https:\\\/\\\/www.webdo.tn\\\/fr\\\/#\\\/schema\\\/logo\\\/image\\\/\",\"url\":\"https:\\\/\\\/www.webdo.tn\\\/fr\\\/wp-content\\\/uploads\\\/2025\\\/06\\\/Webdo-Tunisie_168377.jpg\",\"contentUrl\":\"https:\\\/\\\/www.webdo.tn\\\/fr\\\/wp-content\\\/uploads\\\/2025\\\/06\\\/Webdo-Tunisie_168377.jpg\",\"width\":301,\"height\":301,\"caption\":\"Webdo\"},\"image\":{\"@id\":\"https:\\\/\\\/www.webdo.tn\\\/fr\\\/#\\\/schema\\\/logo\\\/image\\\/\"},\"sameAs\":[\"https:\\\/\\\/www.facebook.com\\\/webdotn\",\"https:\\\/\\\/x.com\\\/webdo_tn\"],\"description\":\"Webdo est un m\u00e9dia num\u00e9rique tunisien fond\u00e9 en 2010, sp\u00e9cialis\u00e9 dans l\u2019actualit\u00e9 nationale et internationale, l\u2019\u00e9conomie, la soci\u00e9t\u00e9 et les analyses politiques. Le site s\u2019adresse \u00e0 un large public francophone et couvre l\u2019information tunisienne en temps r\u00e9el.\",\"email\":\"redac@webdo.tn\",\"legalName\":\"YNJ SARL\",\"foundingDate\":\"2010-09-06\",\"numberOfEmployees\":{\"@type\":\"QuantitativeValue\",\"minValue\":\"11\",\"maxValue\":\"50\"}},{\"@type\":\"Person\",\"@id\":\"https:\\\/\\\/www.webdo.tn\\\/fr\\\/#\\\/schema\\\/person\\\/9a9c6118d687c117df8ef3cc36a4d175\",\"name\":\"webdo.tn\",\"image\":{\"@type\":\"ImageObject\",\"inLanguage\":\"fr-FR\",\"@id\":\"https:\\\/\\\/secure.gravatar.com\\\/avatar\\\/7ce1f28c0c3bbac99ff550b85ef8e44a6950c6ee24514fb6a5489e51d06f0298?s=96&d=mm&r=g\",\"url\":\"https:\\\/\\\/secure.gravatar.com\\\/avatar\\\/7ce1f28c0c3bbac99ff550b85ef8e44a6950c6ee24514fb6a5489e51d06f0298?s=96&d=mm&r=g\",\"contentUrl\":\"https:\\\/\\\/secure.gravatar.com\\\/avatar\\\/7ce1f28c0c3bbac99ff550b85ef8e44a6950c6ee24514fb6a5489e51d06f0298?s=96&d=mm&r=g\",\"caption\":\"webdo.tn\"},\"url\":\"https:\\\/\\\/www.webdo.tn\\\/fr\\\/actualite\\\/author\\\/webdotn\\\/\"}]}<\/script>\n<!-- \/ Yoast SEO Premium plugin. -->","yoast_head_json":{"title":"Le torchon br\u00fble entre Rafik Abdessalem et l\u2019ambassadeur am\u00e9ricain en Tunisie","description":"Le torchon br\u00fble entre Rafik Abdessalem et l\u2019ambassadeur am\u00e9ricain en Tunisie","canonical":"https:\/\/www.webdo.tn\/fr\/actualite\/national-45\/le-torchon-brule-entre-rafik-abdessalem-et-lambassadeur-americain-en-tunisie\/171976\/","og_locale":"fr_FR","og_type":"article","og_title":"Le torchon br\u00fble entre Rafik Abdessalem et l\u2019ambassadeur am\u00e9ricain en Tunisie","og_description":"Le torchon br\u00fble entre Rafik Abdessalem et l\u2019ambassadeur am\u00e9ricain en Tunisie","og_url":"https:\/\/www.webdo.tn\/fr\/actualite\/national-45\/le-torchon-brule-entre-rafik-abdessalem-et-lambassadeur-americain-en-tunisie\/171976\/","og_site_name":"webdo","article_publisher":"https:\/\/www.facebook.com\/webdotn","article_published_time":"2012-05-08T22:32:00+00:00","og_image":[{"width":300,"height":188,"url":"https:\/\/www.webdo.tn\/fr\/wp-content\/uploads\/2012\/05\/rafik-300x188-1.png","type":"image\/png"}],"author":"webdo.tn","twitter_card":"summary_large_image","twitter_creator":"@webdo_tn","twitter_site":"@webdo_tn","twitter_misc":{"\u00c9crit par":"webdo.tn","Dur\u00e9e de lecture estim\u00e9e":"1 minute"},"schema":{"@context":"https:\/\/schema.org","@graph":[{"@type":"NewsArticle","@id":"https:\/\/www.webdo.tn\/fr\/actualite\/national-45\/le-torchon-brule-entre-rafik-abdessalem-et-lambassadeur-americain-en-tunisie\/171976\/#article","isPartOf":{"@id":"https:\/\/www.webdo.tn\/fr\/actualite\/national-45\/le-torchon-brule-entre-rafik-abdessalem-et-lambassadeur-americain-en-tunisie\/171976\/"},"author":{"name":"webdo.tn","@id":"https:\/\/www.webdo.tn\/fr\/#\/schema\/person\/9a9c6118d687c117df8ef3cc36a4d175"},"headline":"Le torchon br\u00fble entre Rafik Abdessalem et l\u2019ambassadeur am\u00e9ricain en Tunisie","datePublished":"2012-05-08T22:32:00+00:00","mainEntityOfPage":{"@id":"https:\/\/www.webdo.tn\/fr\/actualite\/national-45\/le-torchon-brule-entre-rafik-abdessalem-et-lambassadeur-americain-en-tunisie\/171976\/"},"wordCount":280,"commentCount":0,"publisher":{"@id":"https:\/\/www.webdo.tn\/fr\/#organization"},"image":{"@id":"https:\/\/www.webdo.tn\/fr\/actualite\/national-45\/le-torchon-brule-entre-rafik-abdessalem-et-lambassadeur-americain-en-tunisie\/171976\/#primaryimage"},"thumbnailUrl":"https:\/\/www.webdo.tn\/fr\/wp-content\/uploads\/2012\/05\/rafik-300x188-1.png","keywords":["guerre"],"articleSection":["National"],"inLanguage":"fr-FR"},{"@type":"WebPage","@id":"https:\/\/www.webdo.tn\/fr\/actualite\/national-45\/le-torchon-brule-entre-rafik-abdessalem-et-lambassadeur-americain-en-tunisie\/171976\/","url":"https:\/\/www.webdo.tn\/fr\/actualite\/national-45\/le-torchon-brule-entre-rafik-abdessalem-et-lambassadeur-americain-en-tunisie\/171976\/","name":"Le torchon br\u00fble entre Rafik Abdessalem et l\u2019ambassadeur am\u00e9ricain en Tunisie","isPartOf":{"@id":"https:\/\/www.webdo.tn\/fr\/#website"},"primaryImageOfPage":{"@id":"https:\/\/www.webdo.tn\/fr\/actualite\/national-45\/le-torchon-brule-entre-rafik-abdessalem-et-lambassadeur-americain-en-tunisie\/171976\/#primaryimage"},"image":{"@id":"https:\/\/www.webdo.tn\/fr\/actualite\/national-45\/le-torchon-brule-entre-rafik-abdessalem-et-lambassadeur-americain-en-tunisie\/171976\/#primaryimage"},"thumbnailUrl":"https:\/\/www.webdo.tn\/fr\/wp-content\/uploads\/2012\/05\/rafik-300x188-1.png","datePublished":"2012-05-08T22:32:00+00:00","description":"Le torchon br\u00fble entre Rafik Abdessalem et l\u2019ambassadeur am\u00e9ricain en Tunisie","breadcrumb":{"@id":"https:\/\/www.webdo.tn\/fr\/actualite\/national-45\/le-torchon-brule-entre-rafik-abdessalem-et-lambassadeur-americain-en-tunisie\/171976\/#breadcrumb"},"inLanguage":"fr-FR","potentialAction":[{"@type":"ReadAction","target":["https:\/\/www.webdo.tn\/fr\/actualite\/national-45\/le-torchon-brule-entre-rafik-abdessalem-et-lambassadeur-americain-en-tunisie\/171976\/"]}]},{"@type":"ImageObject","inLanguage":"fr-FR","@id":"https:\/\/www.webdo.tn\/fr\/actualite\/national-45\/le-torchon-brule-entre-rafik-abdessalem-et-lambassadeur-americain-en-tunisie\/171976\/#primaryimage","url":"https:\/\/www.webdo.tn\/fr\/wp-content\/uploads\/2012\/05\/rafik-300x188-1.png","contentUrl":"https:\/\/www.webdo.tn\/fr\/wp-content\/uploads\/2012\/05\/rafik-300x188-1.png","width":300,"height":188,"caption":"Le torchon br\u00fble entre Rafik Abdessalem et l\u2019ambassadeur am\u00e9ricain en Tunisie"},{"@type":"BreadcrumbList","@id":"https:\/\/www.webdo.tn\/fr\/actualite\/national-45\/le-torchon-brule-entre-rafik-abdessalem-et-lambassadeur-americain-en-tunisie\/171976\/#breadcrumb","itemListElement":[{"@type":"ListItem","position":1,"name":"Accueil","item":"https:\/\/www.webdo.tn\/fr\/"},{"@type":"ListItem","position":2,"name":"Le torchon br\u00fble entre Rafik Abdessalem et l\u2019ambassadeur am\u00e9ricain en Tunisie"}]},{"@type":"WebSite","@id":"https:\/\/www.webdo.tn\/fr\/#website","url":"https:\/\/www.webdo.tn\/fr\/","name":"webdo","description":"Tunisie - News en Tunisie et \u00e0 l&#039;international sur Webdo.tn","publisher":{"@id":"https:\/\/www.webdo.tn\/fr\/#organization"},"potentialAction":[{"@type":"SearchAction","target":{"@type":"EntryPoint","urlTemplate":"https:\/\/www.webdo.tn\/fr\/?s={search_term_string}"},"query-input":{"@type":"PropertyValueSpecification","valueRequired":true,"valueName":"search_term_string"}}],"inLanguage":"fr-FR"},{"@type":"Organization","@id":"https:\/\/www.webdo.tn\/fr\/#organization","name":"Webdo","alternateName":"Webdo.tn","url":"https:\/\/www.webdo.tn\/fr\/","logo":{"@type":"ImageObject","inLanguage":"fr-FR","@id":"https:\/\/www.webdo.tn\/fr\/#\/schema\/logo\/image\/","url":"https:\/\/www.webdo.tn\/fr\/wp-content\/uploads\/2025\/06\/Webdo-Tunisie_168377.jpg","contentUrl":"https:\/\/www.webdo.tn\/fr\/wp-content\/uploads\/2025\/06\/Webdo-Tunisie_168377.jpg","width":301,"height":301,"caption":"Webdo"},"image":{"@id":"https:\/\/www.webdo.tn\/fr\/#\/schema\/logo\/image\/"},"sameAs":["https:\/\/www.facebook.com\/webdotn","https:\/\/x.com\/webdo_tn"],"description":"Webdo est un m\u00e9dia num\u00e9rique tunisien fond\u00e9 en 2010, sp\u00e9cialis\u00e9 dans l\u2019actualit\u00e9 nationale et internationale, l\u2019\u00e9conomie, la soci\u00e9t\u00e9 et les analyses politiques. Le site s\u2019adresse \u00e0 un large public francophone et couvre l\u2019information tunisienne en temps r\u00e9el.","email":"redac@webdo.tn","legalName":"YNJ SARL","foundingDate":"2010-09-06","numberOfEmployees":{"@type":"QuantitativeValue","minValue":"11","maxValue":"50"}},{"@type":"Person","@id":"https:\/\/www.webdo.tn\/fr\/#\/schema\/person\/9a9c6118d687c117df8ef3cc36a4d175","name":"webdo.tn","image":{"@type":"ImageObject","inLanguage":"fr-FR","@id":"https:\/\/secure.gravatar.com\/avatar\/7ce1f28c0c3bbac99ff550b85ef8e44a6950c6ee24514fb6a5489e51d06f0298?s=96&d=mm&r=g","url":"https:\/\/secure.gravatar.com\/avatar\/7ce1f28c0c3bbac99ff550b85ef8e44a6950c6ee24514fb6a5489e51d06f0298?s=96&d=mm&r=g","contentUrl":"https:\/\/secure.gravatar.com\/avatar\/7ce1f28c0c3bbac99ff550b85ef8e44a6950c6ee24514fb6a5489e51d06f0298?s=96&d=mm&r=g","caption":"webdo.tn"},"url":"https:\/\/www.webdo.tn\/fr\/actualite\/author\/webdotn\/"}]}},"_links":{"self":[{"href":"https:\/\/www.webdo.tn\/fr\/wp-json\/wp\/v2\/posts\/171976","targetHints":{"allow":["GET"]}}],"collection":[{"href":"https:\/\/www.webdo.tn\/fr\/wp-json\/wp\/v2\/posts"}],"about":[{"href":"https:\/\/www.webdo.tn\/fr\/wp-json\/wp\/v2\/types\/post"}],"author":[{"embeddable":true,"href":"https:\/\/www.webdo.tn\/fr\/wp-json\/wp\/v2\/users\/3222"}],"replies":[{"embeddable":true,"href":"https:\/\/www.webdo.tn\/fr\/wp-json\/wp\/v2\/comments?post=171976"}],"version-history":[{"count":0,"href":"https:\/\/www.webdo.tn\/fr\/wp-json\/wp\/v2\/posts\/171976\/revisions"}],"wp:featuredmedia":[{"embeddable":true,"href":"https:\/\/www.webdo.tn\/fr\/wp-json\/wp\/v2\/media\/333601"}],"wp:attachment":[{"href":"https:\/\/www.webdo.tn\/fr\/wp-json\/wp\/v2\/media?parent=171976"}],"wp:term":[{"taxonomy":"category","embeddable":true,"href":"https:\/\/www.webdo.tn\/fr\/wp-json\/wp\/v2\/categories?post=171976"},{"taxonomy":"post_tag","embeddable":true,"href":"https:\/\/www.webdo.tn\/fr\/wp-json\/wp\/v2\/tags?post=171976"}],"curies":[{"name":"wp","href":"https:\/\/api.w.org\/{rel}","templated":true}]}}