{"id":171974,"date":"2012-05-09T22:05:00","date_gmt":"2012-05-09T22:05:00","guid":{"rendered":"https:\/\/www.webdo.tn\/fr\/blog\/25-avocats-juge-inquietant-letat-des-lieux-de-la-justice\/171974\/"},"modified":"2025-06-04T18:57:07","modified_gmt":"2025-06-04T18:57:07","slug":"25-avocats-juge-inquietant-letat-des-lieux-de-la-justice","status":"publish","type":"post","link":"https:\/\/www.webdo.tn\/fr\/actualite\/national\/25-avocats-juge-inquietant-letat-des-lieux-de-la-justice\/171974\/","title":{"rendered":"Les \u00ab\u00a025 avocats\u00a0\u00bb jugent inqui\u00e9tant l\u2019\u00e9tat des lieux de la Justice"},"content":{"rendered":"<p>Le collectif de 25 avocats, qui a notamment port\u00e9 devant la justice plus de 40 affaires contre les figures de l&rsquo;ancien r\u00e9gime de Ben Ali, a signal\u00e9 aujourd&rsquo;hui l&rsquo;\u00e9tat des lieux actuel de la justice tunisienne. Selon la TAP, ces 25 avocats estiment catastrophique et d\u00e9plorable, la situation de la justice, due essentiellement \u00e0 la f\u00e9brilit\u00e9 qui caract\u00e9rise le traitement des affaires en cours.<\/p>\n<p>Le collectif prend pour exemple l&rsquo;inefficacit\u00e9 avec laquelle ont \u00e9t\u00e9 trait\u00e9s les dossiers des bless\u00e9s et des martyrs de la r\u00e9volution par la justice militaire ainsi que les affaires de corruptions. A ce propos, figure \u00e9videmment la quarantaine de plaintes d\u00e9pos\u00e9es par les 25 avocats en 2011.<\/p>\n<p>Est \u00e9galement point\u00e9e du doigt l&rsquo;absence de r\u00e9elle volont\u00e9 des gouvernements post-r\u00e9volution (Ghannouchi 1, Ghannouchi 2, BCE et Jebali) de juger les figures de l&rsquo;ancien RCD et des patrons corrompus et des coupables dans les dossiers des martyrs et des bless\u00e9s de la r\u00e9volution.<\/p>\n<p>L&rsquo;absence d&rsquo;une instance provisoire de la magistrature (dont la cr\u00e9ation tarde toujours) pour remplacer le conseil sup\u00e9rieur de la magistrature, fait que l&rsquo;ind\u00e9pendance de la justice n&rsquo;est pas \u00e0 l&rsquo;ordre du jour, toujours selon les d\u00e9clarations du collectif d&rsquo;avocats. Une instance provisoire dont des dizaines de magistrats ont revendiqu\u00e9 la promulgation dans les plus brefs d\u00e9lais, le 27 avril dernier, lors d&rsquo;un sit in observ\u00e9 \u00e0 l&rsquo;int\u00e9rieur de l&rsquo;AC.<\/p>\n","protected":false},"excerpt":{"rendered":"<p>Les  25 avocats  jugent inqui\u00e9tant l\u2019\u00e9tat des lieux de la Justice<\/p>\n","protected":false},"author":3222,"featured_media":333605,"comment_status":"open","ping_status":"closed","sticky":false,"template":"","format":"standard","meta":{"footnotes":""},"categories":[44],"tags":[],"class_list":["post-171974","post","type-post","status-publish","format-standard","has-post-thumbnail","hentry","category-national"],"yoast_head":"<!-- This site is optimized with the Yoast SEO Premium plugin v27.5 (Yoast SEO v27.5) - https:\/\/yoast.com\/product\/yoast-seo-premium-wordpress\/ -->\n<title>Les 25 avocats jugent inqui\u00e9tant l\u2019\u00e9tat des lieux de la Justice<\/title>\n<meta name=\"description\" content=\"Les 25 avocats jugent inqui\u00e9tant l\u2019\u00e9tat des lieux de la Justice\" \/>\n<link rel=\"canonical\" href=\"https:\/\/www.webdo.tn\/fr\/actualite\/national\/25-avocats-juge-inquietant-letat-des-lieux-de-la-justice\/171974\/\" \/>\n<meta property=\"og:locale\" content=\"fr_FR\" \/>\n<meta property=\"og:type\" content=\"article\" \/>\n<meta property=\"og:title\" content=\"Les &quot;25 avocats&quot; jugent inqui\u00e9tant l\u2019\u00e9tat des lieux de la Justice\" \/>\n<meta property=\"og:description\" content=\"Les 25 avocats jugent inqui\u00e9tant l\u2019\u00e9tat des lieux de la Justice\" \/>\n<meta property=\"og:url\" content=\"https:\/\/www.webdo.tn\/fr\/actualite\/national\/25-avocats-juge-inquietant-letat-des-lieux-de-la-justice\/171974\/\" \/>\n<meta property=\"og:site_name\" content=\"webdo\" \/>\n<meta property=\"article:publisher\" content=\"https:\/\/www.facebook.com\/webdotn\" \/>\n<meta property=\"article:published_time\" content=\"2012-05-09T22:05:00+00:00\" \/>\n<meta property=\"article:modified_time\" content=\"2025-06-04T18:57:07+00:00\" \/>\n<meta property=\"og:image\" content=\"https:\/\/www.webdo.tn\/fr\/wp-content\/uploads\/2012\/05\/Justice-150x150-1.jpg\" \/>\n\t<meta property=\"og:image:width\" content=\"150\" \/>\n\t<meta property=\"og:image:height\" content=\"150\" \/>\n\t<meta property=\"og:image:type\" content=\"image\/jpeg\" \/>\n<meta name=\"author\" content=\"webdo.tn\" \/>\n<meta name=\"twitter:card\" content=\"summary_large_image\" \/>\n<meta name=\"twitter:creator\" content=\"@webdo_tn\" \/>\n<meta name=\"twitter:site\" content=\"@webdo_tn\" \/>\n<meta name=\"twitter:label1\" content=\"\u00c9crit par\" \/>\n\t<meta name=\"twitter:data1\" content=\"webdo.tn\" \/>\n\t<meta name=\"twitter:label2\" content=\"Dur\u00e9e de lecture estim\u00e9e\" \/>\n\t<meta name=\"twitter:data2\" content=\"1 minute\" \/>\n<script type=\"application\/ld+json\" class=\"yoast-schema-graph\">{\"@context\":\"https:\\\/\\\/schema.org\",\"@graph\":[{\"@type\":\"NewsArticle\",\"@id\":\"https:\\\/\\\/www.webdo.tn\\\/fr\\\/actualite\\\/national\\\/25-avocats-juge-inquietant-letat-des-lieux-de-la-justice\\\/171974\\\/#article\",\"isPartOf\":{\"@id\":\"https:\\\/\\\/www.webdo.tn\\\/fr\\\/actualite\\\/national\\\/25-avocats-juge-inquietant-letat-des-lieux-de-la-justice\\\/171974\\\/\"},\"author\":{\"name\":\"webdo.tn\",\"@id\":\"https:\\\/\\\/www.webdo.tn\\\/fr\\\/#\\\/schema\\\/person\\\/9a9c6118d687c117df8ef3cc36a4d175\"},\"headline\":\"Les \u00ab\u00a025 avocats\u00a0\u00bb jugent inqui\u00e9tant l\u2019\u00e9tat des lieux de la Justice\",\"datePublished\":\"2012-05-09T22:05:00+00:00\",\"dateModified\":\"2025-06-04T18:57:07+00:00\",\"mainEntityOfPage\":{\"@id\":\"https:\\\/\\\/www.webdo.tn\\\/fr\\\/actualite\\\/national\\\/25-avocats-juge-inquietant-letat-des-lieux-de-la-justice\\\/171974\\\/\"},\"wordCount\":260,\"commentCount\":0,\"publisher\":{\"@id\":\"https:\\\/\\\/www.webdo.tn\\\/fr\\\/#organization\"},\"image\":{\"@id\":\"https:\\\/\\\/www.webdo.tn\\\/fr\\\/actualite\\\/national\\\/25-avocats-juge-inquietant-letat-des-lieux-de-la-justice\\\/171974\\\/#primaryimage\"},\"thumbnailUrl\":\"https:\\\/\\\/www.webdo.tn\\\/fr\\\/wp-content\\\/uploads\\\/2012\\\/05\\\/Justice-150x150-1.jpg\",\"articleSection\":[\"National\"],\"inLanguage\":\"fr-FR\"},{\"@type\":\"WebPage\",\"@id\":\"https:\\\/\\\/www.webdo.tn\\\/fr\\\/actualite\\\/national\\\/25-avocats-juge-inquietant-letat-des-lieux-de-la-justice\\\/171974\\\/\",\"url\":\"https:\\\/\\\/www.webdo.tn\\\/fr\\\/actualite\\\/national\\\/25-avocats-juge-inquietant-letat-des-lieux-de-la-justice\\\/171974\\\/\",\"name\":\"Les 25 avocats jugent inqui\u00e9tant l\u2019\u00e9tat des lieux de la Justice\",\"isPartOf\":{\"@id\":\"https:\\\/\\\/www.webdo.tn\\\/fr\\\/#website\"},\"primaryImageOfPage\":{\"@id\":\"https:\\\/\\\/www.webdo.tn\\\/fr\\\/actualite\\\/national\\\/25-avocats-juge-inquietant-letat-des-lieux-de-la-justice\\\/171974\\\/#primaryimage\"},\"image\":{\"@id\":\"https:\\\/\\\/www.webdo.tn\\\/fr\\\/actualite\\\/national\\\/25-avocats-juge-inquietant-letat-des-lieux-de-la-justice\\\/171974\\\/#primaryimage\"},\"thumbnailUrl\":\"https:\\\/\\\/www.webdo.tn\\\/fr\\\/wp-content\\\/uploads\\\/2012\\\/05\\\/Justice-150x150-1.jpg\",\"datePublished\":\"2012-05-09T22:05:00+00:00\",\"dateModified\":\"2025-06-04T18:57:07+00:00\",\"description\":\"Les 25 avocats jugent inqui\u00e9tant l\u2019\u00e9tat des lieux de la Justice\",\"breadcrumb\":{\"@id\":\"https:\\\/\\\/www.webdo.tn\\\/fr\\\/actualite\\\/national\\\/25-avocats-juge-inquietant-letat-des-lieux-de-la-justice\\\/171974\\\/#breadcrumb\"},\"inLanguage\":\"fr-FR\",\"potentialAction\":[{\"@type\":\"ReadAction\",\"target\":[\"https:\\\/\\\/www.webdo.tn\\\/fr\\\/actualite\\\/national\\\/25-avocats-juge-inquietant-letat-des-lieux-de-la-justice\\\/171974\\\/\"]}]},{\"@type\":\"ImageObject\",\"inLanguage\":\"fr-FR\",\"@id\":\"https:\\\/\\\/www.webdo.tn\\\/fr\\\/actualite\\\/national\\\/25-avocats-juge-inquietant-letat-des-lieux-de-la-justice\\\/171974\\\/#primaryimage\",\"url\":\"https:\\\/\\\/www.webdo.tn\\\/fr\\\/wp-content\\\/uploads\\\/2012\\\/05\\\/Justice-150x150-1.jpg\",\"contentUrl\":\"https:\\\/\\\/www.webdo.tn\\\/fr\\\/wp-content\\\/uploads\\\/2012\\\/05\\\/Justice-150x150-1.jpg\",\"width\":150,\"height\":150,\"caption\":\"Les \\\"25 avocats\\\" jugent inqui\u00e9tant l\u2019\u00e9tat des lieux de la Justice\"},{\"@type\":\"BreadcrumbList\",\"@id\":\"https:\\\/\\\/www.webdo.tn\\\/fr\\\/actualite\\\/national\\\/25-avocats-juge-inquietant-letat-des-lieux-de-la-justice\\\/171974\\\/#breadcrumb\",\"itemListElement\":[{\"@type\":\"ListItem\",\"position\":1,\"name\":\"Accueil\",\"item\":\"https:\\\/\\\/www.webdo.tn\\\/fr\\\/\"},{\"@type\":\"ListItem\",\"position\":2,\"name\":\"Les \u00ab\u00a025 avocats\u00a0\u00bb jugent inqui\u00e9tant l\u2019\u00e9tat des lieux de la Justice\"}]},{\"@type\":\"WebSite\",\"@id\":\"https:\\\/\\\/www.webdo.tn\\\/fr\\\/#website\",\"url\":\"https:\\\/\\\/www.webdo.tn\\\/fr\\\/\",\"name\":\"webdo\",\"description\":\"Tunisie - News en Tunisie et \u00e0 l&#039;international sur Webdo.tn\",\"publisher\":{\"@id\":\"https:\\\/\\\/www.webdo.tn\\\/fr\\\/#organization\"},\"potentialAction\":[{\"@type\":\"SearchAction\",\"target\":{\"@type\":\"EntryPoint\",\"urlTemplate\":\"https:\\\/\\\/www.webdo.tn\\\/fr\\\/?s={search_term_string}\"},\"query-input\":{\"@type\":\"PropertyValueSpecification\",\"valueRequired\":true,\"valueName\":\"search_term_string\"}}],\"inLanguage\":\"fr-FR\"},{\"@type\":\"Organization\",\"@id\":\"https:\\\/\\\/www.webdo.tn\\\/fr\\\/#organization\",\"name\":\"Webdo\",\"alternateName\":\"Webdo.tn\",\"url\":\"https:\\\/\\\/www.webdo.tn\\\/fr\\\/\",\"logo\":{\"@type\":\"ImageObject\",\"inLanguage\":\"fr-FR\",\"@id\":\"https:\\\/\\\/www.webdo.tn\\\/fr\\\/#\\\/schema\\\/logo\\\/image\\\/\",\"url\":\"https:\\\/\\\/www.webdo.tn\\\/fr\\\/wp-content\\\/uploads\\\/2025\\\/06\\\/Webdo-Tunisie_168377.jpg\",\"contentUrl\":\"https:\\\/\\\/www.webdo.tn\\\/fr\\\/wp-content\\\/uploads\\\/2025\\\/06\\\/Webdo-Tunisie_168377.jpg\",\"width\":301,\"height\":301,\"caption\":\"Webdo\"},\"image\":{\"@id\":\"https:\\\/\\\/www.webdo.tn\\\/fr\\\/#\\\/schema\\\/logo\\\/image\\\/\"},\"sameAs\":[\"https:\\\/\\\/www.facebook.com\\\/webdotn\",\"https:\\\/\\\/x.com\\\/webdo_tn\"],\"description\":\"Webdo est un m\u00e9dia num\u00e9rique tunisien fond\u00e9 en 2010, sp\u00e9cialis\u00e9 dans l\u2019actualit\u00e9 nationale et internationale, l\u2019\u00e9conomie, la soci\u00e9t\u00e9 et les analyses politiques. Le site s\u2019adresse \u00e0 un large public francophone et couvre l\u2019information tunisienne en temps r\u00e9el.\",\"email\":\"redac@webdo.tn\",\"legalName\":\"YNJ SARL\",\"foundingDate\":\"2010-09-06\",\"numberOfEmployees\":{\"@type\":\"QuantitativeValue\",\"minValue\":\"11\",\"maxValue\":\"50\"}},{\"@type\":\"Person\",\"@id\":\"https:\\\/\\\/www.webdo.tn\\\/fr\\\/#\\\/schema\\\/person\\\/9a9c6118d687c117df8ef3cc36a4d175\",\"name\":\"webdo.tn\",\"image\":{\"@type\":\"ImageObject\",\"inLanguage\":\"fr-FR\",\"@id\":\"https:\\\/\\\/secure.gravatar.com\\\/avatar\\\/7ce1f28c0c3bbac99ff550b85ef8e44a6950c6ee24514fb6a5489e51d06f0298?s=96&d=mm&r=g\",\"url\":\"https:\\\/\\\/secure.gravatar.com\\\/avatar\\\/7ce1f28c0c3bbac99ff550b85ef8e44a6950c6ee24514fb6a5489e51d06f0298?s=96&d=mm&r=g\",\"contentUrl\":\"https:\\\/\\\/secure.gravatar.com\\\/avatar\\\/7ce1f28c0c3bbac99ff550b85ef8e44a6950c6ee24514fb6a5489e51d06f0298?s=96&d=mm&r=g\",\"caption\":\"webdo.tn\"},\"url\":\"https:\\\/\\\/www.webdo.tn\\\/fr\\\/actualite\\\/author\\\/webdotn\\\/\"}]}<\/script>\n<!-- \/ Yoast SEO Premium plugin. -->","yoast_head_json":{"title":"Les 25 avocats jugent inqui\u00e9tant l\u2019\u00e9tat des lieux de la Justice","description":"Les 25 avocats jugent inqui\u00e9tant l\u2019\u00e9tat des lieux de la Justice","canonical":"https:\/\/www.webdo.tn\/fr\/actualite\/national\/25-avocats-juge-inquietant-letat-des-lieux-de-la-justice\/171974\/","og_locale":"fr_FR","og_type":"article","og_title":"Les \"25 avocats\" jugent inqui\u00e9tant l\u2019\u00e9tat des lieux de la Justice","og_description":"Les 25 avocats jugent inqui\u00e9tant l\u2019\u00e9tat des lieux de la Justice","og_url":"https:\/\/www.webdo.tn\/fr\/actualite\/national\/25-avocats-juge-inquietant-letat-des-lieux-de-la-justice\/171974\/","og_site_name":"webdo","article_publisher":"https:\/\/www.facebook.com\/webdotn","article_published_time":"2012-05-09T22:05:00+00:00","article_modified_time":"2025-06-04T18:57:07+00:00","og_image":[{"width":150,"height":150,"url":"https:\/\/www.webdo.tn\/fr\/wp-content\/uploads\/2012\/05\/Justice-150x150-1.jpg","type":"image\/jpeg"}],"author":"webdo.tn","twitter_card":"summary_large_image","twitter_creator":"@webdo_tn","twitter_site":"@webdo_tn","twitter_misc":{"\u00c9crit par":"webdo.tn","Dur\u00e9e de lecture estim\u00e9e":"1 minute"},"schema":{"@context":"https:\/\/schema.org","@graph":[{"@type":"NewsArticle","@id":"https:\/\/www.webdo.tn\/fr\/actualite\/national\/25-avocats-juge-inquietant-letat-des-lieux-de-la-justice\/171974\/#article","isPartOf":{"@id":"https:\/\/www.webdo.tn\/fr\/actualite\/national\/25-avocats-juge-inquietant-letat-des-lieux-de-la-justice\/171974\/"},"author":{"name":"webdo.tn","@id":"https:\/\/www.webdo.tn\/fr\/#\/schema\/person\/9a9c6118d687c117df8ef3cc36a4d175"},"headline":"Les \u00ab\u00a025 avocats\u00a0\u00bb jugent inqui\u00e9tant l\u2019\u00e9tat des lieux de la Justice","datePublished":"2012-05-09T22:05:00+00:00","dateModified":"2025-06-04T18:57:07+00:00","mainEntityOfPage":{"@id":"https:\/\/www.webdo.tn\/fr\/actualite\/national\/25-avocats-juge-inquietant-letat-des-lieux-de-la-justice\/171974\/"},"wordCount":260,"commentCount":0,"publisher":{"@id":"https:\/\/www.webdo.tn\/fr\/#organization"},"image":{"@id":"https:\/\/www.webdo.tn\/fr\/actualite\/national\/25-avocats-juge-inquietant-letat-des-lieux-de-la-justice\/171974\/#primaryimage"},"thumbnailUrl":"https:\/\/www.webdo.tn\/fr\/wp-content\/uploads\/2012\/05\/Justice-150x150-1.jpg","articleSection":["National"],"inLanguage":"fr-FR"},{"@type":"WebPage","@id":"https:\/\/www.webdo.tn\/fr\/actualite\/national\/25-avocats-juge-inquietant-letat-des-lieux-de-la-justice\/171974\/","url":"https:\/\/www.webdo.tn\/fr\/actualite\/national\/25-avocats-juge-inquietant-letat-des-lieux-de-la-justice\/171974\/","name":"Les 25 avocats jugent inqui\u00e9tant l\u2019\u00e9tat des lieux de la Justice","isPartOf":{"@id":"https:\/\/www.webdo.tn\/fr\/#website"},"primaryImageOfPage":{"@id":"https:\/\/www.webdo.tn\/fr\/actualite\/national\/25-avocats-juge-inquietant-letat-des-lieux-de-la-justice\/171974\/#primaryimage"},"image":{"@id":"https:\/\/www.webdo.tn\/fr\/actualite\/national\/25-avocats-juge-inquietant-letat-des-lieux-de-la-justice\/171974\/#primaryimage"},"thumbnailUrl":"https:\/\/www.webdo.tn\/fr\/wp-content\/uploads\/2012\/05\/Justice-150x150-1.jpg","datePublished":"2012-05-09T22:05:00+00:00","dateModified":"2025-06-04T18:57:07+00:00","description":"Les 25 avocats jugent inqui\u00e9tant l\u2019\u00e9tat des lieux de la Justice","breadcrumb":{"@id":"https:\/\/www.webdo.tn\/fr\/actualite\/national\/25-avocats-juge-inquietant-letat-des-lieux-de-la-justice\/171974\/#breadcrumb"},"inLanguage":"fr-FR","potentialAction":[{"@type":"ReadAction","target":["https:\/\/www.webdo.tn\/fr\/actualite\/national\/25-avocats-juge-inquietant-letat-des-lieux-de-la-justice\/171974\/"]}]},{"@type":"ImageObject","inLanguage":"fr-FR","@id":"https:\/\/www.webdo.tn\/fr\/actualite\/national\/25-avocats-juge-inquietant-letat-des-lieux-de-la-justice\/171974\/#primaryimage","url":"https:\/\/www.webdo.tn\/fr\/wp-content\/uploads\/2012\/05\/Justice-150x150-1.jpg","contentUrl":"https:\/\/www.webdo.tn\/fr\/wp-content\/uploads\/2012\/05\/Justice-150x150-1.jpg","width":150,"height":150,"caption":"Les \"25 avocats\" jugent inqui\u00e9tant l\u2019\u00e9tat des lieux de la Justice"},{"@type":"BreadcrumbList","@id":"https:\/\/www.webdo.tn\/fr\/actualite\/national\/25-avocats-juge-inquietant-letat-des-lieux-de-la-justice\/171974\/#breadcrumb","itemListElement":[{"@type":"ListItem","position":1,"name":"Accueil","item":"https:\/\/www.webdo.tn\/fr\/"},{"@type":"ListItem","position":2,"name":"Les \u00ab\u00a025 avocats\u00a0\u00bb jugent inqui\u00e9tant l\u2019\u00e9tat des lieux de la Justice"}]},{"@type":"WebSite","@id":"https:\/\/www.webdo.tn\/fr\/#website","url":"https:\/\/www.webdo.tn\/fr\/","name":"webdo","description":"Tunisie - News en Tunisie et \u00e0 l&#039;international sur Webdo.tn","publisher":{"@id":"https:\/\/www.webdo.tn\/fr\/#organization"},"potentialAction":[{"@type":"SearchAction","target":{"@type":"EntryPoint","urlTemplate":"https:\/\/www.webdo.tn\/fr\/?s={search_term_string}"},"query-input":{"@type":"PropertyValueSpecification","valueRequired":true,"valueName":"search_term_string"}}],"inLanguage":"fr-FR"},{"@type":"Organization","@id":"https:\/\/www.webdo.tn\/fr\/#organization","name":"Webdo","alternateName":"Webdo.tn","url":"https:\/\/www.webdo.tn\/fr\/","logo":{"@type":"ImageObject","inLanguage":"fr-FR","@id":"https:\/\/www.webdo.tn\/fr\/#\/schema\/logo\/image\/","url":"https:\/\/www.webdo.tn\/fr\/wp-content\/uploads\/2025\/06\/Webdo-Tunisie_168377.jpg","contentUrl":"https:\/\/www.webdo.tn\/fr\/wp-content\/uploads\/2025\/06\/Webdo-Tunisie_168377.jpg","width":301,"height":301,"caption":"Webdo"},"image":{"@id":"https:\/\/www.webdo.tn\/fr\/#\/schema\/logo\/image\/"},"sameAs":["https:\/\/www.facebook.com\/webdotn","https:\/\/x.com\/webdo_tn"],"description":"Webdo est un m\u00e9dia num\u00e9rique tunisien fond\u00e9 en 2010, sp\u00e9cialis\u00e9 dans l\u2019actualit\u00e9 nationale et internationale, l\u2019\u00e9conomie, la soci\u00e9t\u00e9 et les analyses politiques. Le site s\u2019adresse \u00e0 un large public francophone et couvre l\u2019information tunisienne en temps r\u00e9el.","email":"redac@webdo.tn","legalName":"YNJ SARL","foundingDate":"2010-09-06","numberOfEmployees":{"@type":"QuantitativeValue","minValue":"11","maxValue":"50"}},{"@type":"Person","@id":"https:\/\/www.webdo.tn\/fr\/#\/schema\/person\/9a9c6118d687c117df8ef3cc36a4d175","name":"webdo.tn","image":{"@type":"ImageObject","inLanguage":"fr-FR","@id":"https:\/\/secure.gravatar.com\/avatar\/7ce1f28c0c3bbac99ff550b85ef8e44a6950c6ee24514fb6a5489e51d06f0298?s=96&d=mm&r=g","url":"https:\/\/secure.gravatar.com\/avatar\/7ce1f28c0c3bbac99ff550b85ef8e44a6950c6ee24514fb6a5489e51d06f0298?s=96&d=mm&r=g","contentUrl":"https:\/\/secure.gravatar.com\/avatar\/7ce1f28c0c3bbac99ff550b85ef8e44a6950c6ee24514fb6a5489e51d06f0298?s=96&d=mm&r=g","caption":"webdo.tn"},"url":"https:\/\/www.webdo.tn\/fr\/actualite\/author\/webdotn\/"}]}},"_links":{"self":[{"href":"https:\/\/www.webdo.tn\/fr\/wp-json\/wp\/v2\/posts\/171974","targetHints":{"allow":["GET"]}}],"collection":[{"href":"https:\/\/www.webdo.tn\/fr\/wp-json\/wp\/v2\/posts"}],"about":[{"href":"https:\/\/www.webdo.tn\/fr\/wp-json\/wp\/v2\/types\/post"}],"author":[{"embeddable":true,"href":"https:\/\/www.webdo.tn\/fr\/wp-json\/wp\/v2\/users\/3222"}],"replies":[{"embeddable":true,"href":"https:\/\/www.webdo.tn\/fr\/wp-json\/wp\/v2\/comments?post=171974"}],"version-history":[{"count":0,"href":"https:\/\/www.webdo.tn\/fr\/wp-json\/wp\/v2\/posts\/171974\/revisions"}],"wp:featuredmedia":[{"embeddable":true,"href":"https:\/\/www.webdo.tn\/fr\/wp-json\/wp\/v2\/media\/333605"}],"wp:attachment":[{"href":"https:\/\/www.webdo.tn\/fr\/wp-json\/wp\/v2\/media?parent=171974"}],"wp:term":[{"taxonomy":"category","embeddable":true,"href":"https:\/\/www.webdo.tn\/fr\/wp-json\/wp\/v2\/categories?post=171974"},{"taxonomy":"post_tag","embeddable":true,"href":"https:\/\/www.webdo.tn\/fr\/wp-json\/wp\/v2\/tags?post=171974"}],"curies":[{"name":"wp","href":"https:\/\/api.w.org\/{rel}","templated":true}]}}