{"id":171973,"date":"2012-05-09T22:38:00","date_gmt":"2012-05-09T22:38:00","guid":{"rendered":"https:\/\/www.webdo.tn\/fr\/blog\/agression-contre-des-touristes-au-kef-attaque-terroriste-ou-simple-fait-divers\/171973\/"},"modified":"2025-06-04T18:57:08","modified_gmt":"2025-06-04T18:57:08","slug":"agression-contre-des-touristes-au-kef-attaque-terroriste-ou-simple-fait-divers","status":"publish","type":"post","link":"https:\/\/www.webdo.tn\/fr\/actualite\/national\/agression-contre-des-touristes-au-kef-attaque-terroriste-ou-simple-fait-divers\/171973\/","title":{"rendered":"Agression contre des touristes au Kef : Attaque terroriste ou simple fait divers?"},"content":{"rendered":"<p>L\u2019information est tomb\u00e9e hier soir comme un couperet. Selon une d\u00e9p\u00eache de la TAP publi\u00e9e hier, tard dans la nuit, et reprise aujourd\u2019hui par la radio et certaines revues \u00e9lectroniques,  une trentaine de barbus ont agress\u00e9 deux touristes fran\u00e7ais accompagn\u00e9s d\u2019un guide alors qu\u2019ils \u00e9taient de passage devant la mosqu\u00e9e SIDI ALI BEN SALAH au Kef. D\u2019apr\u00e8s la m\u00eame source, un groupe de salafistes a pris d\u2019assaut, une semaine auparavant, la mosqu\u00e9e SIDI ALI BENSALAH o\u00f9 ils avaient accroch\u00e9 le drapeau noir et blanc au bout de son minaret et ont appel\u00e9 au Jihad. Il a fallu l\u2019intervention de la police et des autorit\u00e9s pour les en dissuader.<br \/>\nCette information vient d\u2019\u00eatre d\u00e9mentie par le minist\u00e8re de l\u2019Int\u00e9rieur qui dans un communiqu\u00e9 de presse diffus\u00e9 ce soir, a fait savoir que l\u2019origine des faits r\u00e9side dans une dispute entre le guide et d\u2019autres personnes et que les touristes fran\u00e7ais n\u2019ont pas \u00e9t\u00e9 agress\u00e9s. <\/p>\n<p>Ce d\u00e9menti ne doit pas s\u2019arr\u00eater au stade du communiqu\u00e9 et doit \u00eatre suivi de plusieurs autres mesures d\u2019abord pour \u00e9clairer comme il se doit l\u2019opinion publique sur ce qui s\u2019est r\u00e9ellement pass\u00e9 ensuite pour rassurer la soci\u00e9t\u00e9 civile qui a subi un traumatisme de plus \u00e0 l\u2019annonce de cette information, qualifi\u00e9e par les autorit\u00e9s de fausse et mensong\u00e8re, et enfin pour arr\u00eater ceux qui ont commis l\u2019agression et les traduire devant le juge pour atteinte \u00e0 l\u2019ordre public. <\/p>\n<p>Par l\u2019image et par le son, le tunisien a besoin de conna\u00eetre les circonstances qui ont conduit \u00e0 cette agression o\u00f9 une trentaine de personnes se sont attaqu\u00e9es sauvagement \u00e0 un guide touristique, le d\u00e9nomm\u00e9 Ahmed HAMMAMI, et endommag\u00e9 le v\u00e9hicule de l\u2019un des touristes qui \u00e9taient en sa compagnie.<\/p>\n<p>Dans sa  plainte d\u00e9pos\u00e9e au poste de police, le guide a d\u00e9clar\u00e9 que ses agresseurs dont il reconnait quelques uns,  l\u2019ont tax\u00e9 de m\u00e9cr\u00e9ant et d\u2019impie. Est-ce la raison pour laquelle ils l\u2019ont agress\u00e9 ? Si c\u2019est le cas,  surtout que les agresseurs  sont des pr\u00e9sum\u00e9s salafistes qui ne sont pas \u00e0 leur premi\u00e8re manifestation de force, l\u2019acte n\u2019a rien d\u2019une dispute ou d\u2019un  r\u00e8glement de compte entre personnes en m\u00e9sentente. Il s\u2019agit bel et bien d\u2019une violence  politique \u00e0 l\u2019instar de plusieurs autres actes similaires qui empoisonnent l\u2019existence et qui constituent une menace sur l\u2019ordre public, la s\u00e9curit\u00e9 des citoyens et l\u2019int\u00e9r\u00eat g\u00e9n\u00e9ral. <\/p>\n<p>Pas plus tard que le 6 courant, rapporte Kapitalis, des barbus \u00e0 Sejnane se sont attaqu\u00e9s \u00e0 des \u00e9tudiants de l\u2019Institut des sciences biologiques appliqu\u00e9es  qui \u00e9taient en excursion. Des forces de la police \u00e9taient sur les lieux \u00e0 observer la sc\u00e8ne sans r\u00e9agir, probablement par ce qu\u2019ils n\u2019ont pas re\u00e7u l\u2019ordre d\u2019intervenir. Le porte-parole du minist\u00e8re de l\u2019Int\u00e9rieur a ramen\u00e9 l\u2019agression \u00e0 une affaire de drague qui s\u2019est termin\u00e9e par une bagarre entre les \u00e9tudiants et les dragueurs.<\/p>\n","protected":false},"excerpt":{"rendered":"<p>Agression contre des touristes au Kef : Attaque terroriste ou simple fait divers?<\/p>\n","protected":false},"author":3222,"featured_media":333606,"comment_status":"open","ping_status":"closed","sticky":false,"template":"","format":"standard","meta":{"footnotes":""},"categories":[44],"tags":[],"class_list":["post-171973","post","type-post","status-publish","format-standard","has-post-thumbnail","hentry","category-national"],"yoast_head":"<!-- This site is optimized with the Yoast SEO Premium plugin v27.5 (Yoast SEO v27.5) - https:\/\/yoast.com\/product\/yoast-seo-premium-wordpress\/ -->\n<title>Agression contre des touristes au Kef : Attaque terroriste ou simple fait divers?<\/title>\n<meta name=\"description\" content=\"Agression contre des touristes au Kef : Attaque terroriste ou simple fait divers?\" \/>\n<link rel=\"canonical\" href=\"https:\/\/www.webdo.tn\/fr\/actualite\/national\/agression-contre-des-touristes-au-kef-attaque-terroriste-ou-simple-fait-divers\/171973\/\" \/>\n<meta property=\"og:locale\" content=\"fr_FR\" \/>\n<meta property=\"og:type\" content=\"article\" \/>\n<meta property=\"og:title\" content=\"Agression contre des touristes au Kef : Attaque terroriste ou simple fait divers?\" \/>\n<meta property=\"og:description\" content=\"Agression contre des touristes au Kef : Attaque terroriste ou simple fait divers?\" \/>\n<meta property=\"og:url\" content=\"https:\/\/www.webdo.tn\/fr\/actualite\/national\/agression-contre-des-touristes-au-kef-attaque-terroriste-ou-simple-fait-divers\/171973\/\" \/>\n<meta property=\"og:site_name\" content=\"webdo\" \/>\n<meta property=\"article:publisher\" content=\"https:\/\/www.facebook.com\/webdotn\" \/>\n<meta property=\"article:published_time\" content=\"2012-05-09T22:38:00+00:00\" \/>\n<meta property=\"article:modified_time\" content=\"2025-06-04T18:57:08+00:00\" \/>\n<meta property=\"og:image\" content=\"https:\/\/www.webdo.tn\/fr\/wp-content\/uploads\/2012\/05\/kef-150x150-1.gif\" \/>\n\t<meta property=\"og:image:width\" content=\"150\" \/>\n\t<meta property=\"og:image:height\" content=\"150\" \/>\n\t<meta property=\"og:image:type\" content=\"image\/gif\" \/>\n<meta name=\"author\" content=\"webdo.tn\" \/>\n<meta name=\"twitter:card\" content=\"summary_large_image\" \/>\n<meta name=\"twitter:creator\" content=\"@webdo_tn\" \/>\n<meta name=\"twitter:site\" content=\"@webdo_tn\" \/>\n<meta name=\"twitter:label1\" content=\"\u00c9crit par\" \/>\n\t<meta name=\"twitter:data1\" content=\"webdo.tn\" \/>\n\t<meta name=\"twitter:label2\" content=\"Dur\u00e9e de lecture estim\u00e9e\" \/>\n\t<meta name=\"twitter:data2\" content=\"3 minutes\" \/>\n<script type=\"application\/ld+json\" class=\"yoast-schema-graph\">{\"@context\":\"https:\\\/\\\/schema.org\",\"@graph\":[{\"@type\":\"NewsArticle\",\"@id\":\"https:\\\/\\\/www.webdo.tn\\\/fr\\\/actualite\\\/national\\\/agression-contre-des-touristes-au-kef-attaque-terroriste-ou-simple-fait-divers\\\/171973\\\/#article\",\"isPartOf\":{\"@id\":\"https:\\\/\\\/www.webdo.tn\\\/fr\\\/actualite\\\/national\\\/agression-contre-des-touristes-au-kef-attaque-terroriste-ou-simple-fait-divers\\\/171973\\\/\"},\"author\":{\"name\":\"webdo.tn\",\"@id\":\"https:\\\/\\\/www.webdo.tn\\\/fr\\\/#\\\/schema\\\/person\\\/9a9c6118d687c117df8ef3cc36a4d175\"},\"headline\":\"Agression contre des touristes au Kef : Attaque terroriste ou simple fait divers?\",\"datePublished\":\"2012-05-09T22:38:00+00:00\",\"dateModified\":\"2025-06-04T18:57:08+00:00\",\"mainEntityOfPage\":{\"@id\":\"https:\\\/\\\/www.webdo.tn\\\/fr\\\/actualite\\\/national\\\/agression-contre-des-touristes-au-kef-attaque-terroriste-ou-simple-fait-divers\\\/171973\\\/\"},\"wordCount\":560,\"commentCount\":0,\"publisher\":{\"@id\":\"https:\\\/\\\/www.webdo.tn\\\/fr\\\/#organization\"},\"image\":{\"@id\":\"https:\\\/\\\/www.webdo.tn\\\/fr\\\/actualite\\\/national\\\/agression-contre-des-touristes-au-kef-attaque-terroriste-ou-simple-fait-divers\\\/171973\\\/#primaryimage\"},\"thumbnailUrl\":\"https:\\\/\\\/www.webdo.tn\\\/fr\\\/wp-content\\\/uploads\\\/2012\\\/05\\\/kef-150x150-1.gif\",\"articleSection\":[\"National\"],\"inLanguage\":\"fr-FR\"},{\"@type\":\"WebPage\",\"@id\":\"https:\\\/\\\/www.webdo.tn\\\/fr\\\/actualite\\\/national\\\/agression-contre-des-touristes-au-kef-attaque-terroriste-ou-simple-fait-divers\\\/171973\\\/\",\"url\":\"https:\\\/\\\/www.webdo.tn\\\/fr\\\/actualite\\\/national\\\/agression-contre-des-touristes-au-kef-attaque-terroriste-ou-simple-fait-divers\\\/171973\\\/\",\"name\":\"Agression contre des touristes au Kef : Attaque terroriste ou simple fait divers?\",\"isPartOf\":{\"@id\":\"https:\\\/\\\/www.webdo.tn\\\/fr\\\/#website\"},\"primaryImageOfPage\":{\"@id\":\"https:\\\/\\\/www.webdo.tn\\\/fr\\\/actualite\\\/national\\\/agression-contre-des-touristes-au-kef-attaque-terroriste-ou-simple-fait-divers\\\/171973\\\/#primaryimage\"},\"image\":{\"@id\":\"https:\\\/\\\/www.webdo.tn\\\/fr\\\/actualite\\\/national\\\/agression-contre-des-touristes-au-kef-attaque-terroriste-ou-simple-fait-divers\\\/171973\\\/#primaryimage\"},\"thumbnailUrl\":\"https:\\\/\\\/www.webdo.tn\\\/fr\\\/wp-content\\\/uploads\\\/2012\\\/05\\\/kef-150x150-1.gif\",\"datePublished\":\"2012-05-09T22:38:00+00:00\",\"dateModified\":\"2025-06-04T18:57:08+00:00\",\"description\":\"Agression contre des touristes au Kef : Attaque terroriste ou simple fait divers?\",\"breadcrumb\":{\"@id\":\"https:\\\/\\\/www.webdo.tn\\\/fr\\\/actualite\\\/national\\\/agression-contre-des-touristes-au-kef-attaque-terroriste-ou-simple-fait-divers\\\/171973\\\/#breadcrumb\"},\"inLanguage\":\"fr-FR\",\"potentialAction\":[{\"@type\":\"ReadAction\",\"target\":[\"https:\\\/\\\/www.webdo.tn\\\/fr\\\/actualite\\\/national\\\/agression-contre-des-touristes-au-kef-attaque-terroriste-ou-simple-fait-divers\\\/171973\\\/\"]}]},{\"@type\":\"ImageObject\",\"inLanguage\":\"fr-FR\",\"@id\":\"https:\\\/\\\/www.webdo.tn\\\/fr\\\/actualite\\\/national\\\/agression-contre-des-touristes-au-kef-attaque-terroriste-ou-simple-fait-divers\\\/171973\\\/#primaryimage\",\"url\":\"https:\\\/\\\/www.webdo.tn\\\/fr\\\/wp-content\\\/uploads\\\/2012\\\/05\\\/kef-150x150-1.gif\",\"contentUrl\":\"https:\\\/\\\/www.webdo.tn\\\/fr\\\/wp-content\\\/uploads\\\/2012\\\/05\\\/kef-150x150-1.gif\",\"width\":150,\"height\":150,\"caption\":\"Agression contre des touristes au Kef : Attaque terroriste ou simple fait divers?\"},{\"@type\":\"BreadcrumbList\",\"@id\":\"https:\\\/\\\/www.webdo.tn\\\/fr\\\/actualite\\\/national\\\/agression-contre-des-touristes-au-kef-attaque-terroriste-ou-simple-fait-divers\\\/171973\\\/#breadcrumb\",\"itemListElement\":[{\"@type\":\"ListItem\",\"position\":1,\"name\":\"Accueil\",\"item\":\"https:\\\/\\\/www.webdo.tn\\\/fr\\\/\"},{\"@type\":\"ListItem\",\"position\":2,\"name\":\"Agression contre des touristes au Kef : Attaque terroriste ou simple fait divers?\"}]},{\"@type\":\"WebSite\",\"@id\":\"https:\\\/\\\/www.webdo.tn\\\/fr\\\/#website\",\"url\":\"https:\\\/\\\/www.webdo.tn\\\/fr\\\/\",\"name\":\"webdo\",\"description\":\"Tunisie - News en Tunisie et \u00e0 l&#039;international sur Webdo.tn\",\"publisher\":{\"@id\":\"https:\\\/\\\/www.webdo.tn\\\/fr\\\/#organization\"},\"potentialAction\":[{\"@type\":\"SearchAction\",\"target\":{\"@type\":\"EntryPoint\",\"urlTemplate\":\"https:\\\/\\\/www.webdo.tn\\\/fr\\\/?s={search_term_string}\"},\"query-input\":{\"@type\":\"PropertyValueSpecification\",\"valueRequired\":true,\"valueName\":\"search_term_string\"}}],\"inLanguage\":\"fr-FR\"},{\"@type\":\"Organization\",\"@id\":\"https:\\\/\\\/www.webdo.tn\\\/fr\\\/#organization\",\"name\":\"Webdo\",\"alternateName\":\"Webdo.tn\",\"url\":\"https:\\\/\\\/www.webdo.tn\\\/fr\\\/\",\"logo\":{\"@type\":\"ImageObject\",\"inLanguage\":\"fr-FR\",\"@id\":\"https:\\\/\\\/www.webdo.tn\\\/fr\\\/#\\\/schema\\\/logo\\\/image\\\/\",\"url\":\"https:\\\/\\\/www.webdo.tn\\\/fr\\\/wp-content\\\/uploads\\\/2025\\\/06\\\/Webdo-Tunisie_168377.jpg\",\"contentUrl\":\"https:\\\/\\\/www.webdo.tn\\\/fr\\\/wp-content\\\/uploads\\\/2025\\\/06\\\/Webdo-Tunisie_168377.jpg\",\"width\":301,\"height\":301,\"caption\":\"Webdo\"},\"image\":{\"@id\":\"https:\\\/\\\/www.webdo.tn\\\/fr\\\/#\\\/schema\\\/logo\\\/image\\\/\"},\"sameAs\":[\"https:\\\/\\\/www.facebook.com\\\/webdotn\",\"https:\\\/\\\/x.com\\\/webdo_tn\"],\"description\":\"Webdo est un m\u00e9dia num\u00e9rique tunisien fond\u00e9 en 2010, sp\u00e9cialis\u00e9 dans l\u2019actualit\u00e9 nationale et internationale, l\u2019\u00e9conomie, la soci\u00e9t\u00e9 et les analyses politiques. Le site s\u2019adresse \u00e0 un large public francophone et couvre l\u2019information tunisienne en temps r\u00e9el.\",\"email\":\"redac@webdo.tn\",\"legalName\":\"YNJ SARL\",\"foundingDate\":\"2010-09-06\",\"numberOfEmployees\":{\"@type\":\"QuantitativeValue\",\"minValue\":\"11\",\"maxValue\":\"50\"}},{\"@type\":\"Person\",\"@id\":\"https:\\\/\\\/www.webdo.tn\\\/fr\\\/#\\\/schema\\\/person\\\/9a9c6118d687c117df8ef3cc36a4d175\",\"name\":\"webdo.tn\",\"image\":{\"@type\":\"ImageObject\",\"inLanguage\":\"fr-FR\",\"@id\":\"https:\\\/\\\/secure.gravatar.com\\\/avatar\\\/7ce1f28c0c3bbac99ff550b85ef8e44a6950c6ee24514fb6a5489e51d06f0298?s=96&d=mm&r=g\",\"url\":\"https:\\\/\\\/secure.gravatar.com\\\/avatar\\\/7ce1f28c0c3bbac99ff550b85ef8e44a6950c6ee24514fb6a5489e51d06f0298?s=96&d=mm&r=g\",\"contentUrl\":\"https:\\\/\\\/secure.gravatar.com\\\/avatar\\\/7ce1f28c0c3bbac99ff550b85ef8e44a6950c6ee24514fb6a5489e51d06f0298?s=96&d=mm&r=g\",\"caption\":\"webdo.tn\"},\"url\":\"https:\\\/\\\/www.webdo.tn\\\/fr\\\/actualite\\\/author\\\/webdotn\\\/\"}]}<\/script>\n<!-- \/ Yoast SEO Premium plugin. -->","yoast_head_json":{"title":"Agression contre des touristes au Kef : Attaque terroriste ou simple fait divers?","description":"Agression contre des touristes au Kef : Attaque terroriste ou simple fait divers?","canonical":"https:\/\/www.webdo.tn\/fr\/actualite\/national\/agression-contre-des-touristes-au-kef-attaque-terroriste-ou-simple-fait-divers\/171973\/","og_locale":"fr_FR","og_type":"article","og_title":"Agression contre des touristes au Kef : Attaque terroriste ou simple fait divers?","og_description":"Agression contre des touristes au Kef : Attaque terroriste ou simple fait divers?","og_url":"https:\/\/www.webdo.tn\/fr\/actualite\/national\/agression-contre-des-touristes-au-kef-attaque-terroriste-ou-simple-fait-divers\/171973\/","og_site_name":"webdo","article_publisher":"https:\/\/www.facebook.com\/webdotn","article_published_time":"2012-05-09T22:38:00+00:00","article_modified_time":"2025-06-04T18:57:08+00:00","og_image":[{"width":150,"height":150,"url":"https:\/\/www.webdo.tn\/fr\/wp-content\/uploads\/2012\/05\/kef-150x150-1.gif","type":"image\/gif"}],"author":"webdo.tn","twitter_card":"summary_large_image","twitter_creator":"@webdo_tn","twitter_site":"@webdo_tn","twitter_misc":{"\u00c9crit par":"webdo.tn","Dur\u00e9e de lecture estim\u00e9e":"3 minutes"},"schema":{"@context":"https:\/\/schema.org","@graph":[{"@type":"NewsArticle","@id":"https:\/\/www.webdo.tn\/fr\/actualite\/national\/agression-contre-des-touristes-au-kef-attaque-terroriste-ou-simple-fait-divers\/171973\/#article","isPartOf":{"@id":"https:\/\/www.webdo.tn\/fr\/actualite\/national\/agression-contre-des-touristes-au-kef-attaque-terroriste-ou-simple-fait-divers\/171973\/"},"author":{"name":"webdo.tn","@id":"https:\/\/www.webdo.tn\/fr\/#\/schema\/person\/9a9c6118d687c117df8ef3cc36a4d175"},"headline":"Agression contre des touristes au Kef : Attaque terroriste ou simple fait divers?","datePublished":"2012-05-09T22:38:00+00:00","dateModified":"2025-06-04T18:57:08+00:00","mainEntityOfPage":{"@id":"https:\/\/www.webdo.tn\/fr\/actualite\/national\/agression-contre-des-touristes-au-kef-attaque-terroriste-ou-simple-fait-divers\/171973\/"},"wordCount":560,"commentCount":0,"publisher":{"@id":"https:\/\/www.webdo.tn\/fr\/#organization"},"image":{"@id":"https:\/\/www.webdo.tn\/fr\/actualite\/national\/agression-contre-des-touristes-au-kef-attaque-terroriste-ou-simple-fait-divers\/171973\/#primaryimage"},"thumbnailUrl":"https:\/\/www.webdo.tn\/fr\/wp-content\/uploads\/2012\/05\/kef-150x150-1.gif","articleSection":["National"],"inLanguage":"fr-FR"},{"@type":"WebPage","@id":"https:\/\/www.webdo.tn\/fr\/actualite\/national\/agression-contre-des-touristes-au-kef-attaque-terroriste-ou-simple-fait-divers\/171973\/","url":"https:\/\/www.webdo.tn\/fr\/actualite\/national\/agression-contre-des-touristes-au-kef-attaque-terroriste-ou-simple-fait-divers\/171973\/","name":"Agression contre des touristes au Kef : Attaque terroriste ou simple fait divers?","isPartOf":{"@id":"https:\/\/www.webdo.tn\/fr\/#website"},"primaryImageOfPage":{"@id":"https:\/\/www.webdo.tn\/fr\/actualite\/national\/agression-contre-des-touristes-au-kef-attaque-terroriste-ou-simple-fait-divers\/171973\/#primaryimage"},"image":{"@id":"https:\/\/www.webdo.tn\/fr\/actualite\/national\/agression-contre-des-touristes-au-kef-attaque-terroriste-ou-simple-fait-divers\/171973\/#primaryimage"},"thumbnailUrl":"https:\/\/www.webdo.tn\/fr\/wp-content\/uploads\/2012\/05\/kef-150x150-1.gif","datePublished":"2012-05-09T22:38:00+00:00","dateModified":"2025-06-04T18:57:08+00:00","description":"Agression contre des touristes au Kef : Attaque terroriste ou simple fait divers?","breadcrumb":{"@id":"https:\/\/www.webdo.tn\/fr\/actualite\/national\/agression-contre-des-touristes-au-kef-attaque-terroriste-ou-simple-fait-divers\/171973\/#breadcrumb"},"inLanguage":"fr-FR","potentialAction":[{"@type":"ReadAction","target":["https:\/\/www.webdo.tn\/fr\/actualite\/national\/agression-contre-des-touristes-au-kef-attaque-terroriste-ou-simple-fait-divers\/171973\/"]}]},{"@type":"ImageObject","inLanguage":"fr-FR","@id":"https:\/\/www.webdo.tn\/fr\/actualite\/national\/agression-contre-des-touristes-au-kef-attaque-terroriste-ou-simple-fait-divers\/171973\/#primaryimage","url":"https:\/\/www.webdo.tn\/fr\/wp-content\/uploads\/2012\/05\/kef-150x150-1.gif","contentUrl":"https:\/\/www.webdo.tn\/fr\/wp-content\/uploads\/2012\/05\/kef-150x150-1.gif","width":150,"height":150,"caption":"Agression contre des touristes au Kef : Attaque terroriste ou simple fait divers?"},{"@type":"BreadcrumbList","@id":"https:\/\/www.webdo.tn\/fr\/actualite\/national\/agression-contre-des-touristes-au-kef-attaque-terroriste-ou-simple-fait-divers\/171973\/#breadcrumb","itemListElement":[{"@type":"ListItem","position":1,"name":"Accueil","item":"https:\/\/www.webdo.tn\/fr\/"},{"@type":"ListItem","position":2,"name":"Agression contre des touristes au Kef : Attaque terroriste ou simple fait divers?"}]},{"@type":"WebSite","@id":"https:\/\/www.webdo.tn\/fr\/#website","url":"https:\/\/www.webdo.tn\/fr\/","name":"webdo","description":"Tunisie - News en Tunisie et \u00e0 l&#039;international sur Webdo.tn","publisher":{"@id":"https:\/\/www.webdo.tn\/fr\/#organization"},"potentialAction":[{"@type":"SearchAction","target":{"@type":"EntryPoint","urlTemplate":"https:\/\/www.webdo.tn\/fr\/?s={search_term_string}"},"query-input":{"@type":"PropertyValueSpecification","valueRequired":true,"valueName":"search_term_string"}}],"inLanguage":"fr-FR"},{"@type":"Organization","@id":"https:\/\/www.webdo.tn\/fr\/#organization","name":"Webdo","alternateName":"Webdo.tn","url":"https:\/\/www.webdo.tn\/fr\/","logo":{"@type":"ImageObject","inLanguage":"fr-FR","@id":"https:\/\/www.webdo.tn\/fr\/#\/schema\/logo\/image\/","url":"https:\/\/www.webdo.tn\/fr\/wp-content\/uploads\/2025\/06\/Webdo-Tunisie_168377.jpg","contentUrl":"https:\/\/www.webdo.tn\/fr\/wp-content\/uploads\/2025\/06\/Webdo-Tunisie_168377.jpg","width":301,"height":301,"caption":"Webdo"},"image":{"@id":"https:\/\/www.webdo.tn\/fr\/#\/schema\/logo\/image\/"},"sameAs":["https:\/\/www.facebook.com\/webdotn","https:\/\/x.com\/webdo_tn"],"description":"Webdo est un m\u00e9dia num\u00e9rique tunisien fond\u00e9 en 2010, sp\u00e9cialis\u00e9 dans l\u2019actualit\u00e9 nationale et internationale, l\u2019\u00e9conomie, la soci\u00e9t\u00e9 et les analyses politiques. Le site s\u2019adresse \u00e0 un large public francophone et couvre l\u2019information tunisienne en temps r\u00e9el.","email":"redac@webdo.tn","legalName":"YNJ SARL","foundingDate":"2010-09-06","numberOfEmployees":{"@type":"QuantitativeValue","minValue":"11","maxValue":"50"}},{"@type":"Person","@id":"https:\/\/www.webdo.tn\/fr\/#\/schema\/person\/9a9c6118d687c117df8ef3cc36a4d175","name":"webdo.tn","image":{"@type":"ImageObject","inLanguage":"fr-FR","@id":"https:\/\/secure.gravatar.com\/avatar\/7ce1f28c0c3bbac99ff550b85ef8e44a6950c6ee24514fb6a5489e51d06f0298?s=96&d=mm&r=g","url":"https:\/\/secure.gravatar.com\/avatar\/7ce1f28c0c3bbac99ff550b85ef8e44a6950c6ee24514fb6a5489e51d06f0298?s=96&d=mm&r=g","contentUrl":"https:\/\/secure.gravatar.com\/avatar\/7ce1f28c0c3bbac99ff550b85ef8e44a6950c6ee24514fb6a5489e51d06f0298?s=96&d=mm&r=g","caption":"webdo.tn"},"url":"https:\/\/www.webdo.tn\/fr\/actualite\/author\/webdotn\/"}]}},"_links":{"self":[{"href":"https:\/\/www.webdo.tn\/fr\/wp-json\/wp\/v2\/posts\/171973","targetHints":{"allow":["GET"]}}],"collection":[{"href":"https:\/\/www.webdo.tn\/fr\/wp-json\/wp\/v2\/posts"}],"about":[{"href":"https:\/\/www.webdo.tn\/fr\/wp-json\/wp\/v2\/types\/post"}],"author":[{"embeddable":true,"href":"https:\/\/www.webdo.tn\/fr\/wp-json\/wp\/v2\/users\/3222"}],"replies":[{"embeddable":true,"href":"https:\/\/www.webdo.tn\/fr\/wp-json\/wp\/v2\/comments?post=171973"}],"version-history":[{"count":0,"href":"https:\/\/www.webdo.tn\/fr\/wp-json\/wp\/v2\/posts\/171973\/revisions"}],"wp:featuredmedia":[{"embeddable":true,"href":"https:\/\/www.webdo.tn\/fr\/wp-json\/wp\/v2\/media\/333606"}],"wp:attachment":[{"href":"https:\/\/www.webdo.tn\/fr\/wp-json\/wp\/v2\/media?parent=171973"}],"wp:term":[{"taxonomy":"category","embeddable":true,"href":"https:\/\/www.webdo.tn\/fr\/wp-json\/wp\/v2\/categories?post=171973"},{"taxonomy":"post_tag","embeddable":true,"href":"https:\/\/www.webdo.tn\/fr\/wp-json\/wp\/v2\/tags?post=171973"}],"curies":[{"name":"wp","href":"https:\/\/api.w.org\/{rel}","templated":true}]}}