{"id":171971,"date":"2012-05-10T14:24:00","date_gmt":"2012-05-10T14:24:00","guid":{"rendered":"https:\/\/www.webdo.tn\/fr\/blog\/syndicat-des-forces-de-l-ordre-la-responsabilite-de-ridha-grira-demontree-jour-par-jour\/171971\/"},"modified":"2025-06-04T18:57:11","modified_gmt":"2025-06-04T18:57:11","slug":"syndicat-des-forces-de-l-ordre-la-responsabilite-de-ridha-grira-demontree-jour-par-jour","status":"publish","type":"post","link":"https:\/\/www.webdo.tn\/fr\/actualite\/national\/syndicat-des-forces-de-l-ordre-la-responsabilite-de-ridha-grira-demontree-jour-par-jour\/171971\/","title":{"rendered":"Syndicat des forces de l\u2019ordre : la responsabilit\u00e9 de Ridha Grira d\u00e9montr\u00e9e jour par jour"},"content":{"rendered":"<p>Dans son allocution prononc\u00e9e \u00e0 l\u2019ouverture de la conf\u00e9rence de presse tenue hier par l\u2019Union nationale des syndicats des forces de s\u00fbret\u00e9 tunisiennes, Monstassar Materi, le secr\u00e9taire g\u00e9n\u00e9ral du syndicat, a expos\u00e9 les faits qui se sont produits entre le 7 et le 15 janvier 2011.<\/p>\n<p>Le vendredi 7 janvier : La situation s\u00e9curitaire \u00e0 Thala \u00e9tait si grave que les autorit\u00e9s ont du recourir \u00e0 l\u2019arm\u00e9e pour r\u00e9tablir la s\u00e9curit\u00e9 dans le gouvernorat. Seulement, Rafik Haj Kacem, qui \u00e9tait ministre de l\u2019Int\u00e9rieur, intervint pour que l\u2019arm\u00e9e se retire. Son argument \u00e9tait qu\u2019il voulait prouver au Pr\u00e9sident d\u00e9chu que ses forces \u00e9taient capables de ma\u00eetriser la situation sans le concours de l\u2019arm\u00e9e.<\/p>\n<p>Le 8 janvier : La situation dans le gouvernorat s\u2019aggrava davantage et la r\u00e9pression exerc\u00e9e par les forces de l\u2019ordre fit beaucoup de victimes. Le secr\u00e9taire g\u00e9n\u00e9ral du syndicat a qualifi\u00e9 ce bilan de \u00ab  boucherie \u00bb.<\/p>\n<p>Le 9 janvier : Vue l\u2019extension du mouvement insurrectionnel dans d\u2019autres r\u00e9gions voisines, le pr\u00e9sident d\u00e9chu mit en place une cellule de s\u00e9curit\u00e9 comprenant, des cadres et des officiers de la police et de l\u2019arm\u00e9e, l\u2019ancien ministre de l\u2019Int\u00e9rieur (Rafik Haj Kacem), l\u2019ancien ministre de la d\u00e9fense (Ridha Grira) et Mohamed Ghariani, le secr\u00e9taire g\u00e9n\u00e9ral du RCD. La pr\u00e9sence de ce dernier dans la cellule n\u2019est pas surprenante compte tenu de la position du parti unique sous le r\u00e8gne de la dictature et de ses pr\u00e9dispositions \u00e0 concourir \u00e0 la r\u00e9pression en d\u00e9ployant des miliciens.<\/p>\n<p>Depuis la constitution de la cellule, Ridha Grira afficha une m\u00e9fiance \u00e0 l\u2019\u00e9gard des responsables de la s\u00e9curit\u00e9, en prenant unilat\u00e9ralement des d\u00e9cisions sans se concerter avec eux. Il pensait qu\u2019un coup d\u2019\u00e9tat \u00e9tait en gestation et qu\u2019il fallait \u00eatre prudent et discret pour emp\u00eacher son aboutissement et sauver ainsi la dictature.<\/p>\n<p>C\u2019est \u00e0 ce titre qu\u2019au cours d\u2019une premi\u00e8re r\u00e9union de coordination, Ridha Grira demanda aux cadres de la s\u00fbret\u00e9 nationale de la quitter au motif qu\u2019il devait fournir \u00e0 ses collaborateurs des instructions confidentielles.<\/p>\n<p>Le 10 janvier : Ridha Grira envisagea de faire porter aux militaires la tenue officielle de la brigade anti-\u00e9meute pour imputer aux seuls cadres et agents de cette brigade la responsabilit\u00e9 de la r\u00e9pression et des b\u00e9vues qui pourraient \u00eatre commises.<\/p>\n<p>Le 13 janvier : Des instructions furent donn\u00e9es aux forces de police de remettre leurs armes aux militaires. Ces instructions \u00e9taient justifi\u00e9es par le souci d\u2019\u00e9viter au pays un bain de sang alors qu\u2019en r\u00e9alit\u00e9, Ridha Grira suspectait des cadres et des responsables de s\u00e9curit\u00e9 de pr\u00e9parer un coup d\u2019\u00e9tat. Plusieurs membres de la police refus\u00e8rent d\u2019ex\u00e9cuter ces instructions et pr\u00e9f\u00e9r\u00e8rent garder leur arme de service et ne pas ex\u00e9cuter un ordre venant d\u2019une hi\u00e9rarchie non habilit\u00e9e.<\/p>\n<p>Le 14 janvier : la situation commen\u00e7ait \u00e0 s\u2019enflammer dans la capitale, Ali S\u00e9riati demanda alors \u00e0 Ridha Grira d\u2019envoyer un h\u00e9licopt\u00e8re pour \u00e9valuer la situation. D\u2019habitude, l\u2019\u00e9quipage devait comprendre un pilote, un m\u00e9canicien et un agent de s\u00e9curit\u00e9 pr\u00e9sidentiel. Mais sur instructions de Ridha Grira, un tireur d\u2019\u00e9lite accompagna l\u2019\u00e9quipage dans cette mission avec pour instruction de tirer sur la foule en cas de d\u00e9bordement.<\/p>\n<p>Lorsqu\u2019il apprit, vers 16 h 15, que BEN ALI se dirigeait vers la base militaire d\u2019El Aouina pour quitter le territoire, il demanda \u00e0 ce qu\u2019il fasse vite.<\/p>\n<p>Pendant le voyage du pr\u00e9sident d\u00e9chu, il eut un entretien t\u00e9l\u00e9phonique avec ce dernier. Le contenu de cet appel n\u2019a pu \u00eatre r\u00e9v\u00e9l\u00e9 mais il ne pouvait s\u2019agir que d\u2019un \u00e9change sur la situation et les moyens d\u2019emp\u00eacher le renversement du r\u00e9gime.<\/p>\n<p>Dans une interview sur Mosa\u00efque FM, Ridha Grira a pr\u00e9tendu que la communication n\u2019avait dur\u00e9 que quelques minutes et que la voix de Benali \u00e9tait faible comme s\u2019il \u00e9tait drogu\u00e9, alors que d\u2019apr\u00e8s l\u2019op\u00e9rateur t\u00e9l\u00e9phonique concern\u00e9, cet entretien avait dur\u00e9 pr\u00e8s de 12 minutes.<\/p>\n<p>Juste apr\u00e8s cet entretien, Ridha Grira contacta Mohamed Ghannouchi, ex-premier ministre, pour le convaincre de ne pas se rendre au palais de Carthage au motif qu\u2019il pouvait \u00eatre assassin\u00e9.<br \/>\nEn vain, puisque Ghannouchi accepta d\u2019assurer l\u2019int\u00e9rim du pr\u00e9sident d\u00e9chu sur la base d\u2019une pr\u00e9tendue d\u00e9l\u00e9gation de pouvoir. Avec le r\u00e9ajustement du sc\u00e9nario de la succession, en chargeant Foued Mbaz\u00e2a de prendre la rel\u00e8ve en tant que pr\u00e9sident provisoire, l\u2019espoir du retour de Benali \u00e0 la t\u00eate de l\u2019Etat se volatilisa.<\/p>\n<p>Le 15 janvier : La derni\u00e8re cartouche de Ridha Grira a donc \u00e9t\u00e9 d\u2019amplifier la situation s\u00e9curitaire pour semer la terreur et la panique dans la population et pr\u00e9parer un retour triomphal du dictateur. Pour ce faire, il a charg\u00e9 Samir Laabidi, ex-ministre de l\u2019\u00e9conomie, de contacter les m\u00e9dias et de leur demander de diffuser des informations sur l\u2019existence d\u2019un r\u00e9seau arm\u00e9 et de miliciens, et de publier des communiqu\u00e9s faisant \u00e9tat de confrontations entre les forces de s\u00e9curit\u00e9 et les militaires.<\/p>\n<p>\u00c0 c\u00f4t\u00e9 d\u2019Hannibal TV, qui a excell\u00e9 dans la mise en sc\u00e8ne, de Nessma TV, qui n\u2019a pas fait moins et de la cha\u00eene nationale, qui a continu\u00e9 \u00e0 ex\u00e9cuter les ordres, El Jazeera TV a annonc\u00e9 une confrontation arm\u00e9e entre des agents de la s\u00e9curit\u00e9 pr\u00e9sidentielle et des soldats, et la cha\u00eene El Arabya a reproduit le t\u00e9moignage d\u2019une personne qui a affirm\u00e9 l\u2019existence de combats arm\u00e9s dans certains quartiers de Tunis. Ce t\u00e9moin s\u2019est r\u00e9v\u00e9l\u00e9 \u00eatre un ex-officier de police d\u00e9nomm\u00e9 Salem Bel Haj Mansour qui a repris ses fonctions au minist\u00e8re de l\u2019Int\u00e9rieur avec la nomination de Farhat Rajhi \u00e0 la t\u00eate de ce minist\u00e8re.<\/p>\n<p>Le conf\u00e9rencier a termin\u00e9 son allocution en pr\u00e9cisant que Ridha Grira \u00e9tait, en tr\u00e8s grande partie, responsable des tueries qui se sont produites pendant la r\u00e9volution, ayant \u00e9t\u00e9 derri\u00e8re les informations terrifiantes propag\u00e9es avec la complicit\u00e9 de certains medias. Il a ajout\u00e9 que le nombre des martyrs apr\u00e8s le 14 janvier \u00e9tait 5 fois plus \u00e9lev\u00e9 qu\u2019avant cette date.<\/p>\n","protected":false},"excerpt":{"rendered":"<p>Syndicat des forces de l\u2019ordre : la responsabilit\u00e9 de Ridha Grira d\u00e9montr\u00e9e jour par jour <\/p>\n","protected":false},"author":3222,"featured_media":334135,"comment_status":"open","ping_status":"closed","sticky":false,"template":"","format":"standard","meta":{"footnotes":""},"categories":[44],"tags":[],"class_list":["post-171971","post","type-post","status-publish","format-standard","has-post-thumbnail","hentry","category-national"],"yoast_head":"<!-- This site is optimized with the Yoast SEO Premium plugin v27.5 (Yoast SEO v27.5) - https:\/\/yoast.com\/product\/yoast-seo-premium-wordpress\/ -->\n<title>Syndicat des forces de l\u2019ordre : la responsabilit\u00e9 de Ridha Grira d\u00e9montr\u00e9e jour par jour<\/title>\n<meta name=\"description\" content=\"Syndicat des forces de l\u2019ordre : la responsabilit\u00e9 de Ridha Grira d\u00e9montr\u00e9e jour par jour\" \/>\n<link rel=\"canonical\" href=\"https:\/\/www.webdo.tn\/fr\/actualite\/national\/syndicat-des-forces-de-l-ordre-la-responsabilite-de-ridha-grira-demontree-jour-par-jour\/171971\/\" \/>\n<meta property=\"og:locale\" content=\"fr_FR\" \/>\n<meta property=\"og:type\" content=\"article\" \/>\n<meta property=\"og:title\" content=\"Syndicat des forces de l\u2019ordre : la responsabilit\u00e9 de Ridha Grira d\u00e9montr\u00e9e jour par jour\" \/>\n<meta property=\"og:description\" content=\"Syndicat des forces de l\u2019ordre : la responsabilit\u00e9 de Ridha Grira d\u00e9montr\u00e9e jour par jour\" \/>\n<meta property=\"og:url\" content=\"https:\/\/www.webdo.tn\/fr\/actualite\/national\/syndicat-des-forces-de-l-ordre-la-responsabilite-de-ridha-grira-demontree-jour-par-jour\/171971\/\" \/>\n<meta property=\"og:site_name\" content=\"webdo\" \/>\n<meta property=\"article:publisher\" content=\"https:\/\/www.facebook.com\/webdotn\" \/>\n<meta property=\"article:published_time\" content=\"2012-05-10T14:24:00+00:00\" \/>\n<meta property=\"article:modified_time\" content=\"2025-06-04T18:57:11+00:00\" \/>\n<meta property=\"og:image\" content=\"https:\/\/www.webdo.tn\/fr\/wp-content\/uploads\/2012\/05\/Ridha-Grira-photo-AP.jpg\" \/>\n\t<meta property=\"og:image:width\" content=\"223\" \/>\n\t<meta property=\"og:image:height\" content=\"258\" \/>\n\t<meta property=\"og:image:type\" content=\"image\/jpeg\" \/>\n<meta name=\"author\" content=\"webdo.tn\" \/>\n<meta name=\"twitter:card\" content=\"summary_large_image\" \/>\n<meta name=\"twitter:creator\" content=\"@webdo_tn\" \/>\n<meta name=\"twitter:site\" content=\"@webdo_tn\" \/>\n<meta name=\"twitter:label1\" content=\"\u00c9crit par\" \/>\n\t<meta name=\"twitter:data1\" content=\"webdo.tn\" \/>\n\t<meta name=\"twitter:label2\" content=\"Dur\u00e9e de lecture estim\u00e9e\" \/>\n\t<meta name=\"twitter:data2\" content=\"6 minutes\" \/>\n<script type=\"application\/ld+json\" class=\"yoast-schema-graph\">{\"@context\":\"https:\\\/\\\/schema.org\",\"@graph\":[{\"@type\":\"NewsArticle\",\"@id\":\"https:\\\/\\\/www.webdo.tn\\\/fr\\\/actualite\\\/national\\\/syndicat-des-forces-de-l-ordre-la-responsabilite-de-ridha-grira-demontree-jour-par-jour\\\/171971\\\/#article\",\"isPartOf\":{\"@id\":\"https:\\\/\\\/www.webdo.tn\\\/fr\\\/actualite\\\/national\\\/syndicat-des-forces-de-l-ordre-la-responsabilite-de-ridha-grira-demontree-jour-par-jour\\\/171971\\\/\"},\"author\":{\"name\":\"webdo.tn\",\"@id\":\"https:\\\/\\\/www.webdo.tn\\\/fr\\\/#\\\/schema\\\/person\\\/9a9c6118d687c117df8ef3cc36a4d175\"},\"headline\":\"Syndicat des forces de l\u2019ordre : la responsabilit\u00e9 de Ridha Grira d\u00e9montr\u00e9e jour par jour\",\"datePublished\":\"2012-05-10T14:24:00+00:00\",\"dateModified\":\"2025-06-04T18:57:11+00:00\",\"mainEntityOfPage\":{\"@id\":\"https:\\\/\\\/www.webdo.tn\\\/fr\\\/actualite\\\/national\\\/syndicat-des-forces-de-l-ordre-la-responsabilite-de-ridha-grira-demontree-jour-par-jour\\\/171971\\\/\"},\"wordCount\":1127,\"commentCount\":0,\"publisher\":{\"@id\":\"https:\\\/\\\/www.webdo.tn\\\/fr\\\/#organization\"},\"image\":{\"@id\":\"https:\\\/\\\/www.webdo.tn\\\/fr\\\/actualite\\\/national\\\/syndicat-des-forces-de-l-ordre-la-responsabilite-de-ridha-grira-demontree-jour-par-jour\\\/171971\\\/#primaryimage\"},\"thumbnailUrl\":\"https:\\\/\\\/www.webdo.tn\\\/fr\\\/wp-content\\\/uploads\\\/2012\\\/05\\\/Ridha-Grira-photo-AP.jpg\",\"articleSection\":[\"National\"],\"inLanguage\":\"fr-FR\"},{\"@type\":\"WebPage\",\"@id\":\"https:\\\/\\\/www.webdo.tn\\\/fr\\\/actualite\\\/national\\\/syndicat-des-forces-de-l-ordre-la-responsabilite-de-ridha-grira-demontree-jour-par-jour\\\/171971\\\/\",\"url\":\"https:\\\/\\\/www.webdo.tn\\\/fr\\\/actualite\\\/national\\\/syndicat-des-forces-de-l-ordre-la-responsabilite-de-ridha-grira-demontree-jour-par-jour\\\/171971\\\/\",\"name\":\"Syndicat des forces de l\u2019ordre : la responsabilit\u00e9 de Ridha Grira d\u00e9montr\u00e9e jour par jour\",\"isPartOf\":{\"@id\":\"https:\\\/\\\/www.webdo.tn\\\/fr\\\/#website\"},\"primaryImageOfPage\":{\"@id\":\"https:\\\/\\\/www.webdo.tn\\\/fr\\\/actualite\\\/national\\\/syndicat-des-forces-de-l-ordre-la-responsabilite-de-ridha-grira-demontree-jour-par-jour\\\/171971\\\/#primaryimage\"},\"image\":{\"@id\":\"https:\\\/\\\/www.webdo.tn\\\/fr\\\/actualite\\\/national\\\/syndicat-des-forces-de-l-ordre-la-responsabilite-de-ridha-grira-demontree-jour-par-jour\\\/171971\\\/#primaryimage\"},\"thumbnailUrl\":\"https:\\\/\\\/www.webdo.tn\\\/fr\\\/wp-content\\\/uploads\\\/2012\\\/05\\\/Ridha-Grira-photo-AP.jpg\",\"datePublished\":\"2012-05-10T14:24:00+00:00\",\"dateModified\":\"2025-06-04T18:57:11+00:00\",\"description\":\"Syndicat des forces de l\u2019ordre : la responsabilit\u00e9 de Ridha Grira d\u00e9montr\u00e9e jour par jour\",\"breadcrumb\":{\"@id\":\"https:\\\/\\\/www.webdo.tn\\\/fr\\\/actualite\\\/national\\\/syndicat-des-forces-de-l-ordre-la-responsabilite-de-ridha-grira-demontree-jour-par-jour\\\/171971\\\/#breadcrumb\"},\"inLanguage\":\"fr-FR\",\"potentialAction\":[{\"@type\":\"ReadAction\",\"target\":[\"https:\\\/\\\/www.webdo.tn\\\/fr\\\/actualite\\\/national\\\/syndicat-des-forces-de-l-ordre-la-responsabilite-de-ridha-grira-demontree-jour-par-jour\\\/171971\\\/\"]}]},{\"@type\":\"ImageObject\",\"inLanguage\":\"fr-FR\",\"@id\":\"https:\\\/\\\/www.webdo.tn\\\/fr\\\/actualite\\\/national\\\/syndicat-des-forces-de-l-ordre-la-responsabilite-de-ridha-grira-demontree-jour-par-jour\\\/171971\\\/#primaryimage\",\"url\":\"https:\\\/\\\/www.webdo.tn\\\/fr\\\/wp-content\\\/uploads\\\/2012\\\/05\\\/Ridha-Grira-photo-AP.jpg\",\"contentUrl\":\"https:\\\/\\\/www.webdo.tn\\\/fr\\\/wp-content\\\/uploads\\\/2012\\\/05\\\/Ridha-Grira-photo-AP.jpg\",\"width\":223,\"height\":258,\"caption\":\"Syndicat des forces de l\u2019ordre : la responsabilit\u00e9 de Ridha Grira d\u00e9montr\u00e9e jour par jour\"},{\"@type\":\"BreadcrumbList\",\"@id\":\"https:\\\/\\\/www.webdo.tn\\\/fr\\\/actualite\\\/national\\\/syndicat-des-forces-de-l-ordre-la-responsabilite-de-ridha-grira-demontree-jour-par-jour\\\/171971\\\/#breadcrumb\",\"itemListElement\":[{\"@type\":\"ListItem\",\"position\":1,\"name\":\"Accueil\",\"item\":\"https:\\\/\\\/www.webdo.tn\\\/fr\\\/\"},{\"@type\":\"ListItem\",\"position\":2,\"name\":\"Syndicat des forces de l\u2019ordre : la responsabilit\u00e9 de Ridha Grira d\u00e9montr\u00e9e jour par jour\"}]},{\"@type\":\"WebSite\",\"@id\":\"https:\\\/\\\/www.webdo.tn\\\/fr\\\/#website\",\"url\":\"https:\\\/\\\/www.webdo.tn\\\/fr\\\/\",\"name\":\"webdo\",\"description\":\"Tunisie - News en Tunisie et \u00e0 l&#039;international sur Webdo.tn\",\"publisher\":{\"@id\":\"https:\\\/\\\/www.webdo.tn\\\/fr\\\/#organization\"},\"potentialAction\":[{\"@type\":\"SearchAction\",\"target\":{\"@type\":\"EntryPoint\",\"urlTemplate\":\"https:\\\/\\\/www.webdo.tn\\\/fr\\\/?s={search_term_string}\"},\"query-input\":{\"@type\":\"PropertyValueSpecification\",\"valueRequired\":true,\"valueName\":\"search_term_string\"}}],\"inLanguage\":\"fr-FR\"},{\"@type\":\"Organization\",\"@id\":\"https:\\\/\\\/www.webdo.tn\\\/fr\\\/#organization\",\"name\":\"Webdo\",\"alternateName\":\"Webdo.tn\",\"url\":\"https:\\\/\\\/www.webdo.tn\\\/fr\\\/\",\"logo\":{\"@type\":\"ImageObject\",\"inLanguage\":\"fr-FR\",\"@id\":\"https:\\\/\\\/www.webdo.tn\\\/fr\\\/#\\\/schema\\\/logo\\\/image\\\/\",\"url\":\"https:\\\/\\\/www.webdo.tn\\\/fr\\\/wp-content\\\/uploads\\\/2025\\\/06\\\/Webdo-Tunisie_168377.jpg\",\"contentUrl\":\"https:\\\/\\\/www.webdo.tn\\\/fr\\\/wp-content\\\/uploads\\\/2025\\\/06\\\/Webdo-Tunisie_168377.jpg\",\"width\":301,\"height\":301,\"caption\":\"Webdo\"},\"image\":{\"@id\":\"https:\\\/\\\/www.webdo.tn\\\/fr\\\/#\\\/schema\\\/logo\\\/image\\\/\"},\"sameAs\":[\"https:\\\/\\\/www.facebook.com\\\/webdotn\",\"https:\\\/\\\/x.com\\\/webdo_tn\"],\"description\":\"Webdo est un m\u00e9dia num\u00e9rique tunisien fond\u00e9 en 2010, sp\u00e9cialis\u00e9 dans l\u2019actualit\u00e9 nationale et internationale, l\u2019\u00e9conomie, la soci\u00e9t\u00e9 et les analyses politiques. Le site s\u2019adresse \u00e0 un large public francophone et couvre l\u2019information tunisienne en temps r\u00e9el.\",\"email\":\"redac@webdo.tn\",\"legalName\":\"YNJ SARL\",\"foundingDate\":\"2010-09-06\",\"numberOfEmployees\":{\"@type\":\"QuantitativeValue\",\"minValue\":\"11\",\"maxValue\":\"50\"}},{\"@type\":\"Person\",\"@id\":\"https:\\\/\\\/www.webdo.tn\\\/fr\\\/#\\\/schema\\\/person\\\/9a9c6118d687c117df8ef3cc36a4d175\",\"name\":\"webdo.tn\",\"image\":{\"@type\":\"ImageObject\",\"inLanguage\":\"fr-FR\",\"@id\":\"https:\\\/\\\/secure.gravatar.com\\\/avatar\\\/7ce1f28c0c3bbac99ff550b85ef8e44a6950c6ee24514fb6a5489e51d06f0298?s=96&d=mm&r=g\",\"url\":\"https:\\\/\\\/secure.gravatar.com\\\/avatar\\\/7ce1f28c0c3bbac99ff550b85ef8e44a6950c6ee24514fb6a5489e51d06f0298?s=96&d=mm&r=g\",\"contentUrl\":\"https:\\\/\\\/secure.gravatar.com\\\/avatar\\\/7ce1f28c0c3bbac99ff550b85ef8e44a6950c6ee24514fb6a5489e51d06f0298?s=96&d=mm&r=g\",\"caption\":\"webdo.tn\"},\"url\":\"https:\\\/\\\/www.webdo.tn\\\/fr\\\/actualite\\\/author\\\/webdotn\\\/\"}]}<\/script>\n<!-- \/ Yoast SEO Premium plugin. -->","yoast_head_json":{"title":"Syndicat des forces de l\u2019ordre : la responsabilit\u00e9 de Ridha Grira d\u00e9montr\u00e9e jour par jour","description":"Syndicat des forces de l\u2019ordre : la responsabilit\u00e9 de Ridha Grira d\u00e9montr\u00e9e jour par jour","canonical":"https:\/\/www.webdo.tn\/fr\/actualite\/national\/syndicat-des-forces-de-l-ordre-la-responsabilite-de-ridha-grira-demontree-jour-par-jour\/171971\/","og_locale":"fr_FR","og_type":"article","og_title":"Syndicat des forces de l\u2019ordre : la responsabilit\u00e9 de Ridha Grira d\u00e9montr\u00e9e jour par jour","og_description":"Syndicat des forces de l\u2019ordre : la responsabilit\u00e9 de Ridha Grira d\u00e9montr\u00e9e jour par jour","og_url":"https:\/\/www.webdo.tn\/fr\/actualite\/national\/syndicat-des-forces-de-l-ordre-la-responsabilite-de-ridha-grira-demontree-jour-par-jour\/171971\/","og_site_name":"webdo","article_publisher":"https:\/\/www.facebook.com\/webdotn","article_published_time":"2012-05-10T14:24:00+00:00","article_modified_time":"2025-06-04T18:57:11+00:00","og_image":[{"width":223,"height":258,"url":"https:\/\/www.webdo.tn\/fr\/wp-content\/uploads\/2012\/05\/Ridha-Grira-photo-AP.jpg","type":"image\/jpeg"}],"author":"webdo.tn","twitter_card":"summary_large_image","twitter_creator":"@webdo_tn","twitter_site":"@webdo_tn","twitter_misc":{"\u00c9crit par":"webdo.tn","Dur\u00e9e de lecture estim\u00e9e":"6 minutes"},"schema":{"@context":"https:\/\/schema.org","@graph":[{"@type":"NewsArticle","@id":"https:\/\/www.webdo.tn\/fr\/actualite\/national\/syndicat-des-forces-de-l-ordre-la-responsabilite-de-ridha-grira-demontree-jour-par-jour\/171971\/#article","isPartOf":{"@id":"https:\/\/www.webdo.tn\/fr\/actualite\/national\/syndicat-des-forces-de-l-ordre-la-responsabilite-de-ridha-grira-demontree-jour-par-jour\/171971\/"},"author":{"name":"webdo.tn","@id":"https:\/\/www.webdo.tn\/fr\/#\/schema\/person\/9a9c6118d687c117df8ef3cc36a4d175"},"headline":"Syndicat des forces de l\u2019ordre : la responsabilit\u00e9 de Ridha Grira d\u00e9montr\u00e9e jour par jour","datePublished":"2012-05-10T14:24:00+00:00","dateModified":"2025-06-04T18:57:11+00:00","mainEntityOfPage":{"@id":"https:\/\/www.webdo.tn\/fr\/actualite\/national\/syndicat-des-forces-de-l-ordre-la-responsabilite-de-ridha-grira-demontree-jour-par-jour\/171971\/"},"wordCount":1127,"commentCount":0,"publisher":{"@id":"https:\/\/www.webdo.tn\/fr\/#organization"},"image":{"@id":"https:\/\/www.webdo.tn\/fr\/actualite\/national\/syndicat-des-forces-de-l-ordre-la-responsabilite-de-ridha-grira-demontree-jour-par-jour\/171971\/#primaryimage"},"thumbnailUrl":"https:\/\/www.webdo.tn\/fr\/wp-content\/uploads\/2012\/05\/Ridha-Grira-photo-AP.jpg","articleSection":["National"],"inLanguage":"fr-FR"},{"@type":"WebPage","@id":"https:\/\/www.webdo.tn\/fr\/actualite\/national\/syndicat-des-forces-de-l-ordre-la-responsabilite-de-ridha-grira-demontree-jour-par-jour\/171971\/","url":"https:\/\/www.webdo.tn\/fr\/actualite\/national\/syndicat-des-forces-de-l-ordre-la-responsabilite-de-ridha-grira-demontree-jour-par-jour\/171971\/","name":"Syndicat des forces de l\u2019ordre : la responsabilit\u00e9 de Ridha Grira d\u00e9montr\u00e9e jour par jour","isPartOf":{"@id":"https:\/\/www.webdo.tn\/fr\/#website"},"primaryImageOfPage":{"@id":"https:\/\/www.webdo.tn\/fr\/actualite\/national\/syndicat-des-forces-de-l-ordre-la-responsabilite-de-ridha-grira-demontree-jour-par-jour\/171971\/#primaryimage"},"image":{"@id":"https:\/\/www.webdo.tn\/fr\/actualite\/national\/syndicat-des-forces-de-l-ordre-la-responsabilite-de-ridha-grira-demontree-jour-par-jour\/171971\/#primaryimage"},"thumbnailUrl":"https:\/\/www.webdo.tn\/fr\/wp-content\/uploads\/2012\/05\/Ridha-Grira-photo-AP.jpg","datePublished":"2012-05-10T14:24:00+00:00","dateModified":"2025-06-04T18:57:11+00:00","description":"Syndicat des forces de l\u2019ordre : la responsabilit\u00e9 de Ridha Grira d\u00e9montr\u00e9e jour par jour","breadcrumb":{"@id":"https:\/\/www.webdo.tn\/fr\/actualite\/national\/syndicat-des-forces-de-l-ordre-la-responsabilite-de-ridha-grira-demontree-jour-par-jour\/171971\/#breadcrumb"},"inLanguage":"fr-FR","potentialAction":[{"@type":"ReadAction","target":["https:\/\/www.webdo.tn\/fr\/actualite\/national\/syndicat-des-forces-de-l-ordre-la-responsabilite-de-ridha-grira-demontree-jour-par-jour\/171971\/"]}]},{"@type":"ImageObject","inLanguage":"fr-FR","@id":"https:\/\/www.webdo.tn\/fr\/actualite\/national\/syndicat-des-forces-de-l-ordre-la-responsabilite-de-ridha-grira-demontree-jour-par-jour\/171971\/#primaryimage","url":"https:\/\/www.webdo.tn\/fr\/wp-content\/uploads\/2012\/05\/Ridha-Grira-photo-AP.jpg","contentUrl":"https:\/\/www.webdo.tn\/fr\/wp-content\/uploads\/2012\/05\/Ridha-Grira-photo-AP.jpg","width":223,"height":258,"caption":"Syndicat des forces de l\u2019ordre : la responsabilit\u00e9 de Ridha Grira d\u00e9montr\u00e9e jour par jour"},{"@type":"BreadcrumbList","@id":"https:\/\/www.webdo.tn\/fr\/actualite\/national\/syndicat-des-forces-de-l-ordre-la-responsabilite-de-ridha-grira-demontree-jour-par-jour\/171971\/#breadcrumb","itemListElement":[{"@type":"ListItem","position":1,"name":"Accueil","item":"https:\/\/www.webdo.tn\/fr\/"},{"@type":"ListItem","position":2,"name":"Syndicat des forces de l\u2019ordre : la responsabilit\u00e9 de Ridha Grira d\u00e9montr\u00e9e jour par jour"}]},{"@type":"WebSite","@id":"https:\/\/www.webdo.tn\/fr\/#website","url":"https:\/\/www.webdo.tn\/fr\/","name":"webdo","description":"Tunisie - News en Tunisie et \u00e0 l&#039;international sur Webdo.tn","publisher":{"@id":"https:\/\/www.webdo.tn\/fr\/#organization"},"potentialAction":[{"@type":"SearchAction","target":{"@type":"EntryPoint","urlTemplate":"https:\/\/www.webdo.tn\/fr\/?s={search_term_string}"},"query-input":{"@type":"PropertyValueSpecification","valueRequired":true,"valueName":"search_term_string"}}],"inLanguage":"fr-FR"},{"@type":"Organization","@id":"https:\/\/www.webdo.tn\/fr\/#organization","name":"Webdo","alternateName":"Webdo.tn","url":"https:\/\/www.webdo.tn\/fr\/","logo":{"@type":"ImageObject","inLanguage":"fr-FR","@id":"https:\/\/www.webdo.tn\/fr\/#\/schema\/logo\/image\/","url":"https:\/\/www.webdo.tn\/fr\/wp-content\/uploads\/2025\/06\/Webdo-Tunisie_168377.jpg","contentUrl":"https:\/\/www.webdo.tn\/fr\/wp-content\/uploads\/2025\/06\/Webdo-Tunisie_168377.jpg","width":301,"height":301,"caption":"Webdo"},"image":{"@id":"https:\/\/www.webdo.tn\/fr\/#\/schema\/logo\/image\/"},"sameAs":["https:\/\/www.facebook.com\/webdotn","https:\/\/x.com\/webdo_tn"],"description":"Webdo est un m\u00e9dia num\u00e9rique tunisien fond\u00e9 en 2010, sp\u00e9cialis\u00e9 dans l\u2019actualit\u00e9 nationale et internationale, l\u2019\u00e9conomie, la soci\u00e9t\u00e9 et les analyses politiques. Le site s\u2019adresse \u00e0 un large public francophone et couvre l\u2019information tunisienne en temps r\u00e9el.","email":"redac@webdo.tn","legalName":"YNJ SARL","foundingDate":"2010-09-06","numberOfEmployees":{"@type":"QuantitativeValue","minValue":"11","maxValue":"50"}},{"@type":"Person","@id":"https:\/\/www.webdo.tn\/fr\/#\/schema\/person\/9a9c6118d687c117df8ef3cc36a4d175","name":"webdo.tn","image":{"@type":"ImageObject","inLanguage":"fr-FR","@id":"https:\/\/secure.gravatar.com\/avatar\/7ce1f28c0c3bbac99ff550b85ef8e44a6950c6ee24514fb6a5489e51d06f0298?s=96&d=mm&r=g","url":"https:\/\/secure.gravatar.com\/avatar\/7ce1f28c0c3bbac99ff550b85ef8e44a6950c6ee24514fb6a5489e51d06f0298?s=96&d=mm&r=g","contentUrl":"https:\/\/secure.gravatar.com\/avatar\/7ce1f28c0c3bbac99ff550b85ef8e44a6950c6ee24514fb6a5489e51d06f0298?s=96&d=mm&r=g","caption":"webdo.tn"},"url":"https:\/\/www.webdo.tn\/fr\/actualite\/author\/webdotn\/"}]}},"_links":{"self":[{"href":"https:\/\/www.webdo.tn\/fr\/wp-json\/wp\/v2\/posts\/171971","targetHints":{"allow":["GET"]}}],"collection":[{"href":"https:\/\/www.webdo.tn\/fr\/wp-json\/wp\/v2\/posts"}],"about":[{"href":"https:\/\/www.webdo.tn\/fr\/wp-json\/wp\/v2\/types\/post"}],"author":[{"embeddable":true,"href":"https:\/\/www.webdo.tn\/fr\/wp-json\/wp\/v2\/users\/3222"}],"replies":[{"embeddable":true,"href":"https:\/\/www.webdo.tn\/fr\/wp-json\/wp\/v2\/comments?post=171971"}],"version-history":[{"count":0,"href":"https:\/\/www.webdo.tn\/fr\/wp-json\/wp\/v2\/posts\/171971\/revisions"}],"wp:featuredmedia":[{"embeddable":true,"href":"https:\/\/www.webdo.tn\/fr\/wp-json\/wp\/v2\/media\/334135"}],"wp:attachment":[{"href":"https:\/\/www.webdo.tn\/fr\/wp-json\/wp\/v2\/media?parent=171971"}],"wp:term":[{"taxonomy":"category","embeddable":true,"href":"https:\/\/www.webdo.tn\/fr\/wp-json\/wp\/v2\/categories?post=171971"},{"taxonomy":"post_tag","embeddable":true,"href":"https:\/\/www.webdo.tn\/fr\/wp-json\/wp\/v2\/tags?post=171971"}],"curies":[{"name":"wp","href":"https:\/\/api.w.org\/{rel}","templated":true}]}}