{"id":171970,"date":"2012-05-10T15:25:00","date_gmt":"2012-05-10T15:25:00","guid":{"rendered":"https:\/\/www.webdo.tn\/fr\/blog\/indemnisation-des-anciens-prisonniers-politiques-l-ethique-contre-le-mercantilisme\/171970\/"},"modified":"2025-06-04T18:57:17","modified_gmt":"2025-06-04T18:57:17","slug":"indemnisation-des-anciens-prisonniers-politiques-l-ethique-contre-le-mercantilisme","status":"publish","type":"post","link":"https:\/\/www.webdo.tn\/fr\/actualite\/national\/indemnisation-des-anciens-prisonniers-politiques-l-ethique-contre-le-mercantilisme\/171970\/","title":{"rendered":"Indemnisation des anciens prisonniers politiques : l\u2019\u00e9thique contre le mercantilisme !"},"content":{"rendered":"<p>L\u2019indemnisation des anciens prisonniers politiques de la Tunisie est-elle d\u2019actualit\u00e9 aujourd\u2019hui apr\u00e8s la r\u00e9volution du 14 janvier ? Pourquoi une telle revendication pourrait-elle allumer les passions d\u2019autant plus qu\u2019elle ne fait gu\u00e8re l\u2019unanimit\u00e9 parmi les militants des divers bords ?<\/p>\n<p>En tous les cas, le gouvernement a bien fait de lancer ce ballon d\u2019essai au sein de l\u2019opinion publique nationale pour mesurer son impact et les r\u00e9actions qu\u2019elle pourrait susciter parmi la population. Ainsi, l\u2019introduction de cette mesure, on a parl\u00e9 de 750 milliards qui seraient allou\u00e9s aux militants qui auraient fait de la prison, dans la loi de finances compl\u00e9mentaire a \u00e9t\u00e9 retir\u00e9e, le gouvernement niant jusqu\u2019\u00e0 son existence.<\/p>\n<p>Mais, il faut aussi garder \u00e0 l\u2019esprit que le m\u00eame gouvernement Jebali a clairement insist\u00e9 sur le fait que si ces indemnisations n\u2019avaient pas lieu, ces prisonniers politiques pourraient quand m\u00eame b\u00e9n\u00e9ficier d\u2019un apport moral ou mat\u00e9riel.<br \/>\nQu\u2019est ce que cela peut-il signifier sinon qu\u2019ils seront, un jour ou l\u2019autre, indemnis\u00e9s !<\/p>\n<p>Autrement dit, le gouvernement dit une chose et son contraire, ce qui aboutit en derni\u00e8re analyse \u00e0 la m\u00eame situation.<\/p>\n<p>Or, il est ind\u00e9niable que les d\u00e9clarations des anciens prisonniers de la gauche tunisienne, \u00ab les mat\u00e9rialistes \u00bb, dans lesquelles ils ont clairement exprim\u00e9 leur refus cat\u00e9gorique d&rsquo;accepter toute sorte d\u2019indemnisation, constituent un v\u00e9ritable pied de nez \u00e0 ceux qui osent aujourd\u2019hui la revendiquer !<\/p>\n<p>Les militants de gauche qui ont rempli les prisons bourguibiennes et aussi celles de Ben Ali ont consid\u00e9r\u00e9 cette \u00e9ventualit\u00e9 comme d\u00e9shonorante pour leur combat qu\u2019ils ont men\u00e9 pour les libert\u00e9s et les droits de l\u2019homme et non pas pour en tirer un quelconque avantage ; et qu\u2019elle est aujourd\u2019hui compl\u00e8tement ind\u00e9cente dans l\u2019\u00e9tat actuel du contexte tunisien et des difficult\u00e9s v\u00e9cues par les diverses classes sociales y compris les salari\u00e9s.<\/p>\n<p>Une r\u00e9action morale et \u00e9thique pleine de bon sens et d\u00e9montrant un remarquable esprit de sacrifice, le militantisme politique n\u2019\u00e9tant pas une monnaie d\u2019\u00e9change \u00e0 cause d\u2019un certain esprit mercantiliste, ni un moyen pour obtenir des avantages dont le bon peuple est aujourd\u2019hui sevr\u00e9 !<\/p>\n","protected":false},"excerpt":{"rendered":"<p>Indemnisation des anciens prisonniers politiques : l\u2019\u00e9thique contre le mercantilisme ! <\/p>\n","protected":false},"author":3222,"featured_media":334134,"comment_status":"open","ping_status":"closed","sticky":false,"template":"","format":"standard","meta":{"footnotes":""},"categories":[44],"tags":[],"class_list":["post-171970","post","type-post","status-publish","format-standard","has-post-thumbnail","hentry","category-national"],"yoast_head":"<!-- This site is optimized with the Yoast SEO Premium plugin v27.5 (Yoast SEO v27.5) - https:\/\/yoast.com\/product\/yoast-seo-premium-wordpress\/ -->\n<title>Indemnisation des anciens prisonniers politiques : l\u2019\u00e9thique contre le mercantilisme !<\/title>\n<meta name=\"description\" content=\"Indemnisation des anciens prisonniers politiques : l\u2019\u00e9thique contre le mercantilisme !\" \/>\n<link rel=\"canonical\" href=\"https:\/\/www.webdo.tn\/fr\/actualite\/national\/indemnisation-des-anciens-prisonniers-politiques-l-ethique-contre-le-mercantilisme\/171970\/\" \/>\n<meta property=\"og:locale\" content=\"fr_FR\" \/>\n<meta property=\"og:type\" content=\"article\" \/>\n<meta property=\"og:title\" content=\"Indemnisation des anciens prisonniers politiques : l\u2019\u00e9thique contre le mercantilisme !\" \/>\n<meta property=\"og:description\" content=\"Indemnisation des anciens prisonniers politiques : l\u2019\u00e9thique contre le mercantilisme !\" \/>\n<meta property=\"og:url\" content=\"https:\/\/www.webdo.tn\/fr\/actualite\/national\/indemnisation-des-anciens-prisonniers-politiques-l-ethique-contre-le-mercantilisme\/171970\/\" \/>\n<meta property=\"og:site_name\" content=\"webdo\" \/>\n<meta property=\"article:publisher\" content=\"https:\/\/www.facebook.com\/webdotn\" \/>\n<meta property=\"article:published_time\" content=\"2012-05-10T15:25:00+00:00\" \/>\n<meta property=\"article:modified_time\" content=\"2025-06-04T18:57:17+00:00\" \/>\n<meta property=\"og:image\" content=\"https:\/\/www.webdo.tn\/fr\/wp-content\/uploads\/2012\/05\/Corruption.jpg\" \/>\n\t<meta property=\"og:image:width\" content=\"295\" \/>\n\t<meta property=\"og:image:height\" content=\"221\" \/>\n\t<meta property=\"og:image:type\" content=\"image\/jpeg\" \/>\n<meta name=\"author\" content=\"webdo.tn\" \/>\n<meta name=\"twitter:card\" content=\"summary_large_image\" \/>\n<meta name=\"twitter:creator\" content=\"@webdo_tn\" \/>\n<meta name=\"twitter:site\" content=\"@webdo_tn\" \/>\n<meta name=\"twitter:label1\" content=\"\u00c9crit par\" \/>\n\t<meta name=\"twitter:data1\" content=\"webdo.tn\" \/>\n\t<meta name=\"twitter:label2\" content=\"Dur\u00e9e de lecture estim\u00e9e\" \/>\n\t<meta name=\"twitter:data2\" content=\"2 minutes\" \/>\n<script type=\"application\/ld+json\" class=\"yoast-schema-graph\">{\"@context\":\"https:\\\/\\\/schema.org\",\"@graph\":[{\"@type\":\"NewsArticle\",\"@id\":\"https:\\\/\\\/www.webdo.tn\\\/fr\\\/actualite\\\/national\\\/indemnisation-des-anciens-prisonniers-politiques-l-ethique-contre-le-mercantilisme\\\/171970\\\/#article\",\"isPartOf\":{\"@id\":\"https:\\\/\\\/www.webdo.tn\\\/fr\\\/actualite\\\/national\\\/indemnisation-des-anciens-prisonniers-politiques-l-ethique-contre-le-mercantilisme\\\/171970\\\/\"},\"author\":{\"name\":\"webdo.tn\",\"@id\":\"https:\\\/\\\/www.webdo.tn\\\/fr\\\/#\\\/schema\\\/person\\\/9a9c6118d687c117df8ef3cc36a4d175\"},\"headline\":\"Indemnisation des anciens prisonniers politiques : l\u2019\u00e9thique contre le mercantilisme !\",\"datePublished\":\"2012-05-10T15:25:00+00:00\",\"dateModified\":\"2025-06-04T18:57:17+00:00\",\"mainEntityOfPage\":{\"@id\":\"https:\\\/\\\/www.webdo.tn\\\/fr\\\/actualite\\\/national\\\/indemnisation-des-anciens-prisonniers-politiques-l-ethique-contre-le-mercantilisme\\\/171970\\\/\"},\"wordCount\":397,\"commentCount\":0,\"publisher\":{\"@id\":\"https:\\\/\\\/www.webdo.tn\\\/fr\\\/#organization\"},\"image\":{\"@id\":\"https:\\\/\\\/www.webdo.tn\\\/fr\\\/actualite\\\/national\\\/indemnisation-des-anciens-prisonniers-politiques-l-ethique-contre-le-mercantilisme\\\/171970\\\/#primaryimage\"},\"thumbnailUrl\":\"https:\\\/\\\/www.webdo.tn\\\/fr\\\/wp-content\\\/uploads\\\/2012\\\/05\\\/Corruption.jpg\",\"articleSection\":[\"National\"],\"inLanguage\":\"fr-FR\"},{\"@type\":\"WebPage\",\"@id\":\"https:\\\/\\\/www.webdo.tn\\\/fr\\\/actualite\\\/national\\\/indemnisation-des-anciens-prisonniers-politiques-l-ethique-contre-le-mercantilisme\\\/171970\\\/\",\"url\":\"https:\\\/\\\/www.webdo.tn\\\/fr\\\/actualite\\\/national\\\/indemnisation-des-anciens-prisonniers-politiques-l-ethique-contre-le-mercantilisme\\\/171970\\\/\",\"name\":\"Indemnisation des anciens prisonniers politiques : l\u2019\u00e9thique contre le mercantilisme !\",\"isPartOf\":{\"@id\":\"https:\\\/\\\/www.webdo.tn\\\/fr\\\/#website\"},\"primaryImageOfPage\":{\"@id\":\"https:\\\/\\\/www.webdo.tn\\\/fr\\\/actualite\\\/national\\\/indemnisation-des-anciens-prisonniers-politiques-l-ethique-contre-le-mercantilisme\\\/171970\\\/#primaryimage\"},\"image\":{\"@id\":\"https:\\\/\\\/www.webdo.tn\\\/fr\\\/actualite\\\/national\\\/indemnisation-des-anciens-prisonniers-politiques-l-ethique-contre-le-mercantilisme\\\/171970\\\/#primaryimage\"},\"thumbnailUrl\":\"https:\\\/\\\/www.webdo.tn\\\/fr\\\/wp-content\\\/uploads\\\/2012\\\/05\\\/Corruption.jpg\",\"datePublished\":\"2012-05-10T15:25:00+00:00\",\"dateModified\":\"2025-06-04T18:57:17+00:00\",\"description\":\"Indemnisation des anciens prisonniers politiques : l\u2019\u00e9thique contre le mercantilisme !\",\"breadcrumb\":{\"@id\":\"https:\\\/\\\/www.webdo.tn\\\/fr\\\/actualite\\\/national\\\/indemnisation-des-anciens-prisonniers-politiques-l-ethique-contre-le-mercantilisme\\\/171970\\\/#breadcrumb\"},\"inLanguage\":\"fr-FR\",\"potentialAction\":[{\"@type\":\"ReadAction\",\"target\":[\"https:\\\/\\\/www.webdo.tn\\\/fr\\\/actualite\\\/national\\\/indemnisation-des-anciens-prisonniers-politiques-l-ethique-contre-le-mercantilisme\\\/171970\\\/\"]}]},{\"@type\":\"ImageObject\",\"inLanguage\":\"fr-FR\",\"@id\":\"https:\\\/\\\/www.webdo.tn\\\/fr\\\/actualite\\\/national\\\/indemnisation-des-anciens-prisonniers-politiques-l-ethique-contre-le-mercantilisme\\\/171970\\\/#primaryimage\",\"url\":\"https:\\\/\\\/www.webdo.tn\\\/fr\\\/wp-content\\\/uploads\\\/2012\\\/05\\\/Corruption.jpg\",\"contentUrl\":\"https:\\\/\\\/www.webdo.tn\\\/fr\\\/wp-content\\\/uploads\\\/2012\\\/05\\\/Corruption.jpg\",\"width\":295,\"height\":221,\"caption\":\"Indemnisation des anciens prisonniers politiques : l\u2019\u00e9thique contre le mercantilisme !\"},{\"@type\":\"BreadcrumbList\",\"@id\":\"https:\\\/\\\/www.webdo.tn\\\/fr\\\/actualite\\\/national\\\/indemnisation-des-anciens-prisonniers-politiques-l-ethique-contre-le-mercantilisme\\\/171970\\\/#breadcrumb\",\"itemListElement\":[{\"@type\":\"ListItem\",\"position\":1,\"name\":\"Accueil\",\"item\":\"https:\\\/\\\/www.webdo.tn\\\/fr\\\/\"},{\"@type\":\"ListItem\",\"position\":2,\"name\":\"Indemnisation des anciens prisonniers politiques : l\u2019\u00e9thique contre le mercantilisme !\"}]},{\"@type\":\"WebSite\",\"@id\":\"https:\\\/\\\/www.webdo.tn\\\/fr\\\/#website\",\"url\":\"https:\\\/\\\/www.webdo.tn\\\/fr\\\/\",\"name\":\"webdo\",\"description\":\"Tunisie - News en Tunisie et \u00e0 l&#039;international sur Webdo.tn\",\"publisher\":{\"@id\":\"https:\\\/\\\/www.webdo.tn\\\/fr\\\/#organization\"},\"potentialAction\":[{\"@type\":\"SearchAction\",\"target\":{\"@type\":\"EntryPoint\",\"urlTemplate\":\"https:\\\/\\\/www.webdo.tn\\\/fr\\\/?s={search_term_string}\"},\"query-input\":{\"@type\":\"PropertyValueSpecification\",\"valueRequired\":true,\"valueName\":\"search_term_string\"}}],\"inLanguage\":\"fr-FR\"},{\"@type\":\"Organization\",\"@id\":\"https:\\\/\\\/www.webdo.tn\\\/fr\\\/#organization\",\"name\":\"Webdo\",\"alternateName\":\"Webdo.tn\",\"url\":\"https:\\\/\\\/www.webdo.tn\\\/fr\\\/\",\"logo\":{\"@type\":\"ImageObject\",\"inLanguage\":\"fr-FR\",\"@id\":\"https:\\\/\\\/www.webdo.tn\\\/fr\\\/#\\\/schema\\\/logo\\\/image\\\/\",\"url\":\"https:\\\/\\\/www.webdo.tn\\\/fr\\\/wp-content\\\/uploads\\\/2025\\\/06\\\/Webdo-Tunisie_168377.jpg\",\"contentUrl\":\"https:\\\/\\\/www.webdo.tn\\\/fr\\\/wp-content\\\/uploads\\\/2025\\\/06\\\/Webdo-Tunisie_168377.jpg\",\"width\":301,\"height\":301,\"caption\":\"Webdo\"},\"image\":{\"@id\":\"https:\\\/\\\/www.webdo.tn\\\/fr\\\/#\\\/schema\\\/logo\\\/image\\\/\"},\"sameAs\":[\"https:\\\/\\\/www.facebook.com\\\/webdotn\",\"https:\\\/\\\/x.com\\\/webdo_tn\"],\"description\":\"Webdo est un m\u00e9dia num\u00e9rique tunisien fond\u00e9 en 2010, sp\u00e9cialis\u00e9 dans l\u2019actualit\u00e9 nationale et internationale, l\u2019\u00e9conomie, la soci\u00e9t\u00e9 et les analyses politiques. Le site s\u2019adresse \u00e0 un large public francophone et couvre l\u2019information tunisienne en temps r\u00e9el.\",\"email\":\"redac@webdo.tn\",\"legalName\":\"YNJ SARL\",\"foundingDate\":\"2010-09-06\",\"numberOfEmployees\":{\"@type\":\"QuantitativeValue\",\"minValue\":\"11\",\"maxValue\":\"50\"}},{\"@type\":\"Person\",\"@id\":\"https:\\\/\\\/www.webdo.tn\\\/fr\\\/#\\\/schema\\\/person\\\/9a9c6118d687c117df8ef3cc36a4d175\",\"name\":\"webdo.tn\",\"image\":{\"@type\":\"ImageObject\",\"inLanguage\":\"fr-FR\",\"@id\":\"https:\\\/\\\/secure.gravatar.com\\\/avatar\\\/7ce1f28c0c3bbac99ff550b85ef8e44a6950c6ee24514fb6a5489e51d06f0298?s=96&d=mm&r=g\",\"url\":\"https:\\\/\\\/secure.gravatar.com\\\/avatar\\\/7ce1f28c0c3bbac99ff550b85ef8e44a6950c6ee24514fb6a5489e51d06f0298?s=96&d=mm&r=g\",\"contentUrl\":\"https:\\\/\\\/secure.gravatar.com\\\/avatar\\\/7ce1f28c0c3bbac99ff550b85ef8e44a6950c6ee24514fb6a5489e51d06f0298?s=96&d=mm&r=g\",\"caption\":\"webdo.tn\"},\"url\":\"https:\\\/\\\/www.webdo.tn\\\/fr\\\/actualite\\\/author\\\/webdotn\\\/\"}]}<\/script>\n<!-- \/ Yoast SEO Premium plugin. -->","yoast_head_json":{"title":"Indemnisation des anciens prisonniers politiques : l\u2019\u00e9thique contre le mercantilisme !","description":"Indemnisation des anciens prisonniers politiques : l\u2019\u00e9thique contre le mercantilisme !","canonical":"https:\/\/www.webdo.tn\/fr\/actualite\/national\/indemnisation-des-anciens-prisonniers-politiques-l-ethique-contre-le-mercantilisme\/171970\/","og_locale":"fr_FR","og_type":"article","og_title":"Indemnisation des anciens prisonniers politiques : l\u2019\u00e9thique contre le mercantilisme !","og_description":"Indemnisation des anciens prisonniers politiques : l\u2019\u00e9thique contre le mercantilisme !","og_url":"https:\/\/www.webdo.tn\/fr\/actualite\/national\/indemnisation-des-anciens-prisonniers-politiques-l-ethique-contre-le-mercantilisme\/171970\/","og_site_name":"webdo","article_publisher":"https:\/\/www.facebook.com\/webdotn","article_published_time":"2012-05-10T15:25:00+00:00","article_modified_time":"2025-06-04T18:57:17+00:00","og_image":[{"width":295,"height":221,"url":"https:\/\/www.webdo.tn\/fr\/wp-content\/uploads\/2012\/05\/Corruption.jpg","type":"image\/jpeg"}],"author":"webdo.tn","twitter_card":"summary_large_image","twitter_creator":"@webdo_tn","twitter_site":"@webdo_tn","twitter_misc":{"\u00c9crit par":"webdo.tn","Dur\u00e9e de lecture estim\u00e9e":"2 minutes"},"schema":{"@context":"https:\/\/schema.org","@graph":[{"@type":"NewsArticle","@id":"https:\/\/www.webdo.tn\/fr\/actualite\/national\/indemnisation-des-anciens-prisonniers-politiques-l-ethique-contre-le-mercantilisme\/171970\/#article","isPartOf":{"@id":"https:\/\/www.webdo.tn\/fr\/actualite\/national\/indemnisation-des-anciens-prisonniers-politiques-l-ethique-contre-le-mercantilisme\/171970\/"},"author":{"name":"webdo.tn","@id":"https:\/\/www.webdo.tn\/fr\/#\/schema\/person\/9a9c6118d687c117df8ef3cc36a4d175"},"headline":"Indemnisation des anciens prisonniers politiques : l\u2019\u00e9thique contre le mercantilisme !","datePublished":"2012-05-10T15:25:00+00:00","dateModified":"2025-06-04T18:57:17+00:00","mainEntityOfPage":{"@id":"https:\/\/www.webdo.tn\/fr\/actualite\/national\/indemnisation-des-anciens-prisonniers-politiques-l-ethique-contre-le-mercantilisme\/171970\/"},"wordCount":397,"commentCount":0,"publisher":{"@id":"https:\/\/www.webdo.tn\/fr\/#organization"},"image":{"@id":"https:\/\/www.webdo.tn\/fr\/actualite\/national\/indemnisation-des-anciens-prisonniers-politiques-l-ethique-contre-le-mercantilisme\/171970\/#primaryimage"},"thumbnailUrl":"https:\/\/www.webdo.tn\/fr\/wp-content\/uploads\/2012\/05\/Corruption.jpg","articleSection":["National"],"inLanguage":"fr-FR"},{"@type":"WebPage","@id":"https:\/\/www.webdo.tn\/fr\/actualite\/national\/indemnisation-des-anciens-prisonniers-politiques-l-ethique-contre-le-mercantilisme\/171970\/","url":"https:\/\/www.webdo.tn\/fr\/actualite\/national\/indemnisation-des-anciens-prisonniers-politiques-l-ethique-contre-le-mercantilisme\/171970\/","name":"Indemnisation des anciens prisonniers politiques : l\u2019\u00e9thique contre le mercantilisme !","isPartOf":{"@id":"https:\/\/www.webdo.tn\/fr\/#website"},"primaryImageOfPage":{"@id":"https:\/\/www.webdo.tn\/fr\/actualite\/national\/indemnisation-des-anciens-prisonniers-politiques-l-ethique-contre-le-mercantilisme\/171970\/#primaryimage"},"image":{"@id":"https:\/\/www.webdo.tn\/fr\/actualite\/national\/indemnisation-des-anciens-prisonniers-politiques-l-ethique-contre-le-mercantilisme\/171970\/#primaryimage"},"thumbnailUrl":"https:\/\/www.webdo.tn\/fr\/wp-content\/uploads\/2012\/05\/Corruption.jpg","datePublished":"2012-05-10T15:25:00+00:00","dateModified":"2025-06-04T18:57:17+00:00","description":"Indemnisation des anciens prisonniers politiques : l\u2019\u00e9thique contre le mercantilisme !","breadcrumb":{"@id":"https:\/\/www.webdo.tn\/fr\/actualite\/national\/indemnisation-des-anciens-prisonniers-politiques-l-ethique-contre-le-mercantilisme\/171970\/#breadcrumb"},"inLanguage":"fr-FR","potentialAction":[{"@type":"ReadAction","target":["https:\/\/www.webdo.tn\/fr\/actualite\/national\/indemnisation-des-anciens-prisonniers-politiques-l-ethique-contre-le-mercantilisme\/171970\/"]}]},{"@type":"ImageObject","inLanguage":"fr-FR","@id":"https:\/\/www.webdo.tn\/fr\/actualite\/national\/indemnisation-des-anciens-prisonniers-politiques-l-ethique-contre-le-mercantilisme\/171970\/#primaryimage","url":"https:\/\/www.webdo.tn\/fr\/wp-content\/uploads\/2012\/05\/Corruption.jpg","contentUrl":"https:\/\/www.webdo.tn\/fr\/wp-content\/uploads\/2012\/05\/Corruption.jpg","width":295,"height":221,"caption":"Indemnisation des anciens prisonniers politiques : l\u2019\u00e9thique contre le mercantilisme !"},{"@type":"BreadcrumbList","@id":"https:\/\/www.webdo.tn\/fr\/actualite\/national\/indemnisation-des-anciens-prisonniers-politiques-l-ethique-contre-le-mercantilisme\/171970\/#breadcrumb","itemListElement":[{"@type":"ListItem","position":1,"name":"Accueil","item":"https:\/\/www.webdo.tn\/fr\/"},{"@type":"ListItem","position":2,"name":"Indemnisation des anciens prisonniers politiques : l\u2019\u00e9thique contre le mercantilisme !"}]},{"@type":"WebSite","@id":"https:\/\/www.webdo.tn\/fr\/#website","url":"https:\/\/www.webdo.tn\/fr\/","name":"webdo","description":"Tunisie - News en Tunisie et \u00e0 l&#039;international sur Webdo.tn","publisher":{"@id":"https:\/\/www.webdo.tn\/fr\/#organization"},"potentialAction":[{"@type":"SearchAction","target":{"@type":"EntryPoint","urlTemplate":"https:\/\/www.webdo.tn\/fr\/?s={search_term_string}"},"query-input":{"@type":"PropertyValueSpecification","valueRequired":true,"valueName":"search_term_string"}}],"inLanguage":"fr-FR"},{"@type":"Organization","@id":"https:\/\/www.webdo.tn\/fr\/#organization","name":"Webdo","alternateName":"Webdo.tn","url":"https:\/\/www.webdo.tn\/fr\/","logo":{"@type":"ImageObject","inLanguage":"fr-FR","@id":"https:\/\/www.webdo.tn\/fr\/#\/schema\/logo\/image\/","url":"https:\/\/www.webdo.tn\/fr\/wp-content\/uploads\/2025\/06\/Webdo-Tunisie_168377.jpg","contentUrl":"https:\/\/www.webdo.tn\/fr\/wp-content\/uploads\/2025\/06\/Webdo-Tunisie_168377.jpg","width":301,"height":301,"caption":"Webdo"},"image":{"@id":"https:\/\/www.webdo.tn\/fr\/#\/schema\/logo\/image\/"},"sameAs":["https:\/\/www.facebook.com\/webdotn","https:\/\/x.com\/webdo_tn"],"description":"Webdo est un m\u00e9dia num\u00e9rique tunisien fond\u00e9 en 2010, sp\u00e9cialis\u00e9 dans l\u2019actualit\u00e9 nationale et internationale, l\u2019\u00e9conomie, la soci\u00e9t\u00e9 et les analyses politiques. Le site s\u2019adresse \u00e0 un large public francophone et couvre l\u2019information tunisienne en temps r\u00e9el.","email":"redac@webdo.tn","legalName":"YNJ SARL","foundingDate":"2010-09-06","numberOfEmployees":{"@type":"QuantitativeValue","minValue":"11","maxValue":"50"}},{"@type":"Person","@id":"https:\/\/www.webdo.tn\/fr\/#\/schema\/person\/9a9c6118d687c117df8ef3cc36a4d175","name":"webdo.tn","image":{"@type":"ImageObject","inLanguage":"fr-FR","@id":"https:\/\/secure.gravatar.com\/avatar\/7ce1f28c0c3bbac99ff550b85ef8e44a6950c6ee24514fb6a5489e51d06f0298?s=96&d=mm&r=g","url":"https:\/\/secure.gravatar.com\/avatar\/7ce1f28c0c3bbac99ff550b85ef8e44a6950c6ee24514fb6a5489e51d06f0298?s=96&d=mm&r=g","contentUrl":"https:\/\/secure.gravatar.com\/avatar\/7ce1f28c0c3bbac99ff550b85ef8e44a6950c6ee24514fb6a5489e51d06f0298?s=96&d=mm&r=g","caption":"webdo.tn"},"url":"https:\/\/www.webdo.tn\/fr\/actualite\/author\/webdotn\/"}]}},"_links":{"self":[{"href":"https:\/\/www.webdo.tn\/fr\/wp-json\/wp\/v2\/posts\/171970","targetHints":{"allow":["GET"]}}],"collection":[{"href":"https:\/\/www.webdo.tn\/fr\/wp-json\/wp\/v2\/posts"}],"about":[{"href":"https:\/\/www.webdo.tn\/fr\/wp-json\/wp\/v2\/types\/post"}],"author":[{"embeddable":true,"href":"https:\/\/www.webdo.tn\/fr\/wp-json\/wp\/v2\/users\/3222"}],"replies":[{"embeddable":true,"href":"https:\/\/www.webdo.tn\/fr\/wp-json\/wp\/v2\/comments?post=171970"}],"version-history":[{"count":0,"href":"https:\/\/www.webdo.tn\/fr\/wp-json\/wp\/v2\/posts\/171970\/revisions"}],"wp:featuredmedia":[{"embeddable":true,"href":"https:\/\/www.webdo.tn\/fr\/wp-json\/wp\/v2\/media\/334134"}],"wp:attachment":[{"href":"https:\/\/www.webdo.tn\/fr\/wp-json\/wp\/v2\/media?parent=171970"}],"wp:term":[{"taxonomy":"category","embeddable":true,"href":"https:\/\/www.webdo.tn\/fr\/wp-json\/wp\/v2\/categories?post=171970"},{"taxonomy":"post_tag","embeddable":true,"href":"https:\/\/www.webdo.tn\/fr\/wp-json\/wp\/v2\/tags?post=171970"}],"curies":[{"name":"wp","href":"https:\/\/api.w.org\/{rel}","templated":true}]}}