{"id":171969,"date":"2012-05-10T16:32:00","date_gmt":"2012-05-10T16:32:00","guid":{"rendered":"https:\/\/www.webdo.tn\/fr\/blog\/6-mois-avec-sursis-pour-le-profanateur-du-drapeau-national-laxisme-judiciaire-et-encouragement-de-la-violence\/171969\/"},"modified":"2025-06-04T18:57:15","modified_gmt":"2025-06-04T18:57:15","slug":"6-mois-avec-sursis-pour-le-profanateur-du-drapeau-national-laxisme-judiciaire-et-encouragement-de-la-violence","status":"publish","type":"post","link":"https:\/\/www.webdo.tn\/fr\/actualite\/national\/6-mois-avec-sursis-pour-le-profanateur-du-drapeau-national-laxisme-judiciaire-et-encouragement-de-la-violence\/171969\/","title":{"rendered":"6 mois avec sursis pour le profanateur du drapeau national : laxisme judiciaire et encouragement de la violence"},"content":{"rendered":"<p>La violence salafiste prend plusieurs visages. Elle peut \u00eatre physique comme ses partisans l\u2019ont fait \u00e0 l\u2019encontre de Zied Krichen ou Hammadi Redissi, ou encore derni\u00e8rement contre un guide touristique \u00e0 Sejnane privant des familles enti\u00e8res de vivre de la vente de leurs poteries, ou morale comme cette atteinte atroce au symbole de la nation, le drapeau national.<\/p>\n<p>Aujourd\u2019hui, le profanateur du drapeau national, qui a b\u00e9n\u00e9fici\u00e9 dans un premier temps du laxisme des responsables de la s\u00e9curit\u00e9 puisqu\u2019il n\u2019a pas pu \u00eatre arr\u00eat\u00e9, des responsables lui conseillant de se rendre \u00e0 la justice, ce qu\u2019il n\u2019a pas manqu\u00e9 de faire ; puis maintenant, il b\u00e9n\u00e9ficie du laxisme de la justice qui se contente d\u2019une condamnation avec sursis alors que l\u2019article 109 du Code p\u00e9nal est explicite et ne souffre aucune interpr\u00e9tation en stipulant \u00ab est puni d\u2019un an d\u2019emprisonnement , quiconque par paroles, \u00e9crits ou gestes ou tous autres moyens (c\u2019est le cas), porte atteinte publiquement au drapeau tunisien ou \u00e0 un drapeau \u00e9tranger \u00bb .<\/p>\n<p>Par cette d\u00e9cision, la justice nous semble manquer \u00e0 son devoir et fait preuve d\u2019une certaine frilosit\u00e9 qui risque de co\u00fbter cher \u00e0 l\u2019ensemble du pays. En se contentant de prononcer une sanction avec sursis, elle encourage implicitement d\u2019autres z\u00e9lateurs de suivre l\u2019exemple de ce profanateur.<\/p>\n<p>Apr\u00e8s la d\u00e9cision dans l\u2019affaire Nessma, la justice r\u00e9cidive et manque un autre rendez-vous avec l\u2019histoire, celle qui nous invite \u00e0 \u00e9difier une v\u00e9ritable d\u00e9mocratie fond\u00e9e, entre autres, sur l\u2019ind\u00e9pendance de la justice.<\/p>\n","protected":false},"excerpt":{"rendered":"<p>6 mois avec sursis pour le profanateur du drapeau national : laxisme judiciaire et encouragement de la violence<\/p>\n","protected":false},"author":3222,"featured_media":374732,"comment_status":"open","ping_status":"closed","sticky":false,"template":"","format":"standard","meta":{"footnotes":""},"categories":[44],"tags":[],"class_list":["post-171969","post","type-post","status-publish","format-standard","has-post-thumbnail","hentry","category-national"],"yoast_head":"<!-- This site is optimized with the Yoast SEO Premium plugin v27.5 (Yoast SEO v27.5) - https:\/\/yoast.com\/product\/yoast-seo-premium-wordpress\/ -->\n<title>6 mois avec sursis pour le profanateur du drapeau national : laxisme judiciaire et encouragement de la violence<\/title>\n<meta name=\"description\" content=\"6 mois avec sursis pour le profanateur du drapeau national : laxisme judiciaire et encouragement de la violence\" \/>\n<link rel=\"canonical\" href=\"https:\/\/www.webdo.tn\/fr\/actualite\/national\/6-mois-avec-sursis-pour-le-profanateur-du-drapeau-national-laxisme-judiciaire-et-encouragement-de-la-violence\/171969\/\" \/>\n<meta property=\"og:locale\" content=\"fr_FR\" \/>\n<meta property=\"og:type\" content=\"article\" \/>\n<meta property=\"og:title\" content=\"6 mois avec sursis pour le profanateur du drapeau national : laxisme judiciaire et encouragement de la violence\" \/>\n<meta property=\"og:description\" content=\"6 mois avec sursis pour le profanateur du drapeau national : laxisme judiciaire et encouragement de la violence\" \/>\n<meta property=\"og:url\" content=\"https:\/\/www.webdo.tn\/fr\/actualite\/national\/6-mois-avec-sursis-pour-le-profanateur-du-drapeau-national-laxisme-judiciaire-et-encouragement-de-la-violence\/171969\/\" \/>\n<meta property=\"og:site_name\" content=\"webdo\" \/>\n<meta property=\"article:publisher\" content=\"https:\/\/www.facebook.com\/webdotn\" \/>\n<meta property=\"article:published_time\" content=\"2012-05-10T16:32:00+00:00\" \/>\n<meta property=\"article:modified_time\" content=\"2025-06-04T18:57:15+00:00\" \/>\n<meta name=\"author\" content=\"webdo.tn\" \/>\n<meta name=\"twitter:card\" content=\"summary_large_image\" \/>\n<meta name=\"twitter:creator\" content=\"@webdo_tn\" \/>\n<meta name=\"twitter:site\" content=\"@webdo_tn\" \/>\n<meta name=\"twitter:label1\" content=\"\u00c9crit par\" \/>\n\t<meta name=\"twitter:data1\" content=\"webdo.tn\" \/>\n\t<meta name=\"twitter:label2\" content=\"Dur\u00e9e de lecture estim\u00e9e\" \/>\n\t<meta name=\"twitter:data2\" content=\"1 minute\" \/>\n<script type=\"application\/ld+json\" class=\"yoast-schema-graph\">{\"@context\":\"https:\\\/\\\/schema.org\",\"@graph\":[{\"@type\":\"NewsArticle\",\"@id\":\"https:\\\/\\\/www.webdo.tn\\\/fr\\\/actualite\\\/national\\\/6-mois-avec-sursis-pour-le-profanateur-du-drapeau-national-laxisme-judiciaire-et-encouragement-de-la-violence\\\/171969\\\/#article\",\"isPartOf\":{\"@id\":\"https:\\\/\\\/www.webdo.tn\\\/fr\\\/actualite\\\/national\\\/6-mois-avec-sursis-pour-le-profanateur-du-drapeau-national-laxisme-judiciaire-et-encouragement-de-la-violence\\\/171969\\\/\"},\"author\":{\"name\":\"webdo.tn\",\"@id\":\"https:\\\/\\\/www.webdo.tn\\\/fr\\\/#\\\/schema\\\/person\\\/9a9c6118d687c117df8ef3cc36a4d175\"},\"headline\":\"6 mois avec sursis pour le profanateur du drapeau national : laxisme judiciaire et encouragement de la violence\",\"datePublished\":\"2012-05-10T16:32:00+00:00\",\"dateModified\":\"2025-06-04T18:57:15+00:00\",\"mainEntityOfPage\":{\"@id\":\"https:\\\/\\\/www.webdo.tn\\\/fr\\\/actualite\\\/national\\\/6-mois-avec-sursis-pour-le-profanateur-du-drapeau-national-laxisme-judiciaire-et-encouragement-de-la-violence\\\/171969\\\/\"},\"wordCount\":288,\"commentCount\":0,\"publisher\":{\"@id\":\"https:\\\/\\\/www.webdo.tn\\\/fr\\\/#organization\"},\"image\":{\"@id\":\"https:\\\/\\\/www.webdo.tn\\\/fr\\\/actualite\\\/national\\\/6-mois-avec-sursis-pour-le-profanateur-du-drapeau-national-laxisme-judiciaire-et-encouragement-de-la-violence\\\/171969\\\/#primaryimage\"},\"thumbnailUrl\":\"https:\\\/\\\/www.webdo.tn\\\/fr\\\/wp-content\\\/uploads\\\/2025\\\/06\\\/Le-drapeau-tunisien-profane-il-y-a-17-jours_171969.jpg\",\"articleSection\":[\"National\"],\"inLanguage\":\"fr-FR\"},{\"@type\":\"WebPage\",\"@id\":\"https:\\\/\\\/www.webdo.tn\\\/fr\\\/actualite\\\/national\\\/6-mois-avec-sursis-pour-le-profanateur-du-drapeau-national-laxisme-judiciaire-et-encouragement-de-la-violence\\\/171969\\\/\",\"url\":\"https:\\\/\\\/www.webdo.tn\\\/fr\\\/actualite\\\/national\\\/6-mois-avec-sursis-pour-le-profanateur-du-drapeau-national-laxisme-judiciaire-et-encouragement-de-la-violence\\\/171969\\\/\",\"name\":\"6 mois avec sursis pour le profanateur du drapeau national : laxisme judiciaire et encouragement de la violence\",\"isPartOf\":{\"@id\":\"https:\\\/\\\/www.webdo.tn\\\/fr\\\/#website\"},\"primaryImageOfPage\":{\"@id\":\"https:\\\/\\\/www.webdo.tn\\\/fr\\\/actualite\\\/national\\\/6-mois-avec-sursis-pour-le-profanateur-du-drapeau-national-laxisme-judiciaire-et-encouragement-de-la-violence\\\/171969\\\/#primaryimage\"},\"image\":{\"@id\":\"https:\\\/\\\/www.webdo.tn\\\/fr\\\/actualite\\\/national\\\/6-mois-avec-sursis-pour-le-profanateur-du-drapeau-national-laxisme-judiciaire-et-encouragement-de-la-violence\\\/171969\\\/#primaryimage\"},\"thumbnailUrl\":\"https:\\\/\\\/www.webdo.tn\\\/fr\\\/wp-content\\\/uploads\\\/2025\\\/06\\\/Le-drapeau-tunisien-profane-il-y-a-17-jours_171969.jpg\",\"datePublished\":\"2012-05-10T16:32:00+00:00\",\"dateModified\":\"2025-06-04T18:57:15+00:00\",\"description\":\"6 mois avec sursis pour le profanateur du drapeau national : laxisme judiciaire et encouragement de la violence\",\"breadcrumb\":{\"@id\":\"https:\\\/\\\/www.webdo.tn\\\/fr\\\/actualite\\\/national\\\/6-mois-avec-sursis-pour-le-profanateur-du-drapeau-national-laxisme-judiciaire-et-encouragement-de-la-violence\\\/171969\\\/#breadcrumb\"},\"inLanguage\":\"fr-FR\",\"potentialAction\":[{\"@type\":\"ReadAction\",\"target\":[\"https:\\\/\\\/www.webdo.tn\\\/fr\\\/actualite\\\/national\\\/6-mois-avec-sursis-pour-le-profanateur-du-drapeau-national-laxisme-judiciaire-et-encouragement-de-la-violence\\\/171969\\\/\"]}]},{\"@type\":\"ImageObject\",\"inLanguage\":\"fr-FR\",\"@id\":\"https:\\\/\\\/www.webdo.tn\\\/fr\\\/actualite\\\/national\\\/6-mois-avec-sursis-pour-le-profanateur-du-drapeau-national-laxisme-judiciaire-et-encouragement-de-la-violence\\\/171969\\\/#primaryimage\",\"url\":\"https:\\\/\\\/www.webdo.tn\\\/fr\\\/wp-content\\\/uploads\\\/2025\\\/06\\\/Le-drapeau-tunisien-profane-il-y-a-17-jours_171969.jpg\",\"contentUrl\":\"https:\\\/\\\/www.webdo.tn\\\/fr\\\/wp-content\\\/uploads\\\/2025\\\/06\\\/Le-drapeau-tunisien-profane-il-y-a-17-jours_171969.jpg\",\"width\":276,\"height\":308,\"caption\":\"6 mois avec sursis pour le profanateur du drapeau national : laxisme judiciaire et encouragement de la violence\"},{\"@type\":\"BreadcrumbList\",\"@id\":\"https:\\\/\\\/www.webdo.tn\\\/fr\\\/actualite\\\/national\\\/6-mois-avec-sursis-pour-le-profanateur-du-drapeau-national-laxisme-judiciaire-et-encouragement-de-la-violence\\\/171969\\\/#breadcrumb\",\"itemListElement\":[{\"@type\":\"ListItem\",\"position\":1,\"name\":\"Accueil\",\"item\":\"https:\\\/\\\/www.webdo.tn\\\/fr\\\/\"},{\"@type\":\"ListItem\",\"position\":2,\"name\":\"6 mois avec sursis pour le profanateur du drapeau national : laxisme judiciaire et encouragement de la violence\"}]},{\"@type\":\"WebSite\",\"@id\":\"https:\\\/\\\/www.webdo.tn\\\/fr\\\/#website\",\"url\":\"https:\\\/\\\/www.webdo.tn\\\/fr\\\/\",\"name\":\"webdo\",\"description\":\"Tunisie - News en Tunisie et \u00e0 l&#039;international sur Webdo.tn\",\"publisher\":{\"@id\":\"https:\\\/\\\/www.webdo.tn\\\/fr\\\/#organization\"},\"potentialAction\":[{\"@type\":\"SearchAction\",\"target\":{\"@type\":\"EntryPoint\",\"urlTemplate\":\"https:\\\/\\\/www.webdo.tn\\\/fr\\\/?s={search_term_string}\"},\"query-input\":{\"@type\":\"PropertyValueSpecification\",\"valueRequired\":true,\"valueName\":\"search_term_string\"}}],\"inLanguage\":\"fr-FR\"},{\"@type\":\"Organization\",\"@id\":\"https:\\\/\\\/www.webdo.tn\\\/fr\\\/#organization\",\"name\":\"Webdo\",\"alternateName\":\"Webdo.tn\",\"url\":\"https:\\\/\\\/www.webdo.tn\\\/fr\\\/\",\"logo\":{\"@type\":\"ImageObject\",\"inLanguage\":\"fr-FR\",\"@id\":\"https:\\\/\\\/www.webdo.tn\\\/fr\\\/#\\\/schema\\\/logo\\\/image\\\/\",\"url\":\"https:\\\/\\\/www.webdo.tn\\\/fr\\\/wp-content\\\/uploads\\\/2025\\\/06\\\/Webdo-Tunisie_168377.jpg\",\"contentUrl\":\"https:\\\/\\\/www.webdo.tn\\\/fr\\\/wp-content\\\/uploads\\\/2025\\\/06\\\/Webdo-Tunisie_168377.jpg\",\"width\":301,\"height\":301,\"caption\":\"Webdo\"},\"image\":{\"@id\":\"https:\\\/\\\/www.webdo.tn\\\/fr\\\/#\\\/schema\\\/logo\\\/image\\\/\"},\"sameAs\":[\"https:\\\/\\\/www.facebook.com\\\/webdotn\",\"https:\\\/\\\/x.com\\\/webdo_tn\"],\"description\":\"Webdo est un m\u00e9dia num\u00e9rique tunisien fond\u00e9 en 2010, sp\u00e9cialis\u00e9 dans l\u2019actualit\u00e9 nationale et internationale, l\u2019\u00e9conomie, la soci\u00e9t\u00e9 et les analyses politiques. Le site s\u2019adresse \u00e0 un large public francophone et couvre l\u2019information tunisienne en temps r\u00e9el.\",\"email\":\"redac@webdo.tn\",\"legalName\":\"YNJ SARL\",\"foundingDate\":\"2010-09-06\",\"numberOfEmployees\":{\"@type\":\"QuantitativeValue\",\"minValue\":\"11\",\"maxValue\":\"50\"}},{\"@type\":\"Person\",\"@id\":\"https:\\\/\\\/www.webdo.tn\\\/fr\\\/#\\\/schema\\\/person\\\/9a9c6118d687c117df8ef3cc36a4d175\",\"name\":\"webdo.tn\",\"image\":{\"@type\":\"ImageObject\",\"inLanguage\":\"fr-FR\",\"@id\":\"https:\\\/\\\/secure.gravatar.com\\\/avatar\\\/7ce1f28c0c3bbac99ff550b85ef8e44a6950c6ee24514fb6a5489e51d06f0298?s=96&d=mm&r=g\",\"url\":\"https:\\\/\\\/secure.gravatar.com\\\/avatar\\\/7ce1f28c0c3bbac99ff550b85ef8e44a6950c6ee24514fb6a5489e51d06f0298?s=96&d=mm&r=g\",\"contentUrl\":\"https:\\\/\\\/secure.gravatar.com\\\/avatar\\\/7ce1f28c0c3bbac99ff550b85ef8e44a6950c6ee24514fb6a5489e51d06f0298?s=96&d=mm&r=g\",\"caption\":\"webdo.tn\"},\"url\":\"https:\\\/\\\/www.webdo.tn\\\/fr\\\/actualite\\\/author\\\/webdotn\\\/\"}]}<\/script>\n<!-- \/ Yoast SEO Premium plugin. -->","yoast_head_json":{"title":"6 mois avec sursis pour le profanateur du drapeau national : laxisme judiciaire et encouragement de la violence","description":"6 mois avec sursis pour le profanateur du drapeau national : laxisme judiciaire et encouragement de la violence","canonical":"https:\/\/www.webdo.tn\/fr\/actualite\/national\/6-mois-avec-sursis-pour-le-profanateur-du-drapeau-national-laxisme-judiciaire-et-encouragement-de-la-violence\/171969\/","og_locale":"fr_FR","og_type":"article","og_title":"6 mois avec sursis pour le profanateur du drapeau national : laxisme judiciaire et encouragement de la violence","og_description":"6 mois avec sursis pour le profanateur du drapeau national : laxisme judiciaire et encouragement de la violence","og_url":"https:\/\/www.webdo.tn\/fr\/actualite\/national\/6-mois-avec-sursis-pour-le-profanateur-du-drapeau-national-laxisme-judiciaire-et-encouragement-de-la-violence\/171969\/","og_site_name":"webdo","article_publisher":"https:\/\/www.facebook.com\/webdotn","article_published_time":"2012-05-10T16:32:00+00:00","article_modified_time":"2025-06-04T18:57:15+00:00","author":"webdo.tn","twitter_card":"summary_large_image","twitter_creator":"@webdo_tn","twitter_site":"@webdo_tn","twitter_misc":{"\u00c9crit par":"webdo.tn","Dur\u00e9e de lecture estim\u00e9e":"1 minute"},"schema":{"@context":"https:\/\/schema.org","@graph":[{"@type":"NewsArticle","@id":"https:\/\/www.webdo.tn\/fr\/actualite\/national\/6-mois-avec-sursis-pour-le-profanateur-du-drapeau-national-laxisme-judiciaire-et-encouragement-de-la-violence\/171969\/#article","isPartOf":{"@id":"https:\/\/www.webdo.tn\/fr\/actualite\/national\/6-mois-avec-sursis-pour-le-profanateur-du-drapeau-national-laxisme-judiciaire-et-encouragement-de-la-violence\/171969\/"},"author":{"name":"webdo.tn","@id":"https:\/\/www.webdo.tn\/fr\/#\/schema\/person\/9a9c6118d687c117df8ef3cc36a4d175"},"headline":"6 mois avec sursis pour le profanateur du drapeau national : laxisme judiciaire et encouragement de la violence","datePublished":"2012-05-10T16:32:00+00:00","dateModified":"2025-06-04T18:57:15+00:00","mainEntityOfPage":{"@id":"https:\/\/www.webdo.tn\/fr\/actualite\/national\/6-mois-avec-sursis-pour-le-profanateur-du-drapeau-national-laxisme-judiciaire-et-encouragement-de-la-violence\/171969\/"},"wordCount":288,"commentCount":0,"publisher":{"@id":"https:\/\/www.webdo.tn\/fr\/#organization"},"image":{"@id":"https:\/\/www.webdo.tn\/fr\/actualite\/national\/6-mois-avec-sursis-pour-le-profanateur-du-drapeau-national-laxisme-judiciaire-et-encouragement-de-la-violence\/171969\/#primaryimage"},"thumbnailUrl":"https:\/\/www.webdo.tn\/fr\/wp-content\/uploads\/2025\/06\/Le-drapeau-tunisien-profane-il-y-a-17-jours_171969.jpg","articleSection":["National"],"inLanguage":"fr-FR"},{"@type":"WebPage","@id":"https:\/\/www.webdo.tn\/fr\/actualite\/national\/6-mois-avec-sursis-pour-le-profanateur-du-drapeau-national-laxisme-judiciaire-et-encouragement-de-la-violence\/171969\/","url":"https:\/\/www.webdo.tn\/fr\/actualite\/national\/6-mois-avec-sursis-pour-le-profanateur-du-drapeau-national-laxisme-judiciaire-et-encouragement-de-la-violence\/171969\/","name":"6 mois avec sursis pour le profanateur du drapeau national : laxisme judiciaire et encouragement de la violence","isPartOf":{"@id":"https:\/\/www.webdo.tn\/fr\/#website"},"primaryImageOfPage":{"@id":"https:\/\/www.webdo.tn\/fr\/actualite\/national\/6-mois-avec-sursis-pour-le-profanateur-du-drapeau-national-laxisme-judiciaire-et-encouragement-de-la-violence\/171969\/#primaryimage"},"image":{"@id":"https:\/\/www.webdo.tn\/fr\/actualite\/national\/6-mois-avec-sursis-pour-le-profanateur-du-drapeau-national-laxisme-judiciaire-et-encouragement-de-la-violence\/171969\/#primaryimage"},"thumbnailUrl":"https:\/\/www.webdo.tn\/fr\/wp-content\/uploads\/2025\/06\/Le-drapeau-tunisien-profane-il-y-a-17-jours_171969.jpg","datePublished":"2012-05-10T16:32:00+00:00","dateModified":"2025-06-04T18:57:15+00:00","description":"6 mois avec sursis pour le profanateur du drapeau national : laxisme judiciaire et encouragement de la violence","breadcrumb":{"@id":"https:\/\/www.webdo.tn\/fr\/actualite\/national\/6-mois-avec-sursis-pour-le-profanateur-du-drapeau-national-laxisme-judiciaire-et-encouragement-de-la-violence\/171969\/#breadcrumb"},"inLanguage":"fr-FR","potentialAction":[{"@type":"ReadAction","target":["https:\/\/www.webdo.tn\/fr\/actualite\/national\/6-mois-avec-sursis-pour-le-profanateur-du-drapeau-national-laxisme-judiciaire-et-encouragement-de-la-violence\/171969\/"]}]},{"@type":"ImageObject","inLanguage":"fr-FR","@id":"https:\/\/www.webdo.tn\/fr\/actualite\/national\/6-mois-avec-sursis-pour-le-profanateur-du-drapeau-national-laxisme-judiciaire-et-encouragement-de-la-violence\/171969\/#primaryimage","url":"https:\/\/www.webdo.tn\/fr\/wp-content\/uploads\/2025\/06\/Le-drapeau-tunisien-profane-il-y-a-17-jours_171969.jpg","contentUrl":"https:\/\/www.webdo.tn\/fr\/wp-content\/uploads\/2025\/06\/Le-drapeau-tunisien-profane-il-y-a-17-jours_171969.jpg","width":276,"height":308,"caption":"6 mois avec sursis pour le profanateur du drapeau national : laxisme judiciaire et encouragement de la violence"},{"@type":"BreadcrumbList","@id":"https:\/\/www.webdo.tn\/fr\/actualite\/national\/6-mois-avec-sursis-pour-le-profanateur-du-drapeau-national-laxisme-judiciaire-et-encouragement-de-la-violence\/171969\/#breadcrumb","itemListElement":[{"@type":"ListItem","position":1,"name":"Accueil","item":"https:\/\/www.webdo.tn\/fr\/"},{"@type":"ListItem","position":2,"name":"6 mois avec sursis pour le profanateur du drapeau national : laxisme judiciaire et encouragement de la violence"}]},{"@type":"WebSite","@id":"https:\/\/www.webdo.tn\/fr\/#website","url":"https:\/\/www.webdo.tn\/fr\/","name":"webdo","description":"Tunisie - News en Tunisie et \u00e0 l&#039;international sur Webdo.tn","publisher":{"@id":"https:\/\/www.webdo.tn\/fr\/#organization"},"potentialAction":[{"@type":"SearchAction","target":{"@type":"EntryPoint","urlTemplate":"https:\/\/www.webdo.tn\/fr\/?s={search_term_string}"},"query-input":{"@type":"PropertyValueSpecification","valueRequired":true,"valueName":"search_term_string"}}],"inLanguage":"fr-FR"},{"@type":"Organization","@id":"https:\/\/www.webdo.tn\/fr\/#organization","name":"Webdo","alternateName":"Webdo.tn","url":"https:\/\/www.webdo.tn\/fr\/","logo":{"@type":"ImageObject","inLanguage":"fr-FR","@id":"https:\/\/www.webdo.tn\/fr\/#\/schema\/logo\/image\/","url":"https:\/\/www.webdo.tn\/fr\/wp-content\/uploads\/2025\/06\/Webdo-Tunisie_168377.jpg","contentUrl":"https:\/\/www.webdo.tn\/fr\/wp-content\/uploads\/2025\/06\/Webdo-Tunisie_168377.jpg","width":301,"height":301,"caption":"Webdo"},"image":{"@id":"https:\/\/www.webdo.tn\/fr\/#\/schema\/logo\/image\/"},"sameAs":["https:\/\/www.facebook.com\/webdotn","https:\/\/x.com\/webdo_tn"],"description":"Webdo est un m\u00e9dia num\u00e9rique tunisien fond\u00e9 en 2010, sp\u00e9cialis\u00e9 dans l\u2019actualit\u00e9 nationale et internationale, l\u2019\u00e9conomie, la soci\u00e9t\u00e9 et les analyses politiques. Le site s\u2019adresse \u00e0 un large public francophone et couvre l\u2019information tunisienne en temps r\u00e9el.","email":"redac@webdo.tn","legalName":"YNJ SARL","foundingDate":"2010-09-06","numberOfEmployees":{"@type":"QuantitativeValue","minValue":"11","maxValue":"50"}},{"@type":"Person","@id":"https:\/\/www.webdo.tn\/fr\/#\/schema\/person\/9a9c6118d687c117df8ef3cc36a4d175","name":"webdo.tn","image":{"@type":"ImageObject","inLanguage":"fr-FR","@id":"https:\/\/secure.gravatar.com\/avatar\/7ce1f28c0c3bbac99ff550b85ef8e44a6950c6ee24514fb6a5489e51d06f0298?s=96&d=mm&r=g","url":"https:\/\/secure.gravatar.com\/avatar\/7ce1f28c0c3bbac99ff550b85ef8e44a6950c6ee24514fb6a5489e51d06f0298?s=96&d=mm&r=g","contentUrl":"https:\/\/secure.gravatar.com\/avatar\/7ce1f28c0c3bbac99ff550b85ef8e44a6950c6ee24514fb6a5489e51d06f0298?s=96&d=mm&r=g","caption":"webdo.tn"},"url":"https:\/\/www.webdo.tn\/fr\/actualite\/author\/webdotn\/"}]}},"_links":{"self":[{"href":"https:\/\/www.webdo.tn\/fr\/wp-json\/wp\/v2\/posts\/171969","targetHints":{"allow":["GET"]}}],"collection":[{"href":"https:\/\/www.webdo.tn\/fr\/wp-json\/wp\/v2\/posts"}],"about":[{"href":"https:\/\/www.webdo.tn\/fr\/wp-json\/wp\/v2\/types\/post"}],"author":[{"embeddable":true,"href":"https:\/\/www.webdo.tn\/fr\/wp-json\/wp\/v2\/users\/3222"}],"replies":[{"embeddable":true,"href":"https:\/\/www.webdo.tn\/fr\/wp-json\/wp\/v2\/comments?post=171969"}],"version-history":[{"count":0,"href":"https:\/\/www.webdo.tn\/fr\/wp-json\/wp\/v2\/posts\/171969\/revisions"}],"wp:featuredmedia":[{"embeddable":true,"href":"https:\/\/www.webdo.tn\/fr\/wp-json\/wp\/v2\/media\/374732"}],"wp:attachment":[{"href":"https:\/\/www.webdo.tn\/fr\/wp-json\/wp\/v2\/media?parent=171969"}],"wp:term":[{"taxonomy":"category","embeddable":true,"href":"https:\/\/www.webdo.tn\/fr\/wp-json\/wp\/v2\/categories?post=171969"},{"taxonomy":"post_tag","embeddable":true,"href":"https:\/\/www.webdo.tn\/fr\/wp-json\/wp\/v2\/tags?post=171969"}],"curies":[{"name":"wp","href":"https:\/\/api.w.org\/{rel}","templated":true}]}}