{"id":171967,"date":"2012-05-11T07:49:00","date_gmt":"2012-05-11T07:49:00","guid":{"rendered":"https:\/\/www.webdo.tn\/fr\/blog\/triche-et-mauvaise-foi-a-lassemblee-constituante\/171967\/"},"modified":"2025-06-04T18:57:23","modified_gmt":"2025-06-04T18:57:23","slug":"triche-et-mauvaise-foi-a-lassemblee-constituante","status":"publish","type":"post","link":"https:\/\/www.webdo.tn\/fr\/actualite\/national\/triche-et-mauvaise-foi-a-lassemblee-constituante\/171967\/","title":{"rendered":"Triche et mauvaise foi \u00e0 l&rsquo;Assembl\u00e9e constituante"},"content":{"rendered":"<p>Il ne leur a pas suffi de tricher en votant doublement et m\u00eame plus au nom de leurs coll\u00e8gues absents, les d\u00e9put\u00e9s qui ont os\u00e9 le faire cherchent \u00e0 justifier leurs actes par des arguments qui font plut\u00f4t rire.\u00a0Le scandale a \u00e9t\u00e9 mis \u00e0 nu lorsque le d\u00e9put\u00e9 Azad Badi, d\u00e9missionnaire du CPR, a fait remarquer lors de la derni\u00e8re s\u00e9ance pl\u00e9ni\u00e8re consacr\u00e9e \u00e0 l\u2019interminable discussion du projet de loi des finances, que des d\u00e9put\u00e9s ont vot\u00e9 plus d\u2019une fois. Le pr\u00e9sident du groupe parlementaire Ennahdha, Sahbi Attig, l\u2019a confirm\u00e9.<\/p>\n<p>Depuis, les facebookeurs ont commenc\u00e9 \u00e0 s\u2019int\u00e9resser \u00e0 ce folklore en publiant des sc\u00e8nes montrant des d\u00e9put\u00e9s en pleine action. L\u2019information relay\u00e9e \u00e0 une grande \u00e9chelle sur le r\u00e9seau social a pris de l\u2019 ampleur et des commentaires de tous genres ont envahi l\u2019espace virtuel et para- m\u00e9diatique.<\/p>\n<p>Au lieu de renoncer \u00e0 cette pratique honteuse qui ne fait honneur ni aux d\u00e9put\u00e9s qui la pratiquent ni \u00e0 l\u2019instance \u00e0 laquelle ils appartiennent, la triche a \u00e9t\u00e9 encore une fois au rendez-vous lors de la s\u00e9ance d\u2019hier, mais cette fois-ci de fa\u00e7on tr\u00e8s flagrante. Sur les 148 personnes pr\u00e9sentes \u00e0 la s\u00e9ance, le nombre des votes exprim\u00e9s a \u00e9t\u00e9 de 162 soit un \u00e9cart de 24 fausses voix.<\/p>\n<p>Mustapha Ben J\u00e2afar s\u2019en est aper\u00e7u lorsque un brouhaha a \u00e9clat\u00e9 dans la salle et des d\u00e9put\u00e9s se sont mis \u00e0 applaudir exactement comme le ferait un lyc\u00e9en tout content d\u2019avoir \u00ab fausse \u2013copi\u00e9 \u00bb en pr\u00e9sence du surveillant. C\u2019est alors qu\u2019il se rendit compte que le nombre des votes affich\u00e9s sur le tableau \u00e9lectronique ne correspondait pas au nombre des votants. Il a donc propos\u00e9 de reprendre l\u2019op\u00e9ration en proc\u00e9dant \u00e0 un vote \u00e0 main lev\u00e9e, mais des d\u00e9put\u00e9s s\u2019y sont oppos\u00e9s au nom du r\u00e8glement int\u00e9rieur de l\u2019assembl\u00e9e. Le d\u00e9put\u00e9 d\u2019Ennahdha Habib Khidhr, en bon juriste averti, a d\u00e9clar\u00e9 que m\u00eame si le r\u00e8glement int\u00e9rieur ne le pr\u00e9voyait pas, car au moment de sa conception on n\u2019avait pas envisag\u00e9 l\u2019hypoth\u00e8se de la fraude, rien n\u2019emp\u00eachait d\u2019y recourir. D\u2019autres d\u00e9put\u00e9s ont pr\u00e9f\u00e9r\u00e9 plut\u00f4t compter le nombre des votants et le comparer au nombre des pr\u00e9sents pour identifier les fraudeurs.<\/p>\n<p>Aymen Zouaghi, d\u00e9put\u00e9 d\u2019El Aridha, qui s\u2019est toujours plaint d\u2019\u00eatre marginalis\u00e9 et coup\u00e9 par le pr\u00e9sident de l\u2019assembl\u00e9e \u00e0 chaque intervention, accusa les facebookeurs parmi la milice d\u2019Ennahdha d\u2019avoir exag\u00e9r\u00e9 l\u2019affaire. Une d\u00e9put\u00e9e Ennahdha l\u2019interrompit alors pour lui demander de retirer ses propos et de s\u2019excuser. Il a fallu l\u2019insistance du Pr\u00e9sident de l\u2019Assembl\u00e9e pour l\u2019obliger \u00e0 revenir sur ses accusations.<\/p>\n<p>Apr\u00e8s lev\u00e9e de la s\u00e9ance pour 15 minutes, les travaux ont repris avec une avalanche de points d\u2019ordre. Des d\u00e9put\u00e9s impliqu\u00e9s dans la triche ont reconnu leurs actes consid\u00e9rant qu\u2019ils avaient vot\u00e9 au nom et pour le compte de leurs coll\u00e8gues qui leur ont demand\u00e9 de le faire en leur lieu et place. Comme quoi, le vote par procuration est permis en mati\u00e8re l\u00e9gislative \u00e0 l\u2019instar de ce qui est d\u2019usage dans les affaires commerciales et civiles. L\u2019un d\u2019eux d\u00e9clara qu\u2019il n\u2019a commis ni vol ni infamie en rendant service \u00e0 une coll\u00e8gue qui lui avait demand\u00e9 de voter \u00e0 sa place.<\/p>\n<p>Pour arr\u00eater la mascarade, un d\u00e9put\u00e9 insista pour que chaque membre de l\u2019assembl\u00e9e soit assis \u00e0 sa place au moment du vote Proposition \u00e0 inscrire dans la cat\u00e9gorie des id\u00e9es \u00e0 dormir debout, car il va de soi qu\u2019il doit en \u00eatre ainsi. Cette consigne, indique Mustapha Ben Jaafar, a \u00e9t\u00e9 toujours rappel\u00e9e aux votants, mais n\u2019a jamais \u00e9t\u00e9 respect\u00e9e \u00e0 100%.<\/p>\n<p>La derni\u00e8re a \u00e9t\u00e9 la proposition d\u2019un d\u00e9put\u00e9 inspir\u00e9e de la politique du parti unique et de la m\u00e9diocratie. Le d\u00e9put\u00e9 a demand\u00e9 de limiter le direct t\u00e9l\u00e9vis\u00e9 \u00e0 quelques images et \u00e0 certaines interventions tri\u00e9es, car d\u2019apr\u00e8s lui, la r\u00e9action dans l\u2019opinion publique a \u00e9t\u00e9 le fait de la diffusion des s\u00e9ances parlementaires. En d\u2019autres termes, il sugg\u00e8re que l\u2019on op\u00e8re en cachette.<\/p>\n<p>Ce scandale auquel l\u2019on s\u2019attendait le moins de la part des d\u00e9put\u00e9s choisis par le peuple pour concevoir la constitution et faire face aux objectifs de la r\u00e9volution, ne fait que compliquer davantage la situation \u00e0 c\u00f4t\u00e9 des longs d\u00e9bats sur le point et la virgule et des petites querelles politiciennes et \u00e0 c\u00f4t\u00e9 de l\u2019absent\u00e9isme ph\u00e9nom\u00e9nal qui rien que pour la journ\u00e9e d\u2019hier \u00e0 atteint pr\u00e8s de 50%.<\/p>\n<p>Entre temps, des centaines de milliards sont bloqu\u00e9s, des projets sont en souffrance, des ch\u00f4meurs ont perdu tout espoir et une bonne majorit\u00e9 de Tunisiens sont d\u00e9\u00e7us.<\/p>\n","protected":false},"excerpt":{"rendered":"<p>Triche et mauvaise foi \u00e0 l&rsquo;Assembl\u00e9e constituante <\/p>\n","protected":false},"author":3222,"featured_media":374419,"comment_status":"open","ping_status":"closed","sticky":false,"template":"","format":"standard","meta":{"footnotes":""},"categories":[44],"tags":[],"class_list":["post-171967","post","type-post","status-publish","format-standard","has-post-thumbnail","hentry","category-national"],"yoast_head":"<!-- This site is optimized with the Yoast SEO Premium plugin v27.5 (Yoast SEO v27.5) - https:\/\/yoast.com\/product\/yoast-seo-premium-wordpress\/ -->\n<title>Triche et mauvaise foi \u00e0 l&#039;Assembl\u00e9e constituante<\/title>\n<meta name=\"description\" content=\"Triche et mauvaise foi \u00e0 l&#039;Assembl\u00e9e constituante\" \/>\n<link rel=\"canonical\" href=\"https:\/\/www.webdo.tn\/fr\/actualite\/national\/triche-et-mauvaise-foi-a-lassemblee-constituante\/171967\/\" \/>\n<meta property=\"og:locale\" content=\"fr_FR\" \/>\n<meta property=\"og:type\" content=\"article\" \/>\n<meta property=\"og:title\" content=\"Triche et mauvaise foi \u00e0 l&#039;Assembl\u00e9e constituante\" \/>\n<meta property=\"og:description\" content=\"Triche et mauvaise foi \u00e0 l&#039;Assembl\u00e9e constituante\" \/>\n<meta property=\"og:url\" content=\"https:\/\/www.webdo.tn\/fr\/actualite\/national\/triche-et-mauvaise-foi-a-lassemblee-constituante\/171967\/\" \/>\n<meta property=\"og:site_name\" content=\"webdo\" \/>\n<meta property=\"article:publisher\" content=\"https:\/\/www.facebook.com\/webdotn\" \/>\n<meta property=\"article:published_time\" content=\"2012-05-11T07:49:00+00:00\" \/>\n<meta property=\"article:modified_time\" content=\"2025-06-04T18:57:23+00:00\" \/>\n<meta name=\"author\" content=\"webdo.tn\" \/>\n<meta name=\"twitter:card\" content=\"summary_large_image\" \/>\n<meta name=\"twitter:creator\" content=\"@webdo_tn\" \/>\n<meta name=\"twitter:site\" content=\"@webdo_tn\" \/>\n<meta name=\"twitter:label1\" content=\"\u00c9crit par\" \/>\n\t<meta name=\"twitter:data1\" content=\"webdo.tn\" \/>\n\t<meta name=\"twitter:label2\" content=\"Dur\u00e9e de lecture estim\u00e9e\" \/>\n\t<meta name=\"twitter:data2\" content=\"4 minutes\" \/>\n<script type=\"application\/ld+json\" class=\"yoast-schema-graph\">{\"@context\":\"https:\\\/\\\/schema.org\",\"@graph\":[{\"@type\":\"NewsArticle\",\"@id\":\"https:\\\/\\\/www.webdo.tn\\\/fr\\\/actualite\\\/national\\\/triche-et-mauvaise-foi-a-lassemblee-constituante\\\/171967\\\/#article\",\"isPartOf\":{\"@id\":\"https:\\\/\\\/www.webdo.tn\\\/fr\\\/actualite\\\/national\\\/triche-et-mauvaise-foi-a-lassemblee-constituante\\\/171967\\\/\"},\"author\":{\"name\":\"webdo.tn\",\"@id\":\"https:\\\/\\\/www.webdo.tn\\\/fr\\\/#\\\/schema\\\/person\\\/9a9c6118d687c117df8ef3cc36a4d175\"},\"headline\":\"Triche et mauvaise foi \u00e0 l&rsquo;Assembl\u00e9e constituante\",\"datePublished\":\"2012-05-11T07:49:00+00:00\",\"dateModified\":\"2025-06-04T18:57:23+00:00\",\"mainEntityOfPage\":{\"@id\":\"https:\\\/\\\/www.webdo.tn\\\/fr\\\/actualite\\\/national\\\/triche-et-mauvaise-foi-a-lassemblee-constituante\\\/171967\\\/\"},\"wordCount\":884,\"commentCount\":0,\"publisher\":{\"@id\":\"https:\\\/\\\/www.webdo.tn\\\/fr\\\/#organization\"},\"image\":{\"@id\":\"https:\\\/\\\/www.webdo.tn\\\/fr\\\/actualite\\\/national\\\/triche-et-mauvaise-foi-a-lassemblee-constituante\\\/171967\\\/#primaryimage\"},\"thumbnailUrl\":\"https:\\\/\\\/www.webdo.tn\\\/fr\\\/wp-content\\\/uploads\\\/2025\\\/06\\\/Assemble-constituante-photo-archive-flickr.com-t_abdelmoumen_171967.jpg\",\"articleSection\":[\"National\"],\"inLanguage\":\"fr-FR\"},{\"@type\":\"WebPage\",\"@id\":\"https:\\\/\\\/www.webdo.tn\\\/fr\\\/actualite\\\/national\\\/triche-et-mauvaise-foi-a-lassemblee-constituante\\\/171967\\\/\",\"url\":\"https:\\\/\\\/www.webdo.tn\\\/fr\\\/actualite\\\/national\\\/triche-et-mauvaise-foi-a-lassemblee-constituante\\\/171967\\\/\",\"name\":\"Triche et mauvaise foi \u00e0 l'Assembl\u00e9e constituante\",\"isPartOf\":{\"@id\":\"https:\\\/\\\/www.webdo.tn\\\/fr\\\/#website\"},\"primaryImageOfPage\":{\"@id\":\"https:\\\/\\\/www.webdo.tn\\\/fr\\\/actualite\\\/national\\\/triche-et-mauvaise-foi-a-lassemblee-constituante\\\/171967\\\/#primaryimage\"},\"image\":{\"@id\":\"https:\\\/\\\/www.webdo.tn\\\/fr\\\/actualite\\\/national\\\/triche-et-mauvaise-foi-a-lassemblee-constituante\\\/171967\\\/#primaryimage\"},\"thumbnailUrl\":\"https:\\\/\\\/www.webdo.tn\\\/fr\\\/wp-content\\\/uploads\\\/2025\\\/06\\\/Assemble-constituante-photo-archive-flickr.com-t_abdelmoumen_171967.jpg\",\"datePublished\":\"2012-05-11T07:49:00+00:00\",\"dateModified\":\"2025-06-04T18:57:23+00:00\",\"description\":\"Triche et mauvaise foi \u00e0 l'Assembl\u00e9e constituante\",\"breadcrumb\":{\"@id\":\"https:\\\/\\\/www.webdo.tn\\\/fr\\\/actualite\\\/national\\\/triche-et-mauvaise-foi-a-lassemblee-constituante\\\/171967\\\/#breadcrumb\"},\"inLanguage\":\"fr-FR\",\"potentialAction\":[{\"@type\":\"ReadAction\",\"target\":[\"https:\\\/\\\/www.webdo.tn\\\/fr\\\/actualite\\\/national\\\/triche-et-mauvaise-foi-a-lassemblee-constituante\\\/171967\\\/\"]}]},{\"@type\":\"ImageObject\",\"inLanguage\":\"fr-FR\",\"@id\":\"https:\\\/\\\/www.webdo.tn\\\/fr\\\/actualite\\\/national\\\/triche-et-mauvaise-foi-a-lassemblee-constituante\\\/171967\\\/#primaryimage\",\"url\":\"https:\\\/\\\/www.webdo.tn\\\/fr\\\/wp-content\\\/uploads\\\/2025\\\/06\\\/Assemble-constituante-photo-archive-flickr.com-t_abdelmoumen_171967.jpg\",\"contentUrl\":\"https:\\\/\\\/www.webdo.tn\\\/fr\\\/wp-content\\\/uploads\\\/2025\\\/06\\\/Assemble-constituante-photo-archive-flickr.com-t_abdelmoumen_171967.jpg\",\"width\":317,\"height\":212,\"caption\":\"Triche et mauvaise foi \u00e0 l'Assembl\u00e9e constituante\"},{\"@type\":\"BreadcrumbList\",\"@id\":\"https:\\\/\\\/www.webdo.tn\\\/fr\\\/actualite\\\/national\\\/triche-et-mauvaise-foi-a-lassemblee-constituante\\\/171967\\\/#breadcrumb\",\"itemListElement\":[{\"@type\":\"ListItem\",\"position\":1,\"name\":\"Accueil\",\"item\":\"https:\\\/\\\/www.webdo.tn\\\/fr\\\/\"},{\"@type\":\"ListItem\",\"position\":2,\"name\":\"Triche et mauvaise foi \u00e0 l&rsquo;Assembl\u00e9e constituante\"}]},{\"@type\":\"WebSite\",\"@id\":\"https:\\\/\\\/www.webdo.tn\\\/fr\\\/#website\",\"url\":\"https:\\\/\\\/www.webdo.tn\\\/fr\\\/\",\"name\":\"webdo\",\"description\":\"Tunisie - News en Tunisie et \u00e0 l&#039;international sur Webdo.tn\",\"publisher\":{\"@id\":\"https:\\\/\\\/www.webdo.tn\\\/fr\\\/#organization\"},\"potentialAction\":[{\"@type\":\"SearchAction\",\"target\":{\"@type\":\"EntryPoint\",\"urlTemplate\":\"https:\\\/\\\/www.webdo.tn\\\/fr\\\/?s={search_term_string}\"},\"query-input\":{\"@type\":\"PropertyValueSpecification\",\"valueRequired\":true,\"valueName\":\"search_term_string\"}}],\"inLanguage\":\"fr-FR\"},{\"@type\":\"Organization\",\"@id\":\"https:\\\/\\\/www.webdo.tn\\\/fr\\\/#organization\",\"name\":\"Webdo\",\"alternateName\":\"Webdo.tn\",\"url\":\"https:\\\/\\\/www.webdo.tn\\\/fr\\\/\",\"logo\":{\"@type\":\"ImageObject\",\"inLanguage\":\"fr-FR\",\"@id\":\"https:\\\/\\\/www.webdo.tn\\\/fr\\\/#\\\/schema\\\/logo\\\/image\\\/\",\"url\":\"https:\\\/\\\/www.webdo.tn\\\/fr\\\/wp-content\\\/uploads\\\/2025\\\/06\\\/Webdo-Tunisie_168377.jpg\",\"contentUrl\":\"https:\\\/\\\/www.webdo.tn\\\/fr\\\/wp-content\\\/uploads\\\/2025\\\/06\\\/Webdo-Tunisie_168377.jpg\",\"width\":301,\"height\":301,\"caption\":\"Webdo\"},\"image\":{\"@id\":\"https:\\\/\\\/www.webdo.tn\\\/fr\\\/#\\\/schema\\\/logo\\\/image\\\/\"},\"sameAs\":[\"https:\\\/\\\/www.facebook.com\\\/webdotn\",\"https:\\\/\\\/x.com\\\/webdo_tn\"],\"description\":\"Webdo est un m\u00e9dia num\u00e9rique tunisien fond\u00e9 en 2010, sp\u00e9cialis\u00e9 dans l\u2019actualit\u00e9 nationale et internationale, l\u2019\u00e9conomie, la soci\u00e9t\u00e9 et les analyses politiques. Le site s\u2019adresse \u00e0 un large public francophone et couvre l\u2019information tunisienne en temps r\u00e9el.\",\"email\":\"redac@webdo.tn\",\"legalName\":\"YNJ SARL\",\"foundingDate\":\"2010-09-06\",\"numberOfEmployees\":{\"@type\":\"QuantitativeValue\",\"minValue\":\"11\",\"maxValue\":\"50\"}},{\"@type\":\"Person\",\"@id\":\"https:\\\/\\\/www.webdo.tn\\\/fr\\\/#\\\/schema\\\/person\\\/9a9c6118d687c117df8ef3cc36a4d175\",\"name\":\"webdo.tn\",\"image\":{\"@type\":\"ImageObject\",\"inLanguage\":\"fr-FR\",\"@id\":\"https:\\\/\\\/secure.gravatar.com\\\/avatar\\\/7ce1f28c0c3bbac99ff550b85ef8e44a6950c6ee24514fb6a5489e51d06f0298?s=96&d=mm&r=g\",\"url\":\"https:\\\/\\\/secure.gravatar.com\\\/avatar\\\/7ce1f28c0c3bbac99ff550b85ef8e44a6950c6ee24514fb6a5489e51d06f0298?s=96&d=mm&r=g\",\"contentUrl\":\"https:\\\/\\\/secure.gravatar.com\\\/avatar\\\/7ce1f28c0c3bbac99ff550b85ef8e44a6950c6ee24514fb6a5489e51d06f0298?s=96&d=mm&r=g\",\"caption\":\"webdo.tn\"},\"url\":\"https:\\\/\\\/www.webdo.tn\\\/fr\\\/actualite\\\/author\\\/webdotn\\\/\"}]}<\/script>\n<!-- \/ Yoast SEO Premium plugin. -->","yoast_head_json":{"title":"Triche et mauvaise foi \u00e0 l'Assembl\u00e9e constituante","description":"Triche et mauvaise foi \u00e0 l'Assembl\u00e9e constituante","canonical":"https:\/\/www.webdo.tn\/fr\/actualite\/national\/triche-et-mauvaise-foi-a-lassemblee-constituante\/171967\/","og_locale":"fr_FR","og_type":"article","og_title":"Triche et mauvaise foi \u00e0 l'Assembl\u00e9e constituante","og_description":"Triche et mauvaise foi \u00e0 l'Assembl\u00e9e constituante","og_url":"https:\/\/www.webdo.tn\/fr\/actualite\/national\/triche-et-mauvaise-foi-a-lassemblee-constituante\/171967\/","og_site_name":"webdo","article_publisher":"https:\/\/www.facebook.com\/webdotn","article_published_time":"2012-05-11T07:49:00+00:00","article_modified_time":"2025-06-04T18:57:23+00:00","author":"webdo.tn","twitter_card":"summary_large_image","twitter_creator":"@webdo_tn","twitter_site":"@webdo_tn","twitter_misc":{"\u00c9crit par":"webdo.tn","Dur\u00e9e de lecture estim\u00e9e":"4 minutes"},"schema":{"@context":"https:\/\/schema.org","@graph":[{"@type":"NewsArticle","@id":"https:\/\/www.webdo.tn\/fr\/actualite\/national\/triche-et-mauvaise-foi-a-lassemblee-constituante\/171967\/#article","isPartOf":{"@id":"https:\/\/www.webdo.tn\/fr\/actualite\/national\/triche-et-mauvaise-foi-a-lassemblee-constituante\/171967\/"},"author":{"name":"webdo.tn","@id":"https:\/\/www.webdo.tn\/fr\/#\/schema\/person\/9a9c6118d687c117df8ef3cc36a4d175"},"headline":"Triche et mauvaise foi \u00e0 l&rsquo;Assembl\u00e9e constituante","datePublished":"2012-05-11T07:49:00+00:00","dateModified":"2025-06-04T18:57:23+00:00","mainEntityOfPage":{"@id":"https:\/\/www.webdo.tn\/fr\/actualite\/national\/triche-et-mauvaise-foi-a-lassemblee-constituante\/171967\/"},"wordCount":884,"commentCount":0,"publisher":{"@id":"https:\/\/www.webdo.tn\/fr\/#organization"},"image":{"@id":"https:\/\/www.webdo.tn\/fr\/actualite\/national\/triche-et-mauvaise-foi-a-lassemblee-constituante\/171967\/#primaryimage"},"thumbnailUrl":"https:\/\/www.webdo.tn\/fr\/wp-content\/uploads\/2025\/06\/Assemble-constituante-photo-archive-flickr.com-t_abdelmoumen_171967.jpg","articleSection":["National"],"inLanguage":"fr-FR"},{"@type":"WebPage","@id":"https:\/\/www.webdo.tn\/fr\/actualite\/national\/triche-et-mauvaise-foi-a-lassemblee-constituante\/171967\/","url":"https:\/\/www.webdo.tn\/fr\/actualite\/national\/triche-et-mauvaise-foi-a-lassemblee-constituante\/171967\/","name":"Triche et mauvaise foi \u00e0 l'Assembl\u00e9e constituante","isPartOf":{"@id":"https:\/\/www.webdo.tn\/fr\/#website"},"primaryImageOfPage":{"@id":"https:\/\/www.webdo.tn\/fr\/actualite\/national\/triche-et-mauvaise-foi-a-lassemblee-constituante\/171967\/#primaryimage"},"image":{"@id":"https:\/\/www.webdo.tn\/fr\/actualite\/national\/triche-et-mauvaise-foi-a-lassemblee-constituante\/171967\/#primaryimage"},"thumbnailUrl":"https:\/\/www.webdo.tn\/fr\/wp-content\/uploads\/2025\/06\/Assemble-constituante-photo-archive-flickr.com-t_abdelmoumen_171967.jpg","datePublished":"2012-05-11T07:49:00+00:00","dateModified":"2025-06-04T18:57:23+00:00","description":"Triche et mauvaise foi \u00e0 l'Assembl\u00e9e constituante","breadcrumb":{"@id":"https:\/\/www.webdo.tn\/fr\/actualite\/national\/triche-et-mauvaise-foi-a-lassemblee-constituante\/171967\/#breadcrumb"},"inLanguage":"fr-FR","potentialAction":[{"@type":"ReadAction","target":["https:\/\/www.webdo.tn\/fr\/actualite\/national\/triche-et-mauvaise-foi-a-lassemblee-constituante\/171967\/"]}]},{"@type":"ImageObject","inLanguage":"fr-FR","@id":"https:\/\/www.webdo.tn\/fr\/actualite\/national\/triche-et-mauvaise-foi-a-lassemblee-constituante\/171967\/#primaryimage","url":"https:\/\/www.webdo.tn\/fr\/wp-content\/uploads\/2025\/06\/Assemble-constituante-photo-archive-flickr.com-t_abdelmoumen_171967.jpg","contentUrl":"https:\/\/www.webdo.tn\/fr\/wp-content\/uploads\/2025\/06\/Assemble-constituante-photo-archive-flickr.com-t_abdelmoumen_171967.jpg","width":317,"height":212,"caption":"Triche et mauvaise foi \u00e0 l'Assembl\u00e9e constituante"},{"@type":"BreadcrumbList","@id":"https:\/\/www.webdo.tn\/fr\/actualite\/national\/triche-et-mauvaise-foi-a-lassemblee-constituante\/171967\/#breadcrumb","itemListElement":[{"@type":"ListItem","position":1,"name":"Accueil","item":"https:\/\/www.webdo.tn\/fr\/"},{"@type":"ListItem","position":2,"name":"Triche et mauvaise foi \u00e0 l&rsquo;Assembl\u00e9e constituante"}]},{"@type":"WebSite","@id":"https:\/\/www.webdo.tn\/fr\/#website","url":"https:\/\/www.webdo.tn\/fr\/","name":"webdo","description":"Tunisie - News en Tunisie et \u00e0 l&#039;international sur Webdo.tn","publisher":{"@id":"https:\/\/www.webdo.tn\/fr\/#organization"},"potentialAction":[{"@type":"SearchAction","target":{"@type":"EntryPoint","urlTemplate":"https:\/\/www.webdo.tn\/fr\/?s={search_term_string}"},"query-input":{"@type":"PropertyValueSpecification","valueRequired":true,"valueName":"search_term_string"}}],"inLanguage":"fr-FR"},{"@type":"Organization","@id":"https:\/\/www.webdo.tn\/fr\/#organization","name":"Webdo","alternateName":"Webdo.tn","url":"https:\/\/www.webdo.tn\/fr\/","logo":{"@type":"ImageObject","inLanguage":"fr-FR","@id":"https:\/\/www.webdo.tn\/fr\/#\/schema\/logo\/image\/","url":"https:\/\/www.webdo.tn\/fr\/wp-content\/uploads\/2025\/06\/Webdo-Tunisie_168377.jpg","contentUrl":"https:\/\/www.webdo.tn\/fr\/wp-content\/uploads\/2025\/06\/Webdo-Tunisie_168377.jpg","width":301,"height":301,"caption":"Webdo"},"image":{"@id":"https:\/\/www.webdo.tn\/fr\/#\/schema\/logo\/image\/"},"sameAs":["https:\/\/www.facebook.com\/webdotn","https:\/\/x.com\/webdo_tn"],"description":"Webdo est un m\u00e9dia num\u00e9rique tunisien fond\u00e9 en 2010, sp\u00e9cialis\u00e9 dans l\u2019actualit\u00e9 nationale et internationale, l\u2019\u00e9conomie, la soci\u00e9t\u00e9 et les analyses politiques. Le site s\u2019adresse \u00e0 un large public francophone et couvre l\u2019information tunisienne en temps r\u00e9el.","email":"redac@webdo.tn","legalName":"YNJ SARL","foundingDate":"2010-09-06","numberOfEmployees":{"@type":"QuantitativeValue","minValue":"11","maxValue":"50"}},{"@type":"Person","@id":"https:\/\/www.webdo.tn\/fr\/#\/schema\/person\/9a9c6118d687c117df8ef3cc36a4d175","name":"webdo.tn","image":{"@type":"ImageObject","inLanguage":"fr-FR","@id":"https:\/\/secure.gravatar.com\/avatar\/7ce1f28c0c3bbac99ff550b85ef8e44a6950c6ee24514fb6a5489e51d06f0298?s=96&d=mm&r=g","url":"https:\/\/secure.gravatar.com\/avatar\/7ce1f28c0c3bbac99ff550b85ef8e44a6950c6ee24514fb6a5489e51d06f0298?s=96&d=mm&r=g","contentUrl":"https:\/\/secure.gravatar.com\/avatar\/7ce1f28c0c3bbac99ff550b85ef8e44a6950c6ee24514fb6a5489e51d06f0298?s=96&d=mm&r=g","caption":"webdo.tn"},"url":"https:\/\/www.webdo.tn\/fr\/actualite\/author\/webdotn\/"}]}},"_links":{"self":[{"href":"https:\/\/www.webdo.tn\/fr\/wp-json\/wp\/v2\/posts\/171967","targetHints":{"allow":["GET"]}}],"collection":[{"href":"https:\/\/www.webdo.tn\/fr\/wp-json\/wp\/v2\/posts"}],"about":[{"href":"https:\/\/www.webdo.tn\/fr\/wp-json\/wp\/v2\/types\/post"}],"author":[{"embeddable":true,"href":"https:\/\/www.webdo.tn\/fr\/wp-json\/wp\/v2\/users\/3222"}],"replies":[{"embeddable":true,"href":"https:\/\/www.webdo.tn\/fr\/wp-json\/wp\/v2\/comments?post=171967"}],"version-history":[{"count":0,"href":"https:\/\/www.webdo.tn\/fr\/wp-json\/wp\/v2\/posts\/171967\/revisions"}],"wp:featuredmedia":[{"embeddable":true,"href":"https:\/\/www.webdo.tn\/fr\/wp-json\/wp\/v2\/media\/374419"}],"wp:attachment":[{"href":"https:\/\/www.webdo.tn\/fr\/wp-json\/wp\/v2\/media?parent=171967"}],"wp:term":[{"taxonomy":"category","embeddable":true,"href":"https:\/\/www.webdo.tn\/fr\/wp-json\/wp\/v2\/categories?post=171967"},{"taxonomy":"post_tag","embeddable":true,"href":"https:\/\/www.webdo.tn\/fr\/wp-json\/wp\/v2\/tags?post=171967"}],"curies":[{"name":"wp","href":"https:\/\/api.w.org\/{rel}","templated":true}]}}