{"id":171965,"date":"2012-05-12T00:21:00","date_gmt":"2012-05-12T00:21:00","guid":{"rendered":"https:\/\/www.webdo.tn\/fr\/blog\/manipulation-malsaine-ben-ali-toujours-dans-les-coeurs\/171965\/"},"modified":"2012-05-12T00:21:00","modified_gmt":"2012-05-12T00:21:00","slug":"manipulation-malsaine-ben-ali-toujours-dans-les-coeurs","status":"publish","type":"post","link":"https:\/\/www.webdo.tn\/fr\/actualite\/national\/manipulation-malsaine-ben-ali-toujours-dans-les-coeurs\/171965\/","title":{"rendered":"Manipulation malsaine : Ben Ali toujours dans les c\u0153urs !"},"content":{"rendered":"<p>Les plus avertis sauront que les instituts de sondage, tout aussi s\u00e9rieux qu\u2019ils sont et tout aussi scientifiques qu&rsquo;ils puissent \u00eatre, demeurent un formidable, mais dangereux instrument de propagande et de manipulation.<\/p>\n<p>Dans un inexplicable \u00e9lan, Sigma Conseil vient de r\u00e9aliser un sondage publi\u00e9 par le \u00ab\u00a0Maghreb\u00a0\u00bb et qui laisse, \u00e0 premi\u00e8re vue, pantois. Selon les r\u00e9sultats de cette enqu\u00eate d\u2019opinion, 42% des Tunisiens interrog\u00e9s regretteraient l\u2019\u00e8re Ben Ali, estimant que le pays se portait mieux sous la dictature. Un chiffre effarant, quatorze mois apr\u00e8s une r\u00e9volution qui a mis sens dessus dessous le monde arabe.<\/p>\n<p> Mais reste \u00e0 savoir dans quelles conditions a \u00e9t\u00e9 r\u00e9alis\u00e9e cette enqu\u00eate aupr\u00e8s des personnes interrog\u00e9es ? Sur les mille Tunisiens sond\u00e9s, pr\u00e8s de la moiti\u00e9 regretteraient donc le d\u00e9part de Ben Ali ! Est-on vraiment pour le retour de Ben Ali au Palis de Carthage ? \u00c0 vrai dire, ce sondage \u2013 comme tous les sondages d\u2019ailleurs \u2013, n\u2019est pas aussi innocent. Il est m\u00eame provocateur tout comme l\u2019a toujours \u00e9t\u00e9 Sigma Conseil.<\/p>\n<p>L\u00e0, se pose la question de la cr\u00e9dibilit\u00e9 de ce sondage alors que Sigma Conseil est r\u00e9put\u00e9 pour avoir, par le pass\u00e9, \u00e9pous\u00e9 les causes de l\u2019ancien r\u00e9gime. Il n\u2019en est pas \u00e0 sa premi\u00e8re enqu\u00eate chiffr\u00e9e et les plus avertis savent pertinemment que les instituts de sondage sont dict\u00e9s par la loi de l\u2019argent.<\/p>\n<p>Il n\u2019y a pas si longtemps que cela, Sigma sacrait, \u00e0 travers un autre sondage \u00ab\u00a0commandit\u00e9\u00a0\u00bb, Cyrine Ben Ali, fille du dictateur. Elle devenait ainsi la femme d\u2019affaires de l\u2019ann\u00e9e 2010, mettant sur la touche les nombreuses comp\u00e9tences que peut compter ce petit pays qu\u2019est la Tunisie.<\/p>\n<p>Le tout est de savoir poser la question qui ouvre la voie \u00e0 multiples interpr\u00e9tations. Les m\u00e9thodes utilis\u00e9es restent scientifiques, mais tout est dans l\u2019approche. De l\u00e0, on comprend mieux comment un institut comme Sigma, r\u00f4d\u00e9 comme il est, est parvenu \u00e0 arracher les r\u00e9ponses qu\u2019il voulait entendre. C\u2019est professionnel et scientifique ! Mais c\u2019est aussi de la manipulation qui consiste avant tout \u00e0 cr\u00e9er le buzz, \u00e0 se faire de la pub afin de retrouver un prestige perdu depuis la fuite des Ben Ali. C\u2019est en tout cas, malsain ! C\u2019est alarmant pour la majorit\u00e9 des petites gens !<\/p>\n<p>C\u2019est aussi un message abstrait que veut faire passer le \u00ab\u00a0Maghreb\u00a0\u00bb, connu pour ses prises de position anti-Ennahdha. Dans ce d\u00e9sespoir et ce pessimisme ambiant qui r\u00e9git notre quotidien depuis plus d\u2019une ann\u00e9e, ne vaudrait-il pas mieux rappeler Ben Ali ? L\u00e0 aussi, le malsain pr\u00e9domine. Opposer deux ennemis jur\u00e9s que sont Ben Ali et Ennahdha dans ce jeu malsain de questions d\u00e9tourn\u00e9es et vicieuses et en faire ressortir des chiffres qui donnent raison \u00e0 la dictature, jettent un trouble dans les esprits. Entre machinations pass\u00e9es et manipulations futures, la limite est devenue infime.<\/p>\n<p>L\u2019illustration est d\u2019ailleurs pr\u00e9sente dans ce sondage qui ass\u00e8ne le coup avec 78,3% de m\u00e9contents concernant la gestion du pays de la part du gouvernement actuel, mais aussi avec 53,5% des personnes interrog\u00e9es qui estiment que ce gouvernement est la cause des probl\u00e8mes actuels. De l\u00e0, il est \u00ab\u00a0naturel\u00a0\u00bb d\u2019avoir 42% de Tunisiens souhaitant le retour de Ben Ali vu la d\u00e9t\u00e9rioration de la situation g\u00e9n\u00e9rale. Tout est dans la manipulation !<\/p>\n<p>Reste \u00e0 savoir qu\u2019en pense Ben Ali lui-m\u00eame qui doit se d\u00e9lecter de ces chiffres ! \u00c0 moins qu\u2019un autre dictateur ne vienne en sauveur.<\/p>\n<p>Cela nous rappelle la m\u00e9morable vid\u00e9o cr\u00e9\u00e9e par Memac Ogilvy Label \u00e0 l\u2019occasion d\u2019une campagne \u00abLe retour de Ben Ali \u00e0 la Goulette\u00bb faite pour le compte de l&rsquo;association tunisienne Engagement Citoyen, destin\u00e9e \u00e0 mettre en garde les Tunisiens.<\/p>\n<p>Si aujourd\u2019hui, les Tunisiens parviennent \u00e0 regretter un dictateur, c\u2019est peut-\u00eatre aussi parce que ce gouvernement ne fait rien pour ces Tunisiens. Si le \u00ab\u00a0Maghreb\u00a0\u00bb a voulu faire le buzz, c\u2019est aussi pour qu\u2019on suive son regard, \u00e0 savoir qu\u2019il faut prendre garde de ne pas retomber sous une autre forme de dictature\u2026 celle de l\u2019argent et celle des grosses fortunes qui ont perdu un atout de charme quand Ben Ali a \u00e9t\u00e9 chass\u00e9 du pays !<\/p>\n","protected":false},"excerpt":{"rendered":"<p>Manipulation malsaine : Ben Ali toujours dans les c\u0153urs !<\/p>\n","protected":false},"author":3222,"featured_media":333588,"comment_status":"open","ping_status":"closed","sticky":false,"template":"","format":"standard","meta":{"footnotes":""},"categories":[44],"tags":[2600],"class_list":["post-171965","post","type-post","status-publish","format-standard","has-post-thumbnail","hentry","category-national","tag-guerre"],"yoast_head":"<!-- This site is optimized with the Yoast SEO Premium plugin v27.5 (Yoast SEO v27.5) - https:\/\/yoast.com\/product\/yoast-seo-premium-wordpress\/ -->\n<title>Manipulation malsaine : Ben Ali toujours dans les c\u0153urs !<\/title>\n<meta name=\"description\" content=\"Manipulation malsaine : Ben Ali toujours dans les c\u0153urs !\" \/>\n<link rel=\"canonical\" href=\"https:\/\/www.webdo.tn\/fr\/actualite\/national-45\/manipulation-malsaine-ben-ali-toujours-dans-les-coeurs\/171965\/\" \/>\n<meta property=\"og:locale\" content=\"fr_FR\" \/>\n<meta property=\"og:type\" content=\"article\" \/>\n<meta property=\"og:title\" content=\"Manipulation malsaine : Ben Ali toujours dans les c\u0153urs !\" \/>\n<meta property=\"og:description\" content=\"Manipulation malsaine : Ben Ali toujours dans les c\u0153urs !\" \/>\n<meta property=\"og:url\" content=\"https:\/\/www.webdo.tn\/fr\/actualite\/national-45\/manipulation-malsaine-ben-ali-toujours-dans-les-coeurs\/171965\/\" \/>\n<meta property=\"og:site_name\" content=\"webdo\" \/>\n<meta property=\"article:publisher\" content=\"https:\/\/www.facebook.com\/webdotn\" \/>\n<meta property=\"article:published_time\" content=\"2012-05-12T00:21:00+00:00\" \/>\n<meta property=\"og:image\" content=\"https:\/\/www.webdo.tn\/fr\/wp-content\/uploads\/2012\/05\/Ben-Ali-photo-nalair.fr_.jpg\" \/>\n\t<meta property=\"og:image:width\" content=\"241\" \/>\n\t<meta property=\"og:image:height\" content=\"315\" \/>\n\t<meta property=\"og:image:type\" content=\"image\/jpeg\" \/>\n<meta name=\"author\" content=\"webdo.tn\" \/>\n<meta name=\"twitter:card\" content=\"summary_large_image\" \/>\n<meta name=\"twitter:creator\" content=\"@webdo_tn\" \/>\n<meta name=\"twitter:site\" content=\"@webdo_tn\" \/>\n<meta name=\"twitter:label1\" content=\"\u00c9crit par\" \/>\n\t<meta name=\"twitter:data1\" content=\"webdo.tn\" \/>\n\t<meta name=\"twitter:label2\" content=\"Dur\u00e9e de lecture estim\u00e9e\" \/>\n\t<meta name=\"twitter:data2\" content=\"4 minutes\" \/>\n<script type=\"application\/ld+json\" class=\"yoast-schema-graph\">{\"@context\":\"https:\\\/\\\/schema.org\",\"@graph\":[{\"@type\":\"NewsArticle\",\"@id\":\"https:\\\/\\\/www.webdo.tn\\\/fr\\\/actualite\\\/national-45\\\/manipulation-malsaine-ben-ali-toujours-dans-les-coeurs\\\/171965\\\/#article\",\"isPartOf\":{\"@id\":\"https:\\\/\\\/www.webdo.tn\\\/fr\\\/actualite\\\/national-45\\\/manipulation-malsaine-ben-ali-toujours-dans-les-coeurs\\\/171965\\\/\"},\"author\":{\"name\":\"webdo.tn\",\"@id\":\"https:\\\/\\\/www.webdo.tn\\\/fr\\\/#\\\/schema\\\/person\\\/9a9c6118d687c117df8ef3cc36a4d175\"},\"headline\":\"Manipulation malsaine : Ben Ali toujours dans les c\u0153urs !\",\"datePublished\":\"2012-05-12T00:21:00+00:00\",\"mainEntityOfPage\":{\"@id\":\"https:\\\/\\\/www.webdo.tn\\\/fr\\\/actualite\\\/national-45\\\/manipulation-malsaine-ben-ali-toujours-dans-les-coeurs\\\/171965\\\/\"},\"wordCount\":746,\"commentCount\":0,\"publisher\":{\"@id\":\"https:\\\/\\\/www.webdo.tn\\\/fr\\\/#organization\"},\"image\":{\"@id\":\"https:\\\/\\\/www.webdo.tn\\\/fr\\\/actualite\\\/national-45\\\/manipulation-malsaine-ben-ali-toujours-dans-les-coeurs\\\/171965\\\/#primaryimage\"},\"thumbnailUrl\":\"https:\\\/\\\/www.webdo.tn\\\/fr\\\/wp-content\\\/uploads\\\/2012\\\/05\\\/Ben-Ali-photo-nalair.fr_.jpg\",\"keywords\":[\"guerre\"],\"articleSection\":[\"National\"],\"inLanguage\":\"fr-FR\"},{\"@type\":\"WebPage\",\"@id\":\"https:\\\/\\\/www.webdo.tn\\\/fr\\\/actualite\\\/national-45\\\/manipulation-malsaine-ben-ali-toujours-dans-les-coeurs\\\/171965\\\/\",\"url\":\"https:\\\/\\\/www.webdo.tn\\\/fr\\\/actualite\\\/national-45\\\/manipulation-malsaine-ben-ali-toujours-dans-les-coeurs\\\/171965\\\/\",\"name\":\"Manipulation malsaine : Ben Ali toujours dans les c\u0153urs !\",\"isPartOf\":{\"@id\":\"https:\\\/\\\/www.webdo.tn\\\/fr\\\/#website\"},\"primaryImageOfPage\":{\"@id\":\"https:\\\/\\\/www.webdo.tn\\\/fr\\\/actualite\\\/national-45\\\/manipulation-malsaine-ben-ali-toujours-dans-les-coeurs\\\/171965\\\/#primaryimage\"},\"image\":{\"@id\":\"https:\\\/\\\/www.webdo.tn\\\/fr\\\/actualite\\\/national-45\\\/manipulation-malsaine-ben-ali-toujours-dans-les-coeurs\\\/171965\\\/#primaryimage\"},\"thumbnailUrl\":\"https:\\\/\\\/www.webdo.tn\\\/fr\\\/wp-content\\\/uploads\\\/2012\\\/05\\\/Ben-Ali-photo-nalair.fr_.jpg\",\"datePublished\":\"2012-05-12T00:21:00+00:00\",\"description\":\"Manipulation malsaine : Ben Ali toujours dans les c\u0153urs !\",\"breadcrumb\":{\"@id\":\"https:\\\/\\\/www.webdo.tn\\\/fr\\\/actualite\\\/national-45\\\/manipulation-malsaine-ben-ali-toujours-dans-les-coeurs\\\/171965\\\/#breadcrumb\"},\"inLanguage\":\"fr-FR\",\"potentialAction\":[{\"@type\":\"ReadAction\",\"target\":[\"https:\\\/\\\/www.webdo.tn\\\/fr\\\/actualite\\\/national-45\\\/manipulation-malsaine-ben-ali-toujours-dans-les-coeurs\\\/171965\\\/\"]}]},{\"@type\":\"ImageObject\",\"inLanguage\":\"fr-FR\",\"@id\":\"https:\\\/\\\/www.webdo.tn\\\/fr\\\/actualite\\\/national-45\\\/manipulation-malsaine-ben-ali-toujours-dans-les-coeurs\\\/171965\\\/#primaryimage\",\"url\":\"https:\\\/\\\/www.webdo.tn\\\/fr\\\/wp-content\\\/uploads\\\/2012\\\/05\\\/Ben-Ali-photo-nalair.fr_.jpg\",\"contentUrl\":\"https:\\\/\\\/www.webdo.tn\\\/fr\\\/wp-content\\\/uploads\\\/2012\\\/05\\\/Ben-Ali-photo-nalair.fr_.jpg\",\"width\":241,\"height\":315,\"caption\":\"Manipulation malsaine : Ben Ali toujours dans les c\u0153urs !\"},{\"@type\":\"BreadcrumbList\",\"@id\":\"https:\\\/\\\/www.webdo.tn\\\/fr\\\/actualite\\\/national-45\\\/manipulation-malsaine-ben-ali-toujours-dans-les-coeurs\\\/171965\\\/#breadcrumb\",\"itemListElement\":[{\"@type\":\"ListItem\",\"position\":1,\"name\":\"Accueil\",\"item\":\"https:\\\/\\\/www.webdo.tn\\\/fr\\\/\"},{\"@type\":\"ListItem\",\"position\":2,\"name\":\"Manipulation malsaine : Ben Ali toujours dans les c\u0153urs !\"}]},{\"@type\":\"WebSite\",\"@id\":\"https:\\\/\\\/www.webdo.tn\\\/fr\\\/#website\",\"url\":\"https:\\\/\\\/www.webdo.tn\\\/fr\\\/\",\"name\":\"webdo\",\"description\":\"Tunisie - News en Tunisie et \u00e0 l&#039;international sur Webdo.tn\",\"publisher\":{\"@id\":\"https:\\\/\\\/www.webdo.tn\\\/fr\\\/#organization\"},\"potentialAction\":[{\"@type\":\"SearchAction\",\"target\":{\"@type\":\"EntryPoint\",\"urlTemplate\":\"https:\\\/\\\/www.webdo.tn\\\/fr\\\/?s={search_term_string}\"},\"query-input\":{\"@type\":\"PropertyValueSpecification\",\"valueRequired\":true,\"valueName\":\"search_term_string\"}}],\"inLanguage\":\"fr-FR\"},{\"@type\":\"Organization\",\"@id\":\"https:\\\/\\\/www.webdo.tn\\\/fr\\\/#organization\",\"name\":\"Webdo\",\"alternateName\":\"Webdo.tn\",\"url\":\"https:\\\/\\\/www.webdo.tn\\\/fr\\\/\",\"logo\":{\"@type\":\"ImageObject\",\"inLanguage\":\"fr-FR\",\"@id\":\"https:\\\/\\\/www.webdo.tn\\\/fr\\\/#\\\/schema\\\/logo\\\/image\\\/\",\"url\":\"https:\\\/\\\/www.webdo.tn\\\/fr\\\/wp-content\\\/uploads\\\/2025\\\/06\\\/Webdo-Tunisie_168377.jpg\",\"contentUrl\":\"https:\\\/\\\/www.webdo.tn\\\/fr\\\/wp-content\\\/uploads\\\/2025\\\/06\\\/Webdo-Tunisie_168377.jpg\",\"width\":301,\"height\":301,\"caption\":\"Webdo\"},\"image\":{\"@id\":\"https:\\\/\\\/www.webdo.tn\\\/fr\\\/#\\\/schema\\\/logo\\\/image\\\/\"},\"sameAs\":[\"https:\\\/\\\/www.facebook.com\\\/webdotn\",\"https:\\\/\\\/x.com\\\/webdo_tn\"],\"description\":\"Webdo est un m\u00e9dia num\u00e9rique tunisien fond\u00e9 en 2010, sp\u00e9cialis\u00e9 dans l\u2019actualit\u00e9 nationale et internationale, l\u2019\u00e9conomie, la soci\u00e9t\u00e9 et les analyses politiques. Le site s\u2019adresse \u00e0 un large public francophone et couvre l\u2019information tunisienne en temps r\u00e9el.\",\"email\":\"redac@webdo.tn\",\"legalName\":\"YNJ SARL\",\"foundingDate\":\"2010-09-06\",\"numberOfEmployees\":{\"@type\":\"QuantitativeValue\",\"minValue\":\"11\",\"maxValue\":\"50\"}},{\"@type\":\"Person\",\"@id\":\"https:\\\/\\\/www.webdo.tn\\\/fr\\\/#\\\/schema\\\/person\\\/9a9c6118d687c117df8ef3cc36a4d175\",\"name\":\"webdo.tn\",\"image\":{\"@type\":\"ImageObject\",\"inLanguage\":\"fr-FR\",\"@id\":\"https:\\\/\\\/secure.gravatar.com\\\/avatar\\\/7ce1f28c0c3bbac99ff550b85ef8e44a6950c6ee24514fb6a5489e51d06f0298?s=96&d=mm&r=g\",\"url\":\"https:\\\/\\\/secure.gravatar.com\\\/avatar\\\/7ce1f28c0c3bbac99ff550b85ef8e44a6950c6ee24514fb6a5489e51d06f0298?s=96&d=mm&r=g\",\"contentUrl\":\"https:\\\/\\\/secure.gravatar.com\\\/avatar\\\/7ce1f28c0c3bbac99ff550b85ef8e44a6950c6ee24514fb6a5489e51d06f0298?s=96&d=mm&r=g\",\"caption\":\"webdo.tn\"},\"url\":\"https:\\\/\\\/www.webdo.tn\\\/fr\\\/actualite\\\/author\\\/webdotn\\\/\"}]}<\/script>\n<!-- \/ Yoast SEO Premium plugin. -->","yoast_head_json":{"title":"Manipulation malsaine : Ben Ali toujours dans les c\u0153urs !","description":"Manipulation malsaine : Ben Ali toujours dans les c\u0153urs !","canonical":"https:\/\/www.webdo.tn\/fr\/actualite\/national-45\/manipulation-malsaine-ben-ali-toujours-dans-les-coeurs\/171965\/","og_locale":"fr_FR","og_type":"article","og_title":"Manipulation malsaine : Ben Ali toujours dans les c\u0153urs !","og_description":"Manipulation malsaine : Ben Ali toujours dans les c\u0153urs !","og_url":"https:\/\/www.webdo.tn\/fr\/actualite\/national-45\/manipulation-malsaine-ben-ali-toujours-dans-les-coeurs\/171965\/","og_site_name":"webdo","article_publisher":"https:\/\/www.facebook.com\/webdotn","article_published_time":"2012-05-12T00:21:00+00:00","og_image":[{"width":241,"height":315,"url":"https:\/\/www.webdo.tn\/fr\/wp-content\/uploads\/2012\/05\/Ben-Ali-photo-nalair.fr_.jpg","type":"image\/jpeg"}],"author":"webdo.tn","twitter_card":"summary_large_image","twitter_creator":"@webdo_tn","twitter_site":"@webdo_tn","twitter_misc":{"\u00c9crit par":"webdo.tn","Dur\u00e9e de lecture estim\u00e9e":"4 minutes"},"schema":{"@context":"https:\/\/schema.org","@graph":[{"@type":"NewsArticle","@id":"https:\/\/www.webdo.tn\/fr\/actualite\/national-45\/manipulation-malsaine-ben-ali-toujours-dans-les-coeurs\/171965\/#article","isPartOf":{"@id":"https:\/\/www.webdo.tn\/fr\/actualite\/national-45\/manipulation-malsaine-ben-ali-toujours-dans-les-coeurs\/171965\/"},"author":{"name":"webdo.tn","@id":"https:\/\/www.webdo.tn\/fr\/#\/schema\/person\/9a9c6118d687c117df8ef3cc36a4d175"},"headline":"Manipulation malsaine : Ben Ali toujours dans les c\u0153urs !","datePublished":"2012-05-12T00:21:00+00:00","mainEntityOfPage":{"@id":"https:\/\/www.webdo.tn\/fr\/actualite\/national-45\/manipulation-malsaine-ben-ali-toujours-dans-les-coeurs\/171965\/"},"wordCount":746,"commentCount":0,"publisher":{"@id":"https:\/\/www.webdo.tn\/fr\/#organization"},"image":{"@id":"https:\/\/www.webdo.tn\/fr\/actualite\/national-45\/manipulation-malsaine-ben-ali-toujours-dans-les-coeurs\/171965\/#primaryimage"},"thumbnailUrl":"https:\/\/www.webdo.tn\/fr\/wp-content\/uploads\/2012\/05\/Ben-Ali-photo-nalair.fr_.jpg","keywords":["guerre"],"articleSection":["National"],"inLanguage":"fr-FR"},{"@type":"WebPage","@id":"https:\/\/www.webdo.tn\/fr\/actualite\/national-45\/manipulation-malsaine-ben-ali-toujours-dans-les-coeurs\/171965\/","url":"https:\/\/www.webdo.tn\/fr\/actualite\/national-45\/manipulation-malsaine-ben-ali-toujours-dans-les-coeurs\/171965\/","name":"Manipulation malsaine : Ben Ali toujours dans les c\u0153urs !","isPartOf":{"@id":"https:\/\/www.webdo.tn\/fr\/#website"},"primaryImageOfPage":{"@id":"https:\/\/www.webdo.tn\/fr\/actualite\/national-45\/manipulation-malsaine-ben-ali-toujours-dans-les-coeurs\/171965\/#primaryimage"},"image":{"@id":"https:\/\/www.webdo.tn\/fr\/actualite\/national-45\/manipulation-malsaine-ben-ali-toujours-dans-les-coeurs\/171965\/#primaryimage"},"thumbnailUrl":"https:\/\/www.webdo.tn\/fr\/wp-content\/uploads\/2012\/05\/Ben-Ali-photo-nalair.fr_.jpg","datePublished":"2012-05-12T00:21:00+00:00","description":"Manipulation malsaine : Ben Ali toujours dans les c\u0153urs !","breadcrumb":{"@id":"https:\/\/www.webdo.tn\/fr\/actualite\/national-45\/manipulation-malsaine-ben-ali-toujours-dans-les-coeurs\/171965\/#breadcrumb"},"inLanguage":"fr-FR","potentialAction":[{"@type":"ReadAction","target":["https:\/\/www.webdo.tn\/fr\/actualite\/national-45\/manipulation-malsaine-ben-ali-toujours-dans-les-coeurs\/171965\/"]}]},{"@type":"ImageObject","inLanguage":"fr-FR","@id":"https:\/\/www.webdo.tn\/fr\/actualite\/national-45\/manipulation-malsaine-ben-ali-toujours-dans-les-coeurs\/171965\/#primaryimage","url":"https:\/\/www.webdo.tn\/fr\/wp-content\/uploads\/2012\/05\/Ben-Ali-photo-nalair.fr_.jpg","contentUrl":"https:\/\/www.webdo.tn\/fr\/wp-content\/uploads\/2012\/05\/Ben-Ali-photo-nalair.fr_.jpg","width":241,"height":315,"caption":"Manipulation malsaine : Ben Ali toujours dans les c\u0153urs !"},{"@type":"BreadcrumbList","@id":"https:\/\/www.webdo.tn\/fr\/actualite\/national-45\/manipulation-malsaine-ben-ali-toujours-dans-les-coeurs\/171965\/#breadcrumb","itemListElement":[{"@type":"ListItem","position":1,"name":"Accueil","item":"https:\/\/www.webdo.tn\/fr\/"},{"@type":"ListItem","position":2,"name":"Manipulation malsaine : Ben Ali toujours dans les c\u0153urs !"}]},{"@type":"WebSite","@id":"https:\/\/www.webdo.tn\/fr\/#website","url":"https:\/\/www.webdo.tn\/fr\/","name":"webdo","description":"Tunisie - News en Tunisie et \u00e0 l&#039;international sur Webdo.tn","publisher":{"@id":"https:\/\/www.webdo.tn\/fr\/#organization"},"potentialAction":[{"@type":"SearchAction","target":{"@type":"EntryPoint","urlTemplate":"https:\/\/www.webdo.tn\/fr\/?s={search_term_string}"},"query-input":{"@type":"PropertyValueSpecification","valueRequired":true,"valueName":"search_term_string"}}],"inLanguage":"fr-FR"},{"@type":"Organization","@id":"https:\/\/www.webdo.tn\/fr\/#organization","name":"Webdo","alternateName":"Webdo.tn","url":"https:\/\/www.webdo.tn\/fr\/","logo":{"@type":"ImageObject","inLanguage":"fr-FR","@id":"https:\/\/www.webdo.tn\/fr\/#\/schema\/logo\/image\/","url":"https:\/\/www.webdo.tn\/fr\/wp-content\/uploads\/2025\/06\/Webdo-Tunisie_168377.jpg","contentUrl":"https:\/\/www.webdo.tn\/fr\/wp-content\/uploads\/2025\/06\/Webdo-Tunisie_168377.jpg","width":301,"height":301,"caption":"Webdo"},"image":{"@id":"https:\/\/www.webdo.tn\/fr\/#\/schema\/logo\/image\/"},"sameAs":["https:\/\/www.facebook.com\/webdotn","https:\/\/x.com\/webdo_tn"],"description":"Webdo est un m\u00e9dia num\u00e9rique tunisien fond\u00e9 en 2010, sp\u00e9cialis\u00e9 dans l\u2019actualit\u00e9 nationale et internationale, l\u2019\u00e9conomie, la soci\u00e9t\u00e9 et les analyses politiques. Le site s\u2019adresse \u00e0 un large public francophone et couvre l\u2019information tunisienne en temps r\u00e9el.","email":"redac@webdo.tn","legalName":"YNJ SARL","foundingDate":"2010-09-06","numberOfEmployees":{"@type":"QuantitativeValue","minValue":"11","maxValue":"50"}},{"@type":"Person","@id":"https:\/\/www.webdo.tn\/fr\/#\/schema\/person\/9a9c6118d687c117df8ef3cc36a4d175","name":"webdo.tn","image":{"@type":"ImageObject","inLanguage":"fr-FR","@id":"https:\/\/secure.gravatar.com\/avatar\/7ce1f28c0c3bbac99ff550b85ef8e44a6950c6ee24514fb6a5489e51d06f0298?s=96&d=mm&r=g","url":"https:\/\/secure.gravatar.com\/avatar\/7ce1f28c0c3bbac99ff550b85ef8e44a6950c6ee24514fb6a5489e51d06f0298?s=96&d=mm&r=g","contentUrl":"https:\/\/secure.gravatar.com\/avatar\/7ce1f28c0c3bbac99ff550b85ef8e44a6950c6ee24514fb6a5489e51d06f0298?s=96&d=mm&r=g","caption":"webdo.tn"},"url":"https:\/\/www.webdo.tn\/fr\/actualite\/author\/webdotn\/"}]}},"_links":{"self":[{"href":"https:\/\/www.webdo.tn\/fr\/wp-json\/wp\/v2\/posts\/171965","targetHints":{"allow":["GET"]}}],"collection":[{"href":"https:\/\/www.webdo.tn\/fr\/wp-json\/wp\/v2\/posts"}],"about":[{"href":"https:\/\/www.webdo.tn\/fr\/wp-json\/wp\/v2\/types\/post"}],"author":[{"embeddable":true,"href":"https:\/\/www.webdo.tn\/fr\/wp-json\/wp\/v2\/users\/3222"}],"replies":[{"embeddable":true,"href":"https:\/\/www.webdo.tn\/fr\/wp-json\/wp\/v2\/comments?post=171965"}],"version-history":[{"count":0,"href":"https:\/\/www.webdo.tn\/fr\/wp-json\/wp\/v2\/posts\/171965\/revisions"}],"wp:featuredmedia":[{"embeddable":true,"href":"https:\/\/www.webdo.tn\/fr\/wp-json\/wp\/v2\/media\/333588"}],"wp:attachment":[{"href":"https:\/\/www.webdo.tn\/fr\/wp-json\/wp\/v2\/media?parent=171965"}],"wp:term":[{"taxonomy":"category","embeddable":true,"href":"https:\/\/www.webdo.tn\/fr\/wp-json\/wp\/v2\/categories?post=171965"},{"taxonomy":"post_tag","embeddable":true,"href":"https:\/\/www.webdo.tn\/fr\/wp-json\/wp\/v2\/tags?post=171965"}],"curies":[{"name":"wp","href":"https:\/\/api.w.org\/{rel}","templated":true}]}}