{"id":171964,"date":"2012-05-12T08:40:00","date_gmt":"2012-05-12T08:40:00","guid":{"rendered":"https:\/\/www.webdo.tn\/fr\/blog\/nuit-chaude-a-ezzahra-ou-quand-le-tunisien-est-livre-aux-rumeurs\/171964\/"},"modified":"2012-05-12T08:40:00","modified_gmt":"2012-05-12T08:40:00","slug":"nuit-chaude-a-ezzahra-ou-quand-le-tunisien-est-livre-aux-rumeurs","status":"publish","type":"post","link":"https:\/\/www.webdo.tn\/fr\/actualite\/national\/nuit-chaude-a-ezzahra-ou-quand-le-tunisien-est-livre-aux-rumeurs\/171964\/","title":{"rendered":"Nuit chaude \u00e0 Ezzahra ou quand le Tunisien est livr\u00e9 aux rumeurs !"},"content":{"rendered":"<p>Hier soir, vers le coup de 20h, les \u00ab\u00a0breaking news\u00a0\u00bb ont commenc\u00e9 \u00e0 tomber.<br \/>\nUn tweet, puis un autre, puis un troisi\u00e8me : Que se passe-t-il \u00e0 Ezzahra ? <\/p>\n<p>Une bataille rang\u00e9e entre un groupe de Salafistes arm\u00e9s et la brigade anti-terrorisme. Une fourgonnette aurait \u00e9t\u00e9 d\u00e9couverte, avec, \u00e0 bord, une quantit\u00e9 importante d&rsquo;armes. <\/p>\n<p>Les internautes relayent l&rsquo;info. De Twitter, r\u00e9seau pas tr\u00e8s fr\u00e9quent\u00e9 par les Tunisiens, elle passe \u00e0 Facebook. Sur ce dernier, certains ajoutent \u00ab\u00a0\u00e7a se confirme\u00a0\u00bb. D&rsquo;autres pr\u00e9cisent m\u00eame qu&rsquo;il y a \u00ab\u00a0des cartouches qui sifflent \u00e0 Ezzahra\u00a0\u00bb.<\/p>\n<p>Les internautes les plus avertis essaient de distinguer le vrai du faux. On appelle des amis \u00e0 Ezzahra. Certains habitants d&rsquo;Ezzahra confirment : \u00ab Oui, la BAT est en train de pourchasser des Salafistes \u00bb et d&rsquo;autres sont \u00e9tonn\u00e9s : \u00ab Non, il n&rsquo;y a absolument rien ! \u00bb.<\/p>\n<p>Entre temps, une autre version fait son apparition. Il s&rsquo;agit d&rsquo;une simple bagarre devant un caf\u00e9, entre la police et des salafistes. Les \u00ab\u00a0statuts\u00a0\u00bb sur FB n\u2019arr\u00eatent pas de pleuvoir : Ezzahra serait encercl\u00e9e et on aurait demand\u00e9 aux habitants de ne pas sortir de chez eux ! Le tout accompagn\u00e9 d&rsquo;une surench\u00e8re et d&rsquo;analyses politiques. En gros, le laxisme de l&rsquo;\u00e9tat envers ces groupes de salafistes va causer la perte du pays.<\/p>\n<p>Et \u00e0 la t\u00e9l\u00e9, rien ! On discute du prix des tomates et des poivrons, on chante, on rediffuse des feuilletons. Absolument rien sur les ondes radiophoniques non plus ! Le bon citoyen tunisien connect\u00e9 (et c&rsquo;est g\u00e9n\u00e9ralement le cas le soir ) doit s&rsquo;armer de patience et attendre sagement que cette affaire soit tir\u00e9e au clair. Elle ne le sera d&rsquo;ailleurs sans doute jamais !<\/p>\n<p>Il a fallu attendre Olfa Riahi, journaliste, pour qu&rsquo;une v\u00e9rification soit faite avec des t\u00e9moins sur place.Voil\u00e0 ce qu&rsquo;elle rapporte :<br \/>\n\u00ab\u00a0Ce qui se passe n&rsquo;a rien \u00e0 voir avec quelconques armes ; un salafiste de Boumhal s&rsquo;est fait arr\u00eater hier. Ses amis se sont attaqu\u00e9s \u00e0 des policiers aujourd&rsquo;hui au niveau de la garde nationale. Deux policiers seraient dans un sale \u00e9tat. Le p\u00e8re du militant salafiste arr\u00eat\u00e9 serait parti \u00e0 la mosqu\u00e9e et aurait rassembl\u00e9 du monde demandant \u00e0 ce que son fils soit rel\u00e2ch\u00e9. Ils auraient menac\u00e9 de couper l&rsquo;acc\u00e8s \u00e0 la route. Une d\u00e9put\u00e9e d&rsquo;Ennahdha serait sur place. Les policiers seraient en rogne et ils auraient voulu donner une le\u00e7on \u00e0 ceux qui avaient tabass\u00e9 leurs coll\u00e8gues d&rsquo;o\u00f9 l&rsquo;attroupement. Ni armes ni assaut ne semblent \u00eatre d&rsquo;actualit\u00e9.\u00a0\u00bb<\/p>\n","protected":false},"excerpt":{"rendered":"<p>Nuit chaude \u00e0 Ezzahra ou quand le Tunisien est livr\u00e9 aux rumeurs !<\/p>\n","protected":false},"author":3222,"featured_media":374421,"comment_status":"open","ping_status":"closed","sticky":false,"template":"","format":"standard","meta":{"footnotes":""},"categories":[44],"tags":[2600],"class_list":["post-171964","post","type-post","status-publish","format-standard","has-post-thumbnail","hentry","category-national","tag-guerre"],"yoast_head":"<!-- This site is optimized with the Yoast SEO Premium plugin v27.5 (Yoast SEO v27.5) - https:\/\/yoast.com\/product\/yoast-seo-premium-wordpress\/ -->\n<title>Nuit chaude \u00e0 Ezzahra ou quand le Tunisien est livr\u00e9 aux rumeurs !<\/title>\n<meta name=\"description\" content=\"Nuit chaude \u00e0 Ezzahra ou quand le Tunisien est livr\u00e9 aux rumeurs !\" \/>\n<link rel=\"canonical\" href=\"https:\/\/www.webdo.tn\/fr\/actualite\/national-45\/nuit-chaude-a-ezzahra-ou-quand-le-tunisien-est-livre-aux-rumeurs\/171964\/\" \/>\n<meta property=\"og:locale\" content=\"fr_FR\" \/>\n<meta property=\"og:type\" content=\"article\" \/>\n<meta property=\"og:title\" content=\"Nuit chaude \u00e0 Ezzahra ou quand le Tunisien est livr\u00e9 aux rumeurs !\" \/>\n<meta property=\"og:description\" content=\"Nuit chaude \u00e0 Ezzahra ou quand le Tunisien est livr\u00e9 aux rumeurs !\" \/>\n<meta property=\"og:url\" content=\"https:\/\/www.webdo.tn\/fr\/actualite\/national-45\/nuit-chaude-a-ezzahra-ou-quand-le-tunisien-est-livre-aux-rumeurs\/171964\/\" \/>\n<meta property=\"og:site_name\" content=\"webdo\" \/>\n<meta property=\"article:publisher\" content=\"https:\/\/www.facebook.com\/webdotn\" \/>\n<meta property=\"article:published_time\" content=\"2012-05-12T08:40:00+00:00\" \/>\n<meta name=\"author\" content=\"webdo.tn\" \/>\n<meta name=\"twitter:card\" content=\"summary_large_image\" \/>\n<meta name=\"twitter:creator\" content=\"@webdo_tn\" \/>\n<meta name=\"twitter:site\" content=\"@webdo_tn\" \/>\n<meta name=\"twitter:label1\" content=\"\u00c9crit par\" \/>\n\t<meta name=\"twitter:data1\" content=\"webdo.tn\" \/>\n\t<meta name=\"twitter:label2\" content=\"Dur\u00e9e de lecture estim\u00e9e\" \/>\n\t<meta name=\"twitter:data2\" content=\"2 minutes\" \/>\n<script type=\"application\/ld+json\" class=\"yoast-schema-graph\">{\"@context\":\"https:\\\/\\\/schema.org\",\"@graph\":[{\"@type\":\"NewsArticle\",\"@id\":\"https:\\\/\\\/www.webdo.tn\\\/fr\\\/actualite\\\/national-45\\\/nuit-chaude-a-ezzahra-ou-quand-le-tunisien-est-livre-aux-rumeurs\\\/171964\\\/#article\",\"isPartOf\":{\"@id\":\"https:\\\/\\\/www.webdo.tn\\\/fr\\\/actualite\\\/national-45\\\/nuit-chaude-a-ezzahra-ou-quand-le-tunisien-est-livre-aux-rumeurs\\\/171964\\\/\"},\"author\":{\"name\":\"webdo.tn\",\"@id\":\"https:\\\/\\\/www.webdo.tn\\\/fr\\\/#\\\/schema\\\/person\\\/9a9c6118d687c117df8ef3cc36a4d175\"},\"headline\":\"Nuit chaude \u00e0 Ezzahra ou quand le Tunisien est livr\u00e9 aux rumeurs !\",\"datePublished\":\"2012-05-12T08:40:00+00:00\",\"mainEntityOfPage\":{\"@id\":\"https:\\\/\\\/www.webdo.tn\\\/fr\\\/actualite\\\/national-45\\\/nuit-chaude-a-ezzahra-ou-quand-le-tunisien-est-livre-aux-rumeurs\\\/171964\\\/\"},\"wordCount\":448,\"commentCount\":0,\"publisher\":{\"@id\":\"https:\\\/\\\/www.webdo.tn\\\/fr\\\/#organization\"},\"image\":{\"@id\":\"https:\\\/\\\/www.webdo.tn\\\/fr\\\/actualite\\\/national-45\\\/nuit-chaude-a-ezzahra-ou-quand-le-tunisien-est-livre-aux-rumeurs\\\/171964\\\/#primaryimage\"},\"thumbnailUrl\":\"https:\\\/\\\/www.webdo.tn\\\/fr\\\/wp-content\\\/uploads\\\/2025\\\/06\\\/Ezzahra-est-situee-a-six-kilometres-de-Tunis-300x252_171964.jpg\",\"keywords\":[\"guerre\"],\"articleSection\":[\"National\"],\"inLanguage\":\"fr-FR\"},{\"@type\":\"WebPage\",\"@id\":\"https:\\\/\\\/www.webdo.tn\\\/fr\\\/actualite\\\/national-45\\\/nuit-chaude-a-ezzahra-ou-quand-le-tunisien-est-livre-aux-rumeurs\\\/171964\\\/\",\"url\":\"https:\\\/\\\/www.webdo.tn\\\/fr\\\/actualite\\\/national-45\\\/nuit-chaude-a-ezzahra-ou-quand-le-tunisien-est-livre-aux-rumeurs\\\/171964\\\/\",\"name\":\"Nuit chaude \u00e0 Ezzahra ou quand le Tunisien est livr\u00e9 aux rumeurs !\",\"isPartOf\":{\"@id\":\"https:\\\/\\\/www.webdo.tn\\\/fr\\\/#website\"},\"primaryImageOfPage\":{\"@id\":\"https:\\\/\\\/www.webdo.tn\\\/fr\\\/actualite\\\/national-45\\\/nuit-chaude-a-ezzahra-ou-quand-le-tunisien-est-livre-aux-rumeurs\\\/171964\\\/#primaryimage\"},\"image\":{\"@id\":\"https:\\\/\\\/www.webdo.tn\\\/fr\\\/actualite\\\/national-45\\\/nuit-chaude-a-ezzahra-ou-quand-le-tunisien-est-livre-aux-rumeurs\\\/171964\\\/#primaryimage\"},\"thumbnailUrl\":\"https:\\\/\\\/www.webdo.tn\\\/fr\\\/wp-content\\\/uploads\\\/2025\\\/06\\\/Ezzahra-est-situee-a-six-kilometres-de-Tunis-300x252_171964.jpg\",\"datePublished\":\"2012-05-12T08:40:00+00:00\",\"description\":\"Nuit chaude \u00e0 Ezzahra ou quand le Tunisien est livr\u00e9 aux rumeurs !\",\"breadcrumb\":{\"@id\":\"https:\\\/\\\/www.webdo.tn\\\/fr\\\/actualite\\\/national-45\\\/nuit-chaude-a-ezzahra-ou-quand-le-tunisien-est-livre-aux-rumeurs\\\/171964\\\/#breadcrumb\"},\"inLanguage\":\"fr-FR\",\"potentialAction\":[{\"@type\":\"ReadAction\",\"target\":[\"https:\\\/\\\/www.webdo.tn\\\/fr\\\/actualite\\\/national-45\\\/nuit-chaude-a-ezzahra-ou-quand-le-tunisien-est-livre-aux-rumeurs\\\/171964\\\/\"]}]},{\"@type\":\"ImageObject\",\"inLanguage\":\"fr-FR\",\"@id\":\"https:\\\/\\\/www.webdo.tn\\\/fr\\\/actualite\\\/national-45\\\/nuit-chaude-a-ezzahra-ou-quand-le-tunisien-est-livre-aux-rumeurs\\\/171964\\\/#primaryimage\",\"url\":\"https:\\\/\\\/www.webdo.tn\\\/fr\\\/wp-content\\\/uploads\\\/2025\\\/06\\\/Ezzahra-est-situee-a-six-kilometres-de-Tunis-300x252_171964.jpg\",\"contentUrl\":\"https:\\\/\\\/www.webdo.tn\\\/fr\\\/wp-content\\\/uploads\\\/2025\\\/06\\\/Ezzahra-est-situee-a-six-kilometres-de-Tunis-300x252_171964.jpg\",\"width\":300,\"height\":252,\"caption\":\"Nuit chaude \u00e0 Ezzahra ou quand le Tunisien est livr\u00e9 aux rumeurs !\"},{\"@type\":\"BreadcrumbList\",\"@id\":\"https:\\\/\\\/www.webdo.tn\\\/fr\\\/actualite\\\/national-45\\\/nuit-chaude-a-ezzahra-ou-quand-le-tunisien-est-livre-aux-rumeurs\\\/171964\\\/#breadcrumb\",\"itemListElement\":[{\"@type\":\"ListItem\",\"position\":1,\"name\":\"Accueil\",\"item\":\"https:\\\/\\\/www.webdo.tn\\\/fr\\\/\"},{\"@type\":\"ListItem\",\"position\":2,\"name\":\"Nuit chaude \u00e0 Ezzahra ou quand le Tunisien est livr\u00e9 aux rumeurs !\"}]},{\"@type\":\"WebSite\",\"@id\":\"https:\\\/\\\/www.webdo.tn\\\/fr\\\/#website\",\"url\":\"https:\\\/\\\/www.webdo.tn\\\/fr\\\/\",\"name\":\"webdo\",\"description\":\"Tunisie - News en Tunisie et \u00e0 l&#039;international sur Webdo.tn\",\"publisher\":{\"@id\":\"https:\\\/\\\/www.webdo.tn\\\/fr\\\/#organization\"},\"potentialAction\":[{\"@type\":\"SearchAction\",\"target\":{\"@type\":\"EntryPoint\",\"urlTemplate\":\"https:\\\/\\\/www.webdo.tn\\\/fr\\\/?s={search_term_string}\"},\"query-input\":{\"@type\":\"PropertyValueSpecification\",\"valueRequired\":true,\"valueName\":\"search_term_string\"}}],\"inLanguage\":\"fr-FR\"},{\"@type\":\"Organization\",\"@id\":\"https:\\\/\\\/www.webdo.tn\\\/fr\\\/#organization\",\"name\":\"Webdo\",\"alternateName\":\"Webdo.tn\",\"url\":\"https:\\\/\\\/www.webdo.tn\\\/fr\\\/\",\"logo\":{\"@type\":\"ImageObject\",\"inLanguage\":\"fr-FR\",\"@id\":\"https:\\\/\\\/www.webdo.tn\\\/fr\\\/#\\\/schema\\\/logo\\\/image\\\/\",\"url\":\"https:\\\/\\\/www.webdo.tn\\\/fr\\\/wp-content\\\/uploads\\\/2025\\\/06\\\/Webdo-Tunisie_168377.jpg\",\"contentUrl\":\"https:\\\/\\\/www.webdo.tn\\\/fr\\\/wp-content\\\/uploads\\\/2025\\\/06\\\/Webdo-Tunisie_168377.jpg\",\"width\":301,\"height\":301,\"caption\":\"Webdo\"},\"image\":{\"@id\":\"https:\\\/\\\/www.webdo.tn\\\/fr\\\/#\\\/schema\\\/logo\\\/image\\\/\"},\"sameAs\":[\"https:\\\/\\\/www.facebook.com\\\/webdotn\",\"https:\\\/\\\/x.com\\\/webdo_tn\"],\"description\":\"Webdo est un m\u00e9dia num\u00e9rique tunisien fond\u00e9 en 2010, sp\u00e9cialis\u00e9 dans l\u2019actualit\u00e9 nationale et internationale, l\u2019\u00e9conomie, la soci\u00e9t\u00e9 et les analyses politiques. Le site s\u2019adresse \u00e0 un large public francophone et couvre l\u2019information tunisienne en temps r\u00e9el.\",\"email\":\"redac@webdo.tn\",\"legalName\":\"YNJ SARL\",\"foundingDate\":\"2010-09-06\",\"numberOfEmployees\":{\"@type\":\"QuantitativeValue\",\"minValue\":\"11\",\"maxValue\":\"50\"}},{\"@type\":\"Person\",\"@id\":\"https:\\\/\\\/www.webdo.tn\\\/fr\\\/#\\\/schema\\\/person\\\/9a9c6118d687c117df8ef3cc36a4d175\",\"name\":\"webdo.tn\",\"image\":{\"@type\":\"ImageObject\",\"inLanguage\":\"fr-FR\",\"@id\":\"https:\\\/\\\/secure.gravatar.com\\\/avatar\\\/7ce1f28c0c3bbac99ff550b85ef8e44a6950c6ee24514fb6a5489e51d06f0298?s=96&d=mm&r=g\",\"url\":\"https:\\\/\\\/secure.gravatar.com\\\/avatar\\\/7ce1f28c0c3bbac99ff550b85ef8e44a6950c6ee24514fb6a5489e51d06f0298?s=96&d=mm&r=g\",\"contentUrl\":\"https:\\\/\\\/secure.gravatar.com\\\/avatar\\\/7ce1f28c0c3bbac99ff550b85ef8e44a6950c6ee24514fb6a5489e51d06f0298?s=96&d=mm&r=g\",\"caption\":\"webdo.tn\"},\"url\":\"https:\\\/\\\/www.webdo.tn\\\/fr\\\/actualite\\\/author\\\/webdotn\\\/\"}]}<\/script>\n<!-- \/ Yoast SEO Premium plugin. -->","yoast_head_json":{"title":"Nuit chaude \u00e0 Ezzahra ou quand le Tunisien est livr\u00e9 aux rumeurs !","description":"Nuit chaude \u00e0 Ezzahra ou quand le Tunisien est livr\u00e9 aux rumeurs !","canonical":"https:\/\/www.webdo.tn\/fr\/actualite\/national-45\/nuit-chaude-a-ezzahra-ou-quand-le-tunisien-est-livre-aux-rumeurs\/171964\/","og_locale":"fr_FR","og_type":"article","og_title":"Nuit chaude \u00e0 Ezzahra ou quand le Tunisien est livr\u00e9 aux rumeurs !","og_description":"Nuit chaude \u00e0 Ezzahra ou quand le Tunisien est livr\u00e9 aux rumeurs !","og_url":"https:\/\/www.webdo.tn\/fr\/actualite\/national-45\/nuit-chaude-a-ezzahra-ou-quand-le-tunisien-est-livre-aux-rumeurs\/171964\/","og_site_name":"webdo","article_publisher":"https:\/\/www.facebook.com\/webdotn","article_published_time":"2012-05-12T08:40:00+00:00","author":"webdo.tn","twitter_card":"summary_large_image","twitter_creator":"@webdo_tn","twitter_site":"@webdo_tn","twitter_misc":{"\u00c9crit par":"webdo.tn","Dur\u00e9e de lecture estim\u00e9e":"2 minutes"},"schema":{"@context":"https:\/\/schema.org","@graph":[{"@type":"NewsArticle","@id":"https:\/\/www.webdo.tn\/fr\/actualite\/national-45\/nuit-chaude-a-ezzahra-ou-quand-le-tunisien-est-livre-aux-rumeurs\/171964\/#article","isPartOf":{"@id":"https:\/\/www.webdo.tn\/fr\/actualite\/national-45\/nuit-chaude-a-ezzahra-ou-quand-le-tunisien-est-livre-aux-rumeurs\/171964\/"},"author":{"name":"webdo.tn","@id":"https:\/\/www.webdo.tn\/fr\/#\/schema\/person\/9a9c6118d687c117df8ef3cc36a4d175"},"headline":"Nuit chaude \u00e0 Ezzahra ou quand le Tunisien est livr\u00e9 aux rumeurs !","datePublished":"2012-05-12T08:40:00+00:00","mainEntityOfPage":{"@id":"https:\/\/www.webdo.tn\/fr\/actualite\/national-45\/nuit-chaude-a-ezzahra-ou-quand-le-tunisien-est-livre-aux-rumeurs\/171964\/"},"wordCount":448,"commentCount":0,"publisher":{"@id":"https:\/\/www.webdo.tn\/fr\/#organization"},"image":{"@id":"https:\/\/www.webdo.tn\/fr\/actualite\/national-45\/nuit-chaude-a-ezzahra-ou-quand-le-tunisien-est-livre-aux-rumeurs\/171964\/#primaryimage"},"thumbnailUrl":"https:\/\/www.webdo.tn\/fr\/wp-content\/uploads\/2025\/06\/Ezzahra-est-situee-a-six-kilometres-de-Tunis-300x252_171964.jpg","keywords":["guerre"],"articleSection":["National"],"inLanguage":"fr-FR"},{"@type":"WebPage","@id":"https:\/\/www.webdo.tn\/fr\/actualite\/national-45\/nuit-chaude-a-ezzahra-ou-quand-le-tunisien-est-livre-aux-rumeurs\/171964\/","url":"https:\/\/www.webdo.tn\/fr\/actualite\/national-45\/nuit-chaude-a-ezzahra-ou-quand-le-tunisien-est-livre-aux-rumeurs\/171964\/","name":"Nuit chaude \u00e0 Ezzahra ou quand le Tunisien est livr\u00e9 aux rumeurs !","isPartOf":{"@id":"https:\/\/www.webdo.tn\/fr\/#website"},"primaryImageOfPage":{"@id":"https:\/\/www.webdo.tn\/fr\/actualite\/national-45\/nuit-chaude-a-ezzahra-ou-quand-le-tunisien-est-livre-aux-rumeurs\/171964\/#primaryimage"},"image":{"@id":"https:\/\/www.webdo.tn\/fr\/actualite\/national-45\/nuit-chaude-a-ezzahra-ou-quand-le-tunisien-est-livre-aux-rumeurs\/171964\/#primaryimage"},"thumbnailUrl":"https:\/\/www.webdo.tn\/fr\/wp-content\/uploads\/2025\/06\/Ezzahra-est-situee-a-six-kilometres-de-Tunis-300x252_171964.jpg","datePublished":"2012-05-12T08:40:00+00:00","description":"Nuit chaude \u00e0 Ezzahra ou quand le Tunisien est livr\u00e9 aux rumeurs !","breadcrumb":{"@id":"https:\/\/www.webdo.tn\/fr\/actualite\/national-45\/nuit-chaude-a-ezzahra-ou-quand-le-tunisien-est-livre-aux-rumeurs\/171964\/#breadcrumb"},"inLanguage":"fr-FR","potentialAction":[{"@type":"ReadAction","target":["https:\/\/www.webdo.tn\/fr\/actualite\/national-45\/nuit-chaude-a-ezzahra-ou-quand-le-tunisien-est-livre-aux-rumeurs\/171964\/"]}]},{"@type":"ImageObject","inLanguage":"fr-FR","@id":"https:\/\/www.webdo.tn\/fr\/actualite\/national-45\/nuit-chaude-a-ezzahra-ou-quand-le-tunisien-est-livre-aux-rumeurs\/171964\/#primaryimage","url":"https:\/\/www.webdo.tn\/fr\/wp-content\/uploads\/2025\/06\/Ezzahra-est-situee-a-six-kilometres-de-Tunis-300x252_171964.jpg","contentUrl":"https:\/\/www.webdo.tn\/fr\/wp-content\/uploads\/2025\/06\/Ezzahra-est-situee-a-six-kilometres-de-Tunis-300x252_171964.jpg","width":300,"height":252,"caption":"Nuit chaude \u00e0 Ezzahra ou quand le Tunisien est livr\u00e9 aux rumeurs !"},{"@type":"BreadcrumbList","@id":"https:\/\/www.webdo.tn\/fr\/actualite\/national-45\/nuit-chaude-a-ezzahra-ou-quand-le-tunisien-est-livre-aux-rumeurs\/171964\/#breadcrumb","itemListElement":[{"@type":"ListItem","position":1,"name":"Accueil","item":"https:\/\/www.webdo.tn\/fr\/"},{"@type":"ListItem","position":2,"name":"Nuit chaude \u00e0 Ezzahra ou quand le Tunisien est livr\u00e9 aux rumeurs !"}]},{"@type":"WebSite","@id":"https:\/\/www.webdo.tn\/fr\/#website","url":"https:\/\/www.webdo.tn\/fr\/","name":"webdo","description":"Tunisie - News en Tunisie et \u00e0 l&#039;international sur Webdo.tn","publisher":{"@id":"https:\/\/www.webdo.tn\/fr\/#organization"},"potentialAction":[{"@type":"SearchAction","target":{"@type":"EntryPoint","urlTemplate":"https:\/\/www.webdo.tn\/fr\/?s={search_term_string}"},"query-input":{"@type":"PropertyValueSpecification","valueRequired":true,"valueName":"search_term_string"}}],"inLanguage":"fr-FR"},{"@type":"Organization","@id":"https:\/\/www.webdo.tn\/fr\/#organization","name":"Webdo","alternateName":"Webdo.tn","url":"https:\/\/www.webdo.tn\/fr\/","logo":{"@type":"ImageObject","inLanguage":"fr-FR","@id":"https:\/\/www.webdo.tn\/fr\/#\/schema\/logo\/image\/","url":"https:\/\/www.webdo.tn\/fr\/wp-content\/uploads\/2025\/06\/Webdo-Tunisie_168377.jpg","contentUrl":"https:\/\/www.webdo.tn\/fr\/wp-content\/uploads\/2025\/06\/Webdo-Tunisie_168377.jpg","width":301,"height":301,"caption":"Webdo"},"image":{"@id":"https:\/\/www.webdo.tn\/fr\/#\/schema\/logo\/image\/"},"sameAs":["https:\/\/www.facebook.com\/webdotn","https:\/\/x.com\/webdo_tn"],"description":"Webdo est un m\u00e9dia num\u00e9rique tunisien fond\u00e9 en 2010, sp\u00e9cialis\u00e9 dans l\u2019actualit\u00e9 nationale et internationale, l\u2019\u00e9conomie, la soci\u00e9t\u00e9 et les analyses politiques. Le site s\u2019adresse \u00e0 un large public francophone et couvre l\u2019information tunisienne en temps r\u00e9el.","email":"redac@webdo.tn","legalName":"YNJ SARL","foundingDate":"2010-09-06","numberOfEmployees":{"@type":"QuantitativeValue","minValue":"11","maxValue":"50"}},{"@type":"Person","@id":"https:\/\/www.webdo.tn\/fr\/#\/schema\/person\/9a9c6118d687c117df8ef3cc36a4d175","name":"webdo.tn","image":{"@type":"ImageObject","inLanguage":"fr-FR","@id":"https:\/\/secure.gravatar.com\/avatar\/7ce1f28c0c3bbac99ff550b85ef8e44a6950c6ee24514fb6a5489e51d06f0298?s=96&d=mm&r=g","url":"https:\/\/secure.gravatar.com\/avatar\/7ce1f28c0c3bbac99ff550b85ef8e44a6950c6ee24514fb6a5489e51d06f0298?s=96&d=mm&r=g","contentUrl":"https:\/\/secure.gravatar.com\/avatar\/7ce1f28c0c3bbac99ff550b85ef8e44a6950c6ee24514fb6a5489e51d06f0298?s=96&d=mm&r=g","caption":"webdo.tn"},"url":"https:\/\/www.webdo.tn\/fr\/actualite\/author\/webdotn\/"}]}},"_links":{"self":[{"href":"https:\/\/www.webdo.tn\/fr\/wp-json\/wp\/v2\/posts\/171964","targetHints":{"allow":["GET"]}}],"collection":[{"href":"https:\/\/www.webdo.tn\/fr\/wp-json\/wp\/v2\/posts"}],"about":[{"href":"https:\/\/www.webdo.tn\/fr\/wp-json\/wp\/v2\/types\/post"}],"author":[{"embeddable":true,"href":"https:\/\/www.webdo.tn\/fr\/wp-json\/wp\/v2\/users\/3222"}],"replies":[{"embeddable":true,"href":"https:\/\/www.webdo.tn\/fr\/wp-json\/wp\/v2\/comments?post=171964"}],"version-history":[{"count":0,"href":"https:\/\/www.webdo.tn\/fr\/wp-json\/wp\/v2\/posts\/171964\/revisions"}],"wp:featuredmedia":[{"embeddable":true,"href":"https:\/\/www.webdo.tn\/fr\/wp-json\/wp\/v2\/media\/374421"}],"wp:attachment":[{"href":"https:\/\/www.webdo.tn\/fr\/wp-json\/wp\/v2\/media?parent=171964"}],"wp:term":[{"taxonomy":"category","embeddable":true,"href":"https:\/\/www.webdo.tn\/fr\/wp-json\/wp\/v2\/categories?post=171964"},{"taxonomy":"post_tag","embeddable":true,"href":"https:\/\/www.webdo.tn\/fr\/wp-json\/wp\/v2\/tags?post=171964"}],"curies":[{"name":"wp","href":"https:\/\/api.w.org\/{rel}","templated":true}]}}