{"id":171962,"date":"2012-05-12T15:42:00","date_gmt":"2012-05-12T15:42:00","guid":{"rendered":"https:\/\/www.webdo.tn\/fr\/blog\/a-jendouba-il-ne-fait-pas-bon-etre-un-voleur\/171962\/"},"modified":"2012-05-12T15:42:00","modified_gmt":"2012-05-12T15:42:00","slug":"a-jendouba-il-ne-fait-pas-bon-etre-un-voleur","status":"publish","type":"post","link":"https:\/\/www.webdo.tn\/fr\/actualite\/national\/a-jendouba-il-ne-fait-pas-bon-etre-un-voleur\/171962\/","title":{"rendered":"\u00c0 Jendouba, il ne fait pas bon \u00eatre un voleur !"},"content":{"rendered":"<p>\u00c0 Jendouba, attention, voleur s&rsquo;abstenir ! Ni jugement, ni proc\u00e8s, une fois accus\u00e9 de vol&#8230; d&rsquo;une moto, des barbus vous sautent dessus pour appliquer leur charia et vous tranchent les deux mains. C&rsquo;est ce qui vient d&rsquo;arriver, hier, \u00e0 Nizar Jandoubi, originaire de Jendouba (un nom plus explicite que \u00e7a, tu \u00ab\u00a0te coupes les mains\u00a0\u00bb!).<\/p>\n<p>En plein ap\u00e9ro dans un coin tranquille entour\u00e9 de silence, dans un cimeti\u00e8re, Jandoubi a \u00e9t\u00e9 attaqu\u00e9 par \u00abune centaine de personnes qui semblent \u00eatre des salafistes\u00bb, rapporte Mosaique Fm. Apr\u00e8s avoir \u00e9t\u00e9 paralys\u00e9e \u00e0 l&rsquo;aide d&rsquo;un gaz, la victime s&rsquo;est fait trancher les deux mains.<\/p>\n<p>Nizar Jandoubi est actuellement \u00e0 l&rsquo;h\u00f4pital Rapta. Son \u00e9tat est jug\u00e9 critique, ajoute la m\u00eame source.<\/p>\n<p>Cet incident barbare ne va pas sans nous rappeler celui du jeune Mahrane Soltani. Le 13 mars 2012,  Soltani, 18 ans \u00e0 peine, a \u00e9t\u00e9 agress\u00e9 \u00e0 Jendouba par des salafistes qui l&rsquo;accusaient de vol. Il a souffert de \u00ab\u00a0plusieurs blessures, dont un nerf, coup\u00e9 au niveau de la main\u00a0\u00bb. La th\u00e8se de l&rsquo;application de la charia pour lui couper la main a fait le tour du web tunisien. Ce qui a valu l&rsquo;intervention du porte-parole du minist\u00e8re de l\u2019Int\u00e9rieur, fra\u00eechement nomm\u00e9, Khaled Tarrouch,  pour calmer les esprits et donner moult explications contredisant cette th\u00e9orie.<\/p>\n<p>Aujourd&rsquo;hui, aussi, on tente de d\u00e9dramatiser le mal commis par ces groupuscules. Sur les ondes de Mosaique Fm,  Naiim Mannei, membre de la commission de contr\u00f4le de l\u2019Union nationale des syndicats des forces de s\u00e9curit\u00e9, a d\u00e9clar\u00e9 que la main de la victime avait \u00e9t\u00e9 coup\u00e9e par inadvertance alors que les agresseurs tentaient de reprendre la moto&#8230; Apparemment, Mannei ne s&rsquo;attendait pas \u00e0 ce que l&rsquo;info filtrerait sur le fait qu&rsquo;il ne s&rsquo;agissait pas d&rsquo;une main, mais de deux !<\/p>\n<p>Face au mutisme du gouvernement et au laxisme judiciaire, ayant pour cons\u00e9quence l&rsquo;encouragement de la violence chez le mouvement extr\u00e9miste salafiste, la soci\u00e9t\u00e9 tunisienne, sa richesse et son tourisme continuent \u00e0 \u00eatre menac\u00e9s sous l\u2019\u0153il presque \u2018admiratif\u2019 des Jebali, La\u00e2rayedh, Zbidi and co&#8230;<\/p>\n<p>Rappelons qu&rsquo;apr\u00e8s les mises en garde isra\u00e9lienne \u00e0 l&rsquo;occasion du p\u00e8lerinage annuel de la Ghriba (Djerba), l\u2019Allemagne, \u00e0 son tour, hier, a conseill\u00e9 \u00e0 ses ressortissants de ne pas c\u00f4toyer les zones chaudes du nord du pays, sp\u00e9cialement celles de Sejnane et de Cap-Serat (gouvernorat de Bizerte). Rappelons que d\u00e9j\u00e0 il y a quelques jours, un groupe d\u2019\u00e9tudiants avait \u00e9t\u00e9 la cible de quelques salafistes de la r\u00e9gion. N&rsquo;oublions pas, \u00e9galement, la m\u00e9saventure des cadres de la BAD (Banque Africaine de D\u00e9veloppement). Des salafistes leur avaient barr\u00e9 la route, arm\u00e9s de matraques, d\u2019armes blanches et de grosses pierres et les avaient immobilis\u00e9s puis rel\u00e2ch\u00e9s suite \u00e0 l&rsquo;intervention de quelques Tunisiens et personnes \u00e2g\u00e9es de la r\u00e9gion.<\/p>\n","protected":false},"excerpt":{"rendered":"<p>\u00c0 Jendouba, il ne fait pas bon \u00eatre un voleur !<\/p>\n","protected":false},"author":3222,"featured_media":374422,"comment_status":"open","ping_status":"closed","sticky":false,"template":"","format":"standard","meta":{"footnotes":""},"categories":[44],"tags":[2600],"class_list":["post-171962","post","type-post","status-publish","format-standard","has-post-thumbnail","hentry","category-national","tag-guerre"],"yoast_head":"<!-- This site is optimized with the Yoast SEO Premium plugin v27.5 (Yoast SEO v27.5) - https:\/\/yoast.com\/product\/yoast-seo-premium-wordpress\/ -->\n<title>\u00c0 Jendouba, il ne fait pas bon \u00eatre un voleur !<\/title>\n<meta name=\"description\" content=\"\u00c0 Jendouba, il ne fait pas bon \u00eatre un voleur !\" \/>\n<link rel=\"canonical\" href=\"https:\/\/www.webdo.tn\/fr\/actualite\/national-45\/a-jendouba-il-ne-fait-pas-bon-etre-un-voleur\/171962\/\" \/>\n<meta property=\"og:locale\" content=\"fr_FR\" \/>\n<meta property=\"og:type\" content=\"article\" \/>\n<meta property=\"og:title\" content=\"\u00c0 Jendouba, il ne fait pas bon \u00eatre un voleur !\" \/>\n<meta property=\"og:description\" content=\"\u00c0 Jendouba, il ne fait pas bon \u00eatre un voleur !\" \/>\n<meta property=\"og:url\" content=\"https:\/\/www.webdo.tn\/fr\/actualite\/national-45\/a-jendouba-il-ne-fait-pas-bon-etre-un-voleur\/171962\/\" \/>\n<meta property=\"og:site_name\" content=\"webdo\" \/>\n<meta property=\"article:publisher\" content=\"https:\/\/www.facebook.com\/webdotn\" \/>\n<meta property=\"article:published_time\" content=\"2012-05-12T15:42:00+00:00\" \/>\n<meta name=\"author\" content=\"webdo.tn\" \/>\n<meta name=\"twitter:card\" content=\"summary_large_image\" \/>\n<meta name=\"twitter:creator\" content=\"@webdo_tn\" \/>\n<meta name=\"twitter:site\" content=\"@webdo_tn\" \/>\n<meta name=\"twitter:label1\" content=\"\u00c9crit par\" \/>\n\t<meta name=\"twitter:data1\" content=\"webdo.tn\" \/>\n\t<meta name=\"twitter:label2\" content=\"Dur\u00e9e de lecture estim\u00e9e\" \/>\n\t<meta name=\"twitter:data2\" content=\"2 minutes\" \/>\n<script type=\"application\/ld+json\" class=\"yoast-schema-graph\">{\"@context\":\"https:\\\/\\\/schema.org\",\"@graph\":[{\"@type\":\"NewsArticle\",\"@id\":\"https:\\\/\\\/www.webdo.tn\\\/fr\\\/actualite\\\/national-45\\\/a-jendouba-il-ne-fait-pas-bon-etre-un-voleur\\\/171962\\\/#article\",\"isPartOf\":{\"@id\":\"https:\\\/\\\/www.webdo.tn\\\/fr\\\/actualite\\\/national-45\\\/a-jendouba-il-ne-fait-pas-bon-etre-un-voleur\\\/171962\\\/\"},\"author\":{\"name\":\"webdo.tn\",\"@id\":\"https:\\\/\\\/www.webdo.tn\\\/fr\\\/#\\\/schema\\\/person\\\/9a9c6118d687c117df8ef3cc36a4d175\"},\"headline\":\"\u00c0 Jendouba, il ne fait pas bon \u00eatre un voleur !\",\"datePublished\":\"2012-05-12T15:42:00+00:00\",\"mainEntityOfPage\":{\"@id\":\"https:\\\/\\\/www.webdo.tn\\\/fr\\\/actualite\\\/national-45\\\/a-jendouba-il-ne-fait-pas-bon-etre-un-voleur\\\/171962\\\/\"},\"wordCount\":508,\"commentCount\":0,\"publisher\":{\"@id\":\"https:\\\/\\\/www.webdo.tn\\\/fr\\\/#organization\"},\"image\":{\"@id\":\"https:\\\/\\\/www.webdo.tn\\\/fr\\\/actualite\\\/national-45\\\/a-jendouba-il-ne-fait-pas-bon-etre-un-voleur\\\/171962\\\/#primaryimage\"},\"thumbnailUrl\":\"https:\\\/\\\/www.webdo.tn\\\/fr\\\/wp-content\\\/uploads\\\/2025\\\/06\\\/Nizar-Jandoubi-est-actuellement-a-lhopital-Rapta-photo-Mosaique-Fm_171962.jpg\",\"keywords\":[\"guerre\"],\"articleSection\":[\"National\"],\"inLanguage\":\"fr-FR\"},{\"@type\":\"WebPage\",\"@id\":\"https:\\\/\\\/www.webdo.tn\\\/fr\\\/actualite\\\/national-45\\\/a-jendouba-il-ne-fait-pas-bon-etre-un-voleur\\\/171962\\\/\",\"url\":\"https:\\\/\\\/www.webdo.tn\\\/fr\\\/actualite\\\/national-45\\\/a-jendouba-il-ne-fait-pas-bon-etre-un-voleur\\\/171962\\\/\",\"name\":\"\u00c0 Jendouba, il ne fait pas bon \u00eatre un voleur !\",\"isPartOf\":{\"@id\":\"https:\\\/\\\/www.webdo.tn\\\/fr\\\/#website\"},\"primaryImageOfPage\":{\"@id\":\"https:\\\/\\\/www.webdo.tn\\\/fr\\\/actualite\\\/national-45\\\/a-jendouba-il-ne-fait-pas-bon-etre-un-voleur\\\/171962\\\/#primaryimage\"},\"image\":{\"@id\":\"https:\\\/\\\/www.webdo.tn\\\/fr\\\/actualite\\\/national-45\\\/a-jendouba-il-ne-fait-pas-bon-etre-un-voleur\\\/171962\\\/#primaryimage\"},\"thumbnailUrl\":\"https:\\\/\\\/www.webdo.tn\\\/fr\\\/wp-content\\\/uploads\\\/2025\\\/06\\\/Nizar-Jandoubi-est-actuellement-a-lhopital-Rapta-photo-Mosaique-Fm_171962.jpg\",\"datePublished\":\"2012-05-12T15:42:00+00:00\",\"description\":\"\u00c0 Jendouba, il ne fait pas bon \u00eatre un voleur !\",\"breadcrumb\":{\"@id\":\"https:\\\/\\\/www.webdo.tn\\\/fr\\\/actualite\\\/national-45\\\/a-jendouba-il-ne-fait-pas-bon-etre-un-voleur\\\/171962\\\/#breadcrumb\"},\"inLanguage\":\"fr-FR\",\"potentialAction\":[{\"@type\":\"ReadAction\",\"target\":[\"https:\\\/\\\/www.webdo.tn\\\/fr\\\/actualite\\\/national-45\\\/a-jendouba-il-ne-fait-pas-bon-etre-un-voleur\\\/171962\\\/\"]}]},{\"@type\":\"ImageObject\",\"inLanguage\":\"fr-FR\",\"@id\":\"https:\\\/\\\/www.webdo.tn\\\/fr\\\/actualite\\\/national-45\\\/a-jendouba-il-ne-fait-pas-bon-etre-un-voleur\\\/171962\\\/#primaryimage\",\"url\":\"https:\\\/\\\/www.webdo.tn\\\/fr\\\/wp-content\\\/uploads\\\/2025\\\/06\\\/Nizar-Jandoubi-est-actuellement-a-lhopital-Rapta-photo-Mosaique-Fm_171962.jpg\",\"contentUrl\":\"https:\\\/\\\/www.webdo.tn\\\/fr\\\/wp-content\\\/uploads\\\/2025\\\/06\\\/Nizar-Jandoubi-est-actuellement-a-lhopital-Rapta-photo-Mosaique-Fm_171962.jpg\",\"width\":270,\"height\":155,\"caption\":\"\u00c0 Jendouba, il ne fait pas bon \u00eatre un voleur !\"},{\"@type\":\"BreadcrumbList\",\"@id\":\"https:\\\/\\\/www.webdo.tn\\\/fr\\\/actualite\\\/national-45\\\/a-jendouba-il-ne-fait-pas-bon-etre-un-voleur\\\/171962\\\/#breadcrumb\",\"itemListElement\":[{\"@type\":\"ListItem\",\"position\":1,\"name\":\"Accueil\",\"item\":\"https:\\\/\\\/www.webdo.tn\\\/fr\\\/\"},{\"@type\":\"ListItem\",\"position\":2,\"name\":\"\u00c0 Jendouba, il ne fait pas bon \u00eatre un voleur !\"}]},{\"@type\":\"WebSite\",\"@id\":\"https:\\\/\\\/www.webdo.tn\\\/fr\\\/#website\",\"url\":\"https:\\\/\\\/www.webdo.tn\\\/fr\\\/\",\"name\":\"webdo\",\"description\":\"Tunisie - News en Tunisie et \u00e0 l&#039;international sur Webdo.tn\",\"publisher\":{\"@id\":\"https:\\\/\\\/www.webdo.tn\\\/fr\\\/#organization\"},\"potentialAction\":[{\"@type\":\"SearchAction\",\"target\":{\"@type\":\"EntryPoint\",\"urlTemplate\":\"https:\\\/\\\/www.webdo.tn\\\/fr\\\/?s={search_term_string}\"},\"query-input\":{\"@type\":\"PropertyValueSpecification\",\"valueRequired\":true,\"valueName\":\"search_term_string\"}}],\"inLanguage\":\"fr-FR\"},{\"@type\":\"Organization\",\"@id\":\"https:\\\/\\\/www.webdo.tn\\\/fr\\\/#organization\",\"name\":\"Webdo\",\"alternateName\":\"Webdo.tn\",\"url\":\"https:\\\/\\\/www.webdo.tn\\\/fr\\\/\",\"logo\":{\"@type\":\"ImageObject\",\"inLanguage\":\"fr-FR\",\"@id\":\"https:\\\/\\\/www.webdo.tn\\\/fr\\\/#\\\/schema\\\/logo\\\/image\\\/\",\"url\":\"https:\\\/\\\/www.webdo.tn\\\/fr\\\/wp-content\\\/uploads\\\/2025\\\/06\\\/Webdo-Tunisie_168377.jpg\",\"contentUrl\":\"https:\\\/\\\/www.webdo.tn\\\/fr\\\/wp-content\\\/uploads\\\/2025\\\/06\\\/Webdo-Tunisie_168377.jpg\",\"width\":301,\"height\":301,\"caption\":\"Webdo\"},\"image\":{\"@id\":\"https:\\\/\\\/www.webdo.tn\\\/fr\\\/#\\\/schema\\\/logo\\\/image\\\/\"},\"sameAs\":[\"https:\\\/\\\/www.facebook.com\\\/webdotn\",\"https:\\\/\\\/x.com\\\/webdo_tn\"],\"description\":\"Webdo est un m\u00e9dia num\u00e9rique tunisien fond\u00e9 en 2010, sp\u00e9cialis\u00e9 dans l\u2019actualit\u00e9 nationale et internationale, l\u2019\u00e9conomie, la soci\u00e9t\u00e9 et les analyses politiques. Le site s\u2019adresse \u00e0 un large public francophone et couvre l\u2019information tunisienne en temps r\u00e9el.\",\"email\":\"redac@webdo.tn\",\"legalName\":\"YNJ SARL\",\"foundingDate\":\"2010-09-06\",\"numberOfEmployees\":{\"@type\":\"QuantitativeValue\",\"minValue\":\"11\",\"maxValue\":\"50\"}},{\"@type\":\"Person\",\"@id\":\"https:\\\/\\\/www.webdo.tn\\\/fr\\\/#\\\/schema\\\/person\\\/9a9c6118d687c117df8ef3cc36a4d175\",\"name\":\"webdo.tn\",\"image\":{\"@type\":\"ImageObject\",\"inLanguage\":\"fr-FR\",\"@id\":\"https:\\\/\\\/secure.gravatar.com\\\/avatar\\\/7ce1f28c0c3bbac99ff550b85ef8e44a6950c6ee24514fb6a5489e51d06f0298?s=96&d=mm&r=g\",\"url\":\"https:\\\/\\\/secure.gravatar.com\\\/avatar\\\/7ce1f28c0c3bbac99ff550b85ef8e44a6950c6ee24514fb6a5489e51d06f0298?s=96&d=mm&r=g\",\"contentUrl\":\"https:\\\/\\\/secure.gravatar.com\\\/avatar\\\/7ce1f28c0c3bbac99ff550b85ef8e44a6950c6ee24514fb6a5489e51d06f0298?s=96&d=mm&r=g\",\"caption\":\"webdo.tn\"},\"url\":\"https:\\\/\\\/www.webdo.tn\\\/fr\\\/actualite\\\/author\\\/webdotn\\\/\"}]}<\/script>\n<!-- \/ Yoast SEO Premium plugin. -->","yoast_head_json":{"title":"\u00c0 Jendouba, il ne fait pas bon \u00eatre un voleur !","description":"\u00c0 Jendouba, il ne fait pas bon \u00eatre un voleur !","canonical":"https:\/\/www.webdo.tn\/fr\/actualite\/national-45\/a-jendouba-il-ne-fait-pas-bon-etre-un-voleur\/171962\/","og_locale":"fr_FR","og_type":"article","og_title":"\u00c0 Jendouba, il ne fait pas bon \u00eatre un voleur !","og_description":"\u00c0 Jendouba, il ne fait pas bon \u00eatre un voleur !","og_url":"https:\/\/www.webdo.tn\/fr\/actualite\/national-45\/a-jendouba-il-ne-fait-pas-bon-etre-un-voleur\/171962\/","og_site_name":"webdo","article_publisher":"https:\/\/www.facebook.com\/webdotn","article_published_time":"2012-05-12T15:42:00+00:00","author":"webdo.tn","twitter_card":"summary_large_image","twitter_creator":"@webdo_tn","twitter_site":"@webdo_tn","twitter_misc":{"\u00c9crit par":"webdo.tn","Dur\u00e9e de lecture estim\u00e9e":"2 minutes"},"schema":{"@context":"https:\/\/schema.org","@graph":[{"@type":"NewsArticle","@id":"https:\/\/www.webdo.tn\/fr\/actualite\/national-45\/a-jendouba-il-ne-fait-pas-bon-etre-un-voleur\/171962\/#article","isPartOf":{"@id":"https:\/\/www.webdo.tn\/fr\/actualite\/national-45\/a-jendouba-il-ne-fait-pas-bon-etre-un-voleur\/171962\/"},"author":{"name":"webdo.tn","@id":"https:\/\/www.webdo.tn\/fr\/#\/schema\/person\/9a9c6118d687c117df8ef3cc36a4d175"},"headline":"\u00c0 Jendouba, il ne fait pas bon \u00eatre un voleur !","datePublished":"2012-05-12T15:42:00+00:00","mainEntityOfPage":{"@id":"https:\/\/www.webdo.tn\/fr\/actualite\/national-45\/a-jendouba-il-ne-fait-pas-bon-etre-un-voleur\/171962\/"},"wordCount":508,"commentCount":0,"publisher":{"@id":"https:\/\/www.webdo.tn\/fr\/#organization"},"image":{"@id":"https:\/\/www.webdo.tn\/fr\/actualite\/national-45\/a-jendouba-il-ne-fait-pas-bon-etre-un-voleur\/171962\/#primaryimage"},"thumbnailUrl":"https:\/\/www.webdo.tn\/fr\/wp-content\/uploads\/2025\/06\/Nizar-Jandoubi-est-actuellement-a-lhopital-Rapta-photo-Mosaique-Fm_171962.jpg","keywords":["guerre"],"articleSection":["National"],"inLanguage":"fr-FR"},{"@type":"WebPage","@id":"https:\/\/www.webdo.tn\/fr\/actualite\/national-45\/a-jendouba-il-ne-fait-pas-bon-etre-un-voleur\/171962\/","url":"https:\/\/www.webdo.tn\/fr\/actualite\/national-45\/a-jendouba-il-ne-fait-pas-bon-etre-un-voleur\/171962\/","name":"\u00c0 Jendouba, il ne fait pas bon \u00eatre un voleur !","isPartOf":{"@id":"https:\/\/www.webdo.tn\/fr\/#website"},"primaryImageOfPage":{"@id":"https:\/\/www.webdo.tn\/fr\/actualite\/national-45\/a-jendouba-il-ne-fait-pas-bon-etre-un-voleur\/171962\/#primaryimage"},"image":{"@id":"https:\/\/www.webdo.tn\/fr\/actualite\/national-45\/a-jendouba-il-ne-fait-pas-bon-etre-un-voleur\/171962\/#primaryimage"},"thumbnailUrl":"https:\/\/www.webdo.tn\/fr\/wp-content\/uploads\/2025\/06\/Nizar-Jandoubi-est-actuellement-a-lhopital-Rapta-photo-Mosaique-Fm_171962.jpg","datePublished":"2012-05-12T15:42:00+00:00","description":"\u00c0 Jendouba, il ne fait pas bon \u00eatre un voleur !","breadcrumb":{"@id":"https:\/\/www.webdo.tn\/fr\/actualite\/national-45\/a-jendouba-il-ne-fait-pas-bon-etre-un-voleur\/171962\/#breadcrumb"},"inLanguage":"fr-FR","potentialAction":[{"@type":"ReadAction","target":["https:\/\/www.webdo.tn\/fr\/actualite\/national-45\/a-jendouba-il-ne-fait-pas-bon-etre-un-voleur\/171962\/"]}]},{"@type":"ImageObject","inLanguage":"fr-FR","@id":"https:\/\/www.webdo.tn\/fr\/actualite\/national-45\/a-jendouba-il-ne-fait-pas-bon-etre-un-voleur\/171962\/#primaryimage","url":"https:\/\/www.webdo.tn\/fr\/wp-content\/uploads\/2025\/06\/Nizar-Jandoubi-est-actuellement-a-lhopital-Rapta-photo-Mosaique-Fm_171962.jpg","contentUrl":"https:\/\/www.webdo.tn\/fr\/wp-content\/uploads\/2025\/06\/Nizar-Jandoubi-est-actuellement-a-lhopital-Rapta-photo-Mosaique-Fm_171962.jpg","width":270,"height":155,"caption":"\u00c0 Jendouba, il ne fait pas bon \u00eatre un voleur !"},{"@type":"BreadcrumbList","@id":"https:\/\/www.webdo.tn\/fr\/actualite\/national-45\/a-jendouba-il-ne-fait-pas-bon-etre-un-voleur\/171962\/#breadcrumb","itemListElement":[{"@type":"ListItem","position":1,"name":"Accueil","item":"https:\/\/www.webdo.tn\/fr\/"},{"@type":"ListItem","position":2,"name":"\u00c0 Jendouba, il ne fait pas bon \u00eatre un voleur !"}]},{"@type":"WebSite","@id":"https:\/\/www.webdo.tn\/fr\/#website","url":"https:\/\/www.webdo.tn\/fr\/","name":"webdo","description":"Tunisie - News en Tunisie et \u00e0 l&#039;international sur Webdo.tn","publisher":{"@id":"https:\/\/www.webdo.tn\/fr\/#organization"},"potentialAction":[{"@type":"SearchAction","target":{"@type":"EntryPoint","urlTemplate":"https:\/\/www.webdo.tn\/fr\/?s={search_term_string}"},"query-input":{"@type":"PropertyValueSpecification","valueRequired":true,"valueName":"search_term_string"}}],"inLanguage":"fr-FR"},{"@type":"Organization","@id":"https:\/\/www.webdo.tn\/fr\/#organization","name":"Webdo","alternateName":"Webdo.tn","url":"https:\/\/www.webdo.tn\/fr\/","logo":{"@type":"ImageObject","inLanguage":"fr-FR","@id":"https:\/\/www.webdo.tn\/fr\/#\/schema\/logo\/image\/","url":"https:\/\/www.webdo.tn\/fr\/wp-content\/uploads\/2025\/06\/Webdo-Tunisie_168377.jpg","contentUrl":"https:\/\/www.webdo.tn\/fr\/wp-content\/uploads\/2025\/06\/Webdo-Tunisie_168377.jpg","width":301,"height":301,"caption":"Webdo"},"image":{"@id":"https:\/\/www.webdo.tn\/fr\/#\/schema\/logo\/image\/"},"sameAs":["https:\/\/www.facebook.com\/webdotn","https:\/\/x.com\/webdo_tn"],"description":"Webdo est un m\u00e9dia num\u00e9rique tunisien fond\u00e9 en 2010, sp\u00e9cialis\u00e9 dans l\u2019actualit\u00e9 nationale et internationale, l\u2019\u00e9conomie, la soci\u00e9t\u00e9 et les analyses politiques. Le site s\u2019adresse \u00e0 un large public francophone et couvre l\u2019information tunisienne en temps r\u00e9el.","email":"redac@webdo.tn","legalName":"YNJ SARL","foundingDate":"2010-09-06","numberOfEmployees":{"@type":"QuantitativeValue","minValue":"11","maxValue":"50"}},{"@type":"Person","@id":"https:\/\/www.webdo.tn\/fr\/#\/schema\/person\/9a9c6118d687c117df8ef3cc36a4d175","name":"webdo.tn","image":{"@type":"ImageObject","inLanguage":"fr-FR","@id":"https:\/\/secure.gravatar.com\/avatar\/7ce1f28c0c3bbac99ff550b85ef8e44a6950c6ee24514fb6a5489e51d06f0298?s=96&d=mm&r=g","url":"https:\/\/secure.gravatar.com\/avatar\/7ce1f28c0c3bbac99ff550b85ef8e44a6950c6ee24514fb6a5489e51d06f0298?s=96&d=mm&r=g","contentUrl":"https:\/\/secure.gravatar.com\/avatar\/7ce1f28c0c3bbac99ff550b85ef8e44a6950c6ee24514fb6a5489e51d06f0298?s=96&d=mm&r=g","caption":"webdo.tn"},"url":"https:\/\/www.webdo.tn\/fr\/actualite\/author\/webdotn\/"}]}},"_links":{"self":[{"href":"https:\/\/www.webdo.tn\/fr\/wp-json\/wp\/v2\/posts\/171962","targetHints":{"allow":["GET"]}}],"collection":[{"href":"https:\/\/www.webdo.tn\/fr\/wp-json\/wp\/v2\/posts"}],"about":[{"href":"https:\/\/www.webdo.tn\/fr\/wp-json\/wp\/v2\/types\/post"}],"author":[{"embeddable":true,"href":"https:\/\/www.webdo.tn\/fr\/wp-json\/wp\/v2\/users\/3222"}],"replies":[{"embeddable":true,"href":"https:\/\/www.webdo.tn\/fr\/wp-json\/wp\/v2\/comments?post=171962"}],"version-history":[{"count":0,"href":"https:\/\/www.webdo.tn\/fr\/wp-json\/wp\/v2\/posts\/171962\/revisions"}],"wp:featuredmedia":[{"embeddable":true,"href":"https:\/\/www.webdo.tn\/fr\/wp-json\/wp\/v2\/media\/374422"}],"wp:attachment":[{"href":"https:\/\/www.webdo.tn\/fr\/wp-json\/wp\/v2\/media?parent=171962"}],"wp:term":[{"taxonomy":"category","embeddable":true,"href":"https:\/\/www.webdo.tn\/fr\/wp-json\/wp\/v2\/categories?post=171962"},{"taxonomy":"post_tag","embeddable":true,"href":"https:\/\/www.webdo.tn\/fr\/wp-json\/wp\/v2\/tags?post=171962"}],"curies":[{"name":"wp","href":"https:\/\/api.w.org\/{rel}","templated":true}]}}