{"id":171961,"date":"2012-05-12T21:43:00","date_gmt":"2012-05-12T21:43:00","guid":{"rendered":"https:\/\/www.webdo.tn\/fr\/blog\/un-salafiste-arrete-a-sfax-pour-appartenance-a-un-groupe-arme\/171961\/"},"modified":"2012-05-12T21:43:00","modified_gmt":"2012-05-12T21:43:00","slug":"un-salafiste-arrete-a-sfax-pour-appartenance-a-un-groupe-arme","status":"publish","type":"post","link":"https:\/\/www.webdo.tn\/fr\/actualite\/national\/un-salafiste-arrete-a-sfax-pour-appartenance-a-un-groupe-arme\/171961\/","title":{"rendered":"Un salafiste arr\u00eat\u00e9 \u00e0 Sfax pour appartenance \u00e0 un groupe arm\u00e9"},"content":{"rendered":"<p>Cette information publi\u00e9e aujourd\u2019hui sur Essabah News ne doit pas passer inaper\u00e7ue. Elle confirme le danger que repr\u00e9sente le salafisme pour la soci\u00e9t\u00e9 toute enti\u00e8re et les v\u00e9ritables intentions des membres de cette mouvance qui, telle une g\u00e9n\u00e9ration spontan\u00e9e, ne sont apparus sur sc\u00e8ne qu\u2019apr\u00e8s le 14 janvier. Elle constitue une mise en garde aux autorit\u00e9s qui continuent \u00e0 trouver des justifications et des excuses \u00e0 la violence politique perp\u00e9tr\u00e9e par eux sans r\u00e9aliser ses cons\u00e9quences n\u00e9fastes.<\/p>\n<p>Selon la m\u00eame source, la police de la r\u00e9gion de Sfax est, depuis avant-hier, en \u00e9tat d\u2019alerte maximum apr\u00e8s avoir rep\u00e9r\u00e9 un groupe arm\u00e9 \u00e0 bord d\u2019un v\u00e9hicule. La filature a permis d\u2019arr\u00eater un membre du groupe qui s\u2019est av\u00e9r\u00e9 \u00eatre un ancien agent de la garde nationale. Les informations obtenues indiquent que le groupe qui a \u00e9lu domicile dans une mosqu\u00e9e \u00e0 Sfax d\u00e9nomm\u00e9e \u00ab LAADHAR \u00bb se procurait les armes de certains pays voisins pour les diriger vers le sud du pays. Les recherches se poursuivent d\u2019arrache-pied pour arr\u00eater les autres membres du groupe.<\/p>\n<p>Il est une quasi-certitude que l\u2019implication ne se limite pas \u00e0 un commerce illicite pratiqu\u00e9 par des contrebandiers et de gens de la mafia agissant pour le compte de groupes arm\u00e9s. Le profil des pr\u00e9sum\u00e9s et le choix d\u2019une mosqu\u00e9e pour planifier leurs actes laissent croire qu\u2019ils envisagent d&rsquo;utiliser ces armes dans le cadre de projets subversifs. Ces projets qui ne sont des secrets pour personne ont \u00e9t\u00e9 ouvertement annonc\u00e9s par certains leaders salafistes et les partisans de la mouvance \u00e0 travers leurs slogans et d\u00e9clarations. Ceux qui affirment que le seul objectif de la r\u00e9volution du 14 janvier est l\u2019application de la CHARIAA et que la d\u00e9mocratie est une m\u00e9cr\u00e9ante, ont en t\u00eate des id\u00e9es diaboliques pour imposer au peuple et \u00e0 la soci\u00e9t\u00e9 un r\u00e9gime th\u00e9ocratique. \u00c0 coup s\u00fbr, les armes qui sont en leur d\u00e9tention ne seront pas utilis\u00e9es pour aller \u00e0 la chasse ou braquer des citoyens.<\/p>\n<p>Ces faits se produisent au moment o\u00f9 la violence salafiste se d\u00e9veloppe et prend des formes de plus en plus dangereuses au vu et au su des autorit\u00e9s. La derni\u00e8re barbarie en date a \u00e9t\u00e9 l\u2019amputation des mains d\u2019un citoyen \u00e0 jendouba accus\u00e9 d\u2019 avoir vol\u00e9 un v\u00e9lomoteur. Cet acte a \u00e9t\u00e9 commis par une centaine de barbus et encore une fois la police le ram\u00e8ne \u00e0 une simple affaire de coups et blessures suite \u00e0 une dispute.<\/p>\n<p>Malheureusement, c\u2019est ce genre de justifications qui encouragent les salafistes \u00e0 aller plus loin dans leurs projets et dans leurs actions. Ils ne se contentent plus de discours de \u00ab m\u00e9cr\u00e9anisation \u00bb, de violences verbales et physiques et d\u2019appel \u00e0 la mort de ceux qui ne sont pas des leurs. Ils sont en train de passer petit \u00e0 petit \u00e0 la confrontation arm\u00e9e avec l\u2019autorit\u00e9 et le reste de la soci\u00e9t\u00e9.<\/p>\n<p>Et malgr\u00e9 le danger qu\u2019ils repr\u00e9sentent, l\u2019autorit\u00e9 continue \u00e0 leur trouver des excuses. C\u2019est ainsi que dans une interview au journal libanais ASSAFIR, le premier ministre, Hammadi Jebali, qui participait au dernier forum \u00e9conomique arabe, a d\u00e9clar\u00e9 que les salafistes sont des Tunisiens et qu\u2019il faut traiter le ph\u00e9nom\u00e8ne \u00e0 partir de ses causes. Il se trouve que parmi les causes qui sont derri\u00e8re ce ph\u00e9nom\u00e8ne, le silence de l\u2019autorit\u00e9 face \u00e0 la mont\u00e9e de la violence salafiste ne fait que contribuer \u00e0 davantage de violence. C\u2019est, \u00e0 notre sens, cette cause d\u00e9terminante qu\u2019il y a lieu de traiter prioritairement.<\/p>\n","protected":false},"excerpt":{"rendered":"<p>Un salafiste arr\u00eat\u00e9 \u00e0 Sfax pour appartenance \u00e0 un groupe arm\u00e9<\/p>\n","protected":false},"author":3222,"featured_media":333591,"comment_status":"open","ping_status":"closed","sticky":false,"template":"","format":"standard","meta":{"footnotes":""},"categories":[44],"tags":[2600],"class_list":["post-171961","post","type-post","status-publish","format-standard","has-post-thumbnail","hentry","category-national","tag-guerre"],"yoast_head":"<!-- This site is optimized with the Yoast SEO Premium plugin v27.5 (Yoast SEO v27.5) - https:\/\/yoast.com\/product\/yoast-seo-premium-wordpress\/ -->\n<title>Un salafiste arr\u00eat\u00e9 \u00e0 Sfax pour appartenance \u00e0 un groupe arm\u00e9<\/title>\n<meta name=\"description\" content=\"Un salafiste arr\u00eat\u00e9 \u00e0 Sfax pour appartenance \u00e0 un groupe arm\u00e9\" \/>\n<link rel=\"canonical\" href=\"https:\/\/www.webdo.tn\/fr\/actualite\/national-45\/un-salafiste-arrete-a-sfax-pour-appartenance-a-un-groupe-arme\/171961\/\" \/>\n<meta property=\"og:locale\" content=\"fr_FR\" \/>\n<meta property=\"og:type\" content=\"article\" \/>\n<meta property=\"og:title\" content=\"Un salafiste arr\u00eat\u00e9 \u00e0 Sfax pour appartenance \u00e0 un groupe arm\u00e9\" \/>\n<meta property=\"og:description\" content=\"Un salafiste arr\u00eat\u00e9 \u00e0 Sfax pour appartenance \u00e0 un groupe arm\u00e9\" \/>\n<meta property=\"og:url\" content=\"https:\/\/www.webdo.tn\/fr\/actualite\/national-45\/un-salafiste-arrete-a-sfax-pour-appartenance-a-un-groupe-arme\/171961\/\" \/>\n<meta property=\"og:site_name\" content=\"webdo\" \/>\n<meta property=\"article:publisher\" content=\"https:\/\/www.facebook.com\/webdotn\" \/>\n<meta property=\"article:published_time\" content=\"2012-05-12T21:43:00+00:00\" \/>\n<meta property=\"og:image\" content=\"https:\/\/www.webdo.tn\/fr\/wp-content\/uploads\/2012\/05\/sfax-photo-investintunisia.tn_.gif\" \/>\n\t<meta property=\"og:image:width\" content=\"300\" \/>\n\t<meta property=\"og:image:height\" content=\"245\" \/>\n\t<meta property=\"og:image:type\" content=\"image\/gif\" \/>\n<meta name=\"author\" content=\"webdo.tn\" \/>\n<meta name=\"twitter:card\" content=\"summary_large_image\" \/>\n<meta name=\"twitter:creator\" content=\"@webdo_tn\" \/>\n<meta name=\"twitter:site\" content=\"@webdo_tn\" \/>\n<meta name=\"twitter:label1\" content=\"\u00c9crit par\" \/>\n\t<meta name=\"twitter:data1\" content=\"webdo.tn\" \/>\n\t<meta name=\"twitter:label2\" content=\"Dur\u00e9e de lecture estim\u00e9e\" \/>\n\t<meta name=\"twitter:data2\" content=\"3 minutes\" \/>\n<script type=\"application\/ld+json\" class=\"yoast-schema-graph\">{\"@context\":\"https:\\\/\\\/schema.org\",\"@graph\":[{\"@type\":\"NewsArticle\",\"@id\":\"https:\\\/\\\/www.webdo.tn\\\/fr\\\/actualite\\\/national-45\\\/un-salafiste-arrete-a-sfax-pour-appartenance-a-un-groupe-arme\\\/171961\\\/#article\",\"isPartOf\":{\"@id\":\"https:\\\/\\\/www.webdo.tn\\\/fr\\\/actualite\\\/national-45\\\/un-salafiste-arrete-a-sfax-pour-appartenance-a-un-groupe-arme\\\/171961\\\/\"},\"author\":{\"name\":\"webdo.tn\",\"@id\":\"https:\\\/\\\/www.webdo.tn\\\/fr\\\/#\\\/schema\\\/person\\\/9a9c6118d687c117df8ef3cc36a4d175\"},\"headline\":\"Un salafiste arr\u00eat\u00e9 \u00e0 Sfax pour appartenance \u00e0 un groupe arm\u00e9\",\"datePublished\":\"2012-05-12T21:43:00+00:00\",\"mainEntityOfPage\":{\"@id\":\"https:\\\/\\\/www.webdo.tn\\\/fr\\\/actualite\\\/national-45\\\/un-salafiste-arrete-a-sfax-pour-appartenance-a-un-groupe-arme\\\/171961\\\/\"},\"wordCount\":644,\"commentCount\":0,\"publisher\":{\"@id\":\"https:\\\/\\\/www.webdo.tn\\\/fr\\\/#organization\"},\"image\":{\"@id\":\"https:\\\/\\\/www.webdo.tn\\\/fr\\\/actualite\\\/national-45\\\/un-salafiste-arrete-a-sfax-pour-appartenance-a-un-groupe-arme\\\/171961\\\/#primaryimage\"},\"thumbnailUrl\":\"https:\\\/\\\/www.webdo.tn\\\/fr\\\/wp-content\\\/uploads\\\/2012\\\/05\\\/sfax-photo-investintunisia.tn_.gif\",\"keywords\":[\"guerre\"],\"articleSection\":[\"National\"],\"inLanguage\":\"fr-FR\"},{\"@type\":\"WebPage\",\"@id\":\"https:\\\/\\\/www.webdo.tn\\\/fr\\\/actualite\\\/national-45\\\/un-salafiste-arrete-a-sfax-pour-appartenance-a-un-groupe-arme\\\/171961\\\/\",\"url\":\"https:\\\/\\\/www.webdo.tn\\\/fr\\\/actualite\\\/national-45\\\/un-salafiste-arrete-a-sfax-pour-appartenance-a-un-groupe-arme\\\/171961\\\/\",\"name\":\"Un salafiste arr\u00eat\u00e9 \u00e0 Sfax pour appartenance \u00e0 un groupe arm\u00e9\",\"isPartOf\":{\"@id\":\"https:\\\/\\\/www.webdo.tn\\\/fr\\\/#website\"},\"primaryImageOfPage\":{\"@id\":\"https:\\\/\\\/www.webdo.tn\\\/fr\\\/actualite\\\/national-45\\\/un-salafiste-arrete-a-sfax-pour-appartenance-a-un-groupe-arme\\\/171961\\\/#primaryimage\"},\"image\":{\"@id\":\"https:\\\/\\\/www.webdo.tn\\\/fr\\\/actualite\\\/national-45\\\/un-salafiste-arrete-a-sfax-pour-appartenance-a-un-groupe-arme\\\/171961\\\/#primaryimage\"},\"thumbnailUrl\":\"https:\\\/\\\/www.webdo.tn\\\/fr\\\/wp-content\\\/uploads\\\/2012\\\/05\\\/sfax-photo-investintunisia.tn_.gif\",\"datePublished\":\"2012-05-12T21:43:00+00:00\",\"description\":\"Un salafiste arr\u00eat\u00e9 \u00e0 Sfax pour appartenance \u00e0 un groupe arm\u00e9\",\"breadcrumb\":{\"@id\":\"https:\\\/\\\/www.webdo.tn\\\/fr\\\/actualite\\\/national-45\\\/un-salafiste-arrete-a-sfax-pour-appartenance-a-un-groupe-arme\\\/171961\\\/#breadcrumb\"},\"inLanguage\":\"fr-FR\",\"potentialAction\":[{\"@type\":\"ReadAction\",\"target\":[\"https:\\\/\\\/www.webdo.tn\\\/fr\\\/actualite\\\/national-45\\\/un-salafiste-arrete-a-sfax-pour-appartenance-a-un-groupe-arme\\\/171961\\\/\"]}]},{\"@type\":\"ImageObject\",\"inLanguage\":\"fr-FR\",\"@id\":\"https:\\\/\\\/www.webdo.tn\\\/fr\\\/actualite\\\/national-45\\\/un-salafiste-arrete-a-sfax-pour-appartenance-a-un-groupe-arme\\\/171961\\\/#primaryimage\",\"url\":\"https:\\\/\\\/www.webdo.tn\\\/fr\\\/wp-content\\\/uploads\\\/2012\\\/05\\\/sfax-photo-investintunisia.tn_.gif\",\"contentUrl\":\"https:\\\/\\\/www.webdo.tn\\\/fr\\\/wp-content\\\/uploads\\\/2012\\\/05\\\/sfax-photo-investintunisia.tn_.gif\",\"width\":300,\"height\":245,\"caption\":\"Un salafiste arr\u00eat\u00e9 \u00e0 Sfax pour appartenance \u00e0 un groupe arm\u00e9\"},{\"@type\":\"BreadcrumbList\",\"@id\":\"https:\\\/\\\/www.webdo.tn\\\/fr\\\/actualite\\\/national-45\\\/un-salafiste-arrete-a-sfax-pour-appartenance-a-un-groupe-arme\\\/171961\\\/#breadcrumb\",\"itemListElement\":[{\"@type\":\"ListItem\",\"position\":1,\"name\":\"Accueil\",\"item\":\"https:\\\/\\\/www.webdo.tn\\\/fr\\\/\"},{\"@type\":\"ListItem\",\"position\":2,\"name\":\"Un salafiste arr\u00eat\u00e9 \u00e0 Sfax pour appartenance \u00e0 un groupe arm\u00e9\"}]},{\"@type\":\"WebSite\",\"@id\":\"https:\\\/\\\/www.webdo.tn\\\/fr\\\/#website\",\"url\":\"https:\\\/\\\/www.webdo.tn\\\/fr\\\/\",\"name\":\"webdo\",\"description\":\"Tunisie - News en Tunisie et \u00e0 l&#039;international sur Webdo.tn\",\"publisher\":{\"@id\":\"https:\\\/\\\/www.webdo.tn\\\/fr\\\/#organization\"},\"potentialAction\":[{\"@type\":\"SearchAction\",\"target\":{\"@type\":\"EntryPoint\",\"urlTemplate\":\"https:\\\/\\\/www.webdo.tn\\\/fr\\\/?s={search_term_string}\"},\"query-input\":{\"@type\":\"PropertyValueSpecification\",\"valueRequired\":true,\"valueName\":\"search_term_string\"}}],\"inLanguage\":\"fr-FR\"},{\"@type\":\"Organization\",\"@id\":\"https:\\\/\\\/www.webdo.tn\\\/fr\\\/#organization\",\"name\":\"Webdo\",\"alternateName\":\"Webdo.tn\",\"url\":\"https:\\\/\\\/www.webdo.tn\\\/fr\\\/\",\"logo\":{\"@type\":\"ImageObject\",\"inLanguage\":\"fr-FR\",\"@id\":\"https:\\\/\\\/www.webdo.tn\\\/fr\\\/#\\\/schema\\\/logo\\\/image\\\/\",\"url\":\"https:\\\/\\\/www.webdo.tn\\\/fr\\\/wp-content\\\/uploads\\\/2025\\\/06\\\/Webdo-Tunisie_168377.jpg\",\"contentUrl\":\"https:\\\/\\\/www.webdo.tn\\\/fr\\\/wp-content\\\/uploads\\\/2025\\\/06\\\/Webdo-Tunisie_168377.jpg\",\"width\":301,\"height\":301,\"caption\":\"Webdo\"},\"image\":{\"@id\":\"https:\\\/\\\/www.webdo.tn\\\/fr\\\/#\\\/schema\\\/logo\\\/image\\\/\"},\"sameAs\":[\"https:\\\/\\\/www.facebook.com\\\/webdotn\",\"https:\\\/\\\/x.com\\\/webdo_tn\"],\"description\":\"Webdo est un m\u00e9dia num\u00e9rique tunisien fond\u00e9 en 2010, sp\u00e9cialis\u00e9 dans l\u2019actualit\u00e9 nationale et internationale, l\u2019\u00e9conomie, la soci\u00e9t\u00e9 et les analyses politiques. Le site s\u2019adresse \u00e0 un large public francophone et couvre l\u2019information tunisienne en temps r\u00e9el.\",\"email\":\"redac@webdo.tn\",\"legalName\":\"YNJ SARL\",\"foundingDate\":\"2010-09-06\",\"numberOfEmployees\":{\"@type\":\"QuantitativeValue\",\"minValue\":\"11\",\"maxValue\":\"50\"}},{\"@type\":\"Person\",\"@id\":\"https:\\\/\\\/www.webdo.tn\\\/fr\\\/#\\\/schema\\\/person\\\/9a9c6118d687c117df8ef3cc36a4d175\",\"name\":\"webdo.tn\",\"image\":{\"@type\":\"ImageObject\",\"inLanguage\":\"fr-FR\",\"@id\":\"https:\\\/\\\/secure.gravatar.com\\\/avatar\\\/7ce1f28c0c3bbac99ff550b85ef8e44a6950c6ee24514fb6a5489e51d06f0298?s=96&d=mm&r=g\",\"url\":\"https:\\\/\\\/secure.gravatar.com\\\/avatar\\\/7ce1f28c0c3bbac99ff550b85ef8e44a6950c6ee24514fb6a5489e51d06f0298?s=96&d=mm&r=g\",\"contentUrl\":\"https:\\\/\\\/secure.gravatar.com\\\/avatar\\\/7ce1f28c0c3bbac99ff550b85ef8e44a6950c6ee24514fb6a5489e51d06f0298?s=96&d=mm&r=g\",\"caption\":\"webdo.tn\"},\"url\":\"https:\\\/\\\/www.webdo.tn\\\/fr\\\/actualite\\\/author\\\/webdotn\\\/\"}]}<\/script>\n<!-- \/ Yoast SEO Premium plugin. -->","yoast_head_json":{"title":"Un salafiste arr\u00eat\u00e9 \u00e0 Sfax pour appartenance \u00e0 un groupe arm\u00e9","description":"Un salafiste arr\u00eat\u00e9 \u00e0 Sfax pour appartenance \u00e0 un groupe arm\u00e9","canonical":"https:\/\/www.webdo.tn\/fr\/actualite\/national-45\/un-salafiste-arrete-a-sfax-pour-appartenance-a-un-groupe-arme\/171961\/","og_locale":"fr_FR","og_type":"article","og_title":"Un salafiste arr\u00eat\u00e9 \u00e0 Sfax pour appartenance \u00e0 un groupe arm\u00e9","og_description":"Un salafiste arr\u00eat\u00e9 \u00e0 Sfax pour appartenance \u00e0 un groupe arm\u00e9","og_url":"https:\/\/www.webdo.tn\/fr\/actualite\/national-45\/un-salafiste-arrete-a-sfax-pour-appartenance-a-un-groupe-arme\/171961\/","og_site_name":"webdo","article_publisher":"https:\/\/www.facebook.com\/webdotn","article_published_time":"2012-05-12T21:43:00+00:00","og_image":[{"width":300,"height":245,"url":"https:\/\/www.webdo.tn\/fr\/wp-content\/uploads\/2012\/05\/sfax-photo-investintunisia.tn_.gif","type":"image\/gif"}],"author":"webdo.tn","twitter_card":"summary_large_image","twitter_creator":"@webdo_tn","twitter_site":"@webdo_tn","twitter_misc":{"\u00c9crit par":"webdo.tn","Dur\u00e9e de lecture estim\u00e9e":"3 minutes"},"schema":{"@context":"https:\/\/schema.org","@graph":[{"@type":"NewsArticle","@id":"https:\/\/www.webdo.tn\/fr\/actualite\/national-45\/un-salafiste-arrete-a-sfax-pour-appartenance-a-un-groupe-arme\/171961\/#article","isPartOf":{"@id":"https:\/\/www.webdo.tn\/fr\/actualite\/national-45\/un-salafiste-arrete-a-sfax-pour-appartenance-a-un-groupe-arme\/171961\/"},"author":{"name":"webdo.tn","@id":"https:\/\/www.webdo.tn\/fr\/#\/schema\/person\/9a9c6118d687c117df8ef3cc36a4d175"},"headline":"Un salafiste arr\u00eat\u00e9 \u00e0 Sfax pour appartenance \u00e0 un groupe arm\u00e9","datePublished":"2012-05-12T21:43:00+00:00","mainEntityOfPage":{"@id":"https:\/\/www.webdo.tn\/fr\/actualite\/national-45\/un-salafiste-arrete-a-sfax-pour-appartenance-a-un-groupe-arme\/171961\/"},"wordCount":644,"commentCount":0,"publisher":{"@id":"https:\/\/www.webdo.tn\/fr\/#organization"},"image":{"@id":"https:\/\/www.webdo.tn\/fr\/actualite\/national-45\/un-salafiste-arrete-a-sfax-pour-appartenance-a-un-groupe-arme\/171961\/#primaryimage"},"thumbnailUrl":"https:\/\/www.webdo.tn\/fr\/wp-content\/uploads\/2012\/05\/sfax-photo-investintunisia.tn_.gif","keywords":["guerre"],"articleSection":["National"],"inLanguage":"fr-FR"},{"@type":"WebPage","@id":"https:\/\/www.webdo.tn\/fr\/actualite\/national-45\/un-salafiste-arrete-a-sfax-pour-appartenance-a-un-groupe-arme\/171961\/","url":"https:\/\/www.webdo.tn\/fr\/actualite\/national-45\/un-salafiste-arrete-a-sfax-pour-appartenance-a-un-groupe-arme\/171961\/","name":"Un salafiste arr\u00eat\u00e9 \u00e0 Sfax pour appartenance \u00e0 un groupe arm\u00e9","isPartOf":{"@id":"https:\/\/www.webdo.tn\/fr\/#website"},"primaryImageOfPage":{"@id":"https:\/\/www.webdo.tn\/fr\/actualite\/national-45\/un-salafiste-arrete-a-sfax-pour-appartenance-a-un-groupe-arme\/171961\/#primaryimage"},"image":{"@id":"https:\/\/www.webdo.tn\/fr\/actualite\/national-45\/un-salafiste-arrete-a-sfax-pour-appartenance-a-un-groupe-arme\/171961\/#primaryimage"},"thumbnailUrl":"https:\/\/www.webdo.tn\/fr\/wp-content\/uploads\/2012\/05\/sfax-photo-investintunisia.tn_.gif","datePublished":"2012-05-12T21:43:00+00:00","description":"Un salafiste arr\u00eat\u00e9 \u00e0 Sfax pour appartenance \u00e0 un groupe arm\u00e9","breadcrumb":{"@id":"https:\/\/www.webdo.tn\/fr\/actualite\/national-45\/un-salafiste-arrete-a-sfax-pour-appartenance-a-un-groupe-arme\/171961\/#breadcrumb"},"inLanguage":"fr-FR","potentialAction":[{"@type":"ReadAction","target":["https:\/\/www.webdo.tn\/fr\/actualite\/national-45\/un-salafiste-arrete-a-sfax-pour-appartenance-a-un-groupe-arme\/171961\/"]}]},{"@type":"ImageObject","inLanguage":"fr-FR","@id":"https:\/\/www.webdo.tn\/fr\/actualite\/national-45\/un-salafiste-arrete-a-sfax-pour-appartenance-a-un-groupe-arme\/171961\/#primaryimage","url":"https:\/\/www.webdo.tn\/fr\/wp-content\/uploads\/2012\/05\/sfax-photo-investintunisia.tn_.gif","contentUrl":"https:\/\/www.webdo.tn\/fr\/wp-content\/uploads\/2012\/05\/sfax-photo-investintunisia.tn_.gif","width":300,"height":245,"caption":"Un salafiste arr\u00eat\u00e9 \u00e0 Sfax pour appartenance \u00e0 un groupe arm\u00e9"},{"@type":"BreadcrumbList","@id":"https:\/\/www.webdo.tn\/fr\/actualite\/national-45\/un-salafiste-arrete-a-sfax-pour-appartenance-a-un-groupe-arme\/171961\/#breadcrumb","itemListElement":[{"@type":"ListItem","position":1,"name":"Accueil","item":"https:\/\/www.webdo.tn\/fr\/"},{"@type":"ListItem","position":2,"name":"Un salafiste arr\u00eat\u00e9 \u00e0 Sfax pour appartenance \u00e0 un groupe arm\u00e9"}]},{"@type":"WebSite","@id":"https:\/\/www.webdo.tn\/fr\/#website","url":"https:\/\/www.webdo.tn\/fr\/","name":"webdo","description":"Tunisie - News en Tunisie et \u00e0 l&#039;international sur Webdo.tn","publisher":{"@id":"https:\/\/www.webdo.tn\/fr\/#organization"},"potentialAction":[{"@type":"SearchAction","target":{"@type":"EntryPoint","urlTemplate":"https:\/\/www.webdo.tn\/fr\/?s={search_term_string}"},"query-input":{"@type":"PropertyValueSpecification","valueRequired":true,"valueName":"search_term_string"}}],"inLanguage":"fr-FR"},{"@type":"Organization","@id":"https:\/\/www.webdo.tn\/fr\/#organization","name":"Webdo","alternateName":"Webdo.tn","url":"https:\/\/www.webdo.tn\/fr\/","logo":{"@type":"ImageObject","inLanguage":"fr-FR","@id":"https:\/\/www.webdo.tn\/fr\/#\/schema\/logo\/image\/","url":"https:\/\/www.webdo.tn\/fr\/wp-content\/uploads\/2025\/06\/Webdo-Tunisie_168377.jpg","contentUrl":"https:\/\/www.webdo.tn\/fr\/wp-content\/uploads\/2025\/06\/Webdo-Tunisie_168377.jpg","width":301,"height":301,"caption":"Webdo"},"image":{"@id":"https:\/\/www.webdo.tn\/fr\/#\/schema\/logo\/image\/"},"sameAs":["https:\/\/www.facebook.com\/webdotn","https:\/\/x.com\/webdo_tn"],"description":"Webdo est un m\u00e9dia num\u00e9rique tunisien fond\u00e9 en 2010, sp\u00e9cialis\u00e9 dans l\u2019actualit\u00e9 nationale et internationale, l\u2019\u00e9conomie, la soci\u00e9t\u00e9 et les analyses politiques. Le site s\u2019adresse \u00e0 un large public francophone et couvre l\u2019information tunisienne en temps r\u00e9el.","email":"redac@webdo.tn","legalName":"YNJ SARL","foundingDate":"2010-09-06","numberOfEmployees":{"@type":"QuantitativeValue","minValue":"11","maxValue":"50"}},{"@type":"Person","@id":"https:\/\/www.webdo.tn\/fr\/#\/schema\/person\/9a9c6118d687c117df8ef3cc36a4d175","name":"webdo.tn","image":{"@type":"ImageObject","inLanguage":"fr-FR","@id":"https:\/\/secure.gravatar.com\/avatar\/7ce1f28c0c3bbac99ff550b85ef8e44a6950c6ee24514fb6a5489e51d06f0298?s=96&d=mm&r=g","url":"https:\/\/secure.gravatar.com\/avatar\/7ce1f28c0c3bbac99ff550b85ef8e44a6950c6ee24514fb6a5489e51d06f0298?s=96&d=mm&r=g","contentUrl":"https:\/\/secure.gravatar.com\/avatar\/7ce1f28c0c3bbac99ff550b85ef8e44a6950c6ee24514fb6a5489e51d06f0298?s=96&d=mm&r=g","caption":"webdo.tn"},"url":"https:\/\/www.webdo.tn\/fr\/actualite\/author\/webdotn\/"}]}},"_links":{"self":[{"href":"https:\/\/www.webdo.tn\/fr\/wp-json\/wp\/v2\/posts\/171961","targetHints":{"allow":["GET"]}}],"collection":[{"href":"https:\/\/www.webdo.tn\/fr\/wp-json\/wp\/v2\/posts"}],"about":[{"href":"https:\/\/www.webdo.tn\/fr\/wp-json\/wp\/v2\/types\/post"}],"author":[{"embeddable":true,"href":"https:\/\/www.webdo.tn\/fr\/wp-json\/wp\/v2\/users\/3222"}],"replies":[{"embeddable":true,"href":"https:\/\/www.webdo.tn\/fr\/wp-json\/wp\/v2\/comments?post=171961"}],"version-history":[{"count":0,"href":"https:\/\/www.webdo.tn\/fr\/wp-json\/wp\/v2\/posts\/171961\/revisions"}],"wp:featuredmedia":[{"embeddable":true,"href":"https:\/\/www.webdo.tn\/fr\/wp-json\/wp\/v2\/media\/333591"}],"wp:attachment":[{"href":"https:\/\/www.webdo.tn\/fr\/wp-json\/wp\/v2\/media?parent=171961"}],"wp:term":[{"taxonomy":"category","embeddable":true,"href":"https:\/\/www.webdo.tn\/fr\/wp-json\/wp\/v2\/categories?post=171961"},{"taxonomy":"post_tag","embeddable":true,"href":"https:\/\/www.webdo.tn\/fr\/wp-json\/wp\/v2\/tags?post=171961"}],"curies":[{"name":"wp","href":"https:\/\/api.w.org\/{rel}","templated":true}]}}