{"id":171960,"date":"2012-05-13T10:50:00","date_gmt":"2012-05-13T10:50:00","guid":{"rendered":"https:\/\/www.webdo.tn\/fr\/blog\/sahbi-basly-l-opposition-a-tort-de-s-opposer-a-ennahdha-et-l-exclusion-du-rcd-sera-suivie-d-une-reaction-de-la-rue\/171960\/"},"modified":"2012-05-13T10:50:00","modified_gmt":"2012-05-13T10:50:00","slug":"sahbi-basly-l-opposition-a-tort-de-s-opposer-a-ennahdha-et-l-exclusion-du-rcd-sera-suivie-d-une-reaction-de-la-rue","status":"publish","type":"post","link":"https:\/\/www.webdo.tn\/fr\/actualite\/national\/sahbi-basly-l-opposition-a-tort-de-s-opposer-a-ennahdha-et-l-exclusion-du-rcd-sera-suivie-d-une-reaction-de-la-rue\/171960\/","title":{"rendered":"Sahbi Basly : l\u2019opposition a tort de s\u2019opposer \u00e0 Ennahdha et l\u2019exclusion du RCD sera suivie d\u2019une r\u00e9action de la rue"},"content":{"rendered":"<p>Voici ce qu\u2019on peut retenir globalement des d\u00e9clarations de Mohamed Sahbi Basly qui a \u00e9t\u00e9 hier l\u2019invit\u00e9 de l\u2019\u00e9mission SARAHA RAHA sur Hannibal TV, \u00e0 l\u2019occasion de la parution prochaine de son livre sur sa carri\u00e8re au service de BEN ALI. Ex-gouverneur et ambassadeur sous le r\u00e8gne de la dictature et actuellement Pr\u00e9sident du parti EL WATANI, ses d\u00e9clarations dans cette \u00e9mission ont \u00e9t\u00e9 un m\u00e9lange entre nostalgie d\u2019un pass\u00e9 r\u00e9cent, contre lequel le peuple s\u2019est soulev\u00e9, et apologie des actuels gouvernants, avec remise en cause de l\u2019opposition.<\/p>\n<p>Il refuse que l\u2019on qualifie Ben Ali de pr\u00e9sident d\u00e9chu, car dans la litt\u00e9rature politique qu\u2019il conna\u00eet parfaitement, ce qualificatif s\u2019applique aux monarques, comme si Ben Ali, qui \u00e9tait pr\u00e9destin\u00e9 \u00e0 une pr\u00e9sidence \u00e0 vie, \u00e9tait \u00e9lu d\u00e9mocratiquement et sa dictature jouissait d\u2019un soutien populaire. Il a \u00e0 peine accept\u00e9 qu\u2019on dise de lui \u00ab le pr\u00e9sident fuyard \u00bb, m\u00eame si dans l\u2019esprit des anciens ap\u00f4tres de la dictature, Benali n\u2019a pas fui le pays, mais a \u00e9t\u00e9 victime d\u2019une tromperie.<\/p>\n<p>En fait, la vraie raison qui justifie cette position de sa part est qu\u2019il a encore du respect pour Ben Ali et il a os\u00e9 le reconna\u00eetre au cours de cette \u00e9mission, o\u00f9 il n\u2019a rien dit de mal de lui sauf qu\u2019il avait commis quelques erreurs. Parmi ces erreurs, la seule qu\u2019il a cit\u00e9e explicitement est la non-diffusion des obs\u00e8ques de Bourguiba. Pour le reste, il consid\u00e8re que la Tunisie ind\u00e9pendante n\u2019a connu que la dictature, allant jusqu\u2019\u00e0 comparer le despotisme \u00e9clair\u00e9 de Bourguiba au banditisme asphyxiant de Benali. Or s\u2019il est vrai que du temps du premier, il y a eu beaucoup d\u2019injustices et d\u2019erreurs monumentales que nous tra\u00eenons \u00e0 ce jour, il n\u2019en demeure pas moins que sous le r\u00e8gne du second, la tyrannie a d\u00e9pass\u00e9 les limites du tol\u00e9rable.<\/p>\n<p>Sahbi Basly croit na\u00efvement que le RCD a contribu\u00e9 \u00e0 la r\u00e9volution en d\u00e9laissant Benali. Il n\u2019a pas expliqu\u00e9 en quoi a consist\u00e9 ce d\u00e9laissement. Mais certainement, il ne peut pas s\u2019agir, dans son esprit, d\u2019un d\u00e9sengagement politique, d\u2019autant plus que le dictateur n\u2019avait pas besoin d\u2019un soutien populaire pour s\u2019imposer en ma\u00eetre absolu. Il s\u2019agit plut\u00f4t d\u2019une d\u00e9faillance au niveau de la surveillance et du quadrillage de la population, et d\u2019un dysfonctionnement au niveau du syst\u00e8me de d\u00e9lation, qui ont \u00e9t\u00e9 les seules missions des responsables et membres des cellules du RCD et des cellules voisines (comit\u00e9s de quartier, syndicats de copropri\u00e9taires, associations locales\u2026). Implicitement, Mohamed S. Basly avoue que le RCD n\u2019\u00e9tait qu\u2019un outil de la dictature et que cet outil n\u2019a pas \u00e9t\u00e9 efficace lors des \u00e9v\u00e9nements qui ont conduit au 14 janvier. En d\u2019autres termes, il a voulu dire que la contribution du RCD \u00e0 la r\u00e9volution a \u00e9t\u00e9 la non-contribution \u00e0 la r\u00e9pression et que la milice du RCD n\u2019a pas jou\u00e9 son r\u00f4le.<\/p>\n<p>Pour revenir \u00e0 la situation politique actuelle dans le pays, il n\u2019a dit que du bien du mouvement Ennahdha, de la tro\u00efka, des responsables dans le gouvernement et de leur sagesse. Il a reproch\u00e9 \u00e0 l\u2019opposition de ne pas s\u2019allier avec le parti majoritaire au pouvoir et que durant cette phase, il ne doit pas y avoir d\u2019opposition. Venant de la part d\u2019un Ex- RCD, au service d\u2019un r\u00e9gime qui a martyris\u00e9 les islamistes autant qu\u2019il l\u2019a fait avec d\u2019autres opposants, ce discours \u00e9logieux ne doit pas \u00e9tonner parce que l\u2019opportunisme chez cette cat\u00e9gorie de personnes est dans les veines.<\/p>\n<p>La seule chose qui l\u2019a \u00e9nerv\u00e9 est la possible promulgation d\u2019un d\u00e9cret-loi pr\u00e9voyant l\u2019in\u00e9ligibilit\u00e9 des ex- responsables du RCD aux prochaines \u00e9lections. Mohamed Sahbi Basly menace de descendre avec les siens dans la rue si jamais ce projet voyait le jour !!!!!<\/p>\n","protected":false},"excerpt":{"rendered":"<p>Sahbi Basly : l\u2019opposition a tort de s\u2019opposer \u00e0 Ennahdha et l\u2019exclusion du RCD sera suivie d\u2019une r\u00e9action de la rue<\/p>\n","protected":false},"author":3222,"featured_media":333590,"comment_status":"open","ping_status":"closed","sticky":false,"template":"","format":"standard","meta":{"footnotes":""},"categories":[44],"tags":[2600],"class_list":["post-171960","post","type-post","status-publish","format-standard","has-post-thumbnail","hentry","category-national","tag-guerre"],"yoast_head":"<!-- This site is optimized with the Yoast SEO Premium plugin v27.5 (Yoast SEO v27.5) - https:\/\/yoast.com\/product\/yoast-seo-premium-wordpress\/ -->\n<title>Sahbi Basly : l\u2019opposition a tort de s\u2019opposer \u00e0 Ennahdha et l\u2019exclusion du RCD sera suivie d\u2019une r\u00e9action de la rue<\/title>\n<meta name=\"description\" content=\"Sahbi Basly : l\u2019opposition a tort de s\u2019opposer \u00e0 Ennahdha et l\u2019exclusion du RCD sera suivie d\u2019une r\u00e9action de la rue\" \/>\n<link rel=\"canonical\" href=\"https:\/\/www.webdo.tn\/fr\/actualite\/national-45\/sahbi-basly-l-opposition-a-tort-de-s-opposer-a-ennahdha-et-l-exclusion-du-rcd-sera-suivie-d-une-reaction-de-la-rue\/171960\/\" \/>\n<meta property=\"og:locale\" content=\"fr_FR\" \/>\n<meta property=\"og:type\" content=\"article\" \/>\n<meta property=\"og:title\" content=\"Sahbi Basly : l\u2019opposition a tort de s\u2019opposer \u00e0 Ennahdha et l\u2019exclusion du RCD sera suivie d\u2019une r\u00e9action de la rue\" \/>\n<meta property=\"og:description\" content=\"Sahbi Basly : l\u2019opposition a tort de s\u2019opposer \u00e0 Ennahdha et l\u2019exclusion du RCD sera suivie d\u2019une r\u00e9action de la rue\" \/>\n<meta property=\"og:url\" content=\"https:\/\/www.webdo.tn\/fr\/actualite\/national-45\/sahbi-basly-l-opposition-a-tort-de-s-opposer-a-ennahdha-et-l-exclusion-du-rcd-sera-suivie-d-une-reaction-de-la-rue\/171960\/\" \/>\n<meta property=\"og:site_name\" content=\"webdo\" \/>\n<meta property=\"article:publisher\" content=\"https:\/\/www.facebook.com\/webdotn\" \/>\n<meta property=\"article:published_time\" content=\"2012-05-13T10:50:00+00:00\" \/>\n<meta property=\"og:image\" content=\"https:\/\/www.webdo.tn\/fr\/wp-content\/uploads\/2012\/05\/Sahbi-Basly.jpg\" \/>\n\t<meta property=\"og:image:width\" content=\"191\" \/>\n\t<meta property=\"og:image:height\" content=\"267\" \/>\n\t<meta property=\"og:image:type\" content=\"image\/jpeg\" \/>\n<meta name=\"author\" content=\"webdo.tn\" \/>\n<meta name=\"twitter:card\" content=\"summary_large_image\" \/>\n<meta name=\"twitter:creator\" content=\"@webdo_tn\" \/>\n<meta name=\"twitter:site\" content=\"@webdo_tn\" \/>\n<meta name=\"twitter:label1\" content=\"\u00c9crit par\" \/>\n\t<meta name=\"twitter:data1\" content=\"webdo.tn\" \/>\n\t<meta name=\"twitter:label2\" content=\"Dur\u00e9e de lecture estim\u00e9e\" \/>\n\t<meta name=\"twitter:data2\" content=\"3 minutes\" \/>\n<script type=\"application\/ld+json\" class=\"yoast-schema-graph\">{\"@context\":\"https:\\\/\\\/schema.org\",\"@graph\":[{\"@type\":\"NewsArticle\",\"@id\":\"https:\\\/\\\/www.webdo.tn\\\/fr\\\/actualite\\\/national-45\\\/sahbi-basly-l-opposition-a-tort-de-s-opposer-a-ennahdha-et-l-exclusion-du-rcd-sera-suivie-d-une-reaction-de-la-rue\\\/171960\\\/#article\",\"isPartOf\":{\"@id\":\"https:\\\/\\\/www.webdo.tn\\\/fr\\\/actualite\\\/national-45\\\/sahbi-basly-l-opposition-a-tort-de-s-opposer-a-ennahdha-et-l-exclusion-du-rcd-sera-suivie-d-une-reaction-de-la-rue\\\/171960\\\/\"},\"author\":{\"name\":\"webdo.tn\",\"@id\":\"https:\\\/\\\/www.webdo.tn\\\/fr\\\/#\\\/schema\\\/person\\\/9a9c6118d687c117df8ef3cc36a4d175\"},\"headline\":\"Sahbi Basly : l\u2019opposition a tort de s\u2019opposer \u00e0 Ennahdha et l\u2019exclusion du RCD sera suivie d\u2019une r\u00e9action de la rue\",\"datePublished\":\"2012-05-13T10:50:00+00:00\",\"mainEntityOfPage\":{\"@id\":\"https:\\\/\\\/www.webdo.tn\\\/fr\\\/actualite\\\/national-45\\\/sahbi-basly-l-opposition-a-tort-de-s-opposer-a-ennahdha-et-l-exclusion-du-rcd-sera-suivie-d-une-reaction-de-la-rue\\\/171960\\\/\"},\"wordCount\":723,\"commentCount\":0,\"publisher\":{\"@id\":\"https:\\\/\\\/www.webdo.tn\\\/fr\\\/#organization\"},\"image\":{\"@id\":\"https:\\\/\\\/www.webdo.tn\\\/fr\\\/actualite\\\/national-45\\\/sahbi-basly-l-opposition-a-tort-de-s-opposer-a-ennahdha-et-l-exclusion-du-rcd-sera-suivie-d-une-reaction-de-la-rue\\\/171960\\\/#primaryimage\"},\"thumbnailUrl\":\"https:\\\/\\\/www.webdo.tn\\\/fr\\\/wp-content\\\/uploads\\\/2012\\\/05\\\/Sahbi-Basly.jpg\",\"keywords\":[\"guerre\"],\"articleSection\":[\"National\"],\"inLanguage\":\"fr-FR\"},{\"@type\":\"WebPage\",\"@id\":\"https:\\\/\\\/www.webdo.tn\\\/fr\\\/actualite\\\/national-45\\\/sahbi-basly-l-opposition-a-tort-de-s-opposer-a-ennahdha-et-l-exclusion-du-rcd-sera-suivie-d-une-reaction-de-la-rue\\\/171960\\\/\",\"url\":\"https:\\\/\\\/www.webdo.tn\\\/fr\\\/actualite\\\/national-45\\\/sahbi-basly-l-opposition-a-tort-de-s-opposer-a-ennahdha-et-l-exclusion-du-rcd-sera-suivie-d-une-reaction-de-la-rue\\\/171960\\\/\",\"name\":\"Sahbi Basly : l\u2019opposition a tort de s\u2019opposer \u00e0 Ennahdha et l\u2019exclusion du RCD sera suivie d\u2019une r\u00e9action de la rue\",\"isPartOf\":{\"@id\":\"https:\\\/\\\/www.webdo.tn\\\/fr\\\/#website\"},\"primaryImageOfPage\":{\"@id\":\"https:\\\/\\\/www.webdo.tn\\\/fr\\\/actualite\\\/national-45\\\/sahbi-basly-l-opposition-a-tort-de-s-opposer-a-ennahdha-et-l-exclusion-du-rcd-sera-suivie-d-une-reaction-de-la-rue\\\/171960\\\/#primaryimage\"},\"image\":{\"@id\":\"https:\\\/\\\/www.webdo.tn\\\/fr\\\/actualite\\\/national-45\\\/sahbi-basly-l-opposition-a-tort-de-s-opposer-a-ennahdha-et-l-exclusion-du-rcd-sera-suivie-d-une-reaction-de-la-rue\\\/171960\\\/#primaryimage\"},\"thumbnailUrl\":\"https:\\\/\\\/www.webdo.tn\\\/fr\\\/wp-content\\\/uploads\\\/2012\\\/05\\\/Sahbi-Basly.jpg\",\"datePublished\":\"2012-05-13T10:50:00+00:00\",\"description\":\"Sahbi Basly : l\u2019opposition a tort de s\u2019opposer \u00e0 Ennahdha et l\u2019exclusion du RCD sera suivie d\u2019une r\u00e9action de la rue\",\"breadcrumb\":{\"@id\":\"https:\\\/\\\/www.webdo.tn\\\/fr\\\/actualite\\\/national-45\\\/sahbi-basly-l-opposition-a-tort-de-s-opposer-a-ennahdha-et-l-exclusion-du-rcd-sera-suivie-d-une-reaction-de-la-rue\\\/171960\\\/#breadcrumb\"},\"inLanguage\":\"fr-FR\",\"potentialAction\":[{\"@type\":\"ReadAction\",\"target\":[\"https:\\\/\\\/www.webdo.tn\\\/fr\\\/actualite\\\/national-45\\\/sahbi-basly-l-opposition-a-tort-de-s-opposer-a-ennahdha-et-l-exclusion-du-rcd-sera-suivie-d-une-reaction-de-la-rue\\\/171960\\\/\"]}]},{\"@type\":\"ImageObject\",\"inLanguage\":\"fr-FR\",\"@id\":\"https:\\\/\\\/www.webdo.tn\\\/fr\\\/actualite\\\/national-45\\\/sahbi-basly-l-opposition-a-tort-de-s-opposer-a-ennahdha-et-l-exclusion-du-rcd-sera-suivie-d-une-reaction-de-la-rue\\\/171960\\\/#primaryimage\",\"url\":\"https:\\\/\\\/www.webdo.tn\\\/fr\\\/wp-content\\\/uploads\\\/2012\\\/05\\\/Sahbi-Basly.jpg\",\"contentUrl\":\"https:\\\/\\\/www.webdo.tn\\\/fr\\\/wp-content\\\/uploads\\\/2012\\\/05\\\/Sahbi-Basly.jpg\",\"width\":191,\"height\":267,\"caption\":\"Sahbi Basly : l\u2019opposition a tort de s\u2019opposer \u00e0 Ennahdha et l\u2019exclusion du RCD sera suivie d\u2019une r\u00e9action de la rue\"},{\"@type\":\"BreadcrumbList\",\"@id\":\"https:\\\/\\\/www.webdo.tn\\\/fr\\\/actualite\\\/national-45\\\/sahbi-basly-l-opposition-a-tort-de-s-opposer-a-ennahdha-et-l-exclusion-du-rcd-sera-suivie-d-une-reaction-de-la-rue\\\/171960\\\/#breadcrumb\",\"itemListElement\":[{\"@type\":\"ListItem\",\"position\":1,\"name\":\"Accueil\",\"item\":\"https:\\\/\\\/www.webdo.tn\\\/fr\\\/\"},{\"@type\":\"ListItem\",\"position\":2,\"name\":\"Sahbi Basly : l\u2019opposition a tort de s\u2019opposer \u00e0 Ennahdha et l\u2019exclusion du RCD sera suivie d\u2019une r\u00e9action de la rue\"}]},{\"@type\":\"WebSite\",\"@id\":\"https:\\\/\\\/www.webdo.tn\\\/fr\\\/#website\",\"url\":\"https:\\\/\\\/www.webdo.tn\\\/fr\\\/\",\"name\":\"webdo\",\"description\":\"Tunisie - News en Tunisie et \u00e0 l&#039;international sur Webdo.tn\",\"publisher\":{\"@id\":\"https:\\\/\\\/www.webdo.tn\\\/fr\\\/#organization\"},\"potentialAction\":[{\"@type\":\"SearchAction\",\"target\":{\"@type\":\"EntryPoint\",\"urlTemplate\":\"https:\\\/\\\/www.webdo.tn\\\/fr\\\/?s={search_term_string}\"},\"query-input\":{\"@type\":\"PropertyValueSpecification\",\"valueRequired\":true,\"valueName\":\"search_term_string\"}}],\"inLanguage\":\"fr-FR\"},{\"@type\":\"Organization\",\"@id\":\"https:\\\/\\\/www.webdo.tn\\\/fr\\\/#organization\",\"name\":\"Webdo\",\"alternateName\":\"Webdo.tn\",\"url\":\"https:\\\/\\\/www.webdo.tn\\\/fr\\\/\",\"logo\":{\"@type\":\"ImageObject\",\"inLanguage\":\"fr-FR\",\"@id\":\"https:\\\/\\\/www.webdo.tn\\\/fr\\\/#\\\/schema\\\/logo\\\/image\\\/\",\"url\":\"https:\\\/\\\/www.webdo.tn\\\/fr\\\/wp-content\\\/uploads\\\/2025\\\/06\\\/Webdo-Tunisie_168377.jpg\",\"contentUrl\":\"https:\\\/\\\/www.webdo.tn\\\/fr\\\/wp-content\\\/uploads\\\/2025\\\/06\\\/Webdo-Tunisie_168377.jpg\",\"width\":301,\"height\":301,\"caption\":\"Webdo\"},\"image\":{\"@id\":\"https:\\\/\\\/www.webdo.tn\\\/fr\\\/#\\\/schema\\\/logo\\\/image\\\/\"},\"sameAs\":[\"https:\\\/\\\/www.facebook.com\\\/webdotn\",\"https:\\\/\\\/x.com\\\/webdo_tn\"],\"description\":\"Webdo est un m\u00e9dia num\u00e9rique tunisien fond\u00e9 en 2010, sp\u00e9cialis\u00e9 dans l\u2019actualit\u00e9 nationale et internationale, l\u2019\u00e9conomie, la soci\u00e9t\u00e9 et les analyses politiques. Le site s\u2019adresse \u00e0 un large public francophone et couvre l\u2019information tunisienne en temps r\u00e9el.\",\"email\":\"redac@webdo.tn\",\"legalName\":\"YNJ SARL\",\"foundingDate\":\"2010-09-06\",\"numberOfEmployees\":{\"@type\":\"QuantitativeValue\",\"minValue\":\"11\",\"maxValue\":\"50\"}},{\"@type\":\"Person\",\"@id\":\"https:\\\/\\\/www.webdo.tn\\\/fr\\\/#\\\/schema\\\/person\\\/9a9c6118d687c117df8ef3cc36a4d175\",\"name\":\"webdo.tn\",\"image\":{\"@type\":\"ImageObject\",\"inLanguage\":\"fr-FR\",\"@id\":\"https:\\\/\\\/secure.gravatar.com\\\/avatar\\\/7ce1f28c0c3bbac99ff550b85ef8e44a6950c6ee24514fb6a5489e51d06f0298?s=96&d=mm&r=g\",\"url\":\"https:\\\/\\\/secure.gravatar.com\\\/avatar\\\/7ce1f28c0c3bbac99ff550b85ef8e44a6950c6ee24514fb6a5489e51d06f0298?s=96&d=mm&r=g\",\"contentUrl\":\"https:\\\/\\\/secure.gravatar.com\\\/avatar\\\/7ce1f28c0c3bbac99ff550b85ef8e44a6950c6ee24514fb6a5489e51d06f0298?s=96&d=mm&r=g\",\"caption\":\"webdo.tn\"},\"url\":\"https:\\\/\\\/www.webdo.tn\\\/fr\\\/actualite\\\/author\\\/webdotn\\\/\"}]}<\/script>\n<!-- \/ Yoast SEO Premium plugin. -->","yoast_head_json":{"title":"Sahbi Basly : l\u2019opposition a tort de s\u2019opposer \u00e0 Ennahdha et l\u2019exclusion du RCD sera suivie d\u2019une r\u00e9action de la rue","description":"Sahbi Basly : l\u2019opposition a tort de s\u2019opposer \u00e0 Ennahdha et l\u2019exclusion du RCD sera suivie d\u2019une r\u00e9action de la rue","canonical":"https:\/\/www.webdo.tn\/fr\/actualite\/national-45\/sahbi-basly-l-opposition-a-tort-de-s-opposer-a-ennahdha-et-l-exclusion-du-rcd-sera-suivie-d-une-reaction-de-la-rue\/171960\/","og_locale":"fr_FR","og_type":"article","og_title":"Sahbi Basly : l\u2019opposition a tort de s\u2019opposer \u00e0 Ennahdha et l\u2019exclusion du RCD sera suivie d\u2019une r\u00e9action de la rue","og_description":"Sahbi Basly : l\u2019opposition a tort de s\u2019opposer \u00e0 Ennahdha et l\u2019exclusion du RCD sera suivie d\u2019une r\u00e9action de la rue","og_url":"https:\/\/www.webdo.tn\/fr\/actualite\/national-45\/sahbi-basly-l-opposition-a-tort-de-s-opposer-a-ennahdha-et-l-exclusion-du-rcd-sera-suivie-d-une-reaction-de-la-rue\/171960\/","og_site_name":"webdo","article_publisher":"https:\/\/www.facebook.com\/webdotn","article_published_time":"2012-05-13T10:50:00+00:00","og_image":[{"width":191,"height":267,"url":"https:\/\/www.webdo.tn\/fr\/wp-content\/uploads\/2012\/05\/Sahbi-Basly.jpg","type":"image\/jpeg"}],"author":"webdo.tn","twitter_card":"summary_large_image","twitter_creator":"@webdo_tn","twitter_site":"@webdo_tn","twitter_misc":{"\u00c9crit par":"webdo.tn","Dur\u00e9e de lecture estim\u00e9e":"3 minutes"},"schema":{"@context":"https:\/\/schema.org","@graph":[{"@type":"NewsArticle","@id":"https:\/\/www.webdo.tn\/fr\/actualite\/national-45\/sahbi-basly-l-opposition-a-tort-de-s-opposer-a-ennahdha-et-l-exclusion-du-rcd-sera-suivie-d-une-reaction-de-la-rue\/171960\/#article","isPartOf":{"@id":"https:\/\/www.webdo.tn\/fr\/actualite\/national-45\/sahbi-basly-l-opposition-a-tort-de-s-opposer-a-ennahdha-et-l-exclusion-du-rcd-sera-suivie-d-une-reaction-de-la-rue\/171960\/"},"author":{"name":"webdo.tn","@id":"https:\/\/www.webdo.tn\/fr\/#\/schema\/person\/9a9c6118d687c117df8ef3cc36a4d175"},"headline":"Sahbi Basly : l\u2019opposition a tort de s\u2019opposer \u00e0 Ennahdha et l\u2019exclusion du RCD sera suivie d\u2019une r\u00e9action de la rue","datePublished":"2012-05-13T10:50:00+00:00","mainEntityOfPage":{"@id":"https:\/\/www.webdo.tn\/fr\/actualite\/national-45\/sahbi-basly-l-opposition-a-tort-de-s-opposer-a-ennahdha-et-l-exclusion-du-rcd-sera-suivie-d-une-reaction-de-la-rue\/171960\/"},"wordCount":723,"commentCount":0,"publisher":{"@id":"https:\/\/www.webdo.tn\/fr\/#organization"},"image":{"@id":"https:\/\/www.webdo.tn\/fr\/actualite\/national-45\/sahbi-basly-l-opposition-a-tort-de-s-opposer-a-ennahdha-et-l-exclusion-du-rcd-sera-suivie-d-une-reaction-de-la-rue\/171960\/#primaryimage"},"thumbnailUrl":"https:\/\/www.webdo.tn\/fr\/wp-content\/uploads\/2012\/05\/Sahbi-Basly.jpg","keywords":["guerre"],"articleSection":["National"],"inLanguage":"fr-FR"},{"@type":"WebPage","@id":"https:\/\/www.webdo.tn\/fr\/actualite\/national-45\/sahbi-basly-l-opposition-a-tort-de-s-opposer-a-ennahdha-et-l-exclusion-du-rcd-sera-suivie-d-une-reaction-de-la-rue\/171960\/","url":"https:\/\/www.webdo.tn\/fr\/actualite\/national-45\/sahbi-basly-l-opposition-a-tort-de-s-opposer-a-ennahdha-et-l-exclusion-du-rcd-sera-suivie-d-une-reaction-de-la-rue\/171960\/","name":"Sahbi Basly : l\u2019opposition a tort de s\u2019opposer \u00e0 Ennahdha et l\u2019exclusion du RCD sera suivie d\u2019une r\u00e9action de la rue","isPartOf":{"@id":"https:\/\/www.webdo.tn\/fr\/#website"},"primaryImageOfPage":{"@id":"https:\/\/www.webdo.tn\/fr\/actualite\/national-45\/sahbi-basly-l-opposition-a-tort-de-s-opposer-a-ennahdha-et-l-exclusion-du-rcd-sera-suivie-d-une-reaction-de-la-rue\/171960\/#primaryimage"},"image":{"@id":"https:\/\/www.webdo.tn\/fr\/actualite\/national-45\/sahbi-basly-l-opposition-a-tort-de-s-opposer-a-ennahdha-et-l-exclusion-du-rcd-sera-suivie-d-une-reaction-de-la-rue\/171960\/#primaryimage"},"thumbnailUrl":"https:\/\/www.webdo.tn\/fr\/wp-content\/uploads\/2012\/05\/Sahbi-Basly.jpg","datePublished":"2012-05-13T10:50:00+00:00","description":"Sahbi Basly : l\u2019opposition a tort de s\u2019opposer \u00e0 Ennahdha et l\u2019exclusion du RCD sera suivie d\u2019une r\u00e9action de la rue","breadcrumb":{"@id":"https:\/\/www.webdo.tn\/fr\/actualite\/national-45\/sahbi-basly-l-opposition-a-tort-de-s-opposer-a-ennahdha-et-l-exclusion-du-rcd-sera-suivie-d-une-reaction-de-la-rue\/171960\/#breadcrumb"},"inLanguage":"fr-FR","potentialAction":[{"@type":"ReadAction","target":["https:\/\/www.webdo.tn\/fr\/actualite\/national-45\/sahbi-basly-l-opposition-a-tort-de-s-opposer-a-ennahdha-et-l-exclusion-du-rcd-sera-suivie-d-une-reaction-de-la-rue\/171960\/"]}]},{"@type":"ImageObject","inLanguage":"fr-FR","@id":"https:\/\/www.webdo.tn\/fr\/actualite\/national-45\/sahbi-basly-l-opposition-a-tort-de-s-opposer-a-ennahdha-et-l-exclusion-du-rcd-sera-suivie-d-une-reaction-de-la-rue\/171960\/#primaryimage","url":"https:\/\/www.webdo.tn\/fr\/wp-content\/uploads\/2012\/05\/Sahbi-Basly.jpg","contentUrl":"https:\/\/www.webdo.tn\/fr\/wp-content\/uploads\/2012\/05\/Sahbi-Basly.jpg","width":191,"height":267,"caption":"Sahbi Basly : l\u2019opposition a tort de s\u2019opposer \u00e0 Ennahdha et l\u2019exclusion du RCD sera suivie d\u2019une r\u00e9action de la rue"},{"@type":"BreadcrumbList","@id":"https:\/\/www.webdo.tn\/fr\/actualite\/national-45\/sahbi-basly-l-opposition-a-tort-de-s-opposer-a-ennahdha-et-l-exclusion-du-rcd-sera-suivie-d-une-reaction-de-la-rue\/171960\/#breadcrumb","itemListElement":[{"@type":"ListItem","position":1,"name":"Accueil","item":"https:\/\/www.webdo.tn\/fr\/"},{"@type":"ListItem","position":2,"name":"Sahbi Basly : l\u2019opposition a tort de s\u2019opposer \u00e0 Ennahdha et l\u2019exclusion du RCD sera suivie d\u2019une r\u00e9action de la rue"}]},{"@type":"WebSite","@id":"https:\/\/www.webdo.tn\/fr\/#website","url":"https:\/\/www.webdo.tn\/fr\/","name":"webdo","description":"Tunisie - News en Tunisie et \u00e0 l&#039;international sur Webdo.tn","publisher":{"@id":"https:\/\/www.webdo.tn\/fr\/#organization"},"potentialAction":[{"@type":"SearchAction","target":{"@type":"EntryPoint","urlTemplate":"https:\/\/www.webdo.tn\/fr\/?s={search_term_string}"},"query-input":{"@type":"PropertyValueSpecification","valueRequired":true,"valueName":"search_term_string"}}],"inLanguage":"fr-FR"},{"@type":"Organization","@id":"https:\/\/www.webdo.tn\/fr\/#organization","name":"Webdo","alternateName":"Webdo.tn","url":"https:\/\/www.webdo.tn\/fr\/","logo":{"@type":"ImageObject","inLanguage":"fr-FR","@id":"https:\/\/www.webdo.tn\/fr\/#\/schema\/logo\/image\/","url":"https:\/\/www.webdo.tn\/fr\/wp-content\/uploads\/2025\/06\/Webdo-Tunisie_168377.jpg","contentUrl":"https:\/\/www.webdo.tn\/fr\/wp-content\/uploads\/2025\/06\/Webdo-Tunisie_168377.jpg","width":301,"height":301,"caption":"Webdo"},"image":{"@id":"https:\/\/www.webdo.tn\/fr\/#\/schema\/logo\/image\/"},"sameAs":["https:\/\/www.facebook.com\/webdotn","https:\/\/x.com\/webdo_tn"],"description":"Webdo est un m\u00e9dia num\u00e9rique tunisien fond\u00e9 en 2010, sp\u00e9cialis\u00e9 dans l\u2019actualit\u00e9 nationale et internationale, l\u2019\u00e9conomie, la soci\u00e9t\u00e9 et les analyses politiques. Le site s\u2019adresse \u00e0 un large public francophone et couvre l\u2019information tunisienne en temps r\u00e9el.","email":"redac@webdo.tn","legalName":"YNJ SARL","foundingDate":"2010-09-06","numberOfEmployees":{"@type":"QuantitativeValue","minValue":"11","maxValue":"50"}},{"@type":"Person","@id":"https:\/\/www.webdo.tn\/fr\/#\/schema\/person\/9a9c6118d687c117df8ef3cc36a4d175","name":"webdo.tn","image":{"@type":"ImageObject","inLanguage":"fr-FR","@id":"https:\/\/secure.gravatar.com\/avatar\/7ce1f28c0c3bbac99ff550b85ef8e44a6950c6ee24514fb6a5489e51d06f0298?s=96&d=mm&r=g","url":"https:\/\/secure.gravatar.com\/avatar\/7ce1f28c0c3bbac99ff550b85ef8e44a6950c6ee24514fb6a5489e51d06f0298?s=96&d=mm&r=g","contentUrl":"https:\/\/secure.gravatar.com\/avatar\/7ce1f28c0c3bbac99ff550b85ef8e44a6950c6ee24514fb6a5489e51d06f0298?s=96&d=mm&r=g","caption":"webdo.tn"},"url":"https:\/\/www.webdo.tn\/fr\/actualite\/author\/webdotn\/"}]}},"_links":{"self":[{"href":"https:\/\/www.webdo.tn\/fr\/wp-json\/wp\/v2\/posts\/171960","targetHints":{"allow":["GET"]}}],"collection":[{"href":"https:\/\/www.webdo.tn\/fr\/wp-json\/wp\/v2\/posts"}],"about":[{"href":"https:\/\/www.webdo.tn\/fr\/wp-json\/wp\/v2\/types\/post"}],"author":[{"embeddable":true,"href":"https:\/\/www.webdo.tn\/fr\/wp-json\/wp\/v2\/users\/3222"}],"replies":[{"embeddable":true,"href":"https:\/\/www.webdo.tn\/fr\/wp-json\/wp\/v2\/comments?post=171960"}],"version-history":[{"count":0,"href":"https:\/\/www.webdo.tn\/fr\/wp-json\/wp\/v2\/posts\/171960\/revisions"}],"wp:featuredmedia":[{"embeddable":true,"href":"https:\/\/www.webdo.tn\/fr\/wp-json\/wp\/v2\/media\/333590"}],"wp:attachment":[{"href":"https:\/\/www.webdo.tn\/fr\/wp-json\/wp\/v2\/media?parent=171960"}],"wp:term":[{"taxonomy":"category","embeddable":true,"href":"https:\/\/www.webdo.tn\/fr\/wp-json\/wp\/v2\/categories?post=171960"},{"taxonomy":"post_tag","embeddable":true,"href":"https:\/\/www.webdo.tn\/fr\/wp-json\/wp\/v2\/tags?post=171960"}],"curies":[{"name":"wp","href":"https:\/\/api.w.org\/{rel}","templated":true}]}}